{"id":4705,"date":"2017-04-24T10:03:16","date_gmt":"2017-04-24T08:03:16","guid":{"rendered":"https:\/\/news.save.ch\/?p=4705"},"modified":"2017-04-24T10:03:16","modified_gmt":"2017-04-24T08:03:16","slug":"tcs-reisebarometer-terrorangst-beeinflusst-reiseverhalten","status":null,"type":"post","link":"https:\/\/news.save.ch\/fr\/tcs-reisebarometer-terrorangst-beeinflusst-reiseverhalten\/","title":{"rendered":"Barom\u00e8tre des voyages du TCS : La peur du terrorisme influence le comportement en mati\u00e8re de voyages"},"content":{"rendered":"<figure id=\"attachment_4706\" aria-describedby=\"caption-attachment-4706\" style=\"width: 680px\" class=\"wp-caption aligncenter\"><img loading=\"lazy\" decoding=\"async\" class=\"size-medium wp-image-4706\" src=\"https:\/\/news.save.ch\/wp-content\/uploads\/2017\/04\/TCS-Grafik.jpg\" alt=\"\" width=\"680\" height=\"411\" srcset=\"https:\/\/news.save.ch\/wp-content\/uploads\/2017\/04\/TCS-Grafik.jpg 947w, https:\/\/news.save.ch\/wp-content\/uploads\/2017\/04\/TCS-Grafik-375x227.jpg 375w\" sizes=\"auto, (max-width: 680px) 100vw, 680px\" \/><figcaption id=\"caption-attachment-4706\" class=\"wp-caption-text\"><em>La peur du terrorisme d\u00e9termine la destination. Graphique TCS<\/em><\/figcaption><\/figure>\n<p>&nbsp;<\/p>\n<p>Les principaux r\u00e9sultats de l'\u00e9tude men\u00e9e par gfs.berne peuvent \u00eatre r\u00e9sum\u00e9s comme suit <a href=\"https:\/\/www.tcs.ch\">TCS<\/a>-se r\u00e9sume comme suit :<\/p>\n<p>1. la peur du terrorisme d\u00e9termine la destination<br \/>\n2. la Suisse est redevenue une destination touristique attrayante<br \/>\n3. l'Europe est proche des Suisses<br \/>\n4. le R\u00f6stigraben, \u00e9galement dans le comportement de voyage<br \/>\n5. les trois types de voyageurs suisses : Les explorateurs, les conservateurs et les non-voyageurs<\/p>\n<p>&nbsp;<\/p>\n<p><strong>La peur du terrorisme d\u00e9termine la destination<\/strong><\/p>\n<p>Selon l'\u00e9tude, la peur du terrorisme et le manque de s\u00e9curit\u00e9 marquent le plus fortement le comportement des Suisses en mati\u00e8re de voyages. 60% des personnes interrog\u00e9es indiqueraient que la menace terroriste est un crit\u00e8re tr\u00e8s important dans leurs r\u00e9flexions sur le voyage, suivi par des consid\u00e9rations sur l'hospitalit\u00e9 des habitants (46%).<\/p>\n<p>La s\u00e9curit\u00e9 et l'approvisionnement sur place sont \u00e9galement tr\u00e8s importants (45%) ou plut\u00f4t importants (45%) pour la majorit\u00e9 des personnes interrog\u00e9es. D'autres facteurs de risque, tels que les probl\u00e8mes de maladies et d'agents pathog\u00e8nes (42%) ou la peur des forces de la nature (27%), sont certes \u00e9galement importants pour une majorit\u00e9, mais ils sont rel\u00e9gu\u00e9s en termes de priorit\u00e9 derri\u00e8re des moteurs positifs tels que le caract\u00e8re et l'hospitalit\u00e9 de la population locale (46%).<\/p>\n<p>A la question \"Les voyages \u00e0 l'\u00e9tranger sont-ils devenus beaucoup plus s\u00fbrs, plut\u00f4t plus s\u00fbrs, plut\u00f4t moins s\u00fbrs ou beaucoup moins s\u00fbrs au cours des douze derniers mois ?\", 12% ont r\u00e9pondu \"beaucoup moins s\u00fbrs\" et 47% \"plut\u00f4t moins s\u00fbrs\". 5% ont r\u00e9pondu que les voyages \u00e0 l'\u00e9tranger \u00e9taient devenus \"beaucoup plus s\u00fbrs\" et 30% \"plut\u00f4t plus s\u00fbrs\".<\/p>\n<p><strong>Suisse attractive, cactus pour la Turquie<\/strong><\/p>\n<p>En \u00e9valuant l'attractivit\u00e9 de 14 destinations touristiques typiques sur une \u00e9chelle de 0 (tr\u00e8s mauvais) \u00e0 10 (top), il s'av\u00e8re que trois destinations suisses, le Tessin (7,2), les Grisons (6,9) et le Valais (6,7), se trouvent parmi les quatre les mieux not\u00e9es. Seule l'Italie (7,0) obtient une note aussi bonne. Les destinations les moins bien not\u00e9es sont la Turquie (3,1), les \u00c9mirats arabes (3,4) et l'\u00c9gypte (3,6).<\/p>\n<p><strong>Pays voisins convoit\u00e9s<\/strong><\/p>\n<p>L'\u00e9valuation de l'\u00e9tude conclut que la proximit\u00e9 culturelle est importante pour les Suisses. C'est pourquoi les pays voisins, l'Allemagne, l'Autriche et la France, ainsi que l'Espagne et le Portugal, arrivent en deuxi\u00e8me position des destinations de voyage les plus attrayantes. Aucun pays en dehors de l'Europe n'atteint ce statut. Il est int\u00e9ressant de constater que les destinations proches et connues en Suisse et dans ses environs ne sont gu\u00e8re moins attrayantes pour les plus jeunes que pour les plus de 66 ans. En outre, l'Egypte, les Emirats arabes et la Turquie sont visiblement moins attrayants que toutes les autres destinations pour les jeunes \"plus aventureux\".<\/p>\n<p><strong>Le R\u00f6stigraben concerne aussi le comportement des voyageurs<\/strong><\/p>\n<p>Les Suisses al\u00e9maniques voyagent diff\u00e9remment des Romands et des Tessinois. Les vacances \u00e0 l'\u00e9tranger et au bord de la mer sont jug\u00e9es plus attrayantes en Suisse latine qu'en Suisse al\u00e9manique, indique le TCS. En outre, les Tessinois sont plus attir\u00e9s par les pays exotiques que la moyenne, alors que les Suisses al\u00e9maniques pr\u00e9f\u00e8rent voyager en Suisse et en Europe. L'\u00e9tude montre \u00e9galement que les Romands sont g\u00e9n\u00e9ralement plus enclins \u00e0 voyager et \u00e0 faire des d\u00e9couvertes que les Suisses al\u00e9maniques.<\/p>\n<h3>Les trois types de voyageurs suisses<\/h3>\n<p>Selon le TCS, les Suisses se r\u00e9partissent en trois types de comportement en mati\u00e8re de voyages :<\/p>\n<ul>\n<li>Le groupe le plus important est celui des conservateurs (42%). Ils aiment passer leurs vacances en Suisse ou reviennent r\u00e9guli\u00e8rement dans des lieux de vacances qu'ils connaissent.<\/li>\n<li>Le groupe interm\u00e9diaire est celui des explorateurs (36%). Ils aiment tout ce qui est aventureux et ne trouvent rien de plus attirant qu'un voyage en Australie ou en Nouvelle-Z\u00e9lande.<\/li>\n<li>Le plus petit groupe est celui des non-voyageurs (22%). Leur devise est la suivante : plus on est pr\u00e8s, mieux c'est.<\/li>\n<\/ul>\n<p><em>L'\u00e9tude a \u00e9t\u00e9 r\u00e9alis\u00e9e par l'institut de recherche gfs.bern sur mandat du TCS. Le r\u00e9sum\u00e9 peut \u00eatre consult\u00e9 sous\u00a0<a href=\"https:\/\/www.tcs.ch\/de\/camping-reisen\/reisebarometer\/index.php\">www.tcs.ch\/reisebarometer<\/a>\u00a0peut \u00eatre t\u00e9l\u00e9charg\u00e9.<\/em><\/p>\n<p>&nbsp;<\/p>","protected":false},"excerpt":{"rendered":"<p>&nbsp; Die wesentlichen Resultate der von gfs.bern durchgef\u00fchrte Studie lassen sich gem\u00e4ss TCS-Angaben wie folgt zusammenfassen: 1. Terrorangst bestimmt das Reiseziel 2. Die Schweiz als Reiseland ist wieder attraktiver 3. Europa liegt den Schweizern nahe 4. R\u00f6stigraben auch beim Reiseverhalten 5. Die drei Schweizer Reisetypen: Entdecker, Bewahrer und Nichtreisende &nbsp; Terrorangst bestimmt das Reiseziel Gem\u00e4ss [&hellip;]<\/p>\n","protected":false},"author":8,"featured_media":4706,"comment_status":"open","ping_status":"open","sticky":false,"template":"","format":"standard","meta":{"_acf_changed":false,"pgc_sgb_lightbox_settings":"","footnotes":""},"categories":[1],"tags":[64],"class_list":["post-4705","post","type-post","status-publish","format-standard","has-post-thumbnail","hentry","category-allgemein","tag-studie"],"acf":[],"hkrextid":null,"publication":null,"issue":null,"workflow":null,"startPage":null,"spitzmarke":null,"_posts_by_tag_page_fields":{"widget_title":"","widget_tags":""},"_at_widget":"1","_yoast_wpseo_primary_category":"1","_yoast_wpseo_focuskw_text_input":"TCS","_yoast_wpseo_opengraph-image":null,"_yoast_wpseo_opengraph-description":null,"_yoast_wpseo_opengraph-title":null,"enclosure":null,"_yoast_wpseo_twitter-title":null,"_yoast_wpseo_twitter-description":null,"_yoast_wpseo_twitter-image":null,"_wp_old_slug":null,"_yoast_wpseo_title":null,"_yoast_wpseo_canonical":null,"yoast_head":"<!-- This site is optimized with the Yoast SEO plugin v27.5 - https:\/\/yoast.com\/product\/yoast-seo-wordpress\/ -->\n<title>TCS-Reisebarometer: Terrorangst beeinflusst Reiseverhalten - Save<\/title>\n<meta name=\"description\" content=\"Der TCS hat erstmals einen Reisebarometer realisiert. Die Studie zeigt auf, dass die Angst vor Terror das Reiseverhalten beeinflusst.\" \/>\n<meta name=\"robots\" content=\"index, follow, max-snippet:-1, max-image-preview:large, max-video-preview:-1\" \/>\n<link rel=\"canonical\" href=\"https:\/\/news.save.ch\/fr\/tcs-reisebarometer-terrorangst-beeinflusst-reiseverhalten\/\" \/>\n<meta property=\"og:locale\" content=\"fr_FR\" \/>\n<meta property=\"og:type\" content=\"article\" \/>\n<meta property=\"og:title\" content=\"TCS-Reisebarometer: Terrorangst beeinflusst Reiseverhalten - Save\" \/>\n<meta property=\"og:description\" content=\"Der TCS hat erstmals einen Reisebarometer realisiert. Die Studie zeigt auf, dass die Angst vor Terror das Reiseverhalten beeinflusst.\" \/>\n<meta property=\"og:url\" content=\"https:\/\/news.save.ch\/fr\/tcs-reisebarometer-terrorangst-beeinflusst-reiseverhalten\/\" \/>\n<meta property=\"og:site_name\" content=\"Save\" \/>\n<meta property=\"article:published_time\" content=\"2017-04-24T08:03:16+00:00\" \/>\n<meta property=\"og:image\" content=\"https:\/\/news.save.ch\/wp-content\/uploads\/2017\/04\/TCS-Grafik.jpg\" \/>\n\t<meta property=\"og:image:width\" content=\"947\" \/>\n\t<meta property=\"og:image:height\" content=\"572\" \/>\n\t<meta property=\"og:image:type\" content=\"image\/jpeg\" \/>\n<meta name=\"author\" content=\"Roger Str\u00e4ssle\" \/>\n<meta name=\"twitter:card\" content=\"summary_large_image\" \/>\n<meta name=\"twitter:label1\" content=\"\u00c9crit par\" \/>\n\t<meta name=\"twitter:data1\" content=\"Roger Str\u00e4ssle\" \/>\n\t<meta name=\"twitter:label2\" content=\"Dur\u00e9e de lecture estim\u00e9e\" \/>\n\t<meta name=\"twitter:data2\" content=\"3 minutes\" \/>\n<script type=\"application\/ld+json\" class=\"yoast-schema-graph\">{\"@context\":\"https:\\\/\\\/schema.org\",\"@graph\":[{\"@type\":\"Article\",\"@id\":\"https:\\\/\\\/news.save.ch\\\/tcs-reisebarometer-terrorangst-beeinflusst-reiseverhalten\\\/#article\",\"isPartOf\":{\"@id\":\"https:\\\/\\\/news.save.ch\\\/tcs-reisebarometer-terrorangst-beeinflusst-reiseverhalten\\\/\"},\"author\":{\"name\":\"Roger Str\u00e4ssle\",\"@id\":\"https:\\\/\\\/news.save.ch\\\/de\\\/#\\\/schema\\\/person\\\/d5022db048e0e2b9785c50e5b24da5aa\"},\"headline\":\"TCS-Reisebarometer: Terrorangst beeinflusst Reiseverhalten\",\"datePublished\":\"2017-04-24T08:03:16+00:00\",\"mainEntityOfPage\":{\"@id\":\"https:\\\/\\\/news.save.ch\\\/tcs-reisebarometer-terrorangst-beeinflusst-reiseverhalten\\\/\"},\"wordCount\":553,\"commentCount\":0,\"publisher\":{\"@id\":\"https:\\\/\\\/news.save.ch\\\/de\\\/#organization\"},\"image\":{\"@id\":\"https:\\\/\\\/news.save.ch\\\/tcs-reisebarometer-terrorangst-beeinflusst-reiseverhalten\\\/#primaryimage\"},\"thumbnailUrl\":\"https:\\\/\\\/news.save.ch\\\/wp-content\\\/uploads\\\/2017\\\/04\\\/TCS-Grafik.jpg\",\"keywords\":[\"Studie\"],\"articleSection\":[\"ALLGEMEIN\"],\"inLanguage\":\"fr-FR\"},{\"@type\":\"WebPage\",\"@id\":\"https:\\\/\\\/news.save.ch\\\/tcs-reisebarometer-terrorangst-beeinflusst-reiseverhalten\\\/\",\"url\":\"https:\\\/\\\/news.save.ch\\\/tcs-reisebarometer-terrorangst-beeinflusst-reiseverhalten\\\/\",\"name\":\"TCS-Reisebarometer: Terrorangst beeinflusst Reiseverhalten - Save\",\"isPartOf\":{\"@id\":\"https:\\\/\\\/news.save.ch\\\/de\\\/#website\"},\"primaryImageOfPage\":{\"@id\":\"https:\\\/\\\/news.save.ch\\\/tcs-reisebarometer-terrorangst-beeinflusst-reiseverhalten\\\/#primaryimage\"},\"image\":{\"@id\":\"https:\\\/\\\/news.save.ch\\\/tcs-reisebarometer-terrorangst-beeinflusst-reiseverhalten\\\/#primaryimage\"},\"thumbnailUrl\":\"https:\\\/\\\/news.save.ch\\\/wp-content\\\/uploads\\\/2017\\\/04\\\/TCS-Grafik.jpg\",\"datePublished\":\"2017-04-24T08:03:16+00:00\",\"description\":\"Der TCS hat erstmals einen Reisebarometer realisiert. Die Studie zeigt auf, dass die Angst vor Terror das Reiseverhalten beeinflusst.\",\"breadcrumb\":{\"@id\":\"https:\\\/\\\/news.save.ch\\\/tcs-reisebarometer-terrorangst-beeinflusst-reiseverhalten\\\/#breadcrumb\"},\"inLanguage\":\"fr-FR\",\"potentialAction\":[{\"@type\":\"ReadAction\",\"target\":[\"https:\\\/\\\/news.save.ch\\\/tcs-reisebarometer-terrorangst-beeinflusst-reiseverhalten\\\/\"]}]},{\"@type\":\"ImageObject\",\"inLanguage\":\"fr-FR\",\"@id\":\"https:\\\/\\\/news.save.ch\\\/tcs-reisebarometer-terrorangst-beeinflusst-reiseverhalten\\\/#primaryimage\",\"url\":\"https:\\\/\\\/news.save.ch\\\/wp-content\\\/uploads\\\/2017\\\/04\\\/TCS-Grafik.jpg\",\"contentUrl\":\"https:\\\/\\\/news.save.ch\\\/wp-content\\\/uploads\\\/2017\\\/04\\\/TCS-Grafik.jpg\",\"width\":947,\"height\":572,\"caption\":\"Terrorangst bestimmt das Reiseziel. TCS-Grafik\"},{\"@type\":\"BreadcrumbList\",\"@id\":\"https:\\\/\\\/news.save.ch\\\/tcs-reisebarometer-terrorangst-beeinflusst-reiseverhalten\\\/#breadcrumb\",\"itemListElement\":[{\"@type\":\"ListItem\",\"position\":1,\"name\":\"Home\",\"item\":\"https:\\\/\\\/news.save.ch\\\/de\\\/\"},{\"@type\":\"ListItem\",\"position\":2,\"name\":\"TCS-Reisebarometer: Terrorangst beeinflusst Reiseverhalten\"}]},{\"@type\":\"WebSite\",\"@id\":\"https:\\\/\\\/news.save.ch\\\/de\\\/#website\",\"url\":\"https:\\\/\\\/news.save.ch\\\/de\\\/\",\"name\":\"Save\",\"description\":\"Schweizer Fachzeitschrift f\u00fcr Sicherheit\",\"publisher\":{\"@id\":\"https:\\\/\\\/news.save.ch\\\/de\\\/#organization\"},\"potentialAction\":[{\"@type\":\"SearchAction\",\"target\":{\"@type\":\"EntryPoint\",\"urlTemplate\":\"https:\\\/\\\/news.save.ch\\\/de\\\/?s={search_term_string}\"},\"query-input\":{\"@type\":\"PropertyValueSpecification\",\"valueRequired\":true,\"valueName\":\"search_term_string\"}}],\"inLanguage\":\"fr-FR\"},{\"@type\":\"Organization\",\"@id\":\"https:\\\/\\\/news.save.ch\\\/de\\\/#organization\",\"name\":\"Sicherheitsforum\",\"url\":\"https:\\\/\\\/news.save.ch\\\/de\\\/\",\"logo\":{\"@type\":\"ImageObject\",\"inLanguage\":\"fr-FR\",\"@id\":\"https:\\\/\\\/news.save.ch\\\/de\\\/#\\\/schema\\\/logo\\\/image\\\/\",\"url\":\"https:\\\/\\\/news.save.ch\\\/wp-content\\\/uploads\\\/2022\\\/06\\\/Logo_SF_2012.png\",\"contentUrl\":\"https:\\\/\\\/news.save.ch\\\/wp-content\\\/uploads\\\/2022\\\/06\\\/Logo_SF_2012.png\",\"width\":1100,\"height\":91,\"caption\":\"Sicherheitsforum\"},\"image\":{\"@id\":\"https:\\\/\\\/news.save.ch\\\/de\\\/#\\\/schema\\\/logo\\\/image\\\/\"}},{\"@type\":\"Person\",\"@id\":\"https:\\\/\\\/news.save.ch\\\/de\\\/#\\\/schema\\\/person\\\/d5022db048e0e2b9785c50e5b24da5aa\",\"name\":\"Roger Str\u00e4ssle\",\"image\":{\"@type\":\"ImageObject\",\"inLanguage\":\"fr-FR\",\"@id\":\"https:\\\/\\\/secure.gravatar.com\\\/avatar\\\/862a5569d087de48e5856e32f45d719a03804c891d6deb8d4f71a660e79e4a47?s=96&d=mm&r=g\",\"url\":\"https:\\\/\\\/secure.gravatar.com\\\/avatar\\\/862a5569d087de48e5856e32f45d719a03804c891d6deb8d4f71a660e79e4a47?s=96&d=mm&r=g\",\"contentUrl\":\"https:\\\/\\\/secure.gravatar.com\\\/avatar\\\/862a5569d087de48e5856e32f45d719a03804c891d6deb8d4f71a660e79e4a47?s=96&d=mm&r=g\",\"caption\":\"Roger Str\u00e4ssle\"},\"url\":\"https:\\\/\\\/news.save.ch\\\/fr\\\/author\\\/roger-straessle\\\/\"}]}<\/script>\n<!-- \/ Yoast SEO plugin. -->","yoast_head_json":{"title":"Barom\u00e8tre des voyages du TCS : La peur du terrorisme influence le comportement en mati\u00e8re de voyages - Save","description":"Le TCS a r\u00e9alis\u00e9 pour la premi\u00e8re fois un barom\u00e8tre des voyages. L'\u00e9tude montre que la peur du terrorisme influence le comportement en mati\u00e8re de voyages.","robots":{"index":"index","follow":"follow","max-snippet":"max-snippet:-1","max-image-preview":"max-image-preview:large","max-video-preview":"max-video-preview:-1"},"canonical":"https:\/\/news.save.ch\/fr\/tcs-reisebarometer-terrorangst-beeinflusst-reiseverhalten\/","og_locale":"fr_FR","og_type":"article","og_title":"TCS-Reisebarometer: Terrorangst beeinflusst Reiseverhalten - Save","og_description":"Der TCS hat erstmals einen Reisebarometer realisiert. Die Studie zeigt auf, dass die Angst vor Terror das Reiseverhalten beeinflusst.","og_url":"https:\/\/news.save.ch\/fr\/tcs-reisebarometer-terrorangst-beeinflusst-reiseverhalten\/","og_site_name":"Save","article_published_time":"2017-04-24T08:03:16+00:00","og_image":[{"width":947,"height":572,"url":"https:\/\/news.save.ch\/wp-content\/uploads\/2017\/04\/TCS-Grafik.jpg","type":"image\/jpeg"}],"author":"Roger Str\u00e4ssle","twitter_card":"summary_large_image","twitter_misc":{"\u00c9crit par":"Roger Str\u00e4ssle","Dur\u00e9e de lecture estim\u00e9e":"3 minutes"},"schema":{"@context":"https:\/\/schema.org","@graph":[{"@type":"Article","@id":"https:\/\/news.save.ch\/tcs-reisebarometer-terrorangst-beeinflusst-reiseverhalten\/#article","isPartOf":{"@id":"https:\/\/news.save.ch\/tcs-reisebarometer-terrorangst-beeinflusst-reiseverhalten\/"},"author":{"name":"Roger Str\u00e4ssle","@id":"https:\/\/news.save.ch\/de\/#\/schema\/person\/d5022db048e0e2b9785c50e5b24da5aa"},"headline":"TCS-Reisebarometer: Terrorangst beeinflusst Reiseverhalten","datePublished":"2017-04-24T08:03:16+00:00","mainEntityOfPage":{"@id":"https:\/\/news.save.ch\/tcs-reisebarometer-terrorangst-beeinflusst-reiseverhalten\/"},"wordCount":553,"commentCount":0,"publisher":{"@id":"https:\/\/news.save.ch\/de\/#organization"},"image":{"@id":"https:\/\/news.save.ch\/tcs-reisebarometer-terrorangst-beeinflusst-reiseverhalten\/#primaryimage"},"thumbnailUrl":"https:\/\/news.save.ch\/wp-content\/uploads\/2017\/04\/TCS-Grafik.jpg","keywords":["Studie"],"articleSection":["ALLGEMEIN"],"inLanguage":"fr-FR"},{"@type":"WebPage","@id":"https:\/\/news.save.ch\/tcs-reisebarometer-terrorangst-beeinflusst-reiseverhalten\/","url":"https:\/\/news.save.ch\/tcs-reisebarometer-terrorangst-beeinflusst-reiseverhalten\/","name":"Barom\u00e8tre des voyages du TCS : La peur du terrorisme influence le comportement en mati\u00e8re de voyages - Save","isPartOf":{"@id":"https:\/\/news.save.ch\/de\/#website"},"primaryImageOfPage":{"@id":"https:\/\/news.save.ch\/tcs-reisebarometer-terrorangst-beeinflusst-reiseverhalten\/#primaryimage"},"image":{"@id":"https:\/\/news.save.ch\/tcs-reisebarometer-terrorangst-beeinflusst-reiseverhalten\/#primaryimage"},"thumbnailUrl":"https:\/\/news.save.ch\/wp-content\/uploads\/2017\/04\/TCS-Grafik.jpg","datePublished":"2017-04-24T08:03:16+00:00","description":"Le TCS a r\u00e9alis\u00e9 pour la premi\u00e8re fois un barom\u00e8tre des voyages. L'\u00e9tude montre que la peur du terrorisme influence le comportement en mati\u00e8re de voyages.","breadcrumb":{"@id":"https:\/\/news.save.ch\/tcs-reisebarometer-terrorangst-beeinflusst-reiseverhalten\/#breadcrumb"},"inLanguage":"fr-FR","potentialAction":[{"@type":"ReadAction","target":["https:\/\/news.save.ch\/tcs-reisebarometer-terrorangst-beeinflusst-reiseverhalten\/"]}]},{"@type":"ImageObject","inLanguage":"fr-FR","@id":"https:\/\/news.save.ch\/tcs-reisebarometer-terrorangst-beeinflusst-reiseverhalten\/#primaryimage","url":"https:\/\/news.save.ch\/wp-content\/uploads\/2017\/04\/TCS-Grafik.jpg","contentUrl":"https:\/\/news.save.ch\/wp-content\/uploads\/2017\/04\/TCS-Grafik.jpg","width":947,"height":572,"caption":"Terrorangst bestimmt das Reiseziel. TCS-Grafik"},{"@type":"BreadcrumbList","@id":"https:\/\/news.save.ch\/tcs-reisebarometer-terrorangst-beeinflusst-reiseverhalten\/#breadcrumb","itemListElement":[{"@type":"ListItem","position":1,"name":"Home","item":"https:\/\/news.save.ch\/de\/"},{"@type":"ListItem","position":2,"name":"TCS-Reisebarometer: Terrorangst beeinflusst Reiseverhalten"}]},{"@type":"WebSite","@id":"https:\/\/news.save.ch\/de\/#website","url":"https:\/\/news.save.ch\/de\/","name":"Save","description":"Revue suisse sp\u00e9cialis\u00e9e dans la s\u00e9curit\u00e9","publisher":{"@id":"https:\/\/news.save.ch\/de\/#organization"},"potentialAction":[{"@type":"SearchAction","target":{"@type":"EntryPoint","urlTemplate":"https:\/\/news.save.ch\/de\/?s={search_term_string}"},"query-input":{"@type":"PropertyValueSpecification","valueRequired":true,"valueName":"search_term_string"}}],"inLanguage":"fr-FR"},{"@type":"Organization","@id":"https:\/\/news.save.ch\/de\/#organization","name":"Forum sur la s\u00e9curit\u00e9","url":"https:\/\/news.save.ch\/de\/","logo":{"@type":"ImageObject","inLanguage":"fr-FR","@id":"https:\/\/news.save.ch\/de\/#\/schema\/logo\/image\/","url":"https:\/\/news.save.ch\/wp-content\/uploads\/2022\/06\/Logo_SF_2012.png","contentUrl":"https:\/\/news.save.ch\/wp-content\/uploads\/2022\/06\/Logo_SF_2012.png","width":1100,"height":91,"caption":"Sicherheitsforum"},"image":{"@id":"https:\/\/news.save.ch\/de\/#\/schema\/logo\/image\/"}},{"@type":"Person","@id":"https:\/\/news.save.ch\/de\/#\/schema\/person\/d5022db048e0e2b9785c50e5b24da5aa","name":"Roger Str\u00e4ssle","image":{"@type":"ImageObject","inLanguage":"fr-FR","@id":"https:\/\/secure.gravatar.com\/avatar\/862a5569d087de48e5856e32f45d719a03804c891d6deb8d4f71a660e79e4a47?s=96&d=mm&r=g","url":"https:\/\/secure.gravatar.com\/avatar\/862a5569d087de48e5856e32f45d719a03804c891d6deb8d4f71a660e79e4a47?s=96&d=mm&r=g","contentUrl":"https:\/\/secure.gravatar.com\/avatar\/862a5569d087de48e5856e32f45d719a03804c891d6deb8d4f71a660e79e4a47?s=96&d=mm&r=g","caption":"Roger Str\u00e4ssle"},"url":"https:\/\/news.save.ch\/fr\/author\/roger-straessle\/"}]}},"_links":{"self":[{"href":"https:\/\/news.save.ch\/fr\/wp-json\/wp\/v2\/posts\/4705","targetHints":{"allow":["GET"]}}],"collection":[{"href":"https:\/\/news.save.ch\/fr\/wp-json\/wp\/v2\/posts"}],"about":[{"href":"https:\/\/news.save.ch\/fr\/wp-json\/wp\/v2\/types\/post"}],"author":[{"embeddable":true,"href":"https:\/\/news.save.ch\/fr\/wp-json\/wp\/v2\/users\/8"}],"replies":[{"embeddable":true,"href":"https:\/\/news.save.ch\/fr\/wp-json\/wp\/v2\/comments?post=4705"}],"version-history":[{"count":0,"href":"https:\/\/news.save.ch\/fr\/wp-json\/wp\/v2\/posts\/4705\/revisions"}],"wp:featuredmedia":[{"embeddable":true,"href":"https:\/\/news.save.ch\/fr\/wp-json\/wp\/v2\/media\/4706"}],"wp:attachment":[{"href":"https:\/\/news.save.ch\/fr\/wp-json\/wp\/v2\/media?parent=4705"}],"wp:term":[{"taxonomy":"category","embeddable":true,"href":"https:\/\/news.save.ch\/fr\/wp-json\/wp\/v2\/categories?post=4705"},{"taxonomy":"post_tag","embeddable":true,"href":"https:\/\/news.save.ch\/fr\/wp-json\/wp\/v2\/tags?post=4705"}],"curies":[{"name":"wp","href":"https:\/\/api.w.org\/{rel}","templated":true}]}}