{"id":4719,"date":"2017-04-25T15:49:49","date_gmt":"2017-04-25T13:49:49","guid":{"rendered":"https:\/\/news.save.ch\/?p=4719"},"modified":"2023-03-14T08:58:59","modified_gmt":"2023-03-14T07:58:59","slug":"neuer-naturgefahren-check-fuer-baufachleute","status":null,"type":"post","link":"https:\/\/news.save.ch\/fr\/neuer-naturgefahren-check-fuer-baufachleute\/","title":{"rendered":"Nouveau contr\u00f4le des dangers naturels pour les professionnels de la construction"},"content":{"rendered":"<figure id=\"attachment_4720\" aria-describedby=\"caption-attachment-4720\" style=\"width: 680px\" class=\"wp-caption aligncenter\"><img loading=\"lazy\" decoding=\"async\" class=\"size-medium wp-image-4720\" src=\"https:\/\/news.save.ch\/wp-content\/uploads\/2017\/04\/naturgefahr.jpg\" alt=\"\" width=\"680\" height=\"427\" srcset=\"https:\/\/news.save.ch\/wp-content\/uploads\/2017\/04\/naturgefahr.jpg 741w, https:\/\/news.save.ch\/wp-content\/uploads\/2017\/04\/naturgefahr-375x235.jpg 375w\" sizes=\"auto, (max-width: 680px) 100vw, 680px\" \/><figcaption id=\"caption-attachment-4720\" class=\"wp-caption-text\">graphique : Assurances immobili\u00e8res cantonales<\/figcaption><\/figure>\n<p>&nbsp;<\/p>\n<p>Les dangers naturels tels que la gr\u00eale, les temp\u00eates et les fortes pluies causent r\u00e9guli\u00e8rement en Suisse des dommages qui se chiffrent en millions. Il s'agit d'une part de dommages directs aux b\u00e2timents. Mais souvent, les dommages indirects, qui r\u00e9sultent par exemple d'une interruption de l'exploitation ou de travaux de d\u00e9blaiement, ont aussi des cons\u00e9quences radicales pour les personnes concern\u00e9es, comme l'explique l'Association des \u00e9tablissements cantonaux d'assurance incendie (<a href=\"https:\/\/www.vkf.ch\/VKF\/Services\/Naturgefahrenberatung.aspx\">AEAI<\/a>) dans son communiqu\u00e9.<\/p>\n<p>Il faut s'attendre \u00e0 une augmentation des dommages dus aux dangers naturels : D'une part, les constructions sont de plus en plus denses et situ\u00e9es dans des zones \u00e0 risque ; d'autre part, les b\u00e2timents sont utilis\u00e9s de mani\u00e8re plus intensive - des installations co\u00fbteuses telles que des chauffages ou des serveurs se trouvent dans les sous-sols. D'autre part, il est probable que la fr\u00e9quence et la violence des ph\u00e9nom\u00e8nes naturels augmentent en raison du r\u00e9chauffement climatique.<\/p>\n<p><strong>Les villes aussi expos\u00e9es que les zones rurales<\/strong><\/p>\n<p>Selon l'AEAI, les r\u00e9gions rurales comme le Plateau ne sont pas les seules \u00e0 \u00eatre expos\u00e9es aux inondations, les villes le sont aussi. Dans la ville de Zurich, par exemple, pr\u00e8s de 4000 b\u00e2timents se trouvent dans des zones \u00e0 risque, dans lesquels vivent pr\u00e8s de 80 000 personnes.<\/p>\n<p>Et comme c'est dans les villes que se concentrent les valeurs \u00e9lev\u00e9es, c'est aussi l\u00e0 que les plus gros d\u00e9g\u00e2ts sont caus\u00e9s. En pr\u00e9voyant la protection des b\u00e2timents d\u00e8s le d\u00e9but d'une nouvelle construction ou d'une transformation, on peut g\u00e9n\u00e9ralement la r\u00e9aliser de mani\u00e8re simple et avantageuse, voire sans frais suppl\u00e9mentaires.<\/p>\n<p><strong>Mesures et objectifs de protection recommand\u00e9s<\/strong><\/p>\n<p>Selon l'AEAI, la plate-forme offre <a href=\"https:\/\/www.schutz-vor-naturgefahren.ch\">www.schutz-vor-naturgefahren.ch<\/a> Les ing\u00e9nieurs et les sp\u00e9cialistes, les architectes et les planificateurs sp\u00e9cialis\u00e9s ainsi que les ma\u00eetres d'ouvrage et les propri\u00e9taires disposent d\u00e9sormais chacun de leur propre check-up des dangers naturels, adapt\u00e9 \u00e0 leurs besoins sp\u00e9cifiques. Il distingue d'une part le type de b\u00e2timent, le danger naturel (pluie, gr\u00eale, inondation, etc.) et la situation (contr\u00f4le, nouvelle construction, r\u00e9novation, etc.). D'autre part, le nouvel outil permet d'indiquer en ligne s'il s'agit de prot\u00e9ger l'ensemble du b\u00e2timent ou certaines parties. Mieux encore : la plateforme recommande des mesures concr\u00e8tes et des objectifs de protection.<\/p>\n<p>En outre, un <a href=\"https:\/\/www.youtube.com\/watch?v=oX3tA2Cw0Dk\">Clip vid\u00e9o<\/a> explique en particulier aux propri\u00e9taires int\u00e9ress\u00e9s comment, lors d'une transformation ou d'une nouvelle construction, ils peuvent prot\u00e9ger leurs b\u00e2timents et donc se prot\u00e9ger eux-m\u00eames contre les dommages en prenant quelques mesures concr\u00e8tes. Vous trouverez des informations suppl\u00e9mentaires sur le th\u00e8me des dangers naturels dans le <a href=\"https:\/\/www.schutz-vor-naturgefahren.ch\/bauherr\/promotion.html\">Fiche d'information<\/a> \"Dangers naturels et protection des b\u00e2timents\", plus d'informations sur le projet \"Protection contre les dangers naturels\" dans la description du projet.<\/p>\n<p><strong>Des acteurs importants impliqu\u00e9s<\/strong><\/p>\n<p>La plate-forme a \u00e9t\u00e9 cr\u00e9\u00e9e par les \u00e9tablissements cantonaux d'assurance et est aujourd'hui soutenue par une alliance d'acteurs importants dans le domaine de la protection des b\u00e2timents : les \u00e9tablissements cantonaux d'assurance (ECA), l'Association Suisse d'Assurances (ASA), l'Association suisse des propri\u00e9taires fonciers (APF), la Soci\u00e9t\u00e9 suisse des ing\u00e9nieurs et des architectes (SIA) et l'Union des Banques Cantonales Suisses (UBCS).<\/p>\n<p>&nbsp;<\/p>\n<p>&nbsp;<\/p>\n<p>&nbsp;<\/p>","protected":false},"excerpt":{"rendered":"<p>&nbsp; Naturgefahren wie Hagel, Sturm und starker Regen verursachen in der Schweiz regelm\u00e4ssig Sch\u00e4den in Millionenh\u00f6he. Dabei geht es einerseits um direkte Sch\u00e4den an Geb\u00e4uden. Oft haben aber auch indirekten Sch\u00e4den, die sich zum Beispiel durch einen Betriebsunterbruch oder Aufr\u00e4umarbeiten ergeben, f\u00fcr die Betroffenen einschneidende Konsequenzen, wie die Vereinigung Kantonaler Feuerversicherungen (VKF) in ihrer Mitteilung [&hellip;]<\/p>\n","protected":false},"author":8,"featured_media":4720,"comment_status":"open","ping_status":"open","sticky":false,"template":"","format":"standard","meta":{"_acf_changed":false,"pgc_sgb_lightbox_settings":"","footnotes":""},"categories":[3312],"tags":[107,170,68],"class_list":["post-4719","post","type-post","status-publish","format-standard","has-post-thumbnail","hentry","category-sicherheit","tag-gebaeudeschutz","tag-naturgefahren","tag-tipps-und-tricks"],"acf":[],"hkrextid":null,"publication":null,"issue":null,"workflow":null,"startPage":null,"spitzmarke":null,"_posts_by_tag_page_fields":{"widget_title":"","widget_tags":""},"_at_widget":"1","_yoast_wpseo_primary_category":"5","_yoast_wpseo_focuskw_text_input":"Naturgefahren-Check","_yoast_wpseo_opengraph-image":null,"_yoast_wpseo_opengraph-description":null,"_yoast_wpseo_opengraph-title":null,"enclosure":null,"_yoast_wpseo_twitter-title":null,"_yoast_wpseo_twitter-description":null,"_yoast_wpseo_twitter-image":null,"_wp_old_slug":null,"_yoast_wpseo_title":null,"_yoast_wpseo_canonical":null,"yoast_head":"<!-- This site is optimized with the Yoast SEO plugin v27.4 - https:\/\/yoast.com\/product\/yoast-seo-wordpress\/ -->\n<title>Neuer Naturgefahren-Check f\u00fcr Baufachleute - Save<\/title>\n<meta name=\"description\" content=\"Eine neue Online-Plattform der Kantonalen Geb\u00e4udeversicherungen zeigt auf, wie Geb\u00e4ude gegen Sch\u00e4den durch Naturgefahren gesch\u00fctzt werden k\u00f6nnen.\" \/>\n<meta name=\"robots\" content=\"index, follow, max-snippet:-1, max-image-preview:large, max-video-preview:-1\" \/>\n<link rel=\"canonical\" href=\"https:\/\/news.save.ch\/fr\/neuer-naturgefahren-check-fuer-baufachleute\/\" \/>\n<meta property=\"og:locale\" content=\"fr_FR\" \/>\n<meta property=\"og:type\" content=\"article\" \/>\n<meta property=\"og:title\" content=\"Neuer Naturgefahren-Check f\u00fcr Baufachleute - Save\" \/>\n<meta property=\"og:description\" content=\"Eine neue Online-Plattform der Kantonalen Geb\u00e4udeversicherungen zeigt auf, wie Geb\u00e4ude gegen Sch\u00e4den durch Naturgefahren gesch\u00fctzt werden k\u00f6nnen.\" \/>\n<meta property=\"og:url\" content=\"https:\/\/news.save.ch\/fr\/neuer-naturgefahren-check-fuer-baufachleute\/\" \/>\n<meta property=\"og:site_name\" content=\"Save\" \/>\n<meta property=\"article:published_time\" content=\"2017-04-25T13:49:49+00:00\" \/>\n<meta property=\"article:modified_time\" content=\"2023-03-14T07:58:59+00:00\" \/>\n<meta property=\"og:image\" content=\"https:\/\/news.save.ch\/wp-content\/uploads\/2017\/04\/naturgefahr.jpg\" \/>\n\t<meta property=\"og:image:width\" content=\"741\" \/>\n\t<meta property=\"og:image:height\" content=\"465\" \/>\n\t<meta property=\"og:image:type\" content=\"image\/jpeg\" \/>\n<meta name=\"author\" content=\"Roger Str\u00e4ssle\" \/>\n<meta name=\"twitter:card\" content=\"summary_large_image\" \/>\n<meta name=\"twitter:label1\" content=\"\u00c9crit par\" \/>\n\t<meta name=\"twitter:data1\" content=\"Roger Str\u00e4ssle\" \/>\n\t<meta name=\"twitter:label2\" content=\"Dur\u00e9e de lecture estim\u00e9e\" \/>\n\t<meta name=\"twitter:data2\" content=\"2 minutes\" \/>\n<script type=\"application\/ld+json\" class=\"yoast-schema-graph\">{\"@context\":\"https:\\\/\\\/schema.org\",\"@graph\":[{\"@type\":\"Article\",\"@id\":\"https:\\\/\\\/news.save.ch\\\/neuer-naturgefahren-check-fuer-baufachleute\\\/#article\",\"isPartOf\":{\"@id\":\"https:\\\/\\\/news.save.ch\\\/neuer-naturgefahren-check-fuer-baufachleute\\\/\"},\"author\":{\"name\":\"Roger Str\u00e4ssle\",\"@id\":\"https:\\\/\\\/news.save.ch\\\/de\\\/#\\\/schema\\\/person\\\/d5022db048e0e2b9785c50e5b24da5aa\"},\"headline\":\"Neuer Naturgefahren-Check f\u00fcr Baufachleute\",\"datePublished\":\"2017-04-25T13:49:49+00:00\",\"dateModified\":\"2023-03-14T07:58:59+00:00\",\"mainEntityOfPage\":{\"@id\":\"https:\\\/\\\/news.save.ch\\\/neuer-naturgefahren-check-fuer-baufachleute\\\/\"},\"wordCount\":439,\"commentCount\":0,\"publisher\":{\"@id\":\"https:\\\/\\\/news.save.ch\\\/de\\\/#organization\"},\"image\":{\"@id\":\"https:\\\/\\\/news.save.ch\\\/neuer-naturgefahren-check-fuer-baufachleute\\\/#primaryimage\"},\"thumbnailUrl\":\"https:\\\/\\\/news.save.ch\\\/wp-content\\\/uploads\\\/2017\\\/04\\\/naturgefahr.jpg\",\"keywords\":[\"Geb\u00e4udeschutz\",\"Naturgefahren\",\"Tipps und Tricks\"],\"articleSection\":[\"SICHERHEIT\"],\"inLanguage\":\"fr-FR\"},{\"@type\":\"WebPage\",\"@id\":\"https:\\\/\\\/news.save.ch\\\/neuer-naturgefahren-check-fuer-baufachleute\\\/\",\"url\":\"https:\\\/\\\/news.save.ch\\\/neuer-naturgefahren-check-fuer-baufachleute\\\/\",\"name\":\"Neuer Naturgefahren-Check f\u00fcr Baufachleute - Save\",\"isPartOf\":{\"@id\":\"https:\\\/\\\/news.save.ch\\\/de\\\/#website\"},\"primaryImageOfPage\":{\"@id\":\"https:\\\/\\\/news.save.ch\\\/neuer-naturgefahren-check-fuer-baufachleute\\\/#primaryimage\"},\"image\":{\"@id\":\"https:\\\/\\\/news.save.ch\\\/neuer-naturgefahren-check-fuer-baufachleute\\\/#primaryimage\"},\"thumbnailUrl\":\"https:\\\/\\\/news.save.ch\\\/wp-content\\\/uploads\\\/2017\\\/04\\\/naturgefahr.jpg\",\"datePublished\":\"2017-04-25T13:49:49+00:00\",\"dateModified\":\"2023-03-14T07:58:59+00:00\",\"description\":\"Eine neue Online-Plattform der Kantonalen Geb\u00e4udeversicherungen zeigt auf, wie Geb\u00e4ude gegen Sch\u00e4den durch Naturgefahren gesch\u00fctzt werden k\u00f6nnen.\",\"breadcrumb\":{\"@id\":\"https:\\\/\\\/news.save.ch\\\/neuer-naturgefahren-check-fuer-baufachleute\\\/#breadcrumb\"},\"inLanguage\":\"fr-FR\",\"potentialAction\":[{\"@type\":\"ReadAction\",\"target\":[\"https:\\\/\\\/news.save.ch\\\/neuer-naturgefahren-check-fuer-baufachleute\\\/\"]}]},{\"@type\":\"ImageObject\",\"inLanguage\":\"fr-FR\",\"@id\":\"https:\\\/\\\/news.save.ch\\\/neuer-naturgefahren-check-fuer-baufachleute\\\/#primaryimage\",\"url\":\"https:\\\/\\\/news.save.ch\\\/wp-content\\\/uploads\\\/2017\\\/04\\\/naturgefahr.jpg\",\"contentUrl\":\"https:\\\/\\\/news.save.ch\\\/wp-content\\\/uploads\\\/2017\\\/04\\\/naturgefahr.jpg\",\"width\":741,\"height\":465,\"caption\":\"Grafik: Kantonale Geb\u00e4udeversicherungen\"},{\"@type\":\"BreadcrumbList\",\"@id\":\"https:\\\/\\\/news.save.ch\\\/neuer-naturgefahren-check-fuer-baufachleute\\\/#breadcrumb\",\"itemListElement\":[{\"@type\":\"ListItem\",\"position\":1,\"name\":\"Home\",\"item\":\"https:\\\/\\\/news.save.ch\\\/de\\\/\"},{\"@type\":\"ListItem\",\"position\":2,\"name\":\"Neuer Naturgefahren-Check f\u00fcr Baufachleute\"}]},{\"@type\":\"WebSite\",\"@id\":\"https:\\\/\\\/news.save.ch\\\/de\\\/#website\",\"url\":\"https:\\\/\\\/news.save.ch\\\/de\\\/\",\"name\":\"Save\",\"description\":\"Schweizer Fachzeitschrift f\u00fcr Sicherheit\",\"publisher\":{\"@id\":\"https:\\\/\\\/news.save.ch\\\/de\\\/#organization\"},\"potentialAction\":[{\"@type\":\"SearchAction\",\"target\":{\"@type\":\"EntryPoint\",\"urlTemplate\":\"https:\\\/\\\/news.save.ch\\\/de\\\/?s={search_term_string}\"},\"query-input\":{\"@type\":\"PropertyValueSpecification\",\"valueRequired\":true,\"valueName\":\"search_term_string\"}}],\"inLanguage\":\"fr-FR\"},{\"@type\":\"Organization\",\"@id\":\"https:\\\/\\\/news.save.ch\\\/de\\\/#organization\",\"name\":\"Sicherheitsforum\",\"url\":\"https:\\\/\\\/news.save.ch\\\/de\\\/\",\"logo\":{\"@type\":\"ImageObject\",\"inLanguage\":\"fr-FR\",\"@id\":\"https:\\\/\\\/news.save.ch\\\/de\\\/#\\\/schema\\\/logo\\\/image\\\/\",\"url\":\"https:\\\/\\\/news.save.ch\\\/wp-content\\\/uploads\\\/2022\\\/06\\\/Logo_SF_2012.png\",\"contentUrl\":\"https:\\\/\\\/news.save.ch\\\/wp-content\\\/uploads\\\/2022\\\/06\\\/Logo_SF_2012.png\",\"width\":1100,\"height\":91,\"caption\":\"Sicherheitsforum\"},\"image\":{\"@id\":\"https:\\\/\\\/news.save.ch\\\/de\\\/#\\\/schema\\\/logo\\\/image\\\/\"}},{\"@type\":\"Person\",\"@id\":\"https:\\\/\\\/news.save.ch\\\/de\\\/#\\\/schema\\\/person\\\/d5022db048e0e2b9785c50e5b24da5aa\",\"name\":\"Roger Str\u00e4ssle\",\"image\":{\"@type\":\"ImageObject\",\"inLanguage\":\"fr-FR\",\"@id\":\"https:\\\/\\\/secure.gravatar.com\\\/avatar\\\/862a5569d087de48e5856e32f45d719a03804c891d6deb8d4f71a660e79e4a47?s=96&d=mm&r=g\",\"url\":\"https:\\\/\\\/secure.gravatar.com\\\/avatar\\\/862a5569d087de48e5856e32f45d719a03804c891d6deb8d4f71a660e79e4a47?s=96&d=mm&r=g\",\"contentUrl\":\"https:\\\/\\\/secure.gravatar.com\\\/avatar\\\/862a5569d087de48e5856e32f45d719a03804c891d6deb8d4f71a660e79e4a47?s=96&d=mm&r=g\",\"caption\":\"Roger Str\u00e4ssle\"},\"url\":\"https:\\\/\\\/news.save.ch\\\/fr\\\/author\\\/roger-straessle\\\/\"}]}<\/script>\n<!-- \/ Yoast SEO plugin. -->","yoast_head_json":{"title":"Nouveau contr\u00f4le des dangers naturels pour les professionnels de la construction - Save","description":"Une nouvelle plateforme en ligne des \u00e9tablissements cantonaux d'assurance montre comment les b\u00e2timents peuvent \u00eatre prot\u00e9g\u00e9s contre les dommages caus\u00e9s par les dangers naturels.","robots":{"index":"index","follow":"follow","max-snippet":"max-snippet:-1","max-image-preview":"max-image-preview:large","max-video-preview":"max-video-preview:-1"},"canonical":"https:\/\/news.save.ch\/fr\/neuer-naturgefahren-check-fuer-baufachleute\/","og_locale":"fr_FR","og_type":"article","og_title":"Neuer Naturgefahren-Check f\u00fcr Baufachleute - Save","og_description":"Eine neue Online-Plattform der Kantonalen Geb\u00e4udeversicherungen zeigt auf, wie Geb\u00e4ude gegen Sch\u00e4den durch Naturgefahren gesch\u00fctzt werden k\u00f6nnen.","og_url":"https:\/\/news.save.ch\/fr\/neuer-naturgefahren-check-fuer-baufachleute\/","og_site_name":"Save","article_published_time":"2017-04-25T13:49:49+00:00","article_modified_time":"2023-03-14T07:58:59+00:00","og_image":[{"width":741,"height":465,"url":"https:\/\/news.save.ch\/wp-content\/uploads\/2017\/04\/naturgefahr.jpg","type":"image\/jpeg"}],"author":"Roger Str\u00e4ssle","twitter_card":"summary_large_image","twitter_misc":{"\u00c9crit par":"Roger Str\u00e4ssle","Dur\u00e9e de lecture estim\u00e9e":"2 minutes"},"schema":{"@context":"https:\/\/schema.org","@graph":[{"@type":"Article","@id":"https:\/\/news.save.ch\/neuer-naturgefahren-check-fuer-baufachleute\/#article","isPartOf":{"@id":"https:\/\/news.save.ch\/neuer-naturgefahren-check-fuer-baufachleute\/"},"author":{"name":"Roger Str\u00e4ssle","@id":"https:\/\/news.save.ch\/de\/#\/schema\/person\/d5022db048e0e2b9785c50e5b24da5aa"},"headline":"Neuer Naturgefahren-Check f\u00fcr Baufachleute","datePublished":"2017-04-25T13:49:49+00:00","dateModified":"2023-03-14T07:58:59+00:00","mainEntityOfPage":{"@id":"https:\/\/news.save.ch\/neuer-naturgefahren-check-fuer-baufachleute\/"},"wordCount":439,"commentCount":0,"publisher":{"@id":"https:\/\/news.save.ch\/de\/#organization"},"image":{"@id":"https:\/\/news.save.ch\/neuer-naturgefahren-check-fuer-baufachleute\/#primaryimage"},"thumbnailUrl":"https:\/\/news.save.ch\/wp-content\/uploads\/2017\/04\/naturgefahr.jpg","keywords":["Geb\u00e4udeschutz","Naturgefahren","Tipps und Tricks"],"articleSection":["SICHERHEIT"],"inLanguage":"fr-FR"},{"@type":"WebPage","@id":"https:\/\/news.save.ch\/neuer-naturgefahren-check-fuer-baufachleute\/","url":"https:\/\/news.save.ch\/neuer-naturgefahren-check-fuer-baufachleute\/","name":"Nouveau contr\u00f4le des dangers naturels pour les professionnels de la construction - Save","isPartOf":{"@id":"https:\/\/news.save.ch\/de\/#website"},"primaryImageOfPage":{"@id":"https:\/\/news.save.ch\/neuer-naturgefahren-check-fuer-baufachleute\/#primaryimage"},"image":{"@id":"https:\/\/news.save.ch\/neuer-naturgefahren-check-fuer-baufachleute\/#primaryimage"},"thumbnailUrl":"https:\/\/news.save.ch\/wp-content\/uploads\/2017\/04\/naturgefahr.jpg","datePublished":"2017-04-25T13:49:49+00:00","dateModified":"2023-03-14T07:58:59+00:00","description":"Une nouvelle plateforme en ligne des \u00e9tablissements cantonaux d'assurance montre comment les b\u00e2timents peuvent \u00eatre prot\u00e9g\u00e9s contre les dommages caus\u00e9s par les dangers naturels.","breadcrumb":{"@id":"https:\/\/news.save.ch\/neuer-naturgefahren-check-fuer-baufachleute\/#breadcrumb"},"inLanguage":"fr-FR","potentialAction":[{"@type":"ReadAction","target":["https:\/\/news.save.ch\/neuer-naturgefahren-check-fuer-baufachleute\/"]}]},{"@type":"ImageObject","inLanguage":"fr-FR","@id":"https:\/\/news.save.ch\/neuer-naturgefahren-check-fuer-baufachleute\/#primaryimage","url":"https:\/\/news.save.ch\/wp-content\/uploads\/2017\/04\/naturgefahr.jpg","contentUrl":"https:\/\/news.save.ch\/wp-content\/uploads\/2017\/04\/naturgefahr.jpg","width":741,"height":465,"caption":"Grafik: Kantonale Geb\u00e4udeversicherungen"},{"@type":"BreadcrumbList","@id":"https:\/\/news.save.ch\/neuer-naturgefahren-check-fuer-baufachleute\/#breadcrumb","itemListElement":[{"@type":"ListItem","position":1,"name":"Home","item":"https:\/\/news.save.ch\/de\/"},{"@type":"ListItem","position":2,"name":"Neuer Naturgefahren-Check f\u00fcr Baufachleute"}]},{"@type":"WebSite","@id":"https:\/\/news.save.ch\/de\/#website","url":"https:\/\/news.save.ch\/de\/","name":"Save","description":"Revue suisse sp\u00e9cialis\u00e9e dans la s\u00e9curit\u00e9","publisher":{"@id":"https:\/\/news.save.ch\/de\/#organization"},"potentialAction":[{"@type":"SearchAction","target":{"@type":"EntryPoint","urlTemplate":"https:\/\/news.save.ch\/de\/?s={search_term_string}"},"query-input":{"@type":"PropertyValueSpecification","valueRequired":true,"valueName":"search_term_string"}}],"inLanguage":"fr-FR"},{"@type":"Organization","@id":"https:\/\/news.save.ch\/de\/#organization","name":"Forum sur la s\u00e9curit\u00e9","url":"https:\/\/news.save.ch\/de\/","logo":{"@type":"ImageObject","inLanguage":"fr-FR","@id":"https:\/\/news.save.ch\/de\/#\/schema\/logo\/image\/","url":"https:\/\/news.save.ch\/wp-content\/uploads\/2022\/06\/Logo_SF_2012.png","contentUrl":"https:\/\/news.save.ch\/wp-content\/uploads\/2022\/06\/Logo_SF_2012.png","width":1100,"height":91,"caption":"Sicherheitsforum"},"image":{"@id":"https:\/\/news.save.ch\/de\/#\/schema\/logo\/image\/"}},{"@type":"Person","@id":"https:\/\/news.save.ch\/de\/#\/schema\/person\/d5022db048e0e2b9785c50e5b24da5aa","name":"Roger Str\u00e4ssle","image":{"@type":"ImageObject","inLanguage":"fr-FR","@id":"https:\/\/secure.gravatar.com\/avatar\/862a5569d087de48e5856e32f45d719a03804c891d6deb8d4f71a660e79e4a47?s=96&d=mm&r=g","url":"https:\/\/secure.gravatar.com\/avatar\/862a5569d087de48e5856e32f45d719a03804c891d6deb8d4f71a660e79e4a47?s=96&d=mm&r=g","contentUrl":"https:\/\/secure.gravatar.com\/avatar\/862a5569d087de48e5856e32f45d719a03804c891d6deb8d4f71a660e79e4a47?s=96&d=mm&r=g","caption":"Roger Str\u00e4ssle"},"url":"https:\/\/news.save.ch\/fr\/author\/roger-straessle\/"}]}},"_links":{"self":[{"href":"https:\/\/news.save.ch\/fr\/wp-json\/wp\/v2\/posts\/4719","targetHints":{"allow":["GET"]}}],"collection":[{"href":"https:\/\/news.save.ch\/fr\/wp-json\/wp\/v2\/posts"}],"about":[{"href":"https:\/\/news.save.ch\/fr\/wp-json\/wp\/v2\/types\/post"}],"author":[{"embeddable":true,"href":"https:\/\/news.save.ch\/fr\/wp-json\/wp\/v2\/users\/8"}],"replies":[{"embeddable":true,"href":"https:\/\/news.save.ch\/fr\/wp-json\/wp\/v2\/comments?post=4719"}],"version-history":[{"count":1,"href":"https:\/\/news.save.ch\/fr\/wp-json\/wp\/v2\/posts\/4719\/revisions"}],"predecessor-version":[{"id":17875,"href":"https:\/\/news.save.ch\/fr\/wp-json\/wp\/v2\/posts\/4719\/revisions\/17875"}],"wp:featuredmedia":[{"embeddable":true,"href":"https:\/\/news.save.ch\/fr\/wp-json\/wp\/v2\/media\/4720"}],"wp:attachment":[{"href":"https:\/\/news.save.ch\/fr\/wp-json\/wp\/v2\/media?parent=4719"}],"wp:term":[{"taxonomy":"category","embeddable":true,"href":"https:\/\/news.save.ch\/fr\/wp-json\/wp\/v2\/categories?post=4719"},{"taxonomy":"post_tag","embeddable":true,"href":"https:\/\/news.save.ch\/fr\/wp-json\/wp\/v2\/tags?post=4719"}],"curies":[{"name":"wp","href":"https:\/\/api.w.org\/{rel}","templated":true}]}}