{"id":4726,"date":"2017-04-26T12:58:13","date_gmt":"2017-04-26T10:58:13","guid":{"rendered":"https:\/\/news.save.ch\/?p=4726"},"modified":"2023-03-14T08:57:04","modified_gmt":"2023-03-14T07:57:04","slug":"cyber-risiken-bundesrat-gleist-nachfolgestrategie-auf","status":null,"type":"post","link":"https:\/\/news.save.ch\/fr\/cyber-risiken-bundesrat-gleist-nachfolgestrategie-auf\/","title":{"rendered":"Les cyber-risques : Le Conseil f\u00e9d\u00e9ral met en place une strat\u00e9gie de suivi"},"content":{"rendered":"<figure id=\"attachment_4727\" aria-describedby=\"caption-attachment-4727\" style=\"width: 680px\" class=\"wp-caption aligncenter\"><img loading=\"lazy\" decoding=\"async\" class=\"size-medium wp-image-4727\" src=\"https:\/\/news.save.ch\/wp-content\/uploads\/2017\/04\/Depositphotos-1.jpg\" alt=\"\" width=\"680\" height=\"454\" srcset=\"https:\/\/news.save.ch\/wp-content\/uploads\/2017\/04\/Depositphotos-1.jpg 1000w, https:\/\/news.save.ch\/wp-content\/uploads\/2017\/04\/Depositphotos-1-375x250.jpg 375w\" sizes=\"auto, (max-width: 680px) 100vw, 680px\" \/><figcaption id=\"caption-attachment-4727\" class=\"wp-caption-text\">\u00a9 depositphotos<\/figcaption><\/figure>\n<p>La protection contre les cyber-risques est tr\u00e8s importante, comme le montre clairement le nombre croissant d'incidents en Suisse et \u00e0 l'\u00e9tranger. Outre la cybercriminalit\u00e9 traditionnelle, les attaques sont de plus en plus dirig\u00e9es contre les \u00c9tats et les infrastructures critiques. Cet \u00e9tat de fait et le fait que les cyberattaques sont en outre utilis\u00e9es \u00e0 des fins politiques signifient que la menace des cyberrisques pour la Suisse continuera elle aussi \u00e0 augmenter \u00e0 l'avenir.<\/p>\n<h2>La menace persiste<\/h2>\n<p>Pour faire face \u00e0 cette menace, le Conseil f\u00e9d\u00e9ral a adopt\u00e9 en 2012 la premi\u00e8re Strat\u00e9gie nationale pour la protection de la Suisse contre les cyberrisques (SNPC) pour les ann\u00e9es 2012-2017. Comme pr\u00e9vu, la mise en \u0153uvre de cette strat\u00e9gie s'ach\u00e8ve cette ann\u00e9e. La strat\u00e9gie adopt\u00e9e aujourd'hui par le Conseil f\u00e9d\u00e9ral <a href=\"https:\/\/www.newsd.admin.ch\/newsd\/message\/attachments\/48041.pdf\">Rapport annuel 2016<\/a> sur l'\u00e9tat d'avancement de la mise en \u0153uvre des NCS montre que 15 des 16 mesures ont d'ores et d\u00e9j\u00e0 \u00e9t\u00e9 men\u00e9es \u00e0 bien.<\/p>\n<p>Comme base de d\u00e9cision pour savoir si et comment le NCS sera poursuivi \u00e0 l'avenir, le Conseil f\u00e9d\u00e9ral a \u00e9tabli une <a href=\"https:\/\/www.newsd.admin.ch\/newsd\/message\/attachments\/48045.pdf\">\u00c9valuation de l'efficacit\u00e9<\/a> de la mise en \u0153uvre jusqu'\u00e0 pr\u00e9sent et en a pris connaissance aujourd'hui. Les r\u00e9sultats montrent que l'orientation strat\u00e9gique de la NCS a \u00e9t\u00e9 bien choisie et que la mise en \u0153uvre d\u00e9centralis\u00e9e mais \u00e9troitement coordonn\u00e9e de la NCS fonctionne bien dans l'ensemble. Dans tous les domaines, il a \u00e9t\u00e9 possible d'\u00e9tablir des processus et des structures qui fonctionnent et de d\u00e9velopper les connaissances sp\u00e9cialis\u00e9es n\u00e9cessaires, de sorte que la Suisse est aujourd'hui mieux pr\u00e9par\u00e9e aux cyberrisques qu'en 2012. En m\u00eame temps, il appara\u00eet clairement que la NCS n'a fait que poser les bases et que la protection contre les cyberrisques doit encore \u00eatre d\u00e9velopp\u00e9e. Le renforcement de la d\u00e9fense par les mesures NCS est contrebalanc\u00e9 par l'intensification de la menace et l'augmentation de la mise en r\u00e9seau.<\/p>\n<h2>Strat\u00e9gie de suivi 2018-2023<\/h2>\n<p>Sur la base de cette \u00e9valuation des travaux r\u00e9alis\u00e9s jusqu'\u00e0 pr\u00e9sent et de l'analyse de la situation actuelle en mati\u00e8re de menaces, le Conseil f\u00e9d\u00e9ral a charg\u00e9 l'Unit\u00e9 de pilotage informatique de la Conf\u00e9d\u00e9ration (UPIC) d'\u00e9laborer, en collaboration avec les services concern\u00e9s, une strat\u00e9gie de suivi pour les ann\u00e9es 2018 \u00e0 2023 et de la pr\u00e9senter au Conseil f\u00e9d\u00e9ral d'ici la fin de l'ann\u00e9e. Elle devra utiliser les structures et les processus mis en place pour renforcer durablement la protection contre les cyberrisques. Le Conseil f\u00e9d\u00e9ral a d\u00e9cid\u00e9 de prolonger pour une dur\u00e9e ind\u00e9termin\u00e9e le financement des 30 postes actuels de la NCS pour la poursuite et le d\u00e9veloppement de la protection contre les cyberrisques dans les diff\u00e9rents d\u00e9partements.<\/p>\n<p><em>Communiqu\u00e9 de presse du Conseil f\u00e9d\u00e9ral<\/em><\/p>\n<p>&nbsp;<\/p>","protected":false},"excerpt":{"rendered":"<p>Der Schutz vor Cyber-Risiken ist sehr wichtig, wie die steigende Zahl an Vorf\u00e4llen im In- und Ausland deutlich aufzeigt. Neben der herk\u00f6mmlichen Cyber-Kriminalit\u00e4t richten sich die Angriffe vermehrt gegen Staaten und kritische Infrastrukturen. Dieser Umstand und die Tatsache, dass Cyber-Angriffe zudem auch zu politischen Zwecken eingesetzt werden, bedeuten, dass auch die Bedrohung der Schweiz durch [&hellip;]<\/p>\n","protected":false},"author":8,"featured_media":4727,"comment_status":"open","ping_status":"open","sticky":false,"template":"","format":"standard","meta":{"_acf_changed":false,"pgc_sgb_lightbox_settings":"","footnotes":""},"categories":[3313],"tags":[96,62],"class_list":["post-4726","post","type-post","status-publish","format-standard","has-post-thumbnail","hentry","category-digitalisierung","tag-cyber-crime","tag-ict-sicherheit"],"acf":[],"hkrextid":null,"publication":null,"issue":null,"workflow":null,"startPage":null,"spitzmarke":null,"_posts_by_tag_page_fields":{"widget_title":"","widget_tags":""},"_at_widget":"1","_yoast_wpseo_primary_category":"2","_yoast_wpseo_focuskw_text_input":"Cyber-Risiken","_yoast_wpseo_opengraph-image":null,"_yoast_wpseo_opengraph-description":null,"_yoast_wpseo_opengraph-title":null,"enclosure":null,"_yoast_wpseo_twitter-title":null,"_yoast_wpseo_twitter-description":null,"_yoast_wpseo_twitter-image":null,"_wp_old_slug":null,"_yoast_wpseo_title":null,"_yoast_wpseo_canonical":null,"yoast_head":"<!-- This site is optimized with the Yoast SEO plugin v27.5 - https:\/\/yoast.com\/product\/yoast-seo-wordpress\/ -->\n<title>Cyber-Risiken: Bundesrat gleist Nachfolgestrategie auf - Save<\/title>\n<meta name=\"description\" content=\"Der Bundesrat hat angesichts der weiterhin zunehmenden Cyber-Bedrohung entschieden, die Ausarbeitung einer Nachfolgestrategie in Auftrag zu geben.\" \/>\n<meta name=\"robots\" content=\"index, follow, max-snippet:-1, max-image-preview:large, max-video-preview:-1\" \/>\n<link rel=\"canonical\" href=\"https:\/\/news.save.ch\/fr\/cyber-risiken-bundesrat-gleist-nachfolgestrategie-auf\/\" \/>\n<meta property=\"og:locale\" content=\"fr_FR\" \/>\n<meta property=\"og:type\" content=\"article\" \/>\n<meta property=\"og:title\" content=\"Cyber-Risiken: Bundesrat gleist Nachfolgestrategie auf - Save\" \/>\n<meta property=\"og:description\" content=\"Der Bundesrat hat angesichts der weiterhin zunehmenden Cyber-Bedrohung entschieden, die Ausarbeitung einer Nachfolgestrategie in Auftrag zu geben.\" \/>\n<meta property=\"og:url\" content=\"https:\/\/news.save.ch\/fr\/cyber-risiken-bundesrat-gleist-nachfolgestrategie-auf\/\" \/>\n<meta property=\"og:site_name\" content=\"Save\" \/>\n<meta property=\"article:published_time\" content=\"2017-04-26T10:58:13+00:00\" \/>\n<meta property=\"article:modified_time\" content=\"2023-03-14T07:57:04+00:00\" \/>\n<meta property=\"og:image\" content=\"https:\/\/news.save.ch\/wp-content\/uploads\/2017\/04\/Depositphotos-1.jpg\" \/>\n\t<meta property=\"og:image:width\" content=\"1000\" \/>\n\t<meta property=\"og:image:height\" content=\"667\" \/>\n\t<meta property=\"og:image:type\" content=\"image\/jpeg\" \/>\n<meta name=\"author\" content=\"Roger Str\u00e4ssle\" \/>\n<meta name=\"twitter:card\" content=\"summary_large_image\" \/>\n<meta name=\"twitter:label1\" content=\"\u00c9crit par\" \/>\n\t<meta name=\"twitter:data1\" content=\"Roger Str\u00e4ssle\" \/>\n\t<meta name=\"twitter:label2\" content=\"Dur\u00e9e de lecture estim\u00e9e\" \/>\n\t<meta name=\"twitter:data2\" content=\"2 minutes\" \/>\n<script type=\"application\/ld+json\" class=\"yoast-schema-graph\">{\"@context\":\"https:\\\/\\\/schema.org\",\"@graph\":[{\"@type\":\"Article\",\"@id\":\"https:\\\/\\\/news.save.ch\\\/cyber-risiken-bundesrat-gleist-nachfolgestrategie-auf\\\/#article\",\"isPartOf\":{\"@id\":\"https:\\\/\\\/news.save.ch\\\/cyber-risiken-bundesrat-gleist-nachfolgestrategie-auf\\\/\"},\"author\":{\"name\":\"Roger Str\u00e4ssle\",\"@id\":\"https:\\\/\\\/news.save.ch\\\/de\\\/#\\\/schema\\\/person\\\/d5022db048e0e2b9785c50e5b24da5aa\"},\"headline\":\"Cyber-Risiken: Bundesrat gleist Nachfolgestrategie auf\",\"datePublished\":\"2017-04-26T10:58:13+00:00\",\"dateModified\":\"2023-03-14T07:57:04+00:00\",\"mainEntityOfPage\":{\"@id\":\"https:\\\/\\\/news.save.ch\\\/cyber-risiken-bundesrat-gleist-nachfolgestrategie-auf\\\/\"},\"wordCount\":357,\"commentCount\":0,\"publisher\":{\"@id\":\"https:\\\/\\\/news.save.ch\\\/de\\\/#organization\"},\"image\":{\"@id\":\"https:\\\/\\\/news.save.ch\\\/cyber-risiken-bundesrat-gleist-nachfolgestrategie-auf\\\/#primaryimage\"},\"thumbnailUrl\":\"https:\\\/\\\/news.save.ch\\\/wp-content\\\/uploads\\\/2017\\\/04\\\/Depositphotos-1.jpg\",\"keywords\":[\"Cyber-Crime\",\"ICT-Sicherheit\"],\"articleSection\":[\"DIGITALISIERUNG\"],\"inLanguage\":\"fr-FR\"},{\"@type\":\"WebPage\",\"@id\":\"https:\\\/\\\/news.save.ch\\\/cyber-risiken-bundesrat-gleist-nachfolgestrategie-auf\\\/\",\"url\":\"https:\\\/\\\/news.save.ch\\\/cyber-risiken-bundesrat-gleist-nachfolgestrategie-auf\\\/\",\"name\":\"Cyber-Risiken: Bundesrat gleist Nachfolgestrategie auf - Save\",\"isPartOf\":{\"@id\":\"https:\\\/\\\/news.save.ch\\\/de\\\/#website\"},\"primaryImageOfPage\":{\"@id\":\"https:\\\/\\\/news.save.ch\\\/cyber-risiken-bundesrat-gleist-nachfolgestrategie-auf\\\/#primaryimage\"},\"image\":{\"@id\":\"https:\\\/\\\/news.save.ch\\\/cyber-risiken-bundesrat-gleist-nachfolgestrategie-auf\\\/#primaryimage\"},\"thumbnailUrl\":\"https:\\\/\\\/news.save.ch\\\/wp-content\\\/uploads\\\/2017\\\/04\\\/Depositphotos-1.jpg\",\"datePublished\":\"2017-04-26T10:58:13+00:00\",\"dateModified\":\"2023-03-14T07:57:04+00:00\",\"description\":\"Der Bundesrat hat angesichts der weiterhin zunehmenden Cyber-Bedrohung entschieden, die Ausarbeitung einer Nachfolgestrategie in Auftrag zu geben.\",\"breadcrumb\":{\"@id\":\"https:\\\/\\\/news.save.ch\\\/cyber-risiken-bundesrat-gleist-nachfolgestrategie-auf\\\/#breadcrumb\"},\"inLanguage\":\"fr-FR\",\"potentialAction\":[{\"@type\":\"ReadAction\",\"target\":[\"https:\\\/\\\/news.save.ch\\\/cyber-risiken-bundesrat-gleist-nachfolgestrategie-auf\\\/\"]}]},{\"@type\":\"ImageObject\",\"inLanguage\":\"fr-FR\",\"@id\":\"https:\\\/\\\/news.save.ch\\\/cyber-risiken-bundesrat-gleist-nachfolgestrategie-auf\\\/#primaryimage\",\"url\":\"https:\\\/\\\/news.save.ch\\\/wp-content\\\/uploads\\\/2017\\\/04\\\/Depositphotos-1.jpg\",\"contentUrl\":\"https:\\\/\\\/news.save.ch\\\/wp-content\\\/uploads\\\/2017\\\/04\\\/Depositphotos-1.jpg\",\"width\":1000,\"height\":667,\"caption\":\"\u00a9 depositphotos\"},{\"@type\":\"BreadcrumbList\",\"@id\":\"https:\\\/\\\/news.save.ch\\\/cyber-risiken-bundesrat-gleist-nachfolgestrategie-auf\\\/#breadcrumb\",\"itemListElement\":[{\"@type\":\"ListItem\",\"position\":1,\"name\":\"Home\",\"item\":\"https:\\\/\\\/news.save.ch\\\/de\\\/\"},{\"@type\":\"ListItem\",\"position\":2,\"name\":\"Cyber-Risiken: Bundesrat gleist Nachfolgestrategie auf\"}]},{\"@type\":\"WebSite\",\"@id\":\"https:\\\/\\\/news.save.ch\\\/de\\\/#website\",\"url\":\"https:\\\/\\\/news.save.ch\\\/de\\\/\",\"name\":\"Save\",\"description\":\"Schweizer Fachzeitschrift f\u00fcr Sicherheit\",\"publisher\":{\"@id\":\"https:\\\/\\\/news.save.ch\\\/de\\\/#organization\"},\"potentialAction\":[{\"@type\":\"SearchAction\",\"target\":{\"@type\":\"EntryPoint\",\"urlTemplate\":\"https:\\\/\\\/news.save.ch\\\/de\\\/?s={search_term_string}\"},\"query-input\":{\"@type\":\"PropertyValueSpecification\",\"valueRequired\":true,\"valueName\":\"search_term_string\"}}],\"inLanguage\":\"fr-FR\"},{\"@type\":\"Organization\",\"@id\":\"https:\\\/\\\/news.save.ch\\\/de\\\/#organization\",\"name\":\"Sicherheitsforum\",\"url\":\"https:\\\/\\\/news.save.ch\\\/de\\\/\",\"logo\":{\"@type\":\"ImageObject\",\"inLanguage\":\"fr-FR\",\"@id\":\"https:\\\/\\\/news.save.ch\\\/de\\\/#\\\/schema\\\/logo\\\/image\\\/\",\"url\":\"https:\\\/\\\/news.save.ch\\\/wp-content\\\/uploads\\\/2022\\\/06\\\/Logo_SF_2012.png\",\"contentUrl\":\"https:\\\/\\\/news.save.ch\\\/wp-content\\\/uploads\\\/2022\\\/06\\\/Logo_SF_2012.png\",\"width\":1100,\"height\":91,\"caption\":\"Sicherheitsforum\"},\"image\":{\"@id\":\"https:\\\/\\\/news.save.ch\\\/de\\\/#\\\/schema\\\/logo\\\/image\\\/\"}},{\"@type\":\"Person\",\"@id\":\"https:\\\/\\\/news.save.ch\\\/de\\\/#\\\/schema\\\/person\\\/d5022db048e0e2b9785c50e5b24da5aa\",\"name\":\"Roger Str\u00e4ssle\",\"image\":{\"@type\":\"ImageObject\",\"inLanguage\":\"fr-FR\",\"@id\":\"https:\\\/\\\/secure.gravatar.com\\\/avatar\\\/862a5569d087de48e5856e32f45d719a03804c891d6deb8d4f71a660e79e4a47?s=96&d=mm&r=g\",\"url\":\"https:\\\/\\\/secure.gravatar.com\\\/avatar\\\/862a5569d087de48e5856e32f45d719a03804c891d6deb8d4f71a660e79e4a47?s=96&d=mm&r=g\",\"contentUrl\":\"https:\\\/\\\/secure.gravatar.com\\\/avatar\\\/862a5569d087de48e5856e32f45d719a03804c891d6deb8d4f71a660e79e4a47?s=96&d=mm&r=g\",\"caption\":\"Roger Str\u00e4ssle\"},\"url\":\"https:\\\/\\\/news.save.ch\\\/fr\\\/author\\\/roger-straessle\\\/\"}]}<\/script>\n<!-- \/ Yoast SEO plugin. -->","yoast_head_json":{"title":"Les cyber-risques : Le Conseil f\u00e9d\u00e9ral met en place une strat\u00e9gie de suivi - Save","description":"Face \u00e0 la menace cybern\u00e9tique toujours croissante, le Conseil f\u00e9d\u00e9ral a d\u00e9cid\u00e9 de commander l'\u00e9laboration d'une strat\u00e9gie de suivi.","robots":{"index":"index","follow":"follow","max-snippet":"max-snippet:-1","max-image-preview":"max-image-preview:large","max-video-preview":"max-video-preview:-1"},"canonical":"https:\/\/news.save.ch\/fr\/cyber-risiken-bundesrat-gleist-nachfolgestrategie-auf\/","og_locale":"fr_FR","og_type":"article","og_title":"Cyber-Risiken: Bundesrat gleist Nachfolgestrategie auf - Save","og_description":"Der Bundesrat hat angesichts der weiterhin zunehmenden Cyber-Bedrohung entschieden, die Ausarbeitung einer Nachfolgestrategie in Auftrag zu geben.","og_url":"https:\/\/news.save.ch\/fr\/cyber-risiken-bundesrat-gleist-nachfolgestrategie-auf\/","og_site_name":"Save","article_published_time":"2017-04-26T10:58:13+00:00","article_modified_time":"2023-03-14T07:57:04+00:00","og_image":[{"width":1000,"height":667,"url":"https:\/\/news.save.ch\/wp-content\/uploads\/2017\/04\/Depositphotos-1.jpg","type":"image\/jpeg"}],"author":"Roger Str\u00e4ssle","twitter_card":"summary_large_image","twitter_misc":{"\u00c9crit par":"Roger Str\u00e4ssle","Dur\u00e9e de lecture estim\u00e9e":"2 minutes"},"schema":{"@context":"https:\/\/schema.org","@graph":[{"@type":"Article","@id":"https:\/\/news.save.ch\/cyber-risiken-bundesrat-gleist-nachfolgestrategie-auf\/#article","isPartOf":{"@id":"https:\/\/news.save.ch\/cyber-risiken-bundesrat-gleist-nachfolgestrategie-auf\/"},"author":{"name":"Roger Str\u00e4ssle","@id":"https:\/\/news.save.ch\/de\/#\/schema\/person\/d5022db048e0e2b9785c50e5b24da5aa"},"headline":"Cyber-Risiken: Bundesrat gleist Nachfolgestrategie auf","datePublished":"2017-04-26T10:58:13+00:00","dateModified":"2023-03-14T07:57:04+00:00","mainEntityOfPage":{"@id":"https:\/\/news.save.ch\/cyber-risiken-bundesrat-gleist-nachfolgestrategie-auf\/"},"wordCount":357,"commentCount":0,"publisher":{"@id":"https:\/\/news.save.ch\/de\/#organization"},"image":{"@id":"https:\/\/news.save.ch\/cyber-risiken-bundesrat-gleist-nachfolgestrategie-auf\/#primaryimage"},"thumbnailUrl":"https:\/\/news.save.ch\/wp-content\/uploads\/2017\/04\/Depositphotos-1.jpg","keywords":["Cyber-Crime","ICT-Sicherheit"],"articleSection":["DIGITALISIERUNG"],"inLanguage":"fr-FR"},{"@type":"WebPage","@id":"https:\/\/news.save.ch\/cyber-risiken-bundesrat-gleist-nachfolgestrategie-auf\/","url":"https:\/\/news.save.ch\/cyber-risiken-bundesrat-gleist-nachfolgestrategie-auf\/","name":"Les cyber-risques : Le Conseil f\u00e9d\u00e9ral met en place une strat\u00e9gie de suivi - Save","isPartOf":{"@id":"https:\/\/news.save.ch\/de\/#website"},"primaryImageOfPage":{"@id":"https:\/\/news.save.ch\/cyber-risiken-bundesrat-gleist-nachfolgestrategie-auf\/#primaryimage"},"image":{"@id":"https:\/\/news.save.ch\/cyber-risiken-bundesrat-gleist-nachfolgestrategie-auf\/#primaryimage"},"thumbnailUrl":"https:\/\/news.save.ch\/wp-content\/uploads\/2017\/04\/Depositphotos-1.jpg","datePublished":"2017-04-26T10:58:13+00:00","dateModified":"2023-03-14T07:57:04+00:00","description":"Face \u00e0 la menace cybern\u00e9tique toujours croissante, le Conseil f\u00e9d\u00e9ral a d\u00e9cid\u00e9 de commander l'\u00e9laboration d'une strat\u00e9gie de suivi.","breadcrumb":{"@id":"https:\/\/news.save.ch\/cyber-risiken-bundesrat-gleist-nachfolgestrategie-auf\/#breadcrumb"},"inLanguage":"fr-FR","potentialAction":[{"@type":"ReadAction","target":["https:\/\/news.save.ch\/cyber-risiken-bundesrat-gleist-nachfolgestrategie-auf\/"]}]},{"@type":"ImageObject","inLanguage":"fr-FR","@id":"https:\/\/news.save.ch\/cyber-risiken-bundesrat-gleist-nachfolgestrategie-auf\/#primaryimage","url":"https:\/\/news.save.ch\/wp-content\/uploads\/2017\/04\/Depositphotos-1.jpg","contentUrl":"https:\/\/news.save.ch\/wp-content\/uploads\/2017\/04\/Depositphotos-1.jpg","width":1000,"height":667,"caption":"\u00a9 depositphotos"},{"@type":"BreadcrumbList","@id":"https:\/\/news.save.ch\/cyber-risiken-bundesrat-gleist-nachfolgestrategie-auf\/#breadcrumb","itemListElement":[{"@type":"ListItem","position":1,"name":"Home","item":"https:\/\/news.save.ch\/de\/"},{"@type":"ListItem","position":2,"name":"Cyber-Risiken: Bundesrat gleist Nachfolgestrategie auf"}]},{"@type":"WebSite","@id":"https:\/\/news.save.ch\/de\/#website","url":"https:\/\/news.save.ch\/de\/","name":"Save","description":"Revue suisse sp\u00e9cialis\u00e9e dans la s\u00e9curit\u00e9","publisher":{"@id":"https:\/\/news.save.ch\/de\/#organization"},"potentialAction":[{"@type":"SearchAction","target":{"@type":"EntryPoint","urlTemplate":"https:\/\/news.save.ch\/de\/?s={search_term_string}"},"query-input":{"@type":"PropertyValueSpecification","valueRequired":true,"valueName":"search_term_string"}}],"inLanguage":"fr-FR"},{"@type":"Organization","@id":"https:\/\/news.save.ch\/de\/#organization","name":"Forum sur la s\u00e9curit\u00e9","url":"https:\/\/news.save.ch\/de\/","logo":{"@type":"ImageObject","inLanguage":"fr-FR","@id":"https:\/\/news.save.ch\/de\/#\/schema\/logo\/image\/","url":"https:\/\/news.save.ch\/wp-content\/uploads\/2022\/06\/Logo_SF_2012.png","contentUrl":"https:\/\/news.save.ch\/wp-content\/uploads\/2022\/06\/Logo_SF_2012.png","width":1100,"height":91,"caption":"Sicherheitsforum"},"image":{"@id":"https:\/\/news.save.ch\/de\/#\/schema\/logo\/image\/"}},{"@type":"Person","@id":"https:\/\/news.save.ch\/de\/#\/schema\/person\/d5022db048e0e2b9785c50e5b24da5aa","name":"Roger Str\u00e4ssle","image":{"@type":"ImageObject","inLanguage":"fr-FR","@id":"https:\/\/secure.gravatar.com\/avatar\/862a5569d087de48e5856e32f45d719a03804c891d6deb8d4f71a660e79e4a47?s=96&d=mm&r=g","url":"https:\/\/secure.gravatar.com\/avatar\/862a5569d087de48e5856e32f45d719a03804c891d6deb8d4f71a660e79e4a47?s=96&d=mm&r=g","contentUrl":"https:\/\/secure.gravatar.com\/avatar\/862a5569d087de48e5856e32f45d719a03804c891d6deb8d4f71a660e79e4a47?s=96&d=mm&r=g","caption":"Roger Str\u00e4ssle"},"url":"https:\/\/news.save.ch\/fr\/author\/roger-straessle\/"}]}},"_links":{"self":[{"href":"https:\/\/news.save.ch\/fr\/wp-json\/wp\/v2\/posts\/4726","targetHints":{"allow":["GET"]}}],"collection":[{"href":"https:\/\/news.save.ch\/fr\/wp-json\/wp\/v2\/posts"}],"about":[{"href":"https:\/\/news.save.ch\/fr\/wp-json\/wp\/v2\/types\/post"}],"author":[{"embeddable":true,"href":"https:\/\/news.save.ch\/fr\/wp-json\/wp\/v2\/users\/8"}],"replies":[{"embeddable":true,"href":"https:\/\/news.save.ch\/fr\/wp-json\/wp\/v2\/comments?post=4726"}],"version-history":[{"count":1,"href":"https:\/\/news.save.ch\/fr\/wp-json\/wp\/v2\/posts\/4726\/revisions"}],"predecessor-version":[{"id":17513,"href":"https:\/\/news.save.ch\/fr\/wp-json\/wp\/v2\/posts\/4726\/revisions\/17513"}],"wp:featuredmedia":[{"embeddable":true,"href":"https:\/\/news.save.ch\/fr\/wp-json\/wp\/v2\/media\/4727"}],"wp:attachment":[{"href":"https:\/\/news.save.ch\/fr\/wp-json\/wp\/v2\/media?parent=4726"}],"wp:term":[{"taxonomy":"category","embeddable":true,"href":"https:\/\/news.save.ch\/fr\/wp-json\/wp\/v2\/categories?post=4726"},{"taxonomy":"post_tag","embeddable":true,"href":"https:\/\/news.save.ch\/fr\/wp-json\/wp\/v2\/tags?post=4726"}],"curies":[{"name":"wp","href":"https:\/\/api.w.org\/{rel}","templated":true}]}}