{"id":4740,"date":"2019-11-10T08:00:32","date_gmt":"2019-11-10T07:00:32","guid":{"rendered":"https:\/\/news.save.ch\/?p=4740"},"modified":"2023-08-15T06:46:58","modified_gmt":"2023-08-15T04:46:58","slug":"depression-die-auswirkung-auf-partnerschaft-und-familie","status":null,"type":"post","link":"https:\/\/news.save.ch\/fr\/depression-die-auswirkung-auf-partnerschaft-und-familie\/","title":{"rendered":"D\u00e9pression : l'impact sur le couple et la famille"},"content":{"rendered":"<figure id=\"attachment_4741\" aria-describedby=\"caption-attachment-4741\" style=\"width: 680px\" class=\"wp-caption alignnone\"><img loading=\"lazy\" decoding=\"async\" class=\"wp-image-4741 size-medium\" src=\"http:\/\/develop.safety-plus.ch\/wp-content\/uploads\/2019\/11\/Depositphotos_marishu.jpg\" alt=\"D\u00e9pression\" width=\"680\" height=\"453\" \/><figcaption id=\"caption-attachment-4741\" class=\"wp-caption-text\">Acceptez la d\u00e9pression comme une maladie qui peut toucher tout le monde.<br \/>\u00a9 Depositphotos\/marishu<\/figcaption><\/figure>\n<p>La maladie <a href=\"https:\/\/news.save.ch\/fr\/der-depression-eine-stimme-geben\/\" target=\"_blank\" rel=\"noopener\">D\u00e9pression<\/a> p\u00e8se fortement sur le couple et la famille : 84 pour cent des malades se sont retir\u00e9s des relations sociales pendant leur d\u00e9pression. C'est ce que d\u00e9montre la fondation Deutsche <a href=\"https:\/\/news.save.ch\/fr\/depression-und-suizidpraevention-am-arbeitsplatz\/\" target=\"_blank\" rel=\"noopener\">Aide \u00e0 la d\u00e9pression<\/a> et la fondation Deutsche Bahn. L'enqu\u00eate repr\u00e9sentative examine les attitudes et les exp\u00e9riences face \u00e0 la d\u00e9pression au sein de la population. L'enqu\u00eate a \u00e9t\u00e9 men\u00e9e aupr\u00e8s de 5 000 personnes \u00e2g\u00e9es de 18 \u00e0 69 ans, issues d'un panel en ligne repr\u00e9sentatif de la population allemande vivant dans des m\u00e9nages priv\u00e9s.<\/p>\n<p><strong>Conflits de couple et s\u00e9paration comme cons\u00e9quence de la d\u00e9pression<\/strong><\/p>\n<p>Pr\u00e8s des trois quarts (72%) des personnes interrog\u00e9es avec la <a href=\"https:\/\/news.save.ch\/fr\/300-millionen-leiden-unter-depression\/\" target=\"_blank\" rel=\"noopener\">Diagnostic<\/a> La d\u00e9pression d\u00e9crit le fait de ne plus ressentir d'attachement aux autres pendant la maladie. Cela a des cons\u00e9quences importantes : La moiti\u00e9 des personnes concern\u00e9es font \u00e9tat de r\u00e9percussions sur leur couple. 45 pour cent d'entre elles ont v\u00e9cu une s\u00e9paration \u00e0 cause de la d\u00e9pression. \"Le nombre \u00e9lev\u00e9 de s\u00e9parations montre \u00e0 quel point la d\u00e9pression est une maladie profonde\", explique le professeur Ulrich Hegerl, pr\u00e9sident du conseil d'administration de la fondation Deutsche Depressionshilfe, \u00e0 propos des r\u00e9sultats. \"Les personnes atteintes de d\u00e9pression perdent leur motivation, leur int\u00e9r\u00eat et se sentent mortes int\u00e9rieurement, sans lien avec d'autres personnes ou leur environnement. Elles se replient sur elles-m\u00eames et voient l'ensemble du quotidien comme \u00e0 travers des lunettes noires. Tous ces changements dus \u00e0 la maladie ont des r\u00e9percussions massives sur le couple et les relations familiales. C'est pourquoi la d\u00e9pression est souvent la cause, et non la cons\u00e9quence, des conflits au sein du couple\", poursuit Hegerl. R\u00e9trospectivement, une partie des personnes concern\u00e9es fait toutefois aussi \u00e9tat d'exp\u00e9riences positives : 36 pour cent des personnes concern\u00e9es ont indiqu\u00e9 que la d\u00e9pression avait m\u00eame approfondi et consolid\u00e9 leur relation avec leur partenaire. \"Surmonter ensemble la grande souffrance caus\u00e9e par la d\u00e9pression peut conduire \u00e0 une fusion\", explique Hegerl.<\/p>\n<p><strong>Les lacunes dans les connaissances de l'environnement social sont source d'incompr\u00e9hension vis-\u00e0-vis des personnes concern\u00e9es<\/strong><\/p>\n<p>Le Barom\u00e8tre allemand de la d\u00e9pression 2018 fournit \u00e9galement des donn\u00e9es sur les exp\u00e9riences des proches : 73 % d'entre eux d\u00e9veloppent des sentiments de culpabilit\u00e9 envers leur partenaire malade et se sentent responsables de sa maladie et de son r\u00e9tablissement. Pr\u00e8s d'un proche sur trois (30%) a indiqu\u00e9 qu'il se sentait mal inform\u00e9 sur la d\u00e9pression. Les personnes concern\u00e9es qui ont subi les effets de la d\u00e9pression sur leur couple rapportent donc surtout s'\u00eatre senties incomprises et avoir re\u00e7u des reproches de leur partenaire (84%). \"Il appara\u00eet clairement qu'il existe un grand besoin d'information sur la maladie, notamment aupr\u00e8s des proches et des connaissances. C'est pourquoi la fondation Deutsche Depressionshilfe a mis en place, en coop\u00e9ration avec la fondation Deutsche Bahn, le t\u00e9l\u00e9phone d'information sur la d\u00e9pression dans toute l'Allemagne, aupr\u00e8s duquel les proches et les personnes concern\u00e9es peuvent obtenir gratuitement des informations sur la maladie\", explique le Dr Christian Gravert, chef de projet sur les th\u00e8mes de la sant\u00e9 \u00e0 la fondation Deutsche Bahn et m\u00e9decin-chef de la Deutsche Bahn.<\/p>\n<p><strong>Conseils pour les proches<\/strong><\/p>\n<p>Le professeur Hegerl conseille aux proches : \"Acceptez la d\u00e9pression comme une maladie qui peut toucher tout le monde ! Et informez-vous - car celui qui ne sait pas ce qu'est une d\u00e9pression classera mal le repli sur soi et le manque d'attention du partenaire malade. Ce n'est pas un manque d'amour ou m\u00eame de la mauvaise volont\u00e9, mais un signe de la maladie\". Le meilleur moyen pour les proches d'apporter leur soutien est d'organiser un rendez-vous chez le m\u00e9decin et, le cas \u00e9ch\u00e9ant, d'y accompagner la personne concern\u00e9e. Car en cas de d\u00e9pression, les personnes concern\u00e9es manquent souvent de force et d'espoir pour chercher de l'aide. Mais Hegerl souligne \u00e9galement : \"La d\u00e9pression ne peut pas \u00eatre trait\u00e9e uniquement avec de l'affection, mais n\u00e9cessite une aide m\u00e9dicale. Il est important que les proches et les amis connaissent leurs propres limites de r\u00e9sistance et s'organisent \u00e9galement pour obtenir du soutien\". Les proches trouveront des informations et de l'aide sur<\/p>\n<p><strong>Plus d'infos<\/strong><\/p>\n<p><a href=\"https:\/\/te7d64ac4.emailsys1a.net\/c\/60\/1653701\/669\/0\/3001237\/2107\/82865\/071c1c25e5.html\">www.deutsche-depressionshilfe.de<\/a><\/p>","protected":false},"excerpt":{"rendered":"<p>Die Erkrankung Depression belastet Partnerschaft und Familie in hohem Masse: 84 Prozent der Erkrankten haben sich w\u00e4hrend ihrer Depression aus sozialen Beziehungen zur\u00fcckgezogen. Das belegt die Stiftung Deutsche Depressionshilfe und Deutsche Bahn Stiftung. Die repr\u00e4sentative Befragung untersucht Einstellungen und Erfahrungen zur Depression in der Bev\u00f6lkerung. Befragt wurden 5 000 Personen zwischen 18 und 69 Jahren [&hellip;]<\/p>\n","protected":false},"author":1,"featured_media":16331,"comment_status":"closed","ping_status":"closed","sticky":false,"template":"","format":"standard","meta":{"_acf_changed":false,"pgc_sgb_lightbox_settings":"","footnotes":""},"categories":[1,3314],"tags":[1775,1893,1900,2165,149,146,141,2729],"class_list":["post-4740","post","type-post","status-publish","format-standard","has-post-thumbnail","hentry","category-allgemein","category-health-safety","tag-betriebliches-gesundheitsmanagement","tag-depression","tag-deutsche-depressionshilfe","tag-gesundheitsfoerderung","tag-gesundheitsschutz","tag-medikamente","tag-praevention","tag-psychische-gesundheit"],"acf":[],"hkrextid":null,"publication":null,"issue":null,"workflow":null,"startPage":null,"spitzmarke":null,"_posts_by_tag_page_fields":{"widget_title":"","widget_tags":""},"_at_widget":"1","_yoast_wpseo_primary_category":"","_yoast_wpseo_focuskw_text_input":"Depression","_yoast_wpseo_opengraph-image":null,"_yoast_wpseo_opengraph-description":null,"_yoast_wpseo_opengraph-title":null,"enclosure":null,"_yoast_wpseo_twitter-title":null,"_yoast_wpseo_twitter-description":null,"_yoast_wpseo_twitter-image":null,"_wp_old_slug":null,"_yoast_wpseo_title":null,"_yoast_wpseo_canonical":null,"yoast_head":"<!-- This site is optimized with the Yoast SEO plugin v27.5 - https:\/\/yoast.com\/product\/yoast-seo-wordpress\/ -->\n<title>Depression: Die Auswirkung auf Partnerschaft und Familie - Save<\/title>\n<meta name=\"description\" content=\"Depression zeigt massive Folgen der Erkrankung auf Partnerschaft und Familie Bei der H\u00e4lfte der Betroffenen kommt es zu Problemen in der Partnerschaft \u2013 Wissensl\u00fccken bei Angeh\u00f6rigen f\u00fchren zu Unverst\u00e4ndnis und Fehlinterpretationen \u2013 R\u00fcckzug und Gef\u00fchllosigkeit sind krankheitsbedingt.\" \/>\n<meta name=\"robots\" content=\"index, follow, max-snippet:-1, max-image-preview:large, max-video-preview:-1\" \/>\n<link rel=\"canonical\" href=\"https:\/\/news.save.ch\/fr\/depression-die-auswirkung-auf-partnerschaft-und-familie\/\" \/>\n<meta property=\"og:locale\" content=\"fr_FR\" \/>\n<meta property=\"og:type\" content=\"article\" \/>\n<meta property=\"og:title\" content=\"Depression: Die Auswirkung auf Partnerschaft und Familie - Save\" \/>\n<meta property=\"og:description\" content=\"Depression zeigt massive Folgen der Erkrankung auf Partnerschaft und Familie Bei der H\u00e4lfte der Betroffenen kommt es zu Problemen in der Partnerschaft \u2013 Wissensl\u00fccken bei Angeh\u00f6rigen f\u00fchren zu Unverst\u00e4ndnis und Fehlinterpretationen \u2013 R\u00fcckzug und Gef\u00fchllosigkeit sind krankheitsbedingt.\" \/>\n<meta property=\"og:url\" content=\"https:\/\/news.save.ch\/fr\/depression-die-auswirkung-auf-partnerschaft-und-familie\/\" \/>\n<meta property=\"og:site_name\" content=\"Save\" \/>\n<meta property=\"article:published_time\" content=\"2019-11-10T07:00:32+00:00\" \/>\n<meta property=\"article:modified_time\" content=\"2023-08-15T04:46:58+00:00\" \/>\n<meta property=\"og:image\" content=\"https:\/\/news.save.ch\/wp-content\/uploads\/2019\/11\/Depositphotos_marishu-scaled-1.jpg\" \/>\n\t<meta property=\"og:image:width\" content=\"1200\" \/>\n\t<meta property=\"og:image:height\" content=\"800\" \/>\n\t<meta property=\"og:image:type\" content=\"image\/jpeg\" \/>\n<meta name=\"author\" content=\"admin\" \/>\n<meta name=\"twitter:card\" content=\"summary_large_image\" \/>\n<meta name=\"twitter:label1\" content=\"\u00c9crit par\" \/>\n\t<meta name=\"twitter:data1\" content=\"admin\" \/>\n\t<meta name=\"twitter:label2\" content=\"Dur\u00e9e de lecture estim\u00e9e\" \/>\n\t<meta name=\"twitter:data2\" content=\"4 minutes\" \/>\n<script type=\"application\/ld+json\" class=\"yoast-schema-graph\">{\"@context\":\"https:\\\/\\\/schema.org\",\"@graph\":[{\"@type\":\"Article\",\"@id\":\"https:\\\/\\\/news.save.ch\\\/depression-die-auswirkung-auf-partnerschaft-und-familie\\\/#article\",\"isPartOf\":{\"@id\":\"https:\\\/\\\/news.save.ch\\\/depression-die-auswirkung-auf-partnerschaft-und-familie\\\/\"},\"author\":{\"name\":\"admin\",\"@id\":\"https:\\\/\\\/news.save.ch\\\/de\\\/#\\\/schema\\\/person\\\/d49e199490bad7c70d64b9ab51142f2b\"},\"headline\":\"Depression: Die Auswirkung auf Partnerschaft und Familie\",\"datePublished\":\"2019-11-10T07:00:32+00:00\",\"dateModified\":\"2023-08-15T04:46:58+00:00\",\"mainEntityOfPage\":{\"@id\":\"https:\\\/\\\/news.save.ch\\\/depression-die-auswirkung-auf-partnerschaft-und-familie\\\/\"},\"wordCount\":587,\"publisher\":{\"@id\":\"https:\\\/\\\/news.save.ch\\\/de\\\/#organization\"},\"image\":{\"@id\":\"https:\\\/\\\/news.save.ch\\\/depression-die-auswirkung-auf-partnerschaft-und-familie\\\/#primaryimage\"},\"thumbnailUrl\":\"https:\\\/\\\/news.save.ch\\\/wp-content\\\/uploads\\\/2019\\\/11\\\/Depositphotos_marishu-scaled-1.jpg\",\"keywords\":[\"Betriebliches Gesundheitsmanagement\",\"Depression\",\"Deutsche Depressionshilfe\",\"Gesundheitsf\u00f6rderung\",\"Gesundheitsschutz\",\"Medikamente\",\"Pr\u00e4vention\",\"Psychische Gesundheit\"],\"articleSection\":[\"ALLGEMEIN\",\"HEALTH &amp; SAFETY\"],\"inLanguage\":\"fr-FR\"},{\"@type\":\"WebPage\",\"@id\":\"https:\\\/\\\/news.save.ch\\\/depression-die-auswirkung-auf-partnerschaft-und-familie\\\/\",\"url\":\"https:\\\/\\\/news.save.ch\\\/depression-die-auswirkung-auf-partnerschaft-und-familie\\\/\",\"name\":\"Depression: Die Auswirkung auf Partnerschaft und Familie - Save\",\"isPartOf\":{\"@id\":\"https:\\\/\\\/news.save.ch\\\/de\\\/#website\"},\"primaryImageOfPage\":{\"@id\":\"https:\\\/\\\/news.save.ch\\\/depression-die-auswirkung-auf-partnerschaft-und-familie\\\/#primaryimage\"},\"image\":{\"@id\":\"https:\\\/\\\/news.save.ch\\\/depression-die-auswirkung-auf-partnerschaft-und-familie\\\/#primaryimage\"},\"thumbnailUrl\":\"https:\\\/\\\/news.save.ch\\\/wp-content\\\/uploads\\\/2019\\\/11\\\/Depositphotos_marishu-scaled-1.jpg\",\"datePublished\":\"2019-11-10T07:00:32+00:00\",\"dateModified\":\"2023-08-15T04:46:58+00:00\",\"description\":\"Depression zeigt massive Folgen der Erkrankung auf Partnerschaft und Familie Bei der H\u00e4lfte der Betroffenen kommt es zu Problemen in der Partnerschaft \u2013 Wissensl\u00fccken bei Angeh\u00f6rigen f\u00fchren zu Unverst\u00e4ndnis und Fehlinterpretationen \u2013 R\u00fcckzug und Gef\u00fchllosigkeit sind krankheitsbedingt.\",\"breadcrumb\":{\"@id\":\"https:\\\/\\\/news.save.ch\\\/depression-die-auswirkung-auf-partnerschaft-und-familie\\\/#breadcrumb\"},\"inLanguage\":\"fr-FR\",\"potentialAction\":[{\"@type\":\"ReadAction\",\"target\":[\"https:\\\/\\\/news.save.ch\\\/depression-die-auswirkung-auf-partnerschaft-und-familie\\\/\"]}]},{\"@type\":\"ImageObject\",\"inLanguage\":\"fr-FR\",\"@id\":\"https:\\\/\\\/news.save.ch\\\/depression-die-auswirkung-auf-partnerschaft-und-familie\\\/#primaryimage\",\"url\":\"https:\\\/\\\/news.save.ch\\\/wp-content\\\/uploads\\\/2019\\\/11\\\/Depositphotos_marishu-scaled-1.jpg\",\"contentUrl\":\"https:\\\/\\\/news.save.ch\\\/wp-content\\\/uploads\\\/2019\\\/11\\\/Depositphotos_marishu-scaled-1.jpg\",\"width\":1200,\"height\":800,\"caption\":\"\u201eAkzeptieren Sie die Depression als Erkrankung, die jeden treffen kann! \u00a9 Depositphotos\\\/marishu\"},{\"@type\":\"BreadcrumbList\",\"@id\":\"https:\\\/\\\/news.save.ch\\\/depression-die-auswirkung-auf-partnerschaft-und-familie\\\/#breadcrumb\",\"itemListElement\":[{\"@type\":\"ListItem\",\"position\":1,\"name\":\"Home\",\"item\":\"https:\\\/\\\/news.save.ch\\\/de\\\/\"},{\"@type\":\"ListItem\",\"position\":2,\"name\":\"Depression: Die Auswirkung auf Partnerschaft und Familie\"}]},{\"@type\":\"WebSite\",\"@id\":\"https:\\\/\\\/news.save.ch\\\/de\\\/#website\",\"url\":\"https:\\\/\\\/news.save.ch\\\/de\\\/\",\"name\":\"Save\",\"description\":\"Schweizer Fachzeitschrift f\u00fcr Sicherheit\",\"publisher\":{\"@id\":\"https:\\\/\\\/news.save.ch\\\/de\\\/#organization\"},\"potentialAction\":[{\"@type\":\"SearchAction\",\"target\":{\"@type\":\"EntryPoint\",\"urlTemplate\":\"https:\\\/\\\/news.save.ch\\\/de\\\/?s={search_term_string}\"},\"query-input\":{\"@type\":\"PropertyValueSpecification\",\"valueRequired\":true,\"valueName\":\"search_term_string\"}}],\"inLanguage\":\"fr-FR\"},{\"@type\":\"Organization\",\"@id\":\"https:\\\/\\\/news.save.ch\\\/de\\\/#organization\",\"name\":\"Sicherheitsforum\",\"url\":\"https:\\\/\\\/news.save.ch\\\/de\\\/\",\"logo\":{\"@type\":\"ImageObject\",\"inLanguage\":\"fr-FR\",\"@id\":\"https:\\\/\\\/news.save.ch\\\/de\\\/#\\\/schema\\\/logo\\\/image\\\/\",\"url\":\"https:\\\/\\\/news.save.ch\\\/wp-content\\\/uploads\\\/2022\\\/06\\\/Logo_SF_2012.png\",\"contentUrl\":\"https:\\\/\\\/news.save.ch\\\/wp-content\\\/uploads\\\/2022\\\/06\\\/Logo_SF_2012.png\",\"width\":1100,\"height\":91,\"caption\":\"Sicherheitsforum\"},\"image\":{\"@id\":\"https:\\\/\\\/news.save.ch\\\/de\\\/#\\\/schema\\\/logo\\\/image\\\/\"}},{\"@type\":\"Person\",\"@id\":\"https:\\\/\\\/news.save.ch\\\/de\\\/#\\\/schema\\\/person\\\/d49e199490bad7c70d64b9ab51142f2b\",\"name\":\"admin\",\"image\":{\"@type\":\"ImageObject\",\"inLanguage\":\"fr-FR\",\"@id\":\"https:\\\/\\\/secure.gravatar.com\\\/avatar\\\/ae2f4d718e6c49043e314ce431e7e645d646302a24a5ef5a8bc8e3f5a032e319?s=96&d=mm&r=g\",\"url\":\"https:\\\/\\\/secure.gravatar.com\\\/avatar\\\/ae2f4d718e6c49043e314ce431e7e645d646302a24a5ef5a8bc8e3f5a032e319?s=96&d=mm&r=g\",\"contentUrl\":\"https:\\\/\\\/secure.gravatar.com\\\/avatar\\\/ae2f4d718e6c49043e314ce431e7e645d646302a24a5ef5a8bc8e3f5a032e319?s=96&d=mm&r=g\",\"caption\":\"admin\"},\"sameAs\":[\"https:\\\/\\\/develop.organisator.galledia.ch\"],\"url\":\"https:\\\/\\\/news.save.ch\\\/fr\\\/author\\\/admin\\\/\"}]}<\/script>\n<!-- \/ Yoast SEO plugin. -->","yoast_head_json":{"title":"D\u00e9pression : l'impact sur le couple et la famille - Save","description":"La d\u00e9pression montre les cons\u00e9quences massives de la maladie sur le couple et la famille La moiti\u00e9 des personnes touch\u00e9es rencontrent des probl\u00e8mes dans leur couple - Les lacunes dans les connaissances des proches entra\u00eenent des incompr\u00e9hensions et des interpr\u00e9tations erron\u00e9es - Le repli sur soi et l'insensibilit\u00e9 sont dus \u00e0 la maladie.","robots":{"index":"index","follow":"follow","max-snippet":"max-snippet:-1","max-image-preview":"max-image-preview:large","max-video-preview":"max-video-preview:-1"},"canonical":"https:\/\/news.save.ch\/fr\/depression-die-auswirkung-auf-partnerschaft-und-familie\/","og_locale":"fr_FR","og_type":"article","og_title":"Depression: Die Auswirkung auf Partnerschaft und Familie - Save","og_description":"Depression zeigt massive Folgen der Erkrankung auf Partnerschaft und Familie Bei der H\u00e4lfte der Betroffenen kommt es zu Problemen in der Partnerschaft \u2013 Wissensl\u00fccken bei Angeh\u00f6rigen f\u00fchren zu Unverst\u00e4ndnis und Fehlinterpretationen \u2013 R\u00fcckzug und Gef\u00fchllosigkeit sind krankheitsbedingt.","og_url":"https:\/\/news.save.ch\/fr\/depression-die-auswirkung-auf-partnerschaft-und-familie\/","og_site_name":"Save","article_published_time":"2019-11-10T07:00:32+00:00","article_modified_time":"2023-08-15T04:46:58+00:00","og_image":[{"width":1200,"height":800,"url":"https:\/\/news.save.ch\/wp-content\/uploads\/2019\/11\/Depositphotos_marishu-scaled-1.jpg","type":"image\/jpeg"}],"author":"admin","twitter_card":"summary_large_image","twitter_misc":{"\u00c9crit par":"admin","Dur\u00e9e de lecture estim\u00e9e":"4 minutes"},"schema":{"@context":"https:\/\/schema.org","@graph":[{"@type":"Article","@id":"https:\/\/news.save.ch\/depression-die-auswirkung-auf-partnerschaft-und-familie\/#article","isPartOf":{"@id":"https:\/\/news.save.ch\/depression-die-auswirkung-auf-partnerschaft-und-familie\/"},"author":{"name":"admin","@id":"https:\/\/news.save.ch\/de\/#\/schema\/person\/d49e199490bad7c70d64b9ab51142f2b"},"headline":"Depression: Die Auswirkung auf Partnerschaft und Familie","datePublished":"2019-11-10T07:00:32+00:00","dateModified":"2023-08-15T04:46:58+00:00","mainEntityOfPage":{"@id":"https:\/\/news.save.ch\/depression-die-auswirkung-auf-partnerschaft-und-familie\/"},"wordCount":587,"publisher":{"@id":"https:\/\/news.save.ch\/de\/#organization"},"image":{"@id":"https:\/\/news.save.ch\/depression-die-auswirkung-auf-partnerschaft-und-familie\/#primaryimage"},"thumbnailUrl":"https:\/\/news.save.ch\/wp-content\/uploads\/2019\/11\/Depositphotos_marishu-scaled-1.jpg","keywords":["Betriebliches Gesundheitsmanagement","Depression","Deutsche Depressionshilfe","Gesundheitsf\u00f6rderung","Gesundheitsschutz","Medikamente","Pr\u00e4vention","Psychische Gesundheit"],"articleSection":["ALLGEMEIN","HEALTH &amp; SAFETY"],"inLanguage":"fr-FR"},{"@type":"WebPage","@id":"https:\/\/news.save.ch\/depression-die-auswirkung-auf-partnerschaft-und-familie\/","url":"https:\/\/news.save.ch\/depression-die-auswirkung-auf-partnerschaft-und-familie\/","name":"D\u00e9pression : l'impact sur le couple et la famille - Save","isPartOf":{"@id":"https:\/\/news.save.ch\/de\/#website"},"primaryImageOfPage":{"@id":"https:\/\/news.save.ch\/depression-die-auswirkung-auf-partnerschaft-und-familie\/#primaryimage"},"image":{"@id":"https:\/\/news.save.ch\/depression-die-auswirkung-auf-partnerschaft-und-familie\/#primaryimage"},"thumbnailUrl":"https:\/\/news.save.ch\/wp-content\/uploads\/2019\/11\/Depositphotos_marishu-scaled-1.jpg","datePublished":"2019-11-10T07:00:32+00:00","dateModified":"2023-08-15T04:46:58+00:00","description":"La d\u00e9pression montre les cons\u00e9quences massives de la maladie sur le couple et la famille La moiti\u00e9 des personnes touch\u00e9es rencontrent des probl\u00e8mes dans leur couple - Les lacunes dans les connaissances des proches entra\u00eenent des incompr\u00e9hensions et des interpr\u00e9tations erron\u00e9es - Le repli sur soi et l'insensibilit\u00e9 sont dus \u00e0 la maladie.","breadcrumb":{"@id":"https:\/\/news.save.ch\/depression-die-auswirkung-auf-partnerschaft-und-familie\/#breadcrumb"},"inLanguage":"fr-FR","potentialAction":[{"@type":"ReadAction","target":["https:\/\/news.save.ch\/depression-die-auswirkung-auf-partnerschaft-und-familie\/"]}]},{"@type":"ImageObject","inLanguage":"fr-FR","@id":"https:\/\/news.save.ch\/depression-die-auswirkung-auf-partnerschaft-und-familie\/#primaryimage","url":"https:\/\/news.save.ch\/wp-content\/uploads\/2019\/11\/Depositphotos_marishu-scaled-1.jpg","contentUrl":"https:\/\/news.save.ch\/wp-content\/uploads\/2019\/11\/Depositphotos_marishu-scaled-1.jpg","width":1200,"height":800,"caption":"\u201eAkzeptieren Sie die Depression als Erkrankung, die jeden treffen kann! \u00a9 Depositphotos\/marishu"},{"@type":"BreadcrumbList","@id":"https:\/\/news.save.ch\/depression-die-auswirkung-auf-partnerschaft-und-familie\/#breadcrumb","itemListElement":[{"@type":"ListItem","position":1,"name":"Home","item":"https:\/\/news.save.ch\/de\/"},{"@type":"ListItem","position":2,"name":"Depression: Die Auswirkung auf Partnerschaft und Familie"}]},{"@type":"WebSite","@id":"https:\/\/news.save.ch\/de\/#website","url":"https:\/\/news.save.ch\/de\/","name":"Save","description":"Revue suisse sp\u00e9cialis\u00e9e dans la s\u00e9curit\u00e9","publisher":{"@id":"https:\/\/news.save.ch\/de\/#organization"},"potentialAction":[{"@type":"SearchAction","target":{"@type":"EntryPoint","urlTemplate":"https:\/\/news.save.ch\/de\/?s={search_term_string}"},"query-input":{"@type":"PropertyValueSpecification","valueRequired":true,"valueName":"search_term_string"}}],"inLanguage":"fr-FR"},{"@type":"Organization","@id":"https:\/\/news.save.ch\/de\/#organization","name":"Forum sur la s\u00e9curit\u00e9","url":"https:\/\/news.save.ch\/de\/","logo":{"@type":"ImageObject","inLanguage":"fr-FR","@id":"https:\/\/news.save.ch\/de\/#\/schema\/logo\/image\/","url":"https:\/\/news.save.ch\/wp-content\/uploads\/2022\/06\/Logo_SF_2012.png","contentUrl":"https:\/\/news.save.ch\/wp-content\/uploads\/2022\/06\/Logo_SF_2012.png","width":1100,"height":91,"caption":"Sicherheitsforum"},"image":{"@id":"https:\/\/news.save.ch\/de\/#\/schema\/logo\/image\/"}},{"@type":"Person","@id":"https:\/\/news.save.ch\/de\/#\/schema\/person\/d49e199490bad7c70d64b9ab51142f2b","name":"admin","image":{"@type":"ImageObject","inLanguage":"fr-FR","@id":"https:\/\/secure.gravatar.com\/avatar\/ae2f4d718e6c49043e314ce431e7e645d646302a24a5ef5a8bc8e3f5a032e319?s=96&d=mm&r=g","url":"https:\/\/secure.gravatar.com\/avatar\/ae2f4d718e6c49043e314ce431e7e645d646302a24a5ef5a8bc8e3f5a032e319?s=96&d=mm&r=g","contentUrl":"https:\/\/secure.gravatar.com\/avatar\/ae2f4d718e6c49043e314ce431e7e645d646302a24a5ef5a8bc8e3f5a032e319?s=96&d=mm&r=g","caption":"admin"},"sameAs":["https:\/\/develop.organisator.galledia.ch"],"url":"https:\/\/news.save.ch\/fr\/author\/admin\/"}]}},"_links":{"self":[{"href":"https:\/\/news.save.ch\/fr\/wp-json\/wp\/v2\/posts\/4740","targetHints":{"allow":["GET"]}}],"collection":[{"href":"https:\/\/news.save.ch\/fr\/wp-json\/wp\/v2\/posts"}],"about":[{"href":"https:\/\/news.save.ch\/fr\/wp-json\/wp\/v2\/types\/post"}],"author":[{"embeddable":true,"href":"https:\/\/news.save.ch\/fr\/wp-json\/wp\/v2\/users\/1"}],"replies":[{"embeddable":true,"href":"https:\/\/news.save.ch\/fr\/wp-json\/wp\/v2\/comments?post=4740"}],"version-history":[{"count":3,"href":"https:\/\/news.save.ch\/fr\/wp-json\/wp\/v2\/posts\/4740\/revisions"}],"predecessor-version":[{"id":21805,"href":"https:\/\/news.save.ch\/fr\/wp-json\/wp\/v2\/posts\/4740\/revisions\/21805"}],"wp:featuredmedia":[{"embeddable":true,"href":"https:\/\/news.save.ch\/fr\/wp-json\/wp\/v2\/media\/16331"}],"wp:attachment":[{"href":"https:\/\/news.save.ch\/fr\/wp-json\/wp\/v2\/media?parent=4740"}],"wp:term":[{"taxonomy":"category","embeddable":true,"href":"https:\/\/news.save.ch\/fr\/wp-json\/wp\/v2\/categories?post=4740"},{"taxonomy":"post_tag","embeddable":true,"href":"https:\/\/news.save.ch\/fr\/wp-json\/wp\/v2\/tags?post=4740"}],"curies":[{"name":"wp","href":"https:\/\/api.w.org\/{rel}","templated":true}]}}