{"id":4768,"date":"2017-05-05T09:53:54","date_gmt":"2017-05-05T07:53:54","guid":{"rendered":"https:\/\/news.save.ch\/?p=4768"},"modified":"2017-05-05T09:53:54","modified_gmt":"2017-05-05T07:53:54","slug":"namen-von-bundesstellen-und-firmen-werden-missbraucht","status":null,"type":"post","link":"https:\/\/news.save.ch\/fr\/namen-von-bundesstellen-und-firmen-werden-missbraucht\/","title":{"rendered":"Noms de services f\u00e9d\u00e9raux et d'entreprises utilis\u00e9s de mani\u00e8re abusive"},"content":{"rendered":"<p><span style=\"font-family: 'Arial','sans-serif';\">Ces derni\u00e8res semaines, des escrocs ont envoy\u00e9 de plus en plus de courriels pr\u00e9tendant provenir de l'Administration f\u00e9d\u00e9rale des contributions (AFC), \u00e9crit la <span class=\"hidden-xs\">Centrale d'enregistrement et d'analyse pour la s\u00fbret\u00e9 de l'information (Melani)<\/span>. Ils faisaient alors r\u00e9f\u00e9rence \u00e0 un remboursement d'imp\u00f4t fictif qu'il fallait obtenir en remplissant un document joint. Dans d'autres cas, les escrocs tentent de proposer des services aux contribuables en utilisant l'adresse d'exp\u00e9dition falsifi\u00e9e de l'AFC. Un logiciel malveillant serait toutefois install\u00e9 \u00e0 l'ouverture du document. Selon Melani, de tels e-mails frauduleux sont mis en circulation par centaines de milliers. Outre les variantes de logiciels malveillants pour le syst\u00e8me d'exploitation Windows, des variantes pour MacOSX ont \u00e9galement \u00e9t\u00e9 envoy\u00e9es, comme l'\u00e9crit l'office f\u00e9d\u00e9ral.<\/span><\/p>\n<p><strong>Aussi de fausses invitations \u00e0 des audiences de tribunal<\/strong><\/p>\n<p>Les pirates utilisent \u00e9galement de fausses invitations \u00e0 des audiences de tribunal ou des e-mails cens\u00e9s provenir de la police cantonale pour d\u00e9stabiliser le destinataire et l'inciter \u00e0 cliquer sur un lien.<\/p>\n<p>L'objectif des pirates est de prendre l'utilisateur au d\u00e9pourvu, d'\u00e9veiller sa curiosit\u00e9 ou de lui faire peur, pour l'inciter ensuite \u00e0 une action irr\u00e9fl\u00e9chie. Dans la plupart des cas, il devient rapidement \u00e9vident qu'il s'agit d'une falsification. L'AFC, par exemple, ne communique que par voie postale et jamais par e-mail, comme le souligne Melani dans son communiqu\u00e9.<\/p>\n<p><strong>Que faire ? <\/strong><\/p>\n<p><em>Conseils pour les destinataires d'e-mails :\u00a0<\/em><\/p>\n<ul>\n<li>M\u00e9fiez-vous des e-mails que vous recevez sans y avoir \u00e9t\u00e9 invit\u00e9 : Il ne s'agit plus seulement d'\u00eatre critique vis-\u00e0-vis des e-mails provenant de personnes inconnues, mais aussi de faire preuve de prudence vis-\u00e0-vis d'exp\u00e9diteurs connus. Les entreprises de confiance en particulier sont volontiers utilis\u00e9es comme adresses d'exp\u00e9diteur falsifi\u00e9es.<\/li>\n<li>Ne vous laissez pas mettre sous pression. Prenez suffisamment de temps pour vous renseigner et, en cas de doute, demandez des pr\u00e9cisions \u00e0 l'entreprise.<\/li>\n<li>Dans de rares cas, il peut arriver que la victime s'attende effectivement, par hasard, \u00e0 recevoir un e-mail de l'entreprise. Mais m\u00eame dans ces cas, il existe de nombreux indices qui permettent de distinguer un e-mail frauduleux d'un e-mail authentique. Ici aussi, prenez le temps de v\u00e9rifier la plausibilit\u00e9. Faites par exemple attention \u00e0 l'utilisation du pr\u00e9nom et du nom : Dans les e-factures l\u00e9gitimes, le destinataire est appel\u00e9 par son pr\u00e9nom et son nom. Cette formule de salutation reste l'exception dans les e-mails frauduleux. En cas de doute, renseignez-vous aupr\u00e8s de l'entreprise pour savoir si une facture a \u00e9t\u00e9 d\u00e9clench\u00e9e ou demandez-lui de la faire parvenir \u00e0 nouveau.<\/li>\n<\/ul>\n<p><em>Pour les entreprises dont le nom a \u00e9t\u00e9 utilis\u00e9 abusivement comme exp\u00e9diteur\u00a0<\/em><\/p>\n<ul>\n<li>Si le nom de votre entreprise est utilis\u00e9 abusivement pour des e-mails frauduleux, signalez de mani\u00e8re bien visible sur la page d'accueil que votre entreprise est utilis\u00e9e comme exp\u00e9diteur pour des e-mails malveillants. Donnez aux clients vos recommandations sur la mani\u00e8re de se comporter.<\/li>\n<li>Informez vos clients des tentatives d'escroquerie par le biais d'une newsletter r\u00e9guli\u00e8re ou directement.<\/li>\n<li>Respectez les r\u00e8gles de base suivantes lors de la communication avec les clients par e-mail et communiquez-les aux clients :\n<ul>\n<li>Utiliser les liens dans les e-mails avec parcimonie et les relier uniquement \u00e0 son propre domaine. Si possible, utiliser des liens vers des sites s\u00e9curis\u00e9s par cryptage (https) et en informer le destinataire.<\/li>\n<li>Ne pas utiliser de liens cach\u00e9s, mais toujours rendre les liens visibles pour l'utilisateur.<\/li>\n<li>Ne pas cr\u00e9er de lien vers des sites web qui demandent un nom d'utilisateur et un mot de passe ou d'autres donn\u00e9es.<\/li>\n<li>\u00e9crire aux clients avec leur pr\u00e9nom et leur nom, si cette information est disponible<\/li>\n<li>Envoyer des informations importantes sur les comptes par \u00e9crit, par lettre - surtout dans le secteur financier.<\/li>\n<\/ul>\n<\/li>\n<\/ul>\n<p><em>Source : Centrale d'enregistrement et d'analyse pour la s\u00fbret\u00e9 de l'information<\/em><\/p>","protected":false},"excerpt":{"rendered":"<p>In den letzten Wochen haben Betr\u00fcger vermehrt E-Mails verschickt, die angeblich von der Eidgen\u00f6ssischen Steuerverwaltung (ESTV) stammen, schreibt die Melde- und Analysestelle Informationssicherung (Melani). Dabei w\u00fcrden auf eine fiktive Steuerr\u00fcckerstattung Bezug genommen, welche man durch Ausf\u00fcllen eines angeh\u00e4ngten Dokumentes erhalten soll. In anderen F\u00e4llen versuchten die Betr\u00fcger, mit der gef\u00e4lschten Absenderadresse der ESTV, den Steuerpflichtigen [&hellip;]<\/p>\n","protected":false},"author":8,"featured_media":4770,"comment_status":"open","ping_status":"open","sticky":false,"template":"","format":"standard","meta":{"_acf_changed":false,"pgc_sgb_lightbox_settings":"","footnotes":""},"categories":[1],"tags":[62,63,113],"class_list":["post-4768","post","type-post","status-publish","format-standard","has-post-thumbnail","hentry","category-allgemein","tag-ict-sicherheit","tag-it-security","tag-kriminalitaet"],"acf":[],"hkrextid":null,"publication":null,"issue":null,"workflow":null,"startPage":null,"spitzmarke":null,"_posts_by_tag_page_fields":{"widget_title":"","widget_tags":""},"_at_widget":"1","_yoast_wpseo_primary_category":"1","_yoast_wpseo_focuskw_text_input":"Betr\u00fcger","_yoast_wpseo_opengraph-image":null,"_yoast_wpseo_opengraph-description":null,"_yoast_wpseo_opengraph-title":null,"enclosure":null,"_yoast_wpseo_twitter-title":null,"_yoast_wpseo_twitter-description":null,"_yoast_wpseo_twitter-image":null,"_wp_old_slug":null,"_yoast_wpseo_title":null,"_yoast_wpseo_canonical":null,"yoast_head":"<!-- This site is optimized with the Yoast SEO plugin v27.5 - https:\/\/yoast.com\/product\/yoast-seo-wordpress\/ -->\n<title>Namen von Bundesstellen und Firmen missbraucht - Save<\/title>\n<meta name=\"description\" content=\"J\u00fcngst hat der Missbrauch der Namen von Bundesstellen und bekannten Firmen als Absenderadresse zugenommen. Ein paar Tipps, wie man sich verhalten soll.\" \/>\n<meta name=\"robots\" content=\"index, follow, max-snippet:-1, max-image-preview:large, max-video-preview:-1\" \/>\n<link rel=\"canonical\" href=\"https:\/\/news.save.ch\/fr\/namen-von-bundesstellen-und-firmen-werden-missbraucht\/\" \/>\n<meta property=\"og:locale\" content=\"fr_FR\" \/>\n<meta property=\"og:type\" content=\"article\" \/>\n<meta property=\"og:title\" content=\"Namen von Bundesstellen und Firmen missbraucht - Save\" \/>\n<meta property=\"og:description\" content=\"J\u00fcngst hat der Missbrauch der Namen von Bundesstellen und bekannten Firmen als Absenderadresse zugenommen. Ein paar Tipps, wie man sich verhalten soll.\" \/>\n<meta property=\"og:url\" content=\"https:\/\/news.save.ch\/fr\/namen-von-bundesstellen-und-firmen-werden-missbraucht\/\" \/>\n<meta property=\"og:site_name\" content=\"Save\" \/>\n<meta property=\"article:published_time\" content=\"2017-05-05T07:53:54+00:00\" \/>\n<meta property=\"og:image\" content=\"https:\/\/news.save.ch\/wp-content\/uploads\/2017\/05\/Rechnung.jpg\" \/>\n\t<meta property=\"og:image:width\" content=\"731\" \/>\n\t<meta property=\"og:image:height\" content=\"915\" \/>\n\t<meta property=\"og:image:type\" content=\"image\/jpeg\" \/>\n<meta name=\"author\" content=\"Roger Str\u00e4ssle\" \/>\n<meta name=\"twitter:card\" content=\"summary_large_image\" \/>\n<meta name=\"twitter:label1\" content=\"\u00c9crit par\" \/>\n\t<meta name=\"twitter:data1\" content=\"Roger Str\u00e4ssle\" \/>\n\t<meta name=\"twitter:label2\" content=\"Dur\u00e9e de lecture estim\u00e9e\" \/>\n\t<meta name=\"twitter:data2\" content=\"3 minutes\" \/>\n<script type=\"application\/ld+json\" class=\"yoast-schema-graph\">{\"@context\":\"https:\\\/\\\/schema.org\",\"@graph\":[{\"@type\":\"Article\",\"@id\":\"https:\\\/\\\/news.save.ch\\\/namen-von-bundesstellen-und-firmen-werden-missbraucht\\\/#article\",\"isPartOf\":{\"@id\":\"https:\\\/\\\/news.save.ch\\\/namen-von-bundesstellen-und-firmen-werden-missbraucht\\\/\"},\"author\":{\"name\":\"Roger Str\u00e4ssle\",\"@id\":\"https:\\\/\\\/news.save.ch\\\/de\\\/#\\\/schema\\\/person\\\/d5022db048e0e2b9785c50e5b24da5aa\"},\"headline\":\"Namen von Bundesstellen und Firmen missbraucht\",\"datePublished\":\"2017-05-05T07:53:54+00:00\",\"mainEntityOfPage\":{\"@id\":\"https:\\\/\\\/news.save.ch\\\/namen-von-bundesstellen-und-firmen-werden-missbraucht\\\/\"},\"wordCount\":567,\"commentCount\":0,\"publisher\":{\"@id\":\"https:\\\/\\\/news.save.ch\\\/de\\\/#organization\"},\"image\":{\"@id\":\"https:\\\/\\\/news.save.ch\\\/namen-von-bundesstellen-und-firmen-werden-missbraucht\\\/#primaryimage\"},\"thumbnailUrl\":\"https:\\\/\\\/news.save.ch\\\/wp-content\\\/uploads\\\/2017\\\/05\\\/Rechnung.jpg\",\"keywords\":[\"ICT-Sicherheit\",\"IT-SECURITY\",\"Kriminalit\u00e4t\"],\"articleSection\":[\"ALLGEMEIN\"],\"inLanguage\":\"fr-FR\"},{\"@type\":\"WebPage\",\"@id\":\"https:\\\/\\\/news.save.ch\\\/namen-von-bundesstellen-und-firmen-werden-missbraucht\\\/\",\"url\":\"https:\\\/\\\/news.save.ch\\\/namen-von-bundesstellen-und-firmen-werden-missbraucht\\\/\",\"name\":\"Namen von Bundesstellen und Firmen missbraucht - Save\",\"isPartOf\":{\"@id\":\"https:\\\/\\\/news.save.ch\\\/de\\\/#website\"},\"primaryImageOfPage\":{\"@id\":\"https:\\\/\\\/news.save.ch\\\/namen-von-bundesstellen-und-firmen-werden-missbraucht\\\/#primaryimage\"},\"image\":{\"@id\":\"https:\\\/\\\/news.save.ch\\\/namen-von-bundesstellen-und-firmen-werden-missbraucht\\\/#primaryimage\"},\"thumbnailUrl\":\"https:\\\/\\\/news.save.ch\\\/wp-content\\\/uploads\\\/2017\\\/05\\\/Rechnung.jpg\",\"datePublished\":\"2017-05-05T07:53:54+00:00\",\"description\":\"J\u00fcngst hat der Missbrauch der Namen von Bundesstellen und bekannten Firmen als Absenderadresse zugenommen. Ein paar Tipps, wie man sich verhalten soll.\",\"breadcrumb\":{\"@id\":\"https:\\\/\\\/news.save.ch\\\/namen-von-bundesstellen-und-firmen-werden-missbraucht\\\/#breadcrumb\"},\"inLanguage\":\"fr-FR\",\"potentialAction\":[{\"@type\":\"ReadAction\",\"target\":[\"https:\\\/\\\/news.save.ch\\\/namen-von-bundesstellen-und-firmen-werden-missbraucht\\\/\"]}]},{\"@type\":\"ImageObject\",\"inLanguage\":\"fr-FR\",\"@id\":\"https:\\\/\\\/news.save.ch\\\/namen-von-bundesstellen-und-firmen-werden-missbraucht\\\/#primaryimage\",\"url\":\"https:\\\/\\\/news.save.ch\\\/wp-content\\\/uploads\\\/2017\\\/05\\\/Rechnung.jpg\",\"contentUrl\":\"https:\\\/\\\/news.save.ch\\\/wp-content\\\/uploads\\\/2017\\\/05\\\/Rechnung.jpg\",\"width\":731,\"height\":915,\"caption\":\"Quelle: MELANI\"},{\"@type\":\"BreadcrumbList\",\"@id\":\"https:\\\/\\\/news.save.ch\\\/namen-von-bundesstellen-und-firmen-werden-missbraucht\\\/#breadcrumb\",\"itemListElement\":[{\"@type\":\"ListItem\",\"position\":1,\"name\":\"Home\",\"item\":\"https:\\\/\\\/news.save.ch\\\/de\\\/\"},{\"@type\":\"ListItem\",\"position\":2,\"name\":\"Namen von Bundesstellen und Firmen missbraucht\"}]},{\"@type\":\"WebSite\",\"@id\":\"https:\\\/\\\/news.save.ch\\\/de\\\/#website\",\"url\":\"https:\\\/\\\/news.save.ch\\\/de\\\/\",\"name\":\"Save\",\"description\":\"Schweizer Fachzeitschrift f\u00fcr Sicherheit\",\"publisher\":{\"@id\":\"https:\\\/\\\/news.save.ch\\\/de\\\/#organization\"},\"potentialAction\":[{\"@type\":\"SearchAction\",\"target\":{\"@type\":\"EntryPoint\",\"urlTemplate\":\"https:\\\/\\\/news.save.ch\\\/de\\\/?s={search_term_string}\"},\"query-input\":{\"@type\":\"PropertyValueSpecification\",\"valueRequired\":true,\"valueName\":\"search_term_string\"}}],\"inLanguage\":\"fr-FR\"},{\"@type\":\"Organization\",\"@id\":\"https:\\\/\\\/news.save.ch\\\/de\\\/#organization\",\"name\":\"Sicherheitsforum\",\"url\":\"https:\\\/\\\/news.save.ch\\\/de\\\/\",\"logo\":{\"@type\":\"ImageObject\",\"inLanguage\":\"fr-FR\",\"@id\":\"https:\\\/\\\/news.save.ch\\\/de\\\/#\\\/schema\\\/logo\\\/image\\\/\",\"url\":\"https:\\\/\\\/news.save.ch\\\/wp-content\\\/uploads\\\/2022\\\/06\\\/Logo_SF_2012.png\",\"contentUrl\":\"https:\\\/\\\/news.save.ch\\\/wp-content\\\/uploads\\\/2022\\\/06\\\/Logo_SF_2012.png\",\"width\":1100,\"height\":91,\"caption\":\"Sicherheitsforum\"},\"image\":{\"@id\":\"https:\\\/\\\/news.save.ch\\\/de\\\/#\\\/schema\\\/logo\\\/image\\\/\"}},{\"@type\":\"Person\",\"@id\":\"https:\\\/\\\/news.save.ch\\\/de\\\/#\\\/schema\\\/person\\\/d5022db048e0e2b9785c50e5b24da5aa\",\"name\":\"Roger Str\u00e4ssle\",\"image\":{\"@type\":\"ImageObject\",\"inLanguage\":\"fr-FR\",\"@id\":\"https:\\\/\\\/secure.gravatar.com\\\/avatar\\\/862a5569d087de48e5856e32f45d719a03804c891d6deb8d4f71a660e79e4a47?s=96&d=mm&r=g\",\"url\":\"https:\\\/\\\/secure.gravatar.com\\\/avatar\\\/862a5569d087de48e5856e32f45d719a03804c891d6deb8d4f71a660e79e4a47?s=96&d=mm&r=g\",\"contentUrl\":\"https:\\\/\\\/secure.gravatar.com\\\/avatar\\\/862a5569d087de48e5856e32f45d719a03804c891d6deb8d4f71a660e79e4a47?s=96&d=mm&r=g\",\"caption\":\"Roger Str\u00e4ssle\"},\"url\":\"https:\\\/\\\/news.save.ch\\\/fr\\\/author\\\/roger-straessle\\\/\"}]}<\/script>\n<!-- \/ Yoast SEO plugin. -->","yoast_head_json":{"title":"Noms de services f\u00e9d\u00e9raux et d'entreprises utilis\u00e9s de mani\u00e8re abusive - Save","description":"R\u00e9cemment, l'utilisation abusive des noms de services f\u00e9d\u00e9raux et d'entreprises connues comme adresse d'exp\u00e9diteur a augment\u00e9. Quelques conseils sur la mani\u00e8re de se comporter.","robots":{"index":"index","follow":"follow","max-snippet":"max-snippet:-1","max-image-preview":"max-image-preview:large","max-video-preview":"max-video-preview:-1"},"canonical":"https:\/\/news.save.ch\/fr\/namen-von-bundesstellen-und-firmen-werden-missbraucht\/","og_locale":"fr_FR","og_type":"article","og_title":"Namen von Bundesstellen und Firmen missbraucht - Save","og_description":"J\u00fcngst hat der Missbrauch der Namen von Bundesstellen und bekannten Firmen als Absenderadresse zugenommen. Ein paar Tipps, wie man sich verhalten soll.","og_url":"https:\/\/news.save.ch\/fr\/namen-von-bundesstellen-und-firmen-werden-missbraucht\/","og_site_name":"Save","article_published_time":"2017-05-05T07:53:54+00:00","og_image":[{"width":731,"height":915,"url":"https:\/\/news.save.ch\/wp-content\/uploads\/2017\/05\/Rechnung.jpg","type":"image\/jpeg"}],"author":"Roger Str\u00e4ssle","twitter_card":"summary_large_image","twitter_misc":{"\u00c9crit par":"Roger Str\u00e4ssle","Dur\u00e9e de lecture estim\u00e9e":"3 minutes"},"schema":{"@context":"https:\/\/schema.org","@graph":[{"@type":"Article","@id":"https:\/\/news.save.ch\/namen-von-bundesstellen-und-firmen-werden-missbraucht\/#article","isPartOf":{"@id":"https:\/\/news.save.ch\/namen-von-bundesstellen-und-firmen-werden-missbraucht\/"},"author":{"name":"Roger Str\u00e4ssle","@id":"https:\/\/news.save.ch\/de\/#\/schema\/person\/d5022db048e0e2b9785c50e5b24da5aa"},"headline":"Namen von Bundesstellen und Firmen missbraucht","datePublished":"2017-05-05T07:53:54+00:00","mainEntityOfPage":{"@id":"https:\/\/news.save.ch\/namen-von-bundesstellen-und-firmen-werden-missbraucht\/"},"wordCount":567,"commentCount":0,"publisher":{"@id":"https:\/\/news.save.ch\/de\/#organization"},"image":{"@id":"https:\/\/news.save.ch\/namen-von-bundesstellen-und-firmen-werden-missbraucht\/#primaryimage"},"thumbnailUrl":"https:\/\/news.save.ch\/wp-content\/uploads\/2017\/05\/Rechnung.jpg","keywords":["ICT-Sicherheit","IT-SECURITY","Kriminalit\u00e4t"],"articleSection":["ALLGEMEIN"],"inLanguage":"fr-FR"},{"@type":"WebPage","@id":"https:\/\/news.save.ch\/namen-von-bundesstellen-und-firmen-werden-missbraucht\/","url":"https:\/\/news.save.ch\/namen-von-bundesstellen-und-firmen-werden-missbraucht\/","name":"Noms de services f\u00e9d\u00e9raux et d'entreprises utilis\u00e9s de mani\u00e8re abusive - Save","isPartOf":{"@id":"https:\/\/news.save.ch\/de\/#website"},"primaryImageOfPage":{"@id":"https:\/\/news.save.ch\/namen-von-bundesstellen-und-firmen-werden-missbraucht\/#primaryimage"},"image":{"@id":"https:\/\/news.save.ch\/namen-von-bundesstellen-und-firmen-werden-missbraucht\/#primaryimage"},"thumbnailUrl":"https:\/\/news.save.ch\/wp-content\/uploads\/2017\/05\/Rechnung.jpg","datePublished":"2017-05-05T07:53:54+00:00","description":"R\u00e9cemment, l'utilisation abusive des noms de services f\u00e9d\u00e9raux et d'entreprises connues comme adresse d'exp\u00e9diteur a augment\u00e9. Quelques conseils sur la mani\u00e8re de se comporter.","breadcrumb":{"@id":"https:\/\/news.save.ch\/namen-von-bundesstellen-und-firmen-werden-missbraucht\/#breadcrumb"},"inLanguage":"fr-FR","potentialAction":[{"@type":"ReadAction","target":["https:\/\/news.save.ch\/namen-von-bundesstellen-und-firmen-werden-missbraucht\/"]}]},{"@type":"ImageObject","inLanguage":"fr-FR","@id":"https:\/\/news.save.ch\/namen-von-bundesstellen-und-firmen-werden-missbraucht\/#primaryimage","url":"https:\/\/news.save.ch\/wp-content\/uploads\/2017\/05\/Rechnung.jpg","contentUrl":"https:\/\/news.save.ch\/wp-content\/uploads\/2017\/05\/Rechnung.jpg","width":731,"height":915,"caption":"Quelle: MELANI"},{"@type":"BreadcrumbList","@id":"https:\/\/news.save.ch\/namen-von-bundesstellen-und-firmen-werden-missbraucht\/#breadcrumb","itemListElement":[{"@type":"ListItem","position":1,"name":"Home","item":"https:\/\/news.save.ch\/de\/"},{"@type":"ListItem","position":2,"name":"Namen von Bundesstellen und Firmen missbraucht"}]},{"@type":"WebSite","@id":"https:\/\/news.save.ch\/de\/#website","url":"https:\/\/news.save.ch\/de\/","name":"Save","description":"Revue suisse sp\u00e9cialis\u00e9e dans la s\u00e9curit\u00e9","publisher":{"@id":"https:\/\/news.save.ch\/de\/#organization"},"potentialAction":[{"@type":"SearchAction","target":{"@type":"EntryPoint","urlTemplate":"https:\/\/news.save.ch\/de\/?s={search_term_string}"},"query-input":{"@type":"PropertyValueSpecification","valueRequired":true,"valueName":"search_term_string"}}],"inLanguage":"fr-FR"},{"@type":"Organization","@id":"https:\/\/news.save.ch\/de\/#organization","name":"Forum sur la s\u00e9curit\u00e9","url":"https:\/\/news.save.ch\/de\/","logo":{"@type":"ImageObject","inLanguage":"fr-FR","@id":"https:\/\/news.save.ch\/de\/#\/schema\/logo\/image\/","url":"https:\/\/news.save.ch\/wp-content\/uploads\/2022\/06\/Logo_SF_2012.png","contentUrl":"https:\/\/news.save.ch\/wp-content\/uploads\/2022\/06\/Logo_SF_2012.png","width":1100,"height":91,"caption":"Sicherheitsforum"},"image":{"@id":"https:\/\/news.save.ch\/de\/#\/schema\/logo\/image\/"}},{"@type":"Person","@id":"https:\/\/news.save.ch\/de\/#\/schema\/person\/d5022db048e0e2b9785c50e5b24da5aa","name":"Roger Str\u00e4ssle","image":{"@type":"ImageObject","inLanguage":"fr-FR","@id":"https:\/\/secure.gravatar.com\/avatar\/862a5569d087de48e5856e32f45d719a03804c891d6deb8d4f71a660e79e4a47?s=96&d=mm&r=g","url":"https:\/\/secure.gravatar.com\/avatar\/862a5569d087de48e5856e32f45d719a03804c891d6deb8d4f71a660e79e4a47?s=96&d=mm&r=g","contentUrl":"https:\/\/secure.gravatar.com\/avatar\/862a5569d087de48e5856e32f45d719a03804c891d6deb8d4f71a660e79e4a47?s=96&d=mm&r=g","caption":"Roger Str\u00e4ssle"},"url":"https:\/\/news.save.ch\/fr\/author\/roger-straessle\/"}]}},"_links":{"self":[{"href":"https:\/\/news.save.ch\/fr\/wp-json\/wp\/v2\/posts\/4768","targetHints":{"allow":["GET"]}}],"collection":[{"href":"https:\/\/news.save.ch\/fr\/wp-json\/wp\/v2\/posts"}],"about":[{"href":"https:\/\/news.save.ch\/fr\/wp-json\/wp\/v2\/types\/post"}],"author":[{"embeddable":true,"href":"https:\/\/news.save.ch\/fr\/wp-json\/wp\/v2\/users\/8"}],"replies":[{"embeddable":true,"href":"https:\/\/news.save.ch\/fr\/wp-json\/wp\/v2\/comments?post=4768"}],"version-history":[{"count":0,"href":"https:\/\/news.save.ch\/fr\/wp-json\/wp\/v2\/posts\/4768\/revisions"}],"wp:featuredmedia":[{"embeddable":true,"href":"https:\/\/news.save.ch\/fr\/wp-json\/wp\/v2\/media\/4770"}],"wp:attachment":[{"href":"https:\/\/news.save.ch\/fr\/wp-json\/wp\/v2\/media?parent=4768"}],"wp:term":[{"taxonomy":"category","embeddable":true,"href":"https:\/\/news.save.ch\/fr\/wp-json\/wp\/v2\/categories?post=4768"},{"taxonomy":"post_tag","embeddable":true,"href":"https:\/\/news.save.ch\/fr\/wp-json\/wp\/v2\/tags?post=4768"}],"curies":[{"name":"wp","href":"https:\/\/api.w.org\/{rel}","templated":true}]}}