{"id":4812,"date":"2017-05-16T09:42:08","date_gmt":"2017-05-16T07:42:08","guid":{"rendered":"https:\/\/news.save.ch\/?p=4812"},"modified":"2023-03-14T08:57:04","modified_gmt":"2023-03-14T07:57:04","slug":"wie-abwehrfaehig-sind-schweizer-unternehmen","status":null,"type":"post","link":"https:\/\/news.save.ch\/fr\/wie-abwehrfaehig-sind-schweizer-unternehmen\/","title":{"rendered":"Ransomware : quelle est la capacit\u00e9 de d\u00e9fense des entreprises suisses ?"},"content":{"rendered":"<figure id=\"attachment_4813\" aria-describedby=\"caption-attachment-4813\" style=\"width: 680px\" class=\"wp-caption aligncenter\"><img loading=\"lazy\" decoding=\"async\" class=\"size-medium wp-image-4813\" src=\"https:\/\/news.save.ch\/wp-content\/uploads\/2017\/05\/Depositphotos_106519254_l-2015.jpg\" alt=\"\" width=\"680\" height=\"480\" \/><figcaption id=\"caption-attachment-4813\" class=\"wp-caption-text\">\u00a9 depositphotos<\/figcaption><\/figure>\n<p><a href=\"https:\/\/www.advact.ch\/\">Advact<\/a> s'est pench\u00e9 sur la question de la capacit\u00e9 de d\u00e9fense en attaquant 42 entreprises suisses. Le r\u00e9sultat a \u00e9t\u00e9 d\u00e9cevant : dans 41 entreprises, au moins un collaborateur a ouvert la pi\u00e8ce jointe du courriel potentiellement infect\u00e9e par un ransomware.<\/p>\n<p><strong>Les infections se font par e-mail <\/strong><\/p>\n<p>\"Wanna Cry\" illustre une fois de plus les effets des ransomwares, selon l'entreprise active dans la s\u00e9curit\u00e9 de l'information. M\u00eame si \"Wanna Cry\" se concentre fortement sur la diffusion automatique par l'exploitation d'une faille dans Windows, de nombreuses infections par \"Wanna Cry\" ont lieu - comme c'est g\u00e9n\u00e9ralement le cas pour les ransomwares - par e-mail.<\/p>\n<p><strong>Plus de 21'000 collaborateurs contr\u00f4l\u00e9s<\/strong><\/p>\n<p>Actuellement, la Suisse semble encore relativement peu touch\u00e9e par les attaques. Mais que se passerait-il si les entreprises, les h\u00f4pitaux, etc. de notre pays \u00e9taient pris pour cible ? Comment les collaborateurs se comporteraient-ils ? Entre le 8 mai et le 12 mai 2017, Advact a envoy\u00e9, en accord avec les entreprises participantes, un e-mail contenant un ransomware \u00e0 un total de 21 662 collaborateurs de 42 entreprises suisses diff\u00e9rentes et a \u00e9valu\u00e9 leur r\u00e9action : 1 803 personnes ont ex\u00e9cut\u00e9 le logiciel malveillant en pi\u00e8ce jointe et pourraient avoir \u00e9t\u00e9 infect\u00e9es par \"Wanna Cry\", par exemple. Cela correspond \u00e0 8,3% de tous les destinataires d'e-mails.<\/p>\n<p>Apr\u00e8s l'\u00e9valuation, tous les collaborateurs ont re\u00e7u des explications sur le test. Gr\u00e2ce \u00e0 l'exp\u00e9rience et \u00e0 l'information, les participants apprennent \u00e0 comprendre plus rapidement les m\u00e9canismes d'attaque et \u00e0 r\u00e9agir correctement en cas d'urgence, comme le souligne Advact. Le benchmark d'attachement offre ainsi bien plus qu'une simple comparaison entre entreprises.<\/p>\n<p>Vous trouverez ci-dessous les r\u00e9sultats anonymes des entreprises participantes :<\/p>\n<p><img loading=\"lazy\" decoding=\"async\" class=\"size-medium wp-image-4816\" src=\"https:\/\/news.save.ch\/wp-content\/uploads\/2017\/05\/Ergebnis.jpg\" alt=\"\" width=\"680\" height=\"967\" srcset=\"https:\/\/news.save.ch\/wp-content\/uploads\/2017\/05\/Ergebnis.jpg 822w, https:\/\/news.save.ch\/wp-content\/uploads\/2017\/05\/Ergebnis-211x300.jpg 211w\" sizes=\"auto, (max-width: 680px) 100vw, 680px\" \/><\/p>\n<p><strong>Conseils pour s'armer<\/strong><\/p>\n<p>Et parce que les attaques de ransomware sont probablement in\u00e9vitables, le site fournit <a href=\"https:\/\/www.acronis.com\">Acronis<\/a> quelques conseils pour se pr\u00e9munir contre d'\u00e9ventuelles attaques de logiciels malveillants :<\/p>\n<ul>\n<li>Maintenez toujours le syst\u00e8me d'exploitation \u00e0 jour. Les mises \u00e0 jour sont con\u00e7ues pour repousser les derniers parasites connus et pour combler les points faibles.<\/li>\n<li>N'ouvrez pas les e-mails d'inconnus ou les fichiers joints dont vous ne connaissez pas la source. Il s'agit toujours du mode de diffusion le plus populaire des ransomwares.<\/li>\n<li>Sauvegardez vos donn\u00e9es en effectuant des sauvegardes r\u00e9guli\u00e8res. L'intervalle des sauvegardes d\u00e9pend du nombre de nouvelles donn\u00e9es que vous g\u00e9n\u00e9rez par jour et du nombre de donn\u00e9es dont vous pouvez vous passer en cas de perte de donn\u00e9es sans nuire \u00e0 votre entreprise. La sauvegarde doit inclure les informations relatives au syst\u00e8me d'exploitation. En outre, les donn\u00e9es de sauvegarde doivent \u00e9galement \u00eatre s\u00e9curis\u00e9es, car certaines versions de ransomware s'attaquent \u00e9galement \u00e0 ces donn\u00e9es.<\/li>\n<li>Utilisez des offres de cloud s\u00e9curis\u00e9es pour une s\u00e9curit\u00e9 suppl\u00e9mentaire.<\/li>\n<\/ul>","protected":false},"excerpt":{"rendered":"<p>Advact ging der Frage der Abwehrf\u00e4higkeit mit einem Angriff auf 42 Schweizer Unternehmen auf den Grund. Das ern\u00fcchternde Ergebnis: In 41 Unternehmen \u00f6ffnete mindestens ein Mitarbeitender das mit potenzieller Ransomware verseuchte Email-Attachment. Infektionen finden per Email statt \u201eWanna Cry\u201c zeige einmal mehr die Auswirkungen von Ransomware auf, so das in der Informationssicherheit t\u00e4tige Unternehmen. Auch [&hellip;]<\/p>\n","protected":false},"author":8,"featured_media":4813,"comment_status":"open","ping_status":"open","sticky":false,"template":"","format":"standard","meta":{"_acf_changed":false,"pgc_sgb_lightbox_settings":"","footnotes":""},"categories":[3313],"tags":[96,62],"class_list":["post-4812","post","type-post","status-publish","format-standard","has-post-thumbnail","hentry","category-digitalisierung","tag-cyber-crime","tag-ict-sicherheit"],"acf":[],"hkrextid":null,"publication":null,"issue":null,"workflow":null,"startPage":null,"spitzmarke":null,"_posts_by_tag_page_fields":{"widget_title":"","widget_tags":""},"_at_widget":"1","_yoast_wpseo_primary_category":"2","_yoast_wpseo_focuskw_text_input":"Ransomware","_yoast_wpseo_opengraph-image":null,"_yoast_wpseo_opengraph-description":null,"_yoast_wpseo_opengraph-title":null,"enclosure":null,"_yoast_wpseo_twitter-title":null,"_yoast_wpseo_twitter-description":null,"_yoast_wpseo_twitter-image":null,"_wp_old_slug":null,"_yoast_wpseo_title":null,"_yoast_wpseo_canonical":null,"yoast_head":"<!-- This site is optimized with the Yoast SEO plugin v27.5 - https:\/\/yoast.com\/product\/yoast-seo-wordpress\/ -->\n<title>Ransomware: Wie abwehrf\u00e4hig sind Schweizer Unternehmen? - Save<\/title>\n<meta name=\"description\" content=\"Wie abwehrf\u00e4hig sind Unternehmen, wenn sie ins Visier von Ransomware wie beispielsweise \u201eWanna Cry\u201c geraten? Advact hat 42 CH-Firmen bewusst angegriffen.\" \/>\n<meta name=\"robots\" content=\"index, follow, max-snippet:-1, max-image-preview:large, max-video-preview:-1\" \/>\n<link rel=\"canonical\" href=\"https:\/\/news.save.ch\/fr\/wie-abwehrfaehig-sind-schweizer-unternehmen\/\" \/>\n<meta property=\"og:locale\" content=\"fr_FR\" \/>\n<meta property=\"og:type\" content=\"article\" \/>\n<meta property=\"og:title\" content=\"Ransomware: Wie abwehrf\u00e4hig sind Schweizer Unternehmen? - Save\" \/>\n<meta property=\"og:description\" content=\"Wie abwehrf\u00e4hig sind Unternehmen, wenn sie ins Visier von Ransomware wie beispielsweise \u201eWanna Cry\u201c geraten? Advact hat 42 CH-Firmen bewusst angegriffen.\" \/>\n<meta property=\"og:url\" content=\"https:\/\/news.save.ch\/fr\/wie-abwehrfaehig-sind-schweizer-unternehmen\/\" \/>\n<meta property=\"og:site_name\" content=\"Save\" \/>\n<meta property=\"article:published_time\" content=\"2017-05-16T07:42:08+00:00\" \/>\n<meta property=\"article:modified_time\" content=\"2023-03-14T07:57:04+00:00\" \/>\n<meta property=\"og:image\" content=\"https:\/\/news.save.ch\/wp-content\/uploads\/2017\/05\/Depositphotos_106519254_l-2015-scaled.jpg\" \/>\n\t<meta property=\"og:image:width\" content=\"1400\" \/>\n\t<meta property=\"og:image:height\" content=\"989\" \/>\n\t<meta property=\"og:image:type\" content=\"image\/jpeg\" \/>\n<meta name=\"author\" content=\"Roger Str\u00e4ssle\" \/>\n<meta name=\"twitter:card\" content=\"summary_large_image\" \/>\n<meta name=\"twitter:label1\" content=\"\u00c9crit par\" \/>\n\t<meta name=\"twitter:data1\" content=\"Roger Str\u00e4ssle\" \/>\n\t<meta name=\"twitter:label2\" content=\"Dur\u00e9e de lecture estim\u00e9e\" \/>\n\t<meta name=\"twitter:data2\" content=\"2 minutes\" \/>\n<script type=\"application\/ld+json\" class=\"yoast-schema-graph\">{\"@context\":\"https:\\\/\\\/schema.org\",\"@graph\":[{\"@type\":\"Article\",\"@id\":\"https:\\\/\\\/news.save.ch\\\/wie-abwehrfaehig-sind-schweizer-unternehmen\\\/#article\",\"isPartOf\":{\"@id\":\"https:\\\/\\\/news.save.ch\\\/wie-abwehrfaehig-sind-schweizer-unternehmen\\\/\"},\"author\":{\"name\":\"Roger Str\u00e4ssle\",\"@id\":\"https:\\\/\\\/news.save.ch\\\/de\\\/#\\\/schema\\\/person\\\/d5022db048e0e2b9785c50e5b24da5aa\"},\"headline\":\"Ransomware: Wie abwehrf\u00e4hig sind Schweizer Unternehmen?\",\"datePublished\":\"2017-05-16T07:42:08+00:00\",\"dateModified\":\"2023-03-14T07:57:04+00:00\",\"mainEntityOfPage\":{\"@id\":\"https:\\\/\\\/news.save.ch\\\/wie-abwehrfaehig-sind-schweizer-unternehmen\\\/\"},\"wordCount\":395,\"commentCount\":0,\"publisher\":{\"@id\":\"https:\\\/\\\/news.save.ch\\\/de\\\/#organization\"},\"image\":{\"@id\":\"https:\\\/\\\/news.save.ch\\\/wie-abwehrfaehig-sind-schweizer-unternehmen\\\/#primaryimage\"},\"thumbnailUrl\":\"https:\\\/\\\/news.save.ch\\\/wp-content\\\/uploads\\\/2017\\\/05\\\/Depositphotos_106519254_l-2015-scaled.jpg\",\"keywords\":[\"Cyber-Crime\",\"ICT-Sicherheit\"],\"articleSection\":[\"DIGITALISIERUNG\"],\"inLanguage\":\"fr-FR\"},{\"@type\":\"WebPage\",\"@id\":\"https:\\\/\\\/news.save.ch\\\/wie-abwehrfaehig-sind-schweizer-unternehmen\\\/\",\"url\":\"https:\\\/\\\/news.save.ch\\\/wie-abwehrfaehig-sind-schweizer-unternehmen\\\/\",\"name\":\"Ransomware: Wie abwehrf\u00e4hig sind Schweizer Unternehmen? - Save\",\"isPartOf\":{\"@id\":\"https:\\\/\\\/news.save.ch\\\/de\\\/#website\"},\"primaryImageOfPage\":{\"@id\":\"https:\\\/\\\/news.save.ch\\\/wie-abwehrfaehig-sind-schweizer-unternehmen\\\/#primaryimage\"},\"image\":{\"@id\":\"https:\\\/\\\/news.save.ch\\\/wie-abwehrfaehig-sind-schweizer-unternehmen\\\/#primaryimage\"},\"thumbnailUrl\":\"https:\\\/\\\/news.save.ch\\\/wp-content\\\/uploads\\\/2017\\\/05\\\/Depositphotos_106519254_l-2015-scaled.jpg\",\"datePublished\":\"2017-05-16T07:42:08+00:00\",\"dateModified\":\"2023-03-14T07:57:04+00:00\",\"description\":\"Wie abwehrf\u00e4hig sind Unternehmen, wenn sie ins Visier von Ransomware wie beispielsweise \u201eWanna Cry\u201c geraten? Advact hat 42 CH-Firmen bewusst angegriffen.\",\"breadcrumb\":{\"@id\":\"https:\\\/\\\/news.save.ch\\\/wie-abwehrfaehig-sind-schweizer-unternehmen\\\/#breadcrumb\"},\"inLanguage\":\"fr-FR\",\"potentialAction\":[{\"@type\":\"ReadAction\",\"target\":[\"https:\\\/\\\/news.save.ch\\\/wie-abwehrfaehig-sind-schweizer-unternehmen\\\/\"]}]},{\"@type\":\"ImageObject\",\"inLanguage\":\"fr-FR\",\"@id\":\"https:\\\/\\\/news.save.ch\\\/wie-abwehrfaehig-sind-schweizer-unternehmen\\\/#primaryimage\",\"url\":\"https:\\\/\\\/news.save.ch\\\/wp-content\\\/uploads\\\/2017\\\/05\\\/Depositphotos_106519254_l-2015-scaled.jpg\",\"contentUrl\":\"https:\\\/\\\/news.save.ch\\\/wp-content\\\/uploads\\\/2017\\\/05\\\/Depositphotos_106519254_l-2015-scaled.jpg\",\"width\":1400,\"height\":989,\"caption\":\"\u00a9 depositphotos\"},{\"@type\":\"BreadcrumbList\",\"@id\":\"https:\\\/\\\/news.save.ch\\\/wie-abwehrfaehig-sind-schweizer-unternehmen\\\/#breadcrumb\",\"itemListElement\":[{\"@type\":\"ListItem\",\"position\":1,\"name\":\"Home\",\"item\":\"https:\\\/\\\/news.save.ch\\\/de\\\/\"},{\"@type\":\"ListItem\",\"position\":2,\"name\":\"Ransomware: Wie abwehrf\u00e4hig sind Schweizer Unternehmen?\"}]},{\"@type\":\"WebSite\",\"@id\":\"https:\\\/\\\/news.save.ch\\\/de\\\/#website\",\"url\":\"https:\\\/\\\/news.save.ch\\\/de\\\/\",\"name\":\"Save\",\"description\":\"Schweizer Fachzeitschrift f\u00fcr Sicherheit\",\"publisher\":{\"@id\":\"https:\\\/\\\/news.save.ch\\\/de\\\/#organization\"},\"potentialAction\":[{\"@type\":\"SearchAction\",\"target\":{\"@type\":\"EntryPoint\",\"urlTemplate\":\"https:\\\/\\\/news.save.ch\\\/de\\\/?s={search_term_string}\"},\"query-input\":{\"@type\":\"PropertyValueSpecification\",\"valueRequired\":true,\"valueName\":\"search_term_string\"}}],\"inLanguage\":\"fr-FR\"},{\"@type\":\"Organization\",\"@id\":\"https:\\\/\\\/news.save.ch\\\/de\\\/#organization\",\"name\":\"Sicherheitsforum\",\"url\":\"https:\\\/\\\/news.save.ch\\\/de\\\/\",\"logo\":{\"@type\":\"ImageObject\",\"inLanguage\":\"fr-FR\",\"@id\":\"https:\\\/\\\/news.save.ch\\\/de\\\/#\\\/schema\\\/logo\\\/image\\\/\",\"url\":\"https:\\\/\\\/news.save.ch\\\/wp-content\\\/uploads\\\/2022\\\/06\\\/Logo_SF_2012.png\",\"contentUrl\":\"https:\\\/\\\/news.save.ch\\\/wp-content\\\/uploads\\\/2022\\\/06\\\/Logo_SF_2012.png\",\"width\":1100,\"height\":91,\"caption\":\"Sicherheitsforum\"},\"image\":{\"@id\":\"https:\\\/\\\/news.save.ch\\\/de\\\/#\\\/schema\\\/logo\\\/image\\\/\"}},{\"@type\":\"Person\",\"@id\":\"https:\\\/\\\/news.save.ch\\\/de\\\/#\\\/schema\\\/person\\\/d5022db048e0e2b9785c50e5b24da5aa\",\"name\":\"Roger Str\u00e4ssle\",\"image\":{\"@type\":\"ImageObject\",\"inLanguage\":\"fr-FR\",\"@id\":\"https:\\\/\\\/secure.gravatar.com\\\/avatar\\\/862a5569d087de48e5856e32f45d719a03804c891d6deb8d4f71a660e79e4a47?s=96&d=mm&r=g\",\"url\":\"https:\\\/\\\/secure.gravatar.com\\\/avatar\\\/862a5569d087de48e5856e32f45d719a03804c891d6deb8d4f71a660e79e4a47?s=96&d=mm&r=g\",\"contentUrl\":\"https:\\\/\\\/secure.gravatar.com\\\/avatar\\\/862a5569d087de48e5856e32f45d719a03804c891d6deb8d4f71a660e79e4a47?s=96&d=mm&r=g\",\"caption\":\"Roger Str\u00e4ssle\"},\"url\":\"https:\\\/\\\/news.save.ch\\\/fr\\\/author\\\/roger-straessle\\\/\"}]}<\/script>\n<!-- \/ Yoast SEO plugin. -->","yoast_head_json":{"title":"Ransomware : quelle est la capacit\u00e9 de d\u00e9fense des entreprises suisses ? - Sauver","description":"Quelle est la capacit\u00e9 de d\u00e9fense des entreprises lorsqu'elles sont prises pour cible par un ransomware tel que \"Wanna Cry\" ? Advact a sciemment attaqu\u00e9 42 entreprises suisses.","robots":{"index":"index","follow":"follow","max-snippet":"max-snippet:-1","max-image-preview":"max-image-preview:large","max-video-preview":"max-video-preview:-1"},"canonical":"https:\/\/news.save.ch\/fr\/wie-abwehrfaehig-sind-schweizer-unternehmen\/","og_locale":"fr_FR","og_type":"article","og_title":"Ransomware: Wie abwehrf\u00e4hig sind Schweizer Unternehmen? - Save","og_description":"Wie abwehrf\u00e4hig sind Unternehmen, wenn sie ins Visier von Ransomware wie beispielsweise \u201eWanna Cry\u201c geraten? Advact hat 42 CH-Firmen bewusst angegriffen.","og_url":"https:\/\/news.save.ch\/fr\/wie-abwehrfaehig-sind-schweizer-unternehmen\/","og_site_name":"Save","article_published_time":"2017-05-16T07:42:08+00:00","article_modified_time":"2023-03-14T07:57:04+00:00","og_image":[{"width":1400,"height":989,"url":"https:\/\/news.save.ch\/wp-content\/uploads\/2017\/05\/Depositphotos_106519254_l-2015-scaled.jpg","type":"image\/jpeg"}],"author":"Roger Str\u00e4ssle","twitter_card":"summary_large_image","twitter_misc":{"\u00c9crit par":"Roger Str\u00e4ssle","Dur\u00e9e de lecture estim\u00e9e":"2 minutes"},"schema":{"@context":"https:\/\/schema.org","@graph":[{"@type":"Article","@id":"https:\/\/news.save.ch\/wie-abwehrfaehig-sind-schweizer-unternehmen\/#article","isPartOf":{"@id":"https:\/\/news.save.ch\/wie-abwehrfaehig-sind-schweizer-unternehmen\/"},"author":{"name":"Roger Str\u00e4ssle","@id":"https:\/\/news.save.ch\/de\/#\/schema\/person\/d5022db048e0e2b9785c50e5b24da5aa"},"headline":"Ransomware: Wie abwehrf\u00e4hig sind Schweizer Unternehmen?","datePublished":"2017-05-16T07:42:08+00:00","dateModified":"2023-03-14T07:57:04+00:00","mainEntityOfPage":{"@id":"https:\/\/news.save.ch\/wie-abwehrfaehig-sind-schweizer-unternehmen\/"},"wordCount":395,"commentCount":0,"publisher":{"@id":"https:\/\/news.save.ch\/de\/#organization"},"image":{"@id":"https:\/\/news.save.ch\/wie-abwehrfaehig-sind-schweizer-unternehmen\/#primaryimage"},"thumbnailUrl":"https:\/\/news.save.ch\/wp-content\/uploads\/2017\/05\/Depositphotos_106519254_l-2015-scaled.jpg","keywords":["Cyber-Crime","ICT-Sicherheit"],"articleSection":["DIGITALISIERUNG"],"inLanguage":"fr-FR"},{"@type":"WebPage","@id":"https:\/\/news.save.ch\/wie-abwehrfaehig-sind-schweizer-unternehmen\/","url":"https:\/\/news.save.ch\/wie-abwehrfaehig-sind-schweizer-unternehmen\/","name":"Ransomware : quelle est la capacit\u00e9 de d\u00e9fense des entreprises suisses ? - Sauver","isPartOf":{"@id":"https:\/\/news.save.ch\/de\/#website"},"primaryImageOfPage":{"@id":"https:\/\/news.save.ch\/wie-abwehrfaehig-sind-schweizer-unternehmen\/#primaryimage"},"image":{"@id":"https:\/\/news.save.ch\/wie-abwehrfaehig-sind-schweizer-unternehmen\/#primaryimage"},"thumbnailUrl":"https:\/\/news.save.ch\/wp-content\/uploads\/2017\/05\/Depositphotos_106519254_l-2015-scaled.jpg","datePublished":"2017-05-16T07:42:08+00:00","dateModified":"2023-03-14T07:57:04+00:00","description":"Quelle est la capacit\u00e9 de d\u00e9fense des entreprises lorsqu'elles sont prises pour cible par un ransomware tel que \"Wanna Cry\" ? Advact a sciemment attaqu\u00e9 42 entreprises suisses.","breadcrumb":{"@id":"https:\/\/news.save.ch\/wie-abwehrfaehig-sind-schweizer-unternehmen\/#breadcrumb"},"inLanguage":"fr-FR","potentialAction":[{"@type":"ReadAction","target":["https:\/\/news.save.ch\/wie-abwehrfaehig-sind-schweizer-unternehmen\/"]}]},{"@type":"ImageObject","inLanguage":"fr-FR","@id":"https:\/\/news.save.ch\/wie-abwehrfaehig-sind-schweizer-unternehmen\/#primaryimage","url":"https:\/\/news.save.ch\/wp-content\/uploads\/2017\/05\/Depositphotos_106519254_l-2015-scaled.jpg","contentUrl":"https:\/\/news.save.ch\/wp-content\/uploads\/2017\/05\/Depositphotos_106519254_l-2015-scaled.jpg","width":1400,"height":989,"caption":"\u00a9 depositphotos"},{"@type":"BreadcrumbList","@id":"https:\/\/news.save.ch\/wie-abwehrfaehig-sind-schweizer-unternehmen\/#breadcrumb","itemListElement":[{"@type":"ListItem","position":1,"name":"Home","item":"https:\/\/news.save.ch\/de\/"},{"@type":"ListItem","position":2,"name":"Ransomware: Wie abwehrf\u00e4hig sind Schweizer Unternehmen?"}]},{"@type":"WebSite","@id":"https:\/\/news.save.ch\/de\/#website","url":"https:\/\/news.save.ch\/de\/","name":"Save","description":"Revue suisse sp\u00e9cialis\u00e9e dans la s\u00e9curit\u00e9","publisher":{"@id":"https:\/\/news.save.ch\/de\/#organization"},"potentialAction":[{"@type":"SearchAction","target":{"@type":"EntryPoint","urlTemplate":"https:\/\/news.save.ch\/de\/?s={search_term_string}"},"query-input":{"@type":"PropertyValueSpecification","valueRequired":true,"valueName":"search_term_string"}}],"inLanguage":"fr-FR"},{"@type":"Organization","@id":"https:\/\/news.save.ch\/de\/#organization","name":"Forum sur la s\u00e9curit\u00e9","url":"https:\/\/news.save.ch\/de\/","logo":{"@type":"ImageObject","inLanguage":"fr-FR","@id":"https:\/\/news.save.ch\/de\/#\/schema\/logo\/image\/","url":"https:\/\/news.save.ch\/wp-content\/uploads\/2022\/06\/Logo_SF_2012.png","contentUrl":"https:\/\/news.save.ch\/wp-content\/uploads\/2022\/06\/Logo_SF_2012.png","width":1100,"height":91,"caption":"Sicherheitsforum"},"image":{"@id":"https:\/\/news.save.ch\/de\/#\/schema\/logo\/image\/"}},{"@type":"Person","@id":"https:\/\/news.save.ch\/de\/#\/schema\/person\/d5022db048e0e2b9785c50e5b24da5aa","name":"Roger Str\u00e4ssle","image":{"@type":"ImageObject","inLanguage":"fr-FR","@id":"https:\/\/secure.gravatar.com\/avatar\/862a5569d087de48e5856e32f45d719a03804c891d6deb8d4f71a660e79e4a47?s=96&d=mm&r=g","url":"https:\/\/secure.gravatar.com\/avatar\/862a5569d087de48e5856e32f45d719a03804c891d6deb8d4f71a660e79e4a47?s=96&d=mm&r=g","contentUrl":"https:\/\/secure.gravatar.com\/avatar\/862a5569d087de48e5856e32f45d719a03804c891d6deb8d4f71a660e79e4a47?s=96&d=mm&r=g","caption":"Roger Str\u00e4ssle"},"url":"https:\/\/news.save.ch\/fr\/author\/roger-straessle\/"}]}},"_links":{"self":[{"href":"https:\/\/news.save.ch\/fr\/wp-json\/wp\/v2\/posts\/4812","targetHints":{"allow":["GET"]}}],"collection":[{"href":"https:\/\/news.save.ch\/fr\/wp-json\/wp\/v2\/posts"}],"about":[{"href":"https:\/\/news.save.ch\/fr\/wp-json\/wp\/v2\/types\/post"}],"author":[{"embeddable":true,"href":"https:\/\/news.save.ch\/fr\/wp-json\/wp\/v2\/users\/8"}],"replies":[{"embeddable":true,"href":"https:\/\/news.save.ch\/fr\/wp-json\/wp\/v2\/comments?post=4812"}],"version-history":[{"count":1,"href":"https:\/\/news.save.ch\/fr\/wp-json\/wp\/v2\/posts\/4812\/revisions"}],"predecessor-version":[{"id":17508,"href":"https:\/\/news.save.ch\/fr\/wp-json\/wp\/v2\/posts\/4812\/revisions\/17508"}],"wp:featuredmedia":[{"embeddable":true,"href":"https:\/\/news.save.ch\/fr\/wp-json\/wp\/v2\/media\/4813"}],"wp:attachment":[{"href":"https:\/\/news.save.ch\/fr\/wp-json\/wp\/v2\/media?parent=4812"}],"wp:term":[{"taxonomy":"category","embeddable":true,"href":"https:\/\/news.save.ch\/fr\/wp-json\/wp\/v2\/categories?post=4812"},{"taxonomy":"post_tag","embeddable":true,"href":"https:\/\/news.save.ch\/fr\/wp-json\/wp\/v2\/tags?post=4812"}],"curies":[{"name":"wp","href":"https:\/\/api.w.org\/{rel}","templated":true}]}}