{"id":482,"date":"2015-06-24T11:39:36","date_gmt":"2015-06-24T09:39:36","guid":{"rendered":"https:\/\/dev.sicherheitsforum.ch\/?p=482"},"modified":"2023-03-14T08:57:38","modified_gmt":"2023-03-14T07:57:38","slug":"social-media-und-kriminalitaet","status":null,"type":"post","link":"https:\/\/news.save.ch\/fr\/social-media-und-kriminalitaet\/","title":{"rendered":"M\u00e9dias sociaux et criminalit\u00e9"},"content":{"rendered":"<figure id=\"attachment_484\" aria-describedby=\"caption-attachment-484\" style=\"width: 680px\" class=\"wp-caption alignnone\"><img loading=\"lazy\" decoding=\"async\" class=\"size-medium wp-image-484\" src=\"https:\/\/sicherheitsforum.ch\/wp-content\/uploads\/2016\/12\/Social-Media-und-Kriminalit\u00e4t-it-security.jpg\" alt=\"d.g. S\u00e9bastien Fanti (avocat et pr\u00e9pos\u00e9 \u00e0 la protection des donn\u00e9es et \u00e0 la transparence du canton du Valais), Dr. Stefan Bl\u00e4ttler (commandant de la police cantonale bernoise et pr\u00e9sident de la CCPCS), ), Adrian Plachesi (mod\u00e9rateur), Corina Eichenberger-Walther (conseill\u00e8re nationale) et\" width=\"680\" height=\"453\" \/><figcaption id=\"caption-attachment-484\" class=\"wp-caption-text\">d.g. S\u00e9bastien Fanti (avocat et pr\u00e9pos\u00e9 \u00e0 la protection des donn\u00e9es et \u00e0 la transparence du canton du Valais), Dr. Stefan Bl\u00e4ttler (commandant de la police cantonale bernoise et pr\u00e9sident de la CCPCS), ), Adrian Plachesi (mod\u00e9rateur), Corina Eichenberger-Walther (conseill\u00e8re nationale)<\/figcaption><\/figure>\n<p>La conclusion unanime du congr\u00e8s a \u00e9t\u00e9 que les risques qui y sont li\u00e9s sont sous-estim\u00e9s \u00e0 tous les niveaux. C'est pourquoi les participants ont demand\u00e9 <a href=\"https:\/\/www.vspb.org\" target=\"_blank\" data-cke-saved-href=\"https:\/\/www.vspb.org\" rel=\"noopener\">FSFP<\/a>-pr\u00e9sident Jean-Marc Widmer : \"Le monde politique doit lui aussi en prendre conscience et mettre \u00e0 la disposition des garants de la s\u00e9curit\u00e9 int\u00e9rieure les instruments appropri\u00e9s\".<\/p>\n<p>Les r\u00e9seaux sociaux comme Facebook, Twitter, YouTube et tous leurs noms enrichissent le quotidien. Pour beaucoup, une journ\u00e9e sans eux est inimaginable. Mais il faut absolument bien r\u00e9fl\u00e9chir \u00e0 ce que l'on communique et comment, car les m\u00e9dias sociaux sont la place virtuelle du village d'aujourd'hui. \"Ne publiez donc rien sur vos canaux que vous n'imprimeriez pas et n'accrocheriez pas \u00e0 c\u00f4t\u00e9 de la fontaine du village\", a recommand\u00e9 Jean-Marc Widmer, pr\u00e9sident de la F\u00e9d\u00e9ration suisse des fonctionnaires de police FSFP, dans son discours d'ouverture, en soulignant : \"Internet n'oublie rien et, comme on le sait dans le domaine de la cybercriminalit\u00e9, les personnes ayant des intentions criminelles trouvent toujours un moyen de se procurer l'acc\u00e8s souhait\u00e9\".<\/p>\n<p><strong>\"Une fois sur le net, toujours sur le net !\"<\/strong><\/p>\n<p>Dans son expos\u00e9 d'introduction ax\u00e9 sur la fraude, le mobbing et la violation de la sph\u00e8re priv\u00e9e, le professeur Werner Hartmann, expert en m\u00e9dias num\u00e9riques, a montr\u00e9 avec quelle facilit\u00e9 les criminels parviennent \u00e0 leurs fins. Il l'a d\u00e9montr\u00e9 par exemple \u00e0 l'aide d'une fausse pr\u00e9sence sur Facebook pour le responsable de la communication de la FSFP avec les mots suivants : \"Au plus tard demain matin, il aura certains probl\u00e8mes en quittant la maison. Car, une fois sur le r\u00e9seau, toujours sur le r\u00e9seau. M\u00eame un droit \u00e0 l'effacement ou \u00e0 l'oubli ne sert \u00e0 rien !\" Il a ensuite montr\u00e9, \u00e0 l'aide de plusieurs exemples, l'efficacit\u00e9 de l'ing\u00e9nierie sociale et la facilit\u00e9 avec laquelle des informations secr\u00e8tes peuvent \u00eatre obtenues. C'est pourquoi il faut cesser de chercher uniquement des solutions technologiques et de n\u00e9gliger le facteur humain : \"Nous devons nous d\u00e9faire de la croyance selon laquelle, dans un monde globalis\u00e9, on peut assurer la s\u00e9curit\u00e9, la confiance et l'ouverture avec des m\u00e9thodes d'hier. Nous avons d'abord besoin de comprendre le monde num\u00e9rique\". C'est pourquoi il faut, selon lui, adapter au plus vite la l\u00e9gislation et la jurisprudence \u00e0 l'\u00e8re num\u00e9rique.<\/p>\n<p><strong>Fronti\u00e8res territoriales vs. r\u00e9seau sans fronti\u00e8res<\/strong><\/p>\n<p>Selon le procureur g\u00e9n\u00e9ral de la Conf\u00e9d\u00e9ration, Michael Lauber, le transfert partiel d'actes criminels dans des espaces virtuels ne dispenserait pas les autorit\u00e9s de poursuite p\u00e9nale d'administrer des preuves r\u00e9elles et utilisables par les tribunaux. Pour pouvoir \u00e9tablir les preuves correspondantes selon les crit\u00e8res de la proc\u00e9dure p\u00e9nale, il faudrait donc cr\u00e9er une \"\u00e9galit\u00e9 de traitement\" entre les poursuites p\u00e9nales et les auteurs d'infractions dans le domaine des technologies de communication modernes. \"Internet ne doit pas \u00eatre une zone de non-droit\", a d\u00e9clar\u00e9 le procureur g\u00e9n\u00e9ral de la Conf\u00e9d\u00e9ration, soulignant qu'outre la r\u00e9pression, la pr\u00e9vention et l'information sont \u00e9galement tr\u00e8s importantes.<\/p>\n<p><strong>La police peut tirer profit des m\u00e9dias sociaux<\/strong><\/p>\n<p>Le commandant de la police cantonale bernoise et pr\u00e9sident de la Conf\u00e9rence des commandants des polices cantonales de Suisse (CCPCS), Stefan Bl\u00e4ttler, a pr\u00e9sent\u00e9 les d\u00e9fis et les opportunit\u00e9s des r\u00e9seaux sociaux pour le travail quotidien de la police. \"Internet poss\u00e8de certaines caract\u00e9ristiques qui placent la police devant un nouveau d\u00e9fi. Il s'agit notamment de la rapidit\u00e9, de la port\u00e9e \u00e9lev\u00e9e, de l'incontr\u00f4labilit\u00e9 et de l'anonymat\", a d\u00e9clar\u00e9 le pr\u00e9sident de la Commission europ\u00e9enne. <a href=\"https:\/\/www.kkpks.ch\" target=\"_blank\" data-cke-saved-href=\"https:\/\/www.kkpks.ch\" rel=\"noopener\">KKPKS<\/a> et a soulign\u00e9 : \"En outre, des connaissances techniques sont indispensables pour la poursuite p\u00e9nale, car la mati\u00e8re est tr\u00e8s complexe\". Selon lui, c'est un d\u00e9fi pour la police de g\u00e9rer activement les flux de communication. Car c'est la seule fa\u00e7on de conserver le contr\u00f4le de l'interpr\u00e9tation de l'opinion publique num\u00e9rique. Dans ce contexte, il est indispensable que les corps concern\u00e9s pr\u00e9sentent toujours la situation de mani\u00e8re objective et en se r\u00e9f\u00e9rant aux faits, bien que les m\u00e9dias sociaux fonctionnent avec beaucoup d'\u00e9motions et dramatisent volontiers. D'autre part, ceux qui utilisent activement les m\u00e9dias sociaux peuvent \u00e9galement les utiliser \u00e0 leurs propres fins. \"En rassemblant nos forces et en les utilisant de mani\u00e8re cibl\u00e9e, je suis convaincu que nous pouvons suivre les nouveaux d\u00e9veloppements, que nous pouvons m\u00eame les utiliser pour nous, et peut-\u00eatre m\u00eame devenir des amis\", a soulign\u00e9 le Dr Stefan Bl\u00e4ttler, citant comme exemple l'effet de d\u00e9sescalade en cas de fausses rumeurs, en les r\u00e9futant de mani\u00e8re pertinente sur les m\u00e9dias sociaux. Il en va de m\u00eame pour le recrutement de nouveaux collaborateurs ou la gestion des foules, \u00e9galement appel\u00e9e crowdmanagement. Lors de grands \u00e9v\u00e9nements, ces nouveaux instruments de communication aideraient dans le travail quotidien.<\/p>","protected":false},"excerpt":{"rendered":"<p>Die einhellige Erkenntnis des Kongresses war, dass die darin lauernden Risiken auf allen Ebenen untersch\u00e4tzt werden. Darum forderte VSPB-Pr\u00e4sident Jean-Marc Widmer: \u201eAuch die Politik muss sich dessen bewusst werden und den Garanten der inneren Sicherheit die geeigneten Instrumente zur Verf\u00fcgung stellen.\u201c Soziale Netzwerke wie Facebook, Twitter, YouTube und wie sie alle heissen, bereichern den\u00a0Alltag. F\u00fcr [&hellip;]<\/p>\n","protected":false},"author":1,"featured_media":484,"comment_status":"open","ping_status":"open","sticky":false,"template":"","format":"standard","meta":{"_acf_changed":false,"pgc_sgb_lightbox_settings":"","footnotes":""},"categories":[3313],"tags":[96,62,63],"class_list":["post-482","post","type-post","status-publish","format-standard","has-post-thumbnail","hentry","category-digitalisierung","tag-cyber-crime","tag-ict-sicherheit","tag-it-security"],"acf":[],"hkrextid":null,"publication":null,"issue":null,"workflow":null,"startPage":null,"spitzmarke":null,"_posts_by_tag_page_fields":{"widget_title":"","widget_tags":""},"_at_widget":"1","_yoast_wpseo_primary_category":"2","_yoast_wpseo_focuskw_text_input":"Social Media","_yoast_wpseo_opengraph-image":"https:\/\/sicherheitsforum.ch\/wp-content\/uploads\/2016\/12\/Social-Media-und-Kriminalit\u00e4t-it-security.jpg","_yoast_wpseo_opengraph-description":"Welche Auswirkungen haben Social Media f\u00fcr die innere Sicherheit der Schweiz? Was macht die Polizei, um kriminelle Vorhaben zu unterbinden? Diese und weitere Fragen wurden heute am 14. Forum \u00abInnere Sicherheit\u00bb des Verbands Schweizerischer Polizei-Beamter VSPB, in Bern, behandelt. Dabei diskutierten rund 180 Polizeileute, Politiker und weitere Interessierte \u00fcber soziale Netzwerke und die Kriminalit\u00e4t.","_yoast_wpseo_opengraph-title":"Social Media und Kriminalit\u00e4t","enclosure":null,"_yoast_wpseo_twitter-title":null,"_yoast_wpseo_twitter-description":null,"_yoast_wpseo_twitter-image":null,"_wp_old_slug":null,"_yoast_wpseo_title":null,"_yoast_wpseo_canonical":null,"yoast_head":"<!-- This site is optimized with the Yoast SEO plugin v27.5 - https:\/\/yoast.com\/product\/yoast-seo-wordpress\/ -->\n<title>Social Media und Kriminalit\u00e4t - Save<\/title>\n<meta name=\"description\" content=\"14. Forum \u00abInnere Sicherheit\u00bb \u2013 Welche Auswirkungen haben Social Media f\u00fcr die innere Sicherheit der Schweiz?\" \/>\n<meta name=\"robots\" content=\"index, follow, max-snippet:-1, max-image-preview:large, max-video-preview:-1\" \/>\n<link rel=\"canonical\" href=\"https:\/\/news.save.ch\/fr\/social-media-und-kriminalitaet\/\" \/>\n<meta property=\"og:locale\" content=\"fr_FR\" \/>\n<meta property=\"og:type\" content=\"article\" \/>\n<meta property=\"og:title\" content=\"Social Media und Kriminalit\u00e4t\" \/>\n<meta property=\"og:description\" content=\"Welche Auswirkungen haben Social Media f\u00fcr die innere Sicherheit der Schweiz? Was macht die Polizei, um kriminelle Vorhaben zu unterbinden? Diese und weitere Fragen wurden heute am 14. Forum \u00abInnere Sicherheit\u00bb des Verbands Schweizerischer Polizei-Beamter VSPB, in Bern, behandelt. Dabei diskutierten rund 180 Polizeileute, Politiker und weitere Interessierte \u00fcber soziale Netzwerke und die Kriminalit\u00e4t.\" \/>\n<meta property=\"og:url\" content=\"https:\/\/news.save.ch\/fr\/social-media-und-kriminalitaet\/\" \/>\n<meta property=\"og:site_name\" content=\"Save\" \/>\n<meta property=\"article:published_time\" content=\"2015-06-24T09:39:36+00:00\" \/>\n<meta property=\"article:modified_time\" content=\"2023-03-14T07:57:38+00:00\" \/>\n<meta property=\"og:image\" content=\"https:\/\/sicherheitsforum.ch\/wp-content\/uploads\/2016\/12\/Social-Media-und-Kriminalit\u00e4t-it-security.jpg\" \/>\n<meta name=\"author\" content=\"admin\" \/>\n<meta name=\"twitter:card\" content=\"summary_large_image\" \/>\n<meta name=\"twitter:label1\" content=\"\u00c9crit par\" \/>\n\t<meta name=\"twitter:data1\" content=\"admin\" \/>\n\t<meta name=\"twitter:label2\" content=\"Dur\u00e9e de lecture estim\u00e9e\" \/>\n\t<meta name=\"twitter:data2\" content=\"4 minutes\" \/>\n<script type=\"application\/ld+json\" class=\"yoast-schema-graph\">{\"@context\":\"https:\\\/\\\/schema.org\",\"@graph\":[{\"@type\":\"Article\",\"@id\":\"https:\\\/\\\/news.save.ch\\\/social-media-und-kriminalitaet\\\/#article\",\"isPartOf\":{\"@id\":\"https:\\\/\\\/news.save.ch\\\/social-media-und-kriminalitaet\\\/\"},\"author\":{\"name\":\"admin\",\"@id\":\"https:\\\/\\\/news.save.ch\\\/de\\\/#\\\/schema\\\/person\\\/d49e199490bad7c70d64b9ab51142f2b\"},\"headline\":\"Social Media und Kriminalit\u00e4t\",\"datePublished\":\"2015-06-24T09:39:36+00:00\",\"dateModified\":\"2023-03-14T07:57:38+00:00\",\"mainEntityOfPage\":{\"@id\":\"https:\\\/\\\/news.save.ch\\\/social-media-und-kriminalitaet\\\/\"},\"wordCount\":713,\"commentCount\":0,\"publisher\":{\"@id\":\"https:\\\/\\\/news.save.ch\\\/de\\\/#organization\"},\"image\":{\"@id\":\"https:\\\/\\\/news.save.ch\\\/social-media-und-kriminalitaet\\\/#primaryimage\"},\"thumbnailUrl\":\"https:\\\/\\\/news.save.ch\\\/wp-content\\\/uploads\\\/2016\\\/12\\\/Social-Media-und-Kriminalitaet-it-security-scaled-1-scaled.jpg\",\"keywords\":[\"Cyber-Crime\",\"ICT-Sicherheit\",\"IT-SECURITY\"],\"articleSection\":[\"DIGITALISIERUNG\"],\"inLanguage\":\"fr-FR\"},{\"@type\":\"WebPage\",\"@id\":\"https:\\\/\\\/news.save.ch\\\/social-media-und-kriminalitaet\\\/\",\"url\":\"https:\\\/\\\/news.save.ch\\\/social-media-und-kriminalitaet\\\/\",\"name\":\"Social Media und Kriminalit\u00e4t - Save\",\"isPartOf\":{\"@id\":\"https:\\\/\\\/news.save.ch\\\/de\\\/#website\"},\"primaryImageOfPage\":{\"@id\":\"https:\\\/\\\/news.save.ch\\\/social-media-und-kriminalitaet\\\/#primaryimage\"},\"image\":{\"@id\":\"https:\\\/\\\/news.save.ch\\\/social-media-und-kriminalitaet\\\/#primaryimage\"},\"thumbnailUrl\":\"https:\\\/\\\/news.save.ch\\\/wp-content\\\/uploads\\\/2016\\\/12\\\/Social-Media-und-Kriminalitaet-it-security-scaled-1-scaled.jpg\",\"datePublished\":\"2015-06-24T09:39:36+00:00\",\"dateModified\":\"2023-03-14T07:57:38+00:00\",\"description\":\"14. Forum \u00abInnere Sicherheit\u00bb \u2013 Welche Auswirkungen haben Social Media f\u00fcr die innere Sicherheit der Schweiz?\",\"breadcrumb\":{\"@id\":\"https:\\\/\\\/news.save.ch\\\/social-media-und-kriminalitaet\\\/#breadcrumb\"},\"inLanguage\":\"fr-FR\",\"potentialAction\":[{\"@type\":\"ReadAction\",\"target\":[\"https:\\\/\\\/news.save.ch\\\/social-media-und-kriminalitaet\\\/\"]}]},{\"@type\":\"ImageObject\",\"inLanguage\":\"fr-FR\",\"@id\":\"https:\\\/\\\/news.save.ch\\\/social-media-und-kriminalitaet\\\/#primaryimage\",\"url\":\"https:\\\/\\\/news.save.ch\\\/wp-content\\\/uploads\\\/2016\\\/12\\\/Social-Media-und-Kriminalitaet-it-security-scaled-1-scaled.jpg\",\"contentUrl\":\"https:\\\/\\\/news.save.ch\\\/wp-content\\\/uploads\\\/2016\\\/12\\\/Social-Media-und-Kriminalitaet-it-security-scaled-1-scaled.jpg\",\"width\":1400,\"height\":934,\"caption\":\"v.l. S\u00e9bastien Fanti (Anwalt sowie Datenschutz- und \u00d6ffentlichkeitsbeauftragter des Kantons Wallis), Dr. Stefan Bl\u00e4ttler (Kommandant Kantonspolizei Bern und Pr\u00e4sident KKPKS), ), Adrian Plachesi (Moderator), Corina Eichenberger-Walther (Nationalr\u00e4tin) und\"},{\"@type\":\"BreadcrumbList\",\"@id\":\"https:\\\/\\\/news.save.ch\\\/social-media-und-kriminalitaet\\\/#breadcrumb\",\"itemListElement\":[{\"@type\":\"ListItem\",\"position\":1,\"name\":\"Home\",\"item\":\"https:\\\/\\\/news.save.ch\\\/de\\\/\"},{\"@type\":\"ListItem\",\"position\":2,\"name\":\"Social Media und Kriminalit\u00e4t\"}]},{\"@type\":\"WebSite\",\"@id\":\"https:\\\/\\\/news.save.ch\\\/de\\\/#website\",\"url\":\"https:\\\/\\\/news.save.ch\\\/de\\\/\",\"name\":\"Save\",\"description\":\"Schweizer Fachzeitschrift f\u00fcr Sicherheit\",\"publisher\":{\"@id\":\"https:\\\/\\\/news.save.ch\\\/de\\\/#organization\"},\"potentialAction\":[{\"@type\":\"SearchAction\",\"target\":{\"@type\":\"EntryPoint\",\"urlTemplate\":\"https:\\\/\\\/news.save.ch\\\/de\\\/?s={search_term_string}\"},\"query-input\":{\"@type\":\"PropertyValueSpecification\",\"valueRequired\":true,\"valueName\":\"search_term_string\"}}],\"inLanguage\":\"fr-FR\"},{\"@type\":\"Organization\",\"@id\":\"https:\\\/\\\/news.save.ch\\\/de\\\/#organization\",\"name\":\"Sicherheitsforum\",\"url\":\"https:\\\/\\\/news.save.ch\\\/de\\\/\",\"logo\":{\"@type\":\"ImageObject\",\"inLanguage\":\"fr-FR\",\"@id\":\"https:\\\/\\\/news.save.ch\\\/de\\\/#\\\/schema\\\/logo\\\/image\\\/\",\"url\":\"https:\\\/\\\/news.save.ch\\\/wp-content\\\/uploads\\\/2022\\\/06\\\/Logo_SF_2012.png\",\"contentUrl\":\"https:\\\/\\\/news.save.ch\\\/wp-content\\\/uploads\\\/2022\\\/06\\\/Logo_SF_2012.png\",\"width\":1100,\"height\":91,\"caption\":\"Sicherheitsforum\"},\"image\":{\"@id\":\"https:\\\/\\\/news.save.ch\\\/de\\\/#\\\/schema\\\/logo\\\/image\\\/\"}},{\"@type\":\"Person\",\"@id\":\"https:\\\/\\\/news.save.ch\\\/de\\\/#\\\/schema\\\/person\\\/d49e199490bad7c70d64b9ab51142f2b\",\"name\":\"admin\",\"image\":{\"@type\":\"ImageObject\",\"inLanguage\":\"fr-FR\",\"@id\":\"https:\\\/\\\/secure.gravatar.com\\\/avatar\\\/ae2f4d718e6c49043e314ce431e7e645d646302a24a5ef5a8bc8e3f5a032e319?s=96&d=mm&r=g\",\"url\":\"https:\\\/\\\/secure.gravatar.com\\\/avatar\\\/ae2f4d718e6c49043e314ce431e7e645d646302a24a5ef5a8bc8e3f5a032e319?s=96&d=mm&r=g\",\"contentUrl\":\"https:\\\/\\\/secure.gravatar.com\\\/avatar\\\/ae2f4d718e6c49043e314ce431e7e645d646302a24a5ef5a8bc8e3f5a032e319?s=96&d=mm&r=g\",\"caption\":\"admin\"},\"sameAs\":[\"https:\\\/\\\/develop.organisator.galledia.ch\"],\"url\":\"https:\\\/\\\/news.save.ch\\\/fr\\\/author\\\/admin\\\/\"}]}<\/script>\n<!-- \/ Yoast SEO plugin. -->","yoast_head_json":{"title":"M\u00e9dias sociaux et criminalit\u00e9 - Save","description":"14e Forum \"S\u00e9curit\u00e9 int\u00e9rieure\" - Quel est l'impact des m\u00e9dias sociaux sur la s\u00e9curit\u00e9 int\u00e9rieure de la Suisse ?","robots":{"index":"index","follow":"follow","max-snippet":"max-snippet:-1","max-image-preview":"max-image-preview:large","max-video-preview":"max-video-preview:-1"},"canonical":"https:\/\/news.save.ch\/fr\/social-media-und-kriminalitaet\/","og_locale":"fr_FR","og_type":"article","og_title":"Social Media und Kriminalit\u00e4t","og_description":"Welche Auswirkungen haben Social Media f\u00fcr die innere Sicherheit der Schweiz? Was macht die Polizei, um kriminelle Vorhaben zu unterbinden? Diese und weitere Fragen wurden heute am 14. Forum \u00abInnere Sicherheit\u00bb des Verbands Schweizerischer Polizei-Beamter VSPB, in Bern, behandelt. Dabei diskutierten rund 180 Polizeileute, Politiker und weitere Interessierte \u00fcber soziale Netzwerke und die Kriminalit\u00e4t.","og_url":"https:\/\/news.save.ch\/fr\/social-media-und-kriminalitaet\/","og_site_name":"Save","article_published_time":"2015-06-24T09:39:36+00:00","article_modified_time":"2023-03-14T07:57:38+00:00","og_image":[{"url":"https:\/\/sicherheitsforum.ch\/wp-content\/uploads\/2016\/12\/Social-Media-und-Kriminalit\u00e4t-it-security.jpg","type":"","width":"","height":""}],"author":"admin","twitter_card":"summary_large_image","twitter_misc":{"\u00c9crit par":"admin","Dur\u00e9e de lecture estim\u00e9e":"4 minutes"},"schema":{"@context":"https:\/\/schema.org","@graph":[{"@type":"Article","@id":"https:\/\/news.save.ch\/social-media-und-kriminalitaet\/#article","isPartOf":{"@id":"https:\/\/news.save.ch\/social-media-und-kriminalitaet\/"},"author":{"name":"admin","@id":"https:\/\/news.save.ch\/de\/#\/schema\/person\/d49e199490bad7c70d64b9ab51142f2b"},"headline":"Social Media und Kriminalit\u00e4t","datePublished":"2015-06-24T09:39:36+00:00","dateModified":"2023-03-14T07:57:38+00:00","mainEntityOfPage":{"@id":"https:\/\/news.save.ch\/social-media-und-kriminalitaet\/"},"wordCount":713,"commentCount":0,"publisher":{"@id":"https:\/\/news.save.ch\/de\/#organization"},"image":{"@id":"https:\/\/news.save.ch\/social-media-und-kriminalitaet\/#primaryimage"},"thumbnailUrl":"https:\/\/news.save.ch\/wp-content\/uploads\/2016\/12\/Social-Media-und-Kriminalitaet-it-security-scaled-1-scaled.jpg","keywords":["Cyber-Crime","ICT-Sicherheit","IT-SECURITY"],"articleSection":["DIGITALISIERUNG"],"inLanguage":"fr-FR"},{"@type":"WebPage","@id":"https:\/\/news.save.ch\/social-media-und-kriminalitaet\/","url":"https:\/\/news.save.ch\/social-media-und-kriminalitaet\/","name":"M\u00e9dias sociaux et criminalit\u00e9 - Save","isPartOf":{"@id":"https:\/\/news.save.ch\/de\/#website"},"primaryImageOfPage":{"@id":"https:\/\/news.save.ch\/social-media-und-kriminalitaet\/#primaryimage"},"image":{"@id":"https:\/\/news.save.ch\/social-media-und-kriminalitaet\/#primaryimage"},"thumbnailUrl":"https:\/\/news.save.ch\/wp-content\/uploads\/2016\/12\/Social-Media-und-Kriminalitaet-it-security-scaled-1-scaled.jpg","datePublished":"2015-06-24T09:39:36+00:00","dateModified":"2023-03-14T07:57:38+00:00","description":"14e Forum \"S\u00e9curit\u00e9 int\u00e9rieure\" - Quel est l'impact des m\u00e9dias sociaux sur la s\u00e9curit\u00e9 int\u00e9rieure de la Suisse ?","breadcrumb":{"@id":"https:\/\/news.save.ch\/social-media-und-kriminalitaet\/#breadcrumb"},"inLanguage":"fr-FR","potentialAction":[{"@type":"ReadAction","target":["https:\/\/news.save.ch\/social-media-und-kriminalitaet\/"]}]},{"@type":"ImageObject","inLanguage":"fr-FR","@id":"https:\/\/news.save.ch\/social-media-und-kriminalitaet\/#primaryimage","url":"https:\/\/news.save.ch\/wp-content\/uploads\/2016\/12\/Social-Media-und-Kriminalitaet-it-security-scaled-1-scaled.jpg","contentUrl":"https:\/\/news.save.ch\/wp-content\/uploads\/2016\/12\/Social-Media-und-Kriminalitaet-it-security-scaled-1-scaled.jpg","width":1400,"height":934,"caption":"v.l. S\u00e9bastien Fanti (Anwalt sowie Datenschutz- und \u00d6ffentlichkeitsbeauftragter des Kantons Wallis), Dr. Stefan Bl\u00e4ttler (Kommandant Kantonspolizei Bern und Pr\u00e4sident KKPKS), ), Adrian Plachesi (Moderator), Corina Eichenberger-Walther (Nationalr\u00e4tin) und"},{"@type":"BreadcrumbList","@id":"https:\/\/news.save.ch\/social-media-und-kriminalitaet\/#breadcrumb","itemListElement":[{"@type":"ListItem","position":1,"name":"Home","item":"https:\/\/news.save.ch\/de\/"},{"@type":"ListItem","position":2,"name":"Social Media und Kriminalit\u00e4t"}]},{"@type":"WebSite","@id":"https:\/\/news.save.ch\/de\/#website","url":"https:\/\/news.save.ch\/de\/","name":"Save","description":"Revue suisse sp\u00e9cialis\u00e9e dans la s\u00e9curit\u00e9","publisher":{"@id":"https:\/\/news.save.ch\/de\/#organization"},"potentialAction":[{"@type":"SearchAction","target":{"@type":"EntryPoint","urlTemplate":"https:\/\/news.save.ch\/de\/?s={search_term_string}"},"query-input":{"@type":"PropertyValueSpecification","valueRequired":true,"valueName":"search_term_string"}}],"inLanguage":"fr-FR"},{"@type":"Organization","@id":"https:\/\/news.save.ch\/de\/#organization","name":"Forum sur la s\u00e9curit\u00e9","url":"https:\/\/news.save.ch\/de\/","logo":{"@type":"ImageObject","inLanguage":"fr-FR","@id":"https:\/\/news.save.ch\/de\/#\/schema\/logo\/image\/","url":"https:\/\/news.save.ch\/wp-content\/uploads\/2022\/06\/Logo_SF_2012.png","contentUrl":"https:\/\/news.save.ch\/wp-content\/uploads\/2022\/06\/Logo_SF_2012.png","width":1100,"height":91,"caption":"Sicherheitsforum"},"image":{"@id":"https:\/\/news.save.ch\/de\/#\/schema\/logo\/image\/"}},{"@type":"Person","@id":"https:\/\/news.save.ch\/de\/#\/schema\/person\/d49e199490bad7c70d64b9ab51142f2b","name":"admin","image":{"@type":"ImageObject","inLanguage":"fr-FR","@id":"https:\/\/secure.gravatar.com\/avatar\/ae2f4d718e6c49043e314ce431e7e645d646302a24a5ef5a8bc8e3f5a032e319?s=96&d=mm&r=g","url":"https:\/\/secure.gravatar.com\/avatar\/ae2f4d718e6c49043e314ce431e7e645d646302a24a5ef5a8bc8e3f5a032e319?s=96&d=mm&r=g","contentUrl":"https:\/\/secure.gravatar.com\/avatar\/ae2f4d718e6c49043e314ce431e7e645d646302a24a5ef5a8bc8e3f5a032e319?s=96&d=mm&r=g","caption":"admin"},"sameAs":["https:\/\/develop.organisator.galledia.ch"],"url":"https:\/\/news.save.ch\/fr\/author\/admin\/"}]}},"_links":{"self":[{"href":"https:\/\/news.save.ch\/fr\/wp-json\/wp\/v2\/posts\/482","targetHints":{"allow":["GET"]}}],"collection":[{"href":"https:\/\/news.save.ch\/fr\/wp-json\/wp\/v2\/posts"}],"about":[{"href":"https:\/\/news.save.ch\/fr\/wp-json\/wp\/v2\/types\/post"}],"author":[{"embeddable":true,"href":"https:\/\/news.save.ch\/fr\/wp-json\/wp\/v2\/users\/1"}],"replies":[{"embeddable":true,"href":"https:\/\/news.save.ch\/fr\/wp-json\/wp\/v2\/comments?post=482"}],"version-history":[{"count":1,"href":"https:\/\/news.save.ch\/fr\/wp-json\/wp\/v2\/posts\/482\/revisions"}],"predecessor-version":[{"id":17770,"href":"https:\/\/news.save.ch\/fr\/wp-json\/wp\/v2\/posts\/482\/revisions\/17770"}],"wp:featuredmedia":[{"embeddable":true,"href":"https:\/\/news.save.ch\/fr\/wp-json\/wp\/v2\/media\/484"}],"wp:attachment":[{"href":"https:\/\/news.save.ch\/fr\/wp-json\/wp\/v2\/media?parent=482"}],"wp:term":[{"taxonomy":"category","embeddable":true,"href":"https:\/\/news.save.ch\/fr\/wp-json\/wp\/v2\/categories?post=482"},{"taxonomy":"post_tag","embeddable":true,"href":"https:\/\/news.save.ch\/fr\/wp-json\/wp\/v2\/tags?post=482"}],"curies":[{"name":"wp","href":"https:\/\/api.w.org\/{rel}","templated":true}]}}