{"id":4876,"date":"2017-05-27T06:13:05","date_gmt":"2017-05-27T04:13:05","guid":{"rendered":"https:\/\/news.save.ch\/?p=4876"},"modified":"2017-05-27T06:13:05","modified_gmt":"2017-05-27T04:13:05","slug":"sicherheit-2017-schweizer-sehen-die-ch-optimistisch","status":null,"type":"post","link":"https:\/\/news.save.ch\/fr\/sicherheit-2017-schweizer-sehen-die-ch-optimistisch\/","title":{"rendered":"\"S\u00e9curit\u00e9 2017\" - Les Suisses sont optimistes pour la Suisse"},"content":{"rendered":"<figure id=\"attachment_4879\" aria-describedby=\"caption-attachment-4879\" style=\"width: 680px\" class=\"wp-caption aligncenter\"><img loading=\"lazy\" decoding=\"async\" class=\"size-medium wp-image-4879\" src=\"https:\/\/news.save.ch\/wp-content\/uploads\/2017\/05\/Depositphotos_1173832_m-2015.jpg\" alt=\"\" width=\"680\" height=\"446\" srcset=\"https:\/\/news.save.ch\/wp-content\/uploads\/2017\/05\/Depositphotos_1173832_m-2015.jpg 1000w, https:\/\/news.save.ch\/wp-content\/uploads\/2017\/05\/Depositphotos_1173832_m-2015-375x246.jpg 375w\" sizes=\"auto, (max-width: 680px) 100vw, 680px\" \/><figcaption id=\"caption-attachment-4879\" class=\"wp-caption-text\">Depositphotos<\/figcaption><\/figure>\n<p>&nbsp;<\/p>\n<p>Les Suisses se sentent tr\u00e8s en s\u00e9curit\u00e9. C'est ce que r\u00e9v\u00e8le l'enqu\u00eate men\u00e9e par <a href=\"https:\/\/www.vbs.admin.ch\">DDPS<\/a> l'enqu\u00eate \"S\u00e9curit\u00e9 2017\" command\u00e9e par l'OCDE.  Avec 93% (+7%), le sentiment g\u00e9n\u00e9ral de s\u00e9curit\u00e9 n'a jamais \u00e9t\u00e9 aussi \u00e9lev\u00e9. 79% (-2%) se sentent \u00e9galement en s\u00e9curit\u00e9 dans l'espace public. Par rapport \u00e0 2016, un nombre significativement plus \u00e9lev\u00e9 de personnes jugent l'avenir de la Suisse avec optimisme (82%, +7%).<\/p>\n<p><strong>En toute confiance<\/strong><\/p>\n<p>En 2017, la confiance dans les institutions et les autorit\u00e9s est sup\u00e9rieure \u00e0 la moyenne \u00e0 long terme (2017 : 6,7 sur une \u00e9chelle de 10, moyenne \u00e0 long terme : 6,3). La confiance dans la police (7,9, \u00b10,0) est toujours la plus \u00e9lev\u00e9e, suivie par celle dans les tribunaux (7,4, +0,1). Le Conseil f\u00e9d\u00e9ral arrive en troisi\u00e8me position avec 7,1 (+0,1). Les positions interm\u00e9diaires sont occup\u00e9es par l'\u00e9conomie suisse (6,8, \u00b10,0), l'arm\u00e9e (6,8, +0,1) et le Parlement f\u00e9d\u00e9ral (6,6, +0,1). La confiance la plus faible est toujours accord\u00e9e aux partis politiques (5,5, +0,2) et aux m\u00e9dias (5,5, +0,4). Toutefois, par rapport \u00e0 l'ann\u00e9e pr\u00e9c\u00e9dente, la confiance dans les partis politiques et les m\u00e9dias a augment\u00e9 de mani\u00e8re significative.<\/p>\n<p><strong>Satisfait de l'Arm\u00e9e suisse<\/strong><\/p>\n<p>Dans l'ensemble, les votants se montrent satisfaits de l'arm\u00e9e. Avec 82% (-2%), la n\u00e9cessit\u00e9 de l'arm\u00e9e suisse est approuv\u00e9e dans une mesure sup\u00e9rieure \u00e0 la moyenne. Pour 46% (\u00b10%) des personnes interrog\u00e9es, l'arm\u00e9e joue un r\u00f4le central dans la vie suisse. Une majorit\u00e9 de 59% (+2%) soutient l'arm\u00e9e de milice par rapport \u00e0 une arm\u00e9e professionnelle. Les personnes interrog\u00e9es sont plus satisfaites que la moyenne (6,5, +0,2 sur une \u00e9chelle de 1 \u00e0 10) de la performance de l'arm\u00e9e suisse par rapport \u00e0 une comparaison \u00e0 long terme (6,3). La majorit\u00e9 de la population est d'avis que le niveau actuel des d\u00e9penses de d\u00e9fense est juste (49%, +1%), voire trop bas (12%, -2%).<\/p>\n<p><strong>Comportement d'information sur les th\u00e8mes de la politique de s\u00e9curit\u00e9<\/strong><\/p>\n<p>Les personnes interrog\u00e9es utilisent principalement des m\u00e9dias traditionnels tels que les journaux, la t\u00e9l\u00e9vision et la radio comme sources d'information sur des sujets li\u00e9s \u00e0 la s\u00e9curit\u00e9. Deux tiers d'entre elles utilisent un m\u00e9lange de canaux d'information analogiques et num\u00e9riques. Un tiers (32%) des personnes interrog\u00e9es consid\u00e8rent les m\u00e9dias sociaux comme des canaux appropri\u00e9s pour diffuser des informations sur la s\u00e9curit\u00e9 ou l'Arm\u00e9e suisse.<\/p>\n<p><strong>Une \u00e9valuation pessimiste de la situation politique mondiale<\/strong><\/p>\n<p>L'\u00e9lectorat suisse se montre tr\u00e8s pessimiste quant \u00e0 l'\u00e9volution de la situation politique mondiale future (73%, -1%). Cette vision pessimiste du monde \u00e9volue - comme en 2016 - \u00e0 un niveau plus \u00e9lev\u00e9 que jamais.<\/p>\n<p><strong>Comportement de voyage adapt\u00e9 en raison du terrorisme<\/strong><\/p>\n<p>89% (+2%) des personnes interrog\u00e9es soutiennent le renforcement de la lutte contre le terrorisme. En raison d'attentats terroristes \u00e0 l'\u00e9tranger, 29% des Suisses indiquent avoir adapt\u00e9 leur comportement en mati\u00e8re de voyages. Parmi eux, 84% consultent les Conseils aux voyageurs de la Conf\u00e9d\u00e9ration et 75% \u00e9vitent les pays dans lesquels des attentats terroristes ont r\u00e9cemment \u00e9t\u00e9 perp\u00e9tr\u00e9s. En raison du terrorisme mondial, 40% des personnes interrog\u00e9es ne passent plus leurs vacances qu'en Europe et 35% ont peur de voyager dans les grandes villes.<\/p>\n<p><strong>Neutre et faible propension \u00e0 l'ouverture<\/strong><\/p>\n<p>La neutralit\u00e9 b\u00e9n\u00e9ficie d'un soutien important de la part des votants. 95% (\u00b10%) des personnes interrog\u00e9es se prononcent en faveur du maintien de la neutralit\u00e9 et pour 84% (-1%), elle est indissociable de l'id\u00e9e d'\u00c9tat suisse. Toutefois, la mise en \u0153uvre pratique de la neutralit\u00e9 est jug\u00e9e de mani\u00e8re plus critique. Un nombre nettement plus \u00e9lev\u00e9 de personnes interrog\u00e9es estiment que les liens politiques et \u00e9conomiques \u00e9troits avec d'autres Etats rendent la neutralit\u00e9 de la Suisse impossible (37%, +9%) et que la neutralit\u00e9 ne peut plus \u00eatre prot\u00e9g\u00e9e aujourd'hui de mani\u00e8re cr\u00e9dible sur le plan militaire (51%, +6%). La faible volont\u00e9 d'ouverture se traduit par le fait que l'adh\u00e9sion \u00e0 l'OTAN (19%, \u00b10%) ou \u00e0 l'UE (15%, -1%) ne constitue pas une option pour les Suisses. En revanche, le soutien \u00e0 une coop\u00e9ration \u00e9conomique avec l'UE reste tr\u00e8s \u00e9lev\u00e9 (81%, \u00b10%).<\/p>\n<p><strong><em>\u00e9tude : <\/em><\/strong><em>La collecte de donn\u00e9es repr\u00e9sentatives de l'\u00e9tude \"S\u00e9curit\u00e9 2017\" a \u00e9t\u00e9 effectu\u00e9e par t\u00e9l\u00e9phone entre le 4 et le 23 janvier aupr\u00e8s de 1209 \u00e9lecteurs et \u00e9lectrices de Suisse al\u00e9manique, romande et italienne. L'enqu\u00eate a \u00e9t\u00e9 men\u00e9e par l'institut de recherche LINK. L'erreur d'\u00e9chantillonnage est de \u00b12,8%. <\/em><\/p>\n<p><em>Source : communiqu\u00e9 de presse du DDPS<\/em><\/p>","protected":false},"excerpt":{"rendered":"<p>&nbsp; Schweizerinnen und Schweizer f\u00fchlen sich sehr sicher. Dies hat die vom VBS in Auftrag gegebene Umfrage &#8222;Sicherheit 2017&#8220; ergeben. \u00a0Das allgemeine Sicherheitsempfinden ist mit 93% (+7%) so hoch wie noch nie zuvor. Auch im \u00f6ffentlichen Raum f\u00fchlen sich 79% (-2%) sicher. Gegen\u00fcber 2016 beurteilen signifikant mehr Personen die Zukunft der Schweiz optimistisch (82%, +7%). [&hellip;]<\/p>\n","protected":false},"author":8,"featured_media":4879,"comment_status":"open","ping_status":"open","sticky":false,"template":"","format":"standard","meta":{"_acf_changed":false,"pgc_sgb_lightbox_settings":"","footnotes":""},"categories":[1],"tags":[120,64],"class_list":["post-4876","post","type-post","status-publish","format-standard","has-post-thumbnail","hentry","category-allgemein","tag-bundesamt","tag-studie"],"acf":[],"hkrextid":null,"publication":null,"issue":null,"workflow":null,"startPage":null,"spitzmarke":null,"_posts_by_tag_page_fields":{"widget_title":"","widget_tags":""},"_at_widget":"1","_yoast_wpseo_primary_category":"1","_yoast_wpseo_focuskw_text_input":"Sicherheit 2017","_yoast_wpseo_opengraph-image":null,"_yoast_wpseo_opengraph-description":null,"_yoast_wpseo_opengraph-title":null,"enclosure":null,"_yoast_wpseo_twitter-title":null,"_yoast_wpseo_twitter-description":null,"_yoast_wpseo_twitter-image":null,"_wp_old_slug":null,"_yoast_wpseo_title":null,"_yoast_wpseo_canonical":null,"yoast_head":"<!-- This site is optimized with the Yoast SEO plugin v27.5 - https:\/\/yoast.com\/product\/yoast-seo-wordpress\/ -->\n<title>\u00abSicherheit 2017\u00bb \u2013 Schweizer sehen die CH optimistisch - Save<\/title>\n<meta name=\"description\" content=\"Schweizerinnen und Schweizer f\u00fchlen sich sehr sicher. Dies hat die vom VBS in Auftrag gegebene Umfrage &quot;Sicherheit 2017&quot; ergeben.\" \/>\n<meta name=\"robots\" content=\"index, follow, max-snippet:-1, max-image-preview:large, max-video-preview:-1\" \/>\n<link rel=\"canonical\" href=\"https:\/\/news.save.ch\/fr\/sicherheit-2017-schweizer-sehen-die-ch-optimistisch\/\" \/>\n<meta property=\"og:locale\" content=\"fr_FR\" \/>\n<meta property=\"og:type\" content=\"article\" \/>\n<meta property=\"og:title\" content=\"\u00abSicherheit 2017\u00bb \u2013 Schweizer sehen die CH optimistisch - Save\" \/>\n<meta property=\"og:description\" content=\"Schweizerinnen und Schweizer f\u00fchlen sich sehr sicher. Dies hat die vom VBS in Auftrag gegebene Umfrage &quot;Sicherheit 2017&quot; ergeben.\" \/>\n<meta property=\"og:url\" content=\"https:\/\/news.save.ch\/fr\/sicherheit-2017-schweizer-sehen-die-ch-optimistisch\/\" \/>\n<meta property=\"og:site_name\" content=\"Save\" \/>\n<meta property=\"article:published_time\" content=\"2017-05-27T04:13:05+00:00\" \/>\n<meta property=\"og:image\" content=\"https:\/\/news.save.ch\/wp-content\/uploads\/2017\/05\/Depositphotos_1173832_m-2015.jpg\" \/>\n\t<meta property=\"og:image:width\" content=\"1000\" \/>\n\t<meta property=\"og:image:height\" content=\"656\" \/>\n\t<meta property=\"og:image:type\" content=\"image\/jpeg\" \/>\n<meta name=\"author\" content=\"Roger Str\u00e4ssle\" \/>\n<meta name=\"twitter:card\" content=\"summary_large_image\" \/>\n<meta name=\"twitter:label1\" content=\"\u00c9crit par\" \/>\n\t<meta name=\"twitter:data1\" content=\"Roger Str\u00e4ssle\" \/>\n\t<meta name=\"twitter:label2\" content=\"Dur\u00e9e de lecture estim\u00e9e\" \/>\n\t<meta name=\"twitter:data2\" content=\"3 minutes\" \/>\n<script type=\"application\/ld+json\" class=\"yoast-schema-graph\">{\"@context\":\"https:\\\/\\\/schema.org\",\"@graph\":[{\"@type\":\"Article\",\"@id\":\"https:\\\/\\\/news.save.ch\\\/sicherheit-2017-schweizer-sehen-die-ch-optimistisch\\\/#article\",\"isPartOf\":{\"@id\":\"https:\\\/\\\/news.save.ch\\\/sicherheit-2017-schweizer-sehen-die-ch-optimistisch\\\/\"},\"author\":{\"name\":\"Roger Str\u00e4ssle\",\"@id\":\"https:\\\/\\\/news.save.ch\\\/de\\\/#\\\/schema\\\/person\\\/d5022db048e0e2b9785c50e5b24da5aa\"},\"headline\":\"\u00abSicherheit 2017\u00bb \u2013 Schweizer sehen die CH optimistisch\",\"datePublished\":\"2017-05-27T04:13:05+00:00\",\"mainEntityOfPage\":{\"@id\":\"https:\\\/\\\/news.save.ch\\\/sicherheit-2017-schweizer-sehen-die-ch-optimistisch\\\/\"},\"wordCount\":590,\"commentCount\":0,\"publisher\":{\"@id\":\"https:\\\/\\\/news.save.ch\\\/de\\\/#organization\"},\"image\":{\"@id\":\"https:\\\/\\\/news.save.ch\\\/sicherheit-2017-schweizer-sehen-die-ch-optimistisch\\\/#primaryimage\"},\"thumbnailUrl\":\"https:\\\/\\\/news.save.ch\\\/wp-content\\\/uploads\\\/2017\\\/05\\\/Depositphotos_1173832_m-2015.jpg\",\"keywords\":[\"Bundesamt\",\"Studie\"],\"articleSection\":[\"ALLGEMEIN\"],\"inLanguage\":\"fr-FR\"},{\"@type\":\"WebPage\",\"@id\":\"https:\\\/\\\/news.save.ch\\\/sicherheit-2017-schweizer-sehen-die-ch-optimistisch\\\/\",\"url\":\"https:\\\/\\\/news.save.ch\\\/sicherheit-2017-schweizer-sehen-die-ch-optimistisch\\\/\",\"name\":\"\u00abSicherheit 2017\u00bb \u2013 Schweizer sehen die CH optimistisch - Save\",\"isPartOf\":{\"@id\":\"https:\\\/\\\/news.save.ch\\\/de\\\/#website\"},\"primaryImageOfPage\":{\"@id\":\"https:\\\/\\\/news.save.ch\\\/sicherheit-2017-schweizer-sehen-die-ch-optimistisch\\\/#primaryimage\"},\"image\":{\"@id\":\"https:\\\/\\\/news.save.ch\\\/sicherheit-2017-schweizer-sehen-die-ch-optimistisch\\\/#primaryimage\"},\"thumbnailUrl\":\"https:\\\/\\\/news.save.ch\\\/wp-content\\\/uploads\\\/2017\\\/05\\\/Depositphotos_1173832_m-2015.jpg\",\"datePublished\":\"2017-05-27T04:13:05+00:00\",\"description\":\"Schweizerinnen und Schweizer f\u00fchlen sich sehr sicher. Dies hat die vom VBS in Auftrag gegebene Umfrage \\\"Sicherheit 2017\\\" ergeben.\",\"breadcrumb\":{\"@id\":\"https:\\\/\\\/news.save.ch\\\/sicherheit-2017-schweizer-sehen-die-ch-optimistisch\\\/#breadcrumb\"},\"inLanguage\":\"fr-FR\",\"potentialAction\":[{\"@type\":\"ReadAction\",\"target\":[\"https:\\\/\\\/news.save.ch\\\/sicherheit-2017-schweizer-sehen-die-ch-optimistisch\\\/\"]}]},{\"@type\":\"ImageObject\",\"inLanguage\":\"fr-FR\",\"@id\":\"https:\\\/\\\/news.save.ch\\\/sicherheit-2017-schweizer-sehen-die-ch-optimistisch\\\/#primaryimage\",\"url\":\"https:\\\/\\\/news.save.ch\\\/wp-content\\\/uploads\\\/2017\\\/05\\\/Depositphotos_1173832_m-2015.jpg\",\"contentUrl\":\"https:\\\/\\\/news.save.ch\\\/wp-content\\\/uploads\\\/2017\\\/05\\\/Depositphotos_1173832_m-2015.jpg\",\"width\":1000,\"height\":656,\"caption\":\"Depositphotos\"},{\"@type\":\"BreadcrumbList\",\"@id\":\"https:\\\/\\\/news.save.ch\\\/sicherheit-2017-schweizer-sehen-die-ch-optimistisch\\\/#breadcrumb\",\"itemListElement\":[{\"@type\":\"ListItem\",\"position\":1,\"name\":\"Home\",\"item\":\"https:\\\/\\\/news.save.ch\\\/de\\\/\"},{\"@type\":\"ListItem\",\"position\":2,\"name\":\"\u00abSicherheit 2017\u00bb \u2013 Schweizer sehen die CH optimistisch\"}]},{\"@type\":\"WebSite\",\"@id\":\"https:\\\/\\\/news.save.ch\\\/de\\\/#website\",\"url\":\"https:\\\/\\\/news.save.ch\\\/de\\\/\",\"name\":\"Save\",\"description\":\"Schweizer Fachzeitschrift f\u00fcr Sicherheit\",\"publisher\":{\"@id\":\"https:\\\/\\\/news.save.ch\\\/de\\\/#organization\"},\"potentialAction\":[{\"@type\":\"SearchAction\",\"target\":{\"@type\":\"EntryPoint\",\"urlTemplate\":\"https:\\\/\\\/news.save.ch\\\/de\\\/?s={search_term_string}\"},\"query-input\":{\"@type\":\"PropertyValueSpecification\",\"valueRequired\":true,\"valueName\":\"search_term_string\"}}],\"inLanguage\":\"fr-FR\"},{\"@type\":\"Organization\",\"@id\":\"https:\\\/\\\/news.save.ch\\\/de\\\/#organization\",\"name\":\"Sicherheitsforum\",\"url\":\"https:\\\/\\\/news.save.ch\\\/de\\\/\",\"logo\":{\"@type\":\"ImageObject\",\"inLanguage\":\"fr-FR\",\"@id\":\"https:\\\/\\\/news.save.ch\\\/de\\\/#\\\/schema\\\/logo\\\/image\\\/\",\"url\":\"https:\\\/\\\/news.save.ch\\\/wp-content\\\/uploads\\\/2022\\\/06\\\/Logo_SF_2012.png\",\"contentUrl\":\"https:\\\/\\\/news.save.ch\\\/wp-content\\\/uploads\\\/2022\\\/06\\\/Logo_SF_2012.png\",\"width\":1100,\"height\":91,\"caption\":\"Sicherheitsforum\"},\"image\":{\"@id\":\"https:\\\/\\\/news.save.ch\\\/de\\\/#\\\/schema\\\/logo\\\/image\\\/\"}},{\"@type\":\"Person\",\"@id\":\"https:\\\/\\\/news.save.ch\\\/de\\\/#\\\/schema\\\/person\\\/d5022db048e0e2b9785c50e5b24da5aa\",\"name\":\"Roger Str\u00e4ssle\",\"image\":{\"@type\":\"ImageObject\",\"inLanguage\":\"fr-FR\",\"@id\":\"https:\\\/\\\/secure.gravatar.com\\\/avatar\\\/862a5569d087de48e5856e32f45d719a03804c891d6deb8d4f71a660e79e4a47?s=96&d=mm&r=g\",\"url\":\"https:\\\/\\\/secure.gravatar.com\\\/avatar\\\/862a5569d087de48e5856e32f45d719a03804c891d6deb8d4f71a660e79e4a47?s=96&d=mm&r=g\",\"contentUrl\":\"https:\\\/\\\/secure.gravatar.com\\\/avatar\\\/862a5569d087de48e5856e32f45d719a03804c891d6deb8d4f71a660e79e4a47?s=96&d=mm&r=g\",\"caption\":\"Roger Str\u00e4ssle\"},\"url\":\"https:\\\/\\\/news.save.ch\\\/fr\\\/author\\\/roger-straessle\\\/\"}]}<\/script>\n<!-- \/ Yoast SEO plugin. -->","yoast_head_json":{"title":"\"S\u00e9curit\u00e9 2017\" - Les Suisses sont optimistes pour la CH - Save","description":"Les Suissesses et les Suisses se sentent tr\u00e8s en s\u00e9curit\u00e9. C'est ce que r\u00e9v\u00e8le l'enqu\u00eate \"S\u00e9curit\u00e9 2017\" command\u00e9e par le DDPS.","robots":{"index":"index","follow":"follow","max-snippet":"max-snippet:-1","max-image-preview":"max-image-preview:large","max-video-preview":"max-video-preview:-1"},"canonical":"https:\/\/news.save.ch\/fr\/sicherheit-2017-schweizer-sehen-die-ch-optimistisch\/","og_locale":"fr_FR","og_type":"article","og_title":"\u00abSicherheit 2017\u00bb \u2013 Schweizer sehen die CH optimistisch - Save","og_description":"Schweizerinnen und Schweizer f\u00fchlen sich sehr sicher. Dies hat die vom VBS in Auftrag gegebene Umfrage \"Sicherheit 2017\" ergeben.","og_url":"https:\/\/news.save.ch\/fr\/sicherheit-2017-schweizer-sehen-die-ch-optimistisch\/","og_site_name":"Save","article_published_time":"2017-05-27T04:13:05+00:00","og_image":[{"width":1000,"height":656,"url":"https:\/\/news.save.ch\/wp-content\/uploads\/2017\/05\/Depositphotos_1173832_m-2015.jpg","type":"image\/jpeg"}],"author":"Roger Str\u00e4ssle","twitter_card":"summary_large_image","twitter_misc":{"\u00c9crit par":"Roger Str\u00e4ssle","Dur\u00e9e de lecture estim\u00e9e":"3 minutes"},"schema":{"@context":"https:\/\/schema.org","@graph":[{"@type":"Article","@id":"https:\/\/news.save.ch\/sicherheit-2017-schweizer-sehen-die-ch-optimistisch\/#article","isPartOf":{"@id":"https:\/\/news.save.ch\/sicherheit-2017-schweizer-sehen-die-ch-optimistisch\/"},"author":{"name":"Roger Str\u00e4ssle","@id":"https:\/\/news.save.ch\/de\/#\/schema\/person\/d5022db048e0e2b9785c50e5b24da5aa"},"headline":"\u00abSicherheit 2017\u00bb \u2013 Schweizer sehen die CH optimistisch","datePublished":"2017-05-27T04:13:05+00:00","mainEntityOfPage":{"@id":"https:\/\/news.save.ch\/sicherheit-2017-schweizer-sehen-die-ch-optimistisch\/"},"wordCount":590,"commentCount":0,"publisher":{"@id":"https:\/\/news.save.ch\/de\/#organization"},"image":{"@id":"https:\/\/news.save.ch\/sicherheit-2017-schweizer-sehen-die-ch-optimistisch\/#primaryimage"},"thumbnailUrl":"https:\/\/news.save.ch\/wp-content\/uploads\/2017\/05\/Depositphotos_1173832_m-2015.jpg","keywords":["Bundesamt","Studie"],"articleSection":["ALLGEMEIN"],"inLanguage":"fr-FR"},{"@type":"WebPage","@id":"https:\/\/news.save.ch\/sicherheit-2017-schweizer-sehen-die-ch-optimistisch\/","url":"https:\/\/news.save.ch\/sicherheit-2017-schweizer-sehen-die-ch-optimistisch\/","name":"\"S\u00e9curit\u00e9 2017\" - Les Suisses sont optimistes pour la CH - Save","isPartOf":{"@id":"https:\/\/news.save.ch\/de\/#website"},"primaryImageOfPage":{"@id":"https:\/\/news.save.ch\/sicherheit-2017-schweizer-sehen-die-ch-optimistisch\/#primaryimage"},"image":{"@id":"https:\/\/news.save.ch\/sicherheit-2017-schweizer-sehen-die-ch-optimistisch\/#primaryimage"},"thumbnailUrl":"https:\/\/news.save.ch\/wp-content\/uploads\/2017\/05\/Depositphotos_1173832_m-2015.jpg","datePublished":"2017-05-27T04:13:05+00:00","description":"Les Suissesses et les Suisses se sentent tr\u00e8s en s\u00e9curit\u00e9. C'est ce que r\u00e9v\u00e8le l'enqu\u00eate \"S\u00e9curit\u00e9 2017\" command\u00e9e par le DDPS.","breadcrumb":{"@id":"https:\/\/news.save.ch\/sicherheit-2017-schweizer-sehen-die-ch-optimistisch\/#breadcrumb"},"inLanguage":"fr-FR","potentialAction":[{"@type":"ReadAction","target":["https:\/\/news.save.ch\/sicherheit-2017-schweizer-sehen-die-ch-optimistisch\/"]}]},{"@type":"ImageObject","inLanguage":"fr-FR","@id":"https:\/\/news.save.ch\/sicherheit-2017-schweizer-sehen-die-ch-optimistisch\/#primaryimage","url":"https:\/\/news.save.ch\/wp-content\/uploads\/2017\/05\/Depositphotos_1173832_m-2015.jpg","contentUrl":"https:\/\/news.save.ch\/wp-content\/uploads\/2017\/05\/Depositphotos_1173832_m-2015.jpg","width":1000,"height":656,"caption":"Depositphotos"},{"@type":"BreadcrumbList","@id":"https:\/\/news.save.ch\/sicherheit-2017-schweizer-sehen-die-ch-optimistisch\/#breadcrumb","itemListElement":[{"@type":"ListItem","position":1,"name":"Home","item":"https:\/\/news.save.ch\/de\/"},{"@type":"ListItem","position":2,"name":"\u00abSicherheit 2017\u00bb \u2013 Schweizer sehen die CH optimistisch"}]},{"@type":"WebSite","@id":"https:\/\/news.save.ch\/de\/#website","url":"https:\/\/news.save.ch\/de\/","name":"Save","description":"Revue suisse sp\u00e9cialis\u00e9e dans la s\u00e9curit\u00e9","publisher":{"@id":"https:\/\/news.save.ch\/de\/#organization"},"potentialAction":[{"@type":"SearchAction","target":{"@type":"EntryPoint","urlTemplate":"https:\/\/news.save.ch\/de\/?s={search_term_string}"},"query-input":{"@type":"PropertyValueSpecification","valueRequired":true,"valueName":"search_term_string"}}],"inLanguage":"fr-FR"},{"@type":"Organization","@id":"https:\/\/news.save.ch\/de\/#organization","name":"Forum sur la s\u00e9curit\u00e9","url":"https:\/\/news.save.ch\/de\/","logo":{"@type":"ImageObject","inLanguage":"fr-FR","@id":"https:\/\/news.save.ch\/de\/#\/schema\/logo\/image\/","url":"https:\/\/news.save.ch\/wp-content\/uploads\/2022\/06\/Logo_SF_2012.png","contentUrl":"https:\/\/news.save.ch\/wp-content\/uploads\/2022\/06\/Logo_SF_2012.png","width":1100,"height":91,"caption":"Sicherheitsforum"},"image":{"@id":"https:\/\/news.save.ch\/de\/#\/schema\/logo\/image\/"}},{"@type":"Person","@id":"https:\/\/news.save.ch\/de\/#\/schema\/person\/d5022db048e0e2b9785c50e5b24da5aa","name":"Roger Str\u00e4ssle","image":{"@type":"ImageObject","inLanguage":"fr-FR","@id":"https:\/\/secure.gravatar.com\/avatar\/862a5569d087de48e5856e32f45d719a03804c891d6deb8d4f71a660e79e4a47?s=96&d=mm&r=g","url":"https:\/\/secure.gravatar.com\/avatar\/862a5569d087de48e5856e32f45d719a03804c891d6deb8d4f71a660e79e4a47?s=96&d=mm&r=g","contentUrl":"https:\/\/secure.gravatar.com\/avatar\/862a5569d087de48e5856e32f45d719a03804c891d6deb8d4f71a660e79e4a47?s=96&d=mm&r=g","caption":"Roger Str\u00e4ssle"},"url":"https:\/\/news.save.ch\/fr\/author\/roger-straessle\/"}]}},"_links":{"self":[{"href":"https:\/\/news.save.ch\/fr\/wp-json\/wp\/v2\/posts\/4876","targetHints":{"allow":["GET"]}}],"collection":[{"href":"https:\/\/news.save.ch\/fr\/wp-json\/wp\/v2\/posts"}],"about":[{"href":"https:\/\/news.save.ch\/fr\/wp-json\/wp\/v2\/types\/post"}],"author":[{"embeddable":true,"href":"https:\/\/news.save.ch\/fr\/wp-json\/wp\/v2\/users\/8"}],"replies":[{"embeddable":true,"href":"https:\/\/news.save.ch\/fr\/wp-json\/wp\/v2\/comments?post=4876"}],"version-history":[{"count":0,"href":"https:\/\/news.save.ch\/fr\/wp-json\/wp\/v2\/posts\/4876\/revisions"}],"wp:featuredmedia":[{"embeddable":true,"href":"https:\/\/news.save.ch\/fr\/wp-json\/wp\/v2\/media\/4879"}],"wp:attachment":[{"href":"https:\/\/news.save.ch\/fr\/wp-json\/wp\/v2\/media?parent=4876"}],"wp:term":[{"taxonomy":"category","embeddable":true,"href":"https:\/\/news.save.ch\/fr\/wp-json\/wp\/v2\/categories?post=4876"},{"taxonomy":"post_tag","embeddable":true,"href":"https:\/\/news.save.ch\/fr\/wp-json\/wp\/v2\/tags?post=4876"}],"curies":[{"name":"wp","href":"https:\/\/api.w.org\/{rel}","templated":true}]}}