{"id":4982,"date":"2017-06-16T11:25:52","date_gmt":"2017-06-16T09:25:52","guid":{"rendered":"https:\/\/news.save.ch\/?p=4982"},"modified":"2023-03-14T08:58:59","modified_gmt":"2023-03-14T07:58:59","slug":"der-bund-will-mehr-erdbebenvorsorge","status":null,"type":"post","link":"https:\/\/news.save.ch\/fr\/der-bund-will-mehr-erdbebenvorsorge\/","title":{"rendered":"La Conf\u00e9d\u00e9ration veut davantage de pr\u00e9vention sismique"},"content":{"rendered":"<figure id=\"attachment_4983\" aria-describedby=\"caption-attachment-4983\" style=\"width: 680px\" class=\"wp-caption aligncenter\"><img loading=\"lazy\" decoding=\"async\" class=\"size-medium wp-image-4983\" src=\"https:\/\/news.save.ch\/wp-content\/uploads\/2017\/06\/Depositphotos_19220149_m-2015.jpg\" alt=\"\" width=\"680\" height=\"454\" srcset=\"https:\/\/news.save.ch\/wp-content\/uploads\/2017\/06\/Depositphotos_19220149_m-2015.jpg 1000w, https:\/\/news.save.ch\/wp-content\/uploads\/2017\/06\/Depositphotos_19220149_m-2015-375x250.jpg 375w\" sizes=\"auto, (max-width: 680px) 100vw, 680px\" \/><figcaption id=\"caption-attachment-4983\" class=\"wp-caption-text\">\u00a9 depositphotos<\/figcaption><\/figure>\n<p>&nbsp;<\/p>\n<p>En Suisse, les tremblements de terre sont certes un danger plut\u00f4t rare, mais r\u00e9el et \u00e0 prendre au s\u00e9rieux. Ainsi, le tremblement de terre du 6 mars 2017 dans le canton de Glaris, d'une magnitude de 4,6, a \u00e9t\u00e9 ressenti dans une grande partie de la Suisse ; quelques d\u00e9g\u00e2ts mineurs ont \u00e9t\u00e9 occasionn\u00e9s. Statistiquement, des s\u00e9ismes de cette magnitude se produisent tous les cinq ans environ en Suisse. En Suisse, il faut s'attendre \u00e0 un tremblement de terre provoquant des dommages plus importants tous les 50 \u00e0 150 ans.<\/p>\n<p><strong>Huit priorit\u00e9s d\u00e9finies<\/strong><\/p>\n<p>En tant que propri\u00e9taire, la Conf\u00e9d\u00e9ration est responsable de la protection parasismique de ses b\u00e2timents et installations et exige, pour les infrastructures relevant de sa comp\u00e9tence, la mise en \u0153uvre des exigences en vigueur en mati\u00e8re de construction parasismique. Elle est en outre responsable de la surveillance sismique, de l'alarme et de l'\u00e9valuation nationale des dangers. En cas d'\u00e9v\u00e9nement, il soutient en outre les cantons en mati\u00e8re de protection de la population.<\/p>\n<p>Le programme de mesures de la Conf\u00e9d\u00e9ration, adopt\u00e9 seulement le 11 d\u00e9cembre 2000, a pour objectif d'assurer une gestion globale des risques sismiques au niveau f\u00e9d\u00e9ral. Depuis, le programme est actualis\u00e9 tous les quatre ans. Lors de sa s\u00e9ance du 16 juin 2017, le Conseil f\u00e9d\u00e9ral a fix\u00e9 les priorit\u00e9s suivantes pour la p\u00e9riode 2017 \u00e0 2020 :<\/p>\n<ol>\n<li>Assurer la coop\u00e9ration institutionnalis\u00e9e au niveau f\u00e9d\u00e9ral<\/li>\n<li>Achever le renouvellement des r\u00e9seaux nationaux de surveillance sismique.<\/li>\n<li>Am\u00e9liorer les bases de l'\u00e9valuation des risques et des exigences en mati\u00e8re de s\u00e9curit\u00e9 sismique.<\/li>\n<li>Cr\u00e9er un mod\u00e8le de risque sismique pour la Suisse.<\/li>\n<li>Achever l'inventaire de la s\u00e9curit\u00e9 parasismique des principaux b\u00e2timents f\u00e9d\u00e9raux en Suisse et \u00e0 l'\u00e9tranger.<\/li>\n<li>Assurer la qualit\u00e9 de la protection parasismique dans les projets de construction des services f\u00e9d\u00e9raux de la construction et de l'immobilier.<\/li>\n<li>Elaborer des bases et des crit\u00e8res pour l'\u00e9valuation et le traitement des demandes des cantons pour des aides financi\u00e8res sp\u00e9ciales de la Conf\u00e9d\u00e9ration en cas de tremblement de terre.<\/li>\n<li>Elaborer un concept pour la mise en place et le fonctionnement d'une organisation de gestion des sinistres en collaboration avec les assurances et les cantons.<\/li>\n<\/ol>\n<p><strong>Protection contre les tremblements de terre dans la construction<\/strong><\/p>\n<p>Une construction robuste et s\u00fbre des b\u00e2timents et des infrastructures est fondamentale pour la protection contre les tremblements de terre, comme l'indique le communiqu\u00e9 du Conseil f\u00e9d\u00e9ral. Toutes les personnes concern\u00e9es - propri\u00e9taires d'immeubles, sp\u00e9cialistes de la construction et autorit\u00e9s de la construction - sont responsables de la construction parasismique des nouveaux b\u00e2timents, des transformations et des r\u00e9novations.<\/p>\n<p>L'Office f\u00e9d\u00e9ral de l'environnement (Ofev) g\u00e8re la Centrale de coordination pour la mitigation des s\u00e9ismes de la Conf\u00e9d\u00e9ration afin d'assurer la collaboration et la qualit\u00e9 de la mise en \u0153uvre des mesures au niveau f\u00e9d\u00e9ral. En outre, la Centrale de coordination doit promouvoir la pr\u00e9vention des s\u00e9ismes aupr\u00e8s des cantons et des associations. Selon le rapport, l'OFEV ne pourra plus assumer cette t\u00e2che que de mani\u00e8re tr\u00e8s limit\u00e9e dans les ann\u00e9es \u00e0 venir en raison des \u00e9conomies impos\u00e9es par le Parlement.<\/p>\n<p><strong>Absence de mod\u00e8le de risque<\/strong><\/p>\n<p>Actuellement, il n'existe en Suisse aucun mod\u00e8le permettant d'\u00e9valuer de mani\u00e8re fiable les \u00e9ventuels dommages caus\u00e9s par les tremblements de terre. Un tel mod\u00e8le de risque sismique doit maintenant \u00eatre \u00e9labor\u00e9 sous la direction du Service sismologique suisse (SED) \u00e0 l'EPF de Zurich. Il se base sur une estimation r\u00e9guli\u00e8rement actualis\u00e9e de l'al\u00e9a sismique, tient compte de l'influence du sous-sol local ainsi que de la vuln\u00e9rabilit\u00e9 et de la valeur des b\u00e2timents et des infrastructures. Il servira de base aux aper\u00e7us des risques nationaux et cantonaux et doit permettre aux autorit\u00e9s comp\u00e9tentes d'estimer rapidement les dommages \u00e0 pr\u00e9voir en cas d'\u00e9v\u00e9nement.<\/p>\n<p><strong>Se pr\u00e9parer \u00e0 l'\u00e9ventualit\u00e9 d'un \u00e9v\u00e9nement<\/strong><\/p>\n<p>La gestion d'un s\u00e9isme de grande ampleur d\u00e9passe tr\u00e8s rapidement les moyens et les possibilit\u00e9s des cantons, des communes et des particuliers, d'autant plus qu'il n'existe actuellement aucune couverture d'assurance obligatoire pour les dommages dus aux s\u00e9ismes. La Conf\u00e9d\u00e9ration doit soutenir la protection de la population des cantons dans les situations extraordinaires et, si n\u00e9cessaire, demander des aides financi\u00e8res sp\u00e9ciales au Parlement. La question de savoir comment organiser le recensement des dommages et distribuer les fonds lib\u00e9r\u00e9s aux personnes sinistr\u00e9es doit \u00eatre r\u00e9gl\u00e9e avant m\u00eame qu'un \u00e9v\u00e9nement ne se produise.<\/p>\n<p><em>Source : Bund<\/em><\/p>\n<p>&nbsp;<\/p>","protected":false},"excerpt":{"rendered":"<p>&nbsp; Erdbeben sind in der Schweiz zwar eine eher seltene, aber reale und ernstzunehmende Gefahr. So war das Beben vom 6. M\u00e4rz 2017 im Kanton Glarus mit einer Magnitude von 4,6 in weiten Teilen der Schweiz zu versp\u00fcren; vereinzelt gab es kleinere Sch\u00e4den. Statistisch kommen Erdbeben dieser St\u00e4rke in der Schweiz etwa alle f\u00fcnf Jahre [&hellip;]<\/p>\n","protected":false},"author":8,"featured_media":4983,"comment_status":"open","ping_status":"open","sticky":false,"template":"","format":"standard","meta":{"_acf_changed":false,"pgc_sgb_lightbox_settings":"","footnotes":""},"categories":[3312],"tags":[170],"class_list":["post-4982","post","type-post","status-publish","format-standard","has-post-thumbnail","hentry","category-sicherheit","tag-naturgefahren"],"acf":[],"hkrextid":null,"publication":null,"issue":null,"workflow":null,"startPage":null,"spitzmarke":null,"_posts_by_tag_page_fields":{"widget_title":"","widget_tags":""},"_at_widget":"1","_yoast_wpseo_primary_category":"5","_yoast_wpseo_focuskw_text_input":"Erdbebenvorsorge","_yoast_wpseo_opengraph-image":null,"_yoast_wpseo_opengraph-description":null,"_yoast_wpseo_opengraph-title":null,"enclosure":null,"_yoast_wpseo_twitter-title":null,"_yoast_wpseo_twitter-description":null,"_yoast_wpseo_twitter-image":null,"_wp_old_slug":null,"_yoast_wpseo_title":null,"_yoast_wpseo_canonical":null,"yoast_head":"<!-- This site is optimized with the Yoast SEO plugin v27.5 - https:\/\/yoast.com\/product\/yoast-seo-wordpress\/ -->\n<title>Der Bund will mehr Erdbebenvorsorge - Save<\/title>\n<meta name=\"description\" content=\"Der Bund will die Erdbebenvorsorge weiter verbessern und hat das Massnahmenprogramm f\u00fcr die Jahre 2017 bis 2020 aktualisiert.\" \/>\n<meta name=\"robots\" content=\"index, follow, max-snippet:-1, max-image-preview:large, max-video-preview:-1\" \/>\n<link rel=\"canonical\" href=\"https:\/\/news.save.ch\/fr\/der-bund-will-mehr-erdbebenvorsorge\/\" \/>\n<meta property=\"og:locale\" content=\"fr_FR\" \/>\n<meta property=\"og:type\" content=\"article\" \/>\n<meta property=\"og:title\" content=\"Der Bund will mehr Erdbebenvorsorge - Save\" \/>\n<meta property=\"og:description\" content=\"Der Bund will die Erdbebenvorsorge weiter verbessern und hat das Massnahmenprogramm f\u00fcr die Jahre 2017 bis 2020 aktualisiert.\" \/>\n<meta property=\"og:url\" content=\"https:\/\/news.save.ch\/fr\/der-bund-will-mehr-erdbebenvorsorge\/\" \/>\n<meta property=\"og:site_name\" content=\"Save\" \/>\n<meta property=\"article:published_time\" content=\"2017-06-16T09:25:52+00:00\" \/>\n<meta property=\"article:modified_time\" content=\"2023-03-14T07:58:59+00:00\" \/>\n<meta property=\"og:image\" content=\"https:\/\/news.save.ch\/wp-content\/uploads\/2017\/06\/Depositphotos_19220149_m-2015.jpg\" \/>\n\t<meta property=\"og:image:width\" content=\"1000\" \/>\n\t<meta property=\"og:image:height\" content=\"667\" \/>\n\t<meta property=\"og:image:type\" content=\"image\/jpeg\" \/>\n<meta name=\"author\" content=\"Roger Str\u00e4ssle\" \/>\n<meta name=\"twitter:card\" content=\"summary_large_image\" \/>\n<meta name=\"twitter:label1\" content=\"\u00c9crit par\" \/>\n\t<meta name=\"twitter:data1\" content=\"Roger Str\u00e4ssle\" \/>\n\t<meta name=\"twitter:label2\" content=\"Dur\u00e9e de lecture estim\u00e9e\" \/>\n\t<meta name=\"twitter:data2\" content=\"3 minutes\" \/>\n<script type=\"application\/ld+json\" class=\"yoast-schema-graph\">{\"@context\":\"https:\\\/\\\/schema.org\",\"@graph\":[{\"@type\":\"Article\",\"@id\":\"https:\\\/\\\/news.save.ch\\\/der-bund-will-mehr-erdbebenvorsorge\\\/#article\",\"isPartOf\":{\"@id\":\"https:\\\/\\\/news.save.ch\\\/der-bund-will-mehr-erdbebenvorsorge\\\/\"},\"author\":{\"name\":\"Roger Str\u00e4ssle\",\"@id\":\"https:\\\/\\\/news.save.ch\\\/de\\\/#\\\/schema\\\/person\\\/d5022db048e0e2b9785c50e5b24da5aa\"},\"headline\":\"Der Bund will mehr Erdbebenvorsorge\",\"datePublished\":\"2017-06-16T09:25:52+00:00\",\"dateModified\":\"2023-03-14T07:58:59+00:00\",\"mainEntityOfPage\":{\"@id\":\"https:\\\/\\\/news.save.ch\\\/der-bund-will-mehr-erdbebenvorsorge\\\/\"},\"wordCount\":601,\"commentCount\":0,\"publisher\":{\"@id\":\"https:\\\/\\\/news.save.ch\\\/de\\\/#organization\"},\"image\":{\"@id\":\"https:\\\/\\\/news.save.ch\\\/der-bund-will-mehr-erdbebenvorsorge\\\/#primaryimage\"},\"thumbnailUrl\":\"https:\\\/\\\/news.save.ch\\\/wp-content\\\/uploads\\\/2017\\\/06\\\/Depositphotos_19220149_m-2015.jpg\",\"keywords\":[\"Naturgefahren\"],\"articleSection\":[\"SICHERHEIT\"],\"inLanguage\":\"fr-FR\"},{\"@type\":\"WebPage\",\"@id\":\"https:\\\/\\\/news.save.ch\\\/der-bund-will-mehr-erdbebenvorsorge\\\/\",\"url\":\"https:\\\/\\\/news.save.ch\\\/der-bund-will-mehr-erdbebenvorsorge\\\/\",\"name\":\"Der Bund will mehr Erdbebenvorsorge - Save\",\"isPartOf\":{\"@id\":\"https:\\\/\\\/news.save.ch\\\/de\\\/#website\"},\"primaryImageOfPage\":{\"@id\":\"https:\\\/\\\/news.save.ch\\\/der-bund-will-mehr-erdbebenvorsorge\\\/#primaryimage\"},\"image\":{\"@id\":\"https:\\\/\\\/news.save.ch\\\/der-bund-will-mehr-erdbebenvorsorge\\\/#primaryimage\"},\"thumbnailUrl\":\"https:\\\/\\\/news.save.ch\\\/wp-content\\\/uploads\\\/2017\\\/06\\\/Depositphotos_19220149_m-2015.jpg\",\"datePublished\":\"2017-06-16T09:25:52+00:00\",\"dateModified\":\"2023-03-14T07:58:59+00:00\",\"description\":\"Der Bund will die Erdbebenvorsorge weiter verbessern und hat das Massnahmenprogramm f\u00fcr die Jahre 2017 bis 2020 aktualisiert.\",\"breadcrumb\":{\"@id\":\"https:\\\/\\\/news.save.ch\\\/der-bund-will-mehr-erdbebenvorsorge\\\/#breadcrumb\"},\"inLanguage\":\"fr-FR\",\"potentialAction\":[{\"@type\":\"ReadAction\",\"target\":[\"https:\\\/\\\/news.save.ch\\\/der-bund-will-mehr-erdbebenvorsorge\\\/\"]}]},{\"@type\":\"ImageObject\",\"inLanguage\":\"fr-FR\",\"@id\":\"https:\\\/\\\/news.save.ch\\\/der-bund-will-mehr-erdbebenvorsorge\\\/#primaryimage\",\"url\":\"https:\\\/\\\/news.save.ch\\\/wp-content\\\/uploads\\\/2017\\\/06\\\/Depositphotos_19220149_m-2015.jpg\",\"contentUrl\":\"https:\\\/\\\/news.save.ch\\\/wp-content\\\/uploads\\\/2017\\\/06\\\/Depositphotos_19220149_m-2015.jpg\",\"width\":1000,\"height\":667,\"caption\":\"\u00a9 depositphotos\"},{\"@type\":\"BreadcrumbList\",\"@id\":\"https:\\\/\\\/news.save.ch\\\/der-bund-will-mehr-erdbebenvorsorge\\\/#breadcrumb\",\"itemListElement\":[{\"@type\":\"ListItem\",\"position\":1,\"name\":\"Home\",\"item\":\"https:\\\/\\\/news.save.ch\\\/de\\\/\"},{\"@type\":\"ListItem\",\"position\":2,\"name\":\"Der Bund will mehr Erdbebenvorsorge\"}]},{\"@type\":\"WebSite\",\"@id\":\"https:\\\/\\\/news.save.ch\\\/de\\\/#website\",\"url\":\"https:\\\/\\\/news.save.ch\\\/de\\\/\",\"name\":\"Save\",\"description\":\"Schweizer Fachzeitschrift f\u00fcr Sicherheit\",\"publisher\":{\"@id\":\"https:\\\/\\\/news.save.ch\\\/de\\\/#organization\"},\"potentialAction\":[{\"@type\":\"SearchAction\",\"target\":{\"@type\":\"EntryPoint\",\"urlTemplate\":\"https:\\\/\\\/news.save.ch\\\/de\\\/?s={search_term_string}\"},\"query-input\":{\"@type\":\"PropertyValueSpecification\",\"valueRequired\":true,\"valueName\":\"search_term_string\"}}],\"inLanguage\":\"fr-FR\"},{\"@type\":\"Organization\",\"@id\":\"https:\\\/\\\/news.save.ch\\\/de\\\/#organization\",\"name\":\"Sicherheitsforum\",\"url\":\"https:\\\/\\\/news.save.ch\\\/de\\\/\",\"logo\":{\"@type\":\"ImageObject\",\"inLanguage\":\"fr-FR\",\"@id\":\"https:\\\/\\\/news.save.ch\\\/de\\\/#\\\/schema\\\/logo\\\/image\\\/\",\"url\":\"https:\\\/\\\/news.save.ch\\\/wp-content\\\/uploads\\\/2022\\\/06\\\/Logo_SF_2012.png\",\"contentUrl\":\"https:\\\/\\\/news.save.ch\\\/wp-content\\\/uploads\\\/2022\\\/06\\\/Logo_SF_2012.png\",\"width\":1100,\"height\":91,\"caption\":\"Sicherheitsforum\"},\"image\":{\"@id\":\"https:\\\/\\\/news.save.ch\\\/de\\\/#\\\/schema\\\/logo\\\/image\\\/\"}},{\"@type\":\"Person\",\"@id\":\"https:\\\/\\\/news.save.ch\\\/de\\\/#\\\/schema\\\/person\\\/d5022db048e0e2b9785c50e5b24da5aa\",\"name\":\"Roger Str\u00e4ssle\",\"image\":{\"@type\":\"ImageObject\",\"inLanguage\":\"fr-FR\",\"@id\":\"https:\\\/\\\/secure.gravatar.com\\\/avatar\\\/862a5569d087de48e5856e32f45d719a03804c891d6deb8d4f71a660e79e4a47?s=96&d=mm&r=g\",\"url\":\"https:\\\/\\\/secure.gravatar.com\\\/avatar\\\/862a5569d087de48e5856e32f45d719a03804c891d6deb8d4f71a660e79e4a47?s=96&d=mm&r=g\",\"contentUrl\":\"https:\\\/\\\/secure.gravatar.com\\\/avatar\\\/862a5569d087de48e5856e32f45d719a03804c891d6deb8d4f71a660e79e4a47?s=96&d=mm&r=g\",\"caption\":\"Roger Str\u00e4ssle\"},\"url\":\"https:\\\/\\\/news.save.ch\\\/fr\\\/author\\\/roger-straessle\\\/\"}]}<\/script>\n<!-- \/ Yoast SEO plugin. -->","yoast_head_json":{"title":"La Conf\u00e9d\u00e9ration veut davantage de pr\u00e9vention sismique - Save","description":"La Conf\u00e9d\u00e9ration veut continuer \u00e0 am\u00e9liorer la pr\u00e9vention des s\u00e9ismes et a actualis\u00e9 le programme de mesures pour les ann\u00e9es 2017 \u00e0 2020.","robots":{"index":"index","follow":"follow","max-snippet":"max-snippet:-1","max-image-preview":"max-image-preview:large","max-video-preview":"max-video-preview:-1"},"canonical":"https:\/\/news.save.ch\/fr\/der-bund-will-mehr-erdbebenvorsorge\/","og_locale":"fr_FR","og_type":"article","og_title":"Der Bund will mehr Erdbebenvorsorge - Save","og_description":"Der Bund will die Erdbebenvorsorge weiter verbessern und hat das Massnahmenprogramm f\u00fcr die Jahre 2017 bis 2020 aktualisiert.","og_url":"https:\/\/news.save.ch\/fr\/der-bund-will-mehr-erdbebenvorsorge\/","og_site_name":"Save","article_published_time":"2017-06-16T09:25:52+00:00","article_modified_time":"2023-03-14T07:58:59+00:00","og_image":[{"width":1000,"height":667,"url":"https:\/\/news.save.ch\/wp-content\/uploads\/2017\/06\/Depositphotos_19220149_m-2015.jpg","type":"image\/jpeg"}],"author":"Roger Str\u00e4ssle","twitter_card":"summary_large_image","twitter_misc":{"\u00c9crit par":"Roger Str\u00e4ssle","Dur\u00e9e de lecture estim\u00e9e":"3 minutes"},"schema":{"@context":"https:\/\/schema.org","@graph":[{"@type":"Article","@id":"https:\/\/news.save.ch\/der-bund-will-mehr-erdbebenvorsorge\/#article","isPartOf":{"@id":"https:\/\/news.save.ch\/der-bund-will-mehr-erdbebenvorsorge\/"},"author":{"name":"Roger Str\u00e4ssle","@id":"https:\/\/news.save.ch\/de\/#\/schema\/person\/d5022db048e0e2b9785c50e5b24da5aa"},"headline":"Der Bund will mehr Erdbebenvorsorge","datePublished":"2017-06-16T09:25:52+00:00","dateModified":"2023-03-14T07:58:59+00:00","mainEntityOfPage":{"@id":"https:\/\/news.save.ch\/der-bund-will-mehr-erdbebenvorsorge\/"},"wordCount":601,"commentCount":0,"publisher":{"@id":"https:\/\/news.save.ch\/de\/#organization"},"image":{"@id":"https:\/\/news.save.ch\/der-bund-will-mehr-erdbebenvorsorge\/#primaryimage"},"thumbnailUrl":"https:\/\/news.save.ch\/wp-content\/uploads\/2017\/06\/Depositphotos_19220149_m-2015.jpg","keywords":["Naturgefahren"],"articleSection":["SICHERHEIT"],"inLanguage":"fr-FR"},{"@type":"WebPage","@id":"https:\/\/news.save.ch\/der-bund-will-mehr-erdbebenvorsorge\/","url":"https:\/\/news.save.ch\/der-bund-will-mehr-erdbebenvorsorge\/","name":"La Conf\u00e9d\u00e9ration veut davantage de pr\u00e9vention sismique - Save","isPartOf":{"@id":"https:\/\/news.save.ch\/de\/#website"},"primaryImageOfPage":{"@id":"https:\/\/news.save.ch\/der-bund-will-mehr-erdbebenvorsorge\/#primaryimage"},"image":{"@id":"https:\/\/news.save.ch\/der-bund-will-mehr-erdbebenvorsorge\/#primaryimage"},"thumbnailUrl":"https:\/\/news.save.ch\/wp-content\/uploads\/2017\/06\/Depositphotos_19220149_m-2015.jpg","datePublished":"2017-06-16T09:25:52+00:00","dateModified":"2023-03-14T07:58:59+00:00","description":"La Conf\u00e9d\u00e9ration veut continuer \u00e0 am\u00e9liorer la pr\u00e9vention des s\u00e9ismes et a actualis\u00e9 le programme de mesures pour les ann\u00e9es 2017 \u00e0 2020.","breadcrumb":{"@id":"https:\/\/news.save.ch\/der-bund-will-mehr-erdbebenvorsorge\/#breadcrumb"},"inLanguage":"fr-FR","potentialAction":[{"@type":"ReadAction","target":["https:\/\/news.save.ch\/der-bund-will-mehr-erdbebenvorsorge\/"]}]},{"@type":"ImageObject","inLanguage":"fr-FR","@id":"https:\/\/news.save.ch\/der-bund-will-mehr-erdbebenvorsorge\/#primaryimage","url":"https:\/\/news.save.ch\/wp-content\/uploads\/2017\/06\/Depositphotos_19220149_m-2015.jpg","contentUrl":"https:\/\/news.save.ch\/wp-content\/uploads\/2017\/06\/Depositphotos_19220149_m-2015.jpg","width":1000,"height":667,"caption":"\u00a9 depositphotos"},{"@type":"BreadcrumbList","@id":"https:\/\/news.save.ch\/der-bund-will-mehr-erdbebenvorsorge\/#breadcrumb","itemListElement":[{"@type":"ListItem","position":1,"name":"Home","item":"https:\/\/news.save.ch\/de\/"},{"@type":"ListItem","position":2,"name":"Der Bund will mehr Erdbebenvorsorge"}]},{"@type":"WebSite","@id":"https:\/\/news.save.ch\/de\/#website","url":"https:\/\/news.save.ch\/de\/","name":"Save","description":"Revue suisse sp\u00e9cialis\u00e9e dans la s\u00e9curit\u00e9","publisher":{"@id":"https:\/\/news.save.ch\/de\/#organization"},"potentialAction":[{"@type":"SearchAction","target":{"@type":"EntryPoint","urlTemplate":"https:\/\/news.save.ch\/de\/?s={search_term_string}"},"query-input":{"@type":"PropertyValueSpecification","valueRequired":true,"valueName":"search_term_string"}}],"inLanguage":"fr-FR"},{"@type":"Organization","@id":"https:\/\/news.save.ch\/de\/#organization","name":"Forum sur la s\u00e9curit\u00e9","url":"https:\/\/news.save.ch\/de\/","logo":{"@type":"ImageObject","inLanguage":"fr-FR","@id":"https:\/\/news.save.ch\/de\/#\/schema\/logo\/image\/","url":"https:\/\/news.save.ch\/wp-content\/uploads\/2022\/06\/Logo_SF_2012.png","contentUrl":"https:\/\/news.save.ch\/wp-content\/uploads\/2022\/06\/Logo_SF_2012.png","width":1100,"height":91,"caption":"Sicherheitsforum"},"image":{"@id":"https:\/\/news.save.ch\/de\/#\/schema\/logo\/image\/"}},{"@type":"Person","@id":"https:\/\/news.save.ch\/de\/#\/schema\/person\/d5022db048e0e2b9785c50e5b24da5aa","name":"Roger Str\u00e4ssle","image":{"@type":"ImageObject","inLanguage":"fr-FR","@id":"https:\/\/secure.gravatar.com\/avatar\/862a5569d087de48e5856e32f45d719a03804c891d6deb8d4f71a660e79e4a47?s=96&d=mm&r=g","url":"https:\/\/secure.gravatar.com\/avatar\/862a5569d087de48e5856e32f45d719a03804c891d6deb8d4f71a660e79e4a47?s=96&d=mm&r=g","contentUrl":"https:\/\/secure.gravatar.com\/avatar\/862a5569d087de48e5856e32f45d719a03804c891d6deb8d4f71a660e79e4a47?s=96&d=mm&r=g","caption":"Roger Str\u00e4ssle"},"url":"https:\/\/news.save.ch\/fr\/author\/roger-straessle\/"}]}},"_links":{"self":[{"href":"https:\/\/news.save.ch\/fr\/wp-json\/wp\/v2\/posts\/4982","targetHints":{"allow":["GET"]}}],"collection":[{"href":"https:\/\/news.save.ch\/fr\/wp-json\/wp\/v2\/posts"}],"about":[{"href":"https:\/\/news.save.ch\/fr\/wp-json\/wp\/v2\/types\/post"}],"author":[{"embeddable":true,"href":"https:\/\/news.save.ch\/fr\/wp-json\/wp\/v2\/users\/8"}],"replies":[{"embeddable":true,"href":"https:\/\/news.save.ch\/fr\/wp-json\/wp\/v2\/comments?post=4982"}],"version-history":[{"count":1,"href":"https:\/\/news.save.ch\/fr\/wp-json\/wp\/v2\/posts\/4982\/revisions"}],"predecessor-version":[{"id":17874,"href":"https:\/\/news.save.ch\/fr\/wp-json\/wp\/v2\/posts\/4982\/revisions\/17874"}],"wp:featuredmedia":[{"embeddable":true,"href":"https:\/\/news.save.ch\/fr\/wp-json\/wp\/v2\/media\/4983"}],"wp:attachment":[{"href":"https:\/\/news.save.ch\/fr\/wp-json\/wp\/v2\/media?parent=4982"}],"wp:term":[{"taxonomy":"category","embeddable":true,"href":"https:\/\/news.save.ch\/fr\/wp-json\/wp\/v2\/categories?post=4982"},{"taxonomy":"post_tag","embeddable":true,"href":"https:\/\/news.save.ch\/fr\/wp-json\/wp\/v2\/tags?post=4982"}],"curies":[{"name":"wp","href":"https:\/\/api.w.org\/{rel}","templated":true}]}}