{"id":5032,"date":"2017-07-11T06:36:54","date_gmt":"2017-07-11T04:36:54","guid":{"rendered":"https:\/\/news.save.ch\/?p=5032"},"modified":"2023-03-14T08:57:03","modified_gmt":"2023-03-14T07:57:03","slug":"unternehmen-nutzen-public-cloud-trotz-sicherheitsbedenken","status":null,"type":"post","link":"https:\/\/news.save.ch\/fr\/unternehmen-nutzen-public-cloud-trotz-sicherheitsbedenken\/","title":{"rendered":"Les entreprises utilisent le cloud public malgr\u00e9 les inqui\u00e9tudes en mati\u00e8re de s\u00e9curit\u00e9"},"content":{"rendered":"<figure id=\"attachment_5033\" aria-describedby=\"caption-attachment-5033\" style=\"width: 680px\" class=\"wp-caption aligncenter\"><img loading=\"lazy\" decoding=\"async\" class=\"size-medium wp-image-5033\" src=\"https:\/\/news.save.ch\/wp-content\/uploads\/2017\/07\/Depositphotos_39399799_m-2015-1.jpg\" alt=\"\" width=\"680\" height=\"454\" srcset=\"https:\/\/news.save.ch\/wp-content\/uploads\/2017\/07\/Depositphotos_39399799_m-2015-1.jpg 1000w, https:\/\/news.save.ch\/wp-content\/uploads\/2017\/07\/Depositphotos_39399799_m-2015-1-375x250.jpg 375w\" sizes=\"auto, (max-width: 680px) 100vw, 680px\" \/><figcaption id=\"caption-attachment-5033\" class=\"wp-caption-text\">\u00a9 depositphotos<\/figcaption><\/figure>\n<p>&nbsp;<\/p>\n<p>De nombreux d\u00e9cideurs informatiques semblent encore ignorer leurs responsabilit\u00e9s en mati\u00e8re de s\u00e9curit\u00e9 du cloud. C'est ce que montre une \u00e9tude r\u00e9cente de Barracuda, dans laquelle 550 d\u00e9cideurs informatiques de la r\u00e9gion EMEA ont \u00e9t\u00e9 interrog\u00e9s sur \"Public Cloud Infrastructure as a Service (IaaS)\". Seuls 61% des personnes interrog\u00e9es ont d\u00e9clar\u00e9 comprendre parfaitement leur domaine de responsabilit\u00e9 en mati\u00e8re de s\u00e9curit\u00e9 du cloud.<\/p>\n<p><strong>Manque de compr\u00e9hension du mod\u00e8le de responsabilit\u00e9 partag\u00e9e<\/strong><br \/>\nPr\u00e8s des deux tiers des personnes interrog\u00e9es (64%) pensent \u00e9galement qu'il est de la responsabilit\u00e9 du fournisseur de services informatiques en nuage de s\u00e9curiser les donn\u00e9es dans le nuage, 61% concernant les applications et 60% les syst\u00e8mes d'exploitation. Les r\u00e9sultats r\u00e9v\u00e8lent un manque inqui\u00e9tant de compr\u00e9hension du mod\u00e8le de responsabilit\u00e9 partag\u00e9e, une directive cl\u00e9 de la plupart des accords de fournisseurs de services en nuage. Ainsi, les composants d'infrastructure de base tels que le calcul, le stockage, la base de donn\u00e9es et la mise en r\u00e9seau, ainsi que le mat\u00e9riel, sont s\u00e9curis\u00e9s par le fournisseur, mais il incombe au client de s\u00e9curiser ses donn\u00e9es, ses applications, ses syst\u00e8mes d'exploitation et autres \u00e9l\u00e9ments logiciels dans le nuage.<\/p>\n<p><strong>A peine plus de la moiti\u00e9 investit dans une protection suppl\u00e9mentaire<\/strong><br \/>\nMoins de la moiti\u00e9 (45%) des entreprises qui utilisent des solutions de cloud public pensent que leur fournisseur offre une protection solide pour l'acc\u00e8s aux applications, les r\u00e9sultats \u00e9tant similaires pour la protection des applications (43%) et des donn\u00e9es (41%). Cependant, \u00e0 peine plus de la moiti\u00e9 (57%) investit dans des produits de s\u00e9curit\u00e9 suppl\u00e9mentaires pour prot\u00e9ger l'acc\u00e8s au cloud public, mais plus d'un tiers (37%) pr\u00e9voit de le faire \u00e0 l'avenir. La r\u00e9gion EMEA interrog\u00e9e, \u00e0 savoir la Belgique et les Pays-Bas, est en t\u00eate en ce qui concerne les solutions de s\u00e9curit\u00e9 suppl\u00e9mentaires utilis\u00e9es avec 70%, l'Allemagne se trouvant \u00e0 l'avant-derni\u00e8re place avec 57%, devant le Royaume-Uni avec 43%.<\/p>\n<p><strong>Une acceptation croissante malgr\u00e9 les inqui\u00e9tudes en mati\u00e8re de s\u00e9curit\u00e9 <\/strong><br \/>\nLa quasi-totalit\u00e9 (99%) des entreprises interrog\u00e9es confirme les avantages du passage au cloud public. Pr\u00e8s de la moiti\u00e9 d'entre elles citent une plus grande \u00e9volutivit\u00e9 (48%) et une r\u00e9duction des d\u00e9penses informatiques (48%) comme principaux avantages, et 43% une plus grande agilit\u00e9. En outre, 26% des personnes interrog\u00e9es font \u00e9tat d'un retour sur investissement positif d\u00e8s la premi\u00e8re ann\u00e9e gr\u00e2ce \u00e0 l'utilisation du cloud public. Ainsi, l'utilisation du cloud continue d'augmenter malgr\u00e9 les pr\u00e9occupations en mati\u00e8re de s\u00e9curit\u00e9 : Les entreprises de la r\u00e9gion EMEA qui utilisent l'IaaS indiquent que plus d'un tiers (35%) de leur infrastructure est d\u00e9j\u00e0 bas\u00e9e sur le cloud (Belgique et Pays-Bas 41%, France 38%, Allemagne 35%, Autriche 35%, Royaume-Uni 29%) et qu'elles s'attendent \u00e0 une augmentation \u00e0 50% dans les deux prochaines ann\u00e9es.<\/p>\n<p>\"Malgr\u00e9 l'adoption croissante du cloud public, les pr\u00e9occupations en mati\u00e8re de s\u00e9curit\u00e9 restent importantes. 77% des personnes interrog\u00e9es ont d\u00e9clar\u00e9 utiliser des services de cloud public pour stocker des donn\u00e9es sensibles telles que les informations sur les employ\u00e9s, la PI des entreprises et les donn\u00e9es de la base de donn\u00e9es des clients. Dans le contexte du r\u00e8glement g\u00e9n\u00e9ral de l'UE sur la protection des donn\u00e9es (RGPD), la protection des donn\u00e9es dans le cloud va faire l'objet d'une attention encore plus grande\", explique Kristof Vanderstraeten, EMEA Director of Public Cloud Business Development chez Barracuda.<\/p>\n<p>\"Notre \u00e9tude montre que le cloud public est une perspective tr\u00e8s attrayante, mais que la migration d'applications professionnelles sensibles peut \u00eatre un processus compliqu\u00e9 qui cr\u00e9e de nouvelles exigences de s\u00e9curit\u00e9\", poursuit Vanderstraeten.<\/p>\n<p><em>Cliquez ici pour le r\u00e9sum\u00e9 de la\u00a0<a href=\"https:\/\/assets.barracuda.com\/assets\/docs\/dms\/Barracuda_TechValidate_Survey_SB_Public_Clouds_Go_Mainstream_US.pdf\">R\u00e9sultats de l'\u00e9tude<\/a> ainsi qu'\u00e0 l'infographie.<\/em><\/p>","protected":false},"excerpt":{"rendered":"<p>&nbsp; Viele IT-Entscheider scheinen sich noch im Unklaren \u00fcber ihre Verantwortlichkeit in Bezug auf Cloud-Sicherheit zu sein. Dies zeigt eine aktuelle Studie von Barracuda, bei der 550 IT-Entscheider in der EMEA-Region zu \u201ePublic Cloud Infrastructure as a Service (IaaS)\u201c befragt wurden. Dabei gaben nur 61% der Befragten an, ihren Verantwortungsbereich bez\u00fcglich Cloud-Sicherheit vollst\u00e4ndig zu verstehen. [&hellip;]<\/p>\n","protected":false},"author":8,"featured_media":5033,"comment_status":"open","ping_status":"open","sticky":false,"template":"","format":"standard","meta":{"_acf_changed":false,"pgc_sgb_lightbox_settings":"","footnotes":""},"categories":[3313],"tags":[118,63],"class_list":["post-5032","post","type-post","status-publish","format-standard","has-post-thumbnail","hentry","category-digitalisierung","tag-datenschutz","tag-it-security"],"acf":[],"hkrextid":null,"publication":null,"issue":null,"workflow":null,"startPage":null,"spitzmarke":null,"_posts_by_tag_page_fields":{"widget_title":"","widget_tags":""},"_at_widget":"1","_yoast_wpseo_primary_category":"2","_yoast_wpseo_focuskw_text_input":"Public Cloud","_yoast_wpseo_opengraph-image":null,"_yoast_wpseo_opengraph-description":null,"_yoast_wpseo_opengraph-title":null,"enclosure":null,"_yoast_wpseo_twitter-title":null,"_yoast_wpseo_twitter-description":null,"_yoast_wpseo_twitter-image":null,"_wp_old_slug":null,"_yoast_wpseo_title":null,"_yoast_wpseo_canonical":null,"yoast_head":"<!-- This site is optimized with the Yoast SEO plugin v27.5 - https:\/\/yoast.com\/product\/yoast-seo-wordpress\/ -->\n<title>Firmen nutzen Public Cloud trotz Sicherheitsbedenken - Save<\/title>\n<meta name=\"description\" content=\"Firmen investieren in die Public Cloud trotz anhaltender Sicherheitsbedenken und mangelndem Verst\u00e4ndnis, wer f\u00fcr die Datensicherheit verantwortlich ist.\" \/>\n<meta name=\"robots\" content=\"index, follow, max-snippet:-1, max-image-preview:large, max-video-preview:-1\" \/>\n<link rel=\"canonical\" href=\"https:\/\/news.save.ch\/fr\/unternehmen-nutzen-public-cloud-trotz-sicherheitsbedenken\/\" \/>\n<meta property=\"og:locale\" content=\"fr_FR\" \/>\n<meta property=\"og:type\" content=\"article\" \/>\n<meta property=\"og:title\" content=\"Firmen nutzen Public Cloud trotz Sicherheitsbedenken - Save\" \/>\n<meta property=\"og:description\" content=\"Firmen investieren in die Public Cloud trotz anhaltender Sicherheitsbedenken und mangelndem Verst\u00e4ndnis, wer f\u00fcr die Datensicherheit verantwortlich ist.\" \/>\n<meta property=\"og:url\" content=\"https:\/\/news.save.ch\/fr\/unternehmen-nutzen-public-cloud-trotz-sicherheitsbedenken\/\" \/>\n<meta property=\"og:site_name\" content=\"Save\" \/>\n<meta property=\"article:published_time\" content=\"2017-07-11T04:36:54+00:00\" \/>\n<meta property=\"article:modified_time\" content=\"2023-03-14T07:57:03+00:00\" \/>\n<meta property=\"og:image\" content=\"https:\/\/news.save.ch\/wp-content\/uploads\/2017\/07\/Depositphotos_39399799_m-2015-1.jpg\" \/>\n\t<meta property=\"og:image:width\" content=\"1000\" \/>\n\t<meta property=\"og:image:height\" content=\"667\" \/>\n\t<meta property=\"og:image:type\" content=\"image\/jpeg\" \/>\n<meta name=\"author\" content=\"Roger Str\u00e4ssle\" \/>\n<meta name=\"twitter:card\" content=\"summary_large_image\" \/>\n<meta name=\"twitter:label1\" content=\"\u00c9crit par\" \/>\n\t<meta name=\"twitter:data1\" content=\"Roger Str\u00e4ssle\" \/>\n\t<meta name=\"twitter:label2\" content=\"Dur\u00e9e de lecture estim\u00e9e\" \/>\n\t<meta name=\"twitter:data2\" content=\"2 minutes\" \/>\n<script type=\"application\/ld+json\" class=\"yoast-schema-graph\">{\"@context\":\"https:\\\/\\\/schema.org\",\"@graph\":[{\"@type\":\"Article\",\"@id\":\"https:\\\/\\\/news.save.ch\\\/unternehmen-nutzen-public-cloud-trotz-sicherheitsbedenken\\\/#article\",\"isPartOf\":{\"@id\":\"https:\\\/\\\/news.save.ch\\\/unternehmen-nutzen-public-cloud-trotz-sicherheitsbedenken\\\/\"},\"author\":{\"name\":\"Roger Str\u00e4ssle\",\"@id\":\"https:\\\/\\\/news.save.ch\\\/de\\\/#\\\/schema\\\/person\\\/d5022db048e0e2b9785c50e5b24da5aa\"},\"headline\":\"Firmen nutzen Public Cloud trotz Sicherheitsbedenken\",\"datePublished\":\"2017-07-11T04:36:54+00:00\",\"dateModified\":\"2023-03-14T07:57:03+00:00\",\"mainEntityOfPage\":{\"@id\":\"https:\\\/\\\/news.save.ch\\\/unternehmen-nutzen-public-cloud-trotz-sicherheitsbedenken\\\/\"},\"wordCount\":463,\"commentCount\":0,\"publisher\":{\"@id\":\"https:\\\/\\\/news.save.ch\\\/de\\\/#organization\"},\"image\":{\"@id\":\"https:\\\/\\\/news.save.ch\\\/unternehmen-nutzen-public-cloud-trotz-sicherheitsbedenken\\\/#primaryimage\"},\"thumbnailUrl\":\"https:\\\/\\\/news.save.ch\\\/wp-content\\\/uploads\\\/2017\\\/07\\\/Depositphotos_39399799_m-2015-1.jpg\",\"keywords\":[\"Datenschutz\",\"IT-SECURITY\"],\"articleSection\":[\"DIGITALISIERUNG\"],\"inLanguage\":\"fr-FR\"},{\"@type\":\"WebPage\",\"@id\":\"https:\\\/\\\/news.save.ch\\\/unternehmen-nutzen-public-cloud-trotz-sicherheitsbedenken\\\/\",\"url\":\"https:\\\/\\\/news.save.ch\\\/unternehmen-nutzen-public-cloud-trotz-sicherheitsbedenken\\\/\",\"name\":\"Firmen nutzen Public Cloud trotz Sicherheitsbedenken - Save\",\"isPartOf\":{\"@id\":\"https:\\\/\\\/news.save.ch\\\/de\\\/#website\"},\"primaryImageOfPage\":{\"@id\":\"https:\\\/\\\/news.save.ch\\\/unternehmen-nutzen-public-cloud-trotz-sicherheitsbedenken\\\/#primaryimage\"},\"image\":{\"@id\":\"https:\\\/\\\/news.save.ch\\\/unternehmen-nutzen-public-cloud-trotz-sicherheitsbedenken\\\/#primaryimage\"},\"thumbnailUrl\":\"https:\\\/\\\/news.save.ch\\\/wp-content\\\/uploads\\\/2017\\\/07\\\/Depositphotos_39399799_m-2015-1.jpg\",\"datePublished\":\"2017-07-11T04:36:54+00:00\",\"dateModified\":\"2023-03-14T07:57:03+00:00\",\"description\":\"Firmen investieren in die Public Cloud trotz anhaltender Sicherheitsbedenken und mangelndem Verst\u00e4ndnis, wer f\u00fcr die Datensicherheit verantwortlich ist.\",\"breadcrumb\":{\"@id\":\"https:\\\/\\\/news.save.ch\\\/unternehmen-nutzen-public-cloud-trotz-sicherheitsbedenken\\\/#breadcrumb\"},\"inLanguage\":\"fr-FR\",\"potentialAction\":[{\"@type\":\"ReadAction\",\"target\":[\"https:\\\/\\\/news.save.ch\\\/unternehmen-nutzen-public-cloud-trotz-sicherheitsbedenken\\\/\"]}]},{\"@type\":\"ImageObject\",\"inLanguage\":\"fr-FR\",\"@id\":\"https:\\\/\\\/news.save.ch\\\/unternehmen-nutzen-public-cloud-trotz-sicherheitsbedenken\\\/#primaryimage\",\"url\":\"https:\\\/\\\/news.save.ch\\\/wp-content\\\/uploads\\\/2017\\\/07\\\/Depositphotos_39399799_m-2015-1.jpg\",\"contentUrl\":\"https:\\\/\\\/news.save.ch\\\/wp-content\\\/uploads\\\/2017\\\/07\\\/Depositphotos_39399799_m-2015-1.jpg\",\"width\":1000,\"height\":667,\"caption\":\"\u00a9 depositphotos\"},{\"@type\":\"BreadcrumbList\",\"@id\":\"https:\\\/\\\/news.save.ch\\\/unternehmen-nutzen-public-cloud-trotz-sicherheitsbedenken\\\/#breadcrumb\",\"itemListElement\":[{\"@type\":\"ListItem\",\"position\":1,\"name\":\"Home\",\"item\":\"https:\\\/\\\/news.save.ch\\\/de\\\/\"},{\"@type\":\"ListItem\",\"position\":2,\"name\":\"Firmen nutzen Public Cloud trotz Sicherheitsbedenken\"}]},{\"@type\":\"WebSite\",\"@id\":\"https:\\\/\\\/news.save.ch\\\/de\\\/#website\",\"url\":\"https:\\\/\\\/news.save.ch\\\/de\\\/\",\"name\":\"Save\",\"description\":\"Schweizer Fachzeitschrift f\u00fcr Sicherheit\",\"publisher\":{\"@id\":\"https:\\\/\\\/news.save.ch\\\/de\\\/#organization\"},\"potentialAction\":[{\"@type\":\"SearchAction\",\"target\":{\"@type\":\"EntryPoint\",\"urlTemplate\":\"https:\\\/\\\/news.save.ch\\\/de\\\/?s={search_term_string}\"},\"query-input\":{\"@type\":\"PropertyValueSpecification\",\"valueRequired\":true,\"valueName\":\"search_term_string\"}}],\"inLanguage\":\"fr-FR\"},{\"@type\":\"Organization\",\"@id\":\"https:\\\/\\\/news.save.ch\\\/de\\\/#organization\",\"name\":\"Sicherheitsforum\",\"url\":\"https:\\\/\\\/news.save.ch\\\/de\\\/\",\"logo\":{\"@type\":\"ImageObject\",\"inLanguage\":\"fr-FR\",\"@id\":\"https:\\\/\\\/news.save.ch\\\/de\\\/#\\\/schema\\\/logo\\\/image\\\/\",\"url\":\"https:\\\/\\\/news.save.ch\\\/wp-content\\\/uploads\\\/2022\\\/06\\\/Logo_SF_2012.png\",\"contentUrl\":\"https:\\\/\\\/news.save.ch\\\/wp-content\\\/uploads\\\/2022\\\/06\\\/Logo_SF_2012.png\",\"width\":1100,\"height\":91,\"caption\":\"Sicherheitsforum\"},\"image\":{\"@id\":\"https:\\\/\\\/news.save.ch\\\/de\\\/#\\\/schema\\\/logo\\\/image\\\/\"}},{\"@type\":\"Person\",\"@id\":\"https:\\\/\\\/news.save.ch\\\/de\\\/#\\\/schema\\\/person\\\/d5022db048e0e2b9785c50e5b24da5aa\",\"name\":\"Roger Str\u00e4ssle\",\"image\":{\"@type\":\"ImageObject\",\"inLanguage\":\"fr-FR\",\"@id\":\"https:\\\/\\\/secure.gravatar.com\\\/avatar\\\/862a5569d087de48e5856e32f45d719a03804c891d6deb8d4f71a660e79e4a47?s=96&d=mm&r=g\",\"url\":\"https:\\\/\\\/secure.gravatar.com\\\/avatar\\\/862a5569d087de48e5856e32f45d719a03804c891d6deb8d4f71a660e79e4a47?s=96&d=mm&r=g\",\"contentUrl\":\"https:\\\/\\\/secure.gravatar.com\\\/avatar\\\/862a5569d087de48e5856e32f45d719a03804c891d6deb8d4f71a660e79e4a47?s=96&d=mm&r=g\",\"caption\":\"Roger Str\u00e4ssle\"},\"url\":\"https:\\\/\\\/news.save.ch\\\/fr\\\/author\\\/roger-straessle\\\/\"}]}<\/script>\n<!-- \/ Yoast SEO plugin. -->","yoast_head_json":{"title":"Les entreprises utilisent le cloud public malgr\u00e9 les inqui\u00e9tudes en mati\u00e8re de s\u00e9curit\u00e9 - Save","description":"Les entreprises investissent dans le cloud public malgr\u00e9 les inqui\u00e9tudes persistantes en mati\u00e8re de s\u00e9curit\u00e9 et le manque de compr\u00e9hension de qui est responsable de la s\u00e9curit\u00e9 des donn\u00e9es.","robots":{"index":"index","follow":"follow","max-snippet":"max-snippet:-1","max-image-preview":"max-image-preview:large","max-video-preview":"max-video-preview:-1"},"canonical":"https:\/\/news.save.ch\/fr\/unternehmen-nutzen-public-cloud-trotz-sicherheitsbedenken\/","og_locale":"fr_FR","og_type":"article","og_title":"Firmen nutzen Public Cloud trotz Sicherheitsbedenken - Save","og_description":"Firmen investieren in die Public Cloud trotz anhaltender Sicherheitsbedenken und mangelndem Verst\u00e4ndnis, wer f\u00fcr die Datensicherheit verantwortlich ist.","og_url":"https:\/\/news.save.ch\/fr\/unternehmen-nutzen-public-cloud-trotz-sicherheitsbedenken\/","og_site_name":"Save","article_published_time":"2017-07-11T04:36:54+00:00","article_modified_time":"2023-03-14T07:57:03+00:00","og_image":[{"width":1000,"height":667,"url":"https:\/\/news.save.ch\/wp-content\/uploads\/2017\/07\/Depositphotos_39399799_m-2015-1.jpg","type":"image\/jpeg"}],"author":"Roger Str\u00e4ssle","twitter_card":"summary_large_image","twitter_misc":{"\u00c9crit par":"Roger Str\u00e4ssle","Dur\u00e9e de lecture estim\u00e9e":"2 minutes"},"schema":{"@context":"https:\/\/schema.org","@graph":[{"@type":"Article","@id":"https:\/\/news.save.ch\/unternehmen-nutzen-public-cloud-trotz-sicherheitsbedenken\/#article","isPartOf":{"@id":"https:\/\/news.save.ch\/unternehmen-nutzen-public-cloud-trotz-sicherheitsbedenken\/"},"author":{"name":"Roger Str\u00e4ssle","@id":"https:\/\/news.save.ch\/de\/#\/schema\/person\/d5022db048e0e2b9785c50e5b24da5aa"},"headline":"Firmen nutzen Public Cloud trotz Sicherheitsbedenken","datePublished":"2017-07-11T04:36:54+00:00","dateModified":"2023-03-14T07:57:03+00:00","mainEntityOfPage":{"@id":"https:\/\/news.save.ch\/unternehmen-nutzen-public-cloud-trotz-sicherheitsbedenken\/"},"wordCount":463,"commentCount":0,"publisher":{"@id":"https:\/\/news.save.ch\/de\/#organization"},"image":{"@id":"https:\/\/news.save.ch\/unternehmen-nutzen-public-cloud-trotz-sicherheitsbedenken\/#primaryimage"},"thumbnailUrl":"https:\/\/news.save.ch\/wp-content\/uploads\/2017\/07\/Depositphotos_39399799_m-2015-1.jpg","keywords":["Datenschutz","IT-SECURITY"],"articleSection":["DIGITALISIERUNG"],"inLanguage":"fr-FR"},{"@type":"WebPage","@id":"https:\/\/news.save.ch\/unternehmen-nutzen-public-cloud-trotz-sicherheitsbedenken\/","url":"https:\/\/news.save.ch\/unternehmen-nutzen-public-cloud-trotz-sicherheitsbedenken\/","name":"Les entreprises utilisent le cloud public malgr\u00e9 les inqui\u00e9tudes en mati\u00e8re de s\u00e9curit\u00e9 - Save","isPartOf":{"@id":"https:\/\/news.save.ch\/de\/#website"},"primaryImageOfPage":{"@id":"https:\/\/news.save.ch\/unternehmen-nutzen-public-cloud-trotz-sicherheitsbedenken\/#primaryimage"},"image":{"@id":"https:\/\/news.save.ch\/unternehmen-nutzen-public-cloud-trotz-sicherheitsbedenken\/#primaryimage"},"thumbnailUrl":"https:\/\/news.save.ch\/wp-content\/uploads\/2017\/07\/Depositphotos_39399799_m-2015-1.jpg","datePublished":"2017-07-11T04:36:54+00:00","dateModified":"2023-03-14T07:57:03+00:00","description":"Les entreprises investissent dans le cloud public malgr\u00e9 les inqui\u00e9tudes persistantes en mati\u00e8re de s\u00e9curit\u00e9 et le manque de compr\u00e9hension de qui est responsable de la s\u00e9curit\u00e9 des donn\u00e9es.","breadcrumb":{"@id":"https:\/\/news.save.ch\/unternehmen-nutzen-public-cloud-trotz-sicherheitsbedenken\/#breadcrumb"},"inLanguage":"fr-FR","potentialAction":[{"@type":"ReadAction","target":["https:\/\/news.save.ch\/unternehmen-nutzen-public-cloud-trotz-sicherheitsbedenken\/"]}]},{"@type":"ImageObject","inLanguage":"fr-FR","@id":"https:\/\/news.save.ch\/unternehmen-nutzen-public-cloud-trotz-sicherheitsbedenken\/#primaryimage","url":"https:\/\/news.save.ch\/wp-content\/uploads\/2017\/07\/Depositphotos_39399799_m-2015-1.jpg","contentUrl":"https:\/\/news.save.ch\/wp-content\/uploads\/2017\/07\/Depositphotos_39399799_m-2015-1.jpg","width":1000,"height":667,"caption":"\u00a9 depositphotos"},{"@type":"BreadcrumbList","@id":"https:\/\/news.save.ch\/unternehmen-nutzen-public-cloud-trotz-sicherheitsbedenken\/#breadcrumb","itemListElement":[{"@type":"ListItem","position":1,"name":"Home","item":"https:\/\/news.save.ch\/de\/"},{"@type":"ListItem","position":2,"name":"Firmen nutzen Public Cloud trotz Sicherheitsbedenken"}]},{"@type":"WebSite","@id":"https:\/\/news.save.ch\/de\/#website","url":"https:\/\/news.save.ch\/de\/","name":"Save","description":"Revue suisse sp\u00e9cialis\u00e9e dans la s\u00e9curit\u00e9","publisher":{"@id":"https:\/\/news.save.ch\/de\/#organization"},"potentialAction":[{"@type":"SearchAction","target":{"@type":"EntryPoint","urlTemplate":"https:\/\/news.save.ch\/de\/?s={search_term_string}"},"query-input":{"@type":"PropertyValueSpecification","valueRequired":true,"valueName":"search_term_string"}}],"inLanguage":"fr-FR"},{"@type":"Organization","@id":"https:\/\/news.save.ch\/de\/#organization","name":"Forum sur la s\u00e9curit\u00e9","url":"https:\/\/news.save.ch\/de\/","logo":{"@type":"ImageObject","inLanguage":"fr-FR","@id":"https:\/\/news.save.ch\/de\/#\/schema\/logo\/image\/","url":"https:\/\/news.save.ch\/wp-content\/uploads\/2022\/06\/Logo_SF_2012.png","contentUrl":"https:\/\/news.save.ch\/wp-content\/uploads\/2022\/06\/Logo_SF_2012.png","width":1100,"height":91,"caption":"Sicherheitsforum"},"image":{"@id":"https:\/\/news.save.ch\/de\/#\/schema\/logo\/image\/"}},{"@type":"Person","@id":"https:\/\/news.save.ch\/de\/#\/schema\/person\/d5022db048e0e2b9785c50e5b24da5aa","name":"Roger Str\u00e4ssle","image":{"@type":"ImageObject","inLanguage":"fr-FR","@id":"https:\/\/secure.gravatar.com\/avatar\/862a5569d087de48e5856e32f45d719a03804c891d6deb8d4f71a660e79e4a47?s=96&d=mm&r=g","url":"https:\/\/secure.gravatar.com\/avatar\/862a5569d087de48e5856e32f45d719a03804c891d6deb8d4f71a660e79e4a47?s=96&d=mm&r=g","contentUrl":"https:\/\/secure.gravatar.com\/avatar\/862a5569d087de48e5856e32f45d719a03804c891d6deb8d4f71a660e79e4a47?s=96&d=mm&r=g","caption":"Roger Str\u00e4ssle"},"url":"https:\/\/news.save.ch\/fr\/author\/roger-straessle\/"}]}},"_links":{"self":[{"href":"https:\/\/news.save.ch\/fr\/wp-json\/wp\/v2\/posts\/5032","targetHints":{"allow":["GET"]}}],"collection":[{"href":"https:\/\/news.save.ch\/fr\/wp-json\/wp\/v2\/posts"}],"about":[{"href":"https:\/\/news.save.ch\/fr\/wp-json\/wp\/v2\/types\/post"}],"author":[{"embeddable":true,"href":"https:\/\/news.save.ch\/fr\/wp-json\/wp\/v2\/users\/8"}],"replies":[{"embeddable":true,"href":"https:\/\/news.save.ch\/fr\/wp-json\/wp\/v2\/comments?post=5032"}],"version-history":[{"count":1,"href":"https:\/\/news.save.ch\/fr\/wp-json\/wp\/v2\/posts\/5032\/revisions"}],"predecessor-version":[{"id":17501,"href":"https:\/\/news.save.ch\/fr\/wp-json\/wp\/v2\/posts\/5032\/revisions\/17501"}],"wp:featuredmedia":[{"embeddable":true,"href":"https:\/\/news.save.ch\/fr\/wp-json\/wp\/v2\/media\/5033"}],"wp:attachment":[{"href":"https:\/\/news.save.ch\/fr\/wp-json\/wp\/v2\/media?parent=5032"}],"wp:term":[{"taxonomy":"category","embeddable":true,"href":"https:\/\/news.save.ch\/fr\/wp-json\/wp\/v2\/categories?post=5032"},{"taxonomy":"post_tag","embeddable":true,"href":"https:\/\/news.save.ch\/fr\/wp-json\/wp\/v2\/tags?post=5032"}],"curies":[{"name":"wp","href":"https:\/\/api.w.org\/{rel}","templated":true}]}}