{"id":5107,"date":"2017-07-24T13:11:10","date_gmt":"2017-07-24T11:11:10","guid":{"rendered":"https:\/\/news.save.ch\/?p=5107"},"modified":"2017-07-24T13:11:10","modified_gmt":"2017-07-24T11:11:10","slug":"energienetze-sind-schlecht-geschuetzt","status":null,"type":"post","link":"https:\/\/news.save.ch\/fr\/energienetze-sind-schlecht-geschuetzt\/","title":{"rendered":"Alimentation en \u00e9nergie mal prot\u00e9g\u00e9e"},"content":{"rendered":"<figure id=\"attachment_5108\" aria-describedby=\"caption-attachment-5108\" style=\"width: 680px\" class=\"wp-caption aligncenter\"><img loading=\"lazy\" decoding=\"async\" class=\"size-medium wp-image-5108\" src=\"https:\/\/news.save.ch\/wp-content\/uploads\/2017\/07\/Strom.jpg\" alt=\"\" width=\"680\" height=\"454\" srcset=\"https:\/\/news.save.ch\/wp-content\/uploads\/2017\/07\/Strom.jpg 1000w, https:\/\/news.save.ch\/wp-content\/uploads\/2017\/07\/Strom-375x251.jpg 375w\" sizes=\"auto, (max-width: 680px) 100vw, 680px\" \/><figcaption id=\"caption-attachment-5108\" class=\"wp-caption-text\">\u00a9 depositphotos<\/figcaption><\/figure>\n<p>Le \"<a href=\"https:\/\/www.babs.admin.ch\/de\/aufgabenbabs\/ski\/kritisch.html\">Protection des infrastructures critiques<\/a> (PIC)\" est un sujet important, car elles sont le nerf vital de l'\u00e9conomie et de la soci\u00e9t\u00e9 en Suisse. Afin de d\u00e9velopper la capacit\u00e9 de r\u00e9sistance des infrastructures critiques, la Conf\u00e9d\u00e9ration les a r\u00e9parties en dix secteurs PIC avec divers sous-secteurs. L'approvisionnement en \u00e9nergie en fait bien entendu partie. Et c'est l\u00e0 qu'il y a un probl\u00e8me de r\u00e9silience, comme le montre l'\u00e9tude \" EY \".<a href=\"https:\/\/www.ey.com\/Publication\/vwLUAssets\/ey-elektrizitaetswerke-studie-schweiz-2017\/$FILE\/ey-elektrizitaetswerke-studie-schweiz-2017.pdf\">\u00c9tude sur les entreprises \u00e9lectriques en Suisse 2017<\/a>\".<\/p>\n<p><strong>R\u00e9seaux de distribution obsol\u00e8tes\u00a0<\/strong><\/p>\n<p>\"Pour les entreprises \u00e9nerg\u00e9tiques, la cybercriminalit\u00e9 repr\u00e9sente d\u00e9sormais un risque aussi important que les catastrophes naturelles ou les incendies. Si plus de deux tiers des fournisseurs d'\u00e9nergie suisses craignent des coupures de courant dues \u00e0 des cyberattaques, cela montre l'\u00e9norme besoin d'agir. Les r\u00e9seaux de distribution et les syst\u00e8mes informatiques ne sont souvent pas \u00e0 la pointe de la technologie. Les gestionnaires de r\u00e9seaux de distribution doivent se mettre \u00e0 niveau, et pas seulement en termes de s\u00e9curit\u00e9\", explique Alessandro Miolo, Energy Sector Leader chez EY Suisse.<\/p>\n<p>Selon une enqu\u00eate men\u00e9e aupr\u00e8s du top management de 82 entreprises d'\u00e9lectricit\u00e9 et fournisseurs d'\u00e9nergie, ceux-ci ont reconnu le probl\u00e8me et souhaitent mieux prot\u00e9ger leurs r\u00e9seaux : 45 pour cent veulent engager un responsable de la s\u00e9curit\u00e9 informatique ou l'ont d\u00e9j\u00e0 fait. 44 pour cent ont mis en place un syst\u00e8me de gestion de la s\u00e9curit\u00e9 de l'information ou envisagent de le faire.<\/p>\n<p><strong>R\u00e9seaux \u00e9nerg\u00e9tiques plus d\u00e9centralis\u00e9s<\/strong><\/p>\n<p>Les r\u00e9seaux \u00e9nerg\u00e9tiques sont confront\u00e9s \u00e0 une transformation fondamentale avec le tournant \u00e9nerg\u00e9tique : ils assument une fonction importante pour faire de la strat\u00e9gie \u00e9nerg\u00e9tique 2050 une r\u00e9alit\u00e9. C'est leur d\u00e9veloppement qui rend la transition \u00e9nerg\u00e9tique possible. Selon EY, les piliers sont les r\u00e9seaux intelligents (Smart Grids) et les compteurs intelligents (Smart Meters). Ils seraient n\u00e9cessaires pour int\u00e9grer dans le syst\u00e8me global l'\u00e9lectricit\u00e9 produite de mani\u00e8re de plus en plus fragment\u00e9e et d\u00e9centralis\u00e9e \u00e0 partir des nouvelles \u00e9nergies renouvelables.<\/p>\n<p>Avec le tournant \u00e9nerg\u00e9tique, les consommateurs deviennent des \"prosommateurs\" qui ne se contentent pas de consommer de l'\u00e9lectricit\u00e9, mais la produisent eux-m\u00eames et l'injectent en partie dans le r\u00e9seau. De plus, la production croissante d'\u00e9lectricit\u00e9 \u00e9olienne et solaire renforce la volatilit\u00e9 infrajournali\u00e8re. Le r\u00e9seau \u00e9lectrique est donc de plus en plus sollicit\u00e9 et doit \u00eatre en mesure de mieux r\u00e9agir aux fortes fluctuations de l'alimentation. \"Jusqu'\u00e0 pr\u00e9sent, les entreprises ne suivent pas de strat\u00e9gies coh\u00e9rentes pour moderniser leurs r\u00e9seaux. L'installation de compteurs intelligents se fait plut\u00f4t en fonction de consid\u00e9rations r\u00e9gionales et moins strat\u00e9giques. Les entreprises ont besoin de toute urgence d'un concept rigoureux sur la mani\u00e8re dont elles vont d\u00e9velopper leurs r\u00e9seaux \u00e0 l'avenir, afin de profiter pleinement des opportunit\u00e9s offertes par la num\u00e9risation\", souligne Benjamin Teufel, Senior Manager Energy chez EY Suisse.<\/p>\n<p>Selon l'enqu\u00eate, 59% des entreprises interrog\u00e9es consid\u00e8rent n\u00e9anmoins la num\u00e9risation comme une opportunit\u00e9. Seuls dix pour cent consid\u00e8rent les nouvelles possibilit\u00e9s technologiques comme une menace, ce qui est une valeur positive en comparaison avec l'Allemagne (27%) ; car la num\u00e9risation des r\u00e9seaux donne naissance \u00e0 de nouveaux mod\u00e8les commerciaux, les gestionnaires de r\u00e9seaux de distribution en sont \u00e9galement convaincus. Les personnes interrog\u00e9es voient de grandes opportunit\u00e9s dans l'utilisation et la mise \u00e0 disposition des donn\u00e9es, dans la m\u00e9trologie et dans les solutions de stockage innovantes. \"De nombreuses entreprises voient dans les technologies num\u00e9riques des instruments leur permettant d'atteindre plus rapidement leur objectif. Mais la num\u00e9risation a le potentiel de modifier fondamentalement les mod\u00e8les commerciaux. Les fournisseurs d'\u00e9nergie doivent faire attention \u00e0 ne pas sous-estimer le potentiel de la num\u00e9risation et des technologies telles que la blockchain\", pr\u00e9vient Alessandro Miolo.<\/p>\n<p><strong>La s\u00e9curit\u00e9 de l'approvisionnement est sous-estim\u00e9e <\/strong><\/p>\n<p>La majorit\u00e9 des centrales \u00e9lectriques et des fournisseurs d'\u00e9nergie sont favorables \u00e0 la Strat\u00e9gie \u00e9nerg\u00e9tique 2050 r\u00e9cemment adopt\u00e9e par le peuple : 55 pour cent des personnes interrog\u00e9es estiment qu'elle est r\u00e9alisable. Toutefois, 39 pour cent sont convaincus que les objectifs ne pourront pas \u00eatre atteints.<\/p>\n<p>Cependant, une nette majorit\u00e9 des personnes interrog\u00e9es est convaincue que le concept actuel de la strat\u00e9gie \u00e9nerg\u00e9tique 2050 sous-estime ou ignore les co\u00fbts pour les entreprises et les m\u00e9nages (68%) et la s\u00e9curit\u00e9 d'approvisionnement (61%). \"De nombreux fournisseurs d'\u00e9nergie et entreprises \u00e9lectriques d\u00e9plorent le manque de conditions-cadres pour la strat\u00e9gie \u00e9nerg\u00e9tique 2050. Ainsi, il manque toujours un design de march\u00e9 qui garantisse la s\u00e9curit\u00e9 d'approvisionnement \u00e0 long terme\", souligne Benjamin Teufel.<\/p>\n<p>&nbsp;<\/p>","protected":false},"excerpt":{"rendered":"<p>Der \u00abSchutz kritischer Infrastrukturen (SKI)\u00bb ist ein wichtiges Thema, denn sie sind der Lebensnerv von Wirtschaft und Gesellschaft in der Schweiz. Um die Widerstandsf\u00e4higkeit der kritischen Infrastrukturen auszubauen, wurden diese vom Bund in zehn SKI-Sektoren mit diversen Teilsektoren gegliedert. Dazu z\u00e4hlt selbstverst\u00e4ndlich auch die Energieversorgung. Und hier gibt es bez\u00fcglich Resilienz ein Problem, wie aus [&hellip;]<\/p>\n","protected":false},"author":8,"featured_media":5108,"comment_status":"open","ping_status":"open","sticky":false,"template":"","format":"standard","meta":{"_acf_changed":false,"pgc_sgb_lightbox_settings":"","footnotes":""},"categories":[1],"tags":[353],"class_list":["post-5107","post","type-post","status-publish","format-standard","has-post-thumbnail","hentry","category-allgemein","tag-infrastruktursicherheit"],"acf":[],"hkrextid":null,"publication":null,"issue":null,"workflow":null,"startPage":null,"spitzmarke":null,"_posts_by_tag_page_fields":{"widget_title":"","widget_tags":""},"_at_widget":"1","_yoast_wpseo_primary_category":"1","_yoast_wpseo_focuskw_text_input":"Energieunternehmen","_yoast_wpseo_opengraph-image":null,"_yoast_wpseo_opengraph-description":null,"_yoast_wpseo_opengraph-title":null,"enclosure":null,"_yoast_wpseo_twitter-title":null,"_yoast_wpseo_twitter-description":null,"_yoast_wpseo_twitter-image":null,"_wp_old_slug":null,"_yoast_wpseo_title":null,"_yoast_wpseo_canonical":null,"yoast_head":"<!-- This site is optimized with the Yoast SEO plugin v27.5 - https:\/\/yoast.com\/product\/yoast-seo-wordpress\/ -->\n<title>Schlecht gesch\u00fctzte Energieversorgung - Save<\/title>\n<meta name=\"description\" content=\"Mehr als zwei Drittel der Schweizer Elektrizit\u00e4tswerke und Energieversorger bef\u00fcrchten Stromausf\u00e4lle als Folge von Cyberattacken.\" \/>\n<meta name=\"robots\" content=\"index, follow, max-snippet:-1, max-image-preview:large, max-video-preview:-1\" \/>\n<link rel=\"canonical\" href=\"https:\/\/news.save.ch\/fr\/energienetze-sind-schlecht-geschuetzt\/\" \/>\n<meta property=\"og:locale\" content=\"fr_FR\" \/>\n<meta property=\"og:type\" content=\"article\" \/>\n<meta property=\"og:title\" content=\"Schlecht gesch\u00fctzte Energieversorgung - Save\" \/>\n<meta property=\"og:description\" content=\"Mehr als zwei Drittel der Schweizer Elektrizit\u00e4tswerke und Energieversorger bef\u00fcrchten Stromausf\u00e4lle als Folge von Cyberattacken.\" \/>\n<meta property=\"og:url\" content=\"https:\/\/news.save.ch\/fr\/energienetze-sind-schlecht-geschuetzt\/\" \/>\n<meta property=\"og:site_name\" content=\"Save\" \/>\n<meta property=\"article:published_time\" content=\"2017-07-24T11:11:10+00:00\" \/>\n<meta property=\"og:image\" content=\"https:\/\/news.save.ch\/wp-content\/uploads\/2017\/07\/Strom.jpg\" \/>\n\t<meta property=\"og:image:width\" content=\"1000\" \/>\n\t<meta property=\"og:image:height\" content=\"668\" \/>\n\t<meta property=\"og:image:type\" content=\"image\/jpeg\" \/>\n<meta name=\"author\" content=\"Roger Str\u00e4ssle\" \/>\n<meta name=\"twitter:card\" content=\"summary_large_image\" \/>\n<meta name=\"twitter:label1\" content=\"\u00c9crit par\" \/>\n\t<meta name=\"twitter:data1\" content=\"Roger Str\u00e4ssle\" \/>\n\t<meta name=\"twitter:label2\" content=\"Dur\u00e9e de lecture estim\u00e9e\" \/>\n\t<meta name=\"twitter:data2\" content=\"3 minutes\" \/>\n<script type=\"application\/ld+json\" class=\"yoast-schema-graph\">{\"@context\":\"https:\\\/\\\/schema.org\",\"@graph\":[{\"@type\":\"Article\",\"@id\":\"https:\\\/\\\/news.save.ch\\\/energienetze-sind-schlecht-geschuetzt\\\/#article\",\"isPartOf\":{\"@id\":\"https:\\\/\\\/news.save.ch\\\/energienetze-sind-schlecht-geschuetzt\\\/\"},\"author\":{\"name\":\"Roger Str\u00e4ssle\",\"@id\":\"https:\\\/\\\/news.save.ch\\\/de\\\/#\\\/schema\\\/person\\\/d5022db048e0e2b9785c50e5b24da5aa\"},\"headline\":\"Schlecht gesch\u00fctzte Energieversorgung\",\"datePublished\":\"2017-07-24T11:11:10+00:00\",\"mainEntityOfPage\":{\"@id\":\"https:\\\/\\\/news.save.ch\\\/energienetze-sind-schlecht-geschuetzt\\\/\"},\"wordCount\":611,\"commentCount\":0,\"publisher\":{\"@id\":\"https:\\\/\\\/news.save.ch\\\/de\\\/#organization\"},\"image\":{\"@id\":\"https:\\\/\\\/news.save.ch\\\/energienetze-sind-schlecht-geschuetzt\\\/#primaryimage\"},\"thumbnailUrl\":\"https:\\\/\\\/news.save.ch\\\/wp-content\\\/uploads\\\/2017\\\/07\\\/Strom.jpg\",\"keywords\":[\"Infrastruktursicherheit\"],\"articleSection\":[\"ALLGEMEIN\"],\"inLanguage\":\"fr-FR\"},{\"@type\":\"WebPage\",\"@id\":\"https:\\\/\\\/news.save.ch\\\/energienetze-sind-schlecht-geschuetzt\\\/\",\"url\":\"https:\\\/\\\/news.save.ch\\\/energienetze-sind-schlecht-geschuetzt\\\/\",\"name\":\"Schlecht gesch\u00fctzte Energieversorgung - Save\",\"isPartOf\":{\"@id\":\"https:\\\/\\\/news.save.ch\\\/de\\\/#website\"},\"primaryImageOfPage\":{\"@id\":\"https:\\\/\\\/news.save.ch\\\/energienetze-sind-schlecht-geschuetzt\\\/#primaryimage\"},\"image\":{\"@id\":\"https:\\\/\\\/news.save.ch\\\/energienetze-sind-schlecht-geschuetzt\\\/#primaryimage\"},\"thumbnailUrl\":\"https:\\\/\\\/news.save.ch\\\/wp-content\\\/uploads\\\/2017\\\/07\\\/Strom.jpg\",\"datePublished\":\"2017-07-24T11:11:10+00:00\",\"description\":\"Mehr als zwei Drittel der Schweizer Elektrizit\u00e4tswerke und Energieversorger bef\u00fcrchten Stromausf\u00e4lle als Folge von Cyberattacken.\",\"breadcrumb\":{\"@id\":\"https:\\\/\\\/news.save.ch\\\/energienetze-sind-schlecht-geschuetzt\\\/#breadcrumb\"},\"inLanguage\":\"fr-FR\",\"potentialAction\":[{\"@type\":\"ReadAction\",\"target\":[\"https:\\\/\\\/news.save.ch\\\/energienetze-sind-schlecht-geschuetzt\\\/\"]}]},{\"@type\":\"ImageObject\",\"inLanguage\":\"fr-FR\",\"@id\":\"https:\\\/\\\/news.save.ch\\\/energienetze-sind-schlecht-geschuetzt\\\/#primaryimage\",\"url\":\"https:\\\/\\\/news.save.ch\\\/wp-content\\\/uploads\\\/2017\\\/07\\\/Strom.jpg\",\"contentUrl\":\"https:\\\/\\\/news.save.ch\\\/wp-content\\\/uploads\\\/2017\\\/07\\\/Strom.jpg\",\"width\":1000,\"height\":668,\"caption\":\"\u00a9 depositphotos\"},{\"@type\":\"BreadcrumbList\",\"@id\":\"https:\\\/\\\/news.save.ch\\\/energienetze-sind-schlecht-geschuetzt\\\/#breadcrumb\",\"itemListElement\":[{\"@type\":\"ListItem\",\"position\":1,\"name\":\"Home\",\"item\":\"https:\\\/\\\/news.save.ch\\\/de\\\/\"},{\"@type\":\"ListItem\",\"position\":2,\"name\":\"Schlecht gesch\u00fctzte Energieversorgung\"}]},{\"@type\":\"WebSite\",\"@id\":\"https:\\\/\\\/news.save.ch\\\/de\\\/#website\",\"url\":\"https:\\\/\\\/news.save.ch\\\/de\\\/\",\"name\":\"Save\",\"description\":\"Schweizer Fachzeitschrift f\u00fcr Sicherheit\",\"publisher\":{\"@id\":\"https:\\\/\\\/news.save.ch\\\/de\\\/#organization\"},\"potentialAction\":[{\"@type\":\"SearchAction\",\"target\":{\"@type\":\"EntryPoint\",\"urlTemplate\":\"https:\\\/\\\/news.save.ch\\\/de\\\/?s={search_term_string}\"},\"query-input\":{\"@type\":\"PropertyValueSpecification\",\"valueRequired\":true,\"valueName\":\"search_term_string\"}}],\"inLanguage\":\"fr-FR\"},{\"@type\":\"Organization\",\"@id\":\"https:\\\/\\\/news.save.ch\\\/de\\\/#organization\",\"name\":\"Sicherheitsforum\",\"url\":\"https:\\\/\\\/news.save.ch\\\/de\\\/\",\"logo\":{\"@type\":\"ImageObject\",\"inLanguage\":\"fr-FR\",\"@id\":\"https:\\\/\\\/news.save.ch\\\/de\\\/#\\\/schema\\\/logo\\\/image\\\/\",\"url\":\"https:\\\/\\\/news.save.ch\\\/wp-content\\\/uploads\\\/2022\\\/06\\\/Logo_SF_2012.png\",\"contentUrl\":\"https:\\\/\\\/news.save.ch\\\/wp-content\\\/uploads\\\/2022\\\/06\\\/Logo_SF_2012.png\",\"width\":1100,\"height\":91,\"caption\":\"Sicherheitsforum\"},\"image\":{\"@id\":\"https:\\\/\\\/news.save.ch\\\/de\\\/#\\\/schema\\\/logo\\\/image\\\/\"}},{\"@type\":\"Person\",\"@id\":\"https:\\\/\\\/news.save.ch\\\/de\\\/#\\\/schema\\\/person\\\/d5022db048e0e2b9785c50e5b24da5aa\",\"name\":\"Roger Str\u00e4ssle\",\"image\":{\"@type\":\"ImageObject\",\"inLanguage\":\"fr-FR\",\"@id\":\"https:\\\/\\\/secure.gravatar.com\\\/avatar\\\/862a5569d087de48e5856e32f45d719a03804c891d6deb8d4f71a660e79e4a47?s=96&d=mm&r=g\",\"url\":\"https:\\\/\\\/secure.gravatar.com\\\/avatar\\\/862a5569d087de48e5856e32f45d719a03804c891d6deb8d4f71a660e79e4a47?s=96&d=mm&r=g\",\"contentUrl\":\"https:\\\/\\\/secure.gravatar.com\\\/avatar\\\/862a5569d087de48e5856e32f45d719a03804c891d6deb8d4f71a660e79e4a47?s=96&d=mm&r=g\",\"caption\":\"Roger Str\u00e4ssle\"},\"url\":\"https:\\\/\\\/news.save.ch\\\/fr\\\/author\\\/roger-straessle\\\/\"}]}<\/script>\n<!-- \/ Yoast SEO plugin. -->","yoast_head_json":{"title":"Alimentation en \u00e9nergie mal prot\u00e9g\u00e9e - Save","description":"Plus de deux tiers des entreprises d'\u00e9lectricit\u00e9 et des fournisseurs d'\u00e9nergie suisses craignent des coupures de courant suite \u00e0 des cyberattaques.","robots":{"index":"index","follow":"follow","max-snippet":"max-snippet:-1","max-image-preview":"max-image-preview:large","max-video-preview":"max-video-preview:-1"},"canonical":"https:\/\/news.save.ch\/fr\/energienetze-sind-schlecht-geschuetzt\/","og_locale":"fr_FR","og_type":"article","og_title":"Schlecht gesch\u00fctzte Energieversorgung - Save","og_description":"Mehr als zwei Drittel der Schweizer Elektrizit\u00e4tswerke und Energieversorger bef\u00fcrchten Stromausf\u00e4lle als Folge von Cyberattacken.","og_url":"https:\/\/news.save.ch\/fr\/energienetze-sind-schlecht-geschuetzt\/","og_site_name":"Save","article_published_time":"2017-07-24T11:11:10+00:00","og_image":[{"width":1000,"height":668,"url":"https:\/\/news.save.ch\/wp-content\/uploads\/2017\/07\/Strom.jpg","type":"image\/jpeg"}],"author":"Roger Str\u00e4ssle","twitter_card":"summary_large_image","twitter_misc":{"\u00c9crit par":"Roger Str\u00e4ssle","Dur\u00e9e de lecture estim\u00e9e":"3 minutes"},"schema":{"@context":"https:\/\/schema.org","@graph":[{"@type":"Article","@id":"https:\/\/news.save.ch\/energienetze-sind-schlecht-geschuetzt\/#article","isPartOf":{"@id":"https:\/\/news.save.ch\/energienetze-sind-schlecht-geschuetzt\/"},"author":{"name":"Roger Str\u00e4ssle","@id":"https:\/\/news.save.ch\/de\/#\/schema\/person\/d5022db048e0e2b9785c50e5b24da5aa"},"headline":"Schlecht gesch\u00fctzte Energieversorgung","datePublished":"2017-07-24T11:11:10+00:00","mainEntityOfPage":{"@id":"https:\/\/news.save.ch\/energienetze-sind-schlecht-geschuetzt\/"},"wordCount":611,"commentCount":0,"publisher":{"@id":"https:\/\/news.save.ch\/de\/#organization"},"image":{"@id":"https:\/\/news.save.ch\/energienetze-sind-schlecht-geschuetzt\/#primaryimage"},"thumbnailUrl":"https:\/\/news.save.ch\/wp-content\/uploads\/2017\/07\/Strom.jpg","keywords":["Infrastruktursicherheit"],"articleSection":["ALLGEMEIN"],"inLanguage":"fr-FR"},{"@type":"WebPage","@id":"https:\/\/news.save.ch\/energienetze-sind-schlecht-geschuetzt\/","url":"https:\/\/news.save.ch\/energienetze-sind-schlecht-geschuetzt\/","name":"Alimentation en \u00e9nergie mal prot\u00e9g\u00e9e - Save","isPartOf":{"@id":"https:\/\/news.save.ch\/de\/#website"},"primaryImageOfPage":{"@id":"https:\/\/news.save.ch\/energienetze-sind-schlecht-geschuetzt\/#primaryimage"},"image":{"@id":"https:\/\/news.save.ch\/energienetze-sind-schlecht-geschuetzt\/#primaryimage"},"thumbnailUrl":"https:\/\/news.save.ch\/wp-content\/uploads\/2017\/07\/Strom.jpg","datePublished":"2017-07-24T11:11:10+00:00","description":"Plus de deux tiers des entreprises d'\u00e9lectricit\u00e9 et des fournisseurs d'\u00e9nergie suisses craignent des coupures de courant suite \u00e0 des cyberattaques.","breadcrumb":{"@id":"https:\/\/news.save.ch\/energienetze-sind-schlecht-geschuetzt\/#breadcrumb"},"inLanguage":"fr-FR","potentialAction":[{"@type":"ReadAction","target":["https:\/\/news.save.ch\/energienetze-sind-schlecht-geschuetzt\/"]}]},{"@type":"ImageObject","inLanguage":"fr-FR","@id":"https:\/\/news.save.ch\/energienetze-sind-schlecht-geschuetzt\/#primaryimage","url":"https:\/\/news.save.ch\/wp-content\/uploads\/2017\/07\/Strom.jpg","contentUrl":"https:\/\/news.save.ch\/wp-content\/uploads\/2017\/07\/Strom.jpg","width":1000,"height":668,"caption":"\u00a9 depositphotos"},{"@type":"BreadcrumbList","@id":"https:\/\/news.save.ch\/energienetze-sind-schlecht-geschuetzt\/#breadcrumb","itemListElement":[{"@type":"ListItem","position":1,"name":"Home","item":"https:\/\/news.save.ch\/de\/"},{"@type":"ListItem","position":2,"name":"Schlecht gesch\u00fctzte Energieversorgung"}]},{"@type":"WebSite","@id":"https:\/\/news.save.ch\/de\/#website","url":"https:\/\/news.save.ch\/de\/","name":"Save","description":"Revue suisse sp\u00e9cialis\u00e9e dans la s\u00e9curit\u00e9","publisher":{"@id":"https:\/\/news.save.ch\/de\/#organization"},"potentialAction":[{"@type":"SearchAction","target":{"@type":"EntryPoint","urlTemplate":"https:\/\/news.save.ch\/de\/?s={search_term_string}"},"query-input":{"@type":"PropertyValueSpecification","valueRequired":true,"valueName":"search_term_string"}}],"inLanguage":"fr-FR"},{"@type":"Organization","@id":"https:\/\/news.save.ch\/de\/#organization","name":"Forum sur la s\u00e9curit\u00e9","url":"https:\/\/news.save.ch\/de\/","logo":{"@type":"ImageObject","inLanguage":"fr-FR","@id":"https:\/\/news.save.ch\/de\/#\/schema\/logo\/image\/","url":"https:\/\/news.save.ch\/wp-content\/uploads\/2022\/06\/Logo_SF_2012.png","contentUrl":"https:\/\/news.save.ch\/wp-content\/uploads\/2022\/06\/Logo_SF_2012.png","width":1100,"height":91,"caption":"Sicherheitsforum"},"image":{"@id":"https:\/\/news.save.ch\/de\/#\/schema\/logo\/image\/"}},{"@type":"Person","@id":"https:\/\/news.save.ch\/de\/#\/schema\/person\/d5022db048e0e2b9785c50e5b24da5aa","name":"Roger Str\u00e4ssle","image":{"@type":"ImageObject","inLanguage":"fr-FR","@id":"https:\/\/secure.gravatar.com\/avatar\/862a5569d087de48e5856e32f45d719a03804c891d6deb8d4f71a660e79e4a47?s=96&d=mm&r=g","url":"https:\/\/secure.gravatar.com\/avatar\/862a5569d087de48e5856e32f45d719a03804c891d6deb8d4f71a660e79e4a47?s=96&d=mm&r=g","contentUrl":"https:\/\/secure.gravatar.com\/avatar\/862a5569d087de48e5856e32f45d719a03804c891d6deb8d4f71a660e79e4a47?s=96&d=mm&r=g","caption":"Roger Str\u00e4ssle"},"url":"https:\/\/news.save.ch\/fr\/author\/roger-straessle\/"}]}},"_links":{"self":[{"href":"https:\/\/news.save.ch\/fr\/wp-json\/wp\/v2\/posts\/5107","targetHints":{"allow":["GET"]}}],"collection":[{"href":"https:\/\/news.save.ch\/fr\/wp-json\/wp\/v2\/posts"}],"about":[{"href":"https:\/\/news.save.ch\/fr\/wp-json\/wp\/v2\/types\/post"}],"author":[{"embeddable":true,"href":"https:\/\/news.save.ch\/fr\/wp-json\/wp\/v2\/users\/8"}],"replies":[{"embeddable":true,"href":"https:\/\/news.save.ch\/fr\/wp-json\/wp\/v2\/comments?post=5107"}],"version-history":[{"count":0,"href":"https:\/\/news.save.ch\/fr\/wp-json\/wp\/v2\/posts\/5107\/revisions"}],"wp:featuredmedia":[{"embeddable":true,"href":"https:\/\/news.save.ch\/fr\/wp-json\/wp\/v2\/media\/5108"}],"wp:attachment":[{"href":"https:\/\/news.save.ch\/fr\/wp-json\/wp\/v2\/media?parent=5107"}],"wp:term":[{"taxonomy":"category","embeddable":true,"href":"https:\/\/news.save.ch\/fr\/wp-json\/wp\/v2\/categories?post=5107"},{"taxonomy":"post_tag","embeddable":true,"href":"https:\/\/news.save.ch\/fr\/wp-json\/wp\/v2\/tags?post=5107"}],"curies":[{"name":"wp","href":"https:\/\/api.w.org\/{rel}","templated":true}]}}