{"id":5131,"date":"2020-01-21T09:15:05","date_gmt":"2020-01-21T08:15:05","guid":{"rendered":"https:\/\/news.save.ch\/?p=5131"},"modified":"2023-03-14T09:05:05","modified_gmt":"2023-03-14T08:05:05","slug":"sgig-gv-2020","status":null,"type":"post","link":"https:\/\/news.save.ch\/fr\/sgig-gv-2020\/","title":{"rendered":"SSIG AG 2020"},"content":{"rendered":"<figure id=\"attachment_5136\" aria-describedby=\"caption-attachment-5136\" style=\"width: 680px\" class=\"wp-caption alignnone\"><img loading=\"lazy\" decoding=\"async\" class=\"size-medium wp-image-5136\" src=\"http:\/\/develop.safety-plus.ch\/wp-content\/uploads\/2020\/01\/Chnusper_Laden_Neu.jpg\" alt=\"\" width=\"680\" height=\"449\" srcset=\"https:\/\/news.save.ch\/wp-content\/uploads\/2020\/01\/Chnusper_Laden_Neu.jpg 898w, https:\/\/news.save.ch\/wp-content\/uploads\/2020\/01\/Chnusper_Laden_Neu-680x449.jpg 680w, https:\/\/news.save.ch\/wp-content\/uploads\/2020\/01\/Chnusper_Laden_Neu-768x507.jpg 768w, https:\/\/news.save.ch\/wp-content\/uploads\/2020\/01\/Chnusper_Laden_Neu-18x12.jpg 18w, https:\/\/news.save.ch\/wp-content\/uploads\/2020\/01\/Chnusper_Laden_Neu-375x248.jpg 375w, https:\/\/news.save.ch\/wp-content\/uploads\/2020\/01\/Chnusper_Laden_Neu-530x350.jpg 530w\" sizes=\"auto, (max-width: 680px) 100vw, 680px\" \/><figcaption id=\"caption-attachment-5136\" class=\"wp-caption-text\">L'apr\u00e8s-midi, apr\u00e8s l'AG, il est pr\u00e9vu, outre une visite de l'entreprise, de pr\u00e9senter le projet de nouvelle construction \"backhaus\" et de donner la possibilit\u00e9 de visiter le magasin Chnusper et d'y faire une d\u00e9gustation. E.T.Studhalter\/HUG AG<\/figcaption><\/figure>\n<p>L'assembl\u00e9e g\u00e9n\u00e9rale sera suivie d'un \"World-Caf\u00e9\". La \"Vision SSIG 2030\" sera \u00e9labor\u00e9e dans le cadre de diff\u00e9rentes tables rondes avec la participation active des personnes pr\u00e9sentes. Ensuite, les participants auront un aper\u00e7u approfondi de l'entreprise familiale suisse Hug AG en tant qu'employeur responsable.<\/p>\n<p>Outre un expos\u00e9 technique informatif sur le th\u00e8me de la s\u00e9curit\u00e9 alimentaire, il y aura une visite de l'entreprise avec pr\u00e9sentation du projet de nouvelle construction \"backhaus\" et il sera possible de visiter le magasin Chnusper et d'y faire une d\u00e9gustation.<\/p>\n<p><strong>Programme de la conf\u00e9rence (extrait)<br \/>\n<\/strong><\/p>\n<p>\u00e0 partir de 08.30 Arriv\u00e9e des participants<\/p>\n<p>09.00 Accueil par le pr\u00e9sident de la SSIGE et assembl\u00e9e g\u00e9n\u00e9rale<\/p>\n<p>09.45 - 10.45 World-Caf\u00e9 : Vision SSIG 2030<\/p>\n<p>10h45 - 11h15 Pause<\/p>\n<p>11h15 - 11h40 Accueil par Hug AG<\/p>\n<p>12h15 - 14h15 D\u00e9jeuner<\/p>\n<p>14h15 - 15h15 Visite de l'entreprise<\/p>\n<p>15h15 - 15h45 Pr\u00e9sentation du projet de nouvelle construction \"backhaus<\/p>\n<p>15h45 - 16h15 S\u00e9curit\u00e9 alimentaire &amp; s\u00e9curit\u00e9 au travail ensemble ou l'un contre l'autre<\/p>\n<p>\u00e0 partir de 16h15 s\u00e9ance de questions-r\u00e9ponses finale<\/p>\n<p>Lieu de r\u00e9union : Hug AG, Neum\u00fchlestrasse 4, 6012 Malters\/LU<\/p>\n<p>Informations et formulaire d'inscription sur le site de l'association. Date limite d'inscription : 6 f\u00e9vrier 2020.<\/p>\n<p><a href=\"http:\/\/www.sgig.ch\">www.sgig.ch<\/a><\/p>","protected":false},"excerpt":{"rendered":"<p>Direkt nach der Generalversammlung gibt es ein \u00abWorld-Caf\u00e9\u00bb. In verschiedenen Gespr\u00e4chsrunden soll damit unter aktivem Einbezug der Anwesenden die \u00abVision SGIG 2030\u00bb erarbeitet werden. Im Anschluss daran erhalten die Teilnehmenden einen vertieften Einblick in den\u00a0 schweizerischen Familienbetrieb Hug AG als verantwortungsvoller Arbeitgeber. Neben einem informativen Fachreferat zum Thema Lebensmittelsicherheit gibt es einen Betriebsrundgang mit Vorstellung [&hellip;]<\/p>\n","protected":false},"author":1,"featured_media":5136,"comment_status":"closed","ping_status":"closed","sticky":false,"template":"","format":"standard","meta":{"_acf_changed":false,"pgc_sgb_lightbox_settings":"","footnotes":""},"categories":[1,3314],"tags":[183,172,1775,2165,149,2669,596,160],"class_list":["post-5131","post","type-post","status-publish","format-standard","has-post-thumbnail","hentry","category-allgemein","category-health-safety","tag-arbeitsplatzgestaltung","tag-arbeitssicherheit","tag-betriebliches-gesundheitsmanagement","tag-gesundheitsfoerderung","tag-gesundheitsschutz","tag-persoenliche-schutzausruestung-psa","tag-veranstaltung","tag-veranstaltungen"],"acf":[],"hkrextid":null,"publication":null,"issue":null,"workflow":null,"startPage":null,"spitzmarke":null,"_posts_by_tag_page_fields":{"widget_title":"","widget_tags":""},"_at_widget":"1","_yoast_wpseo_primary_category":"1","_yoast_wpseo_focuskw_text_input":"SGIG GV 2020","_yoast_wpseo_opengraph-image":null,"_yoast_wpseo_opengraph-description":null,"_yoast_wpseo_opengraph-title":null,"enclosure":null,"_yoast_wpseo_twitter-title":null,"_yoast_wpseo_twitter-description":null,"_yoast_wpseo_twitter-image":null,"_wp_old_slug":null,"_yoast_wpseo_title":null,"_yoast_wpseo_canonical":null,"yoast_head":"<!-- This site is optimized with the Yoast SEO plugin v27.5 - https:\/\/yoast.com\/product\/yoast-seo-wordpress\/ -->\n<title>SGIG GV 2020 - Save<\/title>\n<meta name=\"description\" content=\"Nach der SGIG GV ist nebst einem Betriebsrundgang die Vorstellung des Neubau-Projektes \u00abbackhaus\u00bb und eine Degustation im Chnusper-Laden geplant.\" \/>\n<meta name=\"robots\" content=\"index, follow, max-snippet:-1, max-image-preview:large, max-video-preview:-1\" \/>\n<link rel=\"canonical\" href=\"https:\/\/news.save.ch\/fr\/sgig-gv-2020\/\" \/>\n<meta property=\"og:locale\" content=\"fr_FR\" \/>\n<meta property=\"og:type\" content=\"article\" \/>\n<meta property=\"og:title\" content=\"SGIG GV 2020 - Save\" \/>\n<meta property=\"og:description\" content=\"Nach der SGIG GV ist nebst einem Betriebsrundgang die Vorstellung des Neubau-Projektes \u00abbackhaus\u00bb und eine Degustation im Chnusper-Laden geplant.\" \/>\n<meta property=\"og:url\" content=\"https:\/\/news.save.ch\/fr\/sgig-gv-2020\/\" \/>\n<meta property=\"og:site_name\" content=\"Save\" \/>\n<meta property=\"article:published_time\" content=\"2020-01-21T08:15:05+00:00\" \/>\n<meta property=\"article:modified_time\" content=\"2023-03-14T08:05:05+00:00\" \/>\n<meta property=\"og:image\" content=\"https:\/\/news.save.ch\/wp-content\/uploads\/2020\/01\/Chnusper_Laden_Neu.jpg\" \/>\n\t<meta property=\"og:image:width\" content=\"898\" \/>\n\t<meta property=\"og:image:height\" content=\"593\" \/>\n\t<meta property=\"og:image:type\" content=\"image\/jpeg\" \/>\n<meta name=\"author\" content=\"admin\" \/>\n<meta name=\"twitter:card\" content=\"summary_large_image\" \/>\n<meta name=\"twitter:label1\" content=\"\u00c9crit par\" \/>\n\t<meta name=\"twitter:data1\" content=\"admin\" \/>\n\t<meta name=\"twitter:label2\" content=\"Dur\u00e9e de lecture estim\u00e9e\" \/>\n\t<meta name=\"twitter:data2\" content=\"1 minute\" \/>\n<script type=\"application\/ld+json\" class=\"yoast-schema-graph\">{\"@context\":\"https:\\\/\\\/schema.org\",\"@graph\":[{\"@type\":\"Article\",\"@id\":\"https:\\\/\\\/news.save.ch\\\/sgig-gv-2020\\\/#article\",\"isPartOf\":{\"@id\":\"https:\\\/\\\/news.save.ch\\\/sgig-gv-2020\\\/\"},\"author\":{\"name\":\"admin\",\"@id\":\"https:\\\/\\\/news.save.ch\\\/de\\\/#\\\/schema\\\/person\\\/d49e199490bad7c70d64b9ab51142f2b\"},\"headline\":\"SGIG GV 2020\",\"datePublished\":\"2020-01-21T08:15:05+00:00\",\"dateModified\":\"2023-03-14T08:05:05+00:00\",\"mainEntityOfPage\":{\"@id\":\"https:\\\/\\\/news.save.ch\\\/sgig-gv-2020\\\/\"},\"wordCount\":164,\"publisher\":{\"@id\":\"https:\\\/\\\/news.save.ch\\\/de\\\/#organization\"},\"image\":{\"@id\":\"https:\\\/\\\/news.save.ch\\\/sgig-gv-2020\\\/#primaryimage\"},\"thumbnailUrl\":\"https:\\\/\\\/news.save.ch\\\/wp-content\\\/uploads\\\/2020\\\/01\\\/Chnusper_Laden_Neu.jpg\",\"keywords\":[\"Arbeitsplatzgestaltung\",\"Arbeitssicherheit\",\"Betriebliches Gesundheitsmanagement\",\"Gesundheitsf\u00f6rderung\",\"Gesundheitsschutz\",\"Pers\u00f6nliche Schutzausr\u00fcstung (PSA)\",\"Veranstaltung\",\"Veranstaltungen\"],\"articleSection\":[\"ALLGEMEIN\",\"HEALTH &amp; SAFETY\"],\"inLanguage\":\"fr-FR\"},{\"@type\":\"WebPage\",\"@id\":\"https:\\\/\\\/news.save.ch\\\/sgig-gv-2020\\\/\",\"url\":\"https:\\\/\\\/news.save.ch\\\/sgig-gv-2020\\\/\",\"name\":\"SGIG GV 2020 - Save\",\"isPartOf\":{\"@id\":\"https:\\\/\\\/news.save.ch\\\/de\\\/#website\"},\"primaryImageOfPage\":{\"@id\":\"https:\\\/\\\/news.save.ch\\\/sgig-gv-2020\\\/#primaryimage\"},\"image\":{\"@id\":\"https:\\\/\\\/news.save.ch\\\/sgig-gv-2020\\\/#primaryimage\"},\"thumbnailUrl\":\"https:\\\/\\\/news.save.ch\\\/wp-content\\\/uploads\\\/2020\\\/01\\\/Chnusper_Laden_Neu.jpg\",\"datePublished\":\"2020-01-21T08:15:05+00:00\",\"dateModified\":\"2023-03-14T08:05:05+00:00\",\"description\":\"Nach der SGIG GV ist nebst einem Betriebsrundgang die Vorstellung des Neubau-Projektes \u00abbackhaus\u00bb und eine Degustation im Chnusper-Laden geplant.\",\"breadcrumb\":{\"@id\":\"https:\\\/\\\/news.save.ch\\\/sgig-gv-2020\\\/#breadcrumb\"},\"inLanguage\":\"fr-FR\",\"potentialAction\":[{\"@type\":\"ReadAction\",\"target\":[\"https:\\\/\\\/news.save.ch\\\/sgig-gv-2020\\\/\"]}]},{\"@type\":\"ImageObject\",\"inLanguage\":\"fr-FR\",\"@id\":\"https:\\\/\\\/news.save.ch\\\/sgig-gv-2020\\\/#primaryimage\",\"url\":\"https:\\\/\\\/news.save.ch\\\/wp-content\\\/uploads\\\/2020\\\/01\\\/Chnusper_Laden_Neu.jpg\",\"contentUrl\":\"https:\\\/\\\/news.save.ch\\\/wp-content\\\/uploads\\\/2020\\\/01\\\/Chnusper_Laden_Neu.jpg\",\"width\":898,\"height\":593,\"caption\":\"Am Nachmittag nach der GV ist nebst einem Betriebsrundgang die Vorstellung des Neubau-Projektes \u00abbackhaus\u00bb und die M\u00f6glichkeit eines Besuches mit Degustation im Chnusper-Laden geplant. \u00a9 HUG AG ths\\\/Photo by: E.T.STUDHALTER \\\/ HUG AG\"},{\"@type\":\"BreadcrumbList\",\"@id\":\"https:\\\/\\\/news.save.ch\\\/sgig-gv-2020\\\/#breadcrumb\",\"itemListElement\":[{\"@type\":\"ListItem\",\"position\":1,\"name\":\"Home\",\"item\":\"https:\\\/\\\/news.save.ch\\\/de\\\/\"},{\"@type\":\"ListItem\",\"position\":2,\"name\":\"SGIG GV 2020\"}]},{\"@type\":\"WebSite\",\"@id\":\"https:\\\/\\\/news.save.ch\\\/de\\\/#website\",\"url\":\"https:\\\/\\\/news.save.ch\\\/de\\\/\",\"name\":\"Save\",\"description\":\"Schweizer Fachzeitschrift f\u00fcr Sicherheit\",\"publisher\":{\"@id\":\"https:\\\/\\\/news.save.ch\\\/de\\\/#organization\"},\"potentialAction\":[{\"@type\":\"SearchAction\",\"target\":{\"@type\":\"EntryPoint\",\"urlTemplate\":\"https:\\\/\\\/news.save.ch\\\/de\\\/?s={search_term_string}\"},\"query-input\":{\"@type\":\"PropertyValueSpecification\",\"valueRequired\":true,\"valueName\":\"search_term_string\"}}],\"inLanguage\":\"fr-FR\"},{\"@type\":\"Organization\",\"@id\":\"https:\\\/\\\/news.save.ch\\\/de\\\/#organization\",\"name\":\"Sicherheitsforum\",\"url\":\"https:\\\/\\\/news.save.ch\\\/de\\\/\",\"logo\":{\"@type\":\"ImageObject\",\"inLanguage\":\"fr-FR\",\"@id\":\"https:\\\/\\\/news.save.ch\\\/de\\\/#\\\/schema\\\/logo\\\/image\\\/\",\"url\":\"https:\\\/\\\/news.save.ch\\\/wp-content\\\/uploads\\\/2022\\\/06\\\/Logo_SF_2012.png\",\"contentUrl\":\"https:\\\/\\\/news.save.ch\\\/wp-content\\\/uploads\\\/2022\\\/06\\\/Logo_SF_2012.png\",\"width\":1100,\"height\":91,\"caption\":\"Sicherheitsforum\"},\"image\":{\"@id\":\"https:\\\/\\\/news.save.ch\\\/de\\\/#\\\/schema\\\/logo\\\/image\\\/\"}},{\"@type\":\"Person\",\"@id\":\"https:\\\/\\\/news.save.ch\\\/de\\\/#\\\/schema\\\/person\\\/d49e199490bad7c70d64b9ab51142f2b\",\"name\":\"admin\",\"image\":{\"@type\":\"ImageObject\",\"inLanguage\":\"fr-FR\",\"@id\":\"https:\\\/\\\/secure.gravatar.com\\\/avatar\\\/ae2f4d718e6c49043e314ce431e7e645d646302a24a5ef5a8bc8e3f5a032e319?s=96&d=mm&r=g\",\"url\":\"https:\\\/\\\/secure.gravatar.com\\\/avatar\\\/ae2f4d718e6c49043e314ce431e7e645d646302a24a5ef5a8bc8e3f5a032e319?s=96&d=mm&r=g\",\"contentUrl\":\"https:\\\/\\\/secure.gravatar.com\\\/avatar\\\/ae2f4d718e6c49043e314ce431e7e645d646302a24a5ef5a8bc8e3f5a032e319?s=96&d=mm&r=g\",\"caption\":\"admin\"},\"sameAs\":[\"https:\\\/\\\/develop.organisator.galledia.ch\"],\"url\":\"https:\\\/\\\/news.save.ch\\\/fr\\\/author\\\/admin\\\/\"}]}<\/script>\n<!-- \/ Yoast SEO plugin. -->","yoast_head_json":{"title":"SGIG GV 2020 - Enregistrer","description":"Apr\u00e8s l'AG de la SSIGE, il est pr\u00e9vu, outre une visite de l'entreprise, une pr\u00e9sentation du projet de nouvelle construction \"backhaus\" et une d\u00e9gustation dans le magasin Chnusper.","robots":{"index":"index","follow":"follow","max-snippet":"max-snippet:-1","max-image-preview":"max-image-preview:large","max-video-preview":"max-video-preview:-1"},"canonical":"https:\/\/news.save.ch\/fr\/sgig-gv-2020\/","og_locale":"fr_FR","og_type":"article","og_title":"SGIG GV 2020 - Save","og_description":"Nach der SGIG GV ist nebst einem Betriebsrundgang die Vorstellung des Neubau-Projektes \u00abbackhaus\u00bb und eine Degustation im Chnusper-Laden geplant.","og_url":"https:\/\/news.save.ch\/fr\/sgig-gv-2020\/","og_site_name":"Save","article_published_time":"2020-01-21T08:15:05+00:00","article_modified_time":"2023-03-14T08:05:05+00:00","og_image":[{"width":898,"height":593,"url":"https:\/\/news.save.ch\/wp-content\/uploads\/2020\/01\/Chnusper_Laden_Neu.jpg","type":"image\/jpeg"}],"author":"admin","twitter_card":"summary_large_image","twitter_misc":{"\u00c9crit par":"admin","Dur\u00e9e de lecture estim\u00e9e":"1 minute"},"schema":{"@context":"https:\/\/schema.org","@graph":[{"@type":"Article","@id":"https:\/\/news.save.ch\/sgig-gv-2020\/#article","isPartOf":{"@id":"https:\/\/news.save.ch\/sgig-gv-2020\/"},"author":{"name":"admin","@id":"https:\/\/news.save.ch\/de\/#\/schema\/person\/d49e199490bad7c70d64b9ab51142f2b"},"headline":"SGIG GV 2020","datePublished":"2020-01-21T08:15:05+00:00","dateModified":"2023-03-14T08:05:05+00:00","mainEntityOfPage":{"@id":"https:\/\/news.save.ch\/sgig-gv-2020\/"},"wordCount":164,"publisher":{"@id":"https:\/\/news.save.ch\/de\/#organization"},"image":{"@id":"https:\/\/news.save.ch\/sgig-gv-2020\/#primaryimage"},"thumbnailUrl":"https:\/\/news.save.ch\/wp-content\/uploads\/2020\/01\/Chnusper_Laden_Neu.jpg","keywords":["Arbeitsplatzgestaltung","Arbeitssicherheit","Betriebliches Gesundheitsmanagement","Gesundheitsf\u00f6rderung","Gesundheitsschutz","Pers\u00f6nliche Schutzausr\u00fcstung (PSA)","Veranstaltung","Veranstaltungen"],"articleSection":["ALLGEMEIN","HEALTH &amp; SAFETY"],"inLanguage":"fr-FR"},{"@type":"WebPage","@id":"https:\/\/news.save.ch\/sgig-gv-2020\/","url":"https:\/\/news.save.ch\/sgig-gv-2020\/","name":"SGIG GV 2020 - Enregistrer","isPartOf":{"@id":"https:\/\/news.save.ch\/de\/#website"},"primaryImageOfPage":{"@id":"https:\/\/news.save.ch\/sgig-gv-2020\/#primaryimage"},"image":{"@id":"https:\/\/news.save.ch\/sgig-gv-2020\/#primaryimage"},"thumbnailUrl":"https:\/\/news.save.ch\/wp-content\/uploads\/2020\/01\/Chnusper_Laden_Neu.jpg","datePublished":"2020-01-21T08:15:05+00:00","dateModified":"2023-03-14T08:05:05+00:00","description":"Apr\u00e8s l'AG de la SSIGE, il est pr\u00e9vu, outre une visite de l'entreprise, une pr\u00e9sentation du projet de nouvelle construction \"backhaus\" et une d\u00e9gustation dans le magasin Chnusper.","breadcrumb":{"@id":"https:\/\/news.save.ch\/sgig-gv-2020\/#breadcrumb"},"inLanguage":"fr-FR","potentialAction":[{"@type":"ReadAction","target":["https:\/\/news.save.ch\/sgig-gv-2020\/"]}]},{"@type":"ImageObject","inLanguage":"fr-FR","@id":"https:\/\/news.save.ch\/sgig-gv-2020\/#primaryimage","url":"https:\/\/news.save.ch\/wp-content\/uploads\/2020\/01\/Chnusper_Laden_Neu.jpg","contentUrl":"https:\/\/news.save.ch\/wp-content\/uploads\/2020\/01\/Chnusper_Laden_Neu.jpg","width":898,"height":593,"caption":"Am Nachmittag nach der GV ist nebst einem Betriebsrundgang die Vorstellung des Neubau-Projektes \u00abbackhaus\u00bb und die M\u00f6glichkeit eines Besuches mit Degustation im Chnusper-Laden geplant. \u00a9 HUG AG ths\/Photo by: E.T.STUDHALTER \/ HUG AG"},{"@type":"BreadcrumbList","@id":"https:\/\/news.save.ch\/sgig-gv-2020\/#breadcrumb","itemListElement":[{"@type":"ListItem","position":1,"name":"Home","item":"https:\/\/news.save.ch\/de\/"},{"@type":"ListItem","position":2,"name":"SGIG GV 2020"}]},{"@type":"WebSite","@id":"https:\/\/news.save.ch\/de\/#website","url":"https:\/\/news.save.ch\/de\/","name":"Save","description":"Revue suisse sp\u00e9cialis\u00e9e dans la s\u00e9curit\u00e9","publisher":{"@id":"https:\/\/news.save.ch\/de\/#organization"},"potentialAction":[{"@type":"SearchAction","target":{"@type":"EntryPoint","urlTemplate":"https:\/\/news.save.ch\/de\/?s={search_term_string}"},"query-input":{"@type":"PropertyValueSpecification","valueRequired":true,"valueName":"search_term_string"}}],"inLanguage":"fr-FR"},{"@type":"Organization","@id":"https:\/\/news.save.ch\/de\/#organization","name":"Forum sur la s\u00e9curit\u00e9","url":"https:\/\/news.save.ch\/de\/","logo":{"@type":"ImageObject","inLanguage":"fr-FR","@id":"https:\/\/news.save.ch\/de\/#\/schema\/logo\/image\/","url":"https:\/\/news.save.ch\/wp-content\/uploads\/2022\/06\/Logo_SF_2012.png","contentUrl":"https:\/\/news.save.ch\/wp-content\/uploads\/2022\/06\/Logo_SF_2012.png","width":1100,"height":91,"caption":"Sicherheitsforum"},"image":{"@id":"https:\/\/news.save.ch\/de\/#\/schema\/logo\/image\/"}},{"@type":"Person","@id":"https:\/\/news.save.ch\/de\/#\/schema\/person\/d49e199490bad7c70d64b9ab51142f2b","name":"admin","image":{"@type":"ImageObject","inLanguage":"fr-FR","@id":"https:\/\/secure.gravatar.com\/avatar\/ae2f4d718e6c49043e314ce431e7e645d646302a24a5ef5a8bc8e3f5a032e319?s=96&d=mm&r=g","url":"https:\/\/secure.gravatar.com\/avatar\/ae2f4d718e6c49043e314ce431e7e645d646302a24a5ef5a8bc8e3f5a032e319?s=96&d=mm&r=g","contentUrl":"https:\/\/secure.gravatar.com\/avatar\/ae2f4d718e6c49043e314ce431e7e645d646302a24a5ef5a8bc8e3f5a032e319?s=96&d=mm&r=g","caption":"admin"},"sameAs":["https:\/\/develop.organisator.galledia.ch"],"url":"https:\/\/news.save.ch\/fr\/author\/admin\/"}]}},"_links":{"self":[{"href":"https:\/\/news.save.ch\/fr\/wp-json\/wp\/v2\/posts\/5131","targetHints":{"allow":["GET"]}}],"collection":[{"href":"https:\/\/news.save.ch\/fr\/wp-json\/wp\/v2\/posts"}],"about":[{"href":"https:\/\/news.save.ch\/fr\/wp-json\/wp\/v2\/types\/post"}],"author":[{"embeddable":true,"href":"https:\/\/news.save.ch\/fr\/wp-json\/wp\/v2\/users\/1"}],"replies":[{"embeddable":true,"href":"https:\/\/news.save.ch\/fr\/wp-json\/wp\/v2\/comments?post=5131"}],"version-history":[{"count":1,"href":"https:\/\/news.save.ch\/fr\/wp-json\/wp\/v2\/posts\/5131\/revisions"}],"predecessor-version":[{"id":18221,"href":"https:\/\/news.save.ch\/fr\/wp-json\/wp\/v2\/posts\/5131\/revisions\/18221"}],"wp:featuredmedia":[{"embeddable":true,"href":"https:\/\/news.save.ch\/fr\/wp-json\/wp\/v2\/media\/5136"}],"wp:attachment":[{"href":"https:\/\/news.save.ch\/fr\/wp-json\/wp\/v2\/media?parent=5131"}],"wp:term":[{"taxonomy":"category","embeddable":true,"href":"https:\/\/news.save.ch\/fr\/wp-json\/wp\/v2\/categories?post=5131"},{"taxonomy":"post_tag","embeddable":true,"href":"https:\/\/news.save.ch\/fr\/wp-json\/wp\/v2\/tags?post=5131"}],"curies":[{"name":"wp","href":"https:\/\/api.w.org\/{rel}","templated":true}]}}