{"id":5202,"date":"2017-08-17T10:10:20","date_gmt":"2017-08-17T08:10:20","guid":{"rendered":"https:\/\/news.save.ch\/?p=5202"},"modified":"2023-03-14T08:58:59","modified_gmt":"2023-03-14T07:58:59","slug":"studie-gewitterschutz-bei-jungen-erwachsenen-unzureichend","status":null,"type":"post","link":"https:\/\/news.save.ch\/fr\/studie-gewitterschutz-bei-jungen-erwachsenen-unzureichend\/","title":{"rendered":"Orages - quelle est la s\u00e9curit\u00e9 des m\u00e9nages ?"},"content":{"rendered":"<p>&nbsp;<\/p>\n<p><img loading=\"lazy\" decoding=\"async\" class=\"aligncenter size-medium wp-image-5209\" src=\"https:\/\/news.save.ch\/wp-content\/uploads\/2017\/08\/Blitz-umfrage-1-scaled-1.jpg\" alt=\"\" width=\"680\" height=\"401\" \/><\/p>\n<p>&nbsp;<\/p>\n<p><span style=\"font-size: 11.0pt; font-family: 'Calibri','sans-serif';\">Selon une \u00e9tude, le paratonnerre classique est l'installation la plus courante pour la protection professionnelle contre les orages. Environ 78% des maisons sont \u00e9quip\u00e9es d'un paratonnerre ext\u00e9rieur. <a href=\"https:\/\/news.save.ch\/fr\/blitze-als-brandausloeser\/\">Paratonnerre<\/a> sont assur\u00e9s. C'est ce qui ressort d'une enqu\u00eate men\u00e9e aupr\u00e8s de 1000 m\u00e9nages en Suisse. L'enqu\u00eate a \u00e9t\u00e9 r\u00e9alis\u00e9e \u00e0 la demande de Reichelt Elektronik.<\/span><\/p>\n<p><span style=\"font-size: 11.0pt; font-family: 'Calibri','sans-serif';\">Mais tous les biens immobiliers n'offrent pas plus que le paratonnerre mont\u00e9 sur le toit et la fa\u00e7ade. Seuls 61% disposent d'un paratonnerre int\u00e9rieur dans la maison d'habitation, selon l'enqu\u00eate. Selon le communiqu\u00e9 de Reichelt, les experts conseillent ce que l'on appelle la compensation de potentiel de protection contre la foudre. Elle consiste \u00e0 relier les installations m\u00e9talliques int\u00e9rieures, les installations de courant fort et de t\u00e9l\u00e9communication et autres \u00e9l\u00e9ments mis \u00e0 la terre \u00e0 la barre principale de mise \u00e0 la terre.<\/span><\/p>\n<p><strong><span style=\"font-size: 11.0pt; font-family: 'Calibri','sans-serif';\">Les a\u00een\u00e9s tirent la prise - mais pas les jeunes<\/span><\/strong><\/p>\n<p><span style=\"font-size: 11.0pt; font-family: 'Calibri','sans-serif';\">D'autres mesures de protection, comme des fiches sp\u00e9ciales pour les surtensions, sont plut\u00f4t inconnues : Seuls les 14% disposent d'un parasurtenseur. Que font les Suisses en cas d'orage pour prot\u00e9ger l'\u00e9lectronique domestique ? D\u00e9brancher la prise. C'est ce que fait une personne sur deux (50%) lorsque le ciel est travers\u00e9 d'\u00e9clairs et de tonnerres. Un comportement en principe correct, car si la t\u00e9l\u00e9vision et autres appareils restent branch\u00e9s sur la prise, la foudre peut d\u00e9truire ces terminaux.<\/span><\/p>\n<p><span style=\"font-size: 11.0pt; font-family: 'Calibri','sans-serif';\">Le conseil quotidien de \"d\u00e9brancher la prise\" est toutefois diversement r\u00e9pandu. Alors que 59% des plus de 55 ans d\u00e9branchent la prise en cas d'orage, cette pratique n'est plus d'actualit\u00e9 chez les jeunes. Chez les 18-24 ans, seule une personne sur trois (32%) prend cette mesure de protection.<\/span><\/p>\n<p><span style=\"font-size: 11.0pt; font-family: 'Calibri','sans-serif';\">Les Conf\u00e9d\u00e9r\u00e9s sont tout \u00e0 fait conscients des dysfonctionnements de la construction : 41% pr\u00e9voient d'\u00e9quiper leurs propres locaux de dispositifs de protection antisurtension appropri\u00e9s, selon l'enqu\u00eate.<\/span><\/p>\n<p><strong><span style=\"font-size: 11.0pt; font-family: 'Calibri','sans-serif';\">Seule une personne sur cinq est assur\u00e9e<\/span><\/strong><\/p>\n<p><span style=\"font-size: 11.0pt; font-family: 'Calibri','sans-serif';\">Si, malgr\u00e9 toutes les pr\u00e9cautions prises, l'\u00e9lectronique domestique est touch\u00e9e par la foudre, la plupart des gens doivent assumer eux-m\u00eames les dommages, pr\u00e9vient l'\u00e9tude. Seule une personne sur cinq (21%) dispose d'une assurance m\u00e9nage avec protection contre les dommages dus aux surtensions. Chez les jeunes de 18 \u00e0 24 ans, ce sont m\u00eame 84% qui ne sont pas suffisamment assur\u00e9s.<\/span><\/p>\n<p><em>Source : <a href=\"https:\/\/www.reichelt.com\">Reichelt Elektronik<\/a><\/em><\/p>","protected":false},"excerpt":{"rendered":"<p>&nbsp; &nbsp; Einer Studie zufolge ist der klassische Blitzableiter die g\u00e4ngigste Installation f\u00fcr den professionellen Gewitterschutz. Rund 78% der H\u00e4user sind mit einem \u00e4usseren Blitzableiter gesichert. Dies ergab eine Umfrage bei 1000 Haushalten in der Schweiz. Die Umfrage wurde im Auftrag von Reichelt Elektronik durchgef\u00fchrt. Doch nicht alle Immobilien bieten mehr als den an Dach [&hellip;]<\/p>\n","protected":false},"author":8,"featured_media":5209,"comment_status":"open","ping_status":"open","sticky":false,"template":"","format":"standard","meta":{"_acf_changed":false,"pgc_sgb_lightbox_settings":"","footnotes":""},"categories":[3312],"tags":[170],"class_list":["post-5202","post","type-post","status-publish","format-standard","has-post-thumbnail","hentry","category-sicherheit","tag-naturgefahren"],"acf":[],"hkrextid":null,"publication":null,"issue":null,"workflow":null,"startPage":null,"spitzmarke":null,"_posts_by_tag_page_fields":{"widget_title":"","widget_tags":""},"_at_widget":"1","_yoast_wpseo_primary_category":"5","_yoast_wpseo_focuskw_text_input":"Blitz","_yoast_wpseo_opengraph-image":null,"_yoast_wpseo_opengraph-description":null,"_yoast_wpseo_opengraph-title":null,"enclosure":null,"_yoast_wpseo_twitter-title":null,"_yoast_wpseo_twitter-description":null,"_yoast_wpseo_twitter-image":null,"_wp_old_slug":null,"_yoast_wpseo_title":null,"_yoast_wpseo_canonical":null,"yoast_head":"<!-- This site is optimized with the Yoast SEO plugin v27.5 - https:\/\/yoast.com\/product\/yoast-seo-wordpress\/ -->\n<title>Gewitter - wie sicher sind die Haushalte? - Save<\/title>\n<meta name=\"description\" content=\"Gem\u00e4ss Umfrage von Reichelt Elektronik ist der Gewitterschutz bei jungen Erwachsenen unzureichend.\" \/>\n<meta name=\"robots\" content=\"index, follow, max-snippet:-1, max-image-preview:large, max-video-preview:-1\" \/>\n<link rel=\"canonical\" href=\"https:\/\/news.save.ch\/fr\/studie-gewitterschutz-bei-jungen-erwachsenen-unzureichend\/\" \/>\n<meta property=\"og:locale\" content=\"fr_FR\" \/>\n<meta property=\"og:type\" content=\"article\" \/>\n<meta property=\"og:title\" content=\"Gewitter - wie sicher sind die Haushalte? - Save\" \/>\n<meta property=\"og:description\" content=\"Gem\u00e4ss Umfrage von Reichelt Elektronik ist der Gewitterschutz bei jungen Erwachsenen unzureichend.\" \/>\n<meta property=\"og:url\" content=\"https:\/\/news.save.ch\/fr\/studie-gewitterschutz-bei-jungen-erwachsenen-unzureichend\/\" \/>\n<meta property=\"og:site_name\" content=\"Save\" \/>\n<meta property=\"article:published_time\" content=\"2017-08-17T08:10:20+00:00\" \/>\n<meta property=\"article:modified_time\" content=\"2023-03-14T07:58:59+00:00\" \/>\n<meta property=\"og:image\" content=\"https:\/\/news.save.ch\/wp-content\/uploads\/2017\/08\/Blitz-umfrage-1-scaled-1-scaled.jpg\" \/>\n\t<meta property=\"og:image:width\" content=\"1400\" \/>\n\t<meta property=\"og:image:height\" content=\"826\" \/>\n\t<meta property=\"og:image:type\" content=\"image\/jpeg\" \/>\n<meta name=\"author\" content=\"Roger Str\u00e4ssle\" \/>\n<meta name=\"twitter:card\" content=\"summary_large_image\" \/>\n<meta name=\"twitter:label1\" content=\"\u00c9crit par\" \/>\n\t<meta name=\"twitter:data1\" content=\"Roger Str\u00e4ssle\" \/>\n\t<meta name=\"twitter:label2\" content=\"Dur\u00e9e de lecture estim\u00e9e\" \/>\n\t<meta name=\"twitter:data2\" content=\"1 minute\" \/>\n<script type=\"application\/ld+json\" class=\"yoast-schema-graph\">{\"@context\":\"https:\\\/\\\/schema.org\",\"@graph\":[{\"@type\":\"Article\",\"@id\":\"https:\\\/\\\/news.save.ch\\\/studie-gewitterschutz-bei-jungen-erwachsenen-unzureichend\\\/#article\",\"isPartOf\":{\"@id\":\"https:\\\/\\\/news.save.ch\\\/studie-gewitterschutz-bei-jungen-erwachsenen-unzureichend\\\/\"},\"author\":{\"name\":\"Roger Str\u00e4ssle\",\"@id\":\"https:\\\/\\\/news.save.ch\\\/de\\\/#\\\/schema\\\/person\\\/d5022db048e0e2b9785c50e5b24da5aa\"},\"headline\":\"Gewitter &#8211; wie sicher sind die Haushalte?\",\"datePublished\":\"2017-08-17T08:10:20+00:00\",\"dateModified\":\"2023-03-14T07:58:59+00:00\",\"mainEntityOfPage\":{\"@id\":\"https:\\\/\\\/news.save.ch\\\/studie-gewitterschutz-bei-jungen-erwachsenen-unzureichend\\\/\"},\"wordCount\":303,\"commentCount\":0,\"publisher\":{\"@id\":\"https:\\\/\\\/news.save.ch\\\/de\\\/#organization\"},\"image\":{\"@id\":\"https:\\\/\\\/news.save.ch\\\/studie-gewitterschutz-bei-jungen-erwachsenen-unzureichend\\\/#primaryimage\"},\"thumbnailUrl\":\"https:\\\/\\\/news.save.ch\\\/wp-content\\\/uploads\\\/2017\\\/08\\\/Blitz-umfrage-1-scaled-1-scaled.jpg\",\"keywords\":[\"Naturgefahren\"],\"articleSection\":[\"SICHERHEIT\"],\"inLanguage\":\"fr-FR\"},{\"@type\":\"WebPage\",\"@id\":\"https:\\\/\\\/news.save.ch\\\/studie-gewitterschutz-bei-jungen-erwachsenen-unzureichend\\\/\",\"url\":\"https:\\\/\\\/news.save.ch\\\/studie-gewitterschutz-bei-jungen-erwachsenen-unzureichend\\\/\",\"name\":\"Gewitter - wie sicher sind die Haushalte? - Save\",\"isPartOf\":{\"@id\":\"https:\\\/\\\/news.save.ch\\\/de\\\/#website\"},\"primaryImageOfPage\":{\"@id\":\"https:\\\/\\\/news.save.ch\\\/studie-gewitterschutz-bei-jungen-erwachsenen-unzureichend\\\/#primaryimage\"},\"image\":{\"@id\":\"https:\\\/\\\/news.save.ch\\\/studie-gewitterschutz-bei-jungen-erwachsenen-unzureichend\\\/#primaryimage\"},\"thumbnailUrl\":\"https:\\\/\\\/news.save.ch\\\/wp-content\\\/uploads\\\/2017\\\/08\\\/Blitz-umfrage-1-scaled-1-scaled.jpg\",\"datePublished\":\"2017-08-17T08:10:20+00:00\",\"dateModified\":\"2023-03-14T07:58:59+00:00\",\"description\":\"Gem\u00e4ss Umfrage von Reichelt Elektronik ist der Gewitterschutz bei jungen Erwachsenen unzureichend.\",\"breadcrumb\":{\"@id\":\"https:\\\/\\\/news.save.ch\\\/studie-gewitterschutz-bei-jungen-erwachsenen-unzureichend\\\/#breadcrumb\"},\"inLanguage\":\"fr-FR\",\"potentialAction\":[{\"@type\":\"ReadAction\",\"target\":[\"https:\\\/\\\/news.save.ch\\\/studie-gewitterschutz-bei-jungen-erwachsenen-unzureichend\\\/\"]}]},{\"@type\":\"ImageObject\",\"inLanguage\":\"fr-FR\",\"@id\":\"https:\\\/\\\/news.save.ch\\\/studie-gewitterschutz-bei-jungen-erwachsenen-unzureichend\\\/#primaryimage\",\"url\":\"https:\\\/\\\/news.save.ch\\\/wp-content\\\/uploads\\\/2017\\\/08\\\/Blitz-umfrage-1-scaled-1-scaled.jpg\",\"contentUrl\":\"https:\\\/\\\/news.save.ch\\\/wp-content\\\/uploads\\\/2017\\\/08\\\/Blitz-umfrage-1-scaled-1-scaled.jpg\",\"width\":1400,\"height\":826},{\"@type\":\"BreadcrumbList\",\"@id\":\"https:\\\/\\\/news.save.ch\\\/studie-gewitterschutz-bei-jungen-erwachsenen-unzureichend\\\/#breadcrumb\",\"itemListElement\":[{\"@type\":\"ListItem\",\"position\":1,\"name\":\"Home\",\"item\":\"https:\\\/\\\/news.save.ch\\\/de\\\/\"},{\"@type\":\"ListItem\",\"position\":2,\"name\":\"Gewitter &#8211; wie sicher sind die Haushalte?\"}]},{\"@type\":\"WebSite\",\"@id\":\"https:\\\/\\\/news.save.ch\\\/de\\\/#website\",\"url\":\"https:\\\/\\\/news.save.ch\\\/de\\\/\",\"name\":\"Save\",\"description\":\"Schweizer Fachzeitschrift f\u00fcr Sicherheit\",\"publisher\":{\"@id\":\"https:\\\/\\\/news.save.ch\\\/de\\\/#organization\"},\"potentialAction\":[{\"@type\":\"SearchAction\",\"target\":{\"@type\":\"EntryPoint\",\"urlTemplate\":\"https:\\\/\\\/news.save.ch\\\/de\\\/?s={search_term_string}\"},\"query-input\":{\"@type\":\"PropertyValueSpecification\",\"valueRequired\":true,\"valueName\":\"search_term_string\"}}],\"inLanguage\":\"fr-FR\"},{\"@type\":\"Organization\",\"@id\":\"https:\\\/\\\/news.save.ch\\\/de\\\/#organization\",\"name\":\"Sicherheitsforum\",\"url\":\"https:\\\/\\\/news.save.ch\\\/de\\\/\",\"logo\":{\"@type\":\"ImageObject\",\"inLanguage\":\"fr-FR\",\"@id\":\"https:\\\/\\\/news.save.ch\\\/de\\\/#\\\/schema\\\/logo\\\/image\\\/\",\"url\":\"https:\\\/\\\/news.save.ch\\\/wp-content\\\/uploads\\\/2022\\\/06\\\/Logo_SF_2012.png\",\"contentUrl\":\"https:\\\/\\\/news.save.ch\\\/wp-content\\\/uploads\\\/2022\\\/06\\\/Logo_SF_2012.png\",\"width\":1100,\"height\":91,\"caption\":\"Sicherheitsforum\"},\"image\":{\"@id\":\"https:\\\/\\\/news.save.ch\\\/de\\\/#\\\/schema\\\/logo\\\/image\\\/\"}},{\"@type\":\"Person\",\"@id\":\"https:\\\/\\\/news.save.ch\\\/de\\\/#\\\/schema\\\/person\\\/d5022db048e0e2b9785c50e5b24da5aa\",\"name\":\"Roger Str\u00e4ssle\",\"image\":{\"@type\":\"ImageObject\",\"inLanguage\":\"fr-FR\",\"@id\":\"https:\\\/\\\/secure.gravatar.com\\\/avatar\\\/862a5569d087de48e5856e32f45d719a03804c891d6deb8d4f71a660e79e4a47?s=96&d=mm&r=g\",\"url\":\"https:\\\/\\\/secure.gravatar.com\\\/avatar\\\/862a5569d087de48e5856e32f45d719a03804c891d6deb8d4f71a660e79e4a47?s=96&d=mm&r=g\",\"contentUrl\":\"https:\\\/\\\/secure.gravatar.com\\\/avatar\\\/862a5569d087de48e5856e32f45d719a03804c891d6deb8d4f71a660e79e4a47?s=96&d=mm&r=g\",\"caption\":\"Roger Str\u00e4ssle\"},\"url\":\"https:\\\/\\\/news.save.ch\\\/fr\\\/author\\\/roger-straessle\\\/\"}]}<\/script>\n<!-- \/ Yoast SEO plugin. -->","yoast_head_json":{"title":"Orages - quelle est la s\u00e9curit\u00e9 des m\u00e9nages ? - Save","description":"Selon une enqu\u00eate de Reichelt Elektronik, la protection contre les orages est insuffisante chez les jeunes adultes.","robots":{"index":"index","follow":"follow","max-snippet":"max-snippet:-1","max-image-preview":"max-image-preview:large","max-video-preview":"max-video-preview:-1"},"canonical":"https:\/\/news.save.ch\/fr\/studie-gewitterschutz-bei-jungen-erwachsenen-unzureichend\/","og_locale":"fr_FR","og_type":"article","og_title":"Gewitter - wie sicher sind die Haushalte? - Save","og_description":"Gem\u00e4ss Umfrage von Reichelt Elektronik ist der Gewitterschutz bei jungen Erwachsenen unzureichend.","og_url":"https:\/\/news.save.ch\/fr\/studie-gewitterschutz-bei-jungen-erwachsenen-unzureichend\/","og_site_name":"Save","article_published_time":"2017-08-17T08:10:20+00:00","article_modified_time":"2023-03-14T07:58:59+00:00","og_image":[{"width":1400,"height":826,"url":"https:\/\/news.save.ch\/wp-content\/uploads\/2017\/08\/Blitz-umfrage-1-scaled-1-scaled.jpg","type":"image\/jpeg"}],"author":"Roger Str\u00e4ssle","twitter_card":"summary_large_image","twitter_misc":{"\u00c9crit par":"Roger Str\u00e4ssle","Dur\u00e9e de lecture estim\u00e9e":"1 minute"},"schema":{"@context":"https:\/\/schema.org","@graph":[{"@type":"Article","@id":"https:\/\/news.save.ch\/studie-gewitterschutz-bei-jungen-erwachsenen-unzureichend\/#article","isPartOf":{"@id":"https:\/\/news.save.ch\/studie-gewitterschutz-bei-jungen-erwachsenen-unzureichend\/"},"author":{"name":"Roger Str\u00e4ssle","@id":"https:\/\/news.save.ch\/de\/#\/schema\/person\/d5022db048e0e2b9785c50e5b24da5aa"},"headline":"Gewitter &#8211; wie sicher sind die Haushalte?","datePublished":"2017-08-17T08:10:20+00:00","dateModified":"2023-03-14T07:58:59+00:00","mainEntityOfPage":{"@id":"https:\/\/news.save.ch\/studie-gewitterschutz-bei-jungen-erwachsenen-unzureichend\/"},"wordCount":303,"commentCount":0,"publisher":{"@id":"https:\/\/news.save.ch\/de\/#organization"},"image":{"@id":"https:\/\/news.save.ch\/studie-gewitterschutz-bei-jungen-erwachsenen-unzureichend\/#primaryimage"},"thumbnailUrl":"https:\/\/news.save.ch\/wp-content\/uploads\/2017\/08\/Blitz-umfrage-1-scaled-1-scaled.jpg","keywords":["Naturgefahren"],"articleSection":["SICHERHEIT"],"inLanguage":"fr-FR"},{"@type":"WebPage","@id":"https:\/\/news.save.ch\/studie-gewitterschutz-bei-jungen-erwachsenen-unzureichend\/","url":"https:\/\/news.save.ch\/studie-gewitterschutz-bei-jungen-erwachsenen-unzureichend\/","name":"Orages - quelle est la s\u00e9curit\u00e9 des m\u00e9nages ? - Save","isPartOf":{"@id":"https:\/\/news.save.ch\/de\/#website"},"primaryImageOfPage":{"@id":"https:\/\/news.save.ch\/studie-gewitterschutz-bei-jungen-erwachsenen-unzureichend\/#primaryimage"},"image":{"@id":"https:\/\/news.save.ch\/studie-gewitterschutz-bei-jungen-erwachsenen-unzureichend\/#primaryimage"},"thumbnailUrl":"https:\/\/news.save.ch\/wp-content\/uploads\/2017\/08\/Blitz-umfrage-1-scaled-1-scaled.jpg","datePublished":"2017-08-17T08:10:20+00:00","dateModified":"2023-03-14T07:58:59+00:00","description":"Selon une enqu\u00eate de Reichelt Elektronik, la protection contre les orages est insuffisante chez les jeunes adultes.","breadcrumb":{"@id":"https:\/\/news.save.ch\/studie-gewitterschutz-bei-jungen-erwachsenen-unzureichend\/#breadcrumb"},"inLanguage":"fr-FR","potentialAction":[{"@type":"ReadAction","target":["https:\/\/news.save.ch\/studie-gewitterschutz-bei-jungen-erwachsenen-unzureichend\/"]}]},{"@type":"ImageObject","inLanguage":"fr-FR","@id":"https:\/\/news.save.ch\/studie-gewitterschutz-bei-jungen-erwachsenen-unzureichend\/#primaryimage","url":"https:\/\/news.save.ch\/wp-content\/uploads\/2017\/08\/Blitz-umfrage-1-scaled-1-scaled.jpg","contentUrl":"https:\/\/news.save.ch\/wp-content\/uploads\/2017\/08\/Blitz-umfrage-1-scaled-1-scaled.jpg","width":1400,"height":826},{"@type":"BreadcrumbList","@id":"https:\/\/news.save.ch\/studie-gewitterschutz-bei-jungen-erwachsenen-unzureichend\/#breadcrumb","itemListElement":[{"@type":"ListItem","position":1,"name":"Home","item":"https:\/\/news.save.ch\/de\/"},{"@type":"ListItem","position":2,"name":"Gewitter &#8211; wie sicher sind die Haushalte?"}]},{"@type":"WebSite","@id":"https:\/\/news.save.ch\/de\/#website","url":"https:\/\/news.save.ch\/de\/","name":"Save","description":"Revue suisse sp\u00e9cialis\u00e9e dans la s\u00e9curit\u00e9","publisher":{"@id":"https:\/\/news.save.ch\/de\/#organization"},"potentialAction":[{"@type":"SearchAction","target":{"@type":"EntryPoint","urlTemplate":"https:\/\/news.save.ch\/de\/?s={search_term_string}"},"query-input":{"@type":"PropertyValueSpecification","valueRequired":true,"valueName":"search_term_string"}}],"inLanguage":"fr-FR"},{"@type":"Organization","@id":"https:\/\/news.save.ch\/de\/#organization","name":"Forum sur la s\u00e9curit\u00e9","url":"https:\/\/news.save.ch\/de\/","logo":{"@type":"ImageObject","inLanguage":"fr-FR","@id":"https:\/\/news.save.ch\/de\/#\/schema\/logo\/image\/","url":"https:\/\/news.save.ch\/wp-content\/uploads\/2022\/06\/Logo_SF_2012.png","contentUrl":"https:\/\/news.save.ch\/wp-content\/uploads\/2022\/06\/Logo_SF_2012.png","width":1100,"height":91,"caption":"Sicherheitsforum"},"image":{"@id":"https:\/\/news.save.ch\/de\/#\/schema\/logo\/image\/"}},{"@type":"Person","@id":"https:\/\/news.save.ch\/de\/#\/schema\/person\/d5022db048e0e2b9785c50e5b24da5aa","name":"Roger Str\u00e4ssle","image":{"@type":"ImageObject","inLanguage":"fr-FR","@id":"https:\/\/secure.gravatar.com\/avatar\/862a5569d087de48e5856e32f45d719a03804c891d6deb8d4f71a660e79e4a47?s=96&d=mm&r=g","url":"https:\/\/secure.gravatar.com\/avatar\/862a5569d087de48e5856e32f45d719a03804c891d6deb8d4f71a660e79e4a47?s=96&d=mm&r=g","contentUrl":"https:\/\/secure.gravatar.com\/avatar\/862a5569d087de48e5856e32f45d719a03804c891d6deb8d4f71a660e79e4a47?s=96&d=mm&r=g","caption":"Roger Str\u00e4ssle"},"url":"https:\/\/news.save.ch\/fr\/author\/roger-straessle\/"}]}},"_links":{"self":[{"href":"https:\/\/news.save.ch\/fr\/wp-json\/wp\/v2\/posts\/5202","targetHints":{"allow":["GET"]}}],"collection":[{"href":"https:\/\/news.save.ch\/fr\/wp-json\/wp\/v2\/posts"}],"about":[{"href":"https:\/\/news.save.ch\/fr\/wp-json\/wp\/v2\/types\/post"}],"author":[{"embeddable":true,"href":"https:\/\/news.save.ch\/fr\/wp-json\/wp\/v2\/users\/8"}],"replies":[{"embeddable":true,"href":"https:\/\/news.save.ch\/fr\/wp-json\/wp\/v2\/comments?post=5202"}],"version-history":[{"count":1,"href":"https:\/\/news.save.ch\/fr\/wp-json\/wp\/v2\/posts\/5202\/revisions"}],"predecessor-version":[{"id":17871,"href":"https:\/\/news.save.ch\/fr\/wp-json\/wp\/v2\/posts\/5202\/revisions\/17871"}],"wp:featuredmedia":[{"embeddable":true,"href":"https:\/\/news.save.ch\/fr\/wp-json\/wp\/v2\/media\/5209"}],"wp:attachment":[{"href":"https:\/\/news.save.ch\/fr\/wp-json\/wp\/v2\/media?parent=5202"}],"wp:term":[{"taxonomy":"category","embeddable":true,"href":"https:\/\/news.save.ch\/fr\/wp-json\/wp\/v2\/categories?post=5202"},{"taxonomy":"post_tag","embeddable":true,"href":"https:\/\/news.save.ch\/fr\/wp-json\/wp\/v2\/tags?post=5202"}],"curies":[{"name":"wp","href":"https:\/\/api.w.org\/{rel}","templated":true}]}}