{"id":526,"date":"2015-07-22T17:23:24","date_gmt":"2015-07-22T15:23:24","guid":{"rendered":"https:\/\/dev.sicherheitsforum.ch\/?p=526"},"modified":"2023-03-14T08:57:36","modified_gmt":"2023-03-14T07:57:36","slug":"d-a-ch-security-2015","status":null,"type":"post","link":"https:\/\/news.save.ch\/fr\/d-a-ch-security-2015\/","title":{"rendered":"S\u00e9curit\u00e9 D-A-CH 2015"},"content":{"rendered":"<figure id=\"attachment_527\" aria-describedby=\"caption-attachment-527\" style=\"width: 680px\" class=\"wp-caption alignnone\"><img loading=\"lazy\" decoding=\"async\" class=\"size-medium wp-image-527\" src=\"https:\/\/sicherheitsforum.ch\/wp-content\/uploads\/2016\/12\/D-A-CH-Security-2015-it-security.jpg\" alt=\"Fournit une image compl\u00e8te de l&#039;\u00e9tat actuel de la s\u00e9curit\u00e9 informatique : le D-A-CH Security.\" width=\"680\" height=\"680\" \/><figcaption id=\"caption-attachment-527\" class=\"wp-caption-text\">Fournit une image compl\u00e8te de l'\u00e9tat actuel de la s\u00e9curit\u00e9 informatique : le D-A-CH Security.<\/figcaption><\/figure>\n<p>Le site <a title=\"Lien vers le congr\u00e8s\" href=\"https:\/\/www.syssec.at\/ds15_programm\" target=\"_blank\" data-cke-saved-href=\"https:\/\/www.syssec.at\/ds15_programm\" rel=\"noopener\">Conf\u00e9rence de travail<\/a> aura lieu les 8 et 9 septembre. Les th\u00e8mes des 38 pr\u00e9sentations couvrent entre autres les sujets suivants : Cloud &amp; Big Data, Identification &amp; Biom\u00e9trie -Protection des donn\u00e9es &amp; Signatures, Gestion de la s\u00e9curit\u00e9, S\u00e9curit\u00e9 mobile &amp; Cartes \u00e0 puce, S\u00e9curit\u00e9 du Web &amp; des r\u00e9seaux et IoT &amp; Automatisation. Le programme sera compl\u00e9t\u00e9 par les ateliers de l'Alliance pour la cybers\u00e9curit\u00e9 et du groupe sp\u00e9cialis\u00e9 SECMGT de GI.<\/p>\n<p>Les contributions des intervenants seront r\u00e9sum\u00e9es et pr\u00e9par\u00e9es dans un volume accompagnant le congr\u00e8s (D-A-CH Security 2015, couverture rigide, ISBN 978-3-00-049965-4, disponible \u00e0 partir du 8.9.2015). Les actes du congr\u00e8s peuvent \u00eatre command\u00e9s au prix de 69 euros. Les \u00e9diteurs de cet aper\u00e7u interdisciplinaire de l'\u00e9tat actuel de la s\u00e9curit\u00e9 informatique dans l'industrie, les services, l'administration et la science en Allemagne, en Autriche et en Suisse sont le professeur Peter Schartner (groupe de recherche sur la s\u00e9curit\u00e9 des syst\u00e8mes, Universit\u00e9 de Klagenfurt), le professeur Kerstin Lemke-Rust (Haute \u00e9cole de Bonn-Rhein-Sieg) et le professeur Markus Ullmann (Institut de recherche sur la s\u00e9curit\u00e9, Haute \u00e9cole de Bonn-Rhein-Sieg).<\/p>","protected":false},"excerpt":{"rendered":"<p>Die Arbeitskonferenz findet am 8. und 9. September statt. Die Themen der 38 Pr\u00e4sentationen decken unter anderem die Themen Cloud &amp; Big Data, Identifikation &amp; Biometrie \u2013Datenschutz &amp; Signaturen, Sicherheitsmanagement, Mobile Security &amp; Chipkarten, Web- &amp; Netzwerksicherheit und IoT &amp; Automatisierung ab. Erg\u00e4nzt wird das Programm durch die Workshops der Allianz f\u00fcr Cyber-Sicherheit und der [&hellip;]<\/p>\n","protected":false},"author":1,"featured_media":527,"comment_status":"open","ping_status":"open","sticky":false,"template":"","format":"standard","meta":{"_acf_changed":false,"pgc_sgb_lightbox_settings":"","footnotes":""},"categories":[3313],"tags":[109,62,63],"class_list":["post-526","post","type-post","status-publish","format-standard","has-post-thumbnail","hentry","category-digitalisierung","tag-aus-und-weiterbildung","tag-ict-sicherheit","tag-it-security"],"acf":[],"hkrextid":null,"publication":null,"issue":null,"workflow":null,"startPage":null,"spitzmarke":null,"_posts_by_tag_page_fields":{"widget_title":"","widget_tags":""},"_at_widget":"1","_yoast_wpseo_primary_category":"2","_yoast_wpseo_focuskw_text_input":"D-A-CH Security","_yoast_wpseo_opengraph-image":"https:\/\/sicherheitsforum.ch\/wp-content\/uploads\/2016\/12\/D-A-CH-Security-2015-it-security.jpg","_yoast_wpseo_opengraph-description":"Anfang September startet an der HS Bonn-Rhein-Sieg (Campus Sankt Augustin) die zweit\u00e4gige Arbeitskonferenz D\u2022A\u2022CH Security 2015. Sie soll ein umfassendes Bild des aktuellen Stands rund um die IT-Sicherheit aufzeigen.","_yoast_wpseo_opengraph-title":"D-A-CH Security 2015","enclosure":null,"_yoast_wpseo_twitter-title":null,"_yoast_wpseo_twitter-description":null,"_yoast_wpseo_twitter-image":null,"_wp_old_slug":null,"_yoast_wpseo_title":null,"_yoast_wpseo_canonical":null,"yoast_head":"<!-- This site is optimized with the Yoast SEO plugin v27.4 - https:\/\/yoast.com\/product\/yoast-seo-wordpress\/ -->\n<title>D-A-CH Security 2015 - Save<\/title>\n<meta name=\"description\" content=\"Anfang September startet an der HS Bonn-Rhein-Sieg die zweit\u00e4gige Arbeitskonferenz D\u2022A\u2022CH Security 2015.\" \/>\n<meta name=\"robots\" content=\"index, follow, max-snippet:-1, max-image-preview:large, max-video-preview:-1\" \/>\n<link rel=\"canonical\" href=\"https:\/\/news.save.ch\/fr\/d-a-ch-security-2015\/\" \/>\n<meta property=\"og:locale\" content=\"fr_FR\" \/>\n<meta property=\"og:type\" content=\"article\" \/>\n<meta property=\"og:title\" content=\"D-A-CH Security 2015\" \/>\n<meta property=\"og:description\" content=\"Anfang September startet an der HS Bonn-Rhein-Sieg (Campus Sankt Augustin) die zweit\u00e4gige Arbeitskonferenz D\u2022A\u2022CH Security 2015. Sie soll ein umfassendes Bild des aktuellen Stands rund um die IT-Sicherheit aufzeigen.\" \/>\n<meta property=\"og:url\" content=\"https:\/\/news.save.ch\/fr\/d-a-ch-security-2015\/\" \/>\n<meta property=\"og:site_name\" content=\"Save\" \/>\n<meta property=\"article:published_time\" content=\"2015-07-22T15:23:24+00:00\" \/>\n<meta property=\"article:modified_time\" content=\"2023-03-14T07:57:36+00:00\" \/>\n<meta property=\"og:image\" content=\"https:\/\/sicherheitsforum.ch\/wp-content\/uploads\/2016\/12\/D-A-CH-Security-2015-it-security.jpg\" \/>\n<meta name=\"author\" content=\"admin\" \/>\n<meta name=\"twitter:card\" content=\"summary_large_image\" \/>\n<meta name=\"twitter:label1\" content=\"\u00c9crit par\" \/>\n\t<meta name=\"twitter:data1\" content=\"admin\" \/>\n\t<meta name=\"twitter:label2\" content=\"Dur\u00e9e de lecture estim\u00e9e\" \/>\n\t<meta name=\"twitter:data2\" content=\"1 minute\" \/>\n<script type=\"application\/ld+json\" class=\"yoast-schema-graph\">{\"@context\":\"https:\\\/\\\/schema.org\",\"@graph\":[{\"@type\":\"Article\",\"@id\":\"https:\\\/\\\/news.save.ch\\\/d-a-ch-security-2015\\\/#article\",\"isPartOf\":{\"@id\":\"https:\\\/\\\/news.save.ch\\\/d-a-ch-security-2015\\\/\"},\"author\":{\"name\":\"admin\",\"@id\":\"https:\\\/\\\/news.save.ch\\\/de\\\/#\\\/schema\\\/person\\\/d49e199490bad7c70d64b9ab51142f2b\"},\"headline\":\"D-A-CH Security 2015\",\"datePublished\":\"2015-07-22T15:23:24+00:00\",\"dateModified\":\"2023-03-14T07:57:36+00:00\",\"mainEntityOfPage\":{\"@id\":\"https:\\\/\\\/news.save.ch\\\/d-a-ch-security-2015\\\/\"},\"wordCount\":162,\"commentCount\":0,\"publisher\":{\"@id\":\"https:\\\/\\\/news.save.ch\\\/de\\\/#organization\"},\"image\":{\"@id\":\"https:\\\/\\\/news.save.ch\\\/d-a-ch-security-2015\\\/#primaryimage\"},\"thumbnailUrl\":\"https:\\\/\\\/news.save.ch\\\/wp-content\\\/uploads\\\/2016\\\/12\\\/D-A-CH-Security-2015-it-security-scaled.jpg\",\"keywords\":[\"Aus- und Weiterbildung\",\"ICT-Sicherheit\",\"IT-SECURITY\"],\"articleSection\":[\"DIGITALISIERUNG\"],\"inLanguage\":\"fr-FR\"},{\"@type\":\"WebPage\",\"@id\":\"https:\\\/\\\/news.save.ch\\\/d-a-ch-security-2015\\\/\",\"url\":\"https:\\\/\\\/news.save.ch\\\/d-a-ch-security-2015\\\/\",\"name\":\"D-A-CH Security 2015 - Save\",\"isPartOf\":{\"@id\":\"https:\\\/\\\/news.save.ch\\\/de\\\/#website\"},\"primaryImageOfPage\":{\"@id\":\"https:\\\/\\\/news.save.ch\\\/d-a-ch-security-2015\\\/#primaryimage\"},\"image\":{\"@id\":\"https:\\\/\\\/news.save.ch\\\/d-a-ch-security-2015\\\/#primaryimage\"},\"thumbnailUrl\":\"https:\\\/\\\/news.save.ch\\\/wp-content\\\/uploads\\\/2016\\\/12\\\/D-A-CH-Security-2015-it-security-scaled.jpg\",\"datePublished\":\"2015-07-22T15:23:24+00:00\",\"dateModified\":\"2023-03-14T07:57:36+00:00\",\"description\":\"Anfang September startet an der HS Bonn-Rhein-Sieg die zweit\u00e4gige Arbeitskonferenz D\u2022A\u2022CH Security 2015.\",\"breadcrumb\":{\"@id\":\"https:\\\/\\\/news.save.ch\\\/d-a-ch-security-2015\\\/#breadcrumb\"},\"inLanguage\":\"fr-FR\",\"potentialAction\":[{\"@type\":\"ReadAction\",\"target\":[\"https:\\\/\\\/news.save.ch\\\/d-a-ch-security-2015\\\/\"]}]},{\"@type\":\"ImageObject\",\"inLanguage\":\"fr-FR\",\"@id\":\"https:\\\/\\\/news.save.ch\\\/d-a-ch-security-2015\\\/#primaryimage\",\"url\":\"https:\\\/\\\/news.save.ch\\\/wp-content\\\/uploads\\\/2016\\\/12\\\/D-A-CH-Security-2015-it-security-scaled.jpg\",\"contentUrl\":\"https:\\\/\\\/news.save.ch\\\/wp-content\\\/uploads\\\/2016\\\/12\\\/D-A-CH-Security-2015-it-security-scaled.jpg\",\"width\":1400,\"height\":1400,\"caption\":\"Liefert ein umfassendes Bild \u00fcber den aktuellen Stand der IT-Sicherheit: die D-A-CH Security.\"},{\"@type\":\"BreadcrumbList\",\"@id\":\"https:\\\/\\\/news.save.ch\\\/d-a-ch-security-2015\\\/#breadcrumb\",\"itemListElement\":[{\"@type\":\"ListItem\",\"position\":1,\"name\":\"Home\",\"item\":\"https:\\\/\\\/news.save.ch\\\/de\\\/\"},{\"@type\":\"ListItem\",\"position\":2,\"name\":\"D-A-CH Security 2015\"}]},{\"@type\":\"WebSite\",\"@id\":\"https:\\\/\\\/news.save.ch\\\/de\\\/#website\",\"url\":\"https:\\\/\\\/news.save.ch\\\/de\\\/\",\"name\":\"Save\",\"description\":\"Schweizer Fachzeitschrift f\u00fcr Sicherheit\",\"publisher\":{\"@id\":\"https:\\\/\\\/news.save.ch\\\/de\\\/#organization\"},\"potentialAction\":[{\"@type\":\"SearchAction\",\"target\":{\"@type\":\"EntryPoint\",\"urlTemplate\":\"https:\\\/\\\/news.save.ch\\\/de\\\/?s={search_term_string}\"},\"query-input\":{\"@type\":\"PropertyValueSpecification\",\"valueRequired\":true,\"valueName\":\"search_term_string\"}}],\"inLanguage\":\"fr-FR\"},{\"@type\":\"Organization\",\"@id\":\"https:\\\/\\\/news.save.ch\\\/de\\\/#organization\",\"name\":\"Sicherheitsforum\",\"url\":\"https:\\\/\\\/news.save.ch\\\/de\\\/\",\"logo\":{\"@type\":\"ImageObject\",\"inLanguage\":\"fr-FR\",\"@id\":\"https:\\\/\\\/news.save.ch\\\/de\\\/#\\\/schema\\\/logo\\\/image\\\/\",\"url\":\"https:\\\/\\\/news.save.ch\\\/wp-content\\\/uploads\\\/2022\\\/06\\\/Logo_SF_2012.png\",\"contentUrl\":\"https:\\\/\\\/news.save.ch\\\/wp-content\\\/uploads\\\/2022\\\/06\\\/Logo_SF_2012.png\",\"width\":1100,\"height\":91,\"caption\":\"Sicherheitsforum\"},\"image\":{\"@id\":\"https:\\\/\\\/news.save.ch\\\/de\\\/#\\\/schema\\\/logo\\\/image\\\/\"}},{\"@type\":\"Person\",\"@id\":\"https:\\\/\\\/news.save.ch\\\/de\\\/#\\\/schema\\\/person\\\/d49e199490bad7c70d64b9ab51142f2b\",\"name\":\"admin\",\"image\":{\"@type\":\"ImageObject\",\"inLanguage\":\"fr-FR\",\"@id\":\"https:\\\/\\\/secure.gravatar.com\\\/avatar\\\/ae2f4d718e6c49043e314ce431e7e645d646302a24a5ef5a8bc8e3f5a032e319?s=96&d=mm&r=g\",\"url\":\"https:\\\/\\\/secure.gravatar.com\\\/avatar\\\/ae2f4d718e6c49043e314ce431e7e645d646302a24a5ef5a8bc8e3f5a032e319?s=96&d=mm&r=g\",\"contentUrl\":\"https:\\\/\\\/secure.gravatar.com\\\/avatar\\\/ae2f4d718e6c49043e314ce431e7e645d646302a24a5ef5a8bc8e3f5a032e319?s=96&d=mm&r=g\",\"caption\":\"admin\"},\"sameAs\":[\"https:\\\/\\\/develop.organisator.galledia.ch\"],\"url\":\"https:\\\/\\\/news.save.ch\\\/fr\\\/author\\\/admin\\\/\"}]}<\/script>\n<!-- \/ Yoast SEO plugin. -->","yoast_head_json":{"title":"D-A-CH Security 2015 - Sauver","description":"D\u00e9but septembre, la conf\u00e9rence de travail de deux jours D-A-CH Security 2015 d\u00e9butera \u00e0 la HS Bonn-Rhein-Sieg.","robots":{"index":"index","follow":"follow","max-snippet":"max-snippet:-1","max-image-preview":"max-image-preview:large","max-video-preview":"max-video-preview:-1"},"canonical":"https:\/\/news.save.ch\/fr\/d-a-ch-security-2015\/","og_locale":"fr_FR","og_type":"article","og_title":"D-A-CH Security 2015","og_description":"Anfang September startet an der HS Bonn-Rhein-Sieg (Campus Sankt Augustin) die zweit\u00e4gige Arbeitskonferenz D\u2022A\u2022CH Security 2015. Sie soll ein umfassendes Bild des aktuellen Stands rund um die IT-Sicherheit aufzeigen.","og_url":"https:\/\/news.save.ch\/fr\/d-a-ch-security-2015\/","og_site_name":"Save","article_published_time":"2015-07-22T15:23:24+00:00","article_modified_time":"2023-03-14T07:57:36+00:00","og_image":[{"url":"https:\/\/sicherheitsforum.ch\/wp-content\/uploads\/2016\/12\/D-A-CH-Security-2015-it-security.jpg","type":"","width":"","height":""}],"author":"admin","twitter_card":"summary_large_image","twitter_misc":{"\u00c9crit par":"admin","Dur\u00e9e de lecture estim\u00e9e":"1 minute"},"schema":{"@context":"https:\/\/schema.org","@graph":[{"@type":"Article","@id":"https:\/\/news.save.ch\/d-a-ch-security-2015\/#article","isPartOf":{"@id":"https:\/\/news.save.ch\/d-a-ch-security-2015\/"},"author":{"name":"admin","@id":"https:\/\/news.save.ch\/de\/#\/schema\/person\/d49e199490bad7c70d64b9ab51142f2b"},"headline":"D-A-CH Security 2015","datePublished":"2015-07-22T15:23:24+00:00","dateModified":"2023-03-14T07:57:36+00:00","mainEntityOfPage":{"@id":"https:\/\/news.save.ch\/d-a-ch-security-2015\/"},"wordCount":162,"commentCount":0,"publisher":{"@id":"https:\/\/news.save.ch\/de\/#organization"},"image":{"@id":"https:\/\/news.save.ch\/d-a-ch-security-2015\/#primaryimage"},"thumbnailUrl":"https:\/\/news.save.ch\/wp-content\/uploads\/2016\/12\/D-A-CH-Security-2015-it-security-scaled.jpg","keywords":["Aus- und Weiterbildung","ICT-Sicherheit","IT-SECURITY"],"articleSection":["DIGITALISIERUNG"],"inLanguage":"fr-FR"},{"@type":"WebPage","@id":"https:\/\/news.save.ch\/d-a-ch-security-2015\/","url":"https:\/\/news.save.ch\/d-a-ch-security-2015\/","name":"D-A-CH Security 2015 - Sauver","isPartOf":{"@id":"https:\/\/news.save.ch\/de\/#website"},"primaryImageOfPage":{"@id":"https:\/\/news.save.ch\/d-a-ch-security-2015\/#primaryimage"},"image":{"@id":"https:\/\/news.save.ch\/d-a-ch-security-2015\/#primaryimage"},"thumbnailUrl":"https:\/\/news.save.ch\/wp-content\/uploads\/2016\/12\/D-A-CH-Security-2015-it-security-scaled.jpg","datePublished":"2015-07-22T15:23:24+00:00","dateModified":"2023-03-14T07:57:36+00:00","description":"D\u00e9but septembre, la conf\u00e9rence de travail de deux jours D-A-CH Security 2015 d\u00e9butera \u00e0 la HS Bonn-Rhein-Sieg.","breadcrumb":{"@id":"https:\/\/news.save.ch\/d-a-ch-security-2015\/#breadcrumb"},"inLanguage":"fr-FR","potentialAction":[{"@type":"ReadAction","target":["https:\/\/news.save.ch\/d-a-ch-security-2015\/"]}]},{"@type":"ImageObject","inLanguage":"fr-FR","@id":"https:\/\/news.save.ch\/d-a-ch-security-2015\/#primaryimage","url":"https:\/\/news.save.ch\/wp-content\/uploads\/2016\/12\/D-A-CH-Security-2015-it-security-scaled.jpg","contentUrl":"https:\/\/news.save.ch\/wp-content\/uploads\/2016\/12\/D-A-CH-Security-2015-it-security-scaled.jpg","width":1400,"height":1400,"caption":"Liefert ein umfassendes Bild \u00fcber den aktuellen Stand der IT-Sicherheit: die D-A-CH Security."},{"@type":"BreadcrumbList","@id":"https:\/\/news.save.ch\/d-a-ch-security-2015\/#breadcrumb","itemListElement":[{"@type":"ListItem","position":1,"name":"Home","item":"https:\/\/news.save.ch\/de\/"},{"@type":"ListItem","position":2,"name":"D-A-CH Security 2015"}]},{"@type":"WebSite","@id":"https:\/\/news.save.ch\/de\/#website","url":"https:\/\/news.save.ch\/de\/","name":"Save","description":"Revue suisse sp\u00e9cialis\u00e9e dans la s\u00e9curit\u00e9","publisher":{"@id":"https:\/\/news.save.ch\/de\/#organization"},"potentialAction":[{"@type":"SearchAction","target":{"@type":"EntryPoint","urlTemplate":"https:\/\/news.save.ch\/de\/?s={search_term_string}"},"query-input":{"@type":"PropertyValueSpecification","valueRequired":true,"valueName":"search_term_string"}}],"inLanguage":"fr-FR"},{"@type":"Organization","@id":"https:\/\/news.save.ch\/de\/#organization","name":"Forum sur la s\u00e9curit\u00e9","url":"https:\/\/news.save.ch\/de\/","logo":{"@type":"ImageObject","inLanguage":"fr-FR","@id":"https:\/\/news.save.ch\/de\/#\/schema\/logo\/image\/","url":"https:\/\/news.save.ch\/wp-content\/uploads\/2022\/06\/Logo_SF_2012.png","contentUrl":"https:\/\/news.save.ch\/wp-content\/uploads\/2022\/06\/Logo_SF_2012.png","width":1100,"height":91,"caption":"Sicherheitsforum"},"image":{"@id":"https:\/\/news.save.ch\/de\/#\/schema\/logo\/image\/"}},{"@type":"Person","@id":"https:\/\/news.save.ch\/de\/#\/schema\/person\/d49e199490bad7c70d64b9ab51142f2b","name":"admin","image":{"@type":"ImageObject","inLanguage":"fr-FR","@id":"https:\/\/secure.gravatar.com\/avatar\/ae2f4d718e6c49043e314ce431e7e645d646302a24a5ef5a8bc8e3f5a032e319?s=96&d=mm&r=g","url":"https:\/\/secure.gravatar.com\/avatar\/ae2f4d718e6c49043e314ce431e7e645d646302a24a5ef5a8bc8e3f5a032e319?s=96&d=mm&r=g","contentUrl":"https:\/\/secure.gravatar.com\/avatar\/ae2f4d718e6c49043e314ce431e7e645d646302a24a5ef5a8bc8e3f5a032e319?s=96&d=mm&r=g","caption":"admin"},"sameAs":["https:\/\/develop.organisator.galledia.ch"],"url":"https:\/\/news.save.ch\/fr\/author\/admin\/"}]}},"_links":{"self":[{"href":"https:\/\/news.save.ch\/fr\/wp-json\/wp\/v2\/posts\/526","targetHints":{"allow":["GET"]}}],"collection":[{"href":"https:\/\/news.save.ch\/fr\/wp-json\/wp\/v2\/posts"}],"about":[{"href":"https:\/\/news.save.ch\/fr\/wp-json\/wp\/v2\/types\/post"}],"author":[{"embeddable":true,"href":"https:\/\/news.save.ch\/fr\/wp-json\/wp\/v2\/users\/1"}],"replies":[{"embeddable":true,"href":"https:\/\/news.save.ch\/fr\/wp-json\/wp\/v2\/comments?post=526"}],"version-history":[{"count":1,"href":"https:\/\/news.save.ch\/fr\/wp-json\/wp\/v2\/posts\/526\/revisions"}],"predecessor-version":[{"id":17756,"href":"https:\/\/news.save.ch\/fr\/wp-json\/wp\/v2\/posts\/526\/revisions\/17756"}],"wp:featuredmedia":[{"embeddable":true,"href":"https:\/\/news.save.ch\/fr\/wp-json\/wp\/v2\/media\/527"}],"wp:attachment":[{"href":"https:\/\/news.save.ch\/fr\/wp-json\/wp\/v2\/media?parent=526"}],"wp:term":[{"taxonomy":"category","embeddable":true,"href":"https:\/\/news.save.ch\/fr\/wp-json\/wp\/v2\/categories?post=526"},{"taxonomy":"post_tag","embeddable":true,"href":"https:\/\/news.save.ch\/fr\/wp-json\/wp\/v2\/tags?post=526"}],"curies":[{"name":"wp","href":"https:\/\/api.w.org\/{rel}","templated":true}]}}