{"id":534,"date":"2015-07-27T17:26:45","date_gmt":"2015-07-27T15:26:45","guid":{"rendered":"https:\/\/dev.sicherheitsforum.ch\/?p=534"},"modified":"2023-03-14T08:57:36","modified_gmt":"2023-03-14T07:57:36","slug":"kmu-schutz-gegen-cyber-kriminalitaet","status":null,"type":"post","link":"https:\/\/news.save.ch\/fr\/kmu-schutz-gegen-cyber-kriminalitaet\/","title":{"rendered":"Protection des PME contre la cybercriminalit\u00e9"},"content":{"rendered":"<figure id=\"attachment_535\" aria-describedby=\"caption-attachment-535\" style=\"width: 680px\" class=\"wp-caption alignnone\"><img loading=\"lazy\" decoding=\"async\" class=\"size-medium wp-image-535\" src=\"https:\/\/sicherheitsforum.ch\/wp-content\/uploads\/2016\/12\/KMU-Schutz-gegen-Cyber-Kriminalit\u00e4t-it-security.jpg\" alt=\"Les modules du concept VdS pour la cybers\u00e9curit\u00e9.\" width=\"680\" height=\"307\" \/><figcaption id=\"caption-attachment-535\" class=\"wp-caption-text\">Les modules du concept VdS pour la cybers\u00e9curit\u00e9.<\/figcaption><\/figure>\n<p>\"Avec la publication de la norme cybern\u00e9tique VdS 3473, nous comblons une importante lacune en mati\u00e8re de s\u00e9curit\u00e9\", souligne <a href=\"https:\/\/www.vds.de\" target=\"_blank\" data-cke-saved-href=\"https:\/\/www.vds.de\" rel=\"noopener\">VdS<\/a>-directeur g\u00e9n\u00e9ral Robert Reinermann. \"La cybers\u00e9curit\u00e9 est la protection incendie du 21e si\u00e8cle. C'est pourquoi les moyennes entreprises ont besoin d'un niveau de s\u00e9curit\u00e9 qui peut \u00eatre r\u00e9alis\u00e9 de mani\u00e8re \u00e9conomique et pratique. Les directives VdS 3473 r\u00e9pondent \u00e0 ces exigences. Outre nos experts en certification, des experts en s\u00e9curit\u00e9 de l'information ont notamment particip\u00e9 \u00e0 leur d\u00e9veloppement\", poursuit Robert Reinermann.<\/p>\n<p>Des conseillers en cybers\u00e9curit\u00e9 reconnus par le VdS sont \u00e0 la disposition des entreprises int\u00e9ress\u00e9es pour les aider \u00e0 se pr\u00e9parer \u00e0 la certification VdS 3473. En outre, l'outil web gratuit \"<a href=\"https:\/\/www.vds-quick-check.de\" target=\"_blank\" data-cke-saved-href=\"https:\/\/www.vds-quick-check.de\" rel=\"noopener\">VdS Quick-Check<\/a>\" et le \"Quick-Audit\" sur place permettent d'acc\u00e9der facilement \u00e0 la s\u00e9curit\u00e9 de l'information certifi\u00e9e. \"Notre proc\u00e9dure en plusieurs \u00e9tapes et les modules du concept VdS pour la cybers\u00e9curit\u00e9 peuvent compl\u00e9ter judicieusement la gestion des risques dans les entreprises par l'aspect de la s\u00e9curit\u00e9 de l'information\", explique Robert Reinermann. Pour les entreprises, une s\u00e9curit\u00e9 des donn\u00e9es certifi\u00e9e sur la base de la norme VdS 3473 offre de solides avantages concurrentiels. Ainsi, les clients et les fournisseurs peuvent \u00eatre s\u00fbrs que les entreprises certifi\u00e9es VdS garantissent des normes minimales dans le domaine de la s\u00e9curit\u00e9 des donn\u00e9es et de la capacit\u00e9 de livraison.<\/p>\n<p>Un risque calculable sur la base de directives contraignantes est en m\u00eame temps une condition centrale pour assurer les cyber-risques r\u00e9siduels. Dans ce contexte, les directives VdS 3473 donnent \u00e9galement des impulsions au secteur de l'assurance pour d\u00e9velopper des cyber-polices qui permettent une couverture d'assurance individuelle.<\/p>\n<p>Les nouvelles directives VdS 3473 sont disponibles gratuitement. <a href=\"https:\/\/www.vds.de\/cyber\" target=\"_blank\" data-cke-saved-href=\"https:\/\/www.vds.de\/cyber\" rel=\"noopener\">T\u00e9l\u00e9chargement <\/a>pr\u00eat.<\/p>","protected":false},"excerpt":{"rendered":"<p>\u201eMit der Ver\u00f6ffentlichung des Cyber-Standards VdS 3473 schliessen wir eine bedeutende Sicherheitsl\u00fccke\u201c, betont VdS-Gesch\u00e4ftsf\u00fchrer Robert Reinermann. \u201eCyber-Security ist der Brandschutz des 21. Jahrhunderts. Deshalb brauchen mittelst\u00e4ndische Unternehmen ein Sicherheitsniveau, das sich kosteng\u00fcnstig und praxisnah realisieren l\u00e4sst. Diese Vorgaben erf\u00fcllen die Richtlinien VdS 3473, an deren Entwicklung neben unseren Zertifizierungsexperten unter anderem Informationssicherheitsexperten mitgewirkt haben\u201c, so [&hellip;]<\/p>\n","protected":false},"author":1,"featured_media":535,"comment_status":"open","ping_status":"open","sticky":false,"template":"","format":"standard","meta":{"_acf_changed":false,"pgc_sgb_lightbox_settings":"","footnotes":""},"categories":[3313],"tags":[96,63],"class_list":["post-534","post","type-post","status-publish","format-standard","has-post-thumbnail","hentry","category-digitalisierung","tag-cyber-crime","tag-it-security"],"acf":[],"hkrextid":null,"publication":null,"issue":null,"workflow":null,"startPage":null,"spitzmarke":null,"_posts_by_tag_page_fields":{"widget_title":"","widget_tags":""},"_at_widget":"1","_yoast_wpseo_primary_category":"2","_yoast_wpseo_focuskw_text_input":"KMU-Schutz","_yoast_wpseo_opengraph-image":"https:\/\/sicherheitsforum.ch\/wp-content\/uploads\/2016\/12\/KMU-Schutz-gegen-Cyber-Kriminalit\u00e4t-it-security.jpg","_yoast_wpseo_opengraph-description":"Laut Studie verf\u00fcgt nur ein Drittel der mittelst\u00e4ndischen Unternehmen in Deutschland \u00fcber ein ganzheitliches IT-Sicherheitskonzept. Gleichzeitig sind die KMU vielfach Marktf\u00fchrer in ihren Segmenten, gelten als technologisch innovativ und bietet daher ein lohnendes Ziel f\u00fcr Cyber-Angriffe. Um einen Standard zu schaffen, der speziell die IT-Sicherheitsanforderungen von KMU ber\u00fccksichtigt, hat der Zertifizierungsspezialist VdS Richtlinien f\u00fcr Cyber-Security entwickelt.","_yoast_wpseo_opengraph-title":"KMU-Schutz gegen Cyber-Kriminalit\u00e4t","enclosure":null,"_yoast_wpseo_twitter-title":null,"_yoast_wpseo_twitter-description":null,"_yoast_wpseo_twitter-image":null,"_wp_old_slug":null,"_yoast_wpseo_title":null,"_yoast_wpseo_canonical":null,"yoast_head":"<!-- This site is optimized with the Yoast SEO plugin v27.5 - https:\/\/yoast.com\/product\/yoast-seo-wordpress\/ -->\n<title>KMU-Schutz gegen Cyber-Kriminalit\u00e4t - Save<\/title>\n<meta name=\"description\" content=\"KMU sind vielfach Marktf\u00fchrer in ihren Segmenten und bieten ein lohnendes Ziel f\u00fcr Cyber-Angriffe. VdS hat Richtlinien f\u00fcr Cyber-Security entwickelt.\" \/>\n<meta name=\"robots\" content=\"index, follow, max-snippet:-1, max-image-preview:large, max-video-preview:-1\" \/>\n<link rel=\"canonical\" href=\"https:\/\/news.save.ch\/fr\/kmu-schutz-gegen-cyber-kriminalitaet\/\" \/>\n<meta property=\"og:locale\" content=\"fr_FR\" \/>\n<meta property=\"og:type\" content=\"article\" \/>\n<meta property=\"og:title\" content=\"KMU-Schutz gegen Cyber-Kriminalit\u00e4t\" \/>\n<meta property=\"og:description\" content=\"Laut Studie verf\u00fcgt nur ein Drittel der mittelst\u00e4ndischen Unternehmen in Deutschland \u00fcber ein ganzheitliches IT-Sicherheitskonzept. Gleichzeitig sind die KMU vielfach Marktf\u00fchrer in ihren Segmenten, gelten als technologisch innovativ und bietet daher ein lohnendes Ziel f\u00fcr Cyber-Angriffe. Um einen Standard zu schaffen, der speziell die IT-Sicherheitsanforderungen von KMU ber\u00fccksichtigt, hat der Zertifizierungsspezialist VdS Richtlinien f\u00fcr Cyber-Security entwickelt.\" \/>\n<meta property=\"og:url\" content=\"https:\/\/news.save.ch\/fr\/kmu-schutz-gegen-cyber-kriminalitaet\/\" \/>\n<meta property=\"og:site_name\" content=\"Save\" \/>\n<meta property=\"article:published_time\" content=\"2015-07-27T15:26:45+00:00\" \/>\n<meta property=\"article:modified_time\" content=\"2023-03-14T07:57:36+00:00\" \/>\n<meta property=\"og:image\" content=\"https:\/\/sicherheitsforum.ch\/wp-content\/uploads\/2016\/12\/KMU-Schutz-gegen-Cyber-Kriminalit\u00e4t-it-security.jpg\" \/>\n<meta name=\"author\" content=\"admin\" \/>\n<meta name=\"twitter:card\" content=\"summary_large_image\" \/>\n<meta name=\"twitter:label1\" content=\"\u00c9crit par\" \/>\n\t<meta name=\"twitter:data1\" content=\"admin\" \/>\n\t<meta name=\"twitter:label2\" content=\"Dur\u00e9e de lecture estim\u00e9e\" \/>\n\t<meta name=\"twitter:data2\" content=\"1 minute\" \/>\n<script type=\"application\/ld+json\" class=\"yoast-schema-graph\">{\"@context\":\"https:\\\/\\\/schema.org\",\"@graph\":[{\"@type\":\"Article\",\"@id\":\"https:\\\/\\\/news.save.ch\\\/kmu-schutz-gegen-cyber-kriminalitaet\\\/#article\",\"isPartOf\":{\"@id\":\"https:\\\/\\\/news.save.ch\\\/kmu-schutz-gegen-cyber-kriminalitaet\\\/\"},\"author\":{\"name\":\"admin\",\"@id\":\"https:\\\/\\\/news.save.ch\\\/de\\\/#\\\/schema\\\/person\\\/d49e199490bad7c70d64b9ab51142f2b\"},\"headline\":\"KMU-Schutz gegen Cyber-Kriminalit\u00e4t\",\"datePublished\":\"2015-07-27T15:26:45+00:00\",\"dateModified\":\"2023-03-14T07:57:36+00:00\",\"mainEntityOfPage\":{\"@id\":\"https:\\\/\\\/news.save.ch\\\/kmu-schutz-gegen-cyber-kriminalitaet\\\/\"},\"wordCount\":233,\"commentCount\":0,\"publisher\":{\"@id\":\"https:\\\/\\\/news.save.ch\\\/de\\\/#organization\"},\"image\":{\"@id\":\"https:\\\/\\\/news.save.ch\\\/kmu-schutz-gegen-cyber-kriminalitaet\\\/#primaryimage\"},\"thumbnailUrl\":\"https:\\\/\\\/news.save.ch\\\/wp-content\\\/uploads\\\/2016\\\/12\\\/KMU-Schutz-gegen-Cyber-Kriminalitaet-it-security-scaled-1-scaled.jpg\",\"keywords\":[\"Cyber-Crime\",\"IT-SECURITY\"],\"articleSection\":[\"DIGITALISIERUNG\"],\"inLanguage\":\"fr-FR\"},{\"@type\":\"WebPage\",\"@id\":\"https:\\\/\\\/news.save.ch\\\/kmu-schutz-gegen-cyber-kriminalitaet\\\/\",\"url\":\"https:\\\/\\\/news.save.ch\\\/kmu-schutz-gegen-cyber-kriminalitaet\\\/\",\"name\":\"KMU-Schutz gegen Cyber-Kriminalit\u00e4t - Save\",\"isPartOf\":{\"@id\":\"https:\\\/\\\/news.save.ch\\\/de\\\/#website\"},\"primaryImageOfPage\":{\"@id\":\"https:\\\/\\\/news.save.ch\\\/kmu-schutz-gegen-cyber-kriminalitaet\\\/#primaryimage\"},\"image\":{\"@id\":\"https:\\\/\\\/news.save.ch\\\/kmu-schutz-gegen-cyber-kriminalitaet\\\/#primaryimage\"},\"thumbnailUrl\":\"https:\\\/\\\/news.save.ch\\\/wp-content\\\/uploads\\\/2016\\\/12\\\/KMU-Schutz-gegen-Cyber-Kriminalitaet-it-security-scaled-1-scaled.jpg\",\"datePublished\":\"2015-07-27T15:26:45+00:00\",\"dateModified\":\"2023-03-14T07:57:36+00:00\",\"description\":\"KMU sind vielfach Marktf\u00fchrer in ihren Segmenten und bieten ein lohnendes Ziel f\u00fcr Cyber-Angriffe. VdS hat Richtlinien f\u00fcr Cyber-Security entwickelt.\",\"breadcrumb\":{\"@id\":\"https:\\\/\\\/news.save.ch\\\/kmu-schutz-gegen-cyber-kriminalitaet\\\/#breadcrumb\"},\"inLanguage\":\"fr-FR\",\"potentialAction\":[{\"@type\":\"ReadAction\",\"target\":[\"https:\\\/\\\/news.save.ch\\\/kmu-schutz-gegen-cyber-kriminalitaet\\\/\"]}]},{\"@type\":\"ImageObject\",\"inLanguage\":\"fr-FR\",\"@id\":\"https:\\\/\\\/news.save.ch\\\/kmu-schutz-gegen-cyber-kriminalitaet\\\/#primaryimage\",\"url\":\"https:\\\/\\\/news.save.ch\\\/wp-content\\\/uploads\\\/2016\\\/12\\\/KMU-Schutz-gegen-Cyber-Kriminalitaet-it-security-scaled-1-scaled.jpg\",\"contentUrl\":\"https:\\\/\\\/news.save.ch\\\/wp-content\\\/uploads\\\/2016\\\/12\\\/KMU-Schutz-gegen-Cyber-Kriminalitaet-it-security-scaled-1-scaled.jpg\",\"width\":1400,\"height\":633,\"caption\":\"Die Module des VdS-Konzepts f\u00fcr Cyber-Security.\"},{\"@type\":\"BreadcrumbList\",\"@id\":\"https:\\\/\\\/news.save.ch\\\/kmu-schutz-gegen-cyber-kriminalitaet\\\/#breadcrumb\",\"itemListElement\":[{\"@type\":\"ListItem\",\"position\":1,\"name\":\"Home\",\"item\":\"https:\\\/\\\/news.save.ch\\\/de\\\/\"},{\"@type\":\"ListItem\",\"position\":2,\"name\":\"KMU-Schutz gegen Cyber-Kriminalit\u00e4t\"}]},{\"@type\":\"WebSite\",\"@id\":\"https:\\\/\\\/news.save.ch\\\/de\\\/#website\",\"url\":\"https:\\\/\\\/news.save.ch\\\/de\\\/\",\"name\":\"Save\",\"description\":\"Schweizer Fachzeitschrift f\u00fcr Sicherheit\",\"publisher\":{\"@id\":\"https:\\\/\\\/news.save.ch\\\/de\\\/#organization\"},\"potentialAction\":[{\"@type\":\"SearchAction\",\"target\":{\"@type\":\"EntryPoint\",\"urlTemplate\":\"https:\\\/\\\/news.save.ch\\\/de\\\/?s={search_term_string}\"},\"query-input\":{\"@type\":\"PropertyValueSpecification\",\"valueRequired\":true,\"valueName\":\"search_term_string\"}}],\"inLanguage\":\"fr-FR\"},{\"@type\":\"Organization\",\"@id\":\"https:\\\/\\\/news.save.ch\\\/de\\\/#organization\",\"name\":\"Sicherheitsforum\",\"url\":\"https:\\\/\\\/news.save.ch\\\/de\\\/\",\"logo\":{\"@type\":\"ImageObject\",\"inLanguage\":\"fr-FR\",\"@id\":\"https:\\\/\\\/news.save.ch\\\/de\\\/#\\\/schema\\\/logo\\\/image\\\/\",\"url\":\"https:\\\/\\\/news.save.ch\\\/wp-content\\\/uploads\\\/2022\\\/06\\\/Logo_SF_2012.png\",\"contentUrl\":\"https:\\\/\\\/news.save.ch\\\/wp-content\\\/uploads\\\/2022\\\/06\\\/Logo_SF_2012.png\",\"width\":1100,\"height\":91,\"caption\":\"Sicherheitsforum\"},\"image\":{\"@id\":\"https:\\\/\\\/news.save.ch\\\/de\\\/#\\\/schema\\\/logo\\\/image\\\/\"}},{\"@type\":\"Person\",\"@id\":\"https:\\\/\\\/news.save.ch\\\/de\\\/#\\\/schema\\\/person\\\/d49e199490bad7c70d64b9ab51142f2b\",\"name\":\"admin\",\"image\":{\"@type\":\"ImageObject\",\"inLanguage\":\"fr-FR\",\"@id\":\"https:\\\/\\\/secure.gravatar.com\\\/avatar\\\/ae2f4d718e6c49043e314ce431e7e645d646302a24a5ef5a8bc8e3f5a032e319?s=96&d=mm&r=g\",\"url\":\"https:\\\/\\\/secure.gravatar.com\\\/avatar\\\/ae2f4d718e6c49043e314ce431e7e645d646302a24a5ef5a8bc8e3f5a032e319?s=96&d=mm&r=g\",\"contentUrl\":\"https:\\\/\\\/secure.gravatar.com\\\/avatar\\\/ae2f4d718e6c49043e314ce431e7e645d646302a24a5ef5a8bc8e3f5a032e319?s=96&d=mm&r=g\",\"caption\":\"admin\"},\"sameAs\":[\"https:\\\/\\\/develop.organisator.galledia.ch\"],\"url\":\"https:\\\/\\\/news.save.ch\\\/fr\\\/author\\\/admin\\\/\"}]}<\/script>\n<!-- \/ Yoast SEO plugin. -->","yoast_head_json":{"title":"Protection des PME contre la cybercriminalit\u00e9 - Save","description":"Les PME sont souvent leaders dans leur segment de march\u00e9 et constituent une cible int\u00e9ressante pour les cyber-attaques. VdS a d\u00e9velopp\u00e9 des directives pour la cybers\u00e9curit\u00e9.","robots":{"index":"index","follow":"follow","max-snippet":"max-snippet:-1","max-image-preview":"max-image-preview:large","max-video-preview":"max-video-preview:-1"},"canonical":"https:\/\/news.save.ch\/fr\/kmu-schutz-gegen-cyber-kriminalitaet\/","og_locale":"fr_FR","og_type":"article","og_title":"KMU-Schutz gegen Cyber-Kriminalit\u00e4t","og_description":"Laut Studie verf\u00fcgt nur ein Drittel der mittelst\u00e4ndischen Unternehmen in Deutschland \u00fcber ein ganzheitliches IT-Sicherheitskonzept. Gleichzeitig sind die KMU vielfach Marktf\u00fchrer in ihren Segmenten, gelten als technologisch innovativ und bietet daher ein lohnendes Ziel f\u00fcr Cyber-Angriffe. Um einen Standard zu schaffen, der speziell die IT-Sicherheitsanforderungen von KMU ber\u00fccksichtigt, hat der Zertifizierungsspezialist VdS Richtlinien f\u00fcr Cyber-Security entwickelt.","og_url":"https:\/\/news.save.ch\/fr\/kmu-schutz-gegen-cyber-kriminalitaet\/","og_site_name":"Save","article_published_time":"2015-07-27T15:26:45+00:00","article_modified_time":"2023-03-14T07:57:36+00:00","og_image":[{"url":"https:\/\/sicherheitsforum.ch\/wp-content\/uploads\/2016\/12\/KMU-Schutz-gegen-Cyber-Kriminalit\u00e4t-it-security.jpg","type":"","width":"","height":""}],"author":"admin","twitter_card":"summary_large_image","twitter_misc":{"\u00c9crit par":"admin","Dur\u00e9e de lecture estim\u00e9e":"1 minute"},"schema":{"@context":"https:\/\/schema.org","@graph":[{"@type":"Article","@id":"https:\/\/news.save.ch\/kmu-schutz-gegen-cyber-kriminalitaet\/#article","isPartOf":{"@id":"https:\/\/news.save.ch\/kmu-schutz-gegen-cyber-kriminalitaet\/"},"author":{"name":"admin","@id":"https:\/\/news.save.ch\/de\/#\/schema\/person\/d49e199490bad7c70d64b9ab51142f2b"},"headline":"KMU-Schutz gegen Cyber-Kriminalit\u00e4t","datePublished":"2015-07-27T15:26:45+00:00","dateModified":"2023-03-14T07:57:36+00:00","mainEntityOfPage":{"@id":"https:\/\/news.save.ch\/kmu-schutz-gegen-cyber-kriminalitaet\/"},"wordCount":233,"commentCount":0,"publisher":{"@id":"https:\/\/news.save.ch\/de\/#organization"},"image":{"@id":"https:\/\/news.save.ch\/kmu-schutz-gegen-cyber-kriminalitaet\/#primaryimage"},"thumbnailUrl":"https:\/\/news.save.ch\/wp-content\/uploads\/2016\/12\/KMU-Schutz-gegen-Cyber-Kriminalitaet-it-security-scaled-1-scaled.jpg","keywords":["Cyber-Crime","IT-SECURITY"],"articleSection":["DIGITALISIERUNG"],"inLanguage":"fr-FR"},{"@type":"WebPage","@id":"https:\/\/news.save.ch\/kmu-schutz-gegen-cyber-kriminalitaet\/","url":"https:\/\/news.save.ch\/kmu-schutz-gegen-cyber-kriminalitaet\/","name":"Protection des PME contre la cybercriminalit\u00e9 - Save","isPartOf":{"@id":"https:\/\/news.save.ch\/de\/#website"},"primaryImageOfPage":{"@id":"https:\/\/news.save.ch\/kmu-schutz-gegen-cyber-kriminalitaet\/#primaryimage"},"image":{"@id":"https:\/\/news.save.ch\/kmu-schutz-gegen-cyber-kriminalitaet\/#primaryimage"},"thumbnailUrl":"https:\/\/news.save.ch\/wp-content\/uploads\/2016\/12\/KMU-Schutz-gegen-Cyber-Kriminalitaet-it-security-scaled-1-scaled.jpg","datePublished":"2015-07-27T15:26:45+00:00","dateModified":"2023-03-14T07:57:36+00:00","description":"Les PME sont souvent leaders dans leur segment de march\u00e9 et constituent une cible int\u00e9ressante pour les cyber-attaques. VdS a d\u00e9velopp\u00e9 des directives pour la cybers\u00e9curit\u00e9.","breadcrumb":{"@id":"https:\/\/news.save.ch\/kmu-schutz-gegen-cyber-kriminalitaet\/#breadcrumb"},"inLanguage":"fr-FR","potentialAction":[{"@type":"ReadAction","target":["https:\/\/news.save.ch\/kmu-schutz-gegen-cyber-kriminalitaet\/"]}]},{"@type":"ImageObject","inLanguage":"fr-FR","@id":"https:\/\/news.save.ch\/kmu-schutz-gegen-cyber-kriminalitaet\/#primaryimage","url":"https:\/\/news.save.ch\/wp-content\/uploads\/2016\/12\/KMU-Schutz-gegen-Cyber-Kriminalitaet-it-security-scaled-1-scaled.jpg","contentUrl":"https:\/\/news.save.ch\/wp-content\/uploads\/2016\/12\/KMU-Schutz-gegen-Cyber-Kriminalitaet-it-security-scaled-1-scaled.jpg","width":1400,"height":633,"caption":"Die Module des VdS-Konzepts f\u00fcr Cyber-Security."},{"@type":"BreadcrumbList","@id":"https:\/\/news.save.ch\/kmu-schutz-gegen-cyber-kriminalitaet\/#breadcrumb","itemListElement":[{"@type":"ListItem","position":1,"name":"Home","item":"https:\/\/news.save.ch\/de\/"},{"@type":"ListItem","position":2,"name":"KMU-Schutz gegen Cyber-Kriminalit\u00e4t"}]},{"@type":"WebSite","@id":"https:\/\/news.save.ch\/de\/#website","url":"https:\/\/news.save.ch\/de\/","name":"Save","description":"Revue suisse sp\u00e9cialis\u00e9e dans la s\u00e9curit\u00e9","publisher":{"@id":"https:\/\/news.save.ch\/de\/#organization"},"potentialAction":[{"@type":"SearchAction","target":{"@type":"EntryPoint","urlTemplate":"https:\/\/news.save.ch\/de\/?s={search_term_string}"},"query-input":{"@type":"PropertyValueSpecification","valueRequired":true,"valueName":"search_term_string"}}],"inLanguage":"fr-FR"},{"@type":"Organization","@id":"https:\/\/news.save.ch\/de\/#organization","name":"Forum sur la s\u00e9curit\u00e9","url":"https:\/\/news.save.ch\/de\/","logo":{"@type":"ImageObject","inLanguage":"fr-FR","@id":"https:\/\/news.save.ch\/de\/#\/schema\/logo\/image\/","url":"https:\/\/news.save.ch\/wp-content\/uploads\/2022\/06\/Logo_SF_2012.png","contentUrl":"https:\/\/news.save.ch\/wp-content\/uploads\/2022\/06\/Logo_SF_2012.png","width":1100,"height":91,"caption":"Sicherheitsforum"},"image":{"@id":"https:\/\/news.save.ch\/de\/#\/schema\/logo\/image\/"}},{"@type":"Person","@id":"https:\/\/news.save.ch\/de\/#\/schema\/person\/d49e199490bad7c70d64b9ab51142f2b","name":"admin","image":{"@type":"ImageObject","inLanguage":"fr-FR","@id":"https:\/\/secure.gravatar.com\/avatar\/ae2f4d718e6c49043e314ce431e7e645d646302a24a5ef5a8bc8e3f5a032e319?s=96&d=mm&r=g","url":"https:\/\/secure.gravatar.com\/avatar\/ae2f4d718e6c49043e314ce431e7e645d646302a24a5ef5a8bc8e3f5a032e319?s=96&d=mm&r=g","contentUrl":"https:\/\/secure.gravatar.com\/avatar\/ae2f4d718e6c49043e314ce431e7e645d646302a24a5ef5a8bc8e3f5a032e319?s=96&d=mm&r=g","caption":"admin"},"sameAs":["https:\/\/develop.organisator.galledia.ch"],"url":"https:\/\/news.save.ch\/fr\/author\/admin\/"}]}},"_links":{"self":[{"href":"https:\/\/news.save.ch\/fr\/wp-json\/wp\/v2\/posts\/534","targetHints":{"allow":["GET"]}}],"collection":[{"href":"https:\/\/news.save.ch\/fr\/wp-json\/wp\/v2\/posts"}],"about":[{"href":"https:\/\/news.save.ch\/fr\/wp-json\/wp\/v2\/types\/post"}],"author":[{"embeddable":true,"href":"https:\/\/news.save.ch\/fr\/wp-json\/wp\/v2\/users\/1"}],"replies":[{"embeddable":true,"href":"https:\/\/news.save.ch\/fr\/wp-json\/wp\/v2\/comments?post=534"}],"version-history":[{"count":1,"href":"https:\/\/news.save.ch\/fr\/wp-json\/wp\/v2\/posts\/534\/revisions"}],"predecessor-version":[{"id":17754,"href":"https:\/\/news.save.ch\/fr\/wp-json\/wp\/v2\/posts\/534\/revisions\/17754"}],"wp:featuredmedia":[{"embeddable":true,"href":"https:\/\/news.save.ch\/fr\/wp-json\/wp\/v2\/media\/535"}],"wp:attachment":[{"href":"https:\/\/news.save.ch\/fr\/wp-json\/wp\/v2\/media?parent=534"}],"wp:term":[{"taxonomy":"category","embeddable":true,"href":"https:\/\/news.save.ch\/fr\/wp-json\/wp\/v2\/categories?post=534"},{"taxonomy":"post_tag","embeddable":true,"href":"https:\/\/news.save.ch\/fr\/wp-json\/wp\/v2\/tags?post=534"}],"curies":[{"name":"wp","href":"https:\/\/api.w.org\/{rel}","templated":true}]}}