{"id":5347,"date":"2017-09-08T17:25:08","date_gmt":"2017-09-08T15:25:08","guid":{"rendered":"https:\/\/news.save.ch\/?p=5347"},"modified":"2017-09-08T17:25:08","modified_gmt":"2017-09-08T15:25:08","slug":"flugsicherheit-skyguide-und-wind-branche-kooperieren","status":null,"type":"post","link":"https:\/\/news.save.ch\/fr\/flugsicherheit-skyguide-und-wind-branche-kooperieren\/","title":{"rendered":"Les services de la navigation a\u00e9rienne et le secteur \u00e9olien coop\u00e8rent"},"content":{"rendered":"<p><img loading=\"lazy\" decoding=\"async\" class=\"aligncenter size-medium wp-image-5348\" src=\"https:\/\/news.save.ch\/wp-content\/uploads\/2017\/09\/Depositphotos_8610489_m-2015.jpg\" alt=\"\" width=\"680\" height=\"454\" srcset=\"https:\/\/news.save.ch\/wp-content\/uploads\/2017\/09\/Depositphotos_8610489_m-2015.jpg 1000w, https:\/\/news.save.ch\/wp-content\/uploads\/2017\/09\/Depositphotos_8610489_m-2015-375x250.jpg 375w\" sizes=\"auto, (max-width: 680px) 100vw, 680px\" \/><\/p>\n<p>\u00a9 depositphotos<\/p>\n<p>&nbsp;<\/p>\n<p>\"La coop\u00e9ration entre les d\u00e9veloppeurs de projets \u00e9oliens et les <a href=\"https:\/\/www.skyguide.ch\/de\/\">Skyguide<\/a> se d\u00e9veloppe de mani\u00e8re tr\u00e8s positive\", explique Catherine Huguenin, responsable du th\u00e8me de l'\u00e9nergie \u00e9olienne chez Skyguide. Matthias Fries, expert technique chez Skyguide, explique : \"En raison de leur taille consid\u00e9rable, les \u00e9oliennes sont un sujet tr\u00e8s important pour nous. En tant qu'obstacles physiques, elles peuvent perturber nos proc\u00e9dures de vol. Comme elles r\u00e9fl\u00e9chissent \u00e9galement les ondes radio des syst\u00e8mes de contr\u00f4le a\u00e9rien, elles peuvent perturber sensiblement des syst\u00e8mes importants comme les radars ou les syst\u00e8mes de guidage de vol. De nombreux probl\u00e8mes peuvent toutefois \u00eatre r\u00e9solus\". Selon lui, il est important que les d\u00e9veloppeurs de projets et les autorit\u00e9s informent Skyguide le plus t\u00f4t possible. L'entreprise responsable de la s\u00e9curit\u00e9 a\u00e9rienne investit 15 millions de francs dans de nouveaux radars qui peuvent \u00eatre mieux coordonn\u00e9s avec les \u00e9oliennes. En outre, des \u00e9changes intensifs sur le th\u00e8me de l'\u00e9nergie \u00e9olienne ont lieu avec des experts europ\u00e9ens et am\u00e9ricains afin de garantir l'application des normes industrielles les plus r\u00e9centes en Suisse.<\/p>\n<p><strong>100 nouvelles installations d'ici 2025<br \/>\n<\/strong>\"Nous sommes heureux d'organiser d\u00e9j\u00e0 le deuxi\u00e8me s\u00e9minaire de la branche le 8 septembre avec Skyguide\", a d\u00e9clar\u00e9 Reto Rigassi, directeur de <a href=\"https:\/\/www.suisse-eole.ch\">Suisse Eole<\/a>l'association pour la promotion de l'\u00e9nergie \u00e9olienne en Suisse. L'\u00e9nergie \u00e9olienne apporte une contribution importante \u00e0 l'approvisionnement \u00e9nerg\u00e9tique, surtout pendant les mois d'hiver. Suisse Eole s'est fix\u00e9 pour objectif que 100 \u00e9oliennes produisent de l'\u00e9lectricit\u00e9 en Suisse d'ici 2025.<\/p>\n<p><strong>Le point de vue de la Conf\u00e9d\u00e9ration<br \/>\n<\/strong>Des repr\u00e9sentants de l'Office f\u00e9d\u00e9ral de l'aviation civile, l'autorit\u00e9 de surveillance de Skyguide, ont \u00e9galement particip\u00e9 au s\u00e9minaire. Ils ont montr\u00e9 comment les int\u00e9r\u00eats de l'\u00e9nergie \u00e9olienne sont pris en compte dans le processus d'autorisation pour l'installation d'obstacles \u00e0 la navigation a\u00e9rienne, dont font partie les \u00e9oliennes. Un expert fran\u00e7ais a pr\u00e9sent\u00e9 des solutions qui pourraient permettre la coexistence d'installations d'\u00e9nergie \u00e9olienne et d'installations techniques de contr\u00f4le a\u00e9rien. Un expert de l'arm\u00e9e de l'air a \u00e9galement donn\u00e9 un aper\u00e7u des syst\u00e8mes de surveillance militaires et des questions qui en d\u00e9coulent pour le d\u00e9veloppement de projets d'\u00e9nergie \u00e9olienne.<\/p>\n<p><em>Source : Suisse Eole<\/em><\/p>","protected":false},"excerpt":{"rendered":"<p>\u00a9 depositphotos &nbsp; \u201eDie Zusammenarbeit zwischen Projektentwicklern von Windenergieanlagen und Skyguide entwickelt sich sehr positiv\u201c, erkl\u00e4rte Catherine Huguenin, zust\u00e4ndig f\u00fcr das Thema Windenergie bei Skyguide. Matthias Fries, technischer Experte bei Skyguide, erkl\u00e4rt:&#8220; Wegen ihrer beachtlichen Gr\u00f6sse sind Windenergieanlagen bei uns ein sehr wichtiges Thema. Als physische Hindernisse k\u00f6nnen sie unsere Flugverfahren beeintr\u00e4chtigen. Da sie auch [&hellip;]<\/p>\n","protected":false},"author":8,"featured_media":5348,"comment_status":"open","ping_status":"open","sticky":false,"template":"","format":"standard","meta":{"_acf_changed":false,"pgc_sgb_lightbox_settings":"","footnotes":""},"categories":[1],"tags":[262,56,70],"class_list":["post-5347","post","type-post","status-publish","format-standard","has-post-thumbnail","hentry","category-allgemein","tag-energie","tag-flughafen","tag-sicherheit-diverses"],"acf":[],"hkrextid":null,"publication":null,"issue":null,"workflow":null,"startPage":null,"spitzmarke":null,"_posts_by_tag_page_fields":{"widget_title":"","widget_tags":""},"_at_widget":"1","_yoast_wpseo_primary_category":"1","_yoast_wpseo_focuskw_text_input":"Flugsicherheit","_yoast_wpseo_opengraph-image":null,"_yoast_wpseo_opengraph-description":null,"_yoast_wpseo_opengraph-title":null,"enclosure":null,"_yoast_wpseo_twitter-title":null,"_yoast_wpseo_twitter-description":null,"_yoast_wpseo_twitter-image":null,"_wp_old_slug":null,"_yoast_wpseo_title":null,"_yoast_wpseo_canonical":null,"yoast_head":"<!-- This site is optimized with the Yoast SEO plugin v27.4 - https:\/\/yoast.com\/product\/yoast-seo-wordpress\/ -->\n<title>Flugsicherung und Wind-Branche kooperieren - Save<\/title>\n<meta name=\"description\" content=\"Die Schweizer Flugsicherung Skyguide und Suisse Eole spannen zusammen: Sie wollen die Flugsicherheit und neue Windparks aufeinander abstimmen.\" \/>\n<meta name=\"robots\" content=\"index, follow, max-snippet:-1, max-image-preview:large, max-video-preview:-1\" \/>\n<link rel=\"canonical\" href=\"https:\/\/news.save.ch\/fr\/flugsicherheit-skyguide-und-wind-branche-kooperieren\/\" \/>\n<meta property=\"og:locale\" content=\"fr_FR\" \/>\n<meta property=\"og:type\" content=\"article\" \/>\n<meta property=\"og:title\" content=\"Flugsicherung und Wind-Branche kooperieren - Save\" \/>\n<meta property=\"og:description\" content=\"Die Schweizer Flugsicherung Skyguide und Suisse Eole spannen zusammen: Sie wollen die Flugsicherheit und neue Windparks aufeinander abstimmen.\" \/>\n<meta property=\"og:url\" content=\"https:\/\/news.save.ch\/fr\/flugsicherheit-skyguide-und-wind-branche-kooperieren\/\" \/>\n<meta property=\"og:site_name\" content=\"Save\" \/>\n<meta property=\"article:published_time\" content=\"2017-09-08T15:25:08+00:00\" \/>\n<meta property=\"og:image\" content=\"https:\/\/news.save.ch\/wp-content\/uploads\/2017\/09\/Depositphotos_8610489_m-2015.jpg\" \/>\n\t<meta property=\"og:image:width\" content=\"1000\" \/>\n\t<meta property=\"og:image:height\" content=\"667\" \/>\n\t<meta property=\"og:image:type\" content=\"image\/jpeg\" \/>\n<meta name=\"author\" content=\"Roger Str\u00e4ssle\" \/>\n<meta name=\"twitter:card\" content=\"summary_large_image\" \/>\n<meta name=\"twitter:label1\" content=\"\u00c9crit par\" \/>\n\t<meta name=\"twitter:data1\" content=\"Roger Str\u00e4ssle\" \/>\n\t<meta name=\"twitter:label2\" content=\"Dur\u00e9e de lecture estim\u00e9e\" \/>\n\t<meta name=\"twitter:data2\" content=\"2 minutes\" \/>\n<script type=\"application\/ld+json\" class=\"yoast-schema-graph\">{\"@context\":\"https:\\\/\\\/schema.org\",\"@graph\":[{\"@type\":\"Article\",\"@id\":\"https:\\\/\\\/news.save.ch\\\/flugsicherheit-skyguide-und-wind-branche-kooperieren\\\/#article\",\"isPartOf\":{\"@id\":\"https:\\\/\\\/news.save.ch\\\/flugsicherheit-skyguide-und-wind-branche-kooperieren\\\/\"},\"author\":{\"name\":\"Roger Str\u00e4ssle\",\"@id\":\"https:\\\/\\\/news.save.ch\\\/de\\\/#\\\/schema\\\/person\\\/d5022db048e0e2b9785c50e5b24da5aa\"},\"headline\":\"Flugsicherung und Wind-Branche kooperieren\",\"datePublished\":\"2017-09-08T15:25:08+00:00\",\"mainEntityOfPage\":{\"@id\":\"https:\\\/\\\/news.save.ch\\\/flugsicherheit-skyguide-und-wind-branche-kooperieren\\\/\"},\"wordCount\":314,\"commentCount\":0,\"publisher\":{\"@id\":\"https:\\\/\\\/news.save.ch\\\/de\\\/#organization\"},\"image\":{\"@id\":\"https:\\\/\\\/news.save.ch\\\/flugsicherheit-skyguide-und-wind-branche-kooperieren\\\/#primaryimage\"},\"thumbnailUrl\":\"https:\\\/\\\/news.save.ch\\\/wp-content\\\/uploads\\\/2017\\\/09\\\/Depositphotos_8610489_m-2015.jpg\",\"keywords\":[\"Energie\",\"Flughafen\",\"Sicherheit diverses\"],\"articleSection\":[\"ALLGEMEIN\"],\"inLanguage\":\"fr-FR\"},{\"@type\":\"WebPage\",\"@id\":\"https:\\\/\\\/news.save.ch\\\/flugsicherheit-skyguide-und-wind-branche-kooperieren\\\/\",\"url\":\"https:\\\/\\\/news.save.ch\\\/flugsicherheit-skyguide-und-wind-branche-kooperieren\\\/\",\"name\":\"Flugsicherung und Wind-Branche kooperieren - Save\",\"isPartOf\":{\"@id\":\"https:\\\/\\\/news.save.ch\\\/de\\\/#website\"},\"primaryImageOfPage\":{\"@id\":\"https:\\\/\\\/news.save.ch\\\/flugsicherheit-skyguide-und-wind-branche-kooperieren\\\/#primaryimage\"},\"image\":{\"@id\":\"https:\\\/\\\/news.save.ch\\\/flugsicherheit-skyguide-und-wind-branche-kooperieren\\\/#primaryimage\"},\"thumbnailUrl\":\"https:\\\/\\\/news.save.ch\\\/wp-content\\\/uploads\\\/2017\\\/09\\\/Depositphotos_8610489_m-2015.jpg\",\"datePublished\":\"2017-09-08T15:25:08+00:00\",\"description\":\"Die Schweizer Flugsicherung Skyguide und Suisse Eole spannen zusammen: Sie wollen die Flugsicherheit und neue Windparks aufeinander abstimmen.\",\"breadcrumb\":{\"@id\":\"https:\\\/\\\/news.save.ch\\\/flugsicherheit-skyguide-und-wind-branche-kooperieren\\\/#breadcrumb\"},\"inLanguage\":\"fr-FR\",\"potentialAction\":[{\"@type\":\"ReadAction\",\"target\":[\"https:\\\/\\\/news.save.ch\\\/flugsicherheit-skyguide-und-wind-branche-kooperieren\\\/\"]}]},{\"@type\":\"ImageObject\",\"inLanguage\":\"fr-FR\",\"@id\":\"https:\\\/\\\/news.save.ch\\\/flugsicherheit-skyguide-und-wind-branche-kooperieren\\\/#primaryimage\",\"url\":\"https:\\\/\\\/news.save.ch\\\/wp-content\\\/uploads\\\/2017\\\/09\\\/Depositphotos_8610489_m-2015.jpg\",\"contentUrl\":\"https:\\\/\\\/news.save.ch\\\/wp-content\\\/uploads\\\/2017\\\/09\\\/Depositphotos_8610489_m-2015.jpg\",\"width\":1000,\"height\":667,\"caption\":\"\u00a9 depositphotos\"},{\"@type\":\"BreadcrumbList\",\"@id\":\"https:\\\/\\\/news.save.ch\\\/flugsicherheit-skyguide-und-wind-branche-kooperieren\\\/#breadcrumb\",\"itemListElement\":[{\"@type\":\"ListItem\",\"position\":1,\"name\":\"Home\",\"item\":\"https:\\\/\\\/news.save.ch\\\/de\\\/\"},{\"@type\":\"ListItem\",\"position\":2,\"name\":\"Flugsicherung und Wind-Branche kooperieren\"}]},{\"@type\":\"WebSite\",\"@id\":\"https:\\\/\\\/news.save.ch\\\/de\\\/#website\",\"url\":\"https:\\\/\\\/news.save.ch\\\/de\\\/\",\"name\":\"Save\",\"description\":\"Schweizer Fachzeitschrift f\u00fcr Sicherheit\",\"publisher\":{\"@id\":\"https:\\\/\\\/news.save.ch\\\/de\\\/#organization\"},\"potentialAction\":[{\"@type\":\"SearchAction\",\"target\":{\"@type\":\"EntryPoint\",\"urlTemplate\":\"https:\\\/\\\/news.save.ch\\\/de\\\/?s={search_term_string}\"},\"query-input\":{\"@type\":\"PropertyValueSpecification\",\"valueRequired\":true,\"valueName\":\"search_term_string\"}}],\"inLanguage\":\"fr-FR\"},{\"@type\":\"Organization\",\"@id\":\"https:\\\/\\\/news.save.ch\\\/de\\\/#organization\",\"name\":\"Sicherheitsforum\",\"url\":\"https:\\\/\\\/news.save.ch\\\/de\\\/\",\"logo\":{\"@type\":\"ImageObject\",\"inLanguage\":\"fr-FR\",\"@id\":\"https:\\\/\\\/news.save.ch\\\/de\\\/#\\\/schema\\\/logo\\\/image\\\/\",\"url\":\"https:\\\/\\\/news.save.ch\\\/wp-content\\\/uploads\\\/2022\\\/06\\\/Logo_SF_2012.png\",\"contentUrl\":\"https:\\\/\\\/news.save.ch\\\/wp-content\\\/uploads\\\/2022\\\/06\\\/Logo_SF_2012.png\",\"width\":1100,\"height\":91,\"caption\":\"Sicherheitsforum\"},\"image\":{\"@id\":\"https:\\\/\\\/news.save.ch\\\/de\\\/#\\\/schema\\\/logo\\\/image\\\/\"}},{\"@type\":\"Person\",\"@id\":\"https:\\\/\\\/news.save.ch\\\/de\\\/#\\\/schema\\\/person\\\/d5022db048e0e2b9785c50e5b24da5aa\",\"name\":\"Roger Str\u00e4ssle\",\"image\":{\"@type\":\"ImageObject\",\"inLanguage\":\"fr-FR\",\"@id\":\"https:\\\/\\\/secure.gravatar.com\\\/avatar\\\/862a5569d087de48e5856e32f45d719a03804c891d6deb8d4f71a660e79e4a47?s=96&d=mm&r=g\",\"url\":\"https:\\\/\\\/secure.gravatar.com\\\/avatar\\\/862a5569d087de48e5856e32f45d719a03804c891d6deb8d4f71a660e79e4a47?s=96&d=mm&r=g\",\"contentUrl\":\"https:\\\/\\\/secure.gravatar.com\\\/avatar\\\/862a5569d087de48e5856e32f45d719a03804c891d6deb8d4f71a660e79e4a47?s=96&d=mm&r=g\",\"caption\":\"Roger Str\u00e4ssle\"},\"url\":\"https:\\\/\\\/news.save.ch\\\/fr\\\/author\\\/roger-straessle\\\/\"}]}<\/script>\n<!-- \/ Yoast SEO plugin. -->","yoast_head_json":{"title":"Les services de la navigation a\u00e9rienne et le secteur \u00e9olien coop\u00e8rent - Save","description":"Les services suisses de la navigation a\u00e9rienne Skyguide et Suisse Eole s'associent : Ils veulent coordonner la s\u00e9curit\u00e9 a\u00e9rienne et les nouveaux parcs \u00e9oliens.","robots":{"index":"index","follow":"follow","max-snippet":"max-snippet:-1","max-image-preview":"max-image-preview:large","max-video-preview":"max-video-preview:-1"},"canonical":"https:\/\/news.save.ch\/fr\/flugsicherheit-skyguide-und-wind-branche-kooperieren\/","og_locale":"fr_FR","og_type":"article","og_title":"Flugsicherung und Wind-Branche kooperieren - Save","og_description":"Die Schweizer Flugsicherung Skyguide und Suisse Eole spannen zusammen: Sie wollen die Flugsicherheit und neue Windparks aufeinander abstimmen.","og_url":"https:\/\/news.save.ch\/fr\/flugsicherheit-skyguide-und-wind-branche-kooperieren\/","og_site_name":"Save","article_published_time":"2017-09-08T15:25:08+00:00","og_image":[{"width":1000,"height":667,"url":"https:\/\/news.save.ch\/wp-content\/uploads\/2017\/09\/Depositphotos_8610489_m-2015.jpg","type":"image\/jpeg"}],"author":"Roger Str\u00e4ssle","twitter_card":"summary_large_image","twitter_misc":{"\u00c9crit par":"Roger Str\u00e4ssle","Dur\u00e9e de lecture estim\u00e9e":"2 minutes"},"schema":{"@context":"https:\/\/schema.org","@graph":[{"@type":"Article","@id":"https:\/\/news.save.ch\/flugsicherheit-skyguide-und-wind-branche-kooperieren\/#article","isPartOf":{"@id":"https:\/\/news.save.ch\/flugsicherheit-skyguide-und-wind-branche-kooperieren\/"},"author":{"name":"Roger Str\u00e4ssle","@id":"https:\/\/news.save.ch\/de\/#\/schema\/person\/d5022db048e0e2b9785c50e5b24da5aa"},"headline":"Flugsicherung und Wind-Branche kooperieren","datePublished":"2017-09-08T15:25:08+00:00","mainEntityOfPage":{"@id":"https:\/\/news.save.ch\/flugsicherheit-skyguide-und-wind-branche-kooperieren\/"},"wordCount":314,"commentCount":0,"publisher":{"@id":"https:\/\/news.save.ch\/de\/#organization"},"image":{"@id":"https:\/\/news.save.ch\/flugsicherheit-skyguide-und-wind-branche-kooperieren\/#primaryimage"},"thumbnailUrl":"https:\/\/news.save.ch\/wp-content\/uploads\/2017\/09\/Depositphotos_8610489_m-2015.jpg","keywords":["Energie","Flughafen","Sicherheit diverses"],"articleSection":["ALLGEMEIN"],"inLanguage":"fr-FR"},{"@type":"WebPage","@id":"https:\/\/news.save.ch\/flugsicherheit-skyguide-und-wind-branche-kooperieren\/","url":"https:\/\/news.save.ch\/flugsicherheit-skyguide-und-wind-branche-kooperieren\/","name":"Les services de la navigation a\u00e9rienne et le secteur \u00e9olien coop\u00e8rent - Save","isPartOf":{"@id":"https:\/\/news.save.ch\/de\/#website"},"primaryImageOfPage":{"@id":"https:\/\/news.save.ch\/flugsicherheit-skyguide-und-wind-branche-kooperieren\/#primaryimage"},"image":{"@id":"https:\/\/news.save.ch\/flugsicherheit-skyguide-und-wind-branche-kooperieren\/#primaryimage"},"thumbnailUrl":"https:\/\/news.save.ch\/wp-content\/uploads\/2017\/09\/Depositphotos_8610489_m-2015.jpg","datePublished":"2017-09-08T15:25:08+00:00","description":"Les services suisses de la navigation a\u00e9rienne Skyguide et Suisse Eole s'associent : Ils veulent coordonner la s\u00e9curit\u00e9 a\u00e9rienne et les nouveaux parcs \u00e9oliens.","breadcrumb":{"@id":"https:\/\/news.save.ch\/flugsicherheit-skyguide-und-wind-branche-kooperieren\/#breadcrumb"},"inLanguage":"fr-FR","potentialAction":[{"@type":"ReadAction","target":["https:\/\/news.save.ch\/flugsicherheit-skyguide-und-wind-branche-kooperieren\/"]}]},{"@type":"ImageObject","inLanguage":"fr-FR","@id":"https:\/\/news.save.ch\/flugsicherheit-skyguide-und-wind-branche-kooperieren\/#primaryimage","url":"https:\/\/news.save.ch\/wp-content\/uploads\/2017\/09\/Depositphotos_8610489_m-2015.jpg","contentUrl":"https:\/\/news.save.ch\/wp-content\/uploads\/2017\/09\/Depositphotos_8610489_m-2015.jpg","width":1000,"height":667,"caption":"\u00a9 depositphotos"},{"@type":"BreadcrumbList","@id":"https:\/\/news.save.ch\/flugsicherheit-skyguide-und-wind-branche-kooperieren\/#breadcrumb","itemListElement":[{"@type":"ListItem","position":1,"name":"Home","item":"https:\/\/news.save.ch\/de\/"},{"@type":"ListItem","position":2,"name":"Flugsicherung und Wind-Branche kooperieren"}]},{"@type":"WebSite","@id":"https:\/\/news.save.ch\/de\/#website","url":"https:\/\/news.save.ch\/de\/","name":"Save","description":"Revue suisse sp\u00e9cialis\u00e9e dans la s\u00e9curit\u00e9","publisher":{"@id":"https:\/\/news.save.ch\/de\/#organization"},"potentialAction":[{"@type":"SearchAction","target":{"@type":"EntryPoint","urlTemplate":"https:\/\/news.save.ch\/de\/?s={search_term_string}"},"query-input":{"@type":"PropertyValueSpecification","valueRequired":true,"valueName":"search_term_string"}}],"inLanguage":"fr-FR"},{"@type":"Organization","@id":"https:\/\/news.save.ch\/de\/#organization","name":"Forum sur la s\u00e9curit\u00e9","url":"https:\/\/news.save.ch\/de\/","logo":{"@type":"ImageObject","inLanguage":"fr-FR","@id":"https:\/\/news.save.ch\/de\/#\/schema\/logo\/image\/","url":"https:\/\/news.save.ch\/wp-content\/uploads\/2022\/06\/Logo_SF_2012.png","contentUrl":"https:\/\/news.save.ch\/wp-content\/uploads\/2022\/06\/Logo_SF_2012.png","width":1100,"height":91,"caption":"Sicherheitsforum"},"image":{"@id":"https:\/\/news.save.ch\/de\/#\/schema\/logo\/image\/"}},{"@type":"Person","@id":"https:\/\/news.save.ch\/de\/#\/schema\/person\/d5022db048e0e2b9785c50e5b24da5aa","name":"Roger Str\u00e4ssle","image":{"@type":"ImageObject","inLanguage":"fr-FR","@id":"https:\/\/secure.gravatar.com\/avatar\/862a5569d087de48e5856e32f45d719a03804c891d6deb8d4f71a660e79e4a47?s=96&d=mm&r=g","url":"https:\/\/secure.gravatar.com\/avatar\/862a5569d087de48e5856e32f45d719a03804c891d6deb8d4f71a660e79e4a47?s=96&d=mm&r=g","contentUrl":"https:\/\/secure.gravatar.com\/avatar\/862a5569d087de48e5856e32f45d719a03804c891d6deb8d4f71a660e79e4a47?s=96&d=mm&r=g","caption":"Roger Str\u00e4ssle"},"url":"https:\/\/news.save.ch\/fr\/author\/roger-straessle\/"}]}},"_links":{"self":[{"href":"https:\/\/news.save.ch\/fr\/wp-json\/wp\/v2\/posts\/5347","targetHints":{"allow":["GET"]}}],"collection":[{"href":"https:\/\/news.save.ch\/fr\/wp-json\/wp\/v2\/posts"}],"about":[{"href":"https:\/\/news.save.ch\/fr\/wp-json\/wp\/v2\/types\/post"}],"author":[{"embeddable":true,"href":"https:\/\/news.save.ch\/fr\/wp-json\/wp\/v2\/users\/8"}],"replies":[{"embeddable":true,"href":"https:\/\/news.save.ch\/fr\/wp-json\/wp\/v2\/comments?post=5347"}],"version-history":[{"count":0,"href":"https:\/\/news.save.ch\/fr\/wp-json\/wp\/v2\/posts\/5347\/revisions"}],"wp:featuredmedia":[{"embeddable":true,"href":"https:\/\/news.save.ch\/fr\/wp-json\/wp\/v2\/media\/5348"}],"wp:attachment":[{"href":"https:\/\/news.save.ch\/fr\/wp-json\/wp\/v2\/media?parent=5347"}],"wp:term":[{"taxonomy":"category","embeddable":true,"href":"https:\/\/news.save.ch\/fr\/wp-json\/wp\/v2\/categories?post=5347"},{"taxonomy":"post_tag","embeddable":true,"href":"https:\/\/news.save.ch\/fr\/wp-json\/wp\/v2\/tags?post=5347"}],"curies":[{"name":"wp","href":"https:\/\/api.w.org\/{rel}","templated":true}]}}