{"id":5377,"date":"2017-09-18T17:17:05","date_gmt":"2017-09-18T15:17:05","guid":{"rendered":"https:\/\/news.save.ch\/?p=5377"},"modified":"2023-03-14T08:57:01","modified_gmt":"2023-03-14T07:57:01","slug":"websites-ch-und-swiss-staerker-schuetzen","status":null,"type":"post","link":"https:\/\/news.save.ch\/fr\/websites-ch-und-swiss-staerker-schuetzen\/","title":{"rendered":"Prot\u00e9ger davantage les sites .ch et .swiss"},"content":{"rendered":"<figure id=\"attachment_5378\" aria-describedby=\"caption-attachment-5378\" style=\"width: 680px\" class=\"wp-caption aligncenter\"><img loading=\"lazy\" decoding=\"async\" class=\"wp-image-5378 size-medium\" src=\"https:\/\/news.save.ch\/wp-content\/uploads\/2017\/09\/Depositphotos_22547851_m-2015.jpg\" alt=\"R\u00e9vision VID, Cybercriminels, Domaines Internet, .ch, .swiss\" width=\"680\" height=\"756\" srcset=\"https:\/\/news.save.ch\/wp-content\/uploads\/2017\/09\/Depositphotos_22547851_m-2015.jpg 900w, https:\/\/news.save.ch\/wp-content\/uploads\/2017\/09\/Depositphotos_22547851_m-2015-270x300.jpg 270w\" sizes=\"auto, (max-width: 680px) 100vw, 680px\" \/><figcaption id=\"caption-attachment-5378\" class=\"wp-caption-text\">\u00a9 depositphotos<\/figcaption><\/figure>\n<p>&nbsp;<\/p>\n<p>Selon le communiqu\u00e9 du Conseil f\u00e9d\u00e9ral, les domaines .ch et .swiss font partie des <a href=\"https:\/\/news.save.ch\/fr\/domain-ch-switch-mit-bester-cybercrime-abwehr\/\">les adresses Internet les plus s\u00fbres<\/a> dans le monde entier. Mais les m\u00e9thodes des cybercriminels ne cessent d'\u00e9voluer. C'est pourquoi il \u00e9tait devenu n\u00e9cessaire d'adapter l'ordonnance r\u00e9vis\u00e9e sur les domaines Internet (ODI), en y int\u00e9grant en plus les recommandations de l'Internet Corporation for Assigned Names and Numbers (ICANN), l'organisme mondial de gestion des adresses Internet.<\/p>\n<p><strong>Lutte contre le phishing et les logiciels malveillants<\/strong><\/p>\n<p>Le Conseil f\u00e9d\u00e9ral a donn\u00e9 son feu vert aux nouvelles dispositions de l'ordonnance qui entreront en vigueur le 1er novembre 2017. Dans la lutte contre la cybercriminalit\u00e9, tous les cas o\u00f9 un nom de domaine est utilis\u00e9 \u00e0 des fins de phishing ou de diffusion de logiciels malveillants seront d\u00e9sormais pris en compte. Il sera donc possible \u00e0 l'avenir de bloquer des sites en .ch ou .swiss qui ne sont pas directement utilis\u00e9s pour des activit\u00e9s ill\u00e9gales, mais qui soutiennent de telles activit\u00e9s. Les nouvelles dispositions d\u00e9finissent en outre plus pr\u00e9cis\u00e9ment les mesures provisoires que les autorit\u00e9s peuvent ordonner. Ainsi, l'autorit\u00e9 peut exiger que le trafic de donn\u00e9es menant \u00e0 une adresse Internet potentiellement dangereuse soit redirig\u00e9 vers celle-ci. Cela permettrait de localiser les serveurs infect\u00e9s, d'informer les victimes et de proc\u00e9der \u00e0 une analyse technique de leur fonctionnement afin de d\u00e9velopper des techniques de lutte contre ces actes criminels. En outre, il sera d\u00e9sormais possible de refuser l'attribution de noms de domaine avec l'extension .ch et .swiss s'ils peuvent \u00eatre utilis\u00e9s \u00e0 des fins ill\u00e9gales. Les nouvelles bases l\u00e9gales faciliteront \u00e9galement l'entraide administrative et la coop\u00e9ration avec les acteurs priv\u00e9s dans la lutte contre la cybercriminalit\u00e9.<\/p>\n<p><strong>Attribution de noms de domaine .swiss<\/strong><\/p>\n<p>Les r\u00e8gles relatives au .swiss doivent quant \u00e0 elles \u00eatre adapt\u00e9es en fonction des exp\u00e9riences faites au cours des deux premi\u00e8res ann\u00e9es d'exploitation du domaine, est-il encore pr\u00e9cis\u00e9. Le principe selon lequel les adresses .swiss ne peuvent \u00eatre attribu\u00e9es qu'\u00e0 des personnes inscrites au registre du commerce en tant qu'entreprise individuelle sera maintenu. En effet, le domaine est devenu une vitrine des entreprises et institutions suisses sur Internet, en compl\u00e9ment du tr\u00e8s populaire domaine .ch. Une ouverture g\u00e9n\u00e9rale mettrait en p\u00e9ril l'image et la position actuelles du .swiss, tant au niveau national qu'international.<\/p>\n<p><a href=\"https:\/\/www.bakom.admin.ch\/bakom\/de\/home\/das-bakom\/organisation\/rechtliche-grundlagen\/verordnungen\/internet.html\">Ici<\/a> pour acc\u00e9der au rapport explicatif sur la modification de la LIPD.<\/p>\n<p><em>Source : Conseil f\u00e9d\u00e9ral<\/em><\/p>","protected":false},"excerpt":{"rendered":"<p>&nbsp; Die Domains .ch und .swiss geh\u00f6ren laut bundesr\u00e4tlicher Mitteilung zu den sichersten Internet-Adressen auf der Welt. Doch die Methoden der Cyberkriminellen entwickeln sich kontinuierlich weiter. Deshalb sei eine Anpassung der revidierten Verordnung \u00fcber Internet-Domains (VID) n\u00f6tig geworden, bei der zus\u00e4tzlich die Empfehlungen der Internet Corporation for Assigned Names and Numbers (ICANN), der globalen Verwaltungsstelle [&hellip;]<\/p>\n","protected":false},"author":8,"featured_media":5378,"comment_status":"open","ping_status":"open","sticky":false,"template":"","format":"standard","meta":{"_acf_changed":false,"pgc_sgb_lightbox_settings":"","footnotes":""},"categories":[3313],"tags":[168,96],"class_list":["post-5377","post","type-post","status-publish","format-standard","has-post-thumbnail","hentry","category-digitalisierung","tag-bundesrat","tag-cyber-crime"],"acf":[],"hkrextid":null,"publication":null,"issue":null,"workflow":null,"startPage":null,"spitzmarke":null,"_posts_by_tag_page_fields":{"widget_title":"","widget_tags":""},"_at_widget":"1","_yoast_wpseo_primary_category":"2","_yoast_wpseo_focuskw_text_input":"VID-Revision","_yoast_wpseo_opengraph-image":null,"_yoast_wpseo_opengraph-description":null,"_yoast_wpseo_opengraph-title":null,"enclosure":null,"_yoast_wpseo_twitter-title":null,"_yoast_wpseo_twitter-description":null,"_yoast_wpseo_twitter-image":null,"_wp_old_slug":null,"_yoast_wpseo_title":null,"_yoast_wpseo_canonical":null,"yoast_head":"<!-- This site is optimized with the Yoast SEO plugin v27.5 - https:\/\/yoast.com\/product\/yoast-seo-wordpress\/ -->\n<title>Websites .ch und .swiss st\u00e4rker sch\u00fctzen - Save<\/title>\n<meta name=\"description\" content=\"Die revidierten Verordnung \u00fcber Internet-Domains (VID) tritt demn\u00e4chst in Kraft. Sie soll die Domains .ch- und .swiss besser sch\u00fctzen.\" \/>\n<meta name=\"robots\" content=\"index, follow, max-snippet:-1, max-image-preview:large, max-video-preview:-1\" \/>\n<link rel=\"canonical\" href=\"https:\/\/news.save.ch\/fr\/websites-ch-und-swiss-staerker-schuetzen\/\" \/>\n<meta property=\"og:locale\" content=\"fr_FR\" \/>\n<meta property=\"og:type\" content=\"article\" \/>\n<meta property=\"og:title\" content=\"Websites .ch und .swiss st\u00e4rker sch\u00fctzen - Save\" \/>\n<meta property=\"og:description\" content=\"Die revidierten Verordnung \u00fcber Internet-Domains (VID) tritt demn\u00e4chst in Kraft. Sie soll die Domains .ch- und .swiss besser sch\u00fctzen.\" \/>\n<meta property=\"og:url\" content=\"https:\/\/news.save.ch\/fr\/websites-ch-und-swiss-staerker-schuetzen\/\" \/>\n<meta property=\"og:site_name\" content=\"Save\" \/>\n<meta property=\"article:published_time\" content=\"2017-09-18T15:17:05+00:00\" \/>\n<meta property=\"article:modified_time\" content=\"2023-03-14T07:57:01+00:00\" \/>\n<meta property=\"og:image\" content=\"https:\/\/news.save.ch\/wp-content\/uploads\/2017\/09\/Depositphotos_22547851_m-2015.jpg\" \/>\n\t<meta property=\"og:image:width\" content=\"900\" \/>\n\t<meta property=\"og:image:height\" content=\"1000\" \/>\n\t<meta property=\"og:image:type\" content=\"image\/jpeg\" \/>\n<meta name=\"author\" content=\"Roger Str\u00e4ssle\" \/>\n<meta name=\"twitter:card\" content=\"summary_large_image\" \/>\n<meta name=\"twitter:label1\" content=\"\u00c9crit par\" \/>\n\t<meta name=\"twitter:data1\" content=\"Roger Str\u00e4ssle\" \/>\n\t<meta name=\"twitter:label2\" content=\"Dur\u00e9e de lecture estim\u00e9e\" \/>\n\t<meta name=\"twitter:data2\" content=\"2 minutes\" \/>\n<script type=\"application\/ld+json\" class=\"yoast-schema-graph\">{\"@context\":\"https:\\\/\\\/schema.org\",\"@graph\":[{\"@type\":\"Article\",\"@id\":\"https:\\\/\\\/news.save.ch\\\/websites-ch-und-swiss-staerker-schuetzen\\\/#article\",\"isPartOf\":{\"@id\":\"https:\\\/\\\/news.save.ch\\\/websites-ch-und-swiss-staerker-schuetzen\\\/\"},\"author\":{\"name\":\"Roger Str\u00e4ssle\",\"@id\":\"https:\\\/\\\/news.save.ch\\\/de\\\/#\\\/schema\\\/person\\\/d5022db048e0e2b9785c50e5b24da5aa\"},\"headline\":\"Websites .ch und .swiss st\u00e4rker sch\u00fctzen\",\"datePublished\":\"2017-09-18T15:17:05+00:00\",\"dateModified\":\"2023-03-14T07:57:01+00:00\",\"mainEntityOfPage\":{\"@id\":\"https:\\\/\\\/news.save.ch\\\/websites-ch-und-swiss-staerker-schuetzen\\\/\"},\"wordCount\":392,\"commentCount\":0,\"publisher\":{\"@id\":\"https:\\\/\\\/news.save.ch\\\/de\\\/#organization\"},\"image\":{\"@id\":\"https:\\\/\\\/news.save.ch\\\/websites-ch-und-swiss-staerker-schuetzen\\\/#primaryimage\"},\"thumbnailUrl\":\"https:\\\/\\\/news.save.ch\\\/wp-content\\\/uploads\\\/2017\\\/09\\\/Depositphotos_22547851_m-2015.jpg\",\"keywords\":[\"Bundesrat\",\"Cyber-Crime\"],\"articleSection\":[\"DIGITALISIERUNG\"],\"inLanguage\":\"fr-FR\"},{\"@type\":\"WebPage\",\"@id\":\"https:\\\/\\\/news.save.ch\\\/websites-ch-und-swiss-staerker-schuetzen\\\/\",\"url\":\"https:\\\/\\\/news.save.ch\\\/websites-ch-und-swiss-staerker-schuetzen\\\/\",\"name\":\"Websites .ch und .swiss st\u00e4rker sch\u00fctzen - Save\",\"isPartOf\":{\"@id\":\"https:\\\/\\\/news.save.ch\\\/de\\\/#website\"},\"primaryImageOfPage\":{\"@id\":\"https:\\\/\\\/news.save.ch\\\/websites-ch-und-swiss-staerker-schuetzen\\\/#primaryimage\"},\"image\":{\"@id\":\"https:\\\/\\\/news.save.ch\\\/websites-ch-und-swiss-staerker-schuetzen\\\/#primaryimage\"},\"thumbnailUrl\":\"https:\\\/\\\/news.save.ch\\\/wp-content\\\/uploads\\\/2017\\\/09\\\/Depositphotos_22547851_m-2015.jpg\",\"datePublished\":\"2017-09-18T15:17:05+00:00\",\"dateModified\":\"2023-03-14T07:57:01+00:00\",\"description\":\"Die revidierten Verordnung \u00fcber Internet-Domains (VID) tritt demn\u00e4chst in Kraft. Sie soll die Domains .ch- und .swiss besser sch\u00fctzen.\",\"breadcrumb\":{\"@id\":\"https:\\\/\\\/news.save.ch\\\/websites-ch-und-swiss-staerker-schuetzen\\\/#breadcrumb\"},\"inLanguage\":\"fr-FR\",\"potentialAction\":[{\"@type\":\"ReadAction\",\"target\":[\"https:\\\/\\\/news.save.ch\\\/websites-ch-und-swiss-staerker-schuetzen\\\/\"]}]},{\"@type\":\"ImageObject\",\"inLanguage\":\"fr-FR\",\"@id\":\"https:\\\/\\\/news.save.ch\\\/websites-ch-und-swiss-staerker-schuetzen\\\/#primaryimage\",\"url\":\"https:\\\/\\\/news.save.ch\\\/wp-content\\\/uploads\\\/2017\\\/09\\\/Depositphotos_22547851_m-2015.jpg\",\"contentUrl\":\"https:\\\/\\\/news.save.ch\\\/wp-content\\\/uploads\\\/2017\\\/09\\\/Depositphotos_22547851_m-2015.jpg\",\"width\":900,\"height\":1000,\"caption\":\"\u00a9 depositphotos\"},{\"@type\":\"BreadcrumbList\",\"@id\":\"https:\\\/\\\/news.save.ch\\\/websites-ch-und-swiss-staerker-schuetzen\\\/#breadcrumb\",\"itemListElement\":[{\"@type\":\"ListItem\",\"position\":1,\"name\":\"Home\",\"item\":\"https:\\\/\\\/news.save.ch\\\/de\\\/\"},{\"@type\":\"ListItem\",\"position\":2,\"name\":\"Websites .ch und .swiss st\u00e4rker sch\u00fctzen\"}]},{\"@type\":\"WebSite\",\"@id\":\"https:\\\/\\\/news.save.ch\\\/de\\\/#website\",\"url\":\"https:\\\/\\\/news.save.ch\\\/de\\\/\",\"name\":\"Save\",\"description\":\"Schweizer Fachzeitschrift f\u00fcr Sicherheit\",\"publisher\":{\"@id\":\"https:\\\/\\\/news.save.ch\\\/de\\\/#organization\"},\"potentialAction\":[{\"@type\":\"SearchAction\",\"target\":{\"@type\":\"EntryPoint\",\"urlTemplate\":\"https:\\\/\\\/news.save.ch\\\/de\\\/?s={search_term_string}\"},\"query-input\":{\"@type\":\"PropertyValueSpecification\",\"valueRequired\":true,\"valueName\":\"search_term_string\"}}],\"inLanguage\":\"fr-FR\"},{\"@type\":\"Organization\",\"@id\":\"https:\\\/\\\/news.save.ch\\\/de\\\/#organization\",\"name\":\"Sicherheitsforum\",\"url\":\"https:\\\/\\\/news.save.ch\\\/de\\\/\",\"logo\":{\"@type\":\"ImageObject\",\"inLanguage\":\"fr-FR\",\"@id\":\"https:\\\/\\\/news.save.ch\\\/de\\\/#\\\/schema\\\/logo\\\/image\\\/\",\"url\":\"https:\\\/\\\/news.save.ch\\\/wp-content\\\/uploads\\\/2022\\\/06\\\/Logo_SF_2012.png\",\"contentUrl\":\"https:\\\/\\\/news.save.ch\\\/wp-content\\\/uploads\\\/2022\\\/06\\\/Logo_SF_2012.png\",\"width\":1100,\"height\":91,\"caption\":\"Sicherheitsforum\"},\"image\":{\"@id\":\"https:\\\/\\\/news.save.ch\\\/de\\\/#\\\/schema\\\/logo\\\/image\\\/\"}},{\"@type\":\"Person\",\"@id\":\"https:\\\/\\\/news.save.ch\\\/de\\\/#\\\/schema\\\/person\\\/d5022db048e0e2b9785c50e5b24da5aa\",\"name\":\"Roger Str\u00e4ssle\",\"image\":{\"@type\":\"ImageObject\",\"inLanguage\":\"fr-FR\",\"@id\":\"https:\\\/\\\/secure.gravatar.com\\\/avatar\\\/862a5569d087de48e5856e32f45d719a03804c891d6deb8d4f71a660e79e4a47?s=96&d=mm&r=g\",\"url\":\"https:\\\/\\\/secure.gravatar.com\\\/avatar\\\/862a5569d087de48e5856e32f45d719a03804c891d6deb8d4f71a660e79e4a47?s=96&d=mm&r=g\",\"contentUrl\":\"https:\\\/\\\/secure.gravatar.com\\\/avatar\\\/862a5569d087de48e5856e32f45d719a03804c891d6deb8d4f71a660e79e4a47?s=96&d=mm&r=g\",\"caption\":\"Roger Str\u00e4ssle\"},\"url\":\"https:\\\/\\\/news.save.ch\\\/fr\\\/author\\\/roger-straessle\\\/\"}]}<\/script>\n<!-- \/ Yoast SEO plugin. -->","yoast_head_json":{"title":"Prot\u00e9ger davantage les sites .ch et .swiss - Save","description":"L'ordonnance r\u00e9vis\u00e9e sur les domaines Internet (ODI) entrera prochainement en vigueur. Elle vise \u00e0 mieux prot\u00e9ger les domaines .ch- et .swiss.","robots":{"index":"index","follow":"follow","max-snippet":"max-snippet:-1","max-image-preview":"max-image-preview:large","max-video-preview":"max-video-preview:-1"},"canonical":"https:\/\/news.save.ch\/fr\/websites-ch-und-swiss-staerker-schuetzen\/","og_locale":"fr_FR","og_type":"article","og_title":"Websites .ch und .swiss st\u00e4rker sch\u00fctzen - Save","og_description":"Die revidierten Verordnung \u00fcber Internet-Domains (VID) tritt demn\u00e4chst in Kraft. Sie soll die Domains .ch- und .swiss besser sch\u00fctzen.","og_url":"https:\/\/news.save.ch\/fr\/websites-ch-und-swiss-staerker-schuetzen\/","og_site_name":"Save","article_published_time":"2017-09-18T15:17:05+00:00","article_modified_time":"2023-03-14T07:57:01+00:00","og_image":[{"width":900,"height":1000,"url":"https:\/\/news.save.ch\/wp-content\/uploads\/2017\/09\/Depositphotos_22547851_m-2015.jpg","type":"image\/jpeg"}],"author":"Roger Str\u00e4ssle","twitter_card":"summary_large_image","twitter_misc":{"\u00c9crit par":"Roger Str\u00e4ssle","Dur\u00e9e de lecture estim\u00e9e":"2 minutes"},"schema":{"@context":"https:\/\/schema.org","@graph":[{"@type":"Article","@id":"https:\/\/news.save.ch\/websites-ch-und-swiss-staerker-schuetzen\/#article","isPartOf":{"@id":"https:\/\/news.save.ch\/websites-ch-und-swiss-staerker-schuetzen\/"},"author":{"name":"Roger Str\u00e4ssle","@id":"https:\/\/news.save.ch\/de\/#\/schema\/person\/d5022db048e0e2b9785c50e5b24da5aa"},"headline":"Websites .ch und .swiss st\u00e4rker sch\u00fctzen","datePublished":"2017-09-18T15:17:05+00:00","dateModified":"2023-03-14T07:57:01+00:00","mainEntityOfPage":{"@id":"https:\/\/news.save.ch\/websites-ch-und-swiss-staerker-schuetzen\/"},"wordCount":392,"commentCount":0,"publisher":{"@id":"https:\/\/news.save.ch\/de\/#organization"},"image":{"@id":"https:\/\/news.save.ch\/websites-ch-und-swiss-staerker-schuetzen\/#primaryimage"},"thumbnailUrl":"https:\/\/news.save.ch\/wp-content\/uploads\/2017\/09\/Depositphotos_22547851_m-2015.jpg","keywords":["Bundesrat","Cyber-Crime"],"articleSection":["DIGITALISIERUNG"],"inLanguage":"fr-FR"},{"@type":"WebPage","@id":"https:\/\/news.save.ch\/websites-ch-und-swiss-staerker-schuetzen\/","url":"https:\/\/news.save.ch\/websites-ch-und-swiss-staerker-schuetzen\/","name":"Prot\u00e9ger davantage les sites .ch et .swiss - Save","isPartOf":{"@id":"https:\/\/news.save.ch\/de\/#website"},"primaryImageOfPage":{"@id":"https:\/\/news.save.ch\/websites-ch-und-swiss-staerker-schuetzen\/#primaryimage"},"image":{"@id":"https:\/\/news.save.ch\/websites-ch-und-swiss-staerker-schuetzen\/#primaryimage"},"thumbnailUrl":"https:\/\/news.save.ch\/wp-content\/uploads\/2017\/09\/Depositphotos_22547851_m-2015.jpg","datePublished":"2017-09-18T15:17:05+00:00","dateModified":"2023-03-14T07:57:01+00:00","description":"L'ordonnance r\u00e9vis\u00e9e sur les domaines Internet (ODI) entrera prochainement en vigueur. Elle vise \u00e0 mieux prot\u00e9ger les domaines .ch- et .swiss.","breadcrumb":{"@id":"https:\/\/news.save.ch\/websites-ch-und-swiss-staerker-schuetzen\/#breadcrumb"},"inLanguage":"fr-FR","potentialAction":[{"@type":"ReadAction","target":["https:\/\/news.save.ch\/websites-ch-und-swiss-staerker-schuetzen\/"]}]},{"@type":"ImageObject","inLanguage":"fr-FR","@id":"https:\/\/news.save.ch\/websites-ch-und-swiss-staerker-schuetzen\/#primaryimage","url":"https:\/\/news.save.ch\/wp-content\/uploads\/2017\/09\/Depositphotos_22547851_m-2015.jpg","contentUrl":"https:\/\/news.save.ch\/wp-content\/uploads\/2017\/09\/Depositphotos_22547851_m-2015.jpg","width":900,"height":1000,"caption":"\u00a9 depositphotos"},{"@type":"BreadcrumbList","@id":"https:\/\/news.save.ch\/websites-ch-und-swiss-staerker-schuetzen\/#breadcrumb","itemListElement":[{"@type":"ListItem","position":1,"name":"Home","item":"https:\/\/news.save.ch\/de\/"},{"@type":"ListItem","position":2,"name":"Websites .ch und .swiss st\u00e4rker sch\u00fctzen"}]},{"@type":"WebSite","@id":"https:\/\/news.save.ch\/de\/#website","url":"https:\/\/news.save.ch\/de\/","name":"Save","description":"Revue suisse sp\u00e9cialis\u00e9e dans la s\u00e9curit\u00e9","publisher":{"@id":"https:\/\/news.save.ch\/de\/#organization"},"potentialAction":[{"@type":"SearchAction","target":{"@type":"EntryPoint","urlTemplate":"https:\/\/news.save.ch\/de\/?s={search_term_string}"},"query-input":{"@type":"PropertyValueSpecification","valueRequired":true,"valueName":"search_term_string"}}],"inLanguage":"fr-FR"},{"@type":"Organization","@id":"https:\/\/news.save.ch\/de\/#organization","name":"Forum sur la s\u00e9curit\u00e9","url":"https:\/\/news.save.ch\/de\/","logo":{"@type":"ImageObject","inLanguage":"fr-FR","@id":"https:\/\/news.save.ch\/de\/#\/schema\/logo\/image\/","url":"https:\/\/news.save.ch\/wp-content\/uploads\/2022\/06\/Logo_SF_2012.png","contentUrl":"https:\/\/news.save.ch\/wp-content\/uploads\/2022\/06\/Logo_SF_2012.png","width":1100,"height":91,"caption":"Sicherheitsforum"},"image":{"@id":"https:\/\/news.save.ch\/de\/#\/schema\/logo\/image\/"}},{"@type":"Person","@id":"https:\/\/news.save.ch\/de\/#\/schema\/person\/d5022db048e0e2b9785c50e5b24da5aa","name":"Roger Str\u00e4ssle","image":{"@type":"ImageObject","inLanguage":"fr-FR","@id":"https:\/\/secure.gravatar.com\/avatar\/862a5569d087de48e5856e32f45d719a03804c891d6deb8d4f71a660e79e4a47?s=96&d=mm&r=g","url":"https:\/\/secure.gravatar.com\/avatar\/862a5569d087de48e5856e32f45d719a03804c891d6deb8d4f71a660e79e4a47?s=96&d=mm&r=g","contentUrl":"https:\/\/secure.gravatar.com\/avatar\/862a5569d087de48e5856e32f45d719a03804c891d6deb8d4f71a660e79e4a47?s=96&d=mm&r=g","caption":"Roger Str\u00e4ssle"},"url":"https:\/\/news.save.ch\/fr\/author\/roger-straessle\/"}]}},"_links":{"self":[{"href":"https:\/\/news.save.ch\/fr\/wp-json\/wp\/v2\/posts\/5377","targetHints":{"allow":["GET"]}}],"collection":[{"href":"https:\/\/news.save.ch\/fr\/wp-json\/wp\/v2\/posts"}],"about":[{"href":"https:\/\/news.save.ch\/fr\/wp-json\/wp\/v2\/types\/post"}],"author":[{"embeddable":true,"href":"https:\/\/news.save.ch\/fr\/wp-json\/wp\/v2\/users\/8"}],"replies":[{"embeddable":true,"href":"https:\/\/news.save.ch\/fr\/wp-json\/wp\/v2\/comments?post=5377"}],"version-history":[{"count":1,"href":"https:\/\/news.save.ch\/fr\/wp-json\/wp\/v2\/posts\/5377\/revisions"}],"predecessor-version":[{"id":17488,"href":"https:\/\/news.save.ch\/fr\/wp-json\/wp\/v2\/posts\/5377\/revisions\/17488"}],"wp:featuredmedia":[{"embeddable":true,"href":"https:\/\/news.save.ch\/fr\/wp-json\/wp\/v2\/media\/5378"}],"wp:attachment":[{"href":"https:\/\/news.save.ch\/fr\/wp-json\/wp\/v2\/media?parent=5377"}],"wp:term":[{"taxonomy":"category","embeddable":true,"href":"https:\/\/news.save.ch\/fr\/wp-json\/wp\/v2\/categories?post=5377"},{"taxonomy":"post_tag","embeddable":true,"href":"https:\/\/news.save.ch\/fr\/wp-json\/wp\/v2\/tags?post=5377"}],"curies":[{"name":"wp","href":"https:\/\/api.w.org\/{rel}","templated":true}]}}