{"id":5444,"date":"2020-03-16T17:42:53","date_gmt":"2020-03-16T16:42:53","guid":{"rendered":"https:\/\/news.save.ch\/?p=5444"},"modified":"2023-03-14T09:05:04","modified_gmt":"2023-03-14T08:05:04","slug":"bundesrat-erklaert-die-ausserordentliche-lage-und-verschaerft-die-massnahmen-zu-corona","status":null,"type":"post","link":"https:\/\/news.save.ch\/fr\/bundesrat-erklaert-die-ausserordentliche-lage-und-verschaerft-die-massnahmen-zu-corona\/","title":{"rendered":"Le Conseil f\u00e9d\u00e9ral d\u00e9clare la \"situation extraordinaire\" et renforce les mesures concernant Corona"},"content":{"rendered":"<figure id=\"attachment_5445\" aria-describedby=\"caption-attachment-5445\" style=\"width: 680px\" class=\"wp-caption alignnone\"><img loading=\"lazy\" decoding=\"async\" class=\"size-medium wp-image-5445\" src=\"http:\/\/develop.safety-plus.ch\/wp-content\/uploads\/2020\/03\/Screenshot_2020-03-16-16-03-2020-Medienkonferenz-des-BR-Conference-de-presse-du-CF-Conferenza-stampa-del-CF.png\" alt=\"\" width=\"680\" height=\"379\" srcset=\"https:\/\/news.save.ch\/wp-content\/uploads\/2020\/03\/Screenshot_2020-03-16-16-03-2020-Medienkonferenz-des-BR-Conference-de-presse-du-CF-Conferenza-stampa-del-CF.png 971w, https:\/\/news.save.ch\/wp-content\/uploads\/2020\/03\/Screenshot_2020-03-16-16-03-2020-Medienkonferenz-des-BR-Conference-de-presse-du-CF-Conferenza-stampa-del-CF-680x379.png 680w, https:\/\/news.save.ch\/wp-content\/uploads\/2020\/03\/Screenshot_2020-03-16-16-03-2020-Medienkonferenz-des-BR-Conference-de-presse-du-CF-Conferenza-stampa-del-CF-768x428.png 768w, https:\/\/news.save.ch\/wp-content\/uploads\/2020\/03\/Screenshot_2020-03-16-16-03-2020-Medienkonferenz-des-BR-Conference-de-presse-du-CF-Conferenza-stampa-del-CF-18x10.png 18w, https:\/\/news.save.ch\/wp-content\/uploads\/2020\/03\/Screenshot_2020-03-16-16-03-2020-Medienkonferenz-des-BR-Conference-de-presse-du-CF-Conferenza-stampa-del-CF-375x209.png 375w, https:\/\/news.save.ch\/wp-content\/uploads\/2020\/03\/Screenshot_2020-03-16-16-03-2020-Medienkonferenz-des-BR-Conference-de-presse-du-CF-Conferenza-stampa-del-CF-628x350.png 628w\" sizes=\"auto, (max-width: 680px) 100vw, 680px\" \/><figcaption id=\"caption-attachment-5445\" class=\"wp-caption-text\">Ce soir, \u00e0 partir de minuit, les manifestations publiques et priv\u00e9es sont interdites. Tous les magasins, march\u00e9s, restaurants, bars ainsi que les \u00e9tablissements de divertissement et de loisirs tels que les mus\u00e9es, biblioth\u00e8ques, cin\u00e9mas, salles de concert et de th\u00e9\u00e2tre, centres sportifs, piscines et stations de ski seront ferm\u00e9s jusqu'au 19 avril 2020.  \u00a9 Gouvernement f\u00e9d\u00e9ral suisse<\/figcaption><\/figure>\n<p>Face \u00e0 la propagation acc\u00e9l\u00e9r\u00e9e du coronavirus, le Conseil f\u00e9d\u00e9ral renforce les mesures de <a href=\"https:\/\/news.save.ch\/fr\/neue-hygiene-und-verhaltensregeln-zum-schutz-gegen-das-neue-coronavirus\/\" target=\"_blank\" rel=\"noopener\">Protection de la population<\/a> continue de s'appliquer. Il qualifie d\u00e9sormais la situation en Suisse de situation extraordinaire selon la loi sur les \u00e9pid\u00e9mies. Elle permet au Conseil f\u00e9d\u00e9ral d'ordonner des mesures uniformes dans tous les cantons. Auparavant, il a inform\u00e9 les cantons de cette mesure.<\/p>\n<p>Ce soir, \u00e0 partir de minuit, les manifestations publiques et priv\u00e9es sont interdites. Tous les magasins, march\u00e9s, restaurants, bars ainsi que les \u00e9tablissements de divertissement et de loisirs tels que les mus\u00e9es, biblioth\u00e8ques, cin\u00e9mas, salles de concert et de th\u00e9\u00e2tre, centres sportifs, piscines et stations de ski seront ferm\u00e9s. De m\u00eame, les \u00e9tablissements dans lesquels il est impossible de respecter la distance de s\u00e9curit\u00e9, comme les salons de coiffure ou les instituts de beaut\u00e9, seront ferm\u00e9s.<\/p>\n<p>L'approvisionnement de l'ensemble de la population en denr\u00e9es alimentaires, m\u00e9dicaments et produits d'usage courant est assur\u00e9, des r\u00e9serves suffisantes sont constitu\u00e9es. Les magasins d'alimentation, les take-aways, les cantines d'entreprise, les services de livraison de repas et les pharmacies restent ouverts, tout comme les stations-service, les gares, les banques, les bureaux de poste, les h\u00f4tels, l'administration publique et les institutions sociales. Les ateliers de r\u00e9paration de moyens de transport peuvent \u00e9galement rester ouverts. Tous ces \u00e9tablissements doivent respecter les recommandations de l'Office f\u00e9d\u00e9ral de la sant\u00e9 publique en mati\u00e8re d'hygi\u00e8ne. <a href=\"https:\/\/news.save.ch\/fr\/neue-hygiene-und-verhaltensregeln-zum-schutz-gegen-das-neue-coronavirus\/\" target=\"_blank\" rel=\"noopener\"><strong>Garder ses distances et respecter l'hygi\u00e8ne<\/strong><\/a>.<\/p>\n<p>Les h\u00f4pitaux, cliniques et cabinets m\u00e9dicaux restent ouverts, mais doivent renoncer aux interventions m\u00e9dicales et aux th\u00e9rapies qui ne sont pas signal\u00e9es comme urgentes. Les personnes particuli\u00e8rement expos\u00e9es effectuent leur travail \u00e0 domicile. Si cela n'est pas possible, elles sont mises en cong\u00e9 par leur employeur. Elles continuent \u00e0 percevoir leur salaire.<\/p>\n<p>Dans l'ordonnance adapt\u00e9e sur les mesures de lutte contre le coronavirus, le Conseil f\u00e9d\u00e9ral r\u00e8gle d\u00e9sormais aussi la question des cr\u00e8ches. Pour les enfants qui ne peuvent pas \u00eatre pris en charge de mani\u00e8re priv\u00e9e, les cantons doivent veiller \u00e0 ce que les offres de prise en charge n\u00e9cessaires soient disponibles. Les cr\u00e8ches ne peuvent \u00eatre ferm\u00e9es que s'il existe d'autres offres de prise en charge appropri\u00e9es. Cette mesure s'applique pour l'instant jusqu'au 19 avril 2020, tout comme les fermetures d'\u00e9coles, ce qui est nouveau.<\/p>\n<p>Le Conseil f\u00e9d\u00e9ral appelle en outre la population \u00e0 \u00e9viter tout contact inutile, \u00e0 se tenir \u00e0 distance et \u00e0 respecter les mesures d'hygi\u00e8ne. Il appelle aussi en particulier la population \u00e2g\u00e9e \u00e0 rester chez elle.<\/p>\n<p><strong>Jusqu'\u00e0 8000 militaires pour la sant\u00e9, la logistique et la s\u00e9curit\u00e9<br \/>\n<\/strong>Le Conseil f\u00e9d\u00e9ral part du principe que les besoins des autorit\u00e9s civiles en mati\u00e8re d'appui de l'arm\u00e9e vont augmenter de mani\u00e8re significative au cours des prochains jours et semaines. Afin de r\u00e9pondre aux demandes des cantons, le Conseil f\u00e9d\u00e9ral augmente la limite sup\u00e9rieure pour le service d'appui de 800 \u00e0 8000 militaires. Cette mesure est valable jusqu'\u00e0 fin juin 2020.<\/p>\n<p>Premi\u00e8rement, l'arm\u00e9e doit soutenir le syst\u00e8me de sant\u00e9 publique en fournissant des prestations sanitaires, notamment en mati\u00e8re de soins, de surveillance des patients, de transports sanitaires ou de logistique hospitali\u00e8re (p. ex. d\u00e9sinfection des lits, cuisine, blanchisserie, nettoyage). Deuxi\u00e8mement, l'arm\u00e9e doit, si n\u00e9cessaire, accomplir des t\u00e2ches logistiques telles que des transports et aider \u00e0 la mise en place de <a href=\"https:\/\/news.save.ch\/fr\/umgang-mit-corona-zwischen-panik-und-vernunft\/\" target=\"_blank\" rel=\"noopener\">d'une infrastructure improvis\u00e9e<\/a> de la police cantonale. Troisi\u00e8mement, dans le domaine de la s\u00e9curit\u00e9, elle doit d\u00e9charger les corps de police cantonaux, par exemple en renfor\u00e7ant son soutien \u00e0 la protection des ambassades, ou soutenir le corps des gardes-fronti\u00e8res aux fronti\u00e8res nationales et dans les a\u00e9roports.<\/p>\n<p>Environ 3000 militaires sont disponibles pour le soutien sanitaire. Ceux-ci sont mis \u00e0 disposition imm\u00e9diatement. Le nombre de militaires engag\u00e9s d\u00e9pendra de l'\u00e9volution de la situation et des demandes des autorit\u00e9s comp\u00e9tentes.<\/p>\n<p><strong>Mobilisation de formations de milice avec une grande disponibilit\u00e9<br \/>\n<\/strong>Les formations qui sont en service r\u00e9gulier \u00e0 la troupe seront engag\u00e9es en premier. Les \u00e9coles de recrues, les militaires en service long et les cours de r\u00e9p\u00e9tition seront prolong\u00e9s si n\u00e9cessaire. Dans certains domaines, des troupes suppl\u00e9mentaires devront \u00eatre mobilis\u00e9es. Cela concerne en particulier les militaires des formations de milice \u00e0 disponibilit\u00e9 \u00e9lev\u00e9e. Les quatre bataillons d'h\u00f4pital et les cinq compagnies sanitaires font notamment partie de ces formations. Une fois la d\u00e9cision de mobilisation prise, elles pourront \u00eatre engag\u00e9es dans un d\u00e9lai de quatre jours. Le d\u00e9clenchement aura lieu aujourd'hui m\u00eame.<\/p>\n<p>Afin de pouvoir r\u00e9agir \u00e0 temps et de mani\u00e8re ad\u00e9quate \u00e0 l'\u00e9volution de la situation, le Conseil f\u00e9d\u00e9ral a en outre autoris\u00e9 le DDPS \u00e0 convoquer des troupes qui ne font pas partie des formations de milice \u00e0 disponibilit\u00e9 \u00e9lev\u00e9e, en fonction des besoins des autorit\u00e9s civiles. Cela peut signifier que certaines troupes sont mobilis\u00e9es temporairement et form\u00e9es \u00e0 titre pr\u00e9ventif pour l'intervention. Apr\u00e8s une formation de quelques jours, elles sont \u00e0 nouveau lib\u00e9r\u00e9es du service et peuvent \u00eatre convoqu\u00e9es ult\u00e9rieurement pour un engagement si les demandes correspondantes des cantons parviennent.<\/p>\n<p><strong>Contr\u00f4les aux fronti\u00e8res<br \/>\n<\/strong>Le Conseil f\u00e9d\u00e9ral a d\u00e9cid\u00e9 de contr\u00f4ler \u00e9galement les fronti\u00e8res avec l'Allemagne, l'Autriche et la France \u00e0 partir de minuit et d'y introduire des interdictions d'entr\u00e9e assorties d'exceptions. Vendredi d\u00e9j\u00e0, il avait introduit des contr\u00f4les aux fronti\u00e8res Schengen pour les voyageurs en provenance d'Italie. Seuls les citoyens suisses, les personnes disposant d'un titre de s\u00e9jour en Suisse et les personnes devant se rendre en Suisse pour des raisons professionnelles seront autoris\u00e9s \u00e0 entrer en Suisse en provenance des quatre grands pays voisins.<\/p>\n<p>Le transit et la circulation des marchandises restent \u00e9galement autoris\u00e9s. Enfin, les personnes en situation de n\u00e9cessit\u00e9 absolue peuvent \u00e9galement entrer sur le territoire. Cette mesure vise \u00e0 <a href=\"https:\/\/news.save.ch\/fr\/wer-darf-sich-schuetzen-wer-nicht\/\" target=\"_blank\" rel=\"noopener\">Prot\u00e9ger la population suisse<\/a> ainsi que de maintenir les capacit\u00e9s du syst\u00e8me de sant\u00e9 suisse. Afin de mettre en \u0153uvre ces t\u00e2ches de mani\u00e8re cibl\u00e9e, des <a href=\"https:\/\/news.save.ch\/fr\/corona-die-grenze-zu-italien-bleibt-offen-fuer-grenzgaengerinnen-und-grenzgaenger\/\" target=\"_blank\" rel=\"noopener\">petits postes-fronti\u00e8res ferm\u00e9s dans toute la Suisse<\/a> et le trafic frontalier est canalis\u00e9 vers des points de passage frontaliers plus importants. Une liste de ces points de passage frontaliers est publi\u00e9e par l'Administration f\u00e9d\u00e9rale des douanes.<\/p>\n<p>Le Conseil f\u00e9d\u00e9ral suit la situation en permanence. Il a charg\u00e9 le DFJP d'examiner, en collaboration avec le DFI et le DFAE, l'extension des contr\u00f4les aux fronti\u00e8res et des interdictions d'entr\u00e9e aux voyageurs en provenance d'autres pays fortement touch\u00e9s par la propagation du coronavirus.<\/p>\n<hr \/>\n<p><strong>Texte : <\/strong>Communication de l'Office f\u00e9d\u00e9ral de la sant\u00e9 publique (OFSP),<\/p>\n<p><a href=\"https:\/\/www.youtube.com\/watch?v=fnuTzODXLvw&amp;feature=youtu.be\" target=\"_blank\" rel=\"noopener\"><strong>Vers la conf\u00e9rence de presse du 16.03.2020<\/strong><\/a><\/p>\n<p>Le Conseil f\u00e9d\u00e9ral<br \/>\n<a class=\"icon icon--after icon--external\" title=\"\" href=\"https:\/\/www.admin.ch\/gov\/de\/start.html\" target=\"_blank\" rel=\"noopener\"> https:\/\/www.admin.ch\/gov\/de\/start.html <\/a><\/p>\n<p>Secr\u00e9tariat g\u00e9n\u00e9ral du DFI<br \/>\n<a class=\"icon icon--after icon--external\" title=\"\" href=\"http:\/\/www.edi.admin.ch\" target=\"_blank\" rel=\"noopener\"> http:\/\/www.edi.admin.ch <\/a><\/p>\n<p>Office f\u00e9d\u00e9ral de la sant\u00e9 publique<br \/>\n<a class=\"icon icon--after icon--external\" title=\"\" href=\"http:\/\/www.bag.admin.ch\" target=\"_blank\" rel=\"noopener\"> http:\/\/www.bag.admin.ch <\/a><\/p>\n<p>Secr\u00e9tariat g\u00e9n\u00e9ral du DDPS<br \/>\n<a class=\"icon icon--after icon--external\" title=\"\" href=\"https:\/\/www.vbs.admin.ch\/\" target=\"_blank\" rel=\"noopener\"> https:\/\/www.vbs.admin.ch\/ <\/a><\/p>\n<p>Groupe D\u00e9fense<br \/>\n<a class=\"icon icon--after icon--external\" title=\"\" href=\"http:\/\/www.vtg.admin.ch\" target=\"_blank\" rel=\"noopener\"> http:\/\/www.vtg.admin.ch <\/a><\/p>\n<p>OFPP - Office f\u00e9d\u00e9ral de la protection de la population<br \/>\n<a class=\"icon icon--after icon--external\" title=\"\" href=\"http:\/\/www.bevoelkerungsschutz.admin.ch\/\" target=\"_blank\" rel=\"noopener\"> http:\/\/www.bevoelkerungsschutz.admin.ch\/ <\/a><\/p>","protected":false},"excerpt":{"rendered":"<p>Angesichts der beschleunigten Ausbreitung des Coronavirus versch\u00e4rft der Bundesrat die Massnahmen zum Schutz der Bev\u00f6lkerung weiter. Er stuft die Situation in der Schweiz neu als ausserordentliche Lage gem\u00e4ss Epidemiengesetz ein. Sie erlaubt dem Bundesrat, in allen Kantonen einheitliche Massnahmen anzuordnen. Zuvor hat er die Kantone \u00fcber diesen Schritt informiert. Heute ab Mitternacht sind \u00f6ffentliche und [&hellip;]<\/p>\n","protected":false},"author":1,"featured_media":5445,"comment_status":"closed","ping_status":"closed","sticky":false,"template":"","format":"standard","meta":{"_acf_changed":false,"pgc_sgb_lightbox_settings":"","footnotes":""},"categories":[1,3314],"tags":[1709,631,2971,160],"class_list":["post-5444","post","type-post","status-publish","format-standard","has-post-thumbnail","hentry","category-allgemein","category-health-safety","tag-ausserordentliche-lage","tag-coronavirus","tag-spitallogistik","tag-veranstaltungen"],"acf":[],"hkrextid":null,"publication":null,"issue":null,"workflow":null,"startPage":null,"spitzmarke":null,"_posts_by_tag_page_fields":{"widget_title":"","widget_tags":""},"_at_widget":"1","_yoast_wpseo_primary_category":"4","_yoast_wpseo_focuskw_text_input":"Bundesrat versch\u00e4rft Massnahmen zu Corona","_yoast_wpseo_opengraph-image":null,"_yoast_wpseo_opengraph-description":null,"_yoast_wpseo_opengraph-title":null,"enclosure":null,"_yoast_wpseo_twitter-title":null,"_yoast_wpseo_twitter-description":null,"_yoast_wpseo_twitter-image":null,"_wp_old_slug":null,"_yoast_wpseo_title":null,"_yoast_wpseo_canonical":null,"yoast_head":"<!-- This site is optimized with the Yoast SEO plugin v27.5 - https:\/\/yoast.com\/product\/yoast-seo-wordpress\/ -->\n<title>Bundesrat erkl\u00e4rt die \u00abausserordentliche Lage\u00bb und versch\u00e4rft die Massnahmen zu Corona - Save<\/title>\n<meta name=\"description\" content=\"Heute ab Mitternacht sind alle Veranstaltungen verboten. Alle L\u00e4den, Restaurants, Bars, Kinos, Sportzentren, Schwimmb\u00e4der u.a. werden bis 19.04. geschlossen.\" \/>\n<meta name=\"robots\" content=\"index, follow, max-snippet:-1, max-image-preview:large, max-video-preview:-1\" \/>\n<link rel=\"canonical\" href=\"https:\/\/news.save.ch\/fr\/bundesrat-erklaert-die-ausserordentliche-lage-und-verschaerft-die-massnahmen-zu-corona\/\" \/>\n<meta property=\"og:locale\" content=\"fr_FR\" \/>\n<meta property=\"og:type\" content=\"article\" \/>\n<meta property=\"og:title\" content=\"Bundesrat erkl\u00e4rt die \u00abausserordentliche Lage\u00bb und versch\u00e4rft die Massnahmen zu Corona - Save\" \/>\n<meta property=\"og:description\" content=\"Heute ab Mitternacht sind alle Veranstaltungen verboten. Alle L\u00e4den, Restaurants, Bars, Kinos, Sportzentren, Schwimmb\u00e4der u.a. werden bis 19.04. geschlossen.\" \/>\n<meta property=\"og:url\" content=\"https:\/\/news.save.ch\/fr\/bundesrat-erklaert-die-ausserordentliche-lage-und-verschaerft-die-massnahmen-zu-corona\/\" \/>\n<meta property=\"og:site_name\" content=\"Save\" \/>\n<meta property=\"article:published_time\" content=\"2020-03-16T16:42:53+00:00\" \/>\n<meta property=\"article:modified_time\" content=\"2023-03-14T08:05:04+00:00\" \/>\n<meta property=\"og:image\" content=\"https:\/\/news.save.ch\/wp-content\/uploads\/2020\/03\/Screenshot_2020-03-16-16-03-2020-Medienkonferenz-des-BR-Conference-de-presse-du-CF-Conferenza-stampa-del-CF.png\" \/>\n\t<meta property=\"og:image:width\" content=\"971\" \/>\n\t<meta property=\"og:image:height\" content=\"541\" \/>\n\t<meta property=\"og:image:type\" content=\"image\/png\" \/>\n<meta name=\"author\" content=\"admin\" \/>\n<meta name=\"twitter:card\" content=\"summary_large_image\" \/>\n<meta name=\"twitter:label1\" content=\"\u00c9crit par\" \/>\n\t<meta name=\"twitter:data1\" content=\"admin\" \/>\n\t<meta name=\"twitter:label2\" content=\"Dur\u00e9e de lecture estim\u00e9e\" \/>\n\t<meta name=\"twitter:data2\" content=\"5 minutes\" \/>\n<script type=\"application\/ld+json\" class=\"yoast-schema-graph\">{\"@context\":\"https:\\\/\\\/schema.org\",\"@graph\":[{\"@type\":\"Article\",\"@id\":\"https:\\\/\\\/news.save.ch\\\/bundesrat-erklaert-die-ausserordentliche-lage-und-verschaerft-die-massnahmen-zu-corona\\\/#article\",\"isPartOf\":{\"@id\":\"https:\\\/\\\/news.save.ch\\\/bundesrat-erklaert-die-ausserordentliche-lage-und-verschaerft-die-massnahmen-zu-corona\\\/\"},\"author\":{\"name\":\"admin\",\"@id\":\"https:\\\/\\\/news.save.ch\\\/de\\\/#\\\/schema\\\/person\\\/d49e199490bad7c70d64b9ab51142f2b\"},\"headline\":\"Bundesrat erkl\u00e4rt die \u00abausserordentliche Lage\u00bb und versch\u00e4rft die Massnahmen zu Corona\",\"datePublished\":\"2020-03-16T16:42:53+00:00\",\"dateModified\":\"2023-03-14T08:05:04+00:00\",\"mainEntityOfPage\":{\"@id\":\"https:\\\/\\\/news.save.ch\\\/bundesrat-erklaert-die-ausserordentliche-lage-und-verschaerft-die-massnahmen-zu-corona\\\/\"},\"wordCount\":1000,\"publisher\":{\"@id\":\"https:\\\/\\\/news.save.ch\\\/de\\\/#organization\"},\"image\":{\"@id\":\"https:\\\/\\\/news.save.ch\\\/bundesrat-erklaert-die-ausserordentliche-lage-und-verschaerft-die-massnahmen-zu-corona\\\/#primaryimage\"},\"thumbnailUrl\":\"https:\\\/\\\/news.save.ch\\\/wp-content\\\/uploads\\\/2020\\\/03\\\/Screenshot_2020-03-16-16-03-2020-Medienkonferenz-des-BR-Conference-de-presse-du-CF-Conferenza-stampa-del-CF.png\",\"keywords\":[\"ausserordentliche Lage\",\"Coronavirus\",\"Spitallogistik\",\"Veranstaltungen\"],\"articleSection\":[\"ALLGEMEIN\",\"HEALTH &amp; SAFETY\"],\"inLanguage\":\"fr-FR\"},{\"@type\":\"WebPage\",\"@id\":\"https:\\\/\\\/news.save.ch\\\/bundesrat-erklaert-die-ausserordentliche-lage-und-verschaerft-die-massnahmen-zu-corona\\\/\",\"url\":\"https:\\\/\\\/news.save.ch\\\/bundesrat-erklaert-die-ausserordentliche-lage-und-verschaerft-die-massnahmen-zu-corona\\\/\",\"name\":\"Bundesrat erkl\u00e4rt die \u00abausserordentliche Lage\u00bb und versch\u00e4rft die Massnahmen zu Corona - Save\",\"isPartOf\":{\"@id\":\"https:\\\/\\\/news.save.ch\\\/de\\\/#website\"},\"primaryImageOfPage\":{\"@id\":\"https:\\\/\\\/news.save.ch\\\/bundesrat-erklaert-die-ausserordentliche-lage-und-verschaerft-die-massnahmen-zu-corona\\\/#primaryimage\"},\"image\":{\"@id\":\"https:\\\/\\\/news.save.ch\\\/bundesrat-erklaert-die-ausserordentliche-lage-und-verschaerft-die-massnahmen-zu-corona\\\/#primaryimage\"},\"thumbnailUrl\":\"https:\\\/\\\/news.save.ch\\\/wp-content\\\/uploads\\\/2020\\\/03\\\/Screenshot_2020-03-16-16-03-2020-Medienkonferenz-des-BR-Conference-de-presse-du-CF-Conferenza-stampa-del-CF.png\",\"datePublished\":\"2020-03-16T16:42:53+00:00\",\"dateModified\":\"2023-03-14T08:05:04+00:00\",\"description\":\"Heute ab Mitternacht sind alle Veranstaltungen verboten. Alle L\u00e4den, Restaurants, Bars, Kinos, Sportzentren, Schwimmb\u00e4der u.a. werden bis 19.04. geschlossen.\",\"breadcrumb\":{\"@id\":\"https:\\\/\\\/news.save.ch\\\/bundesrat-erklaert-die-ausserordentliche-lage-und-verschaerft-die-massnahmen-zu-corona\\\/#breadcrumb\"},\"inLanguage\":\"fr-FR\",\"potentialAction\":[{\"@type\":\"ReadAction\",\"target\":[\"https:\\\/\\\/news.save.ch\\\/bundesrat-erklaert-die-ausserordentliche-lage-und-verschaerft-die-massnahmen-zu-corona\\\/\"]}]},{\"@type\":\"ImageObject\",\"inLanguage\":\"fr-FR\",\"@id\":\"https:\\\/\\\/news.save.ch\\\/bundesrat-erklaert-die-ausserordentliche-lage-und-verschaerft-die-massnahmen-zu-corona\\\/#primaryimage\",\"url\":\"https:\\\/\\\/news.save.ch\\\/wp-content\\\/uploads\\\/2020\\\/03\\\/Screenshot_2020-03-16-16-03-2020-Medienkonferenz-des-BR-Conference-de-presse-du-CF-Conferenza-stampa-del-CF.png\",\"contentUrl\":\"https:\\\/\\\/news.save.ch\\\/wp-content\\\/uploads\\\/2020\\\/03\\\/Screenshot_2020-03-16-16-03-2020-Medienkonferenz-des-BR-Conference-de-presse-du-CF-Conferenza-stampa-del-CF.png\",\"width\":971,\"height\":541,\"caption\":\"Heute ab Mitternacht sind \u00f6ffentliche und private Veranstaltungen verboten. Alle L\u00e4den, M\u00e4rkte, Restaurants, Bars sowie Unterhaltungs- und Freizeitbetriebe wie Museen, Bibliotheken, Kinos, Konzert- und Theaterh\u00e4user, Sportzentren, Schwimmb\u00e4der und Skigebiete werden geschlossen.\"},{\"@type\":\"BreadcrumbList\",\"@id\":\"https:\\\/\\\/news.save.ch\\\/bundesrat-erklaert-die-ausserordentliche-lage-und-verschaerft-die-massnahmen-zu-corona\\\/#breadcrumb\",\"itemListElement\":[{\"@type\":\"ListItem\",\"position\":1,\"name\":\"Home\",\"item\":\"https:\\\/\\\/news.save.ch\\\/de\\\/\"},{\"@type\":\"ListItem\",\"position\":2,\"name\":\"Bundesrat erkl\u00e4rt die \u00abausserordentliche Lage\u00bb und versch\u00e4rft die Massnahmen zu Corona\"}]},{\"@type\":\"WebSite\",\"@id\":\"https:\\\/\\\/news.save.ch\\\/de\\\/#website\",\"url\":\"https:\\\/\\\/news.save.ch\\\/de\\\/\",\"name\":\"Save\",\"description\":\"Schweizer Fachzeitschrift f\u00fcr Sicherheit\",\"publisher\":{\"@id\":\"https:\\\/\\\/news.save.ch\\\/de\\\/#organization\"},\"potentialAction\":[{\"@type\":\"SearchAction\",\"target\":{\"@type\":\"EntryPoint\",\"urlTemplate\":\"https:\\\/\\\/news.save.ch\\\/de\\\/?s={search_term_string}\"},\"query-input\":{\"@type\":\"PropertyValueSpecification\",\"valueRequired\":true,\"valueName\":\"search_term_string\"}}],\"inLanguage\":\"fr-FR\"},{\"@type\":\"Organization\",\"@id\":\"https:\\\/\\\/news.save.ch\\\/de\\\/#organization\",\"name\":\"Sicherheitsforum\",\"url\":\"https:\\\/\\\/news.save.ch\\\/de\\\/\",\"logo\":{\"@type\":\"ImageObject\",\"inLanguage\":\"fr-FR\",\"@id\":\"https:\\\/\\\/news.save.ch\\\/de\\\/#\\\/schema\\\/logo\\\/image\\\/\",\"url\":\"https:\\\/\\\/news.save.ch\\\/wp-content\\\/uploads\\\/2022\\\/06\\\/Logo_SF_2012.png\",\"contentUrl\":\"https:\\\/\\\/news.save.ch\\\/wp-content\\\/uploads\\\/2022\\\/06\\\/Logo_SF_2012.png\",\"width\":1100,\"height\":91,\"caption\":\"Sicherheitsforum\"},\"image\":{\"@id\":\"https:\\\/\\\/news.save.ch\\\/de\\\/#\\\/schema\\\/logo\\\/image\\\/\"}},{\"@type\":\"Person\",\"@id\":\"https:\\\/\\\/news.save.ch\\\/de\\\/#\\\/schema\\\/person\\\/d49e199490bad7c70d64b9ab51142f2b\",\"name\":\"admin\",\"image\":{\"@type\":\"ImageObject\",\"inLanguage\":\"fr-FR\",\"@id\":\"https:\\\/\\\/secure.gravatar.com\\\/avatar\\\/ae2f4d718e6c49043e314ce431e7e645d646302a24a5ef5a8bc8e3f5a032e319?s=96&d=mm&r=g\",\"url\":\"https:\\\/\\\/secure.gravatar.com\\\/avatar\\\/ae2f4d718e6c49043e314ce431e7e645d646302a24a5ef5a8bc8e3f5a032e319?s=96&d=mm&r=g\",\"contentUrl\":\"https:\\\/\\\/secure.gravatar.com\\\/avatar\\\/ae2f4d718e6c49043e314ce431e7e645d646302a24a5ef5a8bc8e3f5a032e319?s=96&d=mm&r=g\",\"caption\":\"admin\"},\"sameAs\":[\"https:\\\/\\\/develop.organisator.galledia.ch\"],\"url\":\"https:\\\/\\\/news.save.ch\\\/fr\\\/author\\\/admin\\\/\"}]}<\/script>\n<!-- \/ Yoast SEO plugin. -->","yoast_head_json":{"title":"Le Conseil f\u00e9d\u00e9ral d\u00e9clare la \"situation extraordinaire\" et renforce les mesures concernant Corona - Save","description":"Ce soir, \u00e0 partir de minuit, toutes les manifestations sont interdites. Tous les magasins, restaurants, bars, cin\u00e9mas, centres sportifs, piscines, etc. seront ferm\u00e9s jusqu'au 19 avril.","robots":{"index":"index","follow":"follow","max-snippet":"max-snippet:-1","max-image-preview":"max-image-preview:large","max-video-preview":"max-video-preview:-1"},"canonical":"https:\/\/news.save.ch\/fr\/bundesrat-erklaert-die-ausserordentliche-lage-und-verschaerft-die-massnahmen-zu-corona\/","og_locale":"fr_FR","og_type":"article","og_title":"Bundesrat erkl\u00e4rt die \u00abausserordentliche Lage\u00bb und versch\u00e4rft die Massnahmen zu Corona - Save","og_description":"Heute ab Mitternacht sind alle Veranstaltungen verboten. Alle L\u00e4den, Restaurants, Bars, Kinos, Sportzentren, Schwimmb\u00e4der u.a. werden bis 19.04. geschlossen.","og_url":"https:\/\/news.save.ch\/fr\/bundesrat-erklaert-die-ausserordentliche-lage-und-verschaerft-die-massnahmen-zu-corona\/","og_site_name":"Save","article_published_time":"2020-03-16T16:42:53+00:00","article_modified_time":"2023-03-14T08:05:04+00:00","og_image":[{"width":971,"height":541,"url":"https:\/\/news.save.ch\/wp-content\/uploads\/2020\/03\/Screenshot_2020-03-16-16-03-2020-Medienkonferenz-des-BR-Conference-de-presse-du-CF-Conferenza-stampa-del-CF.png","type":"image\/png"}],"author":"admin","twitter_card":"summary_large_image","twitter_misc":{"\u00c9crit par":"admin","Dur\u00e9e de lecture estim\u00e9e":"5 minutes"},"schema":{"@context":"https:\/\/schema.org","@graph":[{"@type":"Article","@id":"https:\/\/news.save.ch\/bundesrat-erklaert-die-ausserordentliche-lage-und-verschaerft-die-massnahmen-zu-corona\/#article","isPartOf":{"@id":"https:\/\/news.save.ch\/bundesrat-erklaert-die-ausserordentliche-lage-und-verschaerft-die-massnahmen-zu-corona\/"},"author":{"name":"admin","@id":"https:\/\/news.save.ch\/de\/#\/schema\/person\/d49e199490bad7c70d64b9ab51142f2b"},"headline":"Bundesrat erkl\u00e4rt die \u00abausserordentliche Lage\u00bb und versch\u00e4rft die Massnahmen zu Corona","datePublished":"2020-03-16T16:42:53+00:00","dateModified":"2023-03-14T08:05:04+00:00","mainEntityOfPage":{"@id":"https:\/\/news.save.ch\/bundesrat-erklaert-die-ausserordentliche-lage-und-verschaerft-die-massnahmen-zu-corona\/"},"wordCount":1000,"publisher":{"@id":"https:\/\/news.save.ch\/de\/#organization"},"image":{"@id":"https:\/\/news.save.ch\/bundesrat-erklaert-die-ausserordentliche-lage-und-verschaerft-die-massnahmen-zu-corona\/#primaryimage"},"thumbnailUrl":"https:\/\/news.save.ch\/wp-content\/uploads\/2020\/03\/Screenshot_2020-03-16-16-03-2020-Medienkonferenz-des-BR-Conference-de-presse-du-CF-Conferenza-stampa-del-CF.png","keywords":["ausserordentliche Lage","Coronavirus","Spitallogistik","Veranstaltungen"],"articleSection":["ALLGEMEIN","HEALTH &amp; SAFETY"],"inLanguage":"fr-FR"},{"@type":"WebPage","@id":"https:\/\/news.save.ch\/bundesrat-erklaert-die-ausserordentliche-lage-und-verschaerft-die-massnahmen-zu-corona\/","url":"https:\/\/news.save.ch\/bundesrat-erklaert-die-ausserordentliche-lage-und-verschaerft-die-massnahmen-zu-corona\/","name":"Le Conseil f\u00e9d\u00e9ral d\u00e9clare la \"situation extraordinaire\" et renforce les mesures concernant Corona - Save","isPartOf":{"@id":"https:\/\/news.save.ch\/de\/#website"},"primaryImageOfPage":{"@id":"https:\/\/news.save.ch\/bundesrat-erklaert-die-ausserordentliche-lage-und-verschaerft-die-massnahmen-zu-corona\/#primaryimage"},"image":{"@id":"https:\/\/news.save.ch\/bundesrat-erklaert-die-ausserordentliche-lage-und-verschaerft-die-massnahmen-zu-corona\/#primaryimage"},"thumbnailUrl":"https:\/\/news.save.ch\/wp-content\/uploads\/2020\/03\/Screenshot_2020-03-16-16-03-2020-Medienkonferenz-des-BR-Conference-de-presse-du-CF-Conferenza-stampa-del-CF.png","datePublished":"2020-03-16T16:42:53+00:00","dateModified":"2023-03-14T08:05:04+00:00","description":"Ce soir, \u00e0 partir de minuit, toutes les manifestations sont interdites. Tous les magasins, restaurants, bars, cin\u00e9mas, centres sportifs, piscines, etc. seront ferm\u00e9s jusqu'au 19 avril.","breadcrumb":{"@id":"https:\/\/news.save.ch\/bundesrat-erklaert-die-ausserordentliche-lage-und-verschaerft-die-massnahmen-zu-corona\/#breadcrumb"},"inLanguage":"fr-FR","potentialAction":[{"@type":"ReadAction","target":["https:\/\/news.save.ch\/bundesrat-erklaert-die-ausserordentliche-lage-und-verschaerft-die-massnahmen-zu-corona\/"]}]},{"@type":"ImageObject","inLanguage":"fr-FR","@id":"https:\/\/news.save.ch\/bundesrat-erklaert-die-ausserordentliche-lage-und-verschaerft-die-massnahmen-zu-corona\/#primaryimage","url":"https:\/\/news.save.ch\/wp-content\/uploads\/2020\/03\/Screenshot_2020-03-16-16-03-2020-Medienkonferenz-des-BR-Conference-de-presse-du-CF-Conferenza-stampa-del-CF.png","contentUrl":"https:\/\/news.save.ch\/wp-content\/uploads\/2020\/03\/Screenshot_2020-03-16-16-03-2020-Medienkonferenz-des-BR-Conference-de-presse-du-CF-Conferenza-stampa-del-CF.png","width":971,"height":541,"caption":"Heute ab Mitternacht sind \u00f6ffentliche und private Veranstaltungen verboten. Alle L\u00e4den, M\u00e4rkte, Restaurants, Bars sowie Unterhaltungs- und Freizeitbetriebe wie Museen, Bibliotheken, Kinos, Konzert- und Theaterh\u00e4user, Sportzentren, Schwimmb\u00e4der und Skigebiete werden geschlossen."},{"@type":"BreadcrumbList","@id":"https:\/\/news.save.ch\/bundesrat-erklaert-die-ausserordentliche-lage-und-verschaerft-die-massnahmen-zu-corona\/#breadcrumb","itemListElement":[{"@type":"ListItem","position":1,"name":"Home","item":"https:\/\/news.save.ch\/de\/"},{"@type":"ListItem","position":2,"name":"Bundesrat erkl\u00e4rt die \u00abausserordentliche Lage\u00bb und versch\u00e4rft die Massnahmen zu Corona"}]},{"@type":"WebSite","@id":"https:\/\/news.save.ch\/de\/#website","url":"https:\/\/news.save.ch\/de\/","name":"Save","description":"Revue suisse sp\u00e9cialis\u00e9e dans la s\u00e9curit\u00e9","publisher":{"@id":"https:\/\/news.save.ch\/de\/#organization"},"potentialAction":[{"@type":"SearchAction","target":{"@type":"EntryPoint","urlTemplate":"https:\/\/news.save.ch\/de\/?s={search_term_string}"},"query-input":{"@type":"PropertyValueSpecification","valueRequired":true,"valueName":"search_term_string"}}],"inLanguage":"fr-FR"},{"@type":"Organization","@id":"https:\/\/news.save.ch\/de\/#organization","name":"Forum sur la s\u00e9curit\u00e9","url":"https:\/\/news.save.ch\/de\/","logo":{"@type":"ImageObject","inLanguage":"fr-FR","@id":"https:\/\/news.save.ch\/de\/#\/schema\/logo\/image\/","url":"https:\/\/news.save.ch\/wp-content\/uploads\/2022\/06\/Logo_SF_2012.png","contentUrl":"https:\/\/news.save.ch\/wp-content\/uploads\/2022\/06\/Logo_SF_2012.png","width":1100,"height":91,"caption":"Sicherheitsforum"},"image":{"@id":"https:\/\/news.save.ch\/de\/#\/schema\/logo\/image\/"}},{"@type":"Person","@id":"https:\/\/news.save.ch\/de\/#\/schema\/person\/d49e199490bad7c70d64b9ab51142f2b","name":"admin","image":{"@type":"ImageObject","inLanguage":"fr-FR","@id":"https:\/\/secure.gravatar.com\/avatar\/ae2f4d718e6c49043e314ce431e7e645d646302a24a5ef5a8bc8e3f5a032e319?s=96&d=mm&r=g","url":"https:\/\/secure.gravatar.com\/avatar\/ae2f4d718e6c49043e314ce431e7e645d646302a24a5ef5a8bc8e3f5a032e319?s=96&d=mm&r=g","contentUrl":"https:\/\/secure.gravatar.com\/avatar\/ae2f4d718e6c49043e314ce431e7e645d646302a24a5ef5a8bc8e3f5a032e319?s=96&d=mm&r=g","caption":"admin"},"sameAs":["https:\/\/develop.organisator.galledia.ch"],"url":"https:\/\/news.save.ch\/fr\/author\/admin\/"}]}},"_links":{"self":[{"href":"https:\/\/news.save.ch\/fr\/wp-json\/wp\/v2\/posts\/5444","targetHints":{"allow":["GET"]}}],"collection":[{"href":"https:\/\/news.save.ch\/fr\/wp-json\/wp\/v2\/posts"}],"about":[{"href":"https:\/\/news.save.ch\/fr\/wp-json\/wp\/v2\/types\/post"}],"author":[{"embeddable":true,"href":"https:\/\/news.save.ch\/fr\/wp-json\/wp\/v2\/users\/1"}],"replies":[{"embeddable":true,"href":"https:\/\/news.save.ch\/fr\/wp-json\/wp\/v2\/comments?post=5444"}],"version-history":[{"count":1,"href":"https:\/\/news.save.ch\/fr\/wp-json\/wp\/v2\/posts\/5444\/revisions"}],"predecessor-version":[{"id":18210,"href":"https:\/\/news.save.ch\/fr\/wp-json\/wp\/v2\/posts\/5444\/revisions\/18210"}],"wp:featuredmedia":[{"embeddable":true,"href":"https:\/\/news.save.ch\/fr\/wp-json\/wp\/v2\/media\/5445"}],"wp:attachment":[{"href":"https:\/\/news.save.ch\/fr\/wp-json\/wp\/v2\/media?parent=5444"}],"wp:term":[{"taxonomy":"category","embeddable":true,"href":"https:\/\/news.save.ch\/fr\/wp-json\/wp\/v2\/categories?post=5444"},{"taxonomy":"post_tag","embeddable":true,"href":"https:\/\/news.save.ch\/fr\/wp-json\/wp\/v2\/tags?post=5444"}],"curies":[{"name":"wp","href":"https:\/\/api.w.org\/{rel}","templated":true}]}}