{"id":5473,"date":"2017-10-10T06:00:54","date_gmt":"2017-10-10T04:00:54","guid":{"rendered":"https:\/\/news.save.ch\/?p=5473"},"modified":"2023-03-14T08:57:00","modified_gmt":"2023-03-14T07:57:00","slug":"dsgvo-4-tipps-zur-vorbereitung","status":null,"type":"post","link":"https:\/\/news.save.ch\/fr\/dsgvo-4-tipps-zur-vorbereitung\/","title":{"rendered":"RGPD : 4 conseils pour se pr\u00e9parer"},"content":{"rendered":"<figure id=\"attachment_5474\" aria-describedby=\"caption-attachment-5474\" style=\"width: 680px\" class=\"wp-caption aligncenter\"><img loading=\"lazy\" decoding=\"async\" class=\"wp-image-5474 size-medium\" src=\"https:\/\/news.save.ch\/wp-content\/uploads\/2017\/10\/Depositphotos_61397193_m-2015.jpg\" alt=\"DSGVO, R\u00e8glement g\u00e9n\u00e9ral sur la protection des donn\u00e9es, ISO 27001\" width=\"680\" height=\"504\" srcset=\"https:\/\/news.save.ch\/wp-content\/uploads\/2017\/10\/Depositphotos_61397193_m-2015.jpg 1000w, https:\/\/news.save.ch\/wp-content\/uploads\/2017\/10\/Depositphotos_61397193_m-2015-375x278.jpg 375w\" sizes=\"auto, (max-width: 680px) 100vw, 680px\" \/><figcaption id=\"caption-attachment-5474\" class=\"wp-caption-text\">\u00a9 depositphotos<\/figcaption><\/figure>\n<p>&nbsp;<\/p>\n<p>Avec les quatre conseils concrets suivants <a href=\"https:\/\/www.microfocus.de\">Micro Focus<\/a> permet aux entreprises de bien se pr\u00e9parer au r\u00e8glement g\u00e9n\u00e9ral sur la protection des donn\u00e9es (RGPD) de l'Union europ\u00e9enne :<\/p>\n<ol>\n<li><strong> Obtenir une vue d'ensemble<\/strong><\/li>\n<\/ol>\n<p>Le RGPD est complexe - il ne s'agit plus seulement d'une directive comme la loi f\u00e9d\u00e9rale allemande sur la protection des donn\u00e9es, mais d'une l\u00e9gislation fixe avec des cons\u00e9quences importantes. Ainsi, \u00e0 partir de mai 2018, toute infraction au RGPD sera passible d'une amende p\u00e9nale. Cela vaut \u00e9galement pour les entreprises qui ne sont pas implant\u00e9es dans l'UE, mais qui y exercent leurs activit\u00e9s : Jusqu'\u00e0 quatre pour cent du chiffre d'affaires annuel mondial peuvent \u00eatre inflig\u00e9s \u00e0 titre d'amende. Il est donc urgent que les entreprises prennent des mesures. Un premier pas dans la bonne direction serait de se faire certifier en tant qu'entreprise par la norme internationale ISO\/IEC 27001. Pour cela, il vaut la peine d'introduire un syst\u00e8me de gestion de la s\u00e9curit\u00e9 de l'information (SGSI). Mais pour les petites et moyennes entreprises, cela est g\u00e9n\u00e9ralement inutilement co\u00fbteux. Et attention : m\u00eame une certification ISO ne signifie pas automatiquement une conformit\u00e9 avec le RGPD ! Il devrait donc \u00eatre prioritaire pour chaque entreprise de v\u00e9rifier, en ce qui concerne la s\u00e9curit\u00e9 des donn\u00e9es, quelles mesures sont judicieuses pour sa propre entreprise.<\/p>\n<ol start=\"2\">\n<li><strong> Structurer les donn\u00e9es<\/strong><\/li>\n<\/ol>\n<p>Le RGPD donne \u00e0 toute personne le droit d'obtenir la suppression de ses donn\u00e9es, droit qu'une entreprise doit bien entendu respecter si elle le souhaite. La d\u00e9finition des donn\u00e9es \u00e0 caract\u00e8re personnel est tr\u00e8s large : les adresses IP, les identifiants des utilisateurs ou les cookies sont \u00e9galement concern\u00e9s. Mais pour cela, il faut d'abord avoir une vue d'ensemble de l'endroit o\u00f9 les donn\u00e9es personnelles sont trait\u00e9es et enregistr\u00e9es dans l'entreprise. On se rend vite compte que cette t\u00e2che n'est pas triviale si l'on consid\u00e8re le volume de donn\u00e9es distribu\u00e9es par e-mail et stock\u00e9es sur des supports de donn\u00e9es locaux dans les entreprises. Celui qui ma\u00eetrise l'analyse, la classification et la gestion de ses donn\u00e9es dispose d'une base solide pour le RGPD.<\/p>\n<ol start=\"3\">\n<li><strong>Contr\u00f4ler les droits d'utilisateur et d'acc\u00e8s<\/strong><\/li>\n<\/ol>\n<p>Dans le contexte du RGPD, les autorisations qui permettent d'acc\u00e9der aux donn\u00e9es personnelles doivent notamment \u00eatre soumises \u00e0 un contr\u00f4le r\u00e9gulier. L'emploi de collaborateurs temporaires tels que les stagiaires, les apprentis ou les stagiaires, mais aussi les changements de service peuvent entra\u00eener des autorisations non autoris\u00e9es au sens du RGPD. En principe et ind\u00e9pendamment du RGPD, les entreprises devraient soumettre toutes les autorisations \u00e0 un contr\u00f4le r\u00e9gulier. Afin de limiter la charge de travail de l'entreprise, la fr\u00e9quence du contr\u00f4le devrait \u00eatre fonction de la criticit\u00e9 de l'autorisation - les autorisations critiques devraient \u00eatre contr\u00f4l\u00e9es r\u00e9guli\u00e8rement au plus tard tous les trois mois, pour les autorisations moins critiques, un contr\u00f4le annuel peut suffire. En outre, les autorisations devraient \u00eatre v\u00e9rifi\u00e9es au cas par cas, en fonction des \u00e9v\u00e9nements, par exemple en cas de changement de service ou de d\u00e9part d'un collaborateur.<\/p>\n<ol start=\"4\">\n<li><strong> Obtenir un aper\u00e7u<\/strong><\/li>\n<\/ol>\n<p>La surveillance constante des acc\u00e8s \u00e0 certaines donn\u00e9es permet justement de d\u00e9tecter \u00e0 temps d'\u00e9ventuelles violations de la protection des donn\u00e9es. Selon le RGPD, une attaque doit \u00eatre signal\u00e9e \u00e0 l'autorit\u00e9 de contr\u00f4le dans un d\u00e9lai de 72 heures seulement. Pour y parvenir, il faut toutefois avoir une vue d'ensemble compl\u00e8te de l'environnement des processus et des syst\u00e8mes. Si les processus sont confi\u00e9s \u00e0 des entreprises tierces ou au cloud, il peut s'\u00e9couler un certain temps avant qu'une attaque ne soit rendue publique. Le soutien technique, par exemple sous la forme de solutions SIEM, analyse le syst\u00e8me presque en temps r\u00e9el. Un programme SIEM centralise l'analyse et l'enregistrement des journaux d'\u00e9v\u00e9nements afin de pouvoir les passer au crible en temps r\u00e9el. Une solution de surveillance des changements un peu plus simple constitue une alternative. Elle ne permet certes pas d'analyser des processus complexes, mais elle r\u00e9duit d\u00e9j\u00e0 consid\u00e9rablement les temps de r\u00e9action en cas d'incidents de s\u00e9curit\u00e9.<\/p>\n<p><strong>Conclusion : cr\u00e9er de la transparence<\/strong><\/p>\n<p>Outre la protection des donn\u00e9es, le RGPD place une chose au-dessus de tout : la transparence. Les entreprises doivent formuler de mani\u00e8re claire et transparente la mani\u00e8re dont elles utilisent les donn\u00e9es \u00e0 caract\u00e8re personnel. Cela doit \u00eatre organis\u00e9 de mani\u00e8re compr\u00e9hensible - qui a vu les informations et qui les a utilis\u00e9es pour quoi ? Comment les transferts de donn\u00e9es transfrontaliers sont-ils g\u00e9r\u00e9s ? Y a-t-il d\u00e9j\u00e0 un responsable de la protection des donn\u00e9es au sein de l'entreprise qui s'occupe de mani\u00e8re group\u00e9e des nouvelles exigences ? M\u00eame si les donn\u00e9es \u00e0 caract\u00e8re personnel sont stock\u00e9es pour le compte d'autres organisations, les nouvelles r\u00e8gles doivent \u00eatre respect\u00e9es - il y a beaucoup de choses \u00e0 prendre en compte.<\/p>\n<p><em>Texte : Christoph Stoica, directeur g\u00e9n\u00e9ral r\u00e9gional chez Micro Focus<\/em><\/p>\n<p><em>D'autres conseils de pr\u00e9paration sont disponibles <a href=\"https:\/\/news.save.ch\/fr\/dsgvo-7-tipps-fuer-die-vorbereitung\/\">ici<\/a><\/em><\/p>\n<p>&nbsp;<\/p>","protected":false},"excerpt":{"rendered":"<p>&nbsp; Mit den nachfolgenden vier konkrete Tipps Micro Focus k\u00f6nnen sich Unternehmen gut auf die Datenschutzgrundverordnung (DSGVO) der Europ\u00e4ischen Union vorbereiten: \u00dcberblick verschaffen Die DSGVO ist komplex \u2013 es wird nicht mehr nur eine Richtlinie wie beim deutschen Bundesdatenschutzgesetz vorgegeben, sondern es werden feste Gesetze mit weitreichenden Konsequenzen eingef\u00fchrt. So droht bei einem Vergehen gegen [&hellip;]<\/p>\n","protected":false},"author":8,"featured_media":5474,"comment_status":"open","ping_status":"open","sticky":false,"template":"","format":"standard","meta":{"_acf_changed":false,"pgc_sgb_lightbox_settings":"","footnotes":""},"categories":[3313],"tags":[350,62],"class_list":["post-5473","post","type-post","status-publish","format-standard","has-post-thumbnail","hentry","category-digitalisierung","tag-datenschutzgesetz","tag-ict-sicherheit"],"acf":[],"hkrextid":null,"publication":null,"issue":null,"workflow":null,"startPage":null,"spitzmarke":null,"_posts_by_tag_page_fields":{"widget_title":"","widget_tags":""},"_at_widget":"1","_yoast_wpseo_primary_category":"2","_yoast_wpseo_focuskw_text_input":"DSGVO","_yoast_wpseo_opengraph-image":null,"_yoast_wpseo_opengraph-description":null,"_yoast_wpseo_opengraph-title":null,"enclosure":null,"_yoast_wpseo_twitter-title":null,"_yoast_wpseo_twitter-description":null,"_yoast_wpseo_twitter-image":null,"_wp_old_slug":null,"_yoast_wpseo_title":null,"_yoast_wpseo_canonical":null,"yoast_head":"<!-- This site is optimized with the Yoast SEO plugin v27.5 - https:\/\/yoast.com\/product\/yoast-seo-wordpress\/ -->\n<title>DSGVO: 4 Tipps zur Vorbereitung - Save<\/title>\n<meta name=\"description\" content=\"Unternehmen bleibt nicht mehr viel Zeit, Richtlinien, Prozesse und Systeme ad\u00e4quat an die EU-Datenschutzgrundverordnung zupassen.\" \/>\n<meta name=\"robots\" content=\"index, follow, max-snippet:-1, max-image-preview:large, max-video-preview:-1\" \/>\n<link rel=\"canonical\" href=\"https:\/\/news.save.ch\/fr\/dsgvo-4-tipps-zur-vorbereitung\/\" \/>\n<meta property=\"og:locale\" content=\"fr_FR\" \/>\n<meta property=\"og:type\" content=\"article\" \/>\n<meta property=\"og:title\" content=\"DSGVO: 4 Tipps zur Vorbereitung - Save\" \/>\n<meta property=\"og:description\" content=\"Unternehmen bleibt nicht mehr viel Zeit, Richtlinien, Prozesse und Systeme ad\u00e4quat an die EU-Datenschutzgrundverordnung zupassen.\" \/>\n<meta property=\"og:url\" content=\"https:\/\/news.save.ch\/fr\/dsgvo-4-tipps-zur-vorbereitung\/\" \/>\n<meta property=\"og:site_name\" content=\"Save\" \/>\n<meta property=\"article:published_time\" content=\"2017-10-10T04:00:54+00:00\" \/>\n<meta property=\"article:modified_time\" content=\"2023-03-14T07:57:00+00:00\" \/>\n<meta property=\"og:image\" content=\"https:\/\/news.save.ch\/wp-content\/uploads\/2017\/10\/Depositphotos_61397193_m-2015.jpg\" \/>\n\t<meta property=\"og:image:width\" content=\"1000\" \/>\n\t<meta property=\"og:image:height\" content=\"741\" \/>\n\t<meta property=\"og:image:type\" content=\"image\/jpeg\" \/>\n<meta name=\"author\" content=\"Roger Str\u00e4ssle\" \/>\n<meta name=\"twitter:card\" content=\"summary_large_image\" \/>\n<meta name=\"twitter:label1\" content=\"\u00c9crit par\" \/>\n\t<meta name=\"twitter:data1\" content=\"Roger Str\u00e4ssle\" \/>\n\t<meta name=\"twitter:label2\" content=\"Dur\u00e9e de lecture estim\u00e9e\" \/>\n\t<meta name=\"twitter:data2\" content=\"3 minutes\" \/>\n<script type=\"application\/ld+json\" class=\"yoast-schema-graph\">{\"@context\":\"https:\\\/\\\/schema.org\",\"@graph\":[{\"@type\":\"Article\",\"@id\":\"https:\\\/\\\/news.save.ch\\\/dsgvo-4-tipps-zur-vorbereitung\\\/#article\",\"isPartOf\":{\"@id\":\"https:\\\/\\\/news.save.ch\\\/dsgvo-4-tipps-zur-vorbereitung\\\/\"},\"author\":{\"name\":\"Roger Str\u00e4ssle\",\"@id\":\"https:\\\/\\\/news.save.ch\\\/de\\\/#\\\/schema\\\/person\\\/d5022db048e0e2b9785c50e5b24da5aa\"},\"headline\":\"DSGVO: 4 Tipps zur Vorbereitung\",\"datePublished\":\"2017-10-10T04:00:54+00:00\",\"dateModified\":\"2023-03-14T07:57:00+00:00\",\"mainEntityOfPage\":{\"@id\":\"https:\\\/\\\/news.save.ch\\\/dsgvo-4-tipps-zur-vorbereitung\\\/\"},\"wordCount\":690,\"commentCount\":0,\"publisher\":{\"@id\":\"https:\\\/\\\/news.save.ch\\\/de\\\/#organization\"},\"image\":{\"@id\":\"https:\\\/\\\/news.save.ch\\\/dsgvo-4-tipps-zur-vorbereitung\\\/#primaryimage\"},\"thumbnailUrl\":\"https:\\\/\\\/news.save.ch\\\/wp-content\\\/uploads\\\/2017\\\/10\\\/Depositphotos_61397193_m-2015.jpg\",\"keywords\":[\"Datenschutzgesetz\",\"ICT-Sicherheit\"],\"articleSection\":[\"DIGITALISIERUNG\"],\"inLanguage\":\"fr-FR\"},{\"@type\":\"WebPage\",\"@id\":\"https:\\\/\\\/news.save.ch\\\/dsgvo-4-tipps-zur-vorbereitung\\\/\",\"url\":\"https:\\\/\\\/news.save.ch\\\/dsgvo-4-tipps-zur-vorbereitung\\\/\",\"name\":\"DSGVO: 4 Tipps zur Vorbereitung - Save\",\"isPartOf\":{\"@id\":\"https:\\\/\\\/news.save.ch\\\/de\\\/#website\"},\"primaryImageOfPage\":{\"@id\":\"https:\\\/\\\/news.save.ch\\\/dsgvo-4-tipps-zur-vorbereitung\\\/#primaryimage\"},\"image\":{\"@id\":\"https:\\\/\\\/news.save.ch\\\/dsgvo-4-tipps-zur-vorbereitung\\\/#primaryimage\"},\"thumbnailUrl\":\"https:\\\/\\\/news.save.ch\\\/wp-content\\\/uploads\\\/2017\\\/10\\\/Depositphotos_61397193_m-2015.jpg\",\"datePublished\":\"2017-10-10T04:00:54+00:00\",\"dateModified\":\"2023-03-14T07:57:00+00:00\",\"description\":\"Unternehmen bleibt nicht mehr viel Zeit, Richtlinien, Prozesse und Systeme ad\u00e4quat an die EU-Datenschutzgrundverordnung zupassen.\",\"breadcrumb\":{\"@id\":\"https:\\\/\\\/news.save.ch\\\/dsgvo-4-tipps-zur-vorbereitung\\\/#breadcrumb\"},\"inLanguage\":\"fr-FR\",\"potentialAction\":[{\"@type\":\"ReadAction\",\"target\":[\"https:\\\/\\\/news.save.ch\\\/dsgvo-4-tipps-zur-vorbereitung\\\/\"]}]},{\"@type\":\"ImageObject\",\"inLanguage\":\"fr-FR\",\"@id\":\"https:\\\/\\\/news.save.ch\\\/dsgvo-4-tipps-zur-vorbereitung\\\/#primaryimage\",\"url\":\"https:\\\/\\\/news.save.ch\\\/wp-content\\\/uploads\\\/2017\\\/10\\\/Depositphotos_61397193_m-2015.jpg\",\"contentUrl\":\"https:\\\/\\\/news.save.ch\\\/wp-content\\\/uploads\\\/2017\\\/10\\\/Depositphotos_61397193_m-2015.jpg\",\"width\":1000,\"height\":741,\"caption\":\"\u00a9 depositphotos\"},{\"@type\":\"BreadcrumbList\",\"@id\":\"https:\\\/\\\/news.save.ch\\\/dsgvo-4-tipps-zur-vorbereitung\\\/#breadcrumb\",\"itemListElement\":[{\"@type\":\"ListItem\",\"position\":1,\"name\":\"Home\",\"item\":\"https:\\\/\\\/news.save.ch\\\/de\\\/\"},{\"@type\":\"ListItem\",\"position\":2,\"name\":\"DSGVO: 4 Tipps zur Vorbereitung\"}]},{\"@type\":\"WebSite\",\"@id\":\"https:\\\/\\\/news.save.ch\\\/de\\\/#website\",\"url\":\"https:\\\/\\\/news.save.ch\\\/de\\\/\",\"name\":\"Save\",\"description\":\"Schweizer Fachzeitschrift f\u00fcr Sicherheit\",\"publisher\":{\"@id\":\"https:\\\/\\\/news.save.ch\\\/de\\\/#organization\"},\"potentialAction\":[{\"@type\":\"SearchAction\",\"target\":{\"@type\":\"EntryPoint\",\"urlTemplate\":\"https:\\\/\\\/news.save.ch\\\/de\\\/?s={search_term_string}\"},\"query-input\":{\"@type\":\"PropertyValueSpecification\",\"valueRequired\":true,\"valueName\":\"search_term_string\"}}],\"inLanguage\":\"fr-FR\"},{\"@type\":\"Organization\",\"@id\":\"https:\\\/\\\/news.save.ch\\\/de\\\/#organization\",\"name\":\"Sicherheitsforum\",\"url\":\"https:\\\/\\\/news.save.ch\\\/de\\\/\",\"logo\":{\"@type\":\"ImageObject\",\"inLanguage\":\"fr-FR\",\"@id\":\"https:\\\/\\\/news.save.ch\\\/de\\\/#\\\/schema\\\/logo\\\/image\\\/\",\"url\":\"https:\\\/\\\/news.save.ch\\\/wp-content\\\/uploads\\\/2022\\\/06\\\/Logo_SF_2012.png\",\"contentUrl\":\"https:\\\/\\\/news.save.ch\\\/wp-content\\\/uploads\\\/2022\\\/06\\\/Logo_SF_2012.png\",\"width\":1100,\"height\":91,\"caption\":\"Sicherheitsforum\"},\"image\":{\"@id\":\"https:\\\/\\\/news.save.ch\\\/de\\\/#\\\/schema\\\/logo\\\/image\\\/\"}},{\"@type\":\"Person\",\"@id\":\"https:\\\/\\\/news.save.ch\\\/de\\\/#\\\/schema\\\/person\\\/d5022db048e0e2b9785c50e5b24da5aa\",\"name\":\"Roger Str\u00e4ssle\",\"image\":{\"@type\":\"ImageObject\",\"inLanguage\":\"fr-FR\",\"@id\":\"https:\\\/\\\/secure.gravatar.com\\\/avatar\\\/862a5569d087de48e5856e32f45d719a03804c891d6deb8d4f71a660e79e4a47?s=96&d=mm&r=g\",\"url\":\"https:\\\/\\\/secure.gravatar.com\\\/avatar\\\/862a5569d087de48e5856e32f45d719a03804c891d6deb8d4f71a660e79e4a47?s=96&d=mm&r=g\",\"contentUrl\":\"https:\\\/\\\/secure.gravatar.com\\\/avatar\\\/862a5569d087de48e5856e32f45d719a03804c891d6deb8d4f71a660e79e4a47?s=96&d=mm&r=g\",\"caption\":\"Roger Str\u00e4ssle\"},\"url\":\"https:\\\/\\\/news.save.ch\\\/fr\\\/author\\\/roger-straessle\\\/\"}]}<\/script>\n<!-- \/ Yoast SEO plugin. -->","yoast_head_json":{"title":"RGPD : 4 conseils pour se pr\u00e9parer - Save","description":"Les entreprises n'ont plus beaucoup de temps pour adapter leurs politiques, processus et syst\u00e8mes de mani\u00e8re ad\u00e9quate au r\u00e8glement g\u00e9n\u00e9ral sur la protection des donn\u00e9es de l'UE.","robots":{"index":"index","follow":"follow","max-snippet":"max-snippet:-1","max-image-preview":"max-image-preview:large","max-video-preview":"max-video-preview:-1"},"canonical":"https:\/\/news.save.ch\/fr\/dsgvo-4-tipps-zur-vorbereitung\/","og_locale":"fr_FR","og_type":"article","og_title":"DSGVO: 4 Tipps zur Vorbereitung - Save","og_description":"Unternehmen bleibt nicht mehr viel Zeit, Richtlinien, Prozesse und Systeme ad\u00e4quat an die EU-Datenschutzgrundverordnung zupassen.","og_url":"https:\/\/news.save.ch\/fr\/dsgvo-4-tipps-zur-vorbereitung\/","og_site_name":"Save","article_published_time":"2017-10-10T04:00:54+00:00","article_modified_time":"2023-03-14T07:57:00+00:00","og_image":[{"width":1000,"height":741,"url":"https:\/\/news.save.ch\/wp-content\/uploads\/2017\/10\/Depositphotos_61397193_m-2015.jpg","type":"image\/jpeg"}],"author":"Roger Str\u00e4ssle","twitter_card":"summary_large_image","twitter_misc":{"\u00c9crit par":"Roger Str\u00e4ssle","Dur\u00e9e de lecture estim\u00e9e":"3 minutes"},"schema":{"@context":"https:\/\/schema.org","@graph":[{"@type":"Article","@id":"https:\/\/news.save.ch\/dsgvo-4-tipps-zur-vorbereitung\/#article","isPartOf":{"@id":"https:\/\/news.save.ch\/dsgvo-4-tipps-zur-vorbereitung\/"},"author":{"name":"Roger Str\u00e4ssle","@id":"https:\/\/news.save.ch\/de\/#\/schema\/person\/d5022db048e0e2b9785c50e5b24da5aa"},"headline":"DSGVO: 4 Tipps zur Vorbereitung","datePublished":"2017-10-10T04:00:54+00:00","dateModified":"2023-03-14T07:57:00+00:00","mainEntityOfPage":{"@id":"https:\/\/news.save.ch\/dsgvo-4-tipps-zur-vorbereitung\/"},"wordCount":690,"commentCount":0,"publisher":{"@id":"https:\/\/news.save.ch\/de\/#organization"},"image":{"@id":"https:\/\/news.save.ch\/dsgvo-4-tipps-zur-vorbereitung\/#primaryimage"},"thumbnailUrl":"https:\/\/news.save.ch\/wp-content\/uploads\/2017\/10\/Depositphotos_61397193_m-2015.jpg","keywords":["Datenschutzgesetz","ICT-Sicherheit"],"articleSection":["DIGITALISIERUNG"],"inLanguage":"fr-FR"},{"@type":"WebPage","@id":"https:\/\/news.save.ch\/dsgvo-4-tipps-zur-vorbereitung\/","url":"https:\/\/news.save.ch\/dsgvo-4-tipps-zur-vorbereitung\/","name":"RGPD : 4 conseils pour se pr\u00e9parer - Save","isPartOf":{"@id":"https:\/\/news.save.ch\/de\/#website"},"primaryImageOfPage":{"@id":"https:\/\/news.save.ch\/dsgvo-4-tipps-zur-vorbereitung\/#primaryimage"},"image":{"@id":"https:\/\/news.save.ch\/dsgvo-4-tipps-zur-vorbereitung\/#primaryimage"},"thumbnailUrl":"https:\/\/news.save.ch\/wp-content\/uploads\/2017\/10\/Depositphotos_61397193_m-2015.jpg","datePublished":"2017-10-10T04:00:54+00:00","dateModified":"2023-03-14T07:57:00+00:00","description":"Les entreprises n'ont plus beaucoup de temps pour adapter leurs politiques, processus et syst\u00e8mes de mani\u00e8re ad\u00e9quate au r\u00e8glement g\u00e9n\u00e9ral sur la protection des donn\u00e9es de l'UE.","breadcrumb":{"@id":"https:\/\/news.save.ch\/dsgvo-4-tipps-zur-vorbereitung\/#breadcrumb"},"inLanguage":"fr-FR","potentialAction":[{"@type":"ReadAction","target":["https:\/\/news.save.ch\/dsgvo-4-tipps-zur-vorbereitung\/"]}]},{"@type":"ImageObject","inLanguage":"fr-FR","@id":"https:\/\/news.save.ch\/dsgvo-4-tipps-zur-vorbereitung\/#primaryimage","url":"https:\/\/news.save.ch\/wp-content\/uploads\/2017\/10\/Depositphotos_61397193_m-2015.jpg","contentUrl":"https:\/\/news.save.ch\/wp-content\/uploads\/2017\/10\/Depositphotos_61397193_m-2015.jpg","width":1000,"height":741,"caption":"\u00a9 depositphotos"},{"@type":"BreadcrumbList","@id":"https:\/\/news.save.ch\/dsgvo-4-tipps-zur-vorbereitung\/#breadcrumb","itemListElement":[{"@type":"ListItem","position":1,"name":"Home","item":"https:\/\/news.save.ch\/de\/"},{"@type":"ListItem","position":2,"name":"DSGVO: 4 Tipps zur Vorbereitung"}]},{"@type":"WebSite","@id":"https:\/\/news.save.ch\/de\/#website","url":"https:\/\/news.save.ch\/de\/","name":"Save","description":"Revue suisse sp\u00e9cialis\u00e9e dans la s\u00e9curit\u00e9","publisher":{"@id":"https:\/\/news.save.ch\/de\/#organization"},"potentialAction":[{"@type":"SearchAction","target":{"@type":"EntryPoint","urlTemplate":"https:\/\/news.save.ch\/de\/?s={search_term_string}"},"query-input":{"@type":"PropertyValueSpecification","valueRequired":true,"valueName":"search_term_string"}}],"inLanguage":"fr-FR"},{"@type":"Organization","@id":"https:\/\/news.save.ch\/de\/#organization","name":"Forum sur la s\u00e9curit\u00e9","url":"https:\/\/news.save.ch\/de\/","logo":{"@type":"ImageObject","inLanguage":"fr-FR","@id":"https:\/\/news.save.ch\/de\/#\/schema\/logo\/image\/","url":"https:\/\/news.save.ch\/wp-content\/uploads\/2022\/06\/Logo_SF_2012.png","contentUrl":"https:\/\/news.save.ch\/wp-content\/uploads\/2022\/06\/Logo_SF_2012.png","width":1100,"height":91,"caption":"Sicherheitsforum"},"image":{"@id":"https:\/\/news.save.ch\/de\/#\/schema\/logo\/image\/"}},{"@type":"Person","@id":"https:\/\/news.save.ch\/de\/#\/schema\/person\/d5022db048e0e2b9785c50e5b24da5aa","name":"Roger Str\u00e4ssle","image":{"@type":"ImageObject","inLanguage":"fr-FR","@id":"https:\/\/secure.gravatar.com\/avatar\/862a5569d087de48e5856e32f45d719a03804c891d6deb8d4f71a660e79e4a47?s=96&d=mm&r=g","url":"https:\/\/secure.gravatar.com\/avatar\/862a5569d087de48e5856e32f45d719a03804c891d6deb8d4f71a660e79e4a47?s=96&d=mm&r=g","contentUrl":"https:\/\/secure.gravatar.com\/avatar\/862a5569d087de48e5856e32f45d719a03804c891d6deb8d4f71a660e79e4a47?s=96&d=mm&r=g","caption":"Roger Str\u00e4ssle"},"url":"https:\/\/news.save.ch\/fr\/author\/roger-straessle\/"}]}},"_links":{"self":[{"href":"https:\/\/news.save.ch\/fr\/wp-json\/wp\/v2\/posts\/5473","targetHints":{"allow":["GET"]}}],"collection":[{"href":"https:\/\/news.save.ch\/fr\/wp-json\/wp\/v2\/posts"}],"about":[{"href":"https:\/\/news.save.ch\/fr\/wp-json\/wp\/v2\/types\/post"}],"author":[{"embeddable":true,"href":"https:\/\/news.save.ch\/fr\/wp-json\/wp\/v2\/users\/8"}],"replies":[{"embeddable":true,"href":"https:\/\/news.save.ch\/fr\/wp-json\/wp\/v2\/comments?post=5473"}],"version-history":[{"count":1,"href":"https:\/\/news.save.ch\/fr\/wp-json\/wp\/v2\/posts\/5473\/revisions"}],"predecessor-version":[{"id":17485,"href":"https:\/\/news.save.ch\/fr\/wp-json\/wp\/v2\/posts\/5473\/revisions\/17485"}],"wp:featuredmedia":[{"embeddable":true,"href":"https:\/\/news.save.ch\/fr\/wp-json\/wp\/v2\/media\/5474"}],"wp:attachment":[{"href":"https:\/\/news.save.ch\/fr\/wp-json\/wp\/v2\/media?parent=5473"}],"wp:term":[{"taxonomy":"category","embeddable":true,"href":"https:\/\/news.save.ch\/fr\/wp-json\/wp\/v2\/categories?post=5473"},{"taxonomy":"post_tag","embeddable":true,"href":"https:\/\/news.save.ch\/fr\/wp-json\/wp\/v2\/tags?post=5473"}],"curies":[{"name":"wp","href":"https:\/\/api.w.org\/{rel}","templated":true}]}}