{"id":5486,"date":"2020-03-22T08:00:34","date_gmt":"2020-03-22T07:00:34","guid":{"rendered":"https:\/\/news.save.ch\/?p=5486"},"modified":"2023-03-14T09:03:49","modified_gmt":"2023-03-14T08:03:49","slug":"apotheken-helfen-an-vorderster-front","status":null,"type":"post","link":"https:\/\/news.save.ch\/fr\/apotheken-helfen-an-vorderster-front\/","title":{"rendered":"Les pharmacies aident en premi\u00e8re ligne"},"content":{"rendered":"<figure id=\"attachment_5487\" aria-describedby=\"caption-attachment-5487\" style=\"width: 680px\" class=\"wp-caption alignnone\"><img loading=\"lazy\" decoding=\"async\" class=\"size-medium wp-image-5487\" src=\"http:\/\/develop.safety-plus.ch\/wp-content\/uploads\/2020\/03\/Depositphotos_Syda_Productions.jpg\" alt=\"\" width=\"680\" height=\"454\" \/><figcaption id=\"caption-attachment-5487\" class=\"wp-caption-text\">Les \u00e9quipes des pharmacies apportent une contribution essentielle. \u00a9 Depositphotos\/Syda_Productions<\/figcaption><\/figure>\n<p>Beaucoup de choses s'arr\u00eatent, les <a href=\"https:\/\/news.save.ch\/fr\/bundesrat-erklaert-die-ausserordentliche-lage-und-verschaerft-die-massnahmen-zu-corona\/\" target=\"_blank\" rel=\"noopener\">Pharmacies<\/a> restent ouvertes : Les quelque 1 800 pharmacies de Suisse et leurs plus de 22 000 collaborateurs assurent pour l'instant les soins m\u00e9dicaux de base. Le credo est le suivant : nous ne laissons pas tomber la population ! Les \u00e9quipes des pharmacies apportent une contribution centrale pour que les malades chroniques et les personnes \u00e2g\u00e9es puissent continuer \u00e0 \u00eatre bien soign\u00e9s, m\u00eame en p\u00e9riode de pand\u00e9mie de coronavirus. Le reste de la population utilise \u00e9galement beaucoup plus que d'habitude la pharmacie comme premier point de contact pour les questions de sant\u00e9 en ces temps particuliers.<\/p>\n<p><strong>Un grand engagement des \u00e9quipes de pharmacies<\/strong><\/p>\n<p>Actuellement, les \u00e9quipes des pharmacies font des heures suppl\u00e9mentaires afin d'\u00eatre disponibles pour les clients. Ainsi, les collaborateurs des pharmacies d\u00e9l\u00e8guent chaque fois que possible la garde de leurs enfants \u00e0 leur partenaire afin de pouvoir travailler sur place \u00e0 la pharmacie. Les pharmaciens s'engagent en outre \u00e0 ce que les pharmaciens en formation continue de \"pharmacien sp\u00e9cialiste en pharmacie d'officine\" puissent d\u00e9j\u00e0 travailler temporairement dans des pharmacies sous leur propre responsabilit\u00e9. pharmaSuisse appelle la Conf\u00e9d\u00e9ration \u00e0 trouver une solution courageuse afin que la population puisse continuer \u00e0 \u00eatre bien soign\u00e9e.<\/p>\n<p><strong>Mesures de protection pour les clients des pharmacies<\/strong><\/p>\n<p>La protection de la population particuli\u00e8rement vuln\u00e9rable est au centre des pr\u00e9occupations. Dans de nombreuses pharmacies, des murs de protection en plexiglas sont sp\u00e9cialement install\u00e9s afin de r\u00e9duire le risque de contamination de la population. Certaines pharmacies proposent d'autres services comme un <a href=\"https:\/\/news.save.ch\/fr\/umgang-mit-corona-zwischen-panik-und-vernunft\/\" target=\"_blank\" rel=\"noopener\">Service de livraison \u00e0 domicile<\/a> ou des casiers de retrait \u00e0 l'ext\u00e9rieur de la pharmacie, qui sont \u00e9galement disponibles en dehors des heures d'ouverture. Les \u00e9tudiants en pharmacie s'engagent et ont lanc\u00e9 une action de solidarit\u00e9 : Comme il n'y a pas de cours en ce moment, ils sont en train de mettre en place un service de d\u00e9pannage de livraison.<\/p>\n<p><strong>Plus d'infos<\/strong><\/p>\n<p><a href=\"https:\/\/www.pharmasuisse.org\/de\/\" target=\"_blank\" rel=\"noopener\">www.pharmaSuisse.org<\/a><\/p>","protected":false},"excerpt":{"rendered":"<p>Vieles steht still, die Apotheken bleiben ge\u00f6ffnet: Die rund 1\u2018800 Apotheken in der Schweiz mit ihren \u00fcber 22\u2018000 Mitarbeitenden sichern im Moment die medizinische Grundversorung. Das Credo lautet: Wir lassen die Bev\u00f6lkerung nicht im Stich! Die Apothekenteams leisten einen zentralen Beitrag, dass chronisch kranke und \u00e4ltere Menschen auch in Zeiten der Corona-Pandemie weiterhin gut versorgt [&hellip;]<\/p>\n","protected":false},"author":1,"featured_media":5487,"comment_status":"closed","ping_status":"closed","sticky":false,"template":"","format":"standard","meta":{"_acf_changed":false,"pgc_sgb_lightbox_settings":"","footnotes":""},"categories":[1,3314],"tags":[1645,172,700,1775,168,2165,149,141,310],"class_list":["post-5486","post","type-post","status-publish","format-standard","has-post-thumbnail","hentry","category-allgemein","category-health-safety","tag-apothekenteam","tag-arbeitssicherheit","tag-bag","tag-betriebliches-gesundheitsmanagement","tag-bundesrat","tag-gesundheitsfoerderung","tag-gesundheitsschutz","tag-praevention","tag-sicherheit"],"acf":[],"hkrextid":null,"publication":null,"issue":null,"workflow":null,"startPage":null,"spitzmarke":null,"_posts_by_tag_page_fields":{"widget_title":"","widget_tags":""},"_at_widget":"1","_yoast_wpseo_primary_category":"1","_yoast_wpseo_focuskw_text_input":"Apotheke","_yoast_wpseo_opengraph-image":null,"_yoast_wpseo_opengraph-description":null,"_yoast_wpseo_opengraph-title":null,"enclosure":null,"_yoast_wpseo_twitter-title":null,"_yoast_wpseo_twitter-description":null,"_yoast_wpseo_twitter-image":null,"_wp_old_slug":null,"_yoast_wpseo_title":null,"_yoast_wpseo_canonical":null,"yoast_head":"<!-- This site is optimized with the Yoast SEO plugin v27.5 - https:\/\/yoast.com\/product\/yoast-seo-wordpress\/ -->\n<title>Apotheken helfen an vorderster Front - Save<\/title>\n<meta name=\"description\" content=\"Doppelt so viele Menschen wie vor Ausbruch des Coronavirus z\u00e4hlen auf die Hilfe der Apotheken.\" \/>\n<meta name=\"robots\" content=\"index, follow, max-snippet:-1, max-image-preview:large, max-video-preview:-1\" \/>\n<link rel=\"canonical\" href=\"https:\/\/news.save.ch\/fr\/apotheken-helfen-an-vorderster-front\/\" \/>\n<meta property=\"og:locale\" content=\"fr_FR\" \/>\n<meta property=\"og:type\" content=\"article\" \/>\n<meta property=\"og:title\" content=\"Apotheken helfen an vorderster Front - Save\" \/>\n<meta property=\"og:description\" content=\"Doppelt so viele Menschen wie vor Ausbruch des Coronavirus z\u00e4hlen auf die Hilfe der Apotheken.\" \/>\n<meta property=\"og:url\" content=\"https:\/\/news.save.ch\/fr\/apotheken-helfen-an-vorderster-front\/\" \/>\n<meta property=\"og:site_name\" content=\"Save\" \/>\n<meta property=\"article:published_time\" content=\"2020-03-22T07:00:34+00:00\" \/>\n<meta property=\"article:modified_time\" content=\"2023-03-14T08:03:49+00:00\" \/>\n<meta property=\"og:image\" content=\"https:\/\/news.save.ch\/wp-content\/uploads\/2020\/03\/Depositphotos_Syda_Productions-scaled-1.jpg\" \/>\n\t<meta property=\"og:image:width\" content=\"1200\" \/>\n\t<meta property=\"og:image:height\" content=\"801\" \/>\n\t<meta property=\"og:image:type\" content=\"image\/jpeg\" \/>\n<meta name=\"author\" content=\"admin\" \/>\n<meta name=\"twitter:card\" content=\"summary_large_image\" \/>\n<meta name=\"twitter:label1\" content=\"\u00c9crit par\" \/>\n\t<meta name=\"twitter:data1\" content=\"admin\" \/>\n\t<meta name=\"twitter:label2\" content=\"Dur\u00e9e de lecture estim\u00e9e\" \/>\n\t<meta name=\"twitter:data2\" content=\"1 minute\" \/>\n<script type=\"application\/ld+json\" class=\"yoast-schema-graph\">{\"@context\":\"https:\\\/\\\/schema.org\",\"@graph\":[{\"@type\":\"Article\",\"@id\":\"https:\\\/\\\/news.save.ch\\\/apotheken-helfen-an-vorderster-front\\\/#article\",\"isPartOf\":{\"@id\":\"https:\\\/\\\/news.save.ch\\\/apotheken-helfen-an-vorderster-front\\\/\"},\"author\":{\"name\":\"admin\",\"@id\":\"https:\\\/\\\/news.save.ch\\\/de\\\/#\\\/schema\\\/person\\\/d49e199490bad7c70d64b9ab51142f2b\"},\"headline\":\"Apotheken helfen an vorderster Front\",\"datePublished\":\"2020-03-22T07:00:34+00:00\",\"dateModified\":\"2023-03-14T08:03:49+00:00\",\"mainEntityOfPage\":{\"@id\":\"https:\\\/\\\/news.save.ch\\\/apotheken-helfen-an-vorderster-front\\\/\"},\"wordCount\":286,\"publisher\":{\"@id\":\"https:\\\/\\\/news.save.ch\\\/de\\\/#organization\"},\"image\":{\"@id\":\"https:\\\/\\\/news.save.ch\\\/apotheken-helfen-an-vorderster-front\\\/#primaryimage\"},\"thumbnailUrl\":\"https:\\\/\\\/news.save.ch\\\/wp-content\\\/uploads\\\/2020\\\/03\\\/Depositphotos_Syda_Productions-scaled-1.jpg\",\"keywords\":[\"Apothekenteam\",\"Arbeitssicherheit\",\"BAG\",\"Betriebliches Gesundheitsmanagement\",\"Bundesrat\",\"Gesundheitsf\u00f6rderung\",\"Gesundheitsschutz\",\"Pr\u00e4vention\",\"Sicherheit\"],\"articleSection\":[\"ALLGEMEIN\",\"HEALTH &amp; SAFETY\"],\"inLanguage\":\"fr-FR\"},{\"@type\":\"WebPage\",\"@id\":\"https:\\\/\\\/news.save.ch\\\/apotheken-helfen-an-vorderster-front\\\/\",\"url\":\"https:\\\/\\\/news.save.ch\\\/apotheken-helfen-an-vorderster-front\\\/\",\"name\":\"Apotheken helfen an vorderster Front - Save\",\"isPartOf\":{\"@id\":\"https:\\\/\\\/news.save.ch\\\/de\\\/#website\"},\"primaryImageOfPage\":{\"@id\":\"https:\\\/\\\/news.save.ch\\\/apotheken-helfen-an-vorderster-front\\\/#primaryimage\"},\"image\":{\"@id\":\"https:\\\/\\\/news.save.ch\\\/apotheken-helfen-an-vorderster-front\\\/#primaryimage\"},\"thumbnailUrl\":\"https:\\\/\\\/news.save.ch\\\/wp-content\\\/uploads\\\/2020\\\/03\\\/Depositphotos_Syda_Productions-scaled-1.jpg\",\"datePublished\":\"2020-03-22T07:00:34+00:00\",\"dateModified\":\"2023-03-14T08:03:49+00:00\",\"description\":\"Doppelt so viele Menschen wie vor Ausbruch des Coronavirus z\u00e4hlen auf die Hilfe der Apotheken.\",\"breadcrumb\":{\"@id\":\"https:\\\/\\\/news.save.ch\\\/apotheken-helfen-an-vorderster-front\\\/#breadcrumb\"},\"inLanguage\":\"fr-FR\",\"potentialAction\":[{\"@type\":\"ReadAction\",\"target\":[\"https:\\\/\\\/news.save.ch\\\/apotheken-helfen-an-vorderster-front\\\/\"]}]},{\"@type\":\"ImageObject\",\"inLanguage\":\"fr-FR\",\"@id\":\"https:\\\/\\\/news.save.ch\\\/apotheken-helfen-an-vorderster-front\\\/#primaryimage\",\"url\":\"https:\\\/\\\/news.save.ch\\\/wp-content\\\/uploads\\\/2020\\\/03\\\/Depositphotos_Syda_Productions-scaled-1.jpg\",\"contentUrl\":\"https:\\\/\\\/news.save.ch\\\/wp-content\\\/uploads\\\/2020\\\/03\\\/Depositphotos_Syda_Productions-scaled-1.jpg\",\"width\":1200,\"height\":801,\"caption\":\"Die Apothekenteams leisten einen zentralen Beitrag. \u00a9 Depositphotos\\\/Syda_Productions\"},{\"@type\":\"BreadcrumbList\",\"@id\":\"https:\\\/\\\/news.save.ch\\\/apotheken-helfen-an-vorderster-front\\\/#breadcrumb\",\"itemListElement\":[{\"@type\":\"ListItem\",\"position\":1,\"name\":\"Home\",\"item\":\"https:\\\/\\\/news.save.ch\\\/de\\\/\"},{\"@type\":\"ListItem\",\"position\":2,\"name\":\"Apotheken helfen an vorderster Front\"}]},{\"@type\":\"WebSite\",\"@id\":\"https:\\\/\\\/news.save.ch\\\/de\\\/#website\",\"url\":\"https:\\\/\\\/news.save.ch\\\/de\\\/\",\"name\":\"Save\",\"description\":\"Schweizer Fachzeitschrift f\u00fcr Sicherheit\",\"publisher\":{\"@id\":\"https:\\\/\\\/news.save.ch\\\/de\\\/#organization\"},\"potentialAction\":[{\"@type\":\"SearchAction\",\"target\":{\"@type\":\"EntryPoint\",\"urlTemplate\":\"https:\\\/\\\/news.save.ch\\\/de\\\/?s={search_term_string}\"},\"query-input\":{\"@type\":\"PropertyValueSpecification\",\"valueRequired\":true,\"valueName\":\"search_term_string\"}}],\"inLanguage\":\"fr-FR\"},{\"@type\":\"Organization\",\"@id\":\"https:\\\/\\\/news.save.ch\\\/de\\\/#organization\",\"name\":\"Sicherheitsforum\",\"url\":\"https:\\\/\\\/news.save.ch\\\/de\\\/\",\"logo\":{\"@type\":\"ImageObject\",\"inLanguage\":\"fr-FR\",\"@id\":\"https:\\\/\\\/news.save.ch\\\/de\\\/#\\\/schema\\\/logo\\\/image\\\/\",\"url\":\"https:\\\/\\\/news.save.ch\\\/wp-content\\\/uploads\\\/2022\\\/06\\\/Logo_SF_2012.png\",\"contentUrl\":\"https:\\\/\\\/news.save.ch\\\/wp-content\\\/uploads\\\/2022\\\/06\\\/Logo_SF_2012.png\",\"width\":1100,\"height\":91,\"caption\":\"Sicherheitsforum\"},\"image\":{\"@id\":\"https:\\\/\\\/news.save.ch\\\/de\\\/#\\\/schema\\\/logo\\\/image\\\/\"}},{\"@type\":\"Person\",\"@id\":\"https:\\\/\\\/news.save.ch\\\/de\\\/#\\\/schema\\\/person\\\/d49e199490bad7c70d64b9ab51142f2b\",\"name\":\"admin\",\"image\":{\"@type\":\"ImageObject\",\"inLanguage\":\"fr-FR\",\"@id\":\"https:\\\/\\\/secure.gravatar.com\\\/avatar\\\/ae2f4d718e6c49043e314ce431e7e645d646302a24a5ef5a8bc8e3f5a032e319?s=96&d=mm&r=g\",\"url\":\"https:\\\/\\\/secure.gravatar.com\\\/avatar\\\/ae2f4d718e6c49043e314ce431e7e645d646302a24a5ef5a8bc8e3f5a032e319?s=96&d=mm&r=g\",\"contentUrl\":\"https:\\\/\\\/secure.gravatar.com\\\/avatar\\\/ae2f4d718e6c49043e314ce431e7e645d646302a24a5ef5a8bc8e3f5a032e319?s=96&d=mm&r=g\",\"caption\":\"admin\"},\"sameAs\":[\"https:\\\/\\\/develop.organisator.galledia.ch\"],\"url\":\"https:\\\/\\\/news.save.ch\\\/fr\\\/author\\\/admin\\\/\"}]}<\/script>\n<!-- \/ Yoast SEO plugin. -->","yoast_head_json":{"title":"Les pharmacies aident en premi\u00e8re ligne - Save","description":"Deux fois plus de personnes qu'avant l'apparition du coronavirus comptent sur l'aide des pharmacies.","robots":{"index":"index","follow":"follow","max-snippet":"max-snippet:-1","max-image-preview":"max-image-preview:large","max-video-preview":"max-video-preview:-1"},"canonical":"https:\/\/news.save.ch\/fr\/apotheken-helfen-an-vorderster-front\/","og_locale":"fr_FR","og_type":"article","og_title":"Apotheken helfen an vorderster Front - Save","og_description":"Doppelt so viele Menschen wie vor Ausbruch des Coronavirus z\u00e4hlen auf die Hilfe der Apotheken.","og_url":"https:\/\/news.save.ch\/fr\/apotheken-helfen-an-vorderster-front\/","og_site_name":"Save","article_published_time":"2020-03-22T07:00:34+00:00","article_modified_time":"2023-03-14T08:03:49+00:00","og_image":[{"width":1200,"height":801,"url":"https:\/\/news.save.ch\/wp-content\/uploads\/2020\/03\/Depositphotos_Syda_Productions-scaled-1.jpg","type":"image\/jpeg"}],"author":"admin","twitter_card":"summary_large_image","twitter_misc":{"\u00c9crit par":"admin","Dur\u00e9e de lecture estim\u00e9e":"1 minute"},"schema":{"@context":"https:\/\/schema.org","@graph":[{"@type":"Article","@id":"https:\/\/news.save.ch\/apotheken-helfen-an-vorderster-front\/#article","isPartOf":{"@id":"https:\/\/news.save.ch\/apotheken-helfen-an-vorderster-front\/"},"author":{"name":"admin","@id":"https:\/\/news.save.ch\/de\/#\/schema\/person\/d49e199490bad7c70d64b9ab51142f2b"},"headline":"Apotheken helfen an vorderster Front","datePublished":"2020-03-22T07:00:34+00:00","dateModified":"2023-03-14T08:03:49+00:00","mainEntityOfPage":{"@id":"https:\/\/news.save.ch\/apotheken-helfen-an-vorderster-front\/"},"wordCount":286,"publisher":{"@id":"https:\/\/news.save.ch\/de\/#organization"},"image":{"@id":"https:\/\/news.save.ch\/apotheken-helfen-an-vorderster-front\/#primaryimage"},"thumbnailUrl":"https:\/\/news.save.ch\/wp-content\/uploads\/2020\/03\/Depositphotos_Syda_Productions-scaled-1.jpg","keywords":["Apothekenteam","Arbeitssicherheit","BAG","Betriebliches Gesundheitsmanagement","Bundesrat","Gesundheitsf\u00f6rderung","Gesundheitsschutz","Pr\u00e4vention","Sicherheit"],"articleSection":["ALLGEMEIN","HEALTH &amp; SAFETY"],"inLanguage":"fr-FR"},{"@type":"WebPage","@id":"https:\/\/news.save.ch\/apotheken-helfen-an-vorderster-front\/","url":"https:\/\/news.save.ch\/apotheken-helfen-an-vorderster-front\/","name":"Les pharmacies aident en premi\u00e8re ligne - Save","isPartOf":{"@id":"https:\/\/news.save.ch\/de\/#website"},"primaryImageOfPage":{"@id":"https:\/\/news.save.ch\/apotheken-helfen-an-vorderster-front\/#primaryimage"},"image":{"@id":"https:\/\/news.save.ch\/apotheken-helfen-an-vorderster-front\/#primaryimage"},"thumbnailUrl":"https:\/\/news.save.ch\/wp-content\/uploads\/2020\/03\/Depositphotos_Syda_Productions-scaled-1.jpg","datePublished":"2020-03-22T07:00:34+00:00","dateModified":"2023-03-14T08:03:49+00:00","description":"Deux fois plus de personnes qu'avant l'apparition du coronavirus comptent sur l'aide des pharmacies.","breadcrumb":{"@id":"https:\/\/news.save.ch\/apotheken-helfen-an-vorderster-front\/#breadcrumb"},"inLanguage":"fr-FR","potentialAction":[{"@type":"ReadAction","target":["https:\/\/news.save.ch\/apotheken-helfen-an-vorderster-front\/"]}]},{"@type":"ImageObject","inLanguage":"fr-FR","@id":"https:\/\/news.save.ch\/apotheken-helfen-an-vorderster-front\/#primaryimage","url":"https:\/\/news.save.ch\/wp-content\/uploads\/2020\/03\/Depositphotos_Syda_Productions-scaled-1.jpg","contentUrl":"https:\/\/news.save.ch\/wp-content\/uploads\/2020\/03\/Depositphotos_Syda_Productions-scaled-1.jpg","width":1200,"height":801,"caption":"Die Apothekenteams leisten einen zentralen Beitrag. \u00a9 Depositphotos\/Syda_Productions"},{"@type":"BreadcrumbList","@id":"https:\/\/news.save.ch\/apotheken-helfen-an-vorderster-front\/#breadcrumb","itemListElement":[{"@type":"ListItem","position":1,"name":"Home","item":"https:\/\/news.save.ch\/de\/"},{"@type":"ListItem","position":2,"name":"Apotheken helfen an vorderster Front"}]},{"@type":"WebSite","@id":"https:\/\/news.save.ch\/de\/#website","url":"https:\/\/news.save.ch\/de\/","name":"Save","description":"Revue suisse sp\u00e9cialis\u00e9e dans la s\u00e9curit\u00e9","publisher":{"@id":"https:\/\/news.save.ch\/de\/#organization"},"potentialAction":[{"@type":"SearchAction","target":{"@type":"EntryPoint","urlTemplate":"https:\/\/news.save.ch\/de\/?s={search_term_string}"},"query-input":{"@type":"PropertyValueSpecification","valueRequired":true,"valueName":"search_term_string"}}],"inLanguage":"fr-FR"},{"@type":"Organization","@id":"https:\/\/news.save.ch\/de\/#organization","name":"Forum sur la s\u00e9curit\u00e9","url":"https:\/\/news.save.ch\/de\/","logo":{"@type":"ImageObject","inLanguage":"fr-FR","@id":"https:\/\/news.save.ch\/de\/#\/schema\/logo\/image\/","url":"https:\/\/news.save.ch\/wp-content\/uploads\/2022\/06\/Logo_SF_2012.png","contentUrl":"https:\/\/news.save.ch\/wp-content\/uploads\/2022\/06\/Logo_SF_2012.png","width":1100,"height":91,"caption":"Sicherheitsforum"},"image":{"@id":"https:\/\/news.save.ch\/de\/#\/schema\/logo\/image\/"}},{"@type":"Person","@id":"https:\/\/news.save.ch\/de\/#\/schema\/person\/d49e199490bad7c70d64b9ab51142f2b","name":"admin","image":{"@type":"ImageObject","inLanguage":"fr-FR","@id":"https:\/\/secure.gravatar.com\/avatar\/ae2f4d718e6c49043e314ce431e7e645d646302a24a5ef5a8bc8e3f5a032e319?s=96&d=mm&r=g","url":"https:\/\/secure.gravatar.com\/avatar\/ae2f4d718e6c49043e314ce431e7e645d646302a24a5ef5a8bc8e3f5a032e319?s=96&d=mm&r=g","contentUrl":"https:\/\/secure.gravatar.com\/avatar\/ae2f4d718e6c49043e314ce431e7e645d646302a24a5ef5a8bc8e3f5a032e319?s=96&d=mm&r=g","caption":"admin"},"sameAs":["https:\/\/develop.organisator.galledia.ch"],"url":"https:\/\/news.save.ch\/fr\/author\/admin\/"}]}},"_links":{"self":[{"href":"https:\/\/news.save.ch\/fr\/wp-json\/wp\/v2\/posts\/5486","targetHints":{"allow":["GET"]}}],"collection":[{"href":"https:\/\/news.save.ch\/fr\/wp-json\/wp\/v2\/posts"}],"about":[{"href":"https:\/\/news.save.ch\/fr\/wp-json\/wp\/v2\/types\/post"}],"author":[{"embeddable":true,"href":"https:\/\/news.save.ch\/fr\/wp-json\/wp\/v2\/users\/1"}],"replies":[{"embeddable":true,"href":"https:\/\/news.save.ch\/fr\/wp-json\/wp\/v2\/comments?post=5486"}],"version-history":[{"count":1,"href":"https:\/\/news.save.ch\/fr\/wp-json\/wp\/v2\/posts\/5486\/revisions"}],"predecessor-version":[{"id":18604,"href":"https:\/\/news.save.ch\/fr\/wp-json\/wp\/v2\/posts\/5486\/revisions\/18604"}],"wp:featuredmedia":[{"embeddable":true,"href":"https:\/\/news.save.ch\/fr\/wp-json\/wp\/v2\/media\/5487"}],"wp:attachment":[{"href":"https:\/\/news.save.ch\/fr\/wp-json\/wp\/v2\/media?parent=5486"}],"wp:term":[{"taxonomy":"category","embeddable":true,"href":"https:\/\/news.save.ch\/fr\/wp-json\/wp\/v2\/categories?post=5486"},{"taxonomy":"post_tag","embeddable":true,"href":"https:\/\/news.save.ch\/fr\/wp-json\/wp\/v2\/tags?post=5486"}],"curies":[{"name":"wp","href":"https:\/\/api.w.org\/{rel}","templated":true}]}}