{"id":5512,"date":"2017-10-23T10:00:18","date_gmt":"2017-10-23T08:00:18","guid":{"rendered":"https:\/\/news.save.ch\/?p=5512"},"modified":"2017-10-23T10:00:18","modified_gmt":"2017-10-23T08:00:18","slug":"alpha-protect-schliesst-sich-der-securitas-gruppe-an","status":null,"type":"post","link":"https:\/\/news.save.ch\/fr\/alpha-protect-schliesst-sich-der-securitas-gruppe-an\/","title":{"rendered":"Le Groupe Securitas rach\u00e8te Alpha Protect"},"content":{"rendered":"<figure id=\"attachment_5513\" aria-describedby=\"caption-attachment-5513\" style=\"width: 680px\" class=\"wp-caption aligncenter\"><img loading=\"lazy\" decoding=\"async\" class=\"wp-image-5513 size-medium\" src=\"https:\/\/news.save.ch\/wp-content\/uploads\/2017\/10\/Securitas-scaled-1.jpg\" alt=\"Groupe Securitas, Alpha Protect, reprise\" width=\"680\" height=\"453\" \/><figcaption id=\"caption-attachment-5513\" class=\"wp-caption-text\">Photo : R. Str\u00e4ssle<\/figcaption><\/figure>\n<p>Le site <a href=\"https:\/\/alphaprotect.ch\/\">Alpha Protect AG<\/a> est active avec succ\u00e8s sur le march\u00e9 suisse de la s\u00e9curit\u00e9 depuis l'an 2000 et s'est fait un nom en tant qu'entreprise de s\u00e9curit\u00e9 dans l'agglom\u00e9ration zurichoise, en Suisse orientale et dans le nord-ouest du pays, comme l'\u00e9crit le Groupe Securitas. Pour les clients et les collaborateurs, l'entreprise de services conservera sa force habituelle. De plus, l'entreprise profitera de la pr\u00e9sence sur le march\u00e9 et des avantages infrastructurels du Groupe Securitas.<\/p>\n<p><strong>Dietrich reste directeur g\u00e9n\u00e9ral<\/strong><\/p>\n<p>Pour le Groupe Securitas, l'acquisition de la totalit\u00e9 d'Alpha Protect signifie une nouvelle extension du secteur des prestations de s\u00e9curit\u00e9. Du c\u00f4t\u00e9 de l'entreprise rachet\u00e9e, les nouveaux rapports de propri\u00e9t\u00e9 n'ont aucune cons\u00e9quence sur les emplois ou la pr\u00e9sence sur le march\u00e9, \u00e9crit Securitas. L'ancien associ\u00e9 d'Alpha Protect, Manfred Dietrich, restera membre du conseil d'administration et directeur de l'entreprise qui continuera d'op\u00e9rer de mani\u00e8re autonome et g\u00e9rera avec succ\u00e8s la phase de transition avec ses 200 collaborateurs, est-il pr\u00e9cis\u00e9 dans le communiqu\u00e9.<\/p>\n<p>Tant l'Alpha Protect que la <a href=\"https:\/\/news.save.ch\/fr\/securitas-praesentiert-einsatzstatistik\/\">Securitas <\/a>sont membres de l'Association des entreprises suisses de services de s\u00e9curit\u00e9 (<a href=\"https:\/\/www.vssu.org\/\">VSSU<\/a>).<\/p>\n<p>&nbsp;<\/p>\n<p>&nbsp;<\/p>","protected":false},"excerpt":{"rendered":"<p>Die Alpha Protect AG ist seit dem Jahr 2000 erfolgreich im Schweizer Sicherheitsmarkt t\u00e4tig und hat sich im Grossraum Z\u00fcrich, der Ost- und Nordwestschweiz einen guten Namen als Sicherheitsunternehmen gemacht, wie die Securitas Gruppe schreibt. F\u00fcr die Kunden und Mitarbeitenden bleibe das Dienstleistungsunternehmen in gewohnter St\u00e4rke erhalten. Zus\u00e4tzlich\u00a0werde die Firma von der Marktpr\u00e4senz und den [&hellip;]<\/p>\n","protected":false},"author":8,"featured_media":5513,"comment_status":"open","ping_status":"open","sticky":false,"template":"","format":"standard","meta":{"_acf_changed":false,"pgc_sgb_lightbox_settings":"","footnotes":""},"categories":[1],"tags":[65],"class_list":["post-5512","post","type-post","status-publish","format-standard","has-post-thumbnail","hentry","category-allgemein","tag-unternehmen"],"acf":[],"hkrextid":null,"publication":null,"issue":null,"workflow":null,"startPage":null,"spitzmarke":null,"_posts_by_tag_page_fields":{"widget_title":"","widget_tags":""},"_at_widget":"1","_yoast_wpseo_primary_category":"1","_yoast_wpseo_focuskw_text_input":"Securitas Gruppe","_yoast_wpseo_opengraph-image":null,"_yoast_wpseo_opengraph-description":null,"_yoast_wpseo_opengraph-title":null,"enclosure":null,"_yoast_wpseo_twitter-title":null,"_yoast_wpseo_twitter-description":null,"_yoast_wpseo_twitter-image":null,"_wp_old_slug":null,"_yoast_wpseo_title":null,"_yoast_wpseo_canonical":null,"yoast_head":"<!-- This site is optimized with the Yoast SEO plugin v27.5 - https:\/\/yoast.com\/product\/yoast-seo-wordpress\/ -->\n<title>Securitas Gruppe \u00fcbernimmt Alpha Protect - Save<\/title>\n<meta name=\"description\" content=\"Die Securitas Gruppe \u00fcbernimmt r\u00fcckwirkend per 1. Juli 2017 die im z\u00fcrcherischen Illnau-Effretikon ans\u00e4ssige Alpha Protect AG.\" \/>\n<meta name=\"robots\" content=\"index, follow, max-snippet:-1, max-image-preview:large, max-video-preview:-1\" \/>\n<link rel=\"canonical\" href=\"https:\/\/news.save.ch\/fr\/alpha-protect-schliesst-sich-der-securitas-gruppe-an\/\" \/>\n<meta property=\"og:locale\" content=\"fr_FR\" \/>\n<meta property=\"og:type\" content=\"article\" \/>\n<meta property=\"og:title\" content=\"Securitas Gruppe \u00fcbernimmt Alpha Protect - Save\" \/>\n<meta property=\"og:description\" content=\"Die Securitas Gruppe \u00fcbernimmt r\u00fcckwirkend per 1. Juli 2017 die im z\u00fcrcherischen Illnau-Effretikon ans\u00e4ssige Alpha Protect AG.\" \/>\n<meta property=\"og:url\" content=\"https:\/\/news.save.ch\/fr\/alpha-protect-schliesst-sich-der-securitas-gruppe-an\/\" \/>\n<meta property=\"og:site_name\" content=\"Save\" \/>\n<meta property=\"article:published_time\" content=\"2017-10-23T08:00:18+00:00\" \/>\n<meta property=\"og:image\" content=\"https:\/\/news.save.ch\/wp-content\/uploads\/2017\/10\/Securitas-scaled-1-scaled.jpg\" \/>\n\t<meta property=\"og:image:width\" content=\"1400\" \/>\n\t<meta property=\"og:image:height\" content=\"934\" \/>\n\t<meta property=\"og:image:type\" content=\"image\/jpeg\" \/>\n<meta name=\"author\" content=\"Roger Str\u00e4ssle\" \/>\n<meta name=\"twitter:card\" content=\"summary_large_image\" \/>\n<meta name=\"twitter:label1\" content=\"\u00c9crit par\" \/>\n\t<meta name=\"twitter:data1\" content=\"Roger Str\u00e4ssle\" \/>\n\t<meta name=\"twitter:label2\" content=\"Dur\u00e9e de lecture estim\u00e9e\" \/>\n\t<meta name=\"twitter:data2\" content=\"1 minute\" \/>\n<script type=\"application\/ld+json\" class=\"yoast-schema-graph\">{\"@context\":\"https:\\\/\\\/schema.org\",\"@graph\":[{\"@type\":\"Article\",\"@id\":\"https:\\\/\\\/news.save.ch\\\/alpha-protect-schliesst-sich-der-securitas-gruppe-an\\\/#article\",\"isPartOf\":{\"@id\":\"https:\\\/\\\/news.save.ch\\\/alpha-protect-schliesst-sich-der-securitas-gruppe-an\\\/\"},\"author\":{\"name\":\"Roger Str\u00e4ssle\",\"@id\":\"https:\\\/\\\/news.save.ch\\\/de\\\/#\\\/schema\\\/person\\\/d5022db048e0e2b9785c50e5b24da5aa\"},\"headline\":\"Securitas Gruppe \u00fcbernimmt Alpha Protect\",\"datePublished\":\"2017-10-23T08:00:18+00:00\",\"mainEntityOfPage\":{\"@id\":\"https:\\\/\\\/news.save.ch\\\/alpha-protect-schliesst-sich-der-securitas-gruppe-an\\\/\"},\"wordCount\":174,\"commentCount\":0,\"publisher\":{\"@id\":\"https:\\\/\\\/news.save.ch\\\/de\\\/#organization\"},\"image\":{\"@id\":\"https:\\\/\\\/news.save.ch\\\/alpha-protect-schliesst-sich-der-securitas-gruppe-an\\\/#primaryimage\"},\"thumbnailUrl\":\"https:\\\/\\\/news.save.ch\\\/wp-content\\\/uploads\\\/2017\\\/10\\\/Securitas-scaled-1-scaled.jpg\",\"keywords\":[\"Unternehmen\"],\"articleSection\":[\"ALLGEMEIN\"],\"inLanguage\":\"fr-FR\"},{\"@type\":\"WebPage\",\"@id\":\"https:\\\/\\\/news.save.ch\\\/alpha-protect-schliesst-sich-der-securitas-gruppe-an\\\/\",\"url\":\"https:\\\/\\\/news.save.ch\\\/alpha-protect-schliesst-sich-der-securitas-gruppe-an\\\/\",\"name\":\"Securitas Gruppe \u00fcbernimmt Alpha Protect - Save\",\"isPartOf\":{\"@id\":\"https:\\\/\\\/news.save.ch\\\/de\\\/#website\"},\"primaryImageOfPage\":{\"@id\":\"https:\\\/\\\/news.save.ch\\\/alpha-protect-schliesst-sich-der-securitas-gruppe-an\\\/#primaryimage\"},\"image\":{\"@id\":\"https:\\\/\\\/news.save.ch\\\/alpha-protect-schliesst-sich-der-securitas-gruppe-an\\\/#primaryimage\"},\"thumbnailUrl\":\"https:\\\/\\\/news.save.ch\\\/wp-content\\\/uploads\\\/2017\\\/10\\\/Securitas-scaled-1-scaled.jpg\",\"datePublished\":\"2017-10-23T08:00:18+00:00\",\"description\":\"Die Securitas Gruppe \u00fcbernimmt r\u00fcckwirkend per 1. Juli 2017 die im z\u00fcrcherischen Illnau-Effretikon ans\u00e4ssige Alpha Protect AG.\",\"breadcrumb\":{\"@id\":\"https:\\\/\\\/news.save.ch\\\/alpha-protect-schliesst-sich-der-securitas-gruppe-an\\\/#breadcrumb\"},\"inLanguage\":\"fr-FR\",\"potentialAction\":[{\"@type\":\"ReadAction\",\"target\":[\"https:\\\/\\\/news.save.ch\\\/alpha-protect-schliesst-sich-der-securitas-gruppe-an\\\/\"]}]},{\"@type\":\"ImageObject\",\"inLanguage\":\"fr-FR\",\"@id\":\"https:\\\/\\\/news.save.ch\\\/alpha-protect-schliesst-sich-der-securitas-gruppe-an\\\/#primaryimage\",\"url\":\"https:\\\/\\\/news.save.ch\\\/wp-content\\\/uploads\\\/2017\\\/10\\\/Securitas-scaled-1-scaled.jpg\",\"contentUrl\":\"https:\\\/\\\/news.save.ch\\\/wp-content\\\/uploads\\\/2017\\\/10\\\/Securitas-scaled-1-scaled.jpg\",\"width\":1400,\"height\":934,\"caption\":\"Foto: R. Str\u00e4ssle\"},{\"@type\":\"BreadcrumbList\",\"@id\":\"https:\\\/\\\/news.save.ch\\\/alpha-protect-schliesst-sich-der-securitas-gruppe-an\\\/#breadcrumb\",\"itemListElement\":[{\"@type\":\"ListItem\",\"position\":1,\"name\":\"Home\",\"item\":\"https:\\\/\\\/news.save.ch\\\/de\\\/\"},{\"@type\":\"ListItem\",\"position\":2,\"name\":\"Securitas Gruppe \u00fcbernimmt Alpha Protect\"}]},{\"@type\":\"WebSite\",\"@id\":\"https:\\\/\\\/news.save.ch\\\/de\\\/#website\",\"url\":\"https:\\\/\\\/news.save.ch\\\/de\\\/\",\"name\":\"Save\",\"description\":\"Schweizer Fachzeitschrift f\u00fcr Sicherheit\",\"publisher\":{\"@id\":\"https:\\\/\\\/news.save.ch\\\/de\\\/#organization\"},\"potentialAction\":[{\"@type\":\"SearchAction\",\"target\":{\"@type\":\"EntryPoint\",\"urlTemplate\":\"https:\\\/\\\/news.save.ch\\\/de\\\/?s={search_term_string}\"},\"query-input\":{\"@type\":\"PropertyValueSpecification\",\"valueRequired\":true,\"valueName\":\"search_term_string\"}}],\"inLanguage\":\"fr-FR\"},{\"@type\":\"Organization\",\"@id\":\"https:\\\/\\\/news.save.ch\\\/de\\\/#organization\",\"name\":\"Sicherheitsforum\",\"url\":\"https:\\\/\\\/news.save.ch\\\/de\\\/\",\"logo\":{\"@type\":\"ImageObject\",\"inLanguage\":\"fr-FR\",\"@id\":\"https:\\\/\\\/news.save.ch\\\/de\\\/#\\\/schema\\\/logo\\\/image\\\/\",\"url\":\"https:\\\/\\\/news.save.ch\\\/wp-content\\\/uploads\\\/2022\\\/06\\\/Logo_SF_2012.png\",\"contentUrl\":\"https:\\\/\\\/news.save.ch\\\/wp-content\\\/uploads\\\/2022\\\/06\\\/Logo_SF_2012.png\",\"width\":1100,\"height\":91,\"caption\":\"Sicherheitsforum\"},\"image\":{\"@id\":\"https:\\\/\\\/news.save.ch\\\/de\\\/#\\\/schema\\\/logo\\\/image\\\/\"}},{\"@type\":\"Person\",\"@id\":\"https:\\\/\\\/news.save.ch\\\/de\\\/#\\\/schema\\\/person\\\/d5022db048e0e2b9785c50e5b24da5aa\",\"name\":\"Roger Str\u00e4ssle\",\"image\":{\"@type\":\"ImageObject\",\"inLanguage\":\"fr-FR\",\"@id\":\"https:\\\/\\\/secure.gravatar.com\\\/avatar\\\/862a5569d087de48e5856e32f45d719a03804c891d6deb8d4f71a660e79e4a47?s=96&d=mm&r=g\",\"url\":\"https:\\\/\\\/secure.gravatar.com\\\/avatar\\\/862a5569d087de48e5856e32f45d719a03804c891d6deb8d4f71a660e79e4a47?s=96&d=mm&r=g\",\"contentUrl\":\"https:\\\/\\\/secure.gravatar.com\\\/avatar\\\/862a5569d087de48e5856e32f45d719a03804c891d6deb8d4f71a660e79e4a47?s=96&d=mm&r=g\",\"caption\":\"Roger Str\u00e4ssle\"},\"url\":\"https:\\\/\\\/news.save.ch\\\/fr\\\/author\\\/roger-straessle\\\/\"}]}<\/script>\n<!-- \/ Yoast SEO plugin. -->","yoast_head_json":{"title":"Le Groupe Securitas rach\u00e8te Alpha Protect - Save","description":"Le Groupe Securitas reprend, avec effet r\u00e9troactif au 1er juillet 2017, la soci\u00e9t\u00e9 Alpha Protect AG, bas\u00e9e \u00e0 Illnau-Effretikon, dans le canton de Zurich.","robots":{"index":"index","follow":"follow","max-snippet":"max-snippet:-1","max-image-preview":"max-image-preview:large","max-video-preview":"max-video-preview:-1"},"canonical":"https:\/\/news.save.ch\/fr\/alpha-protect-schliesst-sich-der-securitas-gruppe-an\/","og_locale":"fr_FR","og_type":"article","og_title":"Securitas Gruppe \u00fcbernimmt Alpha Protect - Save","og_description":"Die Securitas Gruppe \u00fcbernimmt r\u00fcckwirkend per 1. Juli 2017 die im z\u00fcrcherischen Illnau-Effretikon ans\u00e4ssige Alpha Protect AG.","og_url":"https:\/\/news.save.ch\/fr\/alpha-protect-schliesst-sich-der-securitas-gruppe-an\/","og_site_name":"Save","article_published_time":"2017-10-23T08:00:18+00:00","og_image":[{"width":1400,"height":934,"url":"https:\/\/news.save.ch\/wp-content\/uploads\/2017\/10\/Securitas-scaled-1-scaled.jpg","type":"image\/jpeg"}],"author":"Roger Str\u00e4ssle","twitter_card":"summary_large_image","twitter_misc":{"\u00c9crit par":"Roger Str\u00e4ssle","Dur\u00e9e de lecture estim\u00e9e":"1 minute"},"schema":{"@context":"https:\/\/schema.org","@graph":[{"@type":"Article","@id":"https:\/\/news.save.ch\/alpha-protect-schliesst-sich-der-securitas-gruppe-an\/#article","isPartOf":{"@id":"https:\/\/news.save.ch\/alpha-protect-schliesst-sich-der-securitas-gruppe-an\/"},"author":{"name":"Roger Str\u00e4ssle","@id":"https:\/\/news.save.ch\/de\/#\/schema\/person\/d5022db048e0e2b9785c50e5b24da5aa"},"headline":"Securitas Gruppe \u00fcbernimmt Alpha Protect","datePublished":"2017-10-23T08:00:18+00:00","mainEntityOfPage":{"@id":"https:\/\/news.save.ch\/alpha-protect-schliesst-sich-der-securitas-gruppe-an\/"},"wordCount":174,"commentCount":0,"publisher":{"@id":"https:\/\/news.save.ch\/de\/#organization"},"image":{"@id":"https:\/\/news.save.ch\/alpha-protect-schliesst-sich-der-securitas-gruppe-an\/#primaryimage"},"thumbnailUrl":"https:\/\/news.save.ch\/wp-content\/uploads\/2017\/10\/Securitas-scaled-1-scaled.jpg","keywords":["Unternehmen"],"articleSection":["ALLGEMEIN"],"inLanguage":"fr-FR"},{"@type":"WebPage","@id":"https:\/\/news.save.ch\/alpha-protect-schliesst-sich-der-securitas-gruppe-an\/","url":"https:\/\/news.save.ch\/alpha-protect-schliesst-sich-der-securitas-gruppe-an\/","name":"Le Groupe Securitas rach\u00e8te Alpha Protect - Save","isPartOf":{"@id":"https:\/\/news.save.ch\/de\/#website"},"primaryImageOfPage":{"@id":"https:\/\/news.save.ch\/alpha-protect-schliesst-sich-der-securitas-gruppe-an\/#primaryimage"},"image":{"@id":"https:\/\/news.save.ch\/alpha-protect-schliesst-sich-der-securitas-gruppe-an\/#primaryimage"},"thumbnailUrl":"https:\/\/news.save.ch\/wp-content\/uploads\/2017\/10\/Securitas-scaled-1-scaled.jpg","datePublished":"2017-10-23T08:00:18+00:00","description":"Le Groupe Securitas reprend, avec effet r\u00e9troactif au 1er juillet 2017, la soci\u00e9t\u00e9 Alpha Protect AG, bas\u00e9e \u00e0 Illnau-Effretikon, dans le canton de Zurich.","breadcrumb":{"@id":"https:\/\/news.save.ch\/alpha-protect-schliesst-sich-der-securitas-gruppe-an\/#breadcrumb"},"inLanguage":"fr-FR","potentialAction":[{"@type":"ReadAction","target":["https:\/\/news.save.ch\/alpha-protect-schliesst-sich-der-securitas-gruppe-an\/"]}]},{"@type":"ImageObject","inLanguage":"fr-FR","@id":"https:\/\/news.save.ch\/alpha-protect-schliesst-sich-der-securitas-gruppe-an\/#primaryimage","url":"https:\/\/news.save.ch\/wp-content\/uploads\/2017\/10\/Securitas-scaled-1-scaled.jpg","contentUrl":"https:\/\/news.save.ch\/wp-content\/uploads\/2017\/10\/Securitas-scaled-1-scaled.jpg","width":1400,"height":934,"caption":"Foto: R. Str\u00e4ssle"},{"@type":"BreadcrumbList","@id":"https:\/\/news.save.ch\/alpha-protect-schliesst-sich-der-securitas-gruppe-an\/#breadcrumb","itemListElement":[{"@type":"ListItem","position":1,"name":"Home","item":"https:\/\/news.save.ch\/de\/"},{"@type":"ListItem","position":2,"name":"Securitas Gruppe \u00fcbernimmt Alpha Protect"}]},{"@type":"WebSite","@id":"https:\/\/news.save.ch\/de\/#website","url":"https:\/\/news.save.ch\/de\/","name":"Save","description":"Revue suisse sp\u00e9cialis\u00e9e dans la s\u00e9curit\u00e9","publisher":{"@id":"https:\/\/news.save.ch\/de\/#organization"},"potentialAction":[{"@type":"SearchAction","target":{"@type":"EntryPoint","urlTemplate":"https:\/\/news.save.ch\/de\/?s={search_term_string}"},"query-input":{"@type":"PropertyValueSpecification","valueRequired":true,"valueName":"search_term_string"}}],"inLanguage":"fr-FR"},{"@type":"Organization","@id":"https:\/\/news.save.ch\/de\/#organization","name":"Forum sur la s\u00e9curit\u00e9","url":"https:\/\/news.save.ch\/de\/","logo":{"@type":"ImageObject","inLanguage":"fr-FR","@id":"https:\/\/news.save.ch\/de\/#\/schema\/logo\/image\/","url":"https:\/\/news.save.ch\/wp-content\/uploads\/2022\/06\/Logo_SF_2012.png","contentUrl":"https:\/\/news.save.ch\/wp-content\/uploads\/2022\/06\/Logo_SF_2012.png","width":1100,"height":91,"caption":"Sicherheitsforum"},"image":{"@id":"https:\/\/news.save.ch\/de\/#\/schema\/logo\/image\/"}},{"@type":"Person","@id":"https:\/\/news.save.ch\/de\/#\/schema\/person\/d5022db048e0e2b9785c50e5b24da5aa","name":"Roger Str\u00e4ssle","image":{"@type":"ImageObject","inLanguage":"fr-FR","@id":"https:\/\/secure.gravatar.com\/avatar\/862a5569d087de48e5856e32f45d719a03804c891d6deb8d4f71a660e79e4a47?s=96&d=mm&r=g","url":"https:\/\/secure.gravatar.com\/avatar\/862a5569d087de48e5856e32f45d719a03804c891d6deb8d4f71a660e79e4a47?s=96&d=mm&r=g","contentUrl":"https:\/\/secure.gravatar.com\/avatar\/862a5569d087de48e5856e32f45d719a03804c891d6deb8d4f71a660e79e4a47?s=96&d=mm&r=g","caption":"Roger Str\u00e4ssle"},"url":"https:\/\/news.save.ch\/fr\/author\/roger-straessle\/"}]}},"_links":{"self":[{"href":"https:\/\/news.save.ch\/fr\/wp-json\/wp\/v2\/posts\/5512","targetHints":{"allow":["GET"]}}],"collection":[{"href":"https:\/\/news.save.ch\/fr\/wp-json\/wp\/v2\/posts"}],"about":[{"href":"https:\/\/news.save.ch\/fr\/wp-json\/wp\/v2\/types\/post"}],"author":[{"embeddable":true,"href":"https:\/\/news.save.ch\/fr\/wp-json\/wp\/v2\/users\/8"}],"replies":[{"embeddable":true,"href":"https:\/\/news.save.ch\/fr\/wp-json\/wp\/v2\/comments?post=5512"}],"version-history":[{"count":0,"href":"https:\/\/news.save.ch\/fr\/wp-json\/wp\/v2\/posts\/5512\/revisions"}],"wp:featuredmedia":[{"embeddable":true,"href":"https:\/\/news.save.ch\/fr\/wp-json\/wp\/v2\/media\/5513"}],"wp:attachment":[{"href":"https:\/\/news.save.ch\/fr\/wp-json\/wp\/v2\/media?parent=5512"}],"wp:term":[{"taxonomy":"category","embeddable":true,"href":"https:\/\/news.save.ch\/fr\/wp-json\/wp\/v2\/categories?post=5512"},{"taxonomy":"post_tag","embeddable":true,"href":"https:\/\/news.save.ch\/fr\/wp-json\/wp\/v2\/tags?post=5512"}],"curies":[{"name":"wp","href":"https:\/\/api.w.org\/{rel}","templated":true}]}}