{"id":5518,"date":"2017-10-24T08:20:21","date_gmt":"2017-10-24T06:20:21","guid":{"rendered":"https:\/\/news.save.ch\/?p=5518"},"modified":"2023-03-14T08:57:00","modified_gmt":"2023-03-14T07:57:00","slug":"risikoreiche-verwendung-der-ahv-nummer","status":null,"type":"post","link":"https:\/\/news.save.ch\/fr\/risikoreiche-verwendung-der-ahv-nummer\/","title":{"rendered":"Utilisation \u00e0 risque du num\u00e9ro AVS"},"content":{"rendered":"<figure id=\"attachment_5519\" aria-describedby=\"caption-attachment-5519\" style=\"width: 680px\" class=\"wp-caption aligncenter\"><img loading=\"lazy\" decoding=\"async\" class=\"size-medium wp-image-5519\" src=\"https:\/\/news.save.ch\/wp-content\/uploads\/2017\/10\/personenidentifikator.jpg\" alt=\"Num\u00e9ro AVS, identification de la personne, risque\" width=\"680\" height=\"483\" srcset=\"https:\/\/news.save.ch\/wp-content\/uploads\/2017\/10\/personenidentifikator.jpg 685w, https:\/\/news.save.ch\/wp-content\/uploads\/2017\/10\/personenidentifikator-375x267.jpg 375w\" sizes=\"auto, (max-width: 680px) 100vw, 680px\" \/><figcaption id=\"caption-attachment-5519\" class=\"wp-caption-text\">\u00a9 Privatim<\/figcaption><\/figure>\n<p>&nbsp;<\/p>\n<p>S'appuyant sur l'expertise de l'EPF, les commissaires cantonaux \u00e0 la protection des donn\u00e9es demandent donc aux gouvernements cantonaux de renoncer \u00e0 continuer d'utiliser le num\u00e9ro AVS comme identificateur universel de personnes.\u00a0<a href=\"https:\/\/www.privatim.ch\">Privatim<\/a>La Conf\u00e9rence suisse des commissaires \u00e0 la protection des donn\u00e9es \u00e9crit qu'elle attire depuis longtemps l'attention sur le fait que l'utilisation \u00e0 grande \u00e9chelle du num\u00e9ro AVS dans les banques de donn\u00e9es de l'administration publique met en danger les droits fondamentaux des citoyennes et des citoyens. L'expertise que vient de pr\u00e9senter David Basin, professeur de s\u00e9curit\u00e9 de l'information \u00e0 l'EPF de Zurich, met en \u00e9vidence l'ampleur des risques et montre que ceux-ci ne feront qu'augmenter avec l'utilisation toujours plus large du num\u00e9ro d'assurance sociale.<\/p>\n<p><strong>Mesures de s\u00e9curit\u00e9 insuffisantes pour les bases de donn\u00e9es<\/strong><\/p>\n<p>Le pr\u00e9nom, le nom et la date de naissance suffisent \u00e0 identifier clairement 99,98% de la population. Le fait que plus de 14 000 banques de donn\u00e9es publiques utilisent actuellement le num\u00e9ro AVS comme identifiant unique augmente la possibilit\u00e9 de relier les donn\u00e9es personnelles entre elles et donc le risque d'une utilisation abusive. De plus, les mesures de s\u00e9curit\u00e9 de nombre de ces banques de donn\u00e9es sont insuffisantes. Elles pourraient donc facilement \u00eatre la cible d'attaques de pirates. Les donn\u00e9es qui tomberaient alors entre de mauvaises mains pourraient sans autre \u00eatre reli\u00e9es \u00e0 des informations sensibles suppl\u00e9mentaires sur les citoyens, souligne Privatim dans son communiqu\u00e9 de presse.<\/p>\n<p>Le professeur Basin montre dans son analyse que l'introduction du num\u00e9ro AVS comme identifiant unique de la personne, d\u00e9fendue dans le cadre d'initiatives de cyberadministration, est irresponsable du point de vue de la s\u00e9curit\u00e9 et de la protection des donn\u00e9es personnelles.<\/p>\n<p><strong>Introduire des identificateurs de personnes sectoriels<\/strong><\/p>\n<p>Privatim s'est d\u00e9j\u00e0 prononc\u00e9e \u00e0 plusieurs reprises en faveur de l'utilisation d'identifiants personnels sectoriels \u00e0 la place du num\u00e9ro AVS, comme le pr\u00e9voit la loi pour le dossier \u00e9lectronique du patient et le registre du commerce. L'expertise de l'EPF d\u00e9montre que cela peut certes limiter les risques d'abus \u00e0 un secteur, mais n'offre pas encore une s\u00e9curit\u00e9 suffisante. Privatim se rallie donc aux conclusions de Basin : A l'avenir, seuls des identificateurs de personnes sectoriels devraient \u00eatre introduits, qui ne seraient pas directement li\u00e9s \u00e0 des donn\u00e9es personnelles d'identification, mais qui ne permettraient une connexion que par le biais de processus sp\u00e9cialement s\u00e9curis\u00e9s. Cette approche permettrait de r\u00e9duire substantiellement \u00e0 l'avenir les risques pour la sph\u00e8re priv\u00e9e qui existent d\u00e9j\u00e0 avec l'utilisation croissante du num\u00e9ro AVS.<\/p>\n<p>Il appartient maintenant au Conseil f\u00e9d\u00e9ral de tirer les cons\u00e9quences de cette analyse des risques au niveau f\u00e9d\u00e9ral, conclut Privatim.<\/p>\n<p><em>L'expertise du Prof. David Basin, EPF Zurich, a \u00e9t\u00e9 command\u00e9e par l'Office f\u00e9d\u00e9ral de la justice (OFJ) et le Pr\u00e9pos\u00e9 f\u00e9d\u00e9ral \u00e0 la protection des donn\u00e9es et \u00e0 la transparence (PFPDT) et est disponible sur les sites Internet du\u00a0<a href=\"https:\/\/www.bj.admin.ch\/dam\/data\/bj\/publiservice\/publikationen\/berichte\/ber-risikofolgenabschaetzung-ahvnummer-e.pdf\">BJ<\/a>\u00a0et du\u00a0<a href=\"https:\/\/www.edoeb.admin.ch\/aktuell\/index.html?lang=de\">PFPDT<\/a>\u00a0peut \u00eatre consult\u00e9.<\/em><\/p>","protected":false},"excerpt":{"rendered":"<p>&nbsp; Gest\u00fctzt auf das ETH-Gutachten verlangen die kantonalen Datenschutzbeauftragten deshalb von den Kantonsregierungen, auf die weitere Verwendung der AHV-Nummer als universeller Personenidentifikator zu verzichten.\u00a0Privatim, die Konferenz der schweizerischen Datenschutzbeauftragten, schreibt, sie mache seit langem darauf aufmerksam, dass der umfassende Einsatz der AHV-Nummer in den Datenbanken der \u00f6ffentlichen Verwaltung die Grundrechte der B\u00fcrgerinnen und B\u00fcrger gef\u00e4hrde. [&hellip;]<\/p>\n","protected":false},"author":8,"featured_media":5519,"comment_status":"open","ping_status":"open","sticky":false,"template":"","format":"standard","meta":{"_acf_changed":false,"pgc_sgb_lightbox_settings":"","footnotes":""},"categories":[3313],"tags":[62,94],"class_list":["post-5518","post","type-post","status-publish","format-standard","has-post-thumbnail","hentry","category-digitalisierung","tag-ict-sicherheit","tag-zentrale-datenbank"],"acf":[],"hkrextid":null,"publication":null,"issue":null,"workflow":null,"startPage":null,"spitzmarke":null,"_posts_by_tag_page_fields":{"widget_title":"","widget_tags":""},"_at_widget":"1","_yoast_wpseo_primary_category":"2","_yoast_wpseo_focuskw_text_input":"Privatim","_yoast_wpseo_opengraph-image":null,"_yoast_wpseo_opengraph-description":null,"_yoast_wpseo_opengraph-title":null,"enclosure":null,"_yoast_wpseo_twitter-title":null,"_yoast_wpseo_twitter-description":null,"_yoast_wpseo_twitter-image":null,"_wp_old_slug":null,"_yoast_wpseo_title":null,"_yoast_wpseo_canonical":null,"yoast_head":"<!-- This site is optimized with the Yoast SEO plugin v27.4 - https:\/\/yoast.com\/product\/yoast-seo-wordpress\/ -->\n<title>Risikoreiche Verwendung der AHV-Nummer - Save<\/title>\n<meta name=\"description\" content=\"In \u00fcber 14&#039;000 staatlichen Datenbanken wird als zus\u00e4tzlicher Personenidentifikator die AHV-Nummer eingesetzt. Das birgt gem\u00e4ss ETH-Gutachten grosse Risiken.\" \/>\n<meta name=\"robots\" content=\"index, follow, max-snippet:-1, max-image-preview:large, max-video-preview:-1\" \/>\n<link rel=\"canonical\" href=\"https:\/\/news.save.ch\/fr\/risikoreiche-verwendung-der-ahv-nummer\/\" \/>\n<meta property=\"og:locale\" content=\"fr_FR\" \/>\n<meta property=\"og:type\" content=\"article\" \/>\n<meta property=\"og:title\" content=\"Risikoreiche Verwendung der AHV-Nummer - Save\" \/>\n<meta property=\"og:description\" content=\"In \u00fcber 14&#039;000 staatlichen Datenbanken wird als zus\u00e4tzlicher Personenidentifikator die AHV-Nummer eingesetzt. Das birgt gem\u00e4ss ETH-Gutachten grosse Risiken.\" \/>\n<meta property=\"og:url\" content=\"https:\/\/news.save.ch\/fr\/risikoreiche-verwendung-der-ahv-nummer\/\" \/>\n<meta property=\"og:site_name\" content=\"Save\" \/>\n<meta property=\"article:published_time\" content=\"2017-10-24T06:20:21+00:00\" \/>\n<meta property=\"article:modified_time\" content=\"2023-03-14T07:57:00+00:00\" \/>\n<meta property=\"og:image\" content=\"https:\/\/news.save.ch\/wp-content\/uploads\/2017\/10\/personenidentifikator.jpg\" \/>\n\t<meta property=\"og:image:width\" content=\"685\" \/>\n\t<meta property=\"og:image:height\" content=\"487\" \/>\n\t<meta property=\"og:image:type\" content=\"image\/jpeg\" \/>\n<meta name=\"author\" content=\"Roger Str\u00e4ssle\" \/>\n<meta name=\"twitter:card\" content=\"summary_large_image\" \/>\n<meta name=\"twitter:label1\" content=\"\u00c9crit par\" \/>\n\t<meta name=\"twitter:data1\" content=\"Roger Str\u00e4ssle\" \/>\n\t<meta name=\"twitter:label2\" content=\"Dur\u00e9e de lecture estim\u00e9e\" \/>\n\t<meta name=\"twitter:data2\" content=\"2 minutes\" \/>\n<script type=\"application\/ld+json\" class=\"yoast-schema-graph\">{\"@context\":\"https:\\\/\\\/schema.org\",\"@graph\":[{\"@type\":\"Article\",\"@id\":\"https:\\\/\\\/news.save.ch\\\/risikoreiche-verwendung-der-ahv-nummer\\\/#article\",\"isPartOf\":{\"@id\":\"https:\\\/\\\/news.save.ch\\\/risikoreiche-verwendung-der-ahv-nummer\\\/\"},\"author\":{\"name\":\"Roger Str\u00e4ssle\",\"@id\":\"https:\\\/\\\/news.save.ch\\\/de\\\/#\\\/schema\\\/person\\\/d5022db048e0e2b9785c50e5b24da5aa\"},\"headline\":\"Risikoreiche Verwendung der AHV-Nummer\",\"datePublished\":\"2017-10-24T06:20:21+00:00\",\"dateModified\":\"2023-03-14T07:57:00+00:00\",\"mainEntityOfPage\":{\"@id\":\"https:\\\/\\\/news.save.ch\\\/risikoreiche-verwendung-der-ahv-nummer\\\/\"},\"wordCount\":419,\"commentCount\":0,\"publisher\":{\"@id\":\"https:\\\/\\\/news.save.ch\\\/de\\\/#organization\"},\"image\":{\"@id\":\"https:\\\/\\\/news.save.ch\\\/risikoreiche-verwendung-der-ahv-nummer\\\/#primaryimage\"},\"thumbnailUrl\":\"https:\\\/\\\/news.save.ch\\\/wp-content\\\/uploads\\\/2017\\\/10\\\/personenidentifikator.jpg\",\"keywords\":[\"ICT-Sicherheit\",\"zentrale Datenbank\"],\"articleSection\":[\"DIGITALISIERUNG\"],\"inLanguage\":\"fr-FR\"},{\"@type\":\"WebPage\",\"@id\":\"https:\\\/\\\/news.save.ch\\\/risikoreiche-verwendung-der-ahv-nummer\\\/\",\"url\":\"https:\\\/\\\/news.save.ch\\\/risikoreiche-verwendung-der-ahv-nummer\\\/\",\"name\":\"Risikoreiche Verwendung der AHV-Nummer - Save\",\"isPartOf\":{\"@id\":\"https:\\\/\\\/news.save.ch\\\/de\\\/#website\"},\"primaryImageOfPage\":{\"@id\":\"https:\\\/\\\/news.save.ch\\\/risikoreiche-verwendung-der-ahv-nummer\\\/#primaryimage\"},\"image\":{\"@id\":\"https:\\\/\\\/news.save.ch\\\/risikoreiche-verwendung-der-ahv-nummer\\\/#primaryimage\"},\"thumbnailUrl\":\"https:\\\/\\\/news.save.ch\\\/wp-content\\\/uploads\\\/2017\\\/10\\\/personenidentifikator.jpg\",\"datePublished\":\"2017-10-24T06:20:21+00:00\",\"dateModified\":\"2023-03-14T07:57:00+00:00\",\"description\":\"In \u00fcber 14'000 staatlichen Datenbanken wird als zus\u00e4tzlicher Personenidentifikator die AHV-Nummer eingesetzt. Das birgt gem\u00e4ss ETH-Gutachten grosse Risiken.\",\"breadcrumb\":{\"@id\":\"https:\\\/\\\/news.save.ch\\\/risikoreiche-verwendung-der-ahv-nummer\\\/#breadcrumb\"},\"inLanguage\":\"fr-FR\",\"potentialAction\":[{\"@type\":\"ReadAction\",\"target\":[\"https:\\\/\\\/news.save.ch\\\/risikoreiche-verwendung-der-ahv-nummer\\\/\"]}]},{\"@type\":\"ImageObject\",\"inLanguage\":\"fr-FR\",\"@id\":\"https:\\\/\\\/news.save.ch\\\/risikoreiche-verwendung-der-ahv-nummer\\\/#primaryimage\",\"url\":\"https:\\\/\\\/news.save.ch\\\/wp-content\\\/uploads\\\/2017\\\/10\\\/personenidentifikator.jpg\",\"contentUrl\":\"https:\\\/\\\/news.save.ch\\\/wp-content\\\/uploads\\\/2017\\\/10\\\/personenidentifikator.jpg\",\"width\":685,\"height\":487,\"caption\":\"\u00a9Privatim\"},{\"@type\":\"BreadcrumbList\",\"@id\":\"https:\\\/\\\/news.save.ch\\\/risikoreiche-verwendung-der-ahv-nummer\\\/#breadcrumb\",\"itemListElement\":[{\"@type\":\"ListItem\",\"position\":1,\"name\":\"Home\",\"item\":\"https:\\\/\\\/news.save.ch\\\/de\\\/\"},{\"@type\":\"ListItem\",\"position\":2,\"name\":\"Risikoreiche Verwendung der AHV-Nummer\"}]},{\"@type\":\"WebSite\",\"@id\":\"https:\\\/\\\/news.save.ch\\\/de\\\/#website\",\"url\":\"https:\\\/\\\/news.save.ch\\\/de\\\/\",\"name\":\"Save\",\"description\":\"Schweizer Fachzeitschrift f\u00fcr Sicherheit\",\"publisher\":{\"@id\":\"https:\\\/\\\/news.save.ch\\\/de\\\/#organization\"},\"potentialAction\":[{\"@type\":\"SearchAction\",\"target\":{\"@type\":\"EntryPoint\",\"urlTemplate\":\"https:\\\/\\\/news.save.ch\\\/de\\\/?s={search_term_string}\"},\"query-input\":{\"@type\":\"PropertyValueSpecification\",\"valueRequired\":true,\"valueName\":\"search_term_string\"}}],\"inLanguage\":\"fr-FR\"},{\"@type\":\"Organization\",\"@id\":\"https:\\\/\\\/news.save.ch\\\/de\\\/#organization\",\"name\":\"Sicherheitsforum\",\"url\":\"https:\\\/\\\/news.save.ch\\\/de\\\/\",\"logo\":{\"@type\":\"ImageObject\",\"inLanguage\":\"fr-FR\",\"@id\":\"https:\\\/\\\/news.save.ch\\\/de\\\/#\\\/schema\\\/logo\\\/image\\\/\",\"url\":\"https:\\\/\\\/news.save.ch\\\/wp-content\\\/uploads\\\/2022\\\/06\\\/Logo_SF_2012.png\",\"contentUrl\":\"https:\\\/\\\/news.save.ch\\\/wp-content\\\/uploads\\\/2022\\\/06\\\/Logo_SF_2012.png\",\"width\":1100,\"height\":91,\"caption\":\"Sicherheitsforum\"},\"image\":{\"@id\":\"https:\\\/\\\/news.save.ch\\\/de\\\/#\\\/schema\\\/logo\\\/image\\\/\"}},{\"@type\":\"Person\",\"@id\":\"https:\\\/\\\/news.save.ch\\\/de\\\/#\\\/schema\\\/person\\\/d5022db048e0e2b9785c50e5b24da5aa\",\"name\":\"Roger Str\u00e4ssle\",\"image\":{\"@type\":\"ImageObject\",\"inLanguage\":\"fr-FR\",\"@id\":\"https:\\\/\\\/secure.gravatar.com\\\/avatar\\\/862a5569d087de48e5856e32f45d719a03804c891d6deb8d4f71a660e79e4a47?s=96&d=mm&r=g\",\"url\":\"https:\\\/\\\/secure.gravatar.com\\\/avatar\\\/862a5569d087de48e5856e32f45d719a03804c891d6deb8d4f71a660e79e4a47?s=96&d=mm&r=g\",\"contentUrl\":\"https:\\\/\\\/secure.gravatar.com\\\/avatar\\\/862a5569d087de48e5856e32f45d719a03804c891d6deb8d4f71a660e79e4a47?s=96&d=mm&r=g\",\"caption\":\"Roger Str\u00e4ssle\"},\"url\":\"https:\\\/\\\/news.save.ch\\\/fr\\\/author\\\/roger-straessle\\\/\"}]}<\/script>\n<!-- \/ Yoast SEO plugin. -->","yoast_head_json":{"title":"Utilisation \u00e0 risque du num\u00e9ro AVS - Save","description":"Dans plus de 14'000 banques de donn\u00e9es \u00e9tatiques, le num\u00e9ro AVS est utilis\u00e9 comme identifiant personnel suppl\u00e9mentaire. Selon l'expertise de l'EPFZ, cela comporte de grands risques.","robots":{"index":"index","follow":"follow","max-snippet":"max-snippet:-1","max-image-preview":"max-image-preview:large","max-video-preview":"max-video-preview:-1"},"canonical":"https:\/\/news.save.ch\/fr\/risikoreiche-verwendung-der-ahv-nummer\/","og_locale":"fr_FR","og_type":"article","og_title":"Risikoreiche Verwendung der AHV-Nummer - Save","og_description":"In \u00fcber 14'000 staatlichen Datenbanken wird als zus\u00e4tzlicher Personenidentifikator die AHV-Nummer eingesetzt. Das birgt gem\u00e4ss ETH-Gutachten grosse Risiken.","og_url":"https:\/\/news.save.ch\/fr\/risikoreiche-verwendung-der-ahv-nummer\/","og_site_name":"Save","article_published_time":"2017-10-24T06:20:21+00:00","article_modified_time":"2023-03-14T07:57:00+00:00","og_image":[{"width":685,"height":487,"url":"https:\/\/news.save.ch\/wp-content\/uploads\/2017\/10\/personenidentifikator.jpg","type":"image\/jpeg"}],"author":"Roger Str\u00e4ssle","twitter_card":"summary_large_image","twitter_misc":{"\u00c9crit par":"Roger Str\u00e4ssle","Dur\u00e9e de lecture estim\u00e9e":"2 minutes"},"schema":{"@context":"https:\/\/schema.org","@graph":[{"@type":"Article","@id":"https:\/\/news.save.ch\/risikoreiche-verwendung-der-ahv-nummer\/#article","isPartOf":{"@id":"https:\/\/news.save.ch\/risikoreiche-verwendung-der-ahv-nummer\/"},"author":{"name":"Roger Str\u00e4ssle","@id":"https:\/\/news.save.ch\/de\/#\/schema\/person\/d5022db048e0e2b9785c50e5b24da5aa"},"headline":"Risikoreiche Verwendung der AHV-Nummer","datePublished":"2017-10-24T06:20:21+00:00","dateModified":"2023-03-14T07:57:00+00:00","mainEntityOfPage":{"@id":"https:\/\/news.save.ch\/risikoreiche-verwendung-der-ahv-nummer\/"},"wordCount":419,"commentCount":0,"publisher":{"@id":"https:\/\/news.save.ch\/de\/#organization"},"image":{"@id":"https:\/\/news.save.ch\/risikoreiche-verwendung-der-ahv-nummer\/#primaryimage"},"thumbnailUrl":"https:\/\/news.save.ch\/wp-content\/uploads\/2017\/10\/personenidentifikator.jpg","keywords":["ICT-Sicherheit","zentrale Datenbank"],"articleSection":["DIGITALISIERUNG"],"inLanguage":"fr-FR"},{"@type":"WebPage","@id":"https:\/\/news.save.ch\/risikoreiche-verwendung-der-ahv-nummer\/","url":"https:\/\/news.save.ch\/risikoreiche-verwendung-der-ahv-nummer\/","name":"Utilisation \u00e0 risque du num\u00e9ro AVS - Save","isPartOf":{"@id":"https:\/\/news.save.ch\/de\/#website"},"primaryImageOfPage":{"@id":"https:\/\/news.save.ch\/risikoreiche-verwendung-der-ahv-nummer\/#primaryimage"},"image":{"@id":"https:\/\/news.save.ch\/risikoreiche-verwendung-der-ahv-nummer\/#primaryimage"},"thumbnailUrl":"https:\/\/news.save.ch\/wp-content\/uploads\/2017\/10\/personenidentifikator.jpg","datePublished":"2017-10-24T06:20:21+00:00","dateModified":"2023-03-14T07:57:00+00:00","description":"Dans plus de 14'000 banques de donn\u00e9es \u00e9tatiques, le num\u00e9ro AVS est utilis\u00e9 comme identifiant personnel suppl\u00e9mentaire. Selon l'expertise de l'EPFZ, cela comporte de grands risques.","breadcrumb":{"@id":"https:\/\/news.save.ch\/risikoreiche-verwendung-der-ahv-nummer\/#breadcrumb"},"inLanguage":"fr-FR","potentialAction":[{"@type":"ReadAction","target":["https:\/\/news.save.ch\/risikoreiche-verwendung-der-ahv-nummer\/"]}]},{"@type":"ImageObject","inLanguage":"fr-FR","@id":"https:\/\/news.save.ch\/risikoreiche-verwendung-der-ahv-nummer\/#primaryimage","url":"https:\/\/news.save.ch\/wp-content\/uploads\/2017\/10\/personenidentifikator.jpg","contentUrl":"https:\/\/news.save.ch\/wp-content\/uploads\/2017\/10\/personenidentifikator.jpg","width":685,"height":487,"caption":"\u00a9Privatim"},{"@type":"BreadcrumbList","@id":"https:\/\/news.save.ch\/risikoreiche-verwendung-der-ahv-nummer\/#breadcrumb","itemListElement":[{"@type":"ListItem","position":1,"name":"Home","item":"https:\/\/news.save.ch\/de\/"},{"@type":"ListItem","position":2,"name":"Risikoreiche Verwendung der AHV-Nummer"}]},{"@type":"WebSite","@id":"https:\/\/news.save.ch\/de\/#website","url":"https:\/\/news.save.ch\/de\/","name":"Save","description":"Revue suisse sp\u00e9cialis\u00e9e dans la s\u00e9curit\u00e9","publisher":{"@id":"https:\/\/news.save.ch\/de\/#organization"},"potentialAction":[{"@type":"SearchAction","target":{"@type":"EntryPoint","urlTemplate":"https:\/\/news.save.ch\/de\/?s={search_term_string}"},"query-input":{"@type":"PropertyValueSpecification","valueRequired":true,"valueName":"search_term_string"}}],"inLanguage":"fr-FR"},{"@type":"Organization","@id":"https:\/\/news.save.ch\/de\/#organization","name":"Forum sur la s\u00e9curit\u00e9","url":"https:\/\/news.save.ch\/de\/","logo":{"@type":"ImageObject","inLanguage":"fr-FR","@id":"https:\/\/news.save.ch\/de\/#\/schema\/logo\/image\/","url":"https:\/\/news.save.ch\/wp-content\/uploads\/2022\/06\/Logo_SF_2012.png","contentUrl":"https:\/\/news.save.ch\/wp-content\/uploads\/2022\/06\/Logo_SF_2012.png","width":1100,"height":91,"caption":"Sicherheitsforum"},"image":{"@id":"https:\/\/news.save.ch\/de\/#\/schema\/logo\/image\/"}},{"@type":"Person","@id":"https:\/\/news.save.ch\/de\/#\/schema\/person\/d5022db048e0e2b9785c50e5b24da5aa","name":"Roger Str\u00e4ssle","image":{"@type":"ImageObject","inLanguage":"fr-FR","@id":"https:\/\/secure.gravatar.com\/avatar\/862a5569d087de48e5856e32f45d719a03804c891d6deb8d4f71a660e79e4a47?s=96&d=mm&r=g","url":"https:\/\/secure.gravatar.com\/avatar\/862a5569d087de48e5856e32f45d719a03804c891d6deb8d4f71a660e79e4a47?s=96&d=mm&r=g","contentUrl":"https:\/\/secure.gravatar.com\/avatar\/862a5569d087de48e5856e32f45d719a03804c891d6deb8d4f71a660e79e4a47?s=96&d=mm&r=g","caption":"Roger Str\u00e4ssle"},"url":"https:\/\/news.save.ch\/fr\/author\/roger-straessle\/"}]}},"_links":{"self":[{"href":"https:\/\/news.save.ch\/fr\/wp-json\/wp\/v2\/posts\/5518","targetHints":{"allow":["GET"]}}],"collection":[{"href":"https:\/\/news.save.ch\/fr\/wp-json\/wp\/v2\/posts"}],"about":[{"href":"https:\/\/news.save.ch\/fr\/wp-json\/wp\/v2\/types\/post"}],"author":[{"embeddable":true,"href":"https:\/\/news.save.ch\/fr\/wp-json\/wp\/v2\/users\/8"}],"replies":[{"embeddable":true,"href":"https:\/\/news.save.ch\/fr\/wp-json\/wp\/v2\/comments?post=5518"}],"version-history":[{"count":1,"href":"https:\/\/news.save.ch\/fr\/wp-json\/wp\/v2\/posts\/5518\/revisions"}],"predecessor-version":[{"id":17483,"href":"https:\/\/news.save.ch\/fr\/wp-json\/wp\/v2\/posts\/5518\/revisions\/17483"}],"wp:featuredmedia":[{"embeddable":true,"href":"https:\/\/news.save.ch\/fr\/wp-json\/wp\/v2\/media\/5519"}],"wp:attachment":[{"href":"https:\/\/news.save.ch\/fr\/wp-json\/wp\/v2\/media?parent=5518"}],"wp:term":[{"taxonomy":"category","embeddable":true,"href":"https:\/\/news.save.ch\/fr\/wp-json\/wp\/v2\/categories?post=5518"},{"taxonomy":"post_tag","embeddable":true,"href":"https:\/\/news.save.ch\/fr\/wp-json\/wp\/v2\/tags?post=5518"}],"curies":[{"name":"wp","href":"https:\/\/api.w.org\/{rel}","templated":true}]}}