{"id":5524,"date":"2017-10-24T15:02:43","date_gmt":"2017-10-24T13:02:43","guid":{"rendered":"https:\/\/news.save.ch\/?p=5524"},"modified":"2017-10-24T15:02:43","modified_gmt":"2017-10-24T13:02:43","slug":"ueberfall-auf-bijouterie","status":null,"type":"post","link":"https:\/\/news.save.ch\/fr\/ueberfall-auf-bijouterie\/","title":{"rendered":"Braquage d'une bijouterie"},"content":{"rendered":"<figure id=\"attachment_5525\" aria-describedby=\"caption-attachment-5525\" style=\"width: 680px\" class=\"wp-caption alignleft\"><img loading=\"lazy\" decoding=\"async\" class=\"size-medium wp-image-5525\" src=\"https:\/\/news.save.ch\/wp-content\/uploads\/2017\/10\/20171024-Raub-Bahnhofstrasse.jpg\" alt=\"Vol \u00e0 main arm\u00e9e, appel \u00e0 t\u00e9moins\" width=\"680\" height=\"907\" \/><figcaption id=\"caption-attachment-5525\" class=\"wp-caption-text\">\u00a9 Stapo Zurich<\/figcaption><\/figure>\n<p>Apr\u00e8s que la bijouterie Bucherer a \u00e9t\u00e9 attaqu\u00e9e par deux inconnus mardi matin vers 10 heures, la police municipale (Stapo) de Zurich a lanc\u00e9 une grande chasse \u00e0 l'homme avec le soutien de la police cantonale pour retrouver les deux inconnus. Lors de ces recherches, non seulement les personnes et les v\u00e9hicules du trafic individuel sont contr\u00f4l\u00e9s, mais aussi les personnes dans les transports publics. Une patrouille de la police municipale a alors remarqu\u00e9 un homme au comportement particulier. De plus, le signalement correspondait \u00e0 celui d'un des hommes recherch\u00e9s. Lors du contr\u00f4le, les policiers ont trouv\u00e9 une arme de poing dans la ceinture de son pantalon. Dans le sac qu'il transportait, il y avait plusieurs montres-bracelets, raison pour laquelle l'homme de 25 ans a \u00e9t\u00e9 arr\u00eat\u00e9, comme l'\u00e9crit la Stapo. Il s'est rapidement av\u00e9r\u00e9 que les montres-bracelets \u00e9taient des objets de d\u00e9lit vol\u00e9s auparavant.<\/p>\n<p><strong>La chasse \u00e0 l'homme bat son plein<\/strong><\/p>\n<p>La chasse \u00e0 l'homme pour retrouver le complice bat son plein. Dans ce contexte, le minist\u00e8re public et la Stapo de Zurich publient une photo de la personne recherch\u00e9e. Le signalement de la personne recherch\u00e9e : Environ 40-50 ans, environ 185 cm, forte corpulence, peau blanche, parle anglais, a les cheveux fonc\u00e9s courts, portait \u00e9galement une casquette avec des oreillettes. Il portait une longue veste parka bleue et un pantalon cargo. Il \u00e9tait bronz\u00e9 et avait une barbe en broussaille. Il \u00e9tait arm\u00e9 d'une arme de poing et portait un sac sombre \"Massimo Dutti\" lorsqu'il a quitt\u00e9 le magasin.<\/p>\n<p>Toute information est \u00e0 communiquer \u00e0 la police municipale de Zurich, t\u00e9l. 0 444 117 117.<\/p>\n<p><em>Communiqu\u00e9 de presse de la Stapo<\/em><\/p>\n<p>&nbsp;<\/p>\n<p>&nbsp;<\/p>\n<p>&nbsp;<\/p>\n<p>&nbsp;<\/p>\n<p>&nbsp;<\/p>","protected":false},"excerpt":{"rendered":"<p>Nachdem die Bijouterie Bucherer am Dienstagmorgen gegen 10 Uhr von zwei Unbekannten \u00fcberfallen worden war, leitete die Stadtpolizei (Stapo) Z\u00fcrich mit Unterst\u00fctzung der Kantonspolizei eine Grossfahndung nach den beiden unbekannten T\u00e4tern ein. Bei diesen Fahndungen werden nicht nur Personen und Fahrzeuge des Individualverkehrs, sondern auch Personen in \u00f6ffentlichen Verkehrsmitteln kontrolliert. Dabei fiel einer Patrouille der [&hellip;]<\/p>\n","protected":false},"author":8,"featured_media":5525,"comment_status":"open","ping_status":"open","sticky":false,"template":"","format":"standard","meta":{"_acf_changed":false,"pgc_sgb_lightbox_settings":"","footnotes":""},"categories":[1],"tags":[113,366],"class_list":["post-5524","post","type-post","status-publish","format-standard","has-post-thumbnail","hentry","category-allgemein","tag-kriminalitaet","tag-polizei"],"acf":[],"hkrextid":null,"publication":null,"issue":null,"workflow":null,"startPage":null,"spitzmarke":null,"_posts_by_tag_page_fields":{"widget_title":"","widget_tags":""},"_at_widget":"1","_yoast_wpseo_primary_category":"1","_yoast_wpseo_focuskw_text_input":"\u00dcberfall","_yoast_wpseo_opengraph-image":null,"_yoast_wpseo_opengraph-description":null,"_yoast_wpseo_opengraph-title":null,"enclosure":null,"_yoast_wpseo_twitter-title":null,"_yoast_wpseo_twitter-description":null,"_yoast_wpseo_twitter-image":null,"_wp_old_slug":null,"_yoast_wpseo_title":null,"_yoast_wpseo_canonical":null,"yoast_head":"<!-- This site is optimized with the Yoast SEO plugin v27.5 - https:\/\/yoast.com\/product\/yoast-seo-wordpress\/ -->\n<title>\u00dcberfall auf Bijouterie - Save<\/title>\n<meta name=\"description\" content=\"Die Stadtpolizei Z\u00fcrich hat nach dem \u00dcberfall auf die Bijouterie Bucherer einen der mutmasslichen T\u00e4ter festgenommen. Ein weiterer T\u00e4ter wird gesucht.\" \/>\n<meta name=\"robots\" content=\"index, follow, max-snippet:-1, max-image-preview:large, max-video-preview:-1\" \/>\n<link rel=\"canonical\" href=\"https:\/\/news.save.ch\/fr\/ueberfall-auf-bijouterie\/\" \/>\n<meta property=\"og:locale\" content=\"fr_FR\" \/>\n<meta property=\"og:type\" content=\"article\" \/>\n<meta property=\"og:title\" content=\"\u00dcberfall auf Bijouterie - Save\" \/>\n<meta property=\"og:description\" content=\"Die Stadtpolizei Z\u00fcrich hat nach dem \u00dcberfall auf die Bijouterie Bucherer einen der mutmasslichen T\u00e4ter festgenommen. Ein weiterer T\u00e4ter wird gesucht.\" \/>\n<meta property=\"og:url\" content=\"https:\/\/news.save.ch\/fr\/ueberfall-auf-bijouterie\/\" \/>\n<meta property=\"og:site_name\" content=\"Save\" \/>\n<meta property=\"article:published_time\" content=\"2017-10-24T13:02:43+00:00\" \/>\n<meta property=\"og:image\" content=\"https:\/\/news.save.ch\/wp-content\/uploads\/2017\/10\/20171024-Raub-Bahnhofstrasse-scaled.jpg\" \/>\n\t<meta property=\"og:image:width\" content=\"1049\" \/>\n\t<meta property=\"og:image:height\" content=\"1400\" \/>\n\t<meta property=\"og:image:type\" content=\"image\/jpeg\" \/>\n<meta name=\"author\" content=\"Roger Str\u00e4ssle\" \/>\n<meta name=\"twitter:card\" content=\"summary_large_image\" \/>\n<meta name=\"twitter:label1\" content=\"\u00c9crit par\" \/>\n\t<meta name=\"twitter:data1\" content=\"Roger Str\u00e4ssle\" \/>\n\t<meta name=\"twitter:label2\" content=\"Dur\u00e9e de lecture estim\u00e9e\" \/>\n\t<meta name=\"twitter:data2\" content=\"1 minute\" \/>\n<script type=\"application\/ld+json\" class=\"yoast-schema-graph\">{\"@context\":\"https:\\\/\\\/schema.org\",\"@graph\":[{\"@type\":\"Article\",\"@id\":\"https:\\\/\\\/news.save.ch\\\/ueberfall-auf-bijouterie\\\/#article\",\"isPartOf\":{\"@id\":\"https:\\\/\\\/news.save.ch\\\/ueberfall-auf-bijouterie\\\/\"},\"author\":{\"name\":\"Roger Str\u00e4ssle\",\"@id\":\"https:\\\/\\\/news.save.ch\\\/de\\\/#\\\/schema\\\/person\\\/d5022db048e0e2b9785c50e5b24da5aa\"},\"headline\":\"\u00dcberfall auf Bijouterie\",\"datePublished\":\"2017-10-24T13:02:43+00:00\",\"mainEntityOfPage\":{\"@id\":\"https:\\\/\\\/news.save.ch\\\/ueberfall-auf-bijouterie\\\/\"},\"wordCount\":246,\"commentCount\":0,\"publisher\":{\"@id\":\"https:\\\/\\\/news.save.ch\\\/de\\\/#organization\"},\"image\":{\"@id\":\"https:\\\/\\\/news.save.ch\\\/ueberfall-auf-bijouterie\\\/#primaryimage\"},\"thumbnailUrl\":\"https:\\\/\\\/news.save.ch\\\/wp-content\\\/uploads\\\/2017\\\/10\\\/20171024-Raub-Bahnhofstrasse-scaled.jpg\",\"keywords\":[\"Kriminalit\u00e4t\",\"Polizei\"],\"articleSection\":[\"ALLGEMEIN\"],\"inLanguage\":\"fr-FR\"},{\"@type\":\"WebPage\",\"@id\":\"https:\\\/\\\/news.save.ch\\\/ueberfall-auf-bijouterie\\\/\",\"url\":\"https:\\\/\\\/news.save.ch\\\/ueberfall-auf-bijouterie\\\/\",\"name\":\"\u00dcberfall auf Bijouterie - Save\",\"isPartOf\":{\"@id\":\"https:\\\/\\\/news.save.ch\\\/de\\\/#website\"},\"primaryImageOfPage\":{\"@id\":\"https:\\\/\\\/news.save.ch\\\/ueberfall-auf-bijouterie\\\/#primaryimage\"},\"image\":{\"@id\":\"https:\\\/\\\/news.save.ch\\\/ueberfall-auf-bijouterie\\\/#primaryimage\"},\"thumbnailUrl\":\"https:\\\/\\\/news.save.ch\\\/wp-content\\\/uploads\\\/2017\\\/10\\\/20171024-Raub-Bahnhofstrasse-scaled.jpg\",\"datePublished\":\"2017-10-24T13:02:43+00:00\",\"description\":\"Die Stadtpolizei Z\u00fcrich hat nach dem \u00dcberfall auf die Bijouterie Bucherer einen der mutmasslichen T\u00e4ter festgenommen. Ein weiterer T\u00e4ter wird gesucht.\",\"breadcrumb\":{\"@id\":\"https:\\\/\\\/news.save.ch\\\/ueberfall-auf-bijouterie\\\/#breadcrumb\"},\"inLanguage\":\"fr-FR\",\"potentialAction\":[{\"@type\":\"ReadAction\",\"target\":[\"https:\\\/\\\/news.save.ch\\\/ueberfall-auf-bijouterie\\\/\"]}]},{\"@type\":\"ImageObject\",\"inLanguage\":\"fr-FR\",\"@id\":\"https:\\\/\\\/news.save.ch\\\/ueberfall-auf-bijouterie\\\/#primaryimage\",\"url\":\"https:\\\/\\\/news.save.ch\\\/wp-content\\\/uploads\\\/2017\\\/10\\\/20171024-Raub-Bahnhofstrasse-scaled.jpg\",\"contentUrl\":\"https:\\\/\\\/news.save.ch\\\/wp-content\\\/uploads\\\/2017\\\/10\\\/20171024-Raub-Bahnhofstrasse-scaled.jpg\",\"width\":1049,\"height\":1400,\"caption\":\"\u00a9 Stapo Z\u00fcrich\"},{\"@type\":\"BreadcrumbList\",\"@id\":\"https:\\\/\\\/news.save.ch\\\/ueberfall-auf-bijouterie\\\/#breadcrumb\",\"itemListElement\":[{\"@type\":\"ListItem\",\"position\":1,\"name\":\"Home\",\"item\":\"https:\\\/\\\/news.save.ch\\\/de\\\/\"},{\"@type\":\"ListItem\",\"position\":2,\"name\":\"\u00dcberfall auf Bijouterie\"}]},{\"@type\":\"WebSite\",\"@id\":\"https:\\\/\\\/news.save.ch\\\/de\\\/#website\",\"url\":\"https:\\\/\\\/news.save.ch\\\/de\\\/\",\"name\":\"Save\",\"description\":\"Schweizer Fachzeitschrift f\u00fcr Sicherheit\",\"publisher\":{\"@id\":\"https:\\\/\\\/news.save.ch\\\/de\\\/#organization\"},\"potentialAction\":[{\"@type\":\"SearchAction\",\"target\":{\"@type\":\"EntryPoint\",\"urlTemplate\":\"https:\\\/\\\/news.save.ch\\\/de\\\/?s={search_term_string}\"},\"query-input\":{\"@type\":\"PropertyValueSpecification\",\"valueRequired\":true,\"valueName\":\"search_term_string\"}}],\"inLanguage\":\"fr-FR\"},{\"@type\":\"Organization\",\"@id\":\"https:\\\/\\\/news.save.ch\\\/de\\\/#organization\",\"name\":\"Sicherheitsforum\",\"url\":\"https:\\\/\\\/news.save.ch\\\/de\\\/\",\"logo\":{\"@type\":\"ImageObject\",\"inLanguage\":\"fr-FR\",\"@id\":\"https:\\\/\\\/news.save.ch\\\/de\\\/#\\\/schema\\\/logo\\\/image\\\/\",\"url\":\"https:\\\/\\\/news.save.ch\\\/wp-content\\\/uploads\\\/2022\\\/06\\\/Logo_SF_2012.png\",\"contentUrl\":\"https:\\\/\\\/news.save.ch\\\/wp-content\\\/uploads\\\/2022\\\/06\\\/Logo_SF_2012.png\",\"width\":1100,\"height\":91,\"caption\":\"Sicherheitsforum\"},\"image\":{\"@id\":\"https:\\\/\\\/news.save.ch\\\/de\\\/#\\\/schema\\\/logo\\\/image\\\/\"}},{\"@type\":\"Person\",\"@id\":\"https:\\\/\\\/news.save.ch\\\/de\\\/#\\\/schema\\\/person\\\/d5022db048e0e2b9785c50e5b24da5aa\",\"name\":\"Roger Str\u00e4ssle\",\"image\":{\"@type\":\"ImageObject\",\"inLanguage\":\"fr-FR\",\"@id\":\"https:\\\/\\\/secure.gravatar.com\\\/avatar\\\/862a5569d087de48e5856e32f45d719a03804c891d6deb8d4f71a660e79e4a47?s=96&d=mm&r=g\",\"url\":\"https:\\\/\\\/secure.gravatar.com\\\/avatar\\\/862a5569d087de48e5856e32f45d719a03804c891d6deb8d4f71a660e79e4a47?s=96&d=mm&r=g\",\"contentUrl\":\"https:\\\/\\\/secure.gravatar.com\\\/avatar\\\/862a5569d087de48e5856e32f45d719a03804c891d6deb8d4f71a660e79e4a47?s=96&d=mm&r=g\",\"caption\":\"Roger Str\u00e4ssle\"},\"url\":\"https:\\\/\\\/news.save.ch\\\/fr\\\/author\\\/roger-straessle\\\/\"}]}<\/script>\n<!-- \/ Yoast SEO plugin. -->","yoast_head_json":{"title":"Braquage d'une bijouterie - Save","description":"Apr\u00e8s le braquage de la bijouterie Bucherer, la police municipale de Zurich a arr\u00eat\u00e9 l'un des auteurs pr\u00e9sum\u00e9s. Un autre auteur est recherch\u00e9.","robots":{"index":"index","follow":"follow","max-snippet":"max-snippet:-1","max-image-preview":"max-image-preview:large","max-video-preview":"max-video-preview:-1"},"canonical":"https:\/\/news.save.ch\/fr\/ueberfall-auf-bijouterie\/","og_locale":"fr_FR","og_type":"article","og_title":"\u00dcberfall auf Bijouterie - Save","og_description":"Die Stadtpolizei Z\u00fcrich hat nach dem \u00dcberfall auf die Bijouterie Bucherer einen der mutmasslichen T\u00e4ter festgenommen. Ein weiterer T\u00e4ter wird gesucht.","og_url":"https:\/\/news.save.ch\/fr\/ueberfall-auf-bijouterie\/","og_site_name":"Save","article_published_time":"2017-10-24T13:02:43+00:00","og_image":[{"width":1049,"height":1400,"url":"https:\/\/news.save.ch\/wp-content\/uploads\/2017\/10\/20171024-Raub-Bahnhofstrasse-scaled.jpg","type":"image\/jpeg"}],"author":"Roger Str\u00e4ssle","twitter_card":"summary_large_image","twitter_misc":{"\u00c9crit par":"Roger Str\u00e4ssle","Dur\u00e9e de lecture estim\u00e9e":"1 minute"},"schema":{"@context":"https:\/\/schema.org","@graph":[{"@type":"Article","@id":"https:\/\/news.save.ch\/ueberfall-auf-bijouterie\/#article","isPartOf":{"@id":"https:\/\/news.save.ch\/ueberfall-auf-bijouterie\/"},"author":{"name":"Roger Str\u00e4ssle","@id":"https:\/\/news.save.ch\/de\/#\/schema\/person\/d5022db048e0e2b9785c50e5b24da5aa"},"headline":"\u00dcberfall auf Bijouterie","datePublished":"2017-10-24T13:02:43+00:00","mainEntityOfPage":{"@id":"https:\/\/news.save.ch\/ueberfall-auf-bijouterie\/"},"wordCount":246,"commentCount":0,"publisher":{"@id":"https:\/\/news.save.ch\/de\/#organization"},"image":{"@id":"https:\/\/news.save.ch\/ueberfall-auf-bijouterie\/#primaryimage"},"thumbnailUrl":"https:\/\/news.save.ch\/wp-content\/uploads\/2017\/10\/20171024-Raub-Bahnhofstrasse-scaled.jpg","keywords":["Kriminalit\u00e4t","Polizei"],"articleSection":["ALLGEMEIN"],"inLanguage":"fr-FR"},{"@type":"WebPage","@id":"https:\/\/news.save.ch\/ueberfall-auf-bijouterie\/","url":"https:\/\/news.save.ch\/ueberfall-auf-bijouterie\/","name":"Braquage d'une bijouterie - Save","isPartOf":{"@id":"https:\/\/news.save.ch\/de\/#website"},"primaryImageOfPage":{"@id":"https:\/\/news.save.ch\/ueberfall-auf-bijouterie\/#primaryimage"},"image":{"@id":"https:\/\/news.save.ch\/ueberfall-auf-bijouterie\/#primaryimage"},"thumbnailUrl":"https:\/\/news.save.ch\/wp-content\/uploads\/2017\/10\/20171024-Raub-Bahnhofstrasse-scaled.jpg","datePublished":"2017-10-24T13:02:43+00:00","description":"Apr\u00e8s le braquage de la bijouterie Bucherer, la police municipale de Zurich a arr\u00eat\u00e9 l'un des auteurs pr\u00e9sum\u00e9s. Un autre auteur est recherch\u00e9.","breadcrumb":{"@id":"https:\/\/news.save.ch\/ueberfall-auf-bijouterie\/#breadcrumb"},"inLanguage":"fr-FR","potentialAction":[{"@type":"ReadAction","target":["https:\/\/news.save.ch\/ueberfall-auf-bijouterie\/"]}]},{"@type":"ImageObject","inLanguage":"fr-FR","@id":"https:\/\/news.save.ch\/ueberfall-auf-bijouterie\/#primaryimage","url":"https:\/\/news.save.ch\/wp-content\/uploads\/2017\/10\/20171024-Raub-Bahnhofstrasse-scaled.jpg","contentUrl":"https:\/\/news.save.ch\/wp-content\/uploads\/2017\/10\/20171024-Raub-Bahnhofstrasse-scaled.jpg","width":1049,"height":1400,"caption":"\u00a9 Stapo Z\u00fcrich"},{"@type":"BreadcrumbList","@id":"https:\/\/news.save.ch\/ueberfall-auf-bijouterie\/#breadcrumb","itemListElement":[{"@type":"ListItem","position":1,"name":"Home","item":"https:\/\/news.save.ch\/de\/"},{"@type":"ListItem","position":2,"name":"\u00dcberfall auf Bijouterie"}]},{"@type":"WebSite","@id":"https:\/\/news.save.ch\/de\/#website","url":"https:\/\/news.save.ch\/de\/","name":"Save","description":"Revue suisse sp\u00e9cialis\u00e9e dans la s\u00e9curit\u00e9","publisher":{"@id":"https:\/\/news.save.ch\/de\/#organization"},"potentialAction":[{"@type":"SearchAction","target":{"@type":"EntryPoint","urlTemplate":"https:\/\/news.save.ch\/de\/?s={search_term_string}"},"query-input":{"@type":"PropertyValueSpecification","valueRequired":true,"valueName":"search_term_string"}}],"inLanguage":"fr-FR"},{"@type":"Organization","@id":"https:\/\/news.save.ch\/de\/#organization","name":"Forum sur la s\u00e9curit\u00e9","url":"https:\/\/news.save.ch\/de\/","logo":{"@type":"ImageObject","inLanguage":"fr-FR","@id":"https:\/\/news.save.ch\/de\/#\/schema\/logo\/image\/","url":"https:\/\/news.save.ch\/wp-content\/uploads\/2022\/06\/Logo_SF_2012.png","contentUrl":"https:\/\/news.save.ch\/wp-content\/uploads\/2022\/06\/Logo_SF_2012.png","width":1100,"height":91,"caption":"Sicherheitsforum"},"image":{"@id":"https:\/\/news.save.ch\/de\/#\/schema\/logo\/image\/"}},{"@type":"Person","@id":"https:\/\/news.save.ch\/de\/#\/schema\/person\/d5022db048e0e2b9785c50e5b24da5aa","name":"Roger Str\u00e4ssle","image":{"@type":"ImageObject","inLanguage":"fr-FR","@id":"https:\/\/secure.gravatar.com\/avatar\/862a5569d087de48e5856e32f45d719a03804c891d6deb8d4f71a660e79e4a47?s=96&d=mm&r=g","url":"https:\/\/secure.gravatar.com\/avatar\/862a5569d087de48e5856e32f45d719a03804c891d6deb8d4f71a660e79e4a47?s=96&d=mm&r=g","contentUrl":"https:\/\/secure.gravatar.com\/avatar\/862a5569d087de48e5856e32f45d719a03804c891d6deb8d4f71a660e79e4a47?s=96&d=mm&r=g","caption":"Roger Str\u00e4ssle"},"url":"https:\/\/news.save.ch\/fr\/author\/roger-straessle\/"}]}},"_links":{"self":[{"href":"https:\/\/news.save.ch\/fr\/wp-json\/wp\/v2\/posts\/5524","targetHints":{"allow":["GET"]}}],"collection":[{"href":"https:\/\/news.save.ch\/fr\/wp-json\/wp\/v2\/posts"}],"about":[{"href":"https:\/\/news.save.ch\/fr\/wp-json\/wp\/v2\/types\/post"}],"author":[{"embeddable":true,"href":"https:\/\/news.save.ch\/fr\/wp-json\/wp\/v2\/users\/8"}],"replies":[{"embeddable":true,"href":"https:\/\/news.save.ch\/fr\/wp-json\/wp\/v2\/comments?post=5524"}],"version-history":[{"count":0,"href":"https:\/\/news.save.ch\/fr\/wp-json\/wp\/v2\/posts\/5524\/revisions"}],"wp:featuredmedia":[{"embeddable":true,"href":"https:\/\/news.save.ch\/fr\/wp-json\/wp\/v2\/media\/5525"}],"wp:attachment":[{"href":"https:\/\/news.save.ch\/fr\/wp-json\/wp\/v2\/media?parent=5524"}],"wp:term":[{"taxonomy":"category","embeddable":true,"href":"https:\/\/news.save.ch\/fr\/wp-json\/wp\/v2\/categories?post=5524"},{"taxonomy":"post_tag","embeddable":true,"href":"https:\/\/news.save.ch\/fr\/wp-json\/wp\/v2\/tags?post=5524"}],"curies":[{"name":"wp","href":"https:\/\/api.w.org\/{rel}","templated":true}]}}