{"id":5541,"date":"2020-04-12T10:00:28","date_gmt":"2020-04-12T08:00:28","guid":{"rendered":"https:\/\/news.save.ch\/?p=5541"},"modified":"2023-03-14T09:03:48","modified_gmt":"2023-03-14T08:03:48","slug":"neuer-leiter-der-abteilung-uebertragbare-krankheiten-des-bag","status":null,"type":"post","link":"https:\/\/news.save.ch\/fr\/neuer-leiter-der-abteilung-uebertragbare-krankheiten-des-bag\/","title":{"rendered":"Nouveau chef de la division Maladies transmissibles de l'OFSP"},"content":{"rendered":"<figure id=\"attachment_5571\" aria-describedby=\"caption-attachment-5571\" style=\"width: 680px\" class=\"wp-caption alignnone\"><img loading=\"lazy\" decoding=\"async\" class=\"size-medium wp-image-5571\" src=\"http:\/\/develop.safety-plus.ch\/wp-content\/uploads\/2020\/04\/5-FT-Kuster.jpg\" alt=\"\" width=\"680\" height=\"450\" \/><figcaption id=\"caption-attachment-5571\" class=\"wp-caption-text\">Stefan Kuster a pris la direction de la division Maladies transmissibles de l'OFSP. \u00a9 OFSP<\/figcaption><\/figure>\n<p>Le 30 avril 2020, Daniel Koch prendra sa retraite apr\u00e8s 12 ans \u00e0 la t\u00eate de la division Maladies transmissibles de l'OFSP. En raison de la situation exceptionnelle, il reste \u00e0 la disposition de la Conf\u00e9d\u00e9ration : Pendant la dur\u00e9e de la pand\u00e9mie de coronavirus, Daniel Koch poursuivra ses t\u00e2ches actuelles dans la lutte contre ce virus en tant que \"d\u00e9l\u00e9gu\u00e9 de l'OFSP pour COVID-19\". Dans ce r\u00f4le, il conseille et soutient Pascal Strupler, le directeur de l'OFSP, ainsi que la Task Force de l'Office pour la pr\u00e9vention des maladies infectieuses. <a href=\"https:\/\/news.save.ch\/fr\/offener-brief-prof-em-sucharit-bhakdi-zur-corona-krise\/\" target=\"_blank\" rel=\"noopener\">Pand\u00e9mie de coronavirus<\/a>. Daniel Koch continuera \u00e0 repr\u00e9senter l'OFSP lors des conf\u00e9rences de presse de la Conf\u00e9d\u00e9ration.<\/p>\n<p>Stefan Kuster a succ\u00e9d\u00e9 \u00e0 Daniel Koch \u00e0 la t\u00eate de la division Maladies transmissibles le 1er avril 2020. Stefan Kuster est titulaire d'un dipl\u00f4me de m\u00e9decine avec habilitation et d'un double titre de sp\u00e9cialiste en m\u00e9decine interne g\u00e9n\u00e9rale et en infectiologie. Il a obtenu un master en \u00e9pid\u00e9miologie clinique et recherche en sant\u00e9 publique \u00e0 l'Universit\u00e9 de Toronto, qu'il a compl\u00e9t\u00e9 par un Executive MBA. Stefan Kuster a occup\u00e9 diff\u00e9rentes fonctions au <a href=\"https:\/\/news.save.ch\/fr\/ultrakurze-natur-therapien-vor-operationen-vermeidet-bluttransfusionen\/\" target=\"_blank\" rel=\"noopener\">H\u00f4pital universitaire de Zurich<\/a> et au Centre national de pr\u00e9vention des infections Swissnoso. En dernier lieu, il a travaill\u00e9 comme m\u00e9decin-chef de la clinique des maladies infectieuses et de l'hygi\u00e8ne hospitali\u00e8re \u00e0 l'h\u00f4pital universitaire de Zurich. Stefan Kuster habite dans le canton de Zurich, est mari\u00e9 et a deux enfants.<\/p>\n<p>Texte : <a href=\"http:\/\/www.bag.admin.ch\" target=\"_blank\" rel=\"noopener\">BAG<\/a><\/p>","protected":false},"excerpt":{"rendered":"<p>Auf den 30. April 2020 wird Daniel Koch nach 12 Jahren an der Spitze der Abteilung \u00dcbertragbare Krankheiten des BAG pensioniert. Aufgrund der ausserordentlichen Lage bleibt er dem Bund erhalten: W\u00e4hrend der Dauer der Coronavirus-Pandemie f\u00fchrt Daniel Koch seine bisherigen Aufgaben in der Bek\u00e4mpfung dieses Virus als \u00abDelegierter des BAG f\u00fcr COVID-19\u00bb weiter. Er ber\u00e4t [&hellip;]<\/p>\n","protected":false},"author":1,"featured_media":5571,"comment_status":"closed","ping_status":"closed","sticky":false,"template":"","format":"standard","meta":{"_acf_changed":false,"pgc_sgb_lightbox_settings":"","footnotes":""},"categories":[1,3314],"tags":[700,1875,149,2990,333],"class_list":["post-5541","post","type-post","status-publish","format-standard","has-post-thumbnail","hentry","category-allgemein","category-health-safety","tag-bag","tag-coronavirus-pandemie","tag-gesundheitsschutz","tag-stefan-kuster","tag-universitaetsspital-zuerich"],"acf":[],"hkrextid":null,"publication":null,"issue":null,"workflow":null,"startPage":null,"spitzmarke":null,"_posts_by_tag_page_fields":{"widget_title":"","widget_tags":""},"_at_widget":"1","_yoast_wpseo_primary_category":"1","_yoast_wpseo_focuskw_text_input":"BAG","_yoast_wpseo_opengraph-image":null,"_yoast_wpseo_opengraph-description":null,"_yoast_wpseo_opengraph-title":null,"enclosure":null,"_yoast_wpseo_twitter-title":null,"_yoast_wpseo_twitter-description":null,"_yoast_wpseo_twitter-image":null,"_wp_old_slug":null,"_yoast_wpseo_title":null,"_yoast_wpseo_canonical":null,"yoast_head":"<!-- This site is optimized with the Yoast SEO plugin v27.5 - https:\/\/yoast.com\/product\/yoast-seo-wordpress\/ -->\n<title>Neuer Leiter der Abteilung \u00dcbertragbare Krankheiten des BAG - Save<\/title>\n<meta name=\"description\" content=\"Stefan Kuster \u00fcbernahm die Leitung der Abteilung \u00dcbertragbare Krankheiten des BAG.\" \/>\n<meta name=\"robots\" content=\"index, follow, max-snippet:-1, max-image-preview:large, max-video-preview:-1\" \/>\n<link rel=\"canonical\" href=\"https:\/\/news.save.ch\/fr\/neuer-leiter-der-abteilung-uebertragbare-krankheiten-des-bag\/\" \/>\n<meta property=\"og:locale\" content=\"fr_FR\" \/>\n<meta property=\"og:type\" content=\"article\" \/>\n<meta property=\"og:title\" content=\"Neuer Leiter der Abteilung \u00dcbertragbare Krankheiten des BAG - Save\" \/>\n<meta property=\"og:description\" content=\"Stefan Kuster \u00fcbernahm die Leitung der Abteilung \u00dcbertragbare Krankheiten des BAG.\" \/>\n<meta property=\"og:url\" content=\"https:\/\/news.save.ch\/fr\/neuer-leiter-der-abteilung-uebertragbare-krankheiten-des-bag\/\" \/>\n<meta property=\"og:site_name\" content=\"Save\" \/>\n<meta property=\"article:published_time\" content=\"2020-04-12T08:00:28+00:00\" \/>\n<meta property=\"article:modified_time\" content=\"2023-03-14T08:03:48+00:00\" \/>\n<meta property=\"og:image\" content=\"https:\/\/news.save.ch\/wp-content\/uploads\/2020\/04\/5-FT-Kuster-scaled-1.jpg\" \/>\n\t<meta property=\"og:image:width\" content=\"1200\" \/>\n\t<meta property=\"og:image:height\" content=\"794\" \/>\n\t<meta property=\"og:image:type\" content=\"image\/jpeg\" \/>\n<meta name=\"author\" content=\"admin\" \/>\n<meta name=\"twitter:card\" content=\"summary_large_image\" \/>\n<meta name=\"twitter:label1\" content=\"\u00c9crit par\" \/>\n\t<meta name=\"twitter:data1\" content=\"admin\" \/>\n\t<meta name=\"twitter:label2\" content=\"Dur\u00e9e de lecture estim\u00e9e\" \/>\n\t<meta name=\"twitter:data2\" content=\"1 minute\" \/>\n<script type=\"application\/ld+json\" class=\"yoast-schema-graph\">{\"@context\":\"https:\\\/\\\/schema.org\",\"@graph\":[{\"@type\":\"Article\",\"@id\":\"https:\\\/\\\/news.save.ch\\\/neuer-leiter-der-abteilung-uebertragbare-krankheiten-des-bag\\\/#article\",\"isPartOf\":{\"@id\":\"https:\\\/\\\/news.save.ch\\\/neuer-leiter-der-abteilung-uebertragbare-krankheiten-des-bag\\\/\"},\"author\":{\"name\":\"admin\",\"@id\":\"https:\\\/\\\/news.save.ch\\\/de\\\/#\\\/schema\\\/person\\\/d49e199490bad7c70d64b9ab51142f2b\"},\"headline\":\"Neuer Leiter der Abteilung \u00dcbertragbare Krankheiten des BAG\",\"datePublished\":\"2020-04-12T08:00:28+00:00\",\"dateModified\":\"2023-03-14T08:03:48+00:00\",\"mainEntityOfPage\":{\"@id\":\"https:\\\/\\\/news.save.ch\\\/neuer-leiter-der-abteilung-uebertragbare-krankheiten-des-bag\\\/\"},\"wordCount\":231,\"publisher\":{\"@id\":\"https:\\\/\\\/news.save.ch\\\/de\\\/#organization\"},\"image\":{\"@id\":\"https:\\\/\\\/news.save.ch\\\/neuer-leiter-der-abteilung-uebertragbare-krankheiten-des-bag\\\/#primaryimage\"},\"thumbnailUrl\":\"https:\\\/\\\/news.save.ch\\\/wp-content\\\/uploads\\\/2020\\\/04\\\/5-FT-Kuster-scaled-1.jpg\",\"keywords\":[\"BAG\",\"Coronavirus-Pandemie\",\"Gesundheitsschutz\",\"Stefan Kuster\",\"Universit\u00e4tsspital Z\u00fcrich\"],\"articleSection\":[\"ALLGEMEIN\",\"HEALTH &amp; SAFETY\"],\"inLanguage\":\"fr-FR\"},{\"@type\":\"WebPage\",\"@id\":\"https:\\\/\\\/news.save.ch\\\/neuer-leiter-der-abteilung-uebertragbare-krankheiten-des-bag\\\/\",\"url\":\"https:\\\/\\\/news.save.ch\\\/neuer-leiter-der-abteilung-uebertragbare-krankheiten-des-bag\\\/\",\"name\":\"Neuer Leiter der Abteilung \u00dcbertragbare Krankheiten des BAG - Save\",\"isPartOf\":{\"@id\":\"https:\\\/\\\/news.save.ch\\\/de\\\/#website\"},\"primaryImageOfPage\":{\"@id\":\"https:\\\/\\\/news.save.ch\\\/neuer-leiter-der-abteilung-uebertragbare-krankheiten-des-bag\\\/#primaryimage\"},\"image\":{\"@id\":\"https:\\\/\\\/news.save.ch\\\/neuer-leiter-der-abteilung-uebertragbare-krankheiten-des-bag\\\/#primaryimage\"},\"thumbnailUrl\":\"https:\\\/\\\/news.save.ch\\\/wp-content\\\/uploads\\\/2020\\\/04\\\/5-FT-Kuster-scaled-1.jpg\",\"datePublished\":\"2020-04-12T08:00:28+00:00\",\"dateModified\":\"2023-03-14T08:03:48+00:00\",\"description\":\"Stefan Kuster \u00fcbernahm die Leitung der Abteilung \u00dcbertragbare Krankheiten des BAG.\",\"breadcrumb\":{\"@id\":\"https:\\\/\\\/news.save.ch\\\/neuer-leiter-der-abteilung-uebertragbare-krankheiten-des-bag\\\/#breadcrumb\"},\"inLanguage\":\"fr-FR\",\"potentialAction\":[{\"@type\":\"ReadAction\",\"target\":[\"https:\\\/\\\/news.save.ch\\\/neuer-leiter-der-abteilung-uebertragbare-krankheiten-des-bag\\\/\"]}]},{\"@type\":\"ImageObject\",\"inLanguage\":\"fr-FR\",\"@id\":\"https:\\\/\\\/news.save.ch\\\/neuer-leiter-der-abteilung-uebertragbare-krankheiten-des-bag\\\/#primaryimage\",\"url\":\"https:\\\/\\\/news.save.ch\\\/wp-content\\\/uploads\\\/2020\\\/04\\\/5-FT-Kuster-scaled-1.jpg\",\"contentUrl\":\"https:\\\/\\\/news.save.ch\\\/wp-content\\\/uploads\\\/2020\\\/04\\\/5-FT-Kuster-scaled-1.jpg\",\"width\":1200,\"height\":794,\"caption\":\"Stefan Kuster \u00fcbernimmt auf 1. April 2020 die Leitung der Abteilung \u00dcbertragbare Krankheiten des BAG.\u00a9 BAG\"},{\"@type\":\"BreadcrumbList\",\"@id\":\"https:\\\/\\\/news.save.ch\\\/neuer-leiter-der-abteilung-uebertragbare-krankheiten-des-bag\\\/#breadcrumb\",\"itemListElement\":[{\"@type\":\"ListItem\",\"position\":1,\"name\":\"Home\",\"item\":\"https:\\\/\\\/news.save.ch\\\/de\\\/\"},{\"@type\":\"ListItem\",\"position\":2,\"name\":\"Neuer Leiter der Abteilung \u00dcbertragbare Krankheiten des BAG\"}]},{\"@type\":\"WebSite\",\"@id\":\"https:\\\/\\\/news.save.ch\\\/de\\\/#website\",\"url\":\"https:\\\/\\\/news.save.ch\\\/de\\\/\",\"name\":\"Save\",\"description\":\"Schweizer Fachzeitschrift f\u00fcr Sicherheit\",\"publisher\":{\"@id\":\"https:\\\/\\\/news.save.ch\\\/de\\\/#organization\"},\"potentialAction\":[{\"@type\":\"SearchAction\",\"target\":{\"@type\":\"EntryPoint\",\"urlTemplate\":\"https:\\\/\\\/news.save.ch\\\/de\\\/?s={search_term_string}\"},\"query-input\":{\"@type\":\"PropertyValueSpecification\",\"valueRequired\":true,\"valueName\":\"search_term_string\"}}],\"inLanguage\":\"fr-FR\"},{\"@type\":\"Organization\",\"@id\":\"https:\\\/\\\/news.save.ch\\\/de\\\/#organization\",\"name\":\"Sicherheitsforum\",\"url\":\"https:\\\/\\\/news.save.ch\\\/de\\\/\",\"logo\":{\"@type\":\"ImageObject\",\"inLanguage\":\"fr-FR\",\"@id\":\"https:\\\/\\\/news.save.ch\\\/de\\\/#\\\/schema\\\/logo\\\/image\\\/\",\"url\":\"https:\\\/\\\/news.save.ch\\\/wp-content\\\/uploads\\\/2022\\\/06\\\/Logo_SF_2012.png\",\"contentUrl\":\"https:\\\/\\\/news.save.ch\\\/wp-content\\\/uploads\\\/2022\\\/06\\\/Logo_SF_2012.png\",\"width\":1100,\"height\":91,\"caption\":\"Sicherheitsforum\"},\"image\":{\"@id\":\"https:\\\/\\\/news.save.ch\\\/de\\\/#\\\/schema\\\/logo\\\/image\\\/\"}},{\"@type\":\"Person\",\"@id\":\"https:\\\/\\\/news.save.ch\\\/de\\\/#\\\/schema\\\/person\\\/d49e199490bad7c70d64b9ab51142f2b\",\"name\":\"admin\",\"image\":{\"@type\":\"ImageObject\",\"inLanguage\":\"fr-FR\",\"@id\":\"https:\\\/\\\/secure.gravatar.com\\\/avatar\\\/ae2f4d718e6c49043e314ce431e7e645d646302a24a5ef5a8bc8e3f5a032e319?s=96&d=mm&r=g\",\"url\":\"https:\\\/\\\/secure.gravatar.com\\\/avatar\\\/ae2f4d718e6c49043e314ce431e7e645d646302a24a5ef5a8bc8e3f5a032e319?s=96&d=mm&r=g\",\"contentUrl\":\"https:\\\/\\\/secure.gravatar.com\\\/avatar\\\/ae2f4d718e6c49043e314ce431e7e645d646302a24a5ef5a8bc8e3f5a032e319?s=96&d=mm&r=g\",\"caption\":\"admin\"},\"sameAs\":[\"https:\\\/\\\/develop.organisator.galledia.ch\"],\"url\":\"https:\\\/\\\/news.save.ch\\\/fr\\\/author\\\/admin\\\/\"}]}<\/script>\n<!-- \/ Yoast SEO plugin. -->","yoast_head_json":{"title":"Nouveau chef de la division Maladies transmissibles de l'OFSP - Save","description":"Stefan Kuster a pris la direction de la division Maladies transmissibles de l'OFSP.","robots":{"index":"index","follow":"follow","max-snippet":"max-snippet:-1","max-image-preview":"max-image-preview:large","max-video-preview":"max-video-preview:-1"},"canonical":"https:\/\/news.save.ch\/fr\/neuer-leiter-der-abteilung-uebertragbare-krankheiten-des-bag\/","og_locale":"fr_FR","og_type":"article","og_title":"Neuer Leiter der Abteilung \u00dcbertragbare Krankheiten des BAG - Save","og_description":"Stefan Kuster \u00fcbernahm die Leitung der Abteilung \u00dcbertragbare Krankheiten des BAG.","og_url":"https:\/\/news.save.ch\/fr\/neuer-leiter-der-abteilung-uebertragbare-krankheiten-des-bag\/","og_site_name":"Save","article_published_time":"2020-04-12T08:00:28+00:00","article_modified_time":"2023-03-14T08:03:48+00:00","og_image":[{"width":1200,"height":794,"url":"https:\/\/news.save.ch\/wp-content\/uploads\/2020\/04\/5-FT-Kuster-scaled-1.jpg","type":"image\/jpeg"}],"author":"admin","twitter_card":"summary_large_image","twitter_misc":{"\u00c9crit par":"admin","Dur\u00e9e de lecture estim\u00e9e":"1 minute"},"schema":{"@context":"https:\/\/schema.org","@graph":[{"@type":"Article","@id":"https:\/\/news.save.ch\/neuer-leiter-der-abteilung-uebertragbare-krankheiten-des-bag\/#article","isPartOf":{"@id":"https:\/\/news.save.ch\/neuer-leiter-der-abteilung-uebertragbare-krankheiten-des-bag\/"},"author":{"name":"admin","@id":"https:\/\/news.save.ch\/de\/#\/schema\/person\/d49e199490bad7c70d64b9ab51142f2b"},"headline":"Neuer Leiter der Abteilung \u00dcbertragbare Krankheiten des BAG","datePublished":"2020-04-12T08:00:28+00:00","dateModified":"2023-03-14T08:03:48+00:00","mainEntityOfPage":{"@id":"https:\/\/news.save.ch\/neuer-leiter-der-abteilung-uebertragbare-krankheiten-des-bag\/"},"wordCount":231,"publisher":{"@id":"https:\/\/news.save.ch\/de\/#organization"},"image":{"@id":"https:\/\/news.save.ch\/neuer-leiter-der-abteilung-uebertragbare-krankheiten-des-bag\/#primaryimage"},"thumbnailUrl":"https:\/\/news.save.ch\/wp-content\/uploads\/2020\/04\/5-FT-Kuster-scaled-1.jpg","keywords":["BAG","Coronavirus-Pandemie","Gesundheitsschutz","Stefan Kuster","Universit\u00e4tsspital Z\u00fcrich"],"articleSection":["ALLGEMEIN","HEALTH &amp; SAFETY"],"inLanguage":"fr-FR"},{"@type":"WebPage","@id":"https:\/\/news.save.ch\/neuer-leiter-der-abteilung-uebertragbare-krankheiten-des-bag\/","url":"https:\/\/news.save.ch\/neuer-leiter-der-abteilung-uebertragbare-krankheiten-des-bag\/","name":"Nouveau chef de la division Maladies transmissibles de l'OFSP - Save","isPartOf":{"@id":"https:\/\/news.save.ch\/de\/#website"},"primaryImageOfPage":{"@id":"https:\/\/news.save.ch\/neuer-leiter-der-abteilung-uebertragbare-krankheiten-des-bag\/#primaryimage"},"image":{"@id":"https:\/\/news.save.ch\/neuer-leiter-der-abteilung-uebertragbare-krankheiten-des-bag\/#primaryimage"},"thumbnailUrl":"https:\/\/news.save.ch\/wp-content\/uploads\/2020\/04\/5-FT-Kuster-scaled-1.jpg","datePublished":"2020-04-12T08:00:28+00:00","dateModified":"2023-03-14T08:03:48+00:00","description":"Stefan Kuster a pris la direction de la division Maladies transmissibles de l'OFSP.","breadcrumb":{"@id":"https:\/\/news.save.ch\/neuer-leiter-der-abteilung-uebertragbare-krankheiten-des-bag\/#breadcrumb"},"inLanguage":"fr-FR","potentialAction":[{"@type":"ReadAction","target":["https:\/\/news.save.ch\/neuer-leiter-der-abteilung-uebertragbare-krankheiten-des-bag\/"]}]},{"@type":"ImageObject","inLanguage":"fr-FR","@id":"https:\/\/news.save.ch\/neuer-leiter-der-abteilung-uebertragbare-krankheiten-des-bag\/#primaryimage","url":"https:\/\/news.save.ch\/wp-content\/uploads\/2020\/04\/5-FT-Kuster-scaled-1.jpg","contentUrl":"https:\/\/news.save.ch\/wp-content\/uploads\/2020\/04\/5-FT-Kuster-scaled-1.jpg","width":1200,"height":794,"caption":"Stefan Kuster \u00fcbernimmt auf 1. April 2020 die Leitung der Abteilung \u00dcbertragbare Krankheiten des BAG.\u00a9 BAG"},{"@type":"BreadcrumbList","@id":"https:\/\/news.save.ch\/neuer-leiter-der-abteilung-uebertragbare-krankheiten-des-bag\/#breadcrumb","itemListElement":[{"@type":"ListItem","position":1,"name":"Home","item":"https:\/\/news.save.ch\/de\/"},{"@type":"ListItem","position":2,"name":"Neuer Leiter der Abteilung \u00dcbertragbare Krankheiten des BAG"}]},{"@type":"WebSite","@id":"https:\/\/news.save.ch\/de\/#website","url":"https:\/\/news.save.ch\/de\/","name":"Save","description":"Revue suisse sp\u00e9cialis\u00e9e dans la s\u00e9curit\u00e9","publisher":{"@id":"https:\/\/news.save.ch\/de\/#organization"},"potentialAction":[{"@type":"SearchAction","target":{"@type":"EntryPoint","urlTemplate":"https:\/\/news.save.ch\/de\/?s={search_term_string}"},"query-input":{"@type":"PropertyValueSpecification","valueRequired":true,"valueName":"search_term_string"}}],"inLanguage":"fr-FR"},{"@type":"Organization","@id":"https:\/\/news.save.ch\/de\/#organization","name":"Forum sur la s\u00e9curit\u00e9","url":"https:\/\/news.save.ch\/de\/","logo":{"@type":"ImageObject","inLanguage":"fr-FR","@id":"https:\/\/news.save.ch\/de\/#\/schema\/logo\/image\/","url":"https:\/\/news.save.ch\/wp-content\/uploads\/2022\/06\/Logo_SF_2012.png","contentUrl":"https:\/\/news.save.ch\/wp-content\/uploads\/2022\/06\/Logo_SF_2012.png","width":1100,"height":91,"caption":"Sicherheitsforum"},"image":{"@id":"https:\/\/news.save.ch\/de\/#\/schema\/logo\/image\/"}},{"@type":"Person","@id":"https:\/\/news.save.ch\/de\/#\/schema\/person\/d49e199490bad7c70d64b9ab51142f2b","name":"admin","image":{"@type":"ImageObject","inLanguage":"fr-FR","@id":"https:\/\/secure.gravatar.com\/avatar\/ae2f4d718e6c49043e314ce431e7e645d646302a24a5ef5a8bc8e3f5a032e319?s=96&d=mm&r=g","url":"https:\/\/secure.gravatar.com\/avatar\/ae2f4d718e6c49043e314ce431e7e645d646302a24a5ef5a8bc8e3f5a032e319?s=96&d=mm&r=g","contentUrl":"https:\/\/secure.gravatar.com\/avatar\/ae2f4d718e6c49043e314ce431e7e645d646302a24a5ef5a8bc8e3f5a032e319?s=96&d=mm&r=g","caption":"admin"},"sameAs":["https:\/\/develop.organisator.galledia.ch"],"url":"https:\/\/news.save.ch\/fr\/author\/admin\/"}]}},"_links":{"self":[{"href":"https:\/\/news.save.ch\/fr\/wp-json\/wp\/v2\/posts\/5541","targetHints":{"allow":["GET"]}}],"collection":[{"href":"https:\/\/news.save.ch\/fr\/wp-json\/wp\/v2\/posts"}],"about":[{"href":"https:\/\/news.save.ch\/fr\/wp-json\/wp\/v2\/types\/post"}],"author":[{"embeddable":true,"href":"https:\/\/news.save.ch\/fr\/wp-json\/wp\/v2\/users\/1"}],"replies":[{"embeddable":true,"href":"https:\/\/news.save.ch\/fr\/wp-json\/wp\/v2\/comments?post=5541"}],"version-history":[{"count":1,"href":"https:\/\/news.save.ch\/fr\/wp-json\/wp\/v2\/posts\/5541\/revisions"}],"predecessor-version":[{"id":18598,"href":"https:\/\/news.save.ch\/fr\/wp-json\/wp\/v2\/posts\/5541\/revisions\/18598"}],"wp:featuredmedia":[{"embeddable":true,"href":"https:\/\/news.save.ch\/fr\/wp-json\/wp\/v2\/media\/5571"}],"wp:attachment":[{"href":"https:\/\/news.save.ch\/fr\/wp-json\/wp\/v2\/media?parent=5541"}],"wp:term":[{"taxonomy":"category","embeddable":true,"href":"https:\/\/news.save.ch\/fr\/wp-json\/wp\/v2\/categories?post=5541"},{"taxonomy":"post_tag","embeddable":true,"href":"https:\/\/news.save.ch\/fr\/wp-json\/wp\/v2\/tags?post=5541"}],"curies":[{"name":"wp","href":"https:\/\/api.w.org\/{rel}","templated":true}]}}