{"id":5605,"date":"2017-11-10T06:43:29","date_gmt":"2017-11-10T05:43:29","guid":{"rendered":"https:\/\/news.save.ch\/?p=5605"},"modified":"2023-03-14T08:57:00","modified_gmt":"2023-03-14T07:57:00","slug":"bei-der-informationssicherheit-hapert-es-im-kmu","status":null,"type":"post","link":"https:\/\/news.save.ch\/fr\/bei-der-informationssicherheit-hapert-es-im-kmu\/","title":{"rendered":"La s\u00e9curit\u00e9 de l'information est un probl\u00e8me pour les PME"},"content":{"rendered":"<figure id=\"attachment_5606\" aria-describedby=\"caption-attachment-5606\" style=\"width: 453px\" class=\"wp-caption aligncenter\"><img loading=\"lazy\" decoding=\"async\" class=\"size-full wp-image-5606\" src=\"https:\/\/news.save.ch\/wp-content\/uploads\/2017\/11\/HSLU.jpg\" alt=\"\" width=\"453\" height=\"311\" srcset=\"https:\/\/news.save.ch\/wp-content\/uploads\/2017\/11\/HSLU.jpg 453w, https:\/\/news.save.ch\/wp-content\/uploads\/2017\/11\/HSLU-375x257.jpg 375w\" sizes=\"auto, (max-width: 453px) 100vw, 453px\" \/><figcaption id=\"caption-attachment-5606\" class=\"wp-caption-text\">HSLU<\/figcaption><\/figure>\n<p>&nbsp;<\/p>\n<p>Les cyber-attaques sont en augmentation. C'est pourquoi le d\u00e9partement Informatique de la Haute \u00e9cole de Lucerne (HSLU) a mis en place une <a href=\"https:\/\/www.hslu.ch\/de-ch\/informatik\/forschung\/themen\/information-security\/?sourceurl=\/forschung-information-security\">Sondage<\/a> aupr\u00e8s des PME sur le th\u00e8me de la s\u00e9curit\u00e9 de l'information. L'auteur principal, Hirschi, r\u00e9sume les r\u00e9sultats comme suit : \"Dans de nombreuses PME, il y a un manque de connaissances sur la mani\u00e8re d'aborder le th\u00e8me de la s\u00e9curit\u00e9 de l'information\". Et ce, bien qu'environ 40% des entreprises interrog\u00e9es aient indiqu\u00e9 avoir \u00e9t\u00e9 touch\u00e9es par des cyberattaques (logiciels malveillants, e-mails de phishing) au cours des douze mois pr\u00e9c\u00e9dant l'enqu\u00eate (ann\u00e9e 2016).<\/p>\n<p>Selon un sondage, pr\u00e8s de deux tiers des entreprises autorisent leurs collaborateurs \u00e0 traiter leurs e-mails professionnels sur des appareils priv\u00e9s (cf. <a href=\"https:\/\/news.save.ch\/fr\/sechs-tipps-fuer-ein-sicheres-byod-konzept\/\">BYOD<\/a>). Un peu moins d'un tiers permet d'acc\u00e9der \u00e0 toutes les applications informatiques. \"Cela augmente bien s\u00fbr la surface d'attaque\", explique Hirschi, \"tout comme l'utilisation de services en nuage, c'est-\u00e0-dire par exemple stocker des donn\u00e9es auxquelles on peut acc\u00e9der \u00e0 tout moment et de partout\". Pr\u00e8s de 60% des entreprises utiliseraient des services cloud sous une forme ou une autre.<\/p>\n<p><strong>Dommages importants \u00e0 craindre <\/strong><\/p>\n<p>Selon l'institut, les entreprises victimes de cyberattaques se pr\u00e9occupent davantage de la s\u00e9curit\u00e9 de l'information. La garantie de l'activit\u00e9 commerciale est au centre de l'int\u00e9r\u00eat. Plus des deux tiers des entreprises interrog\u00e9es estiment que les dommages caus\u00e9s par la publication abusive de leurs donn\u00e9es confidentielles sont importants ou tr\u00e8s importants.<\/p>\n<p>Les mesures de protection sont donc importantes. \"Malgr\u00e9 cela, la grande majorit\u00e9 des entreprises ont indiqu\u00e9 qu'elles ne consacraient pas de ressources ou seulement des ressources minimales au th\u00e8me de la s\u00e9curit\u00e9 de l'information\", explique Armand Portmann, co-auteur de l'\u00e9tude. De plus, de nombreuses entreprises n'auraient pas form\u00e9 leur personnel \u00e0 la gestion des risques au cours de l'ann\u00e9e pr\u00e9c\u00e9dant l'enqu\u00eate. En cons\u00e9quence, le pilotage et le contr\u00f4le de la s\u00e9curit\u00e9 de l'information sont souvent peu d\u00e9velopp\u00e9s : moins de la moiti\u00e9 des PME v\u00e9rifient r\u00e9guli\u00e8rement l'efficacit\u00e9 de leurs mesures de s\u00e9curit\u00e9. Cela explique aussi pourquoi les normes ou les guides pour la s\u00e9curit\u00e9 de l'information sont plut\u00f4t rarement utilis\u00e9s. La situation est meilleure en ce qui concerne les mesures techniques telles que les sauvegardes, les antivirus et les pare-feu. Selon l'enqu\u00eate, presque toutes les entreprises interrog\u00e9es y ont recours.<\/p>\n<p><strong>Wanted : plus de personnel, plus de formations <\/strong><\/p>\n<p>Au vu de ces r\u00e9sultats, les deux auteurs de l'\u00e9tude estiment que c'est justement dans le domaine de l'organisation et du personnel qu'il faut rattraper le retard : pour am\u00e9liorer la situation dans les PME suisses, les entreprises devraient consacrer plus de ressources \u00e0 la s\u00e9curit\u00e9 de l'information et mieux pr\u00e9parer leurs collaborateurs aux dangers des cyberattaques en leur proposant des formations. <em>Source : HSLU<\/em><\/p>\n<p><em>L'\u00e9tude se base sur une enqu\u00eate en ligne que les chercheurs ont men\u00e9e aupr\u00e8s de 230 PME de divers secteurs.<\/em><\/p>\n<ul>\n<li><em>Conseils de s\u00e9curit\u00e9 sur la plate-forme \"eBanking - en toute s\u00e9curit\u00e9 <a href=\"https:\/\/www.ebas.ch\">www.ebas.ch <\/a><\/em><\/li>\n<li><em>Cours sp\u00e9cialis\u00e9 sur la s\u00e9curit\u00e9 de l'information et la cybers\u00e9curit\u00e9 dans les petites entreprises et autres\u00a0<\/em><em>Formations continues sur la s\u00e9curit\u00e9 de l'information : <a href=\"https:\/\/www.hslu.ch\/information-security-privacy\">www.hslu.ch\/information-security-privacy<\/a><\/em><\/li>\n<\/ul>\n<p>&nbsp;<\/p>","protected":false},"excerpt":{"rendered":"<p>&nbsp; Cyber-Angriffe nehmen zu. Deshalb hat das Departement Informatik der Hochschule Luzern (HSLU) eine Umfrage bei KMU zum Thema Informationssicherheit gemacht.\u00a0Hauptautor Hirschi fasst die Ergebnisse wie folgt zusammen: \u00abIn vielen KMU fehlt es an Wissen zum Umgang mit dem Thema Informationssicherheit.\u00bb Dies, obwohl rund 40% der befragten Unternehmen angegeben h\u00e4tten, in den zw\u00f6lf Monaten vor [&hellip;]<\/p>\n","protected":false},"author":8,"featured_media":5606,"comment_status":"open","ping_status":"open","sticky":false,"template":"","format":"standard","meta":{"_acf_changed":false,"pgc_sgb_lightbox_settings":"","footnotes":""},"categories":[3313],"tags":[96,118,63,64],"class_list":["post-5605","post","type-post","status-publish","format-standard","has-post-thumbnail","hentry","category-digitalisierung","tag-cyber-crime","tag-datenschutz","tag-it-security","tag-studie"],"acf":[],"hkrextid":null,"publication":null,"issue":null,"workflow":null,"startPage":null,"spitzmarke":null,"_posts_by_tag_page_fields":{"widget_title":"","widget_tags":""},"_at_widget":"1","_yoast_wpseo_primary_category":"2","_yoast_wpseo_focuskw_text_input":"Informationssicherheit","_yoast_wpseo_opengraph-image":null,"_yoast_wpseo_opengraph-description":null,"_yoast_wpseo_opengraph-title":null,"enclosure":null,"_yoast_wpseo_twitter-title":null,"_yoast_wpseo_twitter-description":null,"_yoast_wpseo_twitter-image":null,"_wp_old_slug":null,"_yoast_wpseo_title":null,"_yoast_wpseo_canonical":null,"yoast_head":"<!-- This site is optimized with the Yoast SEO plugin v27.5 - https:\/\/yoast.com\/product\/yoast-seo-wordpress\/ -->\n<title>Bei der Informationssicherheit hapert es im KMU - Save<\/title>\n<meta name=\"description\" content=\"Cyber-Kriminalit\u00e4t: Das Thema Informationssicherheit r\u00fcckt bei KMU nur langsam in den Fokus der Aufmerksamkeit, wie eine Studie der Hochschule Luzern zeigt.\" \/>\n<meta name=\"robots\" content=\"index, follow, max-snippet:-1, max-image-preview:large, max-video-preview:-1\" \/>\n<link rel=\"canonical\" href=\"https:\/\/news.save.ch\/fr\/bei-der-informationssicherheit-hapert-es-im-kmu\/\" \/>\n<meta property=\"og:locale\" content=\"fr_FR\" \/>\n<meta property=\"og:type\" content=\"article\" \/>\n<meta property=\"og:title\" content=\"Bei der Informationssicherheit hapert es im KMU - Save\" \/>\n<meta property=\"og:description\" content=\"Cyber-Kriminalit\u00e4t: Das Thema Informationssicherheit r\u00fcckt bei KMU nur langsam in den Fokus der Aufmerksamkeit, wie eine Studie der Hochschule Luzern zeigt.\" \/>\n<meta property=\"og:url\" content=\"https:\/\/news.save.ch\/fr\/bei-der-informationssicherheit-hapert-es-im-kmu\/\" \/>\n<meta property=\"og:site_name\" content=\"Save\" \/>\n<meta property=\"article:published_time\" content=\"2017-11-10T05:43:29+00:00\" \/>\n<meta property=\"article:modified_time\" content=\"2023-03-14T07:57:00+00:00\" \/>\n<meta property=\"og:image\" content=\"https:\/\/news.save.ch\/wp-content\/uploads\/2017\/11\/HSLU.jpg\" \/>\n\t<meta property=\"og:image:width\" content=\"453\" \/>\n\t<meta property=\"og:image:height\" content=\"311\" \/>\n\t<meta property=\"og:image:type\" content=\"image\/jpeg\" \/>\n<meta name=\"author\" content=\"Roger Str\u00e4ssle\" \/>\n<meta name=\"twitter:card\" content=\"summary_large_image\" \/>\n<meta name=\"twitter:label1\" content=\"\u00c9crit par\" \/>\n\t<meta name=\"twitter:data1\" content=\"Roger Str\u00e4ssle\" \/>\n\t<meta name=\"twitter:label2\" content=\"Dur\u00e9e de lecture estim\u00e9e\" \/>\n\t<meta name=\"twitter:data2\" content=\"2 minutes\" \/>\n<script type=\"application\/ld+json\" class=\"yoast-schema-graph\">{\"@context\":\"https:\\\/\\\/schema.org\",\"@graph\":[{\"@type\":\"Article\",\"@id\":\"https:\\\/\\\/news.save.ch\\\/bei-der-informationssicherheit-hapert-es-im-kmu\\\/#article\",\"isPartOf\":{\"@id\":\"https:\\\/\\\/news.save.ch\\\/bei-der-informationssicherheit-hapert-es-im-kmu\\\/\"},\"author\":{\"name\":\"Roger Str\u00e4ssle\",\"@id\":\"https:\\\/\\\/news.save.ch\\\/de\\\/#\\\/schema\\\/person\\\/d5022db048e0e2b9785c50e5b24da5aa\"},\"headline\":\"Bei der Informationssicherheit hapert es im KMU\",\"datePublished\":\"2017-11-10T05:43:29+00:00\",\"dateModified\":\"2023-03-14T07:57:00+00:00\",\"mainEntityOfPage\":{\"@id\":\"https:\\\/\\\/news.save.ch\\\/bei-der-informationssicherheit-hapert-es-im-kmu\\\/\"},\"wordCount\":443,\"commentCount\":0,\"publisher\":{\"@id\":\"https:\\\/\\\/news.save.ch\\\/de\\\/#organization\"},\"image\":{\"@id\":\"https:\\\/\\\/news.save.ch\\\/bei-der-informationssicherheit-hapert-es-im-kmu\\\/#primaryimage\"},\"thumbnailUrl\":\"https:\\\/\\\/news.save.ch\\\/wp-content\\\/uploads\\\/2017\\\/11\\\/HSLU.jpg\",\"keywords\":[\"Cyber-Crime\",\"Datenschutz\",\"IT-SECURITY\",\"Studie\"],\"articleSection\":[\"DIGITALISIERUNG\"],\"inLanguage\":\"fr-FR\"},{\"@type\":\"WebPage\",\"@id\":\"https:\\\/\\\/news.save.ch\\\/bei-der-informationssicherheit-hapert-es-im-kmu\\\/\",\"url\":\"https:\\\/\\\/news.save.ch\\\/bei-der-informationssicherheit-hapert-es-im-kmu\\\/\",\"name\":\"Bei der Informationssicherheit hapert es im KMU - Save\",\"isPartOf\":{\"@id\":\"https:\\\/\\\/news.save.ch\\\/de\\\/#website\"},\"primaryImageOfPage\":{\"@id\":\"https:\\\/\\\/news.save.ch\\\/bei-der-informationssicherheit-hapert-es-im-kmu\\\/#primaryimage\"},\"image\":{\"@id\":\"https:\\\/\\\/news.save.ch\\\/bei-der-informationssicherheit-hapert-es-im-kmu\\\/#primaryimage\"},\"thumbnailUrl\":\"https:\\\/\\\/news.save.ch\\\/wp-content\\\/uploads\\\/2017\\\/11\\\/HSLU.jpg\",\"datePublished\":\"2017-11-10T05:43:29+00:00\",\"dateModified\":\"2023-03-14T07:57:00+00:00\",\"description\":\"Cyber-Kriminalit\u00e4t: Das Thema Informationssicherheit r\u00fcckt bei KMU nur langsam in den Fokus der Aufmerksamkeit, wie eine Studie der Hochschule Luzern zeigt.\",\"breadcrumb\":{\"@id\":\"https:\\\/\\\/news.save.ch\\\/bei-der-informationssicherheit-hapert-es-im-kmu\\\/#breadcrumb\"},\"inLanguage\":\"fr-FR\",\"potentialAction\":[{\"@type\":\"ReadAction\",\"target\":[\"https:\\\/\\\/news.save.ch\\\/bei-der-informationssicherheit-hapert-es-im-kmu\\\/\"]}]},{\"@type\":\"ImageObject\",\"inLanguage\":\"fr-FR\",\"@id\":\"https:\\\/\\\/news.save.ch\\\/bei-der-informationssicherheit-hapert-es-im-kmu\\\/#primaryimage\",\"url\":\"https:\\\/\\\/news.save.ch\\\/wp-content\\\/uploads\\\/2017\\\/11\\\/HSLU.jpg\",\"contentUrl\":\"https:\\\/\\\/news.save.ch\\\/wp-content\\\/uploads\\\/2017\\\/11\\\/HSLU.jpg\",\"width\":453,\"height\":311,\"caption\":\"\u00a9 HSLU\"},{\"@type\":\"BreadcrumbList\",\"@id\":\"https:\\\/\\\/news.save.ch\\\/bei-der-informationssicherheit-hapert-es-im-kmu\\\/#breadcrumb\",\"itemListElement\":[{\"@type\":\"ListItem\",\"position\":1,\"name\":\"Home\",\"item\":\"https:\\\/\\\/news.save.ch\\\/de\\\/\"},{\"@type\":\"ListItem\",\"position\":2,\"name\":\"Bei der Informationssicherheit hapert es im KMU\"}]},{\"@type\":\"WebSite\",\"@id\":\"https:\\\/\\\/news.save.ch\\\/de\\\/#website\",\"url\":\"https:\\\/\\\/news.save.ch\\\/de\\\/\",\"name\":\"Save\",\"description\":\"Schweizer Fachzeitschrift f\u00fcr Sicherheit\",\"publisher\":{\"@id\":\"https:\\\/\\\/news.save.ch\\\/de\\\/#organization\"},\"potentialAction\":[{\"@type\":\"SearchAction\",\"target\":{\"@type\":\"EntryPoint\",\"urlTemplate\":\"https:\\\/\\\/news.save.ch\\\/de\\\/?s={search_term_string}\"},\"query-input\":{\"@type\":\"PropertyValueSpecification\",\"valueRequired\":true,\"valueName\":\"search_term_string\"}}],\"inLanguage\":\"fr-FR\"},{\"@type\":\"Organization\",\"@id\":\"https:\\\/\\\/news.save.ch\\\/de\\\/#organization\",\"name\":\"Sicherheitsforum\",\"url\":\"https:\\\/\\\/news.save.ch\\\/de\\\/\",\"logo\":{\"@type\":\"ImageObject\",\"inLanguage\":\"fr-FR\",\"@id\":\"https:\\\/\\\/news.save.ch\\\/de\\\/#\\\/schema\\\/logo\\\/image\\\/\",\"url\":\"https:\\\/\\\/news.save.ch\\\/wp-content\\\/uploads\\\/2022\\\/06\\\/Logo_SF_2012.png\",\"contentUrl\":\"https:\\\/\\\/news.save.ch\\\/wp-content\\\/uploads\\\/2022\\\/06\\\/Logo_SF_2012.png\",\"width\":1100,\"height\":91,\"caption\":\"Sicherheitsforum\"},\"image\":{\"@id\":\"https:\\\/\\\/news.save.ch\\\/de\\\/#\\\/schema\\\/logo\\\/image\\\/\"}},{\"@type\":\"Person\",\"@id\":\"https:\\\/\\\/news.save.ch\\\/de\\\/#\\\/schema\\\/person\\\/d5022db048e0e2b9785c50e5b24da5aa\",\"name\":\"Roger Str\u00e4ssle\",\"image\":{\"@type\":\"ImageObject\",\"inLanguage\":\"fr-FR\",\"@id\":\"https:\\\/\\\/secure.gravatar.com\\\/avatar\\\/862a5569d087de48e5856e32f45d719a03804c891d6deb8d4f71a660e79e4a47?s=96&d=mm&r=g\",\"url\":\"https:\\\/\\\/secure.gravatar.com\\\/avatar\\\/862a5569d087de48e5856e32f45d719a03804c891d6deb8d4f71a660e79e4a47?s=96&d=mm&r=g\",\"contentUrl\":\"https:\\\/\\\/secure.gravatar.com\\\/avatar\\\/862a5569d087de48e5856e32f45d719a03804c891d6deb8d4f71a660e79e4a47?s=96&d=mm&r=g\",\"caption\":\"Roger Str\u00e4ssle\"},\"url\":\"https:\\\/\\\/news.save.ch\\\/fr\\\/author\\\/roger-straessle\\\/\"}]}<\/script>\n<!-- \/ Yoast SEO plugin. -->","yoast_head_json":{"title":"La s\u00e9curit\u00e9 de l'information est un probl\u00e8me pour les PME - Save","description":"Cybercriminalit\u00e9 : le th\u00e8me de la s\u00e9curit\u00e9 de l'information n'attire que lentement l'attention des PME, comme le montre une \u00e9tude de la Haute \u00e9cole de Lucerne.","robots":{"index":"index","follow":"follow","max-snippet":"max-snippet:-1","max-image-preview":"max-image-preview:large","max-video-preview":"max-video-preview:-1"},"canonical":"https:\/\/news.save.ch\/fr\/bei-der-informationssicherheit-hapert-es-im-kmu\/","og_locale":"fr_FR","og_type":"article","og_title":"Bei der Informationssicherheit hapert es im KMU - Save","og_description":"Cyber-Kriminalit\u00e4t: Das Thema Informationssicherheit r\u00fcckt bei KMU nur langsam in den Fokus der Aufmerksamkeit, wie eine Studie der Hochschule Luzern zeigt.","og_url":"https:\/\/news.save.ch\/fr\/bei-der-informationssicherheit-hapert-es-im-kmu\/","og_site_name":"Save","article_published_time":"2017-11-10T05:43:29+00:00","article_modified_time":"2023-03-14T07:57:00+00:00","og_image":[{"width":453,"height":311,"url":"https:\/\/news.save.ch\/wp-content\/uploads\/2017\/11\/HSLU.jpg","type":"image\/jpeg"}],"author":"Roger Str\u00e4ssle","twitter_card":"summary_large_image","twitter_misc":{"\u00c9crit par":"Roger Str\u00e4ssle","Dur\u00e9e de lecture estim\u00e9e":"2 minutes"},"schema":{"@context":"https:\/\/schema.org","@graph":[{"@type":"Article","@id":"https:\/\/news.save.ch\/bei-der-informationssicherheit-hapert-es-im-kmu\/#article","isPartOf":{"@id":"https:\/\/news.save.ch\/bei-der-informationssicherheit-hapert-es-im-kmu\/"},"author":{"name":"Roger Str\u00e4ssle","@id":"https:\/\/news.save.ch\/de\/#\/schema\/person\/d5022db048e0e2b9785c50e5b24da5aa"},"headline":"Bei der Informationssicherheit hapert es im KMU","datePublished":"2017-11-10T05:43:29+00:00","dateModified":"2023-03-14T07:57:00+00:00","mainEntityOfPage":{"@id":"https:\/\/news.save.ch\/bei-der-informationssicherheit-hapert-es-im-kmu\/"},"wordCount":443,"commentCount":0,"publisher":{"@id":"https:\/\/news.save.ch\/de\/#organization"},"image":{"@id":"https:\/\/news.save.ch\/bei-der-informationssicherheit-hapert-es-im-kmu\/#primaryimage"},"thumbnailUrl":"https:\/\/news.save.ch\/wp-content\/uploads\/2017\/11\/HSLU.jpg","keywords":["Cyber-Crime","Datenschutz","IT-SECURITY","Studie"],"articleSection":["DIGITALISIERUNG"],"inLanguage":"fr-FR"},{"@type":"WebPage","@id":"https:\/\/news.save.ch\/bei-der-informationssicherheit-hapert-es-im-kmu\/","url":"https:\/\/news.save.ch\/bei-der-informationssicherheit-hapert-es-im-kmu\/","name":"La s\u00e9curit\u00e9 de l'information est un probl\u00e8me pour les PME - Save","isPartOf":{"@id":"https:\/\/news.save.ch\/de\/#website"},"primaryImageOfPage":{"@id":"https:\/\/news.save.ch\/bei-der-informationssicherheit-hapert-es-im-kmu\/#primaryimage"},"image":{"@id":"https:\/\/news.save.ch\/bei-der-informationssicherheit-hapert-es-im-kmu\/#primaryimage"},"thumbnailUrl":"https:\/\/news.save.ch\/wp-content\/uploads\/2017\/11\/HSLU.jpg","datePublished":"2017-11-10T05:43:29+00:00","dateModified":"2023-03-14T07:57:00+00:00","description":"Cybercriminalit\u00e9 : le th\u00e8me de la s\u00e9curit\u00e9 de l'information n'attire que lentement l'attention des PME, comme le montre une \u00e9tude de la Haute \u00e9cole de Lucerne.","breadcrumb":{"@id":"https:\/\/news.save.ch\/bei-der-informationssicherheit-hapert-es-im-kmu\/#breadcrumb"},"inLanguage":"fr-FR","potentialAction":[{"@type":"ReadAction","target":["https:\/\/news.save.ch\/bei-der-informationssicherheit-hapert-es-im-kmu\/"]}]},{"@type":"ImageObject","inLanguage":"fr-FR","@id":"https:\/\/news.save.ch\/bei-der-informationssicherheit-hapert-es-im-kmu\/#primaryimage","url":"https:\/\/news.save.ch\/wp-content\/uploads\/2017\/11\/HSLU.jpg","contentUrl":"https:\/\/news.save.ch\/wp-content\/uploads\/2017\/11\/HSLU.jpg","width":453,"height":311,"caption":"\u00a9 HSLU"},{"@type":"BreadcrumbList","@id":"https:\/\/news.save.ch\/bei-der-informationssicherheit-hapert-es-im-kmu\/#breadcrumb","itemListElement":[{"@type":"ListItem","position":1,"name":"Home","item":"https:\/\/news.save.ch\/de\/"},{"@type":"ListItem","position":2,"name":"Bei der Informationssicherheit hapert es im KMU"}]},{"@type":"WebSite","@id":"https:\/\/news.save.ch\/de\/#website","url":"https:\/\/news.save.ch\/de\/","name":"Save","description":"Revue suisse sp\u00e9cialis\u00e9e dans la s\u00e9curit\u00e9","publisher":{"@id":"https:\/\/news.save.ch\/de\/#organization"},"potentialAction":[{"@type":"SearchAction","target":{"@type":"EntryPoint","urlTemplate":"https:\/\/news.save.ch\/de\/?s={search_term_string}"},"query-input":{"@type":"PropertyValueSpecification","valueRequired":true,"valueName":"search_term_string"}}],"inLanguage":"fr-FR"},{"@type":"Organization","@id":"https:\/\/news.save.ch\/de\/#organization","name":"Forum sur la s\u00e9curit\u00e9","url":"https:\/\/news.save.ch\/de\/","logo":{"@type":"ImageObject","inLanguage":"fr-FR","@id":"https:\/\/news.save.ch\/de\/#\/schema\/logo\/image\/","url":"https:\/\/news.save.ch\/wp-content\/uploads\/2022\/06\/Logo_SF_2012.png","contentUrl":"https:\/\/news.save.ch\/wp-content\/uploads\/2022\/06\/Logo_SF_2012.png","width":1100,"height":91,"caption":"Sicherheitsforum"},"image":{"@id":"https:\/\/news.save.ch\/de\/#\/schema\/logo\/image\/"}},{"@type":"Person","@id":"https:\/\/news.save.ch\/de\/#\/schema\/person\/d5022db048e0e2b9785c50e5b24da5aa","name":"Roger Str\u00e4ssle","image":{"@type":"ImageObject","inLanguage":"fr-FR","@id":"https:\/\/secure.gravatar.com\/avatar\/862a5569d087de48e5856e32f45d719a03804c891d6deb8d4f71a660e79e4a47?s=96&d=mm&r=g","url":"https:\/\/secure.gravatar.com\/avatar\/862a5569d087de48e5856e32f45d719a03804c891d6deb8d4f71a660e79e4a47?s=96&d=mm&r=g","contentUrl":"https:\/\/secure.gravatar.com\/avatar\/862a5569d087de48e5856e32f45d719a03804c891d6deb8d4f71a660e79e4a47?s=96&d=mm&r=g","caption":"Roger Str\u00e4ssle"},"url":"https:\/\/news.save.ch\/fr\/author\/roger-straessle\/"}]}},"_links":{"self":[{"href":"https:\/\/news.save.ch\/fr\/wp-json\/wp\/v2\/posts\/5605","targetHints":{"allow":["GET"]}}],"collection":[{"href":"https:\/\/news.save.ch\/fr\/wp-json\/wp\/v2\/posts"}],"about":[{"href":"https:\/\/news.save.ch\/fr\/wp-json\/wp\/v2\/types\/post"}],"author":[{"embeddable":true,"href":"https:\/\/news.save.ch\/fr\/wp-json\/wp\/v2\/users\/8"}],"replies":[{"embeddable":true,"href":"https:\/\/news.save.ch\/fr\/wp-json\/wp\/v2\/comments?post=5605"}],"version-history":[{"count":1,"href":"https:\/\/news.save.ch\/fr\/wp-json\/wp\/v2\/posts\/5605\/revisions"}],"predecessor-version":[{"id":17481,"href":"https:\/\/news.save.ch\/fr\/wp-json\/wp\/v2\/posts\/5605\/revisions\/17481"}],"wp:featuredmedia":[{"embeddable":true,"href":"https:\/\/news.save.ch\/fr\/wp-json\/wp\/v2\/media\/5606"}],"wp:attachment":[{"href":"https:\/\/news.save.ch\/fr\/wp-json\/wp\/v2\/media?parent=5605"}],"wp:term":[{"taxonomy":"category","embeddable":true,"href":"https:\/\/news.save.ch\/fr\/wp-json\/wp\/v2\/categories?post=5605"},{"taxonomy":"post_tag","embeddable":true,"href":"https:\/\/news.save.ch\/fr\/wp-json\/wp\/v2\/tags?post=5605"}],"curies":[{"name":"wp","href":"https:\/\/api.w.org\/{rel}","templated":true}]}}