{"id":5633,"date":"2017-11-19T17:57:38","date_gmt":"2017-11-19T16:57:38","guid":{"rendered":"https:\/\/news.save.ch\/?p=5633"},"modified":"2023-03-14T08:57:00","modified_gmt":"2023-03-14T07:57:00","slug":"digitale-identitaet-gesetzesentwurf-kommt-2018","status":null,"type":"post","link":"https:\/\/news.save.ch\/fr\/digitale-identitaet-gesetzesentwurf-kommt-2018\/","title":{"rendered":"Identit\u00e9 num\u00e9rique : le projet de loi arrive en 2018"},"content":{"rendered":"<figure id=\"attachment_5634\" aria-describedby=\"caption-attachment-5634\" style=\"width: 680px\" class=\"wp-caption aligncenter\"><img loading=\"lazy\" decoding=\"async\" class=\"size-medium wp-image-5634\" src=\"https:\/\/news.save.ch\/wp-content\/uploads\/2017\/11\/Depositphotos_5116082_m-2015.jpg\" alt=\"\" width=\"680\" height=\"680\" srcset=\"https:\/\/news.save.ch\/wp-content\/uploads\/2017\/11\/Depositphotos_5116082_m-2015.jpg 1000w, https:\/\/news.save.ch\/wp-content\/uploads\/2017\/11\/Depositphotos_5116082_m-2015-300x300.jpg 300w\" sizes=\"auto, (max-width: 680px) 100vw, 680px\" \/><figcaption id=\"caption-attachment-5634\" class=\"wp-caption-text\">Image : depositphotos<\/figcaption><\/figure>\n<p>&nbsp;<\/p>\n<p>De plus en plus de personnes effectuent des types de transactions tr\u00e8s diff\u00e9rents sur Internet, pour lesquels elles doivent s'identifier correctement. Cela va de l'achat de billets pour les transports publics \u00e0 l'utilisation de services publics, en passant par les commandes pass\u00e9es aupr\u00e8s de soci\u00e9t\u00e9s de vente par correspondance. La population a besoin de pouvoir utiliser ces offres de mani\u00e8re simple et s\u00fbre. Le Conseil f\u00e9d\u00e9ral veut r\u00e9pondre \u00e0 ce besoin croissant. A cet effet, il souhaite \u00e9laborer une loi f\u00e9d\u00e9rale sur les services d'identification \u00e9lectronique (loi E-ID).<\/p>\n<p>La loi doit d\u00e9finir des r\u00e8gles claires pour une preuve d'identit\u00e9 (E-ID) reconnue par l'Etat. Celle-ci doit permettre aux utilisateurs en Suisse de s'identifier aupr\u00e8s de certaines offres avec un contr\u00f4le total de leurs propres donn\u00e9es sur Internet. La consultation a montr\u00e9 que cette demande n'est pas contest\u00e9e sur le fond.<\/p>\n<h3>Le r\u00f4le de l'\u00c9tat<\/h3>\n<p>L'identit\u00e9 num\u00e9rique doit \u00eatre correcte et prot\u00e9ger contre toute confusion. Personne ne doit pouvoir se faire d\u00e9livrer une fausse identit\u00e9 num\u00e9rique. C'est pourquoi le Conseil f\u00e9d\u00e9ral souhaite que l'\u00c9tat ne se dessaisisse pas de sa t\u00e2che principale lors de l'\u00e9tablissement d'une identit\u00e9 num\u00e9rique, \u00e0 savoir la v\u00e9rification et la confirmation officielles de l'existence d'une personne et de ses caract\u00e9ristiques d'identit\u00e9 telles que le nom, le sexe ou la date de naissance. Un service d'identit\u00e9 \u00e0 cr\u00e9er sp\u00e9cialement \u00e0 cet effet au sein du DFJP, qui g\u00e8re d\u00e9j\u00e0 les registres officiels d\u00e9terminants, s'en chargera.<\/p>\n<p>La Conf\u00e9d\u00e9ration ne souhaite toutefois ni d\u00e9velopper ni d\u00e9livrer les supports technologiques concrets de cette identit\u00e9 num\u00e9rique contr\u00f4l\u00e9e et confirm\u00e9e par l'\u00c9tat - on peut imaginer par exemple un t\u00e9l\u00e9phone portable, une carte bancaire ou des abonnements de transports publics. Ce sont des fournisseurs non \u00e9tatiques qui s'en chargeront, car ils sont plus proches des utilisateurs et de la technologie d\u00e9terminante pour les offres num\u00e9riques \u00e0 utiliser. Toutefois, l'\u00c9tat ne l\u00e2chera pas le morceau dans ce domaine non plus : Il soumettra les fournisseurs et leurs solutions \u00e0 une proc\u00e9dure de reconnaissance stricte et \u00e0 des contr\u00f4les r\u00e9guliers. Un organisme de reconnaissance sera sp\u00e9cialement cr\u00e9\u00e9 \u00e0 cet effet et sera rattach\u00e9 au D\u00e9partement f\u00e9d\u00e9ral des finances (DFF).<\/p>\n<p>Le Conseil f\u00e9d\u00e9ral s'en tient donc \u00e0 la r\u00e9partition des t\u00e2ches entre l'Etat et les prestataires non \u00e9tatiques propos\u00e9e dans le projet mis en consultation. Cette r\u00e9partition des t\u00e2ches cr\u00e9e d'une part les meilleures conditions pour une application pratique et conviviale par l'administration, les citoyens et l'\u00e9conomie. D'autre part, elle garantit la flexibilit\u00e9 n\u00e9cessaire pour faire face aux changements technologiques.<\/p>\n<h3>Des r\u00e8gles claires \u00e9galement pour la protection des donn\u00e9es<\/h3>\n<p>Tout au long du processus de manipulation et d'utilisation de l'identit\u00e9 num\u00e9rique, les dispositions en vigueur en mati\u00e8re de protection des donn\u00e9es doivent \u00eatre respect\u00e9es. Les donn\u00e9es d'identification personnelle ne peuvent \u00eatre transmises \u00e0 des tiers (p. ex. des services en ligne) qu'avec le consentement explicite des clients.<\/p>\n<p>La souverainet\u00e9 sur l'utilisation et la lib\u00e9ration des donn\u00e9es est exclusivement entre les mains de la personne concern\u00e9e. D'autre part, chaque fournisseur d'un service en ligne d\u00e9cide lui-m\u00eame s'il exige ou non l'utilisation de l'identit\u00e9 num\u00e9rique reconnue par l'\u00c9tat pour l'utilisation de son service.<\/p>\n<h3>Message jusqu'\u00e0 l'\u00e9t\u00e9 2018<\/h3>\n<p>Lors de sa s\u00e9ance du 15 novembre 2017, le Conseil f\u00e9d\u00e9ral a pris connaissance des r\u00e9sultats de la proc\u00e9dure de consultation. Le D\u00e9partement f\u00e9d\u00e9ral de justice et police (DFJP) va maintenant \u00e9laborer un message pour une loi f\u00e9d\u00e9rale sur les services d'identification \u00e9lectronique (loi E-ID) d'ici l'\u00e9t\u00e9 2018, en tenant compte des r\u00e9actions \u00e0 la consultation.\u00a0 \u00a0<em>Source : Conseil f\u00e9d\u00e9ral<\/em><\/p>\n<p>Voir aussi l'article <a href=\"https:\/\/news.save.ch\/fr\/e-identitaet-vorschlag-aus-zuerich\/\">\"E-Identity : proposition de Zurich\"<\/a><\/p>","protected":false},"excerpt":{"rendered":"<p>&nbsp; Immer mehr Leute t\u00e4tigen ganz unterschiedliche Arten von Gesch\u00e4ften im Internet, bei denen sie sich korrekt identifizieren m\u00fcssen. Die Palette reicht vom Ticketkauf f\u00fcr den \u00f6ffentlichen Verkehr \u00fcber Bestellungen bei Versandh\u00e4usern bis hin zur Nutzung staatlicher Dienstleistungen. Die Bev\u00f6lkerung ist dabei darauf angewiesen, dass sie diese Angebote einfach und sicher in Anspruch nehmen kann. [&hellip;]<\/p>\n","protected":false},"author":8,"featured_media":5634,"comment_status":"open","ping_status":"open","sticky":false,"template":"","format":"standard","meta":{"_acf_changed":false,"pgc_sgb_lightbox_settings":"","footnotes":""},"categories":[3313],"tags":[62,63,69],"class_list":["post-5633","post","type-post","status-publish","format-standard","has-post-thumbnail","hentry","category-digitalisierung","tag-ict-sicherheit","tag-it-security","tag-justiz-polizei"],"acf":[],"hkrextid":null,"publication":null,"issue":null,"workflow":null,"startPage":null,"spitzmarke":null,"_posts_by_tag_page_fields":{"widget_title":"","widget_tags":""},"_at_widget":"1","_yoast_wpseo_primary_category":"2","_yoast_wpseo_focuskw_text_input":"Digitale Identit\u00e4t","_yoast_wpseo_opengraph-image":null,"_yoast_wpseo_opengraph-description":null,"_yoast_wpseo_opengraph-title":null,"enclosure":null,"_yoast_wpseo_twitter-title":null,"_yoast_wpseo_twitter-description":null,"_yoast_wpseo_twitter-image":null,"_wp_old_slug":null,"_yoast_wpseo_title":null,"_yoast_wpseo_canonical":null,"yoast_head":"<!-- This site is optimized with the Yoast SEO plugin v27.5 - https:\/\/yoast.com\/product\/yoast-seo-wordpress\/ -->\n<title>Digitale Identit\u00e4t: Gesetzesentwurf kommt 2018 - Save<\/title>\n<meta name=\"description\" content=\"Klare Regeln f\u00fcr einen digitalen Identit\u00e4tsnachweis: Der Bundesrat hat deshalb das EJPD beauftragt, bis im Sommer 2018 einen Gesetzesentwurf auszuarbeiten.\" \/>\n<meta name=\"robots\" content=\"index, follow, max-snippet:-1, max-image-preview:large, max-video-preview:-1\" \/>\n<link rel=\"canonical\" href=\"https:\/\/news.save.ch\/fr\/digitale-identitaet-gesetzesentwurf-kommt-2018\/\" \/>\n<meta property=\"og:locale\" content=\"fr_FR\" \/>\n<meta property=\"og:type\" content=\"article\" \/>\n<meta property=\"og:title\" content=\"Digitale Identit\u00e4t: Gesetzesentwurf kommt 2018 - Save\" \/>\n<meta property=\"og:description\" content=\"Klare Regeln f\u00fcr einen digitalen Identit\u00e4tsnachweis: Der Bundesrat hat deshalb das EJPD beauftragt, bis im Sommer 2018 einen Gesetzesentwurf auszuarbeiten.\" \/>\n<meta property=\"og:url\" content=\"https:\/\/news.save.ch\/fr\/digitale-identitaet-gesetzesentwurf-kommt-2018\/\" \/>\n<meta property=\"og:site_name\" content=\"Save\" \/>\n<meta property=\"article:published_time\" content=\"2017-11-19T16:57:38+00:00\" \/>\n<meta property=\"article:modified_time\" content=\"2023-03-14T07:57:00+00:00\" \/>\n<meta property=\"og:image\" content=\"https:\/\/news.save.ch\/wp-content\/uploads\/2017\/11\/Depositphotos_5116082_m-2015.jpg\" \/>\n\t<meta property=\"og:image:width\" content=\"1000\" \/>\n\t<meta property=\"og:image:height\" content=\"1000\" \/>\n\t<meta property=\"og:image:type\" content=\"image\/jpeg\" \/>\n<meta name=\"author\" content=\"Roger Str\u00e4ssle\" \/>\n<meta name=\"twitter:card\" content=\"summary_large_image\" \/>\n<meta name=\"twitter:label1\" content=\"\u00c9crit par\" \/>\n\t<meta name=\"twitter:data1\" content=\"Roger Str\u00e4ssle\" \/>\n\t<meta name=\"twitter:label2\" content=\"Dur\u00e9e de lecture estim\u00e9e\" \/>\n\t<meta name=\"twitter:data2\" content=\"3 minutes\" \/>\n<script type=\"application\/ld+json\" class=\"yoast-schema-graph\">{\"@context\":\"https:\\\/\\\/schema.org\",\"@graph\":[{\"@type\":\"Article\",\"@id\":\"https:\\\/\\\/news.save.ch\\\/digitale-identitaet-gesetzesentwurf-kommt-2018\\\/#article\",\"isPartOf\":{\"@id\":\"https:\\\/\\\/news.save.ch\\\/digitale-identitaet-gesetzesentwurf-kommt-2018\\\/\"},\"author\":{\"name\":\"Roger Str\u00e4ssle\",\"@id\":\"https:\\\/\\\/news.save.ch\\\/de\\\/#\\\/schema\\\/person\\\/d5022db048e0e2b9785c50e5b24da5aa\"},\"headline\":\"Digitale Identit\u00e4t: Gesetzesentwurf kommt 2018\",\"datePublished\":\"2017-11-19T16:57:38+00:00\",\"dateModified\":\"2023-03-14T07:57:00+00:00\",\"mainEntityOfPage\":{\"@id\":\"https:\\\/\\\/news.save.ch\\\/digitale-identitaet-gesetzesentwurf-kommt-2018\\\/\"},\"wordCount\":548,\"commentCount\":0,\"publisher\":{\"@id\":\"https:\\\/\\\/news.save.ch\\\/de\\\/#organization\"},\"image\":{\"@id\":\"https:\\\/\\\/news.save.ch\\\/digitale-identitaet-gesetzesentwurf-kommt-2018\\\/#primaryimage\"},\"thumbnailUrl\":\"https:\\\/\\\/news.save.ch\\\/wp-content\\\/uploads\\\/2017\\\/11\\\/Depositphotos_5116082_m-2015.jpg\",\"keywords\":[\"ICT-Sicherheit\",\"IT-SECURITY\",\"Justiz &amp; Polizei\"],\"articleSection\":[\"DIGITALISIERUNG\"],\"inLanguage\":\"fr-FR\"},{\"@type\":\"WebPage\",\"@id\":\"https:\\\/\\\/news.save.ch\\\/digitale-identitaet-gesetzesentwurf-kommt-2018\\\/\",\"url\":\"https:\\\/\\\/news.save.ch\\\/digitale-identitaet-gesetzesentwurf-kommt-2018\\\/\",\"name\":\"Digitale Identit\u00e4t: Gesetzesentwurf kommt 2018 - Save\",\"isPartOf\":{\"@id\":\"https:\\\/\\\/news.save.ch\\\/de\\\/#website\"},\"primaryImageOfPage\":{\"@id\":\"https:\\\/\\\/news.save.ch\\\/digitale-identitaet-gesetzesentwurf-kommt-2018\\\/#primaryimage\"},\"image\":{\"@id\":\"https:\\\/\\\/news.save.ch\\\/digitale-identitaet-gesetzesentwurf-kommt-2018\\\/#primaryimage\"},\"thumbnailUrl\":\"https:\\\/\\\/news.save.ch\\\/wp-content\\\/uploads\\\/2017\\\/11\\\/Depositphotos_5116082_m-2015.jpg\",\"datePublished\":\"2017-11-19T16:57:38+00:00\",\"dateModified\":\"2023-03-14T07:57:00+00:00\",\"description\":\"Klare Regeln f\u00fcr einen digitalen Identit\u00e4tsnachweis: Der Bundesrat hat deshalb das EJPD beauftragt, bis im Sommer 2018 einen Gesetzesentwurf auszuarbeiten.\",\"breadcrumb\":{\"@id\":\"https:\\\/\\\/news.save.ch\\\/digitale-identitaet-gesetzesentwurf-kommt-2018\\\/#breadcrumb\"},\"inLanguage\":\"fr-FR\",\"potentialAction\":[{\"@type\":\"ReadAction\",\"target\":[\"https:\\\/\\\/news.save.ch\\\/digitale-identitaet-gesetzesentwurf-kommt-2018\\\/\"]}]},{\"@type\":\"ImageObject\",\"inLanguage\":\"fr-FR\",\"@id\":\"https:\\\/\\\/news.save.ch\\\/digitale-identitaet-gesetzesentwurf-kommt-2018\\\/#primaryimage\",\"url\":\"https:\\\/\\\/news.save.ch\\\/wp-content\\\/uploads\\\/2017\\\/11\\\/Depositphotos_5116082_m-2015.jpg\",\"contentUrl\":\"https:\\\/\\\/news.save.ch\\\/wp-content\\\/uploads\\\/2017\\\/11\\\/Depositphotos_5116082_m-2015.jpg\",\"width\":1000,\"height\":1000,\"caption\":\"depositphotos\"},{\"@type\":\"BreadcrumbList\",\"@id\":\"https:\\\/\\\/news.save.ch\\\/digitale-identitaet-gesetzesentwurf-kommt-2018\\\/#breadcrumb\",\"itemListElement\":[{\"@type\":\"ListItem\",\"position\":1,\"name\":\"Home\",\"item\":\"https:\\\/\\\/news.save.ch\\\/de\\\/\"},{\"@type\":\"ListItem\",\"position\":2,\"name\":\"Digitale Identit\u00e4t: Gesetzesentwurf kommt 2018\"}]},{\"@type\":\"WebSite\",\"@id\":\"https:\\\/\\\/news.save.ch\\\/de\\\/#website\",\"url\":\"https:\\\/\\\/news.save.ch\\\/de\\\/\",\"name\":\"Save\",\"description\":\"Schweizer Fachzeitschrift f\u00fcr Sicherheit\",\"publisher\":{\"@id\":\"https:\\\/\\\/news.save.ch\\\/de\\\/#organization\"},\"potentialAction\":[{\"@type\":\"SearchAction\",\"target\":{\"@type\":\"EntryPoint\",\"urlTemplate\":\"https:\\\/\\\/news.save.ch\\\/de\\\/?s={search_term_string}\"},\"query-input\":{\"@type\":\"PropertyValueSpecification\",\"valueRequired\":true,\"valueName\":\"search_term_string\"}}],\"inLanguage\":\"fr-FR\"},{\"@type\":\"Organization\",\"@id\":\"https:\\\/\\\/news.save.ch\\\/de\\\/#organization\",\"name\":\"Sicherheitsforum\",\"url\":\"https:\\\/\\\/news.save.ch\\\/de\\\/\",\"logo\":{\"@type\":\"ImageObject\",\"inLanguage\":\"fr-FR\",\"@id\":\"https:\\\/\\\/news.save.ch\\\/de\\\/#\\\/schema\\\/logo\\\/image\\\/\",\"url\":\"https:\\\/\\\/news.save.ch\\\/wp-content\\\/uploads\\\/2022\\\/06\\\/Logo_SF_2012.png\",\"contentUrl\":\"https:\\\/\\\/news.save.ch\\\/wp-content\\\/uploads\\\/2022\\\/06\\\/Logo_SF_2012.png\",\"width\":1100,\"height\":91,\"caption\":\"Sicherheitsforum\"},\"image\":{\"@id\":\"https:\\\/\\\/news.save.ch\\\/de\\\/#\\\/schema\\\/logo\\\/image\\\/\"}},{\"@type\":\"Person\",\"@id\":\"https:\\\/\\\/news.save.ch\\\/de\\\/#\\\/schema\\\/person\\\/d5022db048e0e2b9785c50e5b24da5aa\",\"name\":\"Roger Str\u00e4ssle\",\"image\":{\"@type\":\"ImageObject\",\"inLanguage\":\"fr-FR\",\"@id\":\"https:\\\/\\\/secure.gravatar.com\\\/avatar\\\/862a5569d087de48e5856e32f45d719a03804c891d6deb8d4f71a660e79e4a47?s=96&d=mm&r=g\",\"url\":\"https:\\\/\\\/secure.gravatar.com\\\/avatar\\\/862a5569d087de48e5856e32f45d719a03804c891d6deb8d4f71a660e79e4a47?s=96&d=mm&r=g\",\"contentUrl\":\"https:\\\/\\\/secure.gravatar.com\\\/avatar\\\/862a5569d087de48e5856e32f45d719a03804c891d6deb8d4f71a660e79e4a47?s=96&d=mm&r=g\",\"caption\":\"Roger Str\u00e4ssle\"},\"url\":\"https:\\\/\\\/news.save.ch\\\/fr\\\/author\\\/roger-straessle\\\/\"}]}<\/script>\n<!-- \/ Yoast SEO plugin. -->","yoast_head_json":{"title":"Identit\u00e9 num\u00e9rique : le projet de loi arrive en 2018 - Save","description":"Des r\u00e8gles claires pour une preuve d'identit\u00e9 num\u00e9rique : le Conseil f\u00e9d\u00e9ral a donc charg\u00e9 le DFJP d'\u00e9laborer un projet de loi d'ici \u00e0 l'\u00e9t\u00e9 2018.","robots":{"index":"index","follow":"follow","max-snippet":"max-snippet:-1","max-image-preview":"max-image-preview:large","max-video-preview":"max-video-preview:-1"},"canonical":"https:\/\/news.save.ch\/fr\/digitale-identitaet-gesetzesentwurf-kommt-2018\/","og_locale":"fr_FR","og_type":"article","og_title":"Digitale Identit\u00e4t: Gesetzesentwurf kommt 2018 - Save","og_description":"Klare Regeln f\u00fcr einen digitalen Identit\u00e4tsnachweis: Der Bundesrat hat deshalb das EJPD beauftragt, bis im Sommer 2018 einen Gesetzesentwurf auszuarbeiten.","og_url":"https:\/\/news.save.ch\/fr\/digitale-identitaet-gesetzesentwurf-kommt-2018\/","og_site_name":"Save","article_published_time":"2017-11-19T16:57:38+00:00","article_modified_time":"2023-03-14T07:57:00+00:00","og_image":[{"width":1000,"height":1000,"url":"https:\/\/news.save.ch\/wp-content\/uploads\/2017\/11\/Depositphotos_5116082_m-2015.jpg","type":"image\/jpeg"}],"author":"Roger Str\u00e4ssle","twitter_card":"summary_large_image","twitter_misc":{"\u00c9crit par":"Roger Str\u00e4ssle","Dur\u00e9e de lecture estim\u00e9e":"3 minutes"},"schema":{"@context":"https:\/\/schema.org","@graph":[{"@type":"Article","@id":"https:\/\/news.save.ch\/digitale-identitaet-gesetzesentwurf-kommt-2018\/#article","isPartOf":{"@id":"https:\/\/news.save.ch\/digitale-identitaet-gesetzesentwurf-kommt-2018\/"},"author":{"name":"Roger Str\u00e4ssle","@id":"https:\/\/news.save.ch\/de\/#\/schema\/person\/d5022db048e0e2b9785c50e5b24da5aa"},"headline":"Digitale Identit\u00e4t: Gesetzesentwurf kommt 2018","datePublished":"2017-11-19T16:57:38+00:00","dateModified":"2023-03-14T07:57:00+00:00","mainEntityOfPage":{"@id":"https:\/\/news.save.ch\/digitale-identitaet-gesetzesentwurf-kommt-2018\/"},"wordCount":548,"commentCount":0,"publisher":{"@id":"https:\/\/news.save.ch\/de\/#organization"},"image":{"@id":"https:\/\/news.save.ch\/digitale-identitaet-gesetzesentwurf-kommt-2018\/#primaryimage"},"thumbnailUrl":"https:\/\/news.save.ch\/wp-content\/uploads\/2017\/11\/Depositphotos_5116082_m-2015.jpg","keywords":["ICT-Sicherheit","IT-SECURITY","Justiz &amp; Polizei"],"articleSection":["DIGITALISIERUNG"],"inLanguage":"fr-FR"},{"@type":"WebPage","@id":"https:\/\/news.save.ch\/digitale-identitaet-gesetzesentwurf-kommt-2018\/","url":"https:\/\/news.save.ch\/digitale-identitaet-gesetzesentwurf-kommt-2018\/","name":"Identit\u00e9 num\u00e9rique : le projet de loi arrive en 2018 - Save","isPartOf":{"@id":"https:\/\/news.save.ch\/de\/#website"},"primaryImageOfPage":{"@id":"https:\/\/news.save.ch\/digitale-identitaet-gesetzesentwurf-kommt-2018\/#primaryimage"},"image":{"@id":"https:\/\/news.save.ch\/digitale-identitaet-gesetzesentwurf-kommt-2018\/#primaryimage"},"thumbnailUrl":"https:\/\/news.save.ch\/wp-content\/uploads\/2017\/11\/Depositphotos_5116082_m-2015.jpg","datePublished":"2017-11-19T16:57:38+00:00","dateModified":"2023-03-14T07:57:00+00:00","description":"Des r\u00e8gles claires pour une preuve d'identit\u00e9 num\u00e9rique : le Conseil f\u00e9d\u00e9ral a donc charg\u00e9 le DFJP d'\u00e9laborer un projet de loi d'ici \u00e0 l'\u00e9t\u00e9 2018.","breadcrumb":{"@id":"https:\/\/news.save.ch\/digitale-identitaet-gesetzesentwurf-kommt-2018\/#breadcrumb"},"inLanguage":"fr-FR","potentialAction":[{"@type":"ReadAction","target":["https:\/\/news.save.ch\/digitale-identitaet-gesetzesentwurf-kommt-2018\/"]}]},{"@type":"ImageObject","inLanguage":"fr-FR","@id":"https:\/\/news.save.ch\/digitale-identitaet-gesetzesentwurf-kommt-2018\/#primaryimage","url":"https:\/\/news.save.ch\/wp-content\/uploads\/2017\/11\/Depositphotos_5116082_m-2015.jpg","contentUrl":"https:\/\/news.save.ch\/wp-content\/uploads\/2017\/11\/Depositphotos_5116082_m-2015.jpg","width":1000,"height":1000,"caption":"depositphotos"},{"@type":"BreadcrumbList","@id":"https:\/\/news.save.ch\/digitale-identitaet-gesetzesentwurf-kommt-2018\/#breadcrumb","itemListElement":[{"@type":"ListItem","position":1,"name":"Home","item":"https:\/\/news.save.ch\/de\/"},{"@type":"ListItem","position":2,"name":"Digitale Identit\u00e4t: Gesetzesentwurf kommt 2018"}]},{"@type":"WebSite","@id":"https:\/\/news.save.ch\/de\/#website","url":"https:\/\/news.save.ch\/de\/","name":"Save","description":"Revue suisse sp\u00e9cialis\u00e9e dans la s\u00e9curit\u00e9","publisher":{"@id":"https:\/\/news.save.ch\/de\/#organization"},"potentialAction":[{"@type":"SearchAction","target":{"@type":"EntryPoint","urlTemplate":"https:\/\/news.save.ch\/de\/?s={search_term_string}"},"query-input":{"@type":"PropertyValueSpecification","valueRequired":true,"valueName":"search_term_string"}}],"inLanguage":"fr-FR"},{"@type":"Organization","@id":"https:\/\/news.save.ch\/de\/#organization","name":"Forum sur la s\u00e9curit\u00e9","url":"https:\/\/news.save.ch\/de\/","logo":{"@type":"ImageObject","inLanguage":"fr-FR","@id":"https:\/\/news.save.ch\/de\/#\/schema\/logo\/image\/","url":"https:\/\/news.save.ch\/wp-content\/uploads\/2022\/06\/Logo_SF_2012.png","contentUrl":"https:\/\/news.save.ch\/wp-content\/uploads\/2022\/06\/Logo_SF_2012.png","width":1100,"height":91,"caption":"Sicherheitsforum"},"image":{"@id":"https:\/\/news.save.ch\/de\/#\/schema\/logo\/image\/"}},{"@type":"Person","@id":"https:\/\/news.save.ch\/de\/#\/schema\/person\/d5022db048e0e2b9785c50e5b24da5aa","name":"Roger Str\u00e4ssle","image":{"@type":"ImageObject","inLanguage":"fr-FR","@id":"https:\/\/secure.gravatar.com\/avatar\/862a5569d087de48e5856e32f45d719a03804c891d6deb8d4f71a660e79e4a47?s=96&d=mm&r=g","url":"https:\/\/secure.gravatar.com\/avatar\/862a5569d087de48e5856e32f45d719a03804c891d6deb8d4f71a660e79e4a47?s=96&d=mm&r=g","contentUrl":"https:\/\/secure.gravatar.com\/avatar\/862a5569d087de48e5856e32f45d719a03804c891d6deb8d4f71a660e79e4a47?s=96&d=mm&r=g","caption":"Roger Str\u00e4ssle"},"url":"https:\/\/news.save.ch\/fr\/author\/roger-straessle\/"}]}},"_links":{"self":[{"href":"https:\/\/news.save.ch\/fr\/wp-json\/wp\/v2\/posts\/5633","targetHints":{"allow":["GET"]}}],"collection":[{"href":"https:\/\/news.save.ch\/fr\/wp-json\/wp\/v2\/posts"}],"about":[{"href":"https:\/\/news.save.ch\/fr\/wp-json\/wp\/v2\/types\/post"}],"author":[{"embeddable":true,"href":"https:\/\/news.save.ch\/fr\/wp-json\/wp\/v2\/users\/8"}],"replies":[{"embeddable":true,"href":"https:\/\/news.save.ch\/fr\/wp-json\/wp\/v2\/comments?post=5633"}],"version-history":[{"count":1,"href":"https:\/\/news.save.ch\/fr\/wp-json\/wp\/v2\/posts\/5633\/revisions"}],"predecessor-version":[{"id":17480,"href":"https:\/\/news.save.ch\/fr\/wp-json\/wp\/v2\/posts\/5633\/revisions\/17480"}],"wp:featuredmedia":[{"embeddable":true,"href":"https:\/\/news.save.ch\/fr\/wp-json\/wp\/v2\/media\/5634"}],"wp:attachment":[{"href":"https:\/\/news.save.ch\/fr\/wp-json\/wp\/v2\/media?parent=5633"}],"wp:term":[{"taxonomy":"category","embeddable":true,"href":"https:\/\/news.save.ch\/fr\/wp-json\/wp\/v2\/categories?post=5633"},{"taxonomy":"post_tag","embeddable":true,"href":"https:\/\/news.save.ch\/fr\/wp-json\/wp\/v2\/tags?post=5633"}],"curies":[{"name":"wp","href":"https:\/\/api.w.org\/{rel}","templated":true}]}}