{"id":564,"date":"2015-10-08T13:48:25","date_gmt":"2015-10-08T11:48:25","guid":{"rendered":"http:\/\/dev.safety-plus.ch\/?p=564"},"modified":"2023-03-14T09:01:11","modified_gmt":"2023-03-14T08:01:11","slug":"laserpointer-attacken-stoppen","status":null,"type":"post","link":"https:\/\/news.save.ch\/fr\/laserpointer-attacken-stoppen\/","title":{"rendered":"Stopper les attaques de pointeurs laser"},"content":{"rendered":"<figure id=\"attachment_567\" aria-describedby=\"caption-attachment-567\" style=\"width: 680px\" class=\"wp-caption alignnone\"><img loading=\"lazy\" decoding=\"async\" class=\"wp-image-567 size-medium\" src=\"http:\/\/develop.safety-plus.ch\/wp-content\/uploads\/2016\/12\/Laserpointer-Attacken-stoppen_safety-plus.png\" alt=\"Les attaques au pointeur laser sont loin d&#039;\u00eatre anodines : la campagne des VBZ attire l&#039;attention sur ce point.\" width=\"680\" height=\"551\" \/><figcaption id=\"caption-attachment-567\" class=\"wp-caption-text\">Les attaques au pointeur laser sont loin d'\u00eatre anodines : la campagne des VBZ attire l'attention sur ce point.<\/figcaption><\/figure>\n<p>Les attaques de pointeurs laser peuvent litt\u00e9ralement faire mal aux yeux : Si les rayons laser touchent la r\u00e9tine, ne serait-ce qu'une fraction de seconde, celle-ci est endommag\u00e9e - ce qui affaiblit gravement la vue et peut entra\u00eener une perte de vision \u00e0 vie.<\/p>\n<p>Il est donc incompr\u00e9hensible que les chauffeurs de bus et de tram soient de plus en plus souvent attaqu\u00e9s avec des pointeurs laser pendant leur travail. Alors qu'en 2013, il y avait eu 14 attaques au pointeur laser contre des employ\u00e9s des VBZ, il y en a eu 38 en 2014. Plusieurs d'entre eux se sont sold\u00e9s par des bless\u00e9s. Et les attaques sont \u00e9galement dangereuses pour les passagers.<\/p>\n<p>Les VBZ soutiennent d\u00e9sormais leur personnel roulant et attirent l'attention sur les attaques par le biais d'une campagne. D'une part au moyen d'une campagne d'affichage dans les bus et les trams, d'autre part avec le site Internet <a href=\"http:\/\/vbz.ch\/stopplaser\" target=\"_blank\" data-cke-saved-href=\"http:\/\/vbz.ch\/stopplaser\" rel=\"noopener\">vbz.ch\/stopplaser<\/a>La population peut d'une part s'informer et d'autre part exprimer sa solidarit\u00e9 avec les conducteurs gr\u00e2ce \u00e0 un g\u00e9n\u00e9rateur d'images : Ceux qui le souhaitent peuvent t\u00e9l\u00e9charger une photo d'eux et s'asseoir, au moins virtuellement, dans la cabine d'un v\u00e9hicule. L'image peut \u00e9galement \u00eatre partag\u00e9e via les m\u00e9dias sociaux.<\/p>\n<p>L'un des objectifs de la campagne est d'aiguiser l'attention des passants : Quiconque observe une telle attaque doit imm\u00e9diatement en informer la police - car les attaques au pointeur laser sont g\u00e9n\u00e9ralement constitutives de l\u00e9sions corporelles l\u00e9g\u00e8res ou graves. A cela s'ajoute le d\u00e9lit de violence et de menace contre les fonctionnaires. Selon la VBZ, des plaintes ont d\u00e9j\u00e0 \u00e9t\u00e9 d\u00e9pos\u00e9es et des auteurs ont d\u00e9j\u00e0 \u00e9t\u00e9 appr\u00e9hend\u00e9s. Ils doivent s'attendre \u00e0 des peines de prison de plusieurs ann\u00e9es. Au niveau du droit civil, les agresseurs sont confront\u00e9s \u00e0 des demandes de dommages et int\u00e9r\u00eats \u00e9lev\u00e9s.<\/p>","protected":false},"excerpt":{"rendered":"<p>Laserpointer-Attacken k\u00f6nnen buchst\u00e4blich ins Auge gehen: Treffen die Laserstrahlen auch nur f\u00fcr einen Sekundenbruchteil\u00a0auf die Netzhaut, so wird diese verletzt &#8211; was die Sehkraft akut schw\u00e4cht und\u00a0unter Umst\u00e4nden zu lebenslanger Sehminderung f\u00fchrt. Unverst\u00e4ndlich deshalb, dass immer h\u00e4ufiger Chauffeure von Bus und Tram w\u00e4hrend der Arbeit mit Laserpointern angegriffen werden. W\u00e4hrend es 2013 noch 14 Laserpointer-Attacken [&hellip;]<\/p>\n","protected":false},"author":1,"featured_media":16030,"comment_status":"open","ping_status":"open","sticky":false,"template":"","format":"standard","meta":{"_acf_changed":false,"pgc_sgb_lightbox_settings":"","footnotes":""},"categories":[1,3314],"tags":[172,113],"class_list":["post-564","post","type-post","status-publish","format-standard","has-post-thumbnail","hentry","category-allgemein","category-health-safety","tag-arbeitssicherheit","tag-kriminalitaet"],"acf":[],"hkrextid":null,"publication":null,"issue":null,"workflow":null,"startPage":null,"spitzmarke":null,"_posts_by_tag_page_fields":{"widget_title":"","widget_tags":""},"_at_widget":"1","_yoast_wpseo_primary_category":"5","_yoast_wpseo_focuskw_text_input":"Laserpointer-Attacken","_yoast_wpseo_opengraph-image":null,"_yoast_wpseo_opengraph-description":null,"_yoast_wpseo_opengraph-title":null,"enclosure":null,"_yoast_wpseo_twitter-title":null,"_yoast_wpseo_twitter-description":null,"_yoast_wpseo_twitter-image":null,"_wp_old_slug":null,"_yoast_wpseo_title":null,"_yoast_wpseo_canonical":null,"yoast_head":"<!-- This site is optimized with the Yoast SEO plugin v27.4 - https:\/\/yoast.com\/product\/yoast-seo-wordpress\/ -->\n<title>Laserpointer-Attacken stoppen - Save<\/title>\n<meta name=\"description\" content=\"Immer h\u00e4ufiger werden Bus- und Tramchauffeuere in Z\u00fcrich Opfer von Laserpointer-Attacken. Die VBZ lancieren nun eine Kampagne dagegen.\" \/>\n<meta name=\"robots\" content=\"index, follow, max-snippet:-1, max-image-preview:large, max-video-preview:-1\" \/>\n<link rel=\"canonical\" href=\"https:\/\/news.save.ch\/fr\/laserpointer-attacken-stoppen\/\" \/>\n<meta property=\"og:locale\" content=\"fr_FR\" \/>\n<meta property=\"og:type\" content=\"article\" \/>\n<meta property=\"og:title\" content=\"Laserpointer-Attacken stoppen - Save\" \/>\n<meta property=\"og:description\" content=\"Immer h\u00e4ufiger werden Bus- und Tramchauffeuere in Z\u00fcrich Opfer von Laserpointer-Attacken. Die VBZ lancieren nun eine Kampagne dagegen.\" \/>\n<meta property=\"og:url\" content=\"https:\/\/news.save.ch\/fr\/laserpointer-attacken-stoppen\/\" \/>\n<meta property=\"og:site_name\" content=\"Save\" \/>\n<meta property=\"article:published_time\" content=\"2015-10-08T11:48:25+00:00\" \/>\n<meta property=\"article:modified_time\" content=\"2023-03-14T08:01:11+00:00\" \/>\n<meta property=\"og:image\" content=\"https:\/\/news.save.ch\/wp-content\/uploads\/2016\/12\/Laserpointer-Attacken-stoppen_safety-plus.png\" \/>\n\t<meta property=\"og:image:width\" content=\"873\" \/>\n\t<meta property=\"og:image:height\" content=\"707\" \/>\n\t<meta property=\"og:image:type\" content=\"image\/png\" \/>\n<meta name=\"author\" content=\"admin\" \/>\n<meta name=\"twitter:card\" content=\"summary_large_image\" \/>\n<meta name=\"twitter:label1\" content=\"\u00c9crit par\" \/>\n\t<meta name=\"twitter:data1\" content=\"admin\" \/>\n\t<meta name=\"twitter:label2\" content=\"Dur\u00e9e de lecture estim\u00e9e\" \/>\n\t<meta name=\"twitter:data2\" content=\"1 minute\" \/>\n<script type=\"application\/ld+json\" class=\"yoast-schema-graph\">{\"@context\":\"https:\\\/\\\/schema.org\",\"@graph\":[{\"@type\":\"Article\",\"@id\":\"https:\\\/\\\/news.save.ch\\\/laserpointer-attacken-stoppen\\\/#article\",\"isPartOf\":{\"@id\":\"https:\\\/\\\/news.save.ch\\\/laserpointer-attacken-stoppen\\\/\"},\"author\":{\"name\":\"admin\",\"@id\":\"https:\\\/\\\/news.save.ch\\\/de\\\/#\\\/schema\\\/person\\\/d49e199490bad7c70d64b9ab51142f2b\"},\"headline\":\"Laserpointer-Attacken stoppen\",\"datePublished\":\"2015-10-08T11:48:25+00:00\",\"dateModified\":\"2023-03-14T08:01:11+00:00\",\"mainEntityOfPage\":{\"@id\":\"https:\\\/\\\/news.save.ch\\\/laserpointer-attacken-stoppen\\\/\"},\"wordCount\":278,\"commentCount\":0,\"publisher\":{\"@id\":\"https:\\\/\\\/news.save.ch\\\/de\\\/#organization\"},\"image\":{\"@id\":\"https:\\\/\\\/news.save.ch\\\/laserpointer-attacken-stoppen\\\/#primaryimage\"},\"thumbnailUrl\":\"https:\\\/\\\/news.save.ch\\\/wp-content\\\/uploads\\\/2016\\\/12\\\/Laserpointer-Attacken-stoppen_safety-plus.png\",\"keywords\":[\"Arbeitssicherheit\",\"Kriminalit\u00e4t\"],\"articleSection\":[\"ALLGEMEIN\",\"HEALTH &amp; SAFETY\"],\"inLanguage\":\"fr-FR\"},{\"@type\":\"WebPage\",\"@id\":\"https:\\\/\\\/news.save.ch\\\/laserpointer-attacken-stoppen\\\/\",\"url\":\"https:\\\/\\\/news.save.ch\\\/laserpointer-attacken-stoppen\\\/\",\"name\":\"Laserpointer-Attacken stoppen - Save\",\"isPartOf\":{\"@id\":\"https:\\\/\\\/news.save.ch\\\/de\\\/#website\"},\"primaryImageOfPage\":{\"@id\":\"https:\\\/\\\/news.save.ch\\\/laserpointer-attacken-stoppen\\\/#primaryimage\"},\"image\":{\"@id\":\"https:\\\/\\\/news.save.ch\\\/laserpointer-attacken-stoppen\\\/#primaryimage\"},\"thumbnailUrl\":\"https:\\\/\\\/news.save.ch\\\/wp-content\\\/uploads\\\/2016\\\/12\\\/Laserpointer-Attacken-stoppen_safety-plus.png\",\"datePublished\":\"2015-10-08T11:48:25+00:00\",\"dateModified\":\"2023-03-14T08:01:11+00:00\",\"description\":\"Immer h\u00e4ufiger werden Bus- und Tramchauffeuere in Z\u00fcrich Opfer von Laserpointer-Attacken. Die VBZ lancieren nun eine Kampagne dagegen.\",\"breadcrumb\":{\"@id\":\"https:\\\/\\\/news.save.ch\\\/laserpointer-attacken-stoppen\\\/#breadcrumb\"},\"inLanguage\":\"fr-FR\",\"potentialAction\":[{\"@type\":\"ReadAction\",\"target\":[\"https:\\\/\\\/news.save.ch\\\/laserpointer-attacken-stoppen\\\/\"]}]},{\"@type\":\"ImageObject\",\"inLanguage\":\"fr-FR\",\"@id\":\"https:\\\/\\\/news.save.ch\\\/laserpointer-attacken-stoppen\\\/#primaryimage\",\"url\":\"https:\\\/\\\/news.save.ch\\\/wp-content\\\/uploads\\\/2016\\\/12\\\/Laserpointer-Attacken-stoppen_safety-plus.png\",\"contentUrl\":\"https:\\\/\\\/news.save.ch\\\/wp-content\\\/uploads\\\/2016\\\/12\\\/Laserpointer-Attacken-stoppen_safety-plus.png\",\"width\":873,\"height\":707,\"caption\":\"Laserpointer-Attacken sind keineswegs harmlos: Die Kampagne der VBZ macht darauf aufmerksam.\"},{\"@type\":\"BreadcrumbList\",\"@id\":\"https:\\\/\\\/news.save.ch\\\/laserpointer-attacken-stoppen\\\/#breadcrumb\",\"itemListElement\":[{\"@type\":\"ListItem\",\"position\":1,\"name\":\"Home\",\"item\":\"https:\\\/\\\/news.save.ch\\\/de\\\/\"},{\"@type\":\"ListItem\",\"position\":2,\"name\":\"Laserpointer-Attacken stoppen\"}]},{\"@type\":\"WebSite\",\"@id\":\"https:\\\/\\\/news.save.ch\\\/de\\\/#website\",\"url\":\"https:\\\/\\\/news.save.ch\\\/de\\\/\",\"name\":\"Save\",\"description\":\"Schweizer Fachzeitschrift f\u00fcr Sicherheit\",\"publisher\":{\"@id\":\"https:\\\/\\\/news.save.ch\\\/de\\\/#organization\"},\"potentialAction\":[{\"@type\":\"SearchAction\",\"target\":{\"@type\":\"EntryPoint\",\"urlTemplate\":\"https:\\\/\\\/news.save.ch\\\/de\\\/?s={search_term_string}\"},\"query-input\":{\"@type\":\"PropertyValueSpecification\",\"valueRequired\":true,\"valueName\":\"search_term_string\"}}],\"inLanguage\":\"fr-FR\"},{\"@type\":\"Organization\",\"@id\":\"https:\\\/\\\/news.save.ch\\\/de\\\/#organization\",\"name\":\"Sicherheitsforum\",\"url\":\"https:\\\/\\\/news.save.ch\\\/de\\\/\",\"logo\":{\"@type\":\"ImageObject\",\"inLanguage\":\"fr-FR\",\"@id\":\"https:\\\/\\\/news.save.ch\\\/de\\\/#\\\/schema\\\/logo\\\/image\\\/\",\"url\":\"https:\\\/\\\/news.save.ch\\\/wp-content\\\/uploads\\\/2022\\\/06\\\/Logo_SF_2012.png\",\"contentUrl\":\"https:\\\/\\\/news.save.ch\\\/wp-content\\\/uploads\\\/2022\\\/06\\\/Logo_SF_2012.png\",\"width\":1100,\"height\":91,\"caption\":\"Sicherheitsforum\"},\"image\":{\"@id\":\"https:\\\/\\\/news.save.ch\\\/de\\\/#\\\/schema\\\/logo\\\/image\\\/\"}},{\"@type\":\"Person\",\"@id\":\"https:\\\/\\\/news.save.ch\\\/de\\\/#\\\/schema\\\/person\\\/d49e199490bad7c70d64b9ab51142f2b\",\"name\":\"admin\",\"image\":{\"@type\":\"ImageObject\",\"inLanguage\":\"fr-FR\",\"@id\":\"https:\\\/\\\/secure.gravatar.com\\\/avatar\\\/ae2f4d718e6c49043e314ce431e7e645d646302a24a5ef5a8bc8e3f5a032e319?s=96&d=mm&r=g\",\"url\":\"https:\\\/\\\/secure.gravatar.com\\\/avatar\\\/ae2f4d718e6c49043e314ce431e7e645d646302a24a5ef5a8bc8e3f5a032e319?s=96&d=mm&r=g\",\"contentUrl\":\"https:\\\/\\\/secure.gravatar.com\\\/avatar\\\/ae2f4d718e6c49043e314ce431e7e645d646302a24a5ef5a8bc8e3f5a032e319?s=96&d=mm&r=g\",\"caption\":\"admin\"},\"sameAs\":[\"https:\\\/\\\/develop.organisator.galledia.ch\"],\"url\":\"https:\\\/\\\/news.save.ch\\\/fr\\\/author\\\/admin\\\/\"}]}<\/script>\n<!-- \/ Yoast SEO plugin. -->","yoast_head_json":{"title":"Arr\u00eater les attaques de pointeur laser - Save","description":"Les chauffeurs de bus et de tram sont de plus en plus souvent victimes d'attaques au pointeur laser \u00e0 Zurich. Les VBZ lancent maintenant une campagne contre ce ph\u00e9nom\u00e8ne.","robots":{"index":"index","follow":"follow","max-snippet":"max-snippet:-1","max-image-preview":"max-image-preview:large","max-video-preview":"max-video-preview:-1"},"canonical":"https:\/\/news.save.ch\/fr\/laserpointer-attacken-stoppen\/","og_locale":"fr_FR","og_type":"article","og_title":"Laserpointer-Attacken stoppen - Save","og_description":"Immer h\u00e4ufiger werden Bus- und Tramchauffeuere in Z\u00fcrich Opfer von Laserpointer-Attacken. Die VBZ lancieren nun eine Kampagne dagegen.","og_url":"https:\/\/news.save.ch\/fr\/laserpointer-attacken-stoppen\/","og_site_name":"Save","article_published_time":"2015-10-08T11:48:25+00:00","article_modified_time":"2023-03-14T08:01:11+00:00","og_image":[{"width":873,"height":707,"url":"https:\/\/news.save.ch\/wp-content\/uploads\/2016\/12\/Laserpointer-Attacken-stoppen_safety-plus.png","type":"image\/png"}],"author":"admin","twitter_card":"summary_large_image","twitter_misc":{"\u00c9crit par":"admin","Dur\u00e9e de lecture estim\u00e9e":"1 minute"},"schema":{"@context":"https:\/\/schema.org","@graph":[{"@type":"Article","@id":"https:\/\/news.save.ch\/laserpointer-attacken-stoppen\/#article","isPartOf":{"@id":"https:\/\/news.save.ch\/laserpointer-attacken-stoppen\/"},"author":{"name":"admin","@id":"https:\/\/news.save.ch\/de\/#\/schema\/person\/d49e199490bad7c70d64b9ab51142f2b"},"headline":"Laserpointer-Attacken stoppen","datePublished":"2015-10-08T11:48:25+00:00","dateModified":"2023-03-14T08:01:11+00:00","mainEntityOfPage":{"@id":"https:\/\/news.save.ch\/laserpointer-attacken-stoppen\/"},"wordCount":278,"commentCount":0,"publisher":{"@id":"https:\/\/news.save.ch\/de\/#organization"},"image":{"@id":"https:\/\/news.save.ch\/laserpointer-attacken-stoppen\/#primaryimage"},"thumbnailUrl":"https:\/\/news.save.ch\/wp-content\/uploads\/2016\/12\/Laserpointer-Attacken-stoppen_safety-plus.png","keywords":["Arbeitssicherheit","Kriminalit\u00e4t"],"articleSection":["ALLGEMEIN","HEALTH &amp; SAFETY"],"inLanguage":"fr-FR"},{"@type":"WebPage","@id":"https:\/\/news.save.ch\/laserpointer-attacken-stoppen\/","url":"https:\/\/news.save.ch\/laserpointer-attacken-stoppen\/","name":"Arr\u00eater les attaques de pointeur laser - Save","isPartOf":{"@id":"https:\/\/news.save.ch\/de\/#website"},"primaryImageOfPage":{"@id":"https:\/\/news.save.ch\/laserpointer-attacken-stoppen\/#primaryimage"},"image":{"@id":"https:\/\/news.save.ch\/laserpointer-attacken-stoppen\/#primaryimage"},"thumbnailUrl":"https:\/\/news.save.ch\/wp-content\/uploads\/2016\/12\/Laserpointer-Attacken-stoppen_safety-plus.png","datePublished":"2015-10-08T11:48:25+00:00","dateModified":"2023-03-14T08:01:11+00:00","description":"Les chauffeurs de bus et de tram sont de plus en plus souvent victimes d'attaques au pointeur laser \u00e0 Zurich. Les VBZ lancent maintenant une campagne contre ce ph\u00e9nom\u00e8ne.","breadcrumb":{"@id":"https:\/\/news.save.ch\/laserpointer-attacken-stoppen\/#breadcrumb"},"inLanguage":"fr-FR","potentialAction":[{"@type":"ReadAction","target":["https:\/\/news.save.ch\/laserpointer-attacken-stoppen\/"]}]},{"@type":"ImageObject","inLanguage":"fr-FR","@id":"https:\/\/news.save.ch\/laserpointer-attacken-stoppen\/#primaryimage","url":"https:\/\/news.save.ch\/wp-content\/uploads\/2016\/12\/Laserpointer-Attacken-stoppen_safety-plus.png","contentUrl":"https:\/\/news.save.ch\/wp-content\/uploads\/2016\/12\/Laserpointer-Attacken-stoppen_safety-plus.png","width":873,"height":707,"caption":"Laserpointer-Attacken sind keineswegs harmlos: Die Kampagne der VBZ macht darauf aufmerksam."},{"@type":"BreadcrumbList","@id":"https:\/\/news.save.ch\/laserpointer-attacken-stoppen\/#breadcrumb","itemListElement":[{"@type":"ListItem","position":1,"name":"Home","item":"https:\/\/news.save.ch\/de\/"},{"@type":"ListItem","position":2,"name":"Laserpointer-Attacken stoppen"}]},{"@type":"WebSite","@id":"https:\/\/news.save.ch\/de\/#website","url":"https:\/\/news.save.ch\/de\/","name":"Save","description":"Revue suisse sp\u00e9cialis\u00e9e dans la s\u00e9curit\u00e9","publisher":{"@id":"https:\/\/news.save.ch\/de\/#organization"},"potentialAction":[{"@type":"SearchAction","target":{"@type":"EntryPoint","urlTemplate":"https:\/\/news.save.ch\/de\/?s={search_term_string}"},"query-input":{"@type":"PropertyValueSpecification","valueRequired":true,"valueName":"search_term_string"}}],"inLanguage":"fr-FR"},{"@type":"Organization","@id":"https:\/\/news.save.ch\/de\/#organization","name":"Forum sur la s\u00e9curit\u00e9","url":"https:\/\/news.save.ch\/de\/","logo":{"@type":"ImageObject","inLanguage":"fr-FR","@id":"https:\/\/news.save.ch\/de\/#\/schema\/logo\/image\/","url":"https:\/\/news.save.ch\/wp-content\/uploads\/2022\/06\/Logo_SF_2012.png","contentUrl":"https:\/\/news.save.ch\/wp-content\/uploads\/2022\/06\/Logo_SF_2012.png","width":1100,"height":91,"caption":"Sicherheitsforum"},"image":{"@id":"https:\/\/news.save.ch\/de\/#\/schema\/logo\/image\/"}},{"@type":"Person","@id":"https:\/\/news.save.ch\/de\/#\/schema\/person\/d49e199490bad7c70d64b9ab51142f2b","name":"admin","image":{"@type":"ImageObject","inLanguage":"fr-FR","@id":"https:\/\/secure.gravatar.com\/avatar\/ae2f4d718e6c49043e314ce431e7e645d646302a24a5ef5a8bc8e3f5a032e319?s=96&d=mm&r=g","url":"https:\/\/secure.gravatar.com\/avatar\/ae2f4d718e6c49043e314ce431e7e645d646302a24a5ef5a8bc8e3f5a032e319?s=96&d=mm&r=g","contentUrl":"https:\/\/secure.gravatar.com\/avatar\/ae2f4d718e6c49043e314ce431e7e645d646302a24a5ef5a8bc8e3f5a032e319?s=96&d=mm&r=g","caption":"admin"},"sameAs":["https:\/\/develop.organisator.galledia.ch"],"url":"https:\/\/news.save.ch\/fr\/author\/admin\/"}]}},"_links":{"self":[{"href":"https:\/\/news.save.ch\/fr\/wp-json\/wp\/v2\/posts\/564","targetHints":{"allow":["GET"]}}],"collection":[{"href":"https:\/\/news.save.ch\/fr\/wp-json\/wp\/v2\/posts"}],"about":[{"href":"https:\/\/news.save.ch\/fr\/wp-json\/wp\/v2\/types\/post"}],"author":[{"embeddable":true,"href":"https:\/\/news.save.ch\/fr\/wp-json\/wp\/v2\/users\/1"}],"replies":[{"embeddable":true,"href":"https:\/\/news.save.ch\/fr\/wp-json\/wp\/v2\/comments?post=564"}],"version-history":[{"count":1,"href":"https:\/\/news.save.ch\/fr\/wp-json\/wp\/v2\/posts\/564\/revisions"}],"predecessor-version":[{"id":18384,"href":"https:\/\/news.save.ch\/fr\/wp-json\/wp\/v2\/posts\/564\/revisions\/18384"}],"wp:featuredmedia":[{"embeddable":true,"href":"https:\/\/news.save.ch\/fr\/wp-json\/wp\/v2\/media\/16030"}],"wp:attachment":[{"href":"https:\/\/news.save.ch\/fr\/wp-json\/wp\/v2\/media?parent=564"}],"wp:term":[{"taxonomy":"category","embeddable":true,"href":"https:\/\/news.save.ch\/fr\/wp-json\/wp\/v2\/categories?post=564"},{"taxonomy":"post_tag","embeddable":true,"href":"https:\/\/news.save.ch\/fr\/wp-json\/wp\/v2\/tags?post=564"}],"curies":[{"name":"wp","href":"https:\/\/api.w.org\/{rel}","templated":true}]}}