{"id":566,"date":"2015-08-19T17:43:49","date_gmt":"2015-08-19T15:43:49","guid":{"rendered":"https:\/\/dev.sicherheitsforum.ch\/?p=566"},"modified":"2023-03-14T08:57:35","modified_gmt":"2023-03-14T07:57:35","slug":"zusammenschluss-von-safe-swiss-cloud-und-nexos","status":null,"type":"post","link":"https:\/\/news.save.ch\/fr\/zusammenschluss-von-safe-swiss-cloud-und-nexos\/","title":{"rendered":"Fusion de Safe Swiss Cloud et de Nexos"},"content":{"rendered":"<p><img loading=\"lazy\" decoding=\"async\" class=\"alignnone size-medium wp-image-567\" src=\"https:\/\/sicherheitsforum.ch\/wp-content\/uploads\/2016\/12\/Zusammenschluss-von-Safe-Swiss-Cloud-und-Nexos-it-security.jpg\" alt=\"Homme d&#039;affaires travaillant avec un diagramme de cloud computing sur le nouveau co\" width=\"680\" height=\"465\" \/><\/p>\n<p>Toute l'\u00e9quipe ainsi que l'infrastructure cloud et les services g\u00e9r\u00e9s de Nexos, l'op\u00e9rateur suisse d'encloud <a href=\"https:\/\/www.safeswisscloud.ch\" target=\"_blank\" data-cke-saved-href=\"https:\/\/www.safeswisscloud.ch\" rel=\"noopener\">Safe Swiss Cloud <\/a>a \u00e9t\u00e9 int\u00e9gr\u00e9e. Avec la fusion des deux entreprises, Safe Swiss Cloud compte 35 collaborateurs. Il en r\u00e9sulte une alternative de cloud suisse de 100% pour les clients d'entreprise ayant des besoins accrus en mati\u00e8re de confidentialit\u00e9, de conformit\u00e9 et de s\u00e9curit\u00e9 en Suisse et en Europe, selon l'entreprise.<\/p>\n<p>\"Gr\u00e2ce \u00e0 cette fusion, nous sommes en mesure d'offrir \u00e0 nos clients entreprises des services g\u00e9r\u00e9s suppl\u00e9mentaires et d'autres prestations 24 heures sur 24 pour exploiter leurs architectures cloud (hybrides) sur la base de nos centres de calcul virtuels\", constate Prodosh Banerjee, CEO de Safe Swiss Cloud.<\/p>\n<p>\"L'\u00e9quipe de Nexos, forte de sa longue exp\u00e9rience dans le conseil et le suivi des clients ainsi que dans l'exploitation de son propre cloud, compl\u00e8te id\u00e9alement l'\u00e9quipe Safe Swiss Cloud existante afin de proposer aux clients une offre de cloud \u00e0 guichet unique\", se r\u00e9jouit Thomas Spinnler, CEO de Nexos.<\/p>\n<p>Safe Swiss Cloud est certifi\u00e9 ISO 27001 et est conforme \u00e0 la norme ISO 27018 et \u00e0 la circulaire FINMA 2008\/7 (Outsourcing banques).<\/p>","protected":false},"excerpt":{"rendered":"<p>Das gesamte Team sowie die Cloud-Infrastruktur und die Managed Services von Nexos, dem Betreiber der Schweizer encloud, werden in die Safe Swiss Cloud integriert. Mit dem Zusammenschluss der beiden Firmen w\u00e4chst Safe Swiss Cloud auf 35 Mitarbeitende. Es entsteht eine 100%ige Schweizer Cloud Alternative f\u00fcr Enterprise Kunden mit erh\u00f6hten Privacy-, Compliance- und Sicherheitsbed\u00fcrfnissen in der [&hellip;]<\/p>\n","protected":false},"author":1,"featured_media":567,"comment_status":"open","ping_status":"open","sticky":false,"template":"","format":"standard","meta":{"_acf_changed":false,"pgc_sgb_lightbox_settings":"","footnotes":""},"categories":[3313],"tags":[62,63,65],"class_list":["post-566","post","type-post","status-publish","format-standard","has-post-thumbnail","hentry","category-digitalisierung","tag-ict-sicherheit","tag-it-security","tag-unternehmen"],"acf":[],"hkrextid":null,"publication":null,"issue":null,"workflow":null,"startPage":null,"spitzmarke":null,"_posts_by_tag_page_fields":{"widget_title":"","widget_tags":""},"_at_widget":"1","_yoast_wpseo_primary_category":"2","_yoast_wpseo_focuskw_text_input":"Safe Swiss Cloud","_yoast_wpseo_opengraph-image":"https:\/\/sicherheitsforum.ch\/wp-content\/uploads\/2016\/12\/Zusammenschluss-von-Safe-Swiss-Cloud-und-Nexos-it-security.jpg","_yoast_wpseo_opengraph-description":"Der Cloud Infrastructure Provider Safe Swiss Cloud AG, Thalwil ZH, und die auch im Bereich IT-Sicherheit t\u00e4tige Nexos AG, Basel, haben sich zusammengeschlossen.","_yoast_wpseo_opengraph-title":"Zusammenschluss von Safe Swiss Cloud und Nexos","enclosure":null,"_yoast_wpseo_twitter-title":null,"_yoast_wpseo_twitter-description":null,"_yoast_wpseo_twitter-image":null,"_wp_old_slug":null,"_yoast_wpseo_title":null,"_yoast_wpseo_canonical":null,"yoast_head":"<!-- This site is optimized with the Yoast SEO plugin v27.5 - https:\/\/yoast.com\/product\/yoast-seo-wordpress\/ -->\n<title>Zusammenschluss von Safe Swiss Cloud und Nexos - Save<\/title>\n<meta name=\"description\" content=\"Der Cloud Infrastructure Provider Safe Swiss Cloud AG und die auch im Bereich IT-Sicherheit t\u00e4tige Nexos AG haben sich zusammengeschlossen.\" \/>\n<meta name=\"robots\" content=\"index, follow, max-snippet:-1, max-image-preview:large, max-video-preview:-1\" \/>\n<link rel=\"canonical\" href=\"https:\/\/news.save.ch\/fr\/zusammenschluss-von-safe-swiss-cloud-und-nexos\/\" \/>\n<meta property=\"og:locale\" content=\"fr_FR\" \/>\n<meta property=\"og:type\" content=\"article\" \/>\n<meta property=\"og:title\" content=\"Zusammenschluss von Safe Swiss Cloud und Nexos\" \/>\n<meta property=\"og:description\" content=\"Der Cloud Infrastructure Provider Safe Swiss Cloud AG, Thalwil ZH, und die auch im Bereich IT-Sicherheit t\u00e4tige Nexos AG, Basel, haben sich zusammengeschlossen.\" \/>\n<meta property=\"og:url\" content=\"https:\/\/news.save.ch\/fr\/zusammenschluss-von-safe-swiss-cloud-und-nexos\/\" \/>\n<meta property=\"og:site_name\" content=\"Save\" \/>\n<meta property=\"article:published_time\" content=\"2015-08-19T15:43:49+00:00\" \/>\n<meta property=\"article:modified_time\" content=\"2023-03-14T07:57:35+00:00\" \/>\n<meta property=\"og:image\" content=\"https:\/\/sicherheitsforum.ch\/wp-content\/uploads\/2016\/12\/Zusammenschluss-von-Safe-Swiss-Cloud-und-Nexos-it-security.jpg\" \/>\n<meta name=\"author\" content=\"admin\" \/>\n<meta name=\"twitter:card\" content=\"summary_large_image\" \/>\n<meta name=\"twitter:label1\" content=\"\u00c9crit par\" \/>\n\t<meta name=\"twitter:data1\" content=\"admin\" \/>\n\t<meta name=\"twitter:label2\" content=\"Dur\u00e9e de lecture estim\u00e9e\" \/>\n\t<meta name=\"twitter:data2\" content=\"1 minute\" \/>\n<script type=\"application\/ld+json\" class=\"yoast-schema-graph\">{\"@context\":\"https:\\\/\\\/schema.org\",\"@graph\":[{\"@type\":\"Article\",\"@id\":\"https:\\\/\\\/news.save.ch\\\/zusammenschluss-von-safe-swiss-cloud-und-nexos\\\/#article\",\"isPartOf\":{\"@id\":\"https:\\\/\\\/news.save.ch\\\/zusammenschluss-von-safe-swiss-cloud-und-nexos\\\/\"},\"author\":{\"name\":\"admin\",\"@id\":\"https:\\\/\\\/news.save.ch\\\/de\\\/#\\\/schema\\\/person\\\/d49e199490bad7c70d64b9ab51142f2b\"},\"headline\":\"Zusammenschluss von Safe Swiss Cloud und Nexos\",\"datePublished\":\"2015-08-19T15:43:49+00:00\",\"dateModified\":\"2023-03-14T07:57:35+00:00\",\"mainEntityOfPage\":{\"@id\":\"https:\\\/\\\/news.save.ch\\\/zusammenschluss-von-safe-swiss-cloud-und-nexos\\\/\"},\"wordCount\":177,\"commentCount\":0,\"publisher\":{\"@id\":\"https:\\\/\\\/news.save.ch\\\/de\\\/#organization\"},\"image\":{\"@id\":\"https:\\\/\\\/news.save.ch\\\/zusammenschluss-von-safe-swiss-cloud-und-nexos\\\/#primaryimage\"},\"thumbnailUrl\":\"https:\\\/\\\/news.save.ch\\\/wp-content\\\/uploads\\\/2016\\\/12\\\/Zusammenschluss-von-Safe-Swiss-Cloud-und-Nexos-it-security-scaled.jpg\",\"keywords\":[\"ICT-Sicherheit\",\"IT-SECURITY\",\"Unternehmen\"],\"articleSection\":[\"DIGITALISIERUNG\"],\"inLanguage\":\"fr-FR\"},{\"@type\":\"WebPage\",\"@id\":\"https:\\\/\\\/news.save.ch\\\/zusammenschluss-von-safe-swiss-cloud-und-nexos\\\/\",\"url\":\"https:\\\/\\\/news.save.ch\\\/zusammenschluss-von-safe-swiss-cloud-und-nexos\\\/\",\"name\":\"Zusammenschluss von Safe Swiss Cloud und Nexos - Save\",\"isPartOf\":{\"@id\":\"https:\\\/\\\/news.save.ch\\\/de\\\/#website\"},\"primaryImageOfPage\":{\"@id\":\"https:\\\/\\\/news.save.ch\\\/zusammenschluss-von-safe-swiss-cloud-und-nexos\\\/#primaryimage\"},\"image\":{\"@id\":\"https:\\\/\\\/news.save.ch\\\/zusammenschluss-von-safe-swiss-cloud-und-nexos\\\/#primaryimage\"},\"thumbnailUrl\":\"https:\\\/\\\/news.save.ch\\\/wp-content\\\/uploads\\\/2016\\\/12\\\/Zusammenschluss-von-Safe-Swiss-Cloud-und-Nexos-it-security-scaled.jpg\",\"datePublished\":\"2015-08-19T15:43:49+00:00\",\"dateModified\":\"2023-03-14T07:57:35+00:00\",\"description\":\"Der Cloud Infrastructure Provider Safe Swiss Cloud AG und die auch im Bereich IT-Sicherheit t\u00e4tige Nexos AG haben sich zusammengeschlossen.\",\"breadcrumb\":{\"@id\":\"https:\\\/\\\/news.save.ch\\\/zusammenschluss-von-safe-swiss-cloud-und-nexos\\\/#breadcrumb\"},\"inLanguage\":\"fr-FR\",\"potentialAction\":[{\"@type\":\"ReadAction\",\"target\":[\"https:\\\/\\\/news.save.ch\\\/zusammenschluss-von-safe-swiss-cloud-und-nexos\\\/\"]}]},{\"@type\":\"ImageObject\",\"inLanguage\":\"fr-FR\",\"@id\":\"https:\\\/\\\/news.save.ch\\\/zusammenschluss-von-safe-swiss-cloud-und-nexos\\\/#primaryimage\",\"url\":\"https:\\\/\\\/news.save.ch\\\/wp-content\\\/uploads\\\/2016\\\/12\\\/Zusammenschluss-von-Safe-Swiss-Cloud-und-Nexos-it-security-scaled.jpg\",\"contentUrl\":\"https:\\\/\\\/news.save.ch\\\/wp-content\\\/uploads\\\/2016\\\/12\\\/Zusammenschluss-von-Safe-Swiss-Cloud-und-Nexos-it-security-scaled.jpg\",\"width\":1400,\"height\":958},{\"@type\":\"BreadcrumbList\",\"@id\":\"https:\\\/\\\/news.save.ch\\\/zusammenschluss-von-safe-swiss-cloud-und-nexos\\\/#breadcrumb\",\"itemListElement\":[{\"@type\":\"ListItem\",\"position\":1,\"name\":\"Home\",\"item\":\"https:\\\/\\\/news.save.ch\\\/de\\\/\"},{\"@type\":\"ListItem\",\"position\":2,\"name\":\"Zusammenschluss von Safe Swiss Cloud und Nexos\"}]},{\"@type\":\"WebSite\",\"@id\":\"https:\\\/\\\/news.save.ch\\\/de\\\/#website\",\"url\":\"https:\\\/\\\/news.save.ch\\\/de\\\/\",\"name\":\"Save\",\"description\":\"Schweizer Fachzeitschrift f\u00fcr Sicherheit\",\"publisher\":{\"@id\":\"https:\\\/\\\/news.save.ch\\\/de\\\/#organization\"},\"potentialAction\":[{\"@type\":\"SearchAction\",\"target\":{\"@type\":\"EntryPoint\",\"urlTemplate\":\"https:\\\/\\\/news.save.ch\\\/de\\\/?s={search_term_string}\"},\"query-input\":{\"@type\":\"PropertyValueSpecification\",\"valueRequired\":true,\"valueName\":\"search_term_string\"}}],\"inLanguage\":\"fr-FR\"},{\"@type\":\"Organization\",\"@id\":\"https:\\\/\\\/news.save.ch\\\/de\\\/#organization\",\"name\":\"Sicherheitsforum\",\"url\":\"https:\\\/\\\/news.save.ch\\\/de\\\/\",\"logo\":{\"@type\":\"ImageObject\",\"inLanguage\":\"fr-FR\",\"@id\":\"https:\\\/\\\/news.save.ch\\\/de\\\/#\\\/schema\\\/logo\\\/image\\\/\",\"url\":\"https:\\\/\\\/news.save.ch\\\/wp-content\\\/uploads\\\/2022\\\/06\\\/Logo_SF_2012.png\",\"contentUrl\":\"https:\\\/\\\/news.save.ch\\\/wp-content\\\/uploads\\\/2022\\\/06\\\/Logo_SF_2012.png\",\"width\":1100,\"height\":91,\"caption\":\"Sicherheitsforum\"},\"image\":{\"@id\":\"https:\\\/\\\/news.save.ch\\\/de\\\/#\\\/schema\\\/logo\\\/image\\\/\"}},{\"@type\":\"Person\",\"@id\":\"https:\\\/\\\/news.save.ch\\\/de\\\/#\\\/schema\\\/person\\\/d49e199490bad7c70d64b9ab51142f2b\",\"name\":\"admin\",\"image\":{\"@type\":\"ImageObject\",\"inLanguage\":\"fr-FR\",\"@id\":\"https:\\\/\\\/secure.gravatar.com\\\/avatar\\\/ae2f4d718e6c49043e314ce431e7e645d646302a24a5ef5a8bc8e3f5a032e319?s=96&d=mm&r=g\",\"url\":\"https:\\\/\\\/secure.gravatar.com\\\/avatar\\\/ae2f4d718e6c49043e314ce431e7e645d646302a24a5ef5a8bc8e3f5a032e319?s=96&d=mm&r=g\",\"contentUrl\":\"https:\\\/\\\/secure.gravatar.com\\\/avatar\\\/ae2f4d718e6c49043e314ce431e7e645d646302a24a5ef5a8bc8e3f5a032e319?s=96&d=mm&r=g\",\"caption\":\"admin\"},\"sameAs\":[\"https:\\\/\\\/develop.organisator.galledia.ch\"],\"url\":\"https:\\\/\\\/news.save.ch\\\/fr\\\/author\\\/admin\\\/\"}]}<\/script>\n<!-- \/ Yoast SEO plugin. -->","yoast_head_json":{"title":"Fusion de Safe Swiss Cloud et Nexos - Save","description":"Le fournisseur d'infrastructure cloud Safe Swiss Cloud AG et Nexos AG, \u00e9galement actif dans le domaine de la s\u00e9curit\u00e9 informatique, ont fusionn\u00e9.","robots":{"index":"index","follow":"follow","max-snippet":"max-snippet:-1","max-image-preview":"max-image-preview:large","max-video-preview":"max-video-preview:-1"},"canonical":"https:\/\/news.save.ch\/fr\/zusammenschluss-von-safe-swiss-cloud-und-nexos\/","og_locale":"fr_FR","og_type":"article","og_title":"Zusammenschluss von Safe Swiss Cloud und Nexos","og_description":"Der Cloud Infrastructure Provider Safe Swiss Cloud AG, Thalwil ZH, und die auch im Bereich IT-Sicherheit t\u00e4tige Nexos AG, Basel, haben sich zusammengeschlossen.","og_url":"https:\/\/news.save.ch\/fr\/zusammenschluss-von-safe-swiss-cloud-und-nexos\/","og_site_name":"Save","article_published_time":"2015-08-19T15:43:49+00:00","article_modified_time":"2023-03-14T07:57:35+00:00","og_image":[{"url":"https:\/\/sicherheitsforum.ch\/wp-content\/uploads\/2016\/12\/Zusammenschluss-von-Safe-Swiss-Cloud-und-Nexos-it-security.jpg","type":"","width":"","height":""}],"author":"admin","twitter_card":"summary_large_image","twitter_misc":{"\u00c9crit par":"admin","Dur\u00e9e de lecture estim\u00e9e":"1 minute"},"schema":{"@context":"https:\/\/schema.org","@graph":[{"@type":"Article","@id":"https:\/\/news.save.ch\/zusammenschluss-von-safe-swiss-cloud-und-nexos\/#article","isPartOf":{"@id":"https:\/\/news.save.ch\/zusammenschluss-von-safe-swiss-cloud-und-nexos\/"},"author":{"name":"admin","@id":"https:\/\/news.save.ch\/de\/#\/schema\/person\/d49e199490bad7c70d64b9ab51142f2b"},"headline":"Zusammenschluss von Safe Swiss Cloud und Nexos","datePublished":"2015-08-19T15:43:49+00:00","dateModified":"2023-03-14T07:57:35+00:00","mainEntityOfPage":{"@id":"https:\/\/news.save.ch\/zusammenschluss-von-safe-swiss-cloud-und-nexos\/"},"wordCount":177,"commentCount":0,"publisher":{"@id":"https:\/\/news.save.ch\/de\/#organization"},"image":{"@id":"https:\/\/news.save.ch\/zusammenschluss-von-safe-swiss-cloud-und-nexos\/#primaryimage"},"thumbnailUrl":"https:\/\/news.save.ch\/wp-content\/uploads\/2016\/12\/Zusammenschluss-von-Safe-Swiss-Cloud-und-Nexos-it-security-scaled.jpg","keywords":["ICT-Sicherheit","IT-SECURITY","Unternehmen"],"articleSection":["DIGITALISIERUNG"],"inLanguage":"fr-FR"},{"@type":"WebPage","@id":"https:\/\/news.save.ch\/zusammenschluss-von-safe-swiss-cloud-und-nexos\/","url":"https:\/\/news.save.ch\/zusammenschluss-von-safe-swiss-cloud-und-nexos\/","name":"Fusion de Safe Swiss Cloud et Nexos - Save","isPartOf":{"@id":"https:\/\/news.save.ch\/de\/#website"},"primaryImageOfPage":{"@id":"https:\/\/news.save.ch\/zusammenschluss-von-safe-swiss-cloud-und-nexos\/#primaryimage"},"image":{"@id":"https:\/\/news.save.ch\/zusammenschluss-von-safe-swiss-cloud-und-nexos\/#primaryimage"},"thumbnailUrl":"https:\/\/news.save.ch\/wp-content\/uploads\/2016\/12\/Zusammenschluss-von-Safe-Swiss-Cloud-und-Nexos-it-security-scaled.jpg","datePublished":"2015-08-19T15:43:49+00:00","dateModified":"2023-03-14T07:57:35+00:00","description":"Le fournisseur d'infrastructure cloud Safe Swiss Cloud AG et Nexos AG, \u00e9galement actif dans le domaine de la s\u00e9curit\u00e9 informatique, ont fusionn\u00e9.","breadcrumb":{"@id":"https:\/\/news.save.ch\/zusammenschluss-von-safe-swiss-cloud-und-nexos\/#breadcrumb"},"inLanguage":"fr-FR","potentialAction":[{"@type":"ReadAction","target":["https:\/\/news.save.ch\/zusammenschluss-von-safe-swiss-cloud-und-nexos\/"]}]},{"@type":"ImageObject","inLanguage":"fr-FR","@id":"https:\/\/news.save.ch\/zusammenschluss-von-safe-swiss-cloud-und-nexos\/#primaryimage","url":"https:\/\/news.save.ch\/wp-content\/uploads\/2016\/12\/Zusammenschluss-von-Safe-Swiss-Cloud-und-Nexos-it-security-scaled.jpg","contentUrl":"https:\/\/news.save.ch\/wp-content\/uploads\/2016\/12\/Zusammenschluss-von-Safe-Swiss-Cloud-und-Nexos-it-security-scaled.jpg","width":1400,"height":958},{"@type":"BreadcrumbList","@id":"https:\/\/news.save.ch\/zusammenschluss-von-safe-swiss-cloud-und-nexos\/#breadcrumb","itemListElement":[{"@type":"ListItem","position":1,"name":"Home","item":"https:\/\/news.save.ch\/de\/"},{"@type":"ListItem","position":2,"name":"Zusammenschluss von Safe Swiss Cloud und Nexos"}]},{"@type":"WebSite","@id":"https:\/\/news.save.ch\/de\/#website","url":"https:\/\/news.save.ch\/de\/","name":"Save","description":"Revue suisse sp\u00e9cialis\u00e9e dans la s\u00e9curit\u00e9","publisher":{"@id":"https:\/\/news.save.ch\/de\/#organization"},"potentialAction":[{"@type":"SearchAction","target":{"@type":"EntryPoint","urlTemplate":"https:\/\/news.save.ch\/de\/?s={search_term_string}"},"query-input":{"@type":"PropertyValueSpecification","valueRequired":true,"valueName":"search_term_string"}}],"inLanguage":"fr-FR"},{"@type":"Organization","@id":"https:\/\/news.save.ch\/de\/#organization","name":"Forum sur la s\u00e9curit\u00e9","url":"https:\/\/news.save.ch\/de\/","logo":{"@type":"ImageObject","inLanguage":"fr-FR","@id":"https:\/\/news.save.ch\/de\/#\/schema\/logo\/image\/","url":"https:\/\/news.save.ch\/wp-content\/uploads\/2022\/06\/Logo_SF_2012.png","contentUrl":"https:\/\/news.save.ch\/wp-content\/uploads\/2022\/06\/Logo_SF_2012.png","width":1100,"height":91,"caption":"Sicherheitsforum"},"image":{"@id":"https:\/\/news.save.ch\/de\/#\/schema\/logo\/image\/"}},{"@type":"Person","@id":"https:\/\/news.save.ch\/de\/#\/schema\/person\/d49e199490bad7c70d64b9ab51142f2b","name":"admin","image":{"@type":"ImageObject","inLanguage":"fr-FR","@id":"https:\/\/secure.gravatar.com\/avatar\/ae2f4d718e6c49043e314ce431e7e645d646302a24a5ef5a8bc8e3f5a032e319?s=96&d=mm&r=g","url":"https:\/\/secure.gravatar.com\/avatar\/ae2f4d718e6c49043e314ce431e7e645d646302a24a5ef5a8bc8e3f5a032e319?s=96&d=mm&r=g","contentUrl":"https:\/\/secure.gravatar.com\/avatar\/ae2f4d718e6c49043e314ce431e7e645d646302a24a5ef5a8bc8e3f5a032e319?s=96&d=mm&r=g","caption":"admin"},"sameAs":["https:\/\/develop.organisator.galledia.ch"],"url":"https:\/\/news.save.ch\/fr\/author\/admin\/"}]}},"_links":{"self":[{"href":"https:\/\/news.save.ch\/fr\/wp-json\/wp\/v2\/posts\/566","targetHints":{"allow":["GET"]}}],"collection":[{"href":"https:\/\/news.save.ch\/fr\/wp-json\/wp\/v2\/posts"}],"about":[{"href":"https:\/\/news.save.ch\/fr\/wp-json\/wp\/v2\/types\/post"}],"author":[{"embeddable":true,"href":"https:\/\/news.save.ch\/fr\/wp-json\/wp\/v2\/users\/1"}],"replies":[{"embeddable":true,"href":"https:\/\/news.save.ch\/fr\/wp-json\/wp\/v2\/comments?post=566"}],"version-history":[{"count":1,"href":"https:\/\/news.save.ch\/fr\/wp-json\/wp\/v2\/posts\/566\/revisions"}],"predecessor-version":[{"id":17744,"href":"https:\/\/news.save.ch\/fr\/wp-json\/wp\/v2\/posts\/566\/revisions\/17744"}],"wp:featuredmedia":[{"embeddable":true,"href":"https:\/\/news.save.ch\/fr\/wp-json\/wp\/v2\/media\/567"}],"wp:attachment":[{"href":"https:\/\/news.save.ch\/fr\/wp-json\/wp\/v2\/media?parent=566"}],"wp:term":[{"taxonomy":"category","embeddable":true,"href":"https:\/\/news.save.ch\/fr\/wp-json\/wp\/v2\/categories?post=566"},{"taxonomy":"post_tag","embeddable":true,"href":"https:\/\/news.save.ch\/fr\/wp-json\/wp\/v2\/tags?post=566"}],"curies":[{"name":"wp","href":"https:\/\/api.w.org\/{rel}","templated":true}]}}