{"id":5692,"date":"2017-11-23T08:13:45","date_gmt":"2017-11-23T07:13:45","guid":{"rendered":"https:\/\/news.save.ch\/?p=5692"},"modified":"2023-03-14T08:58:59","modified_gmt":"2023-03-14T07:58:59","slug":"bericht-zur-vereinheitlichung-der-unwetterwarnungen","status":null,"type":"post","link":"https:\/\/news.save.ch\/fr\/bericht-zur-vereinheitlichung-der-unwetterwarnungen\/","title":{"rendered":"Pas d'alertes uniformes aux intemp\u00e9ries"},"content":{"rendered":"<figure id=\"attachment_5693\" aria-describedby=\"caption-attachment-5693\" style=\"width: 680px\" class=\"wp-caption aligncenter\"><img loading=\"lazy\" decoding=\"async\" class=\"wp-image-5693 size-medium\" src=\"https:\/\/news.save.ch\/wp-content\/uploads\/2017\/11\/Depositphotos_6590782_m-2015.jpg\" alt=\"Alertes m\u00e9t\u00e9o, pas d&#039;harmonisation\" width=\"680\" height=\"510\" srcset=\"https:\/\/news.save.ch\/wp-content\/uploads\/2017\/11\/Depositphotos_6590782_m-2015.jpg 999w, https:\/\/news.save.ch\/wp-content\/uploads\/2017\/11\/Depositphotos_6590782_m-2015-375x281.jpg 375w\" sizes=\"auto, (max-width: 680px) 100vw, 680px\" \/><figcaption id=\"caption-attachment-5693\" class=\"wp-caption-text\">\u00a9 depositphotos<\/figcaption><\/figure>\n<p>Les services sp\u00e9cialis\u00e9s dans les dangers naturels de la Conf\u00e9d\u00e9ration ont uniformis\u00e9 le syst\u00e8me d'alerte et coordonnent leurs activit\u00e9s en cas d'\u00e9v\u00e9nement. Il n'existe cependant pas de normes contraignantes pour les activit\u00e9s d'alerte des prestataires priv\u00e9s comme SRF Meteo, Meteogroup Schweiz AG ou MeteoNews AG. Selon le communiqu\u00e9 du Conseil f\u00e9d\u00e9ral, il existe aujourd'hui des diff\u00e9rences entre la Conf\u00e9d\u00e9ration et les entreprises priv\u00e9es. Ces diff\u00e9rences s'expliquent soit par des \u00e9valuations m\u00e9t\u00e9orologiques divergentes, soit par des diff\u00e9rences dans la mani\u00e8re dont les alertes sont pr\u00e9par\u00e9es et communiqu\u00e9es.<\/p>\n<p><strong>En cas de grand danger, il faut avertir<\/strong><\/p>\n<p>En se basant sur le postulat Vogler (14.3694), le Conseil f\u00e9d\u00e9ral doit examiner si et comment les alertes de la Conf\u00e9d\u00e9ration et des prestataires m\u00e9t\u00e9orologiques priv\u00e9s pourraient \u00eatre uniformis\u00e9es. Le Conseil f\u00e9d\u00e9ral souligne qu'une r\u00e9glementation l\u00e9gale visant \u00e0 uniformiser les avertissements d'intemp\u00e9ries n'est pas proportionn\u00e9e. Cela \u00e9quivaudrait \u00e0 une atteinte \u00e0 la libert\u00e9 \u00e9conomique et \u00e0 la libert\u00e9 des m\u00e9dias. En cas de grand danger, la Conf\u00e9d\u00e9ration a en outre d\u00e9j\u00e0 aujourd'hui la possibilit\u00e9 de s'adresser au grand public par le biais d'alertes devant \u00eatre diffus\u00e9es. Les autorit\u00e9s cantonales et communales consulteraient en g\u00e9n\u00e9ral les alertes de la Conf\u00e9d\u00e9ration. Un accord sur une norme commune sur une base volontaire n'aurait pas \u00e9t\u00e9 trouv\u00e9. Le dialogue avec les prestataires priv\u00e9s sera toutefois poursuivi, conclut le communiqu\u00e9.<\/p>\n<p>&nbsp;<\/p>\n<p>&nbsp;<\/p>\n<p>&nbsp;<\/p>\n<p>&nbsp;<\/p>","protected":false},"excerpt":{"rendered":"<p>Die Naturgefahren-Fachstellen des Bundes haben das Warnwesen vereinheitlicht und koordinieren ihre Aktivit\u00e4ten im Ereignisfall. Es gibt jedoch keine verbindlichen Standards f\u00fcr die Warnaktivit\u00e4ten von privaten Anbietern wie SRF Meteo, Meteogroup Schweiz AG oder MeteoNews AG. Sowohl zum Bund wie unter den Privaten gebe es heute Unterschiede, heisst es in der bundesr\u00e4tlichen Mitteilung. Ursache f\u00fcr diese [&hellip;]<\/p>\n","protected":false},"author":8,"featured_media":5693,"comment_status":"open","ping_status":"open","sticky":false,"template":"","format":"standard","meta":{"_acf_changed":false,"pgc_sgb_lightbox_settings":"","footnotes":""},"categories":[3312],"tags":[],"class_list":["post-5692","post","type-post","status-publish","format-standard","has-post-thumbnail","hentry","category-sicherheit"],"acf":[],"hkrextid":null,"publication":null,"issue":null,"workflow":null,"startPage":null,"spitzmarke":null,"_posts_by_tag_page_fields":{"widget_title":"","widget_tags":""},"_at_widget":"1","_yoast_wpseo_primary_category":"5","_yoast_wpseo_focuskw_text_input":"Unwetterwarnungen","_yoast_wpseo_opengraph-image":null,"_yoast_wpseo_opengraph-description":null,"_yoast_wpseo_opengraph-title":null,"enclosure":null,"_yoast_wpseo_twitter-title":null,"_yoast_wpseo_twitter-description":null,"_yoast_wpseo_twitter-image":null,"_wp_old_slug":null,"_yoast_wpseo_title":null,"_yoast_wpseo_canonical":null,"yoast_head":"<!-- This site is optimized with the Yoast SEO plugin v27.5 - https:\/\/yoast.com\/product\/yoast-seo-wordpress\/ -->\n<title>Keine einheitlichen Unwetterwarnungen - Save<\/title>\n<meta name=\"description\" content=\"Der Bundesrat sieht die Grundlagen f\u00fcr eine Harmonisierung der Unwetterwarnungen aller Wetterdienstleister gegenw\u00e4rtig nicht gegeben.\" \/>\n<meta name=\"robots\" content=\"index, follow, max-snippet:-1, max-image-preview:large, max-video-preview:-1\" \/>\n<link rel=\"canonical\" href=\"https:\/\/news.save.ch\/fr\/bericht-zur-vereinheitlichung-der-unwetterwarnungen\/\" \/>\n<meta property=\"og:locale\" content=\"fr_FR\" \/>\n<meta property=\"og:type\" content=\"article\" \/>\n<meta property=\"og:title\" content=\"Keine einheitlichen Unwetterwarnungen - Save\" \/>\n<meta property=\"og:description\" content=\"Der Bundesrat sieht die Grundlagen f\u00fcr eine Harmonisierung der Unwetterwarnungen aller Wetterdienstleister gegenw\u00e4rtig nicht gegeben.\" \/>\n<meta property=\"og:url\" content=\"https:\/\/news.save.ch\/fr\/bericht-zur-vereinheitlichung-der-unwetterwarnungen\/\" \/>\n<meta property=\"og:site_name\" content=\"Save\" \/>\n<meta property=\"article:published_time\" content=\"2017-11-23T07:13:45+00:00\" \/>\n<meta property=\"article:modified_time\" content=\"2023-03-14T07:58:59+00:00\" \/>\n<meta property=\"og:image\" content=\"https:\/\/news.save.ch\/wp-content\/uploads\/2017\/11\/Depositphotos_6590782_m-2015.jpg\" \/>\n\t<meta property=\"og:image:width\" content=\"999\" \/>\n\t<meta property=\"og:image:height\" content=\"749\" \/>\n\t<meta property=\"og:image:type\" content=\"image\/jpeg\" \/>\n<meta name=\"author\" content=\"Roger Str\u00e4ssle\" \/>\n<meta name=\"twitter:card\" content=\"summary_large_image\" \/>\n<meta name=\"twitter:label1\" content=\"\u00c9crit par\" \/>\n\t<meta name=\"twitter:data1\" content=\"Roger Str\u00e4ssle\" \/>\n\t<meta name=\"twitter:label2\" content=\"Dur\u00e9e de lecture estim\u00e9e\" \/>\n\t<meta name=\"twitter:data2\" content=\"1 minute\" \/>\n<script type=\"application\/ld+json\" class=\"yoast-schema-graph\">{\"@context\":\"https:\\\/\\\/schema.org\",\"@graph\":[{\"@type\":\"Article\",\"@id\":\"https:\\\/\\\/news.save.ch\\\/bericht-zur-vereinheitlichung-der-unwetterwarnungen\\\/#article\",\"isPartOf\":{\"@id\":\"https:\\\/\\\/news.save.ch\\\/bericht-zur-vereinheitlichung-der-unwetterwarnungen\\\/\"},\"author\":{\"name\":\"Roger Str\u00e4ssle\",\"@id\":\"https:\\\/\\\/news.save.ch\\\/de\\\/#\\\/schema\\\/person\\\/d5022db048e0e2b9785c50e5b24da5aa\"},\"headline\":\"Keine einheitlichen Unwetterwarnungen\",\"datePublished\":\"2017-11-23T07:13:45+00:00\",\"dateModified\":\"2023-03-14T07:58:59+00:00\",\"mainEntityOfPage\":{\"@id\":\"https:\\\/\\\/news.save.ch\\\/bericht-zur-vereinheitlichung-der-unwetterwarnungen\\\/\"},\"wordCount\":217,\"commentCount\":0,\"publisher\":{\"@id\":\"https:\\\/\\\/news.save.ch\\\/de\\\/#organization\"},\"image\":{\"@id\":\"https:\\\/\\\/news.save.ch\\\/bericht-zur-vereinheitlichung-der-unwetterwarnungen\\\/#primaryimage\"},\"thumbnailUrl\":\"https:\\\/\\\/news.save.ch\\\/wp-content\\\/uploads\\\/2017\\\/11\\\/Depositphotos_6590782_m-2015.jpg\",\"articleSection\":[\"SICHERHEIT\"],\"inLanguage\":\"fr-FR\"},{\"@type\":\"WebPage\",\"@id\":\"https:\\\/\\\/news.save.ch\\\/bericht-zur-vereinheitlichung-der-unwetterwarnungen\\\/\",\"url\":\"https:\\\/\\\/news.save.ch\\\/bericht-zur-vereinheitlichung-der-unwetterwarnungen\\\/\",\"name\":\"Keine einheitlichen Unwetterwarnungen - Save\",\"isPartOf\":{\"@id\":\"https:\\\/\\\/news.save.ch\\\/de\\\/#website\"},\"primaryImageOfPage\":{\"@id\":\"https:\\\/\\\/news.save.ch\\\/bericht-zur-vereinheitlichung-der-unwetterwarnungen\\\/#primaryimage\"},\"image\":{\"@id\":\"https:\\\/\\\/news.save.ch\\\/bericht-zur-vereinheitlichung-der-unwetterwarnungen\\\/#primaryimage\"},\"thumbnailUrl\":\"https:\\\/\\\/news.save.ch\\\/wp-content\\\/uploads\\\/2017\\\/11\\\/Depositphotos_6590782_m-2015.jpg\",\"datePublished\":\"2017-11-23T07:13:45+00:00\",\"dateModified\":\"2023-03-14T07:58:59+00:00\",\"description\":\"Der Bundesrat sieht die Grundlagen f\u00fcr eine Harmonisierung der Unwetterwarnungen aller Wetterdienstleister gegenw\u00e4rtig nicht gegeben.\",\"breadcrumb\":{\"@id\":\"https:\\\/\\\/news.save.ch\\\/bericht-zur-vereinheitlichung-der-unwetterwarnungen\\\/#breadcrumb\"},\"inLanguage\":\"fr-FR\",\"potentialAction\":[{\"@type\":\"ReadAction\",\"target\":[\"https:\\\/\\\/news.save.ch\\\/bericht-zur-vereinheitlichung-der-unwetterwarnungen\\\/\"]}]},{\"@type\":\"ImageObject\",\"inLanguage\":\"fr-FR\",\"@id\":\"https:\\\/\\\/news.save.ch\\\/bericht-zur-vereinheitlichung-der-unwetterwarnungen\\\/#primaryimage\",\"url\":\"https:\\\/\\\/news.save.ch\\\/wp-content\\\/uploads\\\/2017\\\/11\\\/Depositphotos_6590782_m-2015.jpg\",\"contentUrl\":\"https:\\\/\\\/news.save.ch\\\/wp-content\\\/uploads\\\/2017\\\/11\\\/Depositphotos_6590782_m-2015.jpg\",\"width\":999,\"height\":749,\"caption\":\"\u00a9 depositphotos\"},{\"@type\":\"BreadcrumbList\",\"@id\":\"https:\\\/\\\/news.save.ch\\\/bericht-zur-vereinheitlichung-der-unwetterwarnungen\\\/#breadcrumb\",\"itemListElement\":[{\"@type\":\"ListItem\",\"position\":1,\"name\":\"Home\",\"item\":\"https:\\\/\\\/news.save.ch\\\/de\\\/\"},{\"@type\":\"ListItem\",\"position\":2,\"name\":\"Keine einheitlichen Unwetterwarnungen\"}]},{\"@type\":\"WebSite\",\"@id\":\"https:\\\/\\\/news.save.ch\\\/de\\\/#website\",\"url\":\"https:\\\/\\\/news.save.ch\\\/de\\\/\",\"name\":\"Save\",\"description\":\"Schweizer Fachzeitschrift f\u00fcr Sicherheit\",\"publisher\":{\"@id\":\"https:\\\/\\\/news.save.ch\\\/de\\\/#organization\"},\"potentialAction\":[{\"@type\":\"SearchAction\",\"target\":{\"@type\":\"EntryPoint\",\"urlTemplate\":\"https:\\\/\\\/news.save.ch\\\/de\\\/?s={search_term_string}\"},\"query-input\":{\"@type\":\"PropertyValueSpecification\",\"valueRequired\":true,\"valueName\":\"search_term_string\"}}],\"inLanguage\":\"fr-FR\"},{\"@type\":\"Organization\",\"@id\":\"https:\\\/\\\/news.save.ch\\\/de\\\/#organization\",\"name\":\"Sicherheitsforum\",\"url\":\"https:\\\/\\\/news.save.ch\\\/de\\\/\",\"logo\":{\"@type\":\"ImageObject\",\"inLanguage\":\"fr-FR\",\"@id\":\"https:\\\/\\\/news.save.ch\\\/de\\\/#\\\/schema\\\/logo\\\/image\\\/\",\"url\":\"https:\\\/\\\/news.save.ch\\\/wp-content\\\/uploads\\\/2022\\\/06\\\/Logo_SF_2012.png\",\"contentUrl\":\"https:\\\/\\\/news.save.ch\\\/wp-content\\\/uploads\\\/2022\\\/06\\\/Logo_SF_2012.png\",\"width\":1100,\"height\":91,\"caption\":\"Sicherheitsforum\"},\"image\":{\"@id\":\"https:\\\/\\\/news.save.ch\\\/de\\\/#\\\/schema\\\/logo\\\/image\\\/\"}},{\"@type\":\"Person\",\"@id\":\"https:\\\/\\\/news.save.ch\\\/de\\\/#\\\/schema\\\/person\\\/d5022db048e0e2b9785c50e5b24da5aa\",\"name\":\"Roger Str\u00e4ssle\",\"image\":{\"@type\":\"ImageObject\",\"inLanguage\":\"fr-FR\",\"@id\":\"https:\\\/\\\/secure.gravatar.com\\\/avatar\\\/862a5569d087de48e5856e32f45d719a03804c891d6deb8d4f71a660e79e4a47?s=96&d=mm&r=g\",\"url\":\"https:\\\/\\\/secure.gravatar.com\\\/avatar\\\/862a5569d087de48e5856e32f45d719a03804c891d6deb8d4f71a660e79e4a47?s=96&d=mm&r=g\",\"contentUrl\":\"https:\\\/\\\/secure.gravatar.com\\\/avatar\\\/862a5569d087de48e5856e32f45d719a03804c891d6deb8d4f71a660e79e4a47?s=96&d=mm&r=g\",\"caption\":\"Roger Str\u00e4ssle\"},\"url\":\"https:\\\/\\\/news.save.ch\\\/fr\\\/author\\\/roger-straessle\\\/\"}]}<\/script>\n<!-- \/ Yoast SEO plugin. -->","yoast_head_json":{"title":"Pas d'alertes uniformes aux intemp\u00e9ries - Save","description":"Le Conseil f\u00e9d\u00e9ral estime que les bases d'une harmonisation des avertissements d'intemp\u00e9ries de tous les prestataires de services m\u00e9t\u00e9orologiques ne sont actuellement pas r\u00e9unies.","robots":{"index":"index","follow":"follow","max-snippet":"max-snippet:-1","max-image-preview":"max-image-preview:large","max-video-preview":"max-video-preview:-1"},"canonical":"https:\/\/news.save.ch\/fr\/bericht-zur-vereinheitlichung-der-unwetterwarnungen\/","og_locale":"fr_FR","og_type":"article","og_title":"Keine einheitlichen Unwetterwarnungen - Save","og_description":"Der Bundesrat sieht die Grundlagen f\u00fcr eine Harmonisierung der Unwetterwarnungen aller Wetterdienstleister gegenw\u00e4rtig nicht gegeben.","og_url":"https:\/\/news.save.ch\/fr\/bericht-zur-vereinheitlichung-der-unwetterwarnungen\/","og_site_name":"Save","article_published_time":"2017-11-23T07:13:45+00:00","article_modified_time":"2023-03-14T07:58:59+00:00","og_image":[{"width":999,"height":749,"url":"https:\/\/news.save.ch\/wp-content\/uploads\/2017\/11\/Depositphotos_6590782_m-2015.jpg","type":"image\/jpeg"}],"author":"Roger Str\u00e4ssle","twitter_card":"summary_large_image","twitter_misc":{"\u00c9crit par":"Roger Str\u00e4ssle","Dur\u00e9e de lecture estim\u00e9e":"1 minute"},"schema":{"@context":"https:\/\/schema.org","@graph":[{"@type":"Article","@id":"https:\/\/news.save.ch\/bericht-zur-vereinheitlichung-der-unwetterwarnungen\/#article","isPartOf":{"@id":"https:\/\/news.save.ch\/bericht-zur-vereinheitlichung-der-unwetterwarnungen\/"},"author":{"name":"Roger Str\u00e4ssle","@id":"https:\/\/news.save.ch\/de\/#\/schema\/person\/d5022db048e0e2b9785c50e5b24da5aa"},"headline":"Keine einheitlichen Unwetterwarnungen","datePublished":"2017-11-23T07:13:45+00:00","dateModified":"2023-03-14T07:58:59+00:00","mainEntityOfPage":{"@id":"https:\/\/news.save.ch\/bericht-zur-vereinheitlichung-der-unwetterwarnungen\/"},"wordCount":217,"commentCount":0,"publisher":{"@id":"https:\/\/news.save.ch\/de\/#organization"},"image":{"@id":"https:\/\/news.save.ch\/bericht-zur-vereinheitlichung-der-unwetterwarnungen\/#primaryimage"},"thumbnailUrl":"https:\/\/news.save.ch\/wp-content\/uploads\/2017\/11\/Depositphotos_6590782_m-2015.jpg","articleSection":["SICHERHEIT"],"inLanguage":"fr-FR"},{"@type":"WebPage","@id":"https:\/\/news.save.ch\/bericht-zur-vereinheitlichung-der-unwetterwarnungen\/","url":"https:\/\/news.save.ch\/bericht-zur-vereinheitlichung-der-unwetterwarnungen\/","name":"Pas d'alertes uniformes aux intemp\u00e9ries - Save","isPartOf":{"@id":"https:\/\/news.save.ch\/de\/#website"},"primaryImageOfPage":{"@id":"https:\/\/news.save.ch\/bericht-zur-vereinheitlichung-der-unwetterwarnungen\/#primaryimage"},"image":{"@id":"https:\/\/news.save.ch\/bericht-zur-vereinheitlichung-der-unwetterwarnungen\/#primaryimage"},"thumbnailUrl":"https:\/\/news.save.ch\/wp-content\/uploads\/2017\/11\/Depositphotos_6590782_m-2015.jpg","datePublished":"2017-11-23T07:13:45+00:00","dateModified":"2023-03-14T07:58:59+00:00","description":"Le Conseil f\u00e9d\u00e9ral estime que les bases d'une harmonisation des avertissements d'intemp\u00e9ries de tous les prestataires de services m\u00e9t\u00e9orologiques ne sont actuellement pas r\u00e9unies.","breadcrumb":{"@id":"https:\/\/news.save.ch\/bericht-zur-vereinheitlichung-der-unwetterwarnungen\/#breadcrumb"},"inLanguage":"fr-FR","potentialAction":[{"@type":"ReadAction","target":["https:\/\/news.save.ch\/bericht-zur-vereinheitlichung-der-unwetterwarnungen\/"]}]},{"@type":"ImageObject","inLanguage":"fr-FR","@id":"https:\/\/news.save.ch\/bericht-zur-vereinheitlichung-der-unwetterwarnungen\/#primaryimage","url":"https:\/\/news.save.ch\/wp-content\/uploads\/2017\/11\/Depositphotos_6590782_m-2015.jpg","contentUrl":"https:\/\/news.save.ch\/wp-content\/uploads\/2017\/11\/Depositphotos_6590782_m-2015.jpg","width":999,"height":749,"caption":"\u00a9 depositphotos"},{"@type":"BreadcrumbList","@id":"https:\/\/news.save.ch\/bericht-zur-vereinheitlichung-der-unwetterwarnungen\/#breadcrumb","itemListElement":[{"@type":"ListItem","position":1,"name":"Home","item":"https:\/\/news.save.ch\/de\/"},{"@type":"ListItem","position":2,"name":"Keine einheitlichen Unwetterwarnungen"}]},{"@type":"WebSite","@id":"https:\/\/news.save.ch\/de\/#website","url":"https:\/\/news.save.ch\/de\/","name":"Save","description":"Revue suisse sp\u00e9cialis\u00e9e dans la s\u00e9curit\u00e9","publisher":{"@id":"https:\/\/news.save.ch\/de\/#organization"},"potentialAction":[{"@type":"SearchAction","target":{"@type":"EntryPoint","urlTemplate":"https:\/\/news.save.ch\/de\/?s={search_term_string}"},"query-input":{"@type":"PropertyValueSpecification","valueRequired":true,"valueName":"search_term_string"}}],"inLanguage":"fr-FR"},{"@type":"Organization","@id":"https:\/\/news.save.ch\/de\/#organization","name":"Forum sur la s\u00e9curit\u00e9","url":"https:\/\/news.save.ch\/de\/","logo":{"@type":"ImageObject","inLanguage":"fr-FR","@id":"https:\/\/news.save.ch\/de\/#\/schema\/logo\/image\/","url":"https:\/\/news.save.ch\/wp-content\/uploads\/2022\/06\/Logo_SF_2012.png","contentUrl":"https:\/\/news.save.ch\/wp-content\/uploads\/2022\/06\/Logo_SF_2012.png","width":1100,"height":91,"caption":"Sicherheitsforum"},"image":{"@id":"https:\/\/news.save.ch\/de\/#\/schema\/logo\/image\/"}},{"@type":"Person","@id":"https:\/\/news.save.ch\/de\/#\/schema\/person\/d5022db048e0e2b9785c50e5b24da5aa","name":"Roger Str\u00e4ssle","image":{"@type":"ImageObject","inLanguage":"fr-FR","@id":"https:\/\/secure.gravatar.com\/avatar\/862a5569d087de48e5856e32f45d719a03804c891d6deb8d4f71a660e79e4a47?s=96&d=mm&r=g","url":"https:\/\/secure.gravatar.com\/avatar\/862a5569d087de48e5856e32f45d719a03804c891d6deb8d4f71a660e79e4a47?s=96&d=mm&r=g","contentUrl":"https:\/\/secure.gravatar.com\/avatar\/862a5569d087de48e5856e32f45d719a03804c891d6deb8d4f71a660e79e4a47?s=96&d=mm&r=g","caption":"Roger Str\u00e4ssle"},"url":"https:\/\/news.save.ch\/fr\/author\/roger-straessle\/"}]}},"_links":{"self":[{"href":"https:\/\/news.save.ch\/fr\/wp-json\/wp\/v2\/posts\/5692","targetHints":{"allow":["GET"]}}],"collection":[{"href":"https:\/\/news.save.ch\/fr\/wp-json\/wp\/v2\/posts"}],"about":[{"href":"https:\/\/news.save.ch\/fr\/wp-json\/wp\/v2\/types\/post"}],"author":[{"embeddable":true,"href":"https:\/\/news.save.ch\/fr\/wp-json\/wp\/v2\/users\/8"}],"replies":[{"embeddable":true,"href":"https:\/\/news.save.ch\/fr\/wp-json\/wp\/v2\/comments?post=5692"}],"version-history":[{"count":1,"href":"https:\/\/news.save.ch\/fr\/wp-json\/wp\/v2\/posts\/5692\/revisions"}],"predecessor-version":[{"id":17869,"href":"https:\/\/news.save.ch\/fr\/wp-json\/wp\/v2\/posts\/5692\/revisions\/17869"}],"wp:featuredmedia":[{"embeddable":true,"href":"https:\/\/news.save.ch\/fr\/wp-json\/wp\/v2\/media\/5693"}],"wp:attachment":[{"href":"https:\/\/news.save.ch\/fr\/wp-json\/wp\/v2\/media?parent=5692"}],"wp:term":[{"taxonomy":"category","embeddable":true,"href":"https:\/\/news.save.ch\/fr\/wp-json\/wp\/v2\/categories?post=5692"},{"taxonomy":"post_tag","embeddable":true,"href":"https:\/\/news.save.ch\/fr\/wp-json\/wp\/v2\/tags?post=5692"}],"curies":[{"name":"wp","href":"https:\/\/api.w.org\/{rel}","templated":true}]}}