{"id":5705,"date":"2017-11-24T17:34:43","date_gmt":"2017-11-24T16:34:43","guid":{"rendered":"https:\/\/news.save.ch\/?p=5705"},"modified":"2023-03-14T09:00:01","modified_gmt":"2023-03-14T08:00:01","slug":"aeusserst-zufriedene-sicherheits-fachfirmen","status":null,"type":"post","link":"https:\/\/news.save.ch\/fr\/aeusserst-zufriedene-sicherheits-fachfirmen\/","title":{"rendered":"Evolution des affaires : Les installateurs sp\u00e9cialis\u00e9s donnent les meilleures notes"},"content":{"rendered":"<figure id=\"attachment_5709\" aria-describedby=\"caption-attachment-5709\" style=\"width: 680px\" class=\"wp-caption aligncenter\"><img loading=\"lazy\" decoding=\"async\" class=\"size-medium wp-image-5709\" src=\"https:\/\/news.save.ch\/wp-content\/uploads\/2017\/11\/Depositphotos_94151550_m-2015.jpg\" alt=\"\" width=\"680\" height=\"454\" srcset=\"https:\/\/news.save.ch\/wp-content\/uploads\/2017\/11\/Depositphotos_94151550_m-2015.jpg 1000w, https:\/\/news.save.ch\/wp-content\/uploads\/2017\/11\/Depositphotos_94151550_m-2015-375x250.jpg 375w\" sizes=\"auto, (max-width: 680px) 100vw, 680px\" \/><figcaption id=\"caption-attachment-5709\" class=\"wp-caption-text\">depositphotos<\/figcaption><\/figure>\n<p>\"L'ambiance sur le march\u00e9 est globalement tr\u00e8s positive. Cela se refl\u00e8te \u00e9galement dans la bonne note attribu\u00e9e \u00e0 la situation actuelle des affaires avec une valeur de 1,83 sur l'\u00e9chelle des notes d'\u00e9cole. Environ 30% de toutes les personnes interrog\u00e9es ont m\u00eame qualifi\u00e9 leur carnet de commandes actuel de 'tr\u00e8s bon'\", d\u00e9clare Dr. Urban Brauer, directeur g\u00e9n\u00e9ral de la BHE.<\/p>\n<p>Le groupe de clients professionnels a continu\u00e9 \u00e0 progresser fortement et a fait un bond significatif pour atteindre le nouveau record de 1,76, comme le souligne le BHE. L'\u00e9volution positive se poursuit \u00e9galement pour les administrations. La situation commerciale de ce groupe de clients s'est am\u00e9lior\u00e9e au cours des derni\u00e8res ann\u00e9es, passant d'une note de 2,9 \u00e0 2,5 aujourd'hui. Seul le secteur priv\u00e9 est en l\u00e9ger recul avec une valeur de 2,48. Malgr\u00e9 cela, la valeur obtenue fait partie du top 5 des derni\u00e8res ann\u00e9es.<\/p>\n<p><strong>Le contr\u00f4le d'acc\u00e8s a connu une croissance particuli\u00e8rement forte <\/strong><\/p>\n<p>Le recul dans le secteur priv\u00e9 est \u00e9galement \u00e0 l'origine de l'\u00e9valuation l\u00e9g\u00e8rement plus faible de la technique d'alarme anti-intrusion par rapport aux deux derni\u00e8res ann\u00e9es. En revanche, tous les autres secteurs atteindraient de nouveaux records. Selon la BHE, le contr\u00f4le d'acc\u00e8s (2,11) et les installations d'extraction de fum\u00e9e et de chaleur, qui ont obtenu pour la premi\u00e8re fois une valeur inf\u00e9rieure \u00e0 2,0 avec 1,8, ont connu une croissance particuli\u00e8rement forte.<\/p>\n<p>Dans l'ensemble, les installateurs sp\u00e9cialis\u00e9s envisagent l'avenir de mani\u00e8re tout \u00e0 fait positive et attribuent une note de 1,97 \u00e0 la situation commerciale future. 78 % des entreprises interrog\u00e9es ont attribu\u00e9 la note \"bien\" \u00e0 ce sujet.<\/p>\n<p>En raison de ces perspectives, 63 % des entreprises souhaiteraient embaucher du personnel. C'est le chiffre le plus \u00e9lev\u00e9 depuis le d\u00e9but des enqu\u00eates de la BHE. Et aucune entreprise ne pr\u00e9voit de licencier.<\/p>\n<p>&nbsp;<\/p>","protected":false},"excerpt":{"rendered":"<p>\u201eDie Stimmung am Markt ist insgesamt sehr positiv. Dies spiegelt sich auch in der guten Benotung der derzeitigen Gesch\u00e4ftslage mit einem Wert von 1,83 auf der Schulnotenskala wider. Rund 30% aller Befragten haben ihre momentane Auftragslage sogar als \u201asehr gut\u2018 bezeichnet\u201c, so Dr. Urban Brauer, Gesch\u00e4ftsf\u00fchrer des BHE. Die gewerbliche Kundengruppe konnte weiter stark zulegen [&hellip;]<\/p>\n","protected":false},"author":8,"featured_media":5709,"comment_status":"open","ping_status":"open","sticky":false,"template":"","format":"standard","meta":{"_acf_changed":false,"pgc_sgb_lightbox_settings":"","footnotes":""},"categories":[3312],"tags":[158],"class_list":["post-5705","post","type-post","status-publish","format-standard","has-post-thumbnail","hentry","category-sicherheit","tag-zutrittskontrolle"],"acf":[],"hkrextid":null,"publication":null,"issue":null,"workflow":null,"startPage":null,"spitzmarke":null,"_posts_by_tag_page_fields":{"widget_title":"","widget_tags":""},"_at_widget":"1","_yoast_wpseo_primary_category":"3303","_yoast_wpseo_focuskw_text_input":"BHE","_yoast_wpseo_opengraph-image":null,"_yoast_wpseo_opengraph-description":null,"_yoast_wpseo_opengraph-title":null,"enclosure":null,"_yoast_wpseo_twitter-title":null,"_yoast_wpseo_twitter-description":null,"_yoast_wpseo_twitter-image":null,"_wp_old_slug":null,"_yoast_wpseo_title":null,"_yoast_wpseo_canonical":null,"yoast_head":"<!-- This site is optimized with the Yoast SEO plugin v27.5 - https:\/\/yoast.com\/product\/yoast-seo-wordpress\/ -->\n<title>Gesch\u00e4ftsverlauf: Facherrichter geben Best-Noten - Save<\/title>\n<meta name=\"description\" content=\"Die deutschen Facherrichter zeigen sich \u00e4usserst zufrieden mit der Entwicklung im Sicherheitsmarkt und vergaben in zahlreichen Kategorien neue Best-Noten.\" \/>\n<meta name=\"robots\" content=\"index, follow, max-snippet:-1, max-image-preview:large, max-video-preview:-1\" \/>\n<link rel=\"canonical\" href=\"https:\/\/news.save.ch\/fr\/aeusserst-zufriedene-sicherheits-fachfirmen\/\" \/>\n<meta property=\"og:locale\" content=\"fr_FR\" \/>\n<meta property=\"og:type\" content=\"article\" \/>\n<meta property=\"og:title\" content=\"Gesch\u00e4ftsverlauf: Facherrichter geben Best-Noten - Save\" \/>\n<meta property=\"og:description\" content=\"Die deutschen Facherrichter zeigen sich \u00e4usserst zufrieden mit der Entwicklung im Sicherheitsmarkt und vergaben in zahlreichen Kategorien neue Best-Noten.\" \/>\n<meta property=\"og:url\" content=\"https:\/\/news.save.ch\/fr\/aeusserst-zufriedene-sicherheits-fachfirmen\/\" \/>\n<meta property=\"og:site_name\" content=\"Save\" \/>\n<meta property=\"article:published_time\" content=\"2017-11-24T16:34:43+00:00\" \/>\n<meta property=\"article:modified_time\" content=\"2023-03-14T08:00:01+00:00\" \/>\n<meta property=\"og:image\" content=\"https:\/\/news.save.ch\/wp-content\/uploads\/2017\/11\/Depositphotos_94151550_m-2015.jpg\" \/>\n\t<meta property=\"og:image:width\" content=\"1000\" \/>\n\t<meta property=\"og:image:height\" content=\"667\" \/>\n\t<meta property=\"og:image:type\" content=\"image\/jpeg\" \/>\n<meta name=\"author\" content=\"Roger Str\u00e4ssle\" \/>\n<meta name=\"twitter:card\" content=\"summary_large_image\" \/>\n<meta name=\"twitter:label1\" content=\"\u00c9crit par\" \/>\n\t<meta name=\"twitter:data1\" content=\"Roger Str\u00e4ssle\" \/>\n\t<meta name=\"twitter:label2\" content=\"Dur\u00e9e de lecture estim\u00e9e\" \/>\n\t<meta name=\"twitter:data2\" content=\"1 minute\" \/>\n<script type=\"application\/ld+json\" class=\"yoast-schema-graph\">{\"@context\":\"https:\\\/\\\/schema.org\",\"@graph\":[{\"@type\":\"Article\",\"@id\":\"https:\\\/\\\/news.save.ch\\\/aeusserst-zufriedene-sicherheits-fachfirmen\\\/#article\",\"isPartOf\":{\"@id\":\"https:\\\/\\\/news.save.ch\\\/aeusserst-zufriedene-sicherheits-fachfirmen\\\/\"},\"author\":{\"name\":\"Roger Str\u00e4ssle\",\"@id\":\"https:\\\/\\\/news.save.ch\\\/de\\\/#\\\/schema\\\/person\\\/d5022db048e0e2b9785c50e5b24da5aa\"},\"headline\":\"Gesch\u00e4ftsverlauf: Facherrichter geben Best-Noten\",\"datePublished\":\"2017-11-24T16:34:43+00:00\",\"dateModified\":\"2023-03-14T08:00:01+00:00\",\"mainEntityOfPage\":{\"@id\":\"https:\\\/\\\/news.save.ch\\\/aeusserst-zufriedene-sicherheits-fachfirmen\\\/\"},\"wordCount\":252,\"commentCount\":0,\"publisher\":{\"@id\":\"https:\\\/\\\/news.save.ch\\\/de\\\/#organization\"},\"image\":{\"@id\":\"https:\\\/\\\/news.save.ch\\\/aeusserst-zufriedene-sicherheits-fachfirmen\\\/#primaryimage\"},\"thumbnailUrl\":\"https:\\\/\\\/news.save.ch\\\/wp-content\\\/uploads\\\/2017\\\/11\\\/Depositphotos_94151550_m-2015.jpg\",\"keywords\":[\"Zutrittskontrolle\"],\"articleSection\":[\"SICHERHEIT\"],\"inLanguage\":\"fr-FR\"},{\"@type\":\"WebPage\",\"@id\":\"https:\\\/\\\/news.save.ch\\\/aeusserst-zufriedene-sicherheits-fachfirmen\\\/\",\"url\":\"https:\\\/\\\/news.save.ch\\\/aeusserst-zufriedene-sicherheits-fachfirmen\\\/\",\"name\":\"Gesch\u00e4ftsverlauf: Facherrichter geben Best-Noten - Save\",\"isPartOf\":{\"@id\":\"https:\\\/\\\/news.save.ch\\\/de\\\/#website\"},\"primaryImageOfPage\":{\"@id\":\"https:\\\/\\\/news.save.ch\\\/aeusserst-zufriedene-sicherheits-fachfirmen\\\/#primaryimage\"},\"image\":{\"@id\":\"https:\\\/\\\/news.save.ch\\\/aeusserst-zufriedene-sicherheits-fachfirmen\\\/#primaryimage\"},\"thumbnailUrl\":\"https:\\\/\\\/news.save.ch\\\/wp-content\\\/uploads\\\/2017\\\/11\\\/Depositphotos_94151550_m-2015.jpg\",\"datePublished\":\"2017-11-24T16:34:43+00:00\",\"dateModified\":\"2023-03-14T08:00:01+00:00\",\"description\":\"Die deutschen Facherrichter zeigen sich \u00e4usserst zufrieden mit der Entwicklung im Sicherheitsmarkt und vergaben in zahlreichen Kategorien neue Best-Noten.\",\"breadcrumb\":{\"@id\":\"https:\\\/\\\/news.save.ch\\\/aeusserst-zufriedene-sicherheits-fachfirmen\\\/#breadcrumb\"},\"inLanguage\":\"fr-FR\",\"potentialAction\":[{\"@type\":\"ReadAction\",\"target\":[\"https:\\\/\\\/news.save.ch\\\/aeusserst-zufriedene-sicherheits-fachfirmen\\\/\"]}]},{\"@type\":\"ImageObject\",\"inLanguage\":\"fr-FR\",\"@id\":\"https:\\\/\\\/news.save.ch\\\/aeusserst-zufriedene-sicherheits-fachfirmen\\\/#primaryimage\",\"url\":\"https:\\\/\\\/news.save.ch\\\/wp-content\\\/uploads\\\/2017\\\/11\\\/Depositphotos_94151550_m-2015.jpg\",\"contentUrl\":\"https:\\\/\\\/news.save.ch\\\/wp-content\\\/uploads\\\/2017\\\/11\\\/Depositphotos_94151550_m-2015.jpg\",\"width\":1000,\"height\":667,\"caption\":\"depositphotos\"},{\"@type\":\"BreadcrumbList\",\"@id\":\"https:\\\/\\\/news.save.ch\\\/aeusserst-zufriedene-sicherheits-fachfirmen\\\/#breadcrumb\",\"itemListElement\":[{\"@type\":\"ListItem\",\"position\":1,\"name\":\"Home\",\"item\":\"https:\\\/\\\/news.save.ch\\\/de\\\/\"},{\"@type\":\"ListItem\",\"position\":2,\"name\":\"Gesch\u00e4ftsverlauf: Facherrichter geben Best-Noten\"}]},{\"@type\":\"WebSite\",\"@id\":\"https:\\\/\\\/news.save.ch\\\/de\\\/#website\",\"url\":\"https:\\\/\\\/news.save.ch\\\/de\\\/\",\"name\":\"Save\",\"description\":\"Schweizer Fachzeitschrift f\u00fcr Sicherheit\",\"publisher\":{\"@id\":\"https:\\\/\\\/news.save.ch\\\/de\\\/#organization\"},\"potentialAction\":[{\"@type\":\"SearchAction\",\"target\":{\"@type\":\"EntryPoint\",\"urlTemplate\":\"https:\\\/\\\/news.save.ch\\\/de\\\/?s={search_term_string}\"},\"query-input\":{\"@type\":\"PropertyValueSpecification\",\"valueRequired\":true,\"valueName\":\"search_term_string\"}}],\"inLanguage\":\"fr-FR\"},{\"@type\":\"Organization\",\"@id\":\"https:\\\/\\\/news.save.ch\\\/de\\\/#organization\",\"name\":\"Sicherheitsforum\",\"url\":\"https:\\\/\\\/news.save.ch\\\/de\\\/\",\"logo\":{\"@type\":\"ImageObject\",\"inLanguage\":\"fr-FR\",\"@id\":\"https:\\\/\\\/news.save.ch\\\/de\\\/#\\\/schema\\\/logo\\\/image\\\/\",\"url\":\"https:\\\/\\\/news.save.ch\\\/wp-content\\\/uploads\\\/2022\\\/06\\\/Logo_SF_2012.png\",\"contentUrl\":\"https:\\\/\\\/news.save.ch\\\/wp-content\\\/uploads\\\/2022\\\/06\\\/Logo_SF_2012.png\",\"width\":1100,\"height\":91,\"caption\":\"Sicherheitsforum\"},\"image\":{\"@id\":\"https:\\\/\\\/news.save.ch\\\/de\\\/#\\\/schema\\\/logo\\\/image\\\/\"}},{\"@type\":\"Person\",\"@id\":\"https:\\\/\\\/news.save.ch\\\/de\\\/#\\\/schema\\\/person\\\/d5022db048e0e2b9785c50e5b24da5aa\",\"name\":\"Roger Str\u00e4ssle\",\"image\":{\"@type\":\"ImageObject\",\"inLanguage\":\"fr-FR\",\"@id\":\"https:\\\/\\\/secure.gravatar.com\\\/avatar\\\/862a5569d087de48e5856e32f45d719a03804c891d6deb8d4f71a660e79e4a47?s=96&d=mm&r=g\",\"url\":\"https:\\\/\\\/secure.gravatar.com\\\/avatar\\\/862a5569d087de48e5856e32f45d719a03804c891d6deb8d4f71a660e79e4a47?s=96&d=mm&r=g\",\"contentUrl\":\"https:\\\/\\\/secure.gravatar.com\\\/avatar\\\/862a5569d087de48e5856e32f45d719a03804c891d6deb8d4f71a660e79e4a47?s=96&d=mm&r=g\",\"caption\":\"Roger Str\u00e4ssle\"},\"url\":\"https:\\\/\\\/news.save.ch\\\/fr\\\/author\\\/roger-straessle\\\/\"}]}<\/script>\n<!-- \/ Yoast SEO plugin. -->","yoast_head_json":{"title":"Le d\u00e9roulement des affaires : Les installateurs sp\u00e9cialis\u00e9s donnent les meilleures notes - Save","description":"Les installateurs sp\u00e9cialis\u00e9s allemands se montrent extr\u00eamement satisfaits de l'\u00e9volution du march\u00e9 de la s\u00e9curit\u00e9 et ont attribu\u00e9 de nouvelles meilleures notes dans de nombreuses cat\u00e9gories.","robots":{"index":"index","follow":"follow","max-snippet":"max-snippet:-1","max-image-preview":"max-image-preview:large","max-video-preview":"max-video-preview:-1"},"canonical":"https:\/\/news.save.ch\/fr\/aeusserst-zufriedene-sicherheits-fachfirmen\/","og_locale":"fr_FR","og_type":"article","og_title":"Gesch\u00e4ftsverlauf: Facherrichter geben Best-Noten - Save","og_description":"Die deutschen Facherrichter zeigen sich \u00e4usserst zufrieden mit der Entwicklung im Sicherheitsmarkt und vergaben in zahlreichen Kategorien neue Best-Noten.","og_url":"https:\/\/news.save.ch\/fr\/aeusserst-zufriedene-sicherheits-fachfirmen\/","og_site_name":"Save","article_published_time":"2017-11-24T16:34:43+00:00","article_modified_time":"2023-03-14T08:00:01+00:00","og_image":[{"width":1000,"height":667,"url":"https:\/\/news.save.ch\/wp-content\/uploads\/2017\/11\/Depositphotos_94151550_m-2015.jpg","type":"image\/jpeg"}],"author":"Roger Str\u00e4ssle","twitter_card":"summary_large_image","twitter_misc":{"\u00c9crit par":"Roger Str\u00e4ssle","Dur\u00e9e de lecture estim\u00e9e":"1 minute"},"schema":{"@context":"https:\/\/schema.org","@graph":[{"@type":"Article","@id":"https:\/\/news.save.ch\/aeusserst-zufriedene-sicherheits-fachfirmen\/#article","isPartOf":{"@id":"https:\/\/news.save.ch\/aeusserst-zufriedene-sicherheits-fachfirmen\/"},"author":{"name":"Roger Str\u00e4ssle","@id":"https:\/\/news.save.ch\/de\/#\/schema\/person\/d5022db048e0e2b9785c50e5b24da5aa"},"headline":"Gesch\u00e4ftsverlauf: Facherrichter geben Best-Noten","datePublished":"2017-11-24T16:34:43+00:00","dateModified":"2023-03-14T08:00:01+00:00","mainEntityOfPage":{"@id":"https:\/\/news.save.ch\/aeusserst-zufriedene-sicherheits-fachfirmen\/"},"wordCount":252,"commentCount":0,"publisher":{"@id":"https:\/\/news.save.ch\/de\/#organization"},"image":{"@id":"https:\/\/news.save.ch\/aeusserst-zufriedene-sicherheits-fachfirmen\/#primaryimage"},"thumbnailUrl":"https:\/\/news.save.ch\/wp-content\/uploads\/2017\/11\/Depositphotos_94151550_m-2015.jpg","keywords":["Zutrittskontrolle"],"articleSection":["SICHERHEIT"],"inLanguage":"fr-FR"},{"@type":"WebPage","@id":"https:\/\/news.save.ch\/aeusserst-zufriedene-sicherheits-fachfirmen\/","url":"https:\/\/news.save.ch\/aeusserst-zufriedene-sicherheits-fachfirmen\/","name":"Le d\u00e9roulement des affaires : Les installateurs sp\u00e9cialis\u00e9s donnent les meilleures notes - Save","isPartOf":{"@id":"https:\/\/news.save.ch\/de\/#website"},"primaryImageOfPage":{"@id":"https:\/\/news.save.ch\/aeusserst-zufriedene-sicherheits-fachfirmen\/#primaryimage"},"image":{"@id":"https:\/\/news.save.ch\/aeusserst-zufriedene-sicherheits-fachfirmen\/#primaryimage"},"thumbnailUrl":"https:\/\/news.save.ch\/wp-content\/uploads\/2017\/11\/Depositphotos_94151550_m-2015.jpg","datePublished":"2017-11-24T16:34:43+00:00","dateModified":"2023-03-14T08:00:01+00:00","description":"Les installateurs sp\u00e9cialis\u00e9s allemands se montrent extr\u00eamement satisfaits de l'\u00e9volution du march\u00e9 de la s\u00e9curit\u00e9 et ont attribu\u00e9 de nouvelles meilleures notes dans de nombreuses cat\u00e9gories.","breadcrumb":{"@id":"https:\/\/news.save.ch\/aeusserst-zufriedene-sicherheits-fachfirmen\/#breadcrumb"},"inLanguage":"fr-FR","potentialAction":[{"@type":"ReadAction","target":["https:\/\/news.save.ch\/aeusserst-zufriedene-sicherheits-fachfirmen\/"]}]},{"@type":"ImageObject","inLanguage":"fr-FR","@id":"https:\/\/news.save.ch\/aeusserst-zufriedene-sicherheits-fachfirmen\/#primaryimage","url":"https:\/\/news.save.ch\/wp-content\/uploads\/2017\/11\/Depositphotos_94151550_m-2015.jpg","contentUrl":"https:\/\/news.save.ch\/wp-content\/uploads\/2017\/11\/Depositphotos_94151550_m-2015.jpg","width":1000,"height":667,"caption":"depositphotos"},{"@type":"BreadcrumbList","@id":"https:\/\/news.save.ch\/aeusserst-zufriedene-sicherheits-fachfirmen\/#breadcrumb","itemListElement":[{"@type":"ListItem","position":1,"name":"Home","item":"https:\/\/news.save.ch\/de\/"},{"@type":"ListItem","position":2,"name":"Gesch\u00e4ftsverlauf: Facherrichter geben Best-Noten"}]},{"@type":"WebSite","@id":"https:\/\/news.save.ch\/de\/#website","url":"https:\/\/news.save.ch\/de\/","name":"Save","description":"Revue suisse sp\u00e9cialis\u00e9e dans la s\u00e9curit\u00e9","publisher":{"@id":"https:\/\/news.save.ch\/de\/#organization"},"potentialAction":[{"@type":"SearchAction","target":{"@type":"EntryPoint","urlTemplate":"https:\/\/news.save.ch\/de\/?s={search_term_string}"},"query-input":{"@type":"PropertyValueSpecification","valueRequired":true,"valueName":"search_term_string"}}],"inLanguage":"fr-FR"},{"@type":"Organization","@id":"https:\/\/news.save.ch\/de\/#organization","name":"Forum sur la s\u00e9curit\u00e9","url":"https:\/\/news.save.ch\/de\/","logo":{"@type":"ImageObject","inLanguage":"fr-FR","@id":"https:\/\/news.save.ch\/de\/#\/schema\/logo\/image\/","url":"https:\/\/news.save.ch\/wp-content\/uploads\/2022\/06\/Logo_SF_2012.png","contentUrl":"https:\/\/news.save.ch\/wp-content\/uploads\/2022\/06\/Logo_SF_2012.png","width":1100,"height":91,"caption":"Sicherheitsforum"},"image":{"@id":"https:\/\/news.save.ch\/de\/#\/schema\/logo\/image\/"}},{"@type":"Person","@id":"https:\/\/news.save.ch\/de\/#\/schema\/person\/d5022db048e0e2b9785c50e5b24da5aa","name":"Roger Str\u00e4ssle","image":{"@type":"ImageObject","inLanguage":"fr-FR","@id":"https:\/\/secure.gravatar.com\/avatar\/862a5569d087de48e5856e32f45d719a03804c891d6deb8d4f71a660e79e4a47?s=96&d=mm&r=g","url":"https:\/\/secure.gravatar.com\/avatar\/862a5569d087de48e5856e32f45d719a03804c891d6deb8d4f71a660e79e4a47?s=96&d=mm&r=g","contentUrl":"https:\/\/secure.gravatar.com\/avatar\/862a5569d087de48e5856e32f45d719a03804c891d6deb8d4f71a660e79e4a47?s=96&d=mm&r=g","caption":"Roger Str\u00e4ssle"},"url":"https:\/\/news.save.ch\/fr\/author\/roger-straessle\/"}]}},"_links":{"self":[{"href":"https:\/\/news.save.ch\/fr\/wp-json\/wp\/v2\/posts\/5705","targetHints":{"allow":["GET"]}}],"collection":[{"href":"https:\/\/news.save.ch\/fr\/wp-json\/wp\/v2\/posts"}],"about":[{"href":"https:\/\/news.save.ch\/fr\/wp-json\/wp\/v2\/types\/post"}],"author":[{"embeddable":true,"href":"https:\/\/news.save.ch\/fr\/wp-json\/wp\/v2\/users\/8"}],"replies":[{"embeddable":true,"href":"https:\/\/news.save.ch\/fr\/wp-json\/wp\/v2\/comments?post=5705"}],"version-history":[{"count":1,"href":"https:\/\/news.save.ch\/fr\/wp-json\/wp\/v2\/posts\/5705\/revisions"}],"predecessor-version":[{"id":17990,"href":"https:\/\/news.save.ch\/fr\/wp-json\/wp\/v2\/posts\/5705\/revisions\/17990"}],"wp:featuredmedia":[{"embeddable":true,"href":"https:\/\/news.save.ch\/fr\/wp-json\/wp\/v2\/media\/5709"}],"wp:attachment":[{"href":"https:\/\/news.save.ch\/fr\/wp-json\/wp\/v2\/media?parent=5705"}],"wp:term":[{"taxonomy":"category","embeddable":true,"href":"https:\/\/news.save.ch\/fr\/wp-json\/wp\/v2\/categories?post=5705"},{"taxonomy":"post_tag","embeddable":true,"href":"https:\/\/news.save.ch\/fr\/wp-json\/wp\/v2\/tags?post=5705"}],"curies":[{"name":"wp","href":"https:\/\/api.w.org\/{rel}","templated":true}]}}