{"id":572,"date":"2015-10-09T13:50:46","date_gmt":"2015-10-09T11:50:46","guid":{"rendered":"http:\/\/dev.safety-plus.ch\/?p=572"},"modified":"2015-10-09T13:50:46","modified_gmt":"2015-10-09T11:50:46","slug":"unico-graber-neuer-alter-standort","status":null,"type":"post","link":"https:\/\/news.save.ch\/fr\/unico-graber-neuer-alter-standort\/","title":{"rendered":"Unico Graber : Nouvel ancien site"},"content":{"rendered":"<figure id=\"attachment_574\" aria-describedby=\"caption-attachment-574\" style=\"width: 680px\" class=\"wp-caption alignnone\"><img loading=\"lazy\" decoding=\"async\" class=\"wp-image-574 size-medium\" src=\"http:\/\/develop.safety-plus.ch\/wp-content\/uploads\/2016\/12\/Unico-Graber-Neuer-alter-Standort_safety-plus.jpg\" alt=\"Unico Graber a d\u00e9m\u00e9nag\u00e9.\" width=\"680\" height=\"793\" \/><figcaption id=\"caption-attachment-574\" class=\"wp-caption-text\">Unico Graber a d\u00e9m\u00e9nag\u00e9.<\/figcaption><\/figure>\n<p>Le sp\u00e9cialiste de la protection des yeux et des oreilles <a href=\"http:\/\/www.unicograber.com\/\" target=\"_blank\" data-cke-saved-href=\"http:\/\/www.unicograber.com\/\" rel=\"noopener\">Unico Graber<\/a> a d\u00e9m\u00e9nag\u00e9. Depuis le 5 octobre 2015, il est chez lui \u00e0 M\u00fcnchenstein.<\/p>\n<p>Le site n'est pas tout \u00e0 fait nouveau : en effet, jusqu'en 1993, l'entreprise avait d\u00e9j\u00e0 son si\u00e8ge \u00e0 M\u00fcnchenstein.<\/p>\n<p>Les interlocuteurs de l'entreprise restent les m\u00eames. Les num\u00e9ros de t\u00e9l\u00e9phone ne changent pas non plus ; seules les adresses et les adresses de livraison seront nouvelles au 1er octobre 2015.<\/p>\n<p>La nouvelle adresse :<\/p>\n<p>Unico Graber AG<br \/>\nBo\u00eete postale 932<br \/>\nSt\u00f6ckackerstrasse 30<br \/>\nCH-4142 M\u00fcnchenstein<\/p>","protected":false},"excerpt":{"rendered":"<p>Der Augen- und Geh\u00f6rschutzspezialist Unico Graber ist umgezogen. Seit dem 5.Oktober 2015 ist er in M\u00fcnchenstein zu Hause. Der Standort ist nicht ganz neu:\u00a0denn bis ins Jahr 1993 hatte das Unternehmen seinen Sitz bereits in M\u00fcnchenstein. Die Ansprechpartner im Unternehem bleiben die Gleichen.\u00a0Auch die Telefonnummern ver\u00e4ndern sich nicht; nur die Adress- und Lieferanschriften werden per [&hellip;]<\/p>\n","protected":false},"author":1,"featured_media":16031,"comment_status":"open","ping_status":"open","sticky":false,"template":"","format":"standard","meta":{"_acf_changed":false,"pgc_sgb_lightbox_settings":"","footnotes":""},"categories":[1],"tags":[65],"class_list":["post-572","post","type-post","status-publish","format-standard","has-post-thumbnail","hentry","category-allgemein","tag-unternehmen"],"acf":[],"hkrextid":null,"publication":null,"issue":null,"workflow":null,"startPage":null,"spitzmarke":null,"_posts_by_tag_page_fields":{"widget_title":"","widget_tags":""},"_at_widget":"1","_yoast_wpseo_primary_category":"1","_yoast_wpseo_focuskw_text_input":"Unico Graber","_yoast_wpseo_opengraph-image":null,"_yoast_wpseo_opengraph-description":null,"_yoast_wpseo_opengraph-title":null,"enclosure":null,"_yoast_wpseo_twitter-title":null,"_yoast_wpseo_twitter-description":null,"_yoast_wpseo_twitter-image":null,"_wp_old_slug":null,"_yoast_wpseo_title":null,"_yoast_wpseo_canonical":null,"yoast_head":"<!-- This site is optimized with the Yoast SEO plugin v27.5 - https:\/\/yoast.com\/product\/yoast-seo-wordpress\/ -->\n<title>Unico Graber: Neuer alter Standort - Save<\/title>\n<meta name=\"description\" content=\"Unico Graber: Nach 30 Jahren ist der Spezialist f\u00fcr Augen- und Geh\u00f6rschutz umgezogen.\" \/>\n<meta name=\"robots\" content=\"index, follow, max-snippet:-1, max-image-preview:large, max-video-preview:-1\" \/>\n<link rel=\"canonical\" href=\"https:\/\/news.save.ch\/fr\/unico-graber-neuer-alter-standort\/\" \/>\n<meta property=\"og:locale\" content=\"fr_FR\" \/>\n<meta property=\"og:type\" content=\"article\" \/>\n<meta property=\"og:title\" content=\"Unico Graber: Neuer alter Standort - Save\" \/>\n<meta property=\"og:description\" content=\"Unico Graber: Nach 30 Jahren ist der Spezialist f\u00fcr Augen- und Geh\u00f6rschutz umgezogen.\" \/>\n<meta property=\"og:url\" content=\"https:\/\/news.save.ch\/fr\/unico-graber-neuer-alter-standort\/\" \/>\n<meta property=\"og:site_name\" content=\"Save\" \/>\n<meta property=\"article:published_time\" content=\"2015-10-09T11:50:46+00:00\" \/>\n<meta property=\"og:image\" content=\"https:\/\/news.save.ch\/wp-content\/uploads\/2016\/12\/Unico-Graber-Neuer-alter-Standort_safety-plus.jpg\" \/>\n\t<meta property=\"og:image:width\" content=\"858\" \/>\n\t<meta property=\"og:image:height\" content=\"1000\" \/>\n\t<meta property=\"og:image:type\" content=\"image\/jpeg\" \/>\n<meta name=\"author\" content=\"admin\" \/>\n<meta name=\"twitter:card\" content=\"summary_large_image\" \/>\n<meta name=\"twitter:label1\" content=\"\u00c9crit par\" \/>\n\t<meta name=\"twitter:data1\" content=\"admin\" \/>\n<script type=\"application\/ld+json\" class=\"yoast-schema-graph\">{\"@context\":\"https:\\\/\\\/schema.org\",\"@graph\":[{\"@type\":\"Article\",\"@id\":\"https:\\\/\\\/news.save.ch\\\/unico-graber-neuer-alter-standort\\\/#article\",\"isPartOf\":{\"@id\":\"https:\\\/\\\/news.save.ch\\\/unico-graber-neuer-alter-standort\\\/\"},\"author\":{\"name\":\"admin\",\"@id\":\"https:\\\/\\\/news.save.ch\\\/de\\\/#\\\/schema\\\/person\\\/d49e199490bad7c70d64b9ab51142f2b\"},\"headline\":\"Unico Graber: Neuer alter Standort\",\"datePublished\":\"2015-10-09T11:50:46+00:00\",\"mainEntityOfPage\":{\"@id\":\"https:\\\/\\\/news.save.ch\\\/unico-graber-neuer-alter-standort\\\/\"},\"wordCount\":90,\"commentCount\":0,\"publisher\":{\"@id\":\"https:\\\/\\\/news.save.ch\\\/de\\\/#organization\"},\"image\":{\"@id\":\"https:\\\/\\\/news.save.ch\\\/unico-graber-neuer-alter-standort\\\/#primaryimage\"},\"thumbnailUrl\":\"https:\\\/\\\/news.save.ch\\\/wp-content\\\/uploads\\\/2016\\\/12\\\/Unico-Graber-Neuer-alter-Standort_safety-plus.jpg\",\"keywords\":[\"Unternehmen\"],\"articleSection\":[\"ALLGEMEIN\"],\"inLanguage\":\"fr-FR\"},{\"@type\":\"WebPage\",\"@id\":\"https:\\\/\\\/news.save.ch\\\/unico-graber-neuer-alter-standort\\\/\",\"url\":\"https:\\\/\\\/news.save.ch\\\/unico-graber-neuer-alter-standort\\\/\",\"name\":\"Unico Graber: Neuer alter Standort - Save\",\"isPartOf\":{\"@id\":\"https:\\\/\\\/news.save.ch\\\/de\\\/#website\"},\"primaryImageOfPage\":{\"@id\":\"https:\\\/\\\/news.save.ch\\\/unico-graber-neuer-alter-standort\\\/#primaryimage\"},\"image\":{\"@id\":\"https:\\\/\\\/news.save.ch\\\/unico-graber-neuer-alter-standort\\\/#primaryimage\"},\"thumbnailUrl\":\"https:\\\/\\\/news.save.ch\\\/wp-content\\\/uploads\\\/2016\\\/12\\\/Unico-Graber-Neuer-alter-Standort_safety-plus.jpg\",\"datePublished\":\"2015-10-09T11:50:46+00:00\",\"description\":\"Unico Graber: Nach 30 Jahren ist der Spezialist f\u00fcr Augen- und Geh\u00f6rschutz umgezogen.\",\"breadcrumb\":{\"@id\":\"https:\\\/\\\/news.save.ch\\\/unico-graber-neuer-alter-standort\\\/#breadcrumb\"},\"inLanguage\":\"fr-FR\",\"potentialAction\":[{\"@type\":\"ReadAction\",\"target\":[\"https:\\\/\\\/news.save.ch\\\/unico-graber-neuer-alter-standort\\\/\"]}]},{\"@type\":\"ImageObject\",\"inLanguage\":\"fr-FR\",\"@id\":\"https:\\\/\\\/news.save.ch\\\/unico-graber-neuer-alter-standort\\\/#primaryimage\",\"url\":\"https:\\\/\\\/news.save.ch\\\/wp-content\\\/uploads\\\/2016\\\/12\\\/Unico-Graber-Neuer-alter-Standort_safety-plus.jpg\",\"contentUrl\":\"https:\\\/\\\/news.save.ch\\\/wp-content\\\/uploads\\\/2016\\\/12\\\/Unico-Graber-Neuer-alter-Standort_safety-plus.jpg\",\"width\":858,\"height\":1000,\"caption\":\"Unico Graber ist umgezogen.\"},{\"@type\":\"BreadcrumbList\",\"@id\":\"https:\\\/\\\/news.save.ch\\\/unico-graber-neuer-alter-standort\\\/#breadcrumb\",\"itemListElement\":[{\"@type\":\"ListItem\",\"position\":1,\"name\":\"Home\",\"item\":\"https:\\\/\\\/news.save.ch\\\/de\\\/\"},{\"@type\":\"ListItem\",\"position\":2,\"name\":\"Unico Graber: Neuer alter Standort\"}]},{\"@type\":\"WebSite\",\"@id\":\"https:\\\/\\\/news.save.ch\\\/de\\\/#website\",\"url\":\"https:\\\/\\\/news.save.ch\\\/de\\\/\",\"name\":\"Save\",\"description\":\"Schweizer Fachzeitschrift f\u00fcr Sicherheit\",\"publisher\":{\"@id\":\"https:\\\/\\\/news.save.ch\\\/de\\\/#organization\"},\"potentialAction\":[{\"@type\":\"SearchAction\",\"target\":{\"@type\":\"EntryPoint\",\"urlTemplate\":\"https:\\\/\\\/news.save.ch\\\/de\\\/?s={search_term_string}\"},\"query-input\":{\"@type\":\"PropertyValueSpecification\",\"valueRequired\":true,\"valueName\":\"search_term_string\"}}],\"inLanguage\":\"fr-FR\"},{\"@type\":\"Organization\",\"@id\":\"https:\\\/\\\/news.save.ch\\\/de\\\/#organization\",\"name\":\"Sicherheitsforum\",\"url\":\"https:\\\/\\\/news.save.ch\\\/de\\\/\",\"logo\":{\"@type\":\"ImageObject\",\"inLanguage\":\"fr-FR\",\"@id\":\"https:\\\/\\\/news.save.ch\\\/de\\\/#\\\/schema\\\/logo\\\/image\\\/\",\"url\":\"https:\\\/\\\/news.save.ch\\\/wp-content\\\/uploads\\\/2022\\\/06\\\/Logo_SF_2012.png\",\"contentUrl\":\"https:\\\/\\\/news.save.ch\\\/wp-content\\\/uploads\\\/2022\\\/06\\\/Logo_SF_2012.png\",\"width\":1100,\"height\":91,\"caption\":\"Sicherheitsforum\"},\"image\":{\"@id\":\"https:\\\/\\\/news.save.ch\\\/de\\\/#\\\/schema\\\/logo\\\/image\\\/\"}},{\"@type\":\"Person\",\"@id\":\"https:\\\/\\\/news.save.ch\\\/de\\\/#\\\/schema\\\/person\\\/d49e199490bad7c70d64b9ab51142f2b\",\"name\":\"admin\",\"image\":{\"@type\":\"ImageObject\",\"inLanguage\":\"fr-FR\",\"@id\":\"https:\\\/\\\/secure.gravatar.com\\\/avatar\\\/ae2f4d718e6c49043e314ce431e7e645d646302a24a5ef5a8bc8e3f5a032e319?s=96&d=mm&r=g\",\"url\":\"https:\\\/\\\/secure.gravatar.com\\\/avatar\\\/ae2f4d718e6c49043e314ce431e7e645d646302a24a5ef5a8bc8e3f5a032e319?s=96&d=mm&r=g\",\"contentUrl\":\"https:\\\/\\\/secure.gravatar.com\\\/avatar\\\/ae2f4d718e6c49043e314ce431e7e645d646302a24a5ef5a8bc8e3f5a032e319?s=96&d=mm&r=g\",\"caption\":\"admin\"},\"sameAs\":[\"https:\\\/\\\/develop.organisator.galledia.ch\"],\"url\":\"https:\\\/\\\/news.save.ch\\\/fr\\\/author\\\/admin\\\/\"}]}<\/script>\n<!-- \/ Yoast SEO plugin. -->","yoast_head_json":{"title":"Unico Graber : Nouvel ancien site - Save","description":"Unico Graber : Apr\u00e8s 30 ans, le sp\u00e9cialiste des protections oculaires et auditives a d\u00e9m\u00e9nag\u00e9.","robots":{"index":"index","follow":"follow","max-snippet":"max-snippet:-1","max-image-preview":"max-image-preview:large","max-video-preview":"max-video-preview:-1"},"canonical":"https:\/\/news.save.ch\/fr\/unico-graber-neuer-alter-standort\/","og_locale":"fr_FR","og_type":"article","og_title":"Unico Graber: Neuer alter Standort - Save","og_description":"Unico Graber: Nach 30 Jahren ist der Spezialist f\u00fcr Augen- und Geh\u00f6rschutz umgezogen.","og_url":"https:\/\/news.save.ch\/fr\/unico-graber-neuer-alter-standort\/","og_site_name":"Save","article_published_time":"2015-10-09T11:50:46+00:00","og_image":[{"width":858,"height":1000,"url":"https:\/\/news.save.ch\/wp-content\/uploads\/2016\/12\/Unico-Graber-Neuer-alter-Standort_safety-plus.jpg","type":"image\/jpeg"}],"author":"admin","twitter_card":"summary_large_image","twitter_misc":{"\u00c9crit par":"admin"},"schema":{"@context":"https:\/\/schema.org","@graph":[{"@type":"Article","@id":"https:\/\/news.save.ch\/unico-graber-neuer-alter-standort\/#article","isPartOf":{"@id":"https:\/\/news.save.ch\/unico-graber-neuer-alter-standort\/"},"author":{"name":"admin","@id":"https:\/\/news.save.ch\/de\/#\/schema\/person\/d49e199490bad7c70d64b9ab51142f2b"},"headline":"Unico Graber: Neuer alter Standort","datePublished":"2015-10-09T11:50:46+00:00","mainEntityOfPage":{"@id":"https:\/\/news.save.ch\/unico-graber-neuer-alter-standort\/"},"wordCount":90,"commentCount":0,"publisher":{"@id":"https:\/\/news.save.ch\/de\/#organization"},"image":{"@id":"https:\/\/news.save.ch\/unico-graber-neuer-alter-standort\/#primaryimage"},"thumbnailUrl":"https:\/\/news.save.ch\/wp-content\/uploads\/2016\/12\/Unico-Graber-Neuer-alter-Standort_safety-plus.jpg","keywords":["Unternehmen"],"articleSection":["ALLGEMEIN"],"inLanguage":"fr-FR"},{"@type":"WebPage","@id":"https:\/\/news.save.ch\/unico-graber-neuer-alter-standort\/","url":"https:\/\/news.save.ch\/unico-graber-neuer-alter-standort\/","name":"Unico Graber : Nouvel ancien site - Save","isPartOf":{"@id":"https:\/\/news.save.ch\/de\/#website"},"primaryImageOfPage":{"@id":"https:\/\/news.save.ch\/unico-graber-neuer-alter-standort\/#primaryimage"},"image":{"@id":"https:\/\/news.save.ch\/unico-graber-neuer-alter-standort\/#primaryimage"},"thumbnailUrl":"https:\/\/news.save.ch\/wp-content\/uploads\/2016\/12\/Unico-Graber-Neuer-alter-Standort_safety-plus.jpg","datePublished":"2015-10-09T11:50:46+00:00","description":"Unico Graber : Apr\u00e8s 30 ans, le sp\u00e9cialiste des protections oculaires et auditives a d\u00e9m\u00e9nag\u00e9.","breadcrumb":{"@id":"https:\/\/news.save.ch\/unico-graber-neuer-alter-standort\/#breadcrumb"},"inLanguage":"fr-FR","potentialAction":[{"@type":"ReadAction","target":["https:\/\/news.save.ch\/unico-graber-neuer-alter-standort\/"]}]},{"@type":"ImageObject","inLanguage":"fr-FR","@id":"https:\/\/news.save.ch\/unico-graber-neuer-alter-standort\/#primaryimage","url":"https:\/\/news.save.ch\/wp-content\/uploads\/2016\/12\/Unico-Graber-Neuer-alter-Standort_safety-plus.jpg","contentUrl":"https:\/\/news.save.ch\/wp-content\/uploads\/2016\/12\/Unico-Graber-Neuer-alter-Standort_safety-plus.jpg","width":858,"height":1000,"caption":"Unico Graber ist umgezogen."},{"@type":"BreadcrumbList","@id":"https:\/\/news.save.ch\/unico-graber-neuer-alter-standort\/#breadcrumb","itemListElement":[{"@type":"ListItem","position":1,"name":"Home","item":"https:\/\/news.save.ch\/de\/"},{"@type":"ListItem","position":2,"name":"Unico Graber: Neuer alter Standort"}]},{"@type":"WebSite","@id":"https:\/\/news.save.ch\/de\/#website","url":"https:\/\/news.save.ch\/de\/","name":"Save","description":"Revue suisse sp\u00e9cialis\u00e9e dans la s\u00e9curit\u00e9","publisher":{"@id":"https:\/\/news.save.ch\/de\/#organization"},"potentialAction":[{"@type":"SearchAction","target":{"@type":"EntryPoint","urlTemplate":"https:\/\/news.save.ch\/de\/?s={search_term_string}"},"query-input":{"@type":"PropertyValueSpecification","valueRequired":true,"valueName":"search_term_string"}}],"inLanguage":"fr-FR"},{"@type":"Organization","@id":"https:\/\/news.save.ch\/de\/#organization","name":"Forum sur la s\u00e9curit\u00e9","url":"https:\/\/news.save.ch\/de\/","logo":{"@type":"ImageObject","inLanguage":"fr-FR","@id":"https:\/\/news.save.ch\/de\/#\/schema\/logo\/image\/","url":"https:\/\/news.save.ch\/wp-content\/uploads\/2022\/06\/Logo_SF_2012.png","contentUrl":"https:\/\/news.save.ch\/wp-content\/uploads\/2022\/06\/Logo_SF_2012.png","width":1100,"height":91,"caption":"Sicherheitsforum"},"image":{"@id":"https:\/\/news.save.ch\/de\/#\/schema\/logo\/image\/"}},{"@type":"Person","@id":"https:\/\/news.save.ch\/de\/#\/schema\/person\/d49e199490bad7c70d64b9ab51142f2b","name":"admin","image":{"@type":"ImageObject","inLanguage":"fr-FR","@id":"https:\/\/secure.gravatar.com\/avatar\/ae2f4d718e6c49043e314ce431e7e645d646302a24a5ef5a8bc8e3f5a032e319?s=96&d=mm&r=g","url":"https:\/\/secure.gravatar.com\/avatar\/ae2f4d718e6c49043e314ce431e7e645d646302a24a5ef5a8bc8e3f5a032e319?s=96&d=mm&r=g","contentUrl":"https:\/\/secure.gravatar.com\/avatar\/ae2f4d718e6c49043e314ce431e7e645d646302a24a5ef5a8bc8e3f5a032e319?s=96&d=mm&r=g","caption":"admin"},"sameAs":["https:\/\/develop.organisator.galledia.ch"],"url":"https:\/\/news.save.ch\/fr\/author\/admin\/"}]}},"_links":{"self":[{"href":"https:\/\/news.save.ch\/fr\/wp-json\/wp\/v2\/posts\/572","targetHints":{"allow":["GET"]}}],"collection":[{"href":"https:\/\/news.save.ch\/fr\/wp-json\/wp\/v2\/posts"}],"about":[{"href":"https:\/\/news.save.ch\/fr\/wp-json\/wp\/v2\/types\/post"}],"author":[{"embeddable":true,"href":"https:\/\/news.save.ch\/fr\/wp-json\/wp\/v2\/users\/1"}],"replies":[{"embeddable":true,"href":"https:\/\/news.save.ch\/fr\/wp-json\/wp\/v2\/comments?post=572"}],"version-history":[{"count":0,"href":"https:\/\/news.save.ch\/fr\/wp-json\/wp\/v2\/posts\/572\/revisions"}],"wp:featuredmedia":[{"embeddable":true,"href":"https:\/\/news.save.ch\/fr\/wp-json\/wp\/v2\/media\/16031"}],"wp:attachment":[{"href":"https:\/\/news.save.ch\/fr\/wp-json\/wp\/v2\/media?parent=572"}],"wp:term":[{"taxonomy":"category","embeddable":true,"href":"https:\/\/news.save.ch\/fr\/wp-json\/wp\/v2\/categories?post=572"},{"taxonomy":"post_tag","embeddable":true,"href":"https:\/\/news.save.ch\/fr\/wp-json\/wp\/v2\/tags?post=572"}],"curies":[{"name":"wp","href":"https:\/\/api.w.org\/{rel}","templated":true}]}}