{"id":5731,"date":"2017-12-06T07:23:58","date_gmt":"2017-12-06T06:23:58","guid":{"rendered":"https:\/\/news.save.ch\/?p=5731"},"modified":"2017-12-06T07:23:58","modified_gmt":"2017-12-06T06:23:58","slug":"bevoelkerungsschutz-zukunftsorientierte-alarmierung-und-kommunikation","status":null,"type":"post","link":"https:\/\/news.save.ch\/fr\/bevoelkerungsschutz-zukunftsorientierte-alarmierung-und-kommunikation\/","title":{"rendered":"Protection de la population : renouveler l'alarme et la communication"},"content":{"rendered":"<figure id=\"attachment_5737\" aria-describedby=\"caption-attachment-5737\" style=\"width: 680px\" class=\"wp-caption aligncenter\"><img loading=\"lazy\" decoding=\"async\" class=\"size-medium wp-image-5737\" src=\"https:\/\/news.save.ch\/wp-content\/uploads\/2017\/12\/Fotolia_135362175_S.jpg\" alt=\"\" width=\"680\" height=\"378\" srcset=\"https:\/\/news.save.ch\/wp-content\/uploads\/2017\/12\/Fotolia_135362175_S.jpg 929w, https:\/\/news.save.ch\/wp-content\/uploads\/2017\/12\/Fotolia_135362175_S-375x209.jpg 375w\" sizes=\"auto, (max-width: 680px) 100vw, 680px\" \/><figcaption id=\"caption-attachment-5737\" class=\"wp-caption-text\">fotolia, chrisroosfotografieSempach,<\/figcaption><\/figure>\n<p>Les autorit\u00e9s et les organisations de conduite et d'intervention de la protection de la population sont essentiellement tributaires de l'utilisation des r\u00e9seaux publics. La s\u00e9curit\u00e9 et la disponibilit\u00e9 de ces derniers ne sont pas garanties dans tous les cas. Le Conseil f\u00e9d\u00e9ral veut rem\u00e9dier \u00e0 ces d\u00e9ficits de s\u00e9curit\u00e9. A cet effet, il a pris connaissance d'un \u00e9tat des lieux que le DDPS a \u00e9tabli sur son mandat en collaboration avec des repr\u00e9sentants des cantons et a d\u00e9cid\u00e9 de prendre des mesures.<\/p>\n<p><strong>S\u00e9curit\u00e9 contre les pannes de courant et protection contre les cyberattaques<\/strong><\/p>\n<p>Afin d'augmenter la fiabilit\u00e9 des syst\u00e8mes de t\u00e9l\u00e9communication et de l'\u00e9change de donn\u00e9es \u00e0 large bande des autorit\u00e9s de s\u00e9curit\u00e9, des organes de conduite et des exploitants d'infrastructures critiques, ainsi que la protection contre les cyberattaques, le Conseil f\u00e9d\u00e9ral veut mettre en place un syst\u00e8me national de r\u00e9seau de donn\u00e9es s\u00e9curis\u00e9. Il se compose du r\u00e9seau de donn\u00e9es s\u00e9curis\u00e9 c\u00e2bl\u00e9 (SDVN), du syst\u00e8me d'acc\u00e8s aux donn\u00e9es Polydata et d'un syst\u00e8me de communication de donn\u00e9es destin\u00e9 \u00e0 remplacer le syst\u00e8me Vulpus devenu obsol\u00e8te.<\/p>\n<p>Le DDPS a \u00e9t\u00e9 charg\u00e9 de pr\u00e9senter le message relatif \u00e0 un cr\u00e9dit d'engagement correspondant d'ici fin 2018, en y associant les cantons et les autres services f\u00e9d\u00e9raux concern\u00e9s. Le message relatif \u00e0 la r\u00e9vision de la loi sur la protection de la population et sur la protection civile devrait \u00e9galement \u00eatre disponible \u00e0 cette date.<\/p>\n<p><strong>R\u00e9seau suisse de suivi de la situation et communication sans fil \u00e0 large bande<\/strong><\/p>\n<p>En cas de catastrophe ou de situation d'urgence, les autorit\u00e9s comp\u00e9tentes et les organes de conduite ont besoin d'un aper\u00e7u de la situation aussi complet et s\u00fbr que possible pour prendre des d\u00e9cisions et \u00eatre en mesure de conduire. Actuellement, les cantons, les services f\u00e9d\u00e9raux, les exploitants d'infrastructures critiques et d'autres services dot\u00e9s de diff\u00e9rents syst\u00e8mes \u00e9lectroniques de conduite \u00e9laborent des aper\u00e7us sp\u00e9cifiques \u00e0 leurs t\u00e2ches respectives. Il serait judicieux de regrouper \u00e0 l'avenir ces informations dans un syst\u00e8me national de suivi de la situation. Il serait ainsi possible de mettre \u00e0 la disposition de tous les utilisateurs un tableau consolid\u00e9 de la situation.<\/p>\n<p>L'utilisation de smartphones, de tablettes et d'ordinateurs portables est aujourd'hui la norme dans les organisations \u00e0 feu bleu. Pour leurs interventions, les autorit\u00e9s ainsi que les organisations de conduite et d'intervention de la protection de la population ont besoin de connexions stables avec une disponibilit\u00e9 garantie et r\u00e9sistantes \u00e0 la surcharge du r\u00e9seau. De plus, toute la Suisse n'est pas desservie par des services commerciaux \u00e0 large bande. Un d\u00e9veloppement de la communication sans fil \u00e0 large bande - sur la base des infrastructures publiques de t\u00e9l\u00e9phonie mobile existantes - pourrait garantir un \u00e9change de donn\u00e9es s\u00fbr pour les organisations d'intervention, m\u00eame en d\u00e9placement. Contrairement au syst\u00e8me radio utilis\u00e9 actuellement, il serait ainsi possible d'\u00e9changer des donn\u00e9es d'images dans toutes les situations et d'acc\u00e9der \u00e0 des banques de donn\u00e9es, par exemple pour les recherches ou \u00e0 d'autres applications sp\u00e9cialis\u00e9es.<\/p>\n<p>Pour un tel syst\u00e8me de suivi de la situation et la communication sans fil \u00e0 large bande, le Conseil f\u00e9d\u00e9ral a charg\u00e9 le DDPS de proc\u00e9der \u00e0 des clarifications conceptuelles et techniques suppl\u00e9mentaires en collaboration avec les services f\u00e9d\u00e9raux concern\u00e9s et les cantons. <em>Source : Bund<\/em><\/p>\n<p><a href=\"https:\/\/www.newsd.admin.ch\/newsd\/message\/attachments\/50628.pdf\"><em>Cliquez ici pour acc\u00e9der au rapport sur l'avenir des syst\u00e8mes d'alarme et de t\u00e9l\u00e9communication pour la protection de la population<\/em><\/a><\/p>","protected":false},"excerpt":{"rendered":"<p>Die Beh\u00f6rden und die F\u00fchrungs- und Einsatzorganisationen im Bev\u00f6lkerungsschutz sind im Wesentlichen auf die Nutzung \u00f6ffentlicher Netze angewiesen. Deren Sicherheit und Verf\u00fcgbarkeit ist nicht in jedem Fall gew\u00e4hrleistet. Der Bundesrat will diese Sicherheitsdefizite beheben. Er hat dazu eine Auslegeordnung, die das VBS in Zusammenarbeit mit Vertretern der Kantone in seinem Auftrag erstellt hat, zur Kenntnis [&hellip;]<\/p>\n","protected":false},"author":8,"featured_media":5737,"comment_status":"open","ping_status":"open","sticky":false,"template":"","format":"standard","meta":{"_acf_changed":false,"pgc_sgb_lightbox_settings":"","footnotes":""},"categories":[1],"tags":[151,371,62],"class_list":["post-5731","post","type-post","status-publish","format-standard","has-post-thumbnail","hentry","category-allgemein","tag-alarmierung","tag-bevoelkerungsschutz","tag-ict-sicherheit"],"acf":[],"hkrextid":null,"publication":null,"issue":null,"workflow":null,"startPage":null,"spitzmarke":null,"_posts_by_tag_page_fields":{"widget_title":"","widget_tags":""},"_at_widget":"1","_yoast_wpseo_primary_category":"1","_yoast_wpseo_focuskw_text_input":"Bev\u00f6lkerungsschutz","_yoast_wpseo_opengraph-image":null,"_yoast_wpseo_opengraph-description":null,"_yoast_wpseo_opengraph-title":null,"enclosure":null,"_yoast_wpseo_twitter-title":null,"_yoast_wpseo_twitter-description":null,"_yoast_wpseo_twitter-image":null,"_wp_old_slug":null,"_yoast_wpseo_title":null,"_yoast_wpseo_canonical":null,"yoast_head":"<!-- This site is optimized with the Yoast SEO plugin v27.5 - https:\/\/yoast.com\/product\/yoast-seo-wordpress\/ -->\n<title>Bev\u00f6lkerungsschutz: Alarmierung und Kommunikation erneuern - Save<\/title>\n<meta name=\"description\" content=\"Der Bundesrat hat zur Zukunft der Alarmierungs- und Telekommunikationssysteme im Bev\u00f6lkerungsschutz beraten. Welche Systeme werden\" \/>\n<meta name=\"robots\" content=\"index, follow, max-snippet:-1, max-image-preview:large, max-video-preview:-1\" \/>\n<link rel=\"canonical\" href=\"https:\/\/news.save.ch\/fr\/bevoelkerungsschutz-zukunftsorientierte-alarmierung-und-kommunikation\/\" \/>\n<meta property=\"og:locale\" content=\"fr_FR\" \/>\n<meta property=\"og:type\" content=\"article\" \/>\n<meta property=\"og:title\" content=\"Bev\u00f6lkerungsschutz: Alarmierung und Kommunikation erneuern - Save\" \/>\n<meta property=\"og:description\" content=\"Der Bundesrat hat zur Zukunft der Alarmierungs- und Telekommunikationssysteme im Bev\u00f6lkerungsschutz beraten. Welche Systeme werden\" \/>\n<meta property=\"og:url\" content=\"https:\/\/news.save.ch\/fr\/bevoelkerungsschutz-zukunftsorientierte-alarmierung-und-kommunikation\/\" \/>\n<meta property=\"og:site_name\" content=\"Save\" \/>\n<meta property=\"article:published_time\" content=\"2017-12-06T06:23:58+00:00\" \/>\n<meta property=\"og:image\" content=\"https:\/\/news.save.ch\/wp-content\/uploads\/2017\/12\/Fotolia_135362175_S.jpg\" \/>\n\t<meta property=\"og:image:width\" content=\"929\" \/>\n\t<meta property=\"og:image:height\" content=\"517\" \/>\n\t<meta property=\"og:image:type\" content=\"image\/jpeg\" \/>\n<meta name=\"author\" content=\"Roger Str\u00e4ssle\" \/>\n<meta name=\"twitter:card\" content=\"summary_large_image\" \/>\n<meta name=\"twitter:label1\" content=\"\u00c9crit par\" \/>\n\t<meta name=\"twitter:data1\" content=\"Roger Str\u00e4ssle\" \/>\n\t<meta name=\"twitter:label2\" content=\"Dur\u00e9e de lecture estim\u00e9e\" \/>\n\t<meta name=\"twitter:data2\" content=\"2 minutes\" \/>\n<script type=\"application\/ld+json\" class=\"yoast-schema-graph\">{\"@context\":\"https:\\\/\\\/schema.org\",\"@graph\":[{\"@type\":\"Article\",\"@id\":\"https:\\\/\\\/news.save.ch\\\/bevoelkerungsschutz-zukunftsorientierte-alarmierung-und-kommunikation\\\/#article\",\"isPartOf\":{\"@id\":\"https:\\\/\\\/news.save.ch\\\/bevoelkerungsschutz-zukunftsorientierte-alarmierung-und-kommunikation\\\/\"},\"author\":{\"name\":\"Roger Str\u00e4ssle\",\"@id\":\"https:\\\/\\\/news.save.ch\\\/de\\\/#\\\/schema\\\/person\\\/d5022db048e0e2b9785c50e5b24da5aa\"},\"headline\":\"Bev\u00f6lkerungsschutz: Alarmierung und Kommunikation erneuern\",\"datePublished\":\"2017-12-06T06:23:58+00:00\",\"mainEntityOfPage\":{\"@id\":\"https:\\\/\\\/news.save.ch\\\/bevoelkerungsschutz-zukunftsorientierte-alarmierung-und-kommunikation\\\/\"},\"wordCount\":430,\"commentCount\":0,\"publisher\":{\"@id\":\"https:\\\/\\\/news.save.ch\\\/de\\\/#organization\"},\"image\":{\"@id\":\"https:\\\/\\\/news.save.ch\\\/bevoelkerungsschutz-zukunftsorientierte-alarmierung-und-kommunikation\\\/#primaryimage\"},\"thumbnailUrl\":\"https:\\\/\\\/news.save.ch\\\/wp-content\\\/uploads\\\/2017\\\/12\\\/Fotolia_135362175_S.jpg\",\"keywords\":[\"Alarmierung\",\"Bev\u00f6lkerungsschutz\",\"ICT-Sicherheit\"],\"articleSection\":[\"ALLGEMEIN\"],\"inLanguage\":\"fr-FR\"},{\"@type\":\"WebPage\",\"@id\":\"https:\\\/\\\/news.save.ch\\\/bevoelkerungsschutz-zukunftsorientierte-alarmierung-und-kommunikation\\\/\",\"url\":\"https:\\\/\\\/news.save.ch\\\/bevoelkerungsschutz-zukunftsorientierte-alarmierung-und-kommunikation\\\/\",\"name\":\"Bev\u00f6lkerungsschutz: Alarmierung und Kommunikation erneuern - Save\",\"isPartOf\":{\"@id\":\"https:\\\/\\\/news.save.ch\\\/de\\\/#website\"},\"primaryImageOfPage\":{\"@id\":\"https:\\\/\\\/news.save.ch\\\/bevoelkerungsschutz-zukunftsorientierte-alarmierung-und-kommunikation\\\/#primaryimage\"},\"image\":{\"@id\":\"https:\\\/\\\/news.save.ch\\\/bevoelkerungsschutz-zukunftsorientierte-alarmierung-und-kommunikation\\\/#primaryimage\"},\"thumbnailUrl\":\"https:\\\/\\\/news.save.ch\\\/wp-content\\\/uploads\\\/2017\\\/12\\\/Fotolia_135362175_S.jpg\",\"datePublished\":\"2017-12-06T06:23:58+00:00\",\"description\":\"Der Bundesrat hat zur Zukunft der Alarmierungs- und Telekommunikationssysteme im Bev\u00f6lkerungsschutz beraten. Welche Systeme werden\",\"breadcrumb\":{\"@id\":\"https:\\\/\\\/news.save.ch\\\/bevoelkerungsschutz-zukunftsorientierte-alarmierung-und-kommunikation\\\/#breadcrumb\"},\"inLanguage\":\"fr-FR\",\"potentialAction\":[{\"@type\":\"ReadAction\",\"target\":[\"https:\\\/\\\/news.save.ch\\\/bevoelkerungsschutz-zukunftsorientierte-alarmierung-und-kommunikation\\\/\"]}]},{\"@type\":\"ImageObject\",\"inLanguage\":\"fr-FR\",\"@id\":\"https:\\\/\\\/news.save.ch\\\/bevoelkerungsschutz-zukunftsorientierte-alarmierung-und-kommunikation\\\/#primaryimage\",\"url\":\"https:\\\/\\\/news.save.ch\\\/wp-content\\\/uploads\\\/2017\\\/12\\\/Fotolia_135362175_S.jpg\",\"contentUrl\":\"https:\\\/\\\/news.save.ch\\\/wp-content\\\/uploads\\\/2017\\\/12\\\/Fotolia_135362175_S.jpg\",\"width\":929,\"height\":517,\"caption\":\"fotolia, chrisroosfotografieSempach,\"},{\"@type\":\"BreadcrumbList\",\"@id\":\"https:\\\/\\\/news.save.ch\\\/bevoelkerungsschutz-zukunftsorientierte-alarmierung-und-kommunikation\\\/#breadcrumb\",\"itemListElement\":[{\"@type\":\"ListItem\",\"position\":1,\"name\":\"Home\",\"item\":\"https:\\\/\\\/news.save.ch\\\/de\\\/\"},{\"@type\":\"ListItem\",\"position\":2,\"name\":\"Bev\u00f6lkerungsschutz: Alarmierung und Kommunikation erneuern\"}]},{\"@type\":\"WebSite\",\"@id\":\"https:\\\/\\\/news.save.ch\\\/de\\\/#website\",\"url\":\"https:\\\/\\\/news.save.ch\\\/de\\\/\",\"name\":\"Save\",\"description\":\"Schweizer Fachzeitschrift f\u00fcr Sicherheit\",\"publisher\":{\"@id\":\"https:\\\/\\\/news.save.ch\\\/de\\\/#organization\"},\"potentialAction\":[{\"@type\":\"SearchAction\",\"target\":{\"@type\":\"EntryPoint\",\"urlTemplate\":\"https:\\\/\\\/news.save.ch\\\/de\\\/?s={search_term_string}\"},\"query-input\":{\"@type\":\"PropertyValueSpecification\",\"valueRequired\":true,\"valueName\":\"search_term_string\"}}],\"inLanguage\":\"fr-FR\"},{\"@type\":\"Organization\",\"@id\":\"https:\\\/\\\/news.save.ch\\\/de\\\/#organization\",\"name\":\"Sicherheitsforum\",\"url\":\"https:\\\/\\\/news.save.ch\\\/de\\\/\",\"logo\":{\"@type\":\"ImageObject\",\"inLanguage\":\"fr-FR\",\"@id\":\"https:\\\/\\\/news.save.ch\\\/de\\\/#\\\/schema\\\/logo\\\/image\\\/\",\"url\":\"https:\\\/\\\/news.save.ch\\\/wp-content\\\/uploads\\\/2022\\\/06\\\/Logo_SF_2012.png\",\"contentUrl\":\"https:\\\/\\\/news.save.ch\\\/wp-content\\\/uploads\\\/2022\\\/06\\\/Logo_SF_2012.png\",\"width\":1100,\"height\":91,\"caption\":\"Sicherheitsforum\"},\"image\":{\"@id\":\"https:\\\/\\\/news.save.ch\\\/de\\\/#\\\/schema\\\/logo\\\/image\\\/\"}},{\"@type\":\"Person\",\"@id\":\"https:\\\/\\\/news.save.ch\\\/de\\\/#\\\/schema\\\/person\\\/d5022db048e0e2b9785c50e5b24da5aa\",\"name\":\"Roger Str\u00e4ssle\",\"image\":{\"@type\":\"ImageObject\",\"inLanguage\":\"fr-FR\",\"@id\":\"https:\\\/\\\/secure.gravatar.com\\\/avatar\\\/862a5569d087de48e5856e32f45d719a03804c891d6deb8d4f71a660e79e4a47?s=96&d=mm&r=g\",\"url\":\"https:\\\/\\\/secure.gravatar.com\\\/avatar\\\/862a5569d087de48e5856e32f45d719a03804c891d6deb8d4f71a660e79e4a47?s=96&d=mm&r=g\",\"contentUrl\":\"https:\\\/\\\/secure.gravatar.com\\\/avatar\\\/862a5569d087de48e5856e32f45d719a03804c891d6deb8d4f71a660e79e4a47?s=96&d=mm&r=g\",\"caption\":\"Roger Str\u00e4ssle\"},\"url\":\"https:\\\/\\\/news.save.ch\\\/fr\\\/author\\\/roger-straessle\\\/\"}]}<\/script>\n<!-- \/ Yoast SEO plugin. -->","yoast_head_json":{"title":"Protection de la population : renouveler l'alarme et la communication - Save","description":"Le Conseil f\u00e9d\u00e9ral a d\u00e9battu de l'avenir des syst\u00e8mes d'alarme et de t\u00e9l\u00e9communication dans la protection de la population. Quels syst\u00e8mes seront","robots":{"index":"index","follow":"follow","max-snippet":"max-snippet:-1","max-image-preview":"max-image-preview:large","max-video-preview":"max-video-preview:-1"},"canonical":"https:\/\/news.save.ch\/fr\/bevoelkerungsschutz-zukunftsorientierte-alarmierung-und-kommunikation\/","og_locale":"fr_FR","og_type":"article","og_title":"Bev\u00f6lkerungsschutz: Alarmierung und Kommunikation erneuern - Save","og_description":"Der Bundesrat hat zur Zukunft der Alarmierungs- und Telekommunikationssysteme im Bev\u00f6lkerungsschutz beraten. Welche Systeme werden","og_url":"https:\/\/news.save.ch\/fr\/bevoelkerungsschutz-zukunftsorientierte-alarmierung-und-kommunikation\/","og_site_name":"Save","article_published_time":"2017-12-06T06:23:58+00:00","og_image":[{"width":929,"height":517,"url":"https:\/\/news.save.ch\/wp-content\/uploads\/2017\/12\/Fotolia_135362175_S.jpg","type":"image\/jpeg"}],"author":"Roger Str\u00e4ssle","twitter_card":"summary_large_image","twitter_misc":{"\u00c9crit par":"Roger Str\u00e4ssle","Dur\u00e9e de lecture estim\u00e9e":"2 minutes"},"schema":{"@context":"https:\/\/schema.org","@graph":[{"@type":"Article","@id":"https:\/\/news.save.ch\/bevoelkerungsschutz-zukunftsorientierte-alarmierung-und-kommunikation\/#article","isPartOf":{"@id":"https:\/\/news.save.ch\/bevoelkerungsschutz-zukunftsorientierte-alarmierung-und-kommunikation\/"},"author":{"name":"Roger Str\u00e4ssle","@id":"https:\/\/news.save.ch\/de\/#\/schema\/person\/d5022db048e0e2b9785c50e5b24da5aa"},"headline":"Bev\u00f6lkerungsschutz: Alarmierung und Kommunikation erneuern","datePublished":"2017-12-06T06:23:58+00:00","mainEntityOfPage":{"@id":"https:\/\/news.save.ch\/bevoelkerungsschutz-zukunftsorientierte-alarmierung-und-kommunikation\/"},"wordCount":430,"commentCount":0,"publisher":{"@id":"https:\/\/news.save.ch\/de\/#organization"},"image":{"@id":"https:\/\/news.save.ch\/bevoelkerungsschutz-zukunftsorientierte-alarmierung-und-kommunikation\/#primaryimage"},"thumbnailUrl":"https:\/\/news.save.ch\/wp-content\/uploads\/2017\/12\/Fotolia_135362175_S.jpg","keywords":["Alarmierung","Bev\u00f6lkerungsschutz","ICT-Sicherheit"],"articleSection":["ALLGEMEIN"],"inLanguage":"fr-FR"},{"@type":"WebPage","@id":"https:\/\/news.save.ch\/bevoelkerungsschutz-zukunftsorientierte-alarmierung-und-kommunikation\/","url":"https:\/\/news.save.ch\/bevoelkerungsschutz-zukunftsorientierte-alarmierung-und-kommunikation\/","name":"Protection de la population : renouveler l'alarme et la communication - Save","isPartOf":{"@id":"https:\/\/news.save.ch\/de\/#website"},"primaryImageOfPage":{"@id":"https:\/\/news.save.ch\/bevoelkerungsschutz-zukunftsorientierte-alarmierung-und-kommunikation\/#primaryimage"},"image":{"@id":"https:\/\/news.save.ch\/bevoelkerungsschutz-zukunftsorientierte-alarmierung-und-kommunikation\/#primaryimage"},"thumbnailUrl":"https:\/\/news.save.ch\/wp-content\/uploads\/2017\/12\/Fotolia_135362175_S.jpg","datePublished":"2017-12-06T06:23:58+00:00","description":"Le Conseil f\u00e9d\u00e9ral a d\u00e9battu de l'avenir des syst\u00e8mes d'alarme et de t\u00e9l\u00e9communication dans la protection de la population. Quels syst\u00e8mes seront","breadcrumb":{"@id":"https:\/\/news.save.ch\/bevoelkerungsschutz-zukunftsorientierte-alarmierung-und-kommunikation\/#breadcrumb"},"inLanguage":"fr-FR","potentialAction":[{"@type":"ReadAction","target":["https:\/\/news.save.ch\/bevoelkerungsschutz-zukunftsorientierte-alarmierung-und-kommunikation\/"]}]},{"@type":"ImageObject","inLanguage":"fr-FR","@id":"https:\/\/news.save.ch\/bevoelkerungsschutz-zukunftsorientierte-alarmierung-und-kommunikation\/#primaryimage","url":"https:\/\/news.save.ch\/wp-content\/uploads\/2017\/12\/Fotolia_135362175_S.jpg","contentUrl":"https:\/\/news.save.ch\/wp-content\/uploads\/2017\/12\/Fotolia_135362175_S.jpg","width":929,"height":517,"caption":"fotolia, chrisroosfotografieSempach,"},{"@type":"BreadcrumbList","@id":"https:\/\/news.save.ch\/bevoelkerungsschutz-zukunftsorientierte-alarmierung-und-kommunikation\/#breadcrumb","itemListElement":[{"@type":"ListItem","position":1,"name":"Home","item":"https:\/\/news.save.ch\/de\/"},{"@type":"ListItem","position":2,"name":"Bev\u00f6lkerungsschutz: Alarmierung und Kommunikation erneuern"}]},{"@type":"WebSite","@id":"https:\/\/news.save.ch\/de\/#website","url":"https:\/\/news.save.ch\/de\/","name":"Save","description":"Revue suisse sp\u00e9cialis\u00e9e dans la s\u00e9curit\u00e9","publisher":{"@id":"https:\/\/news.save.ch\/de\/#organization"},"potentialAction":[{"@type":"SearchAction","target":{"@type":"EntryPoint","urlTemplate":"https:\/\/news.save.ch\/de\/?s={search_term_string}"},"query-input":{"@type":"PropertyValueSpecification","valueRequired":true,"valueName":"search_term_string"}}],"inLanguage":"fr-FR"},{"@type":"Organization","@id":"https:\/\/news.save.ch\/de\/#organization","name":"Forum sur la s\u00e9curit\u00e9","url":"https:\/\/news.save.ch\/de\/","logo":{"@type":"ImageObject","inLanguage":"fr-FR","@id":"https:\/\/news.save.ch\/de\/#\/schema\/logo\/image\/","url":"https:\/\/news.save.ch\/wp-content\/uploads\/2022\/06\/Logo_SF_2012.png","contentUrl":"https:\/\/news.save.ch\/wp-content\/uploads\/2022\/06\/Logo_SF_2012.png","width":1100,"height":91,"caption":"Sicherheitsforum"},"image":{"@id":"https:\/\/news.save.ch\/de\/#\/schema\/logo\/image\/"}},{"@type":"Person","@id":"https:\/\/news.save.ch\/de\/#\/schema\/person\/d5022db048e0e2b9785c50e5b24da5aa","name":"Roger Str\u00e4ssle","image":{"@type":"ImageObject","inLanguage":"fr-FR","@id":"https:\/\/secure.gravatar.com\/avatar\/862a5569d087de48e5856e32f45d719a03804c891d6deb8d4f71a660e79e4a47?s=96&d=mm&r=g","url":"https:\/\/secure.gravatar.com\/avatar\/862a5569d087de48e5856e32f45d719a03804c891d6deb8d4f71a660e79e4a47?s=96&d=mm&r=g","contentUrl":"https:\/\/secure.gravatar.com\/avatar\/862a5569d087de48e5856e32f45d719a03804c891d6deb8d4f71a660e79e4a47?s=96&d=mm&r=g","caption":"Roger Str\u00e4ssle"},"url":"https:\/\/news.save.ch\/fr\/author\/roger-straessle\/"}]}},"_links":{"self":[{"href":"https:\/\/news.save.ch\/fr\/wp-json\/wp\/v2\/posts\/5731","targetHints":{"allow":["GET"]}}],"collection":[{"href":"https:\/\/news.save.ch\/fr\/wp-json\/wp\/v2\/posts"}],"about":[{"href":"https:\/\/news.save.ch\/fr\/wp-json\/wp\/v2\/types\/post"}],"author":[{"embeddable":true,"href":"https:\/\/news.save.ch\/fr\/wp-json\/wp\/v2\/users\/8"}],"replies":[{"embeddable":true,"href":"https:\/\/news.save.ch\/fr\/wp-json\/wp\/v2\/comments?post=5731"}],"version-history":[{"count":0,"href":"https:\/\/news.save.ch\/fr\/wp-json\/wp\/v2\/posts\/5731\/revisions"}],"wp:featuredmedia":[{"embeddable":true,"href":"https:\/\/news.save.ch\/fr\/wp-json\/wp\/v2\/media\/5737"}],"wp:attachment":[{"href":"https:\/\/news.save.ch\/fr\/wp-json\/wp\/v2\/media?parent=5731"}],"wp:term":[{"taxonomy":"category","embeddable":true,"href":"https:\/\/news.save.ch\/fr\/wp-json\/wp\/v2\/categories?post=5731"},{"taxonomy":"post_tag","embeddable":true,"href":"https:\/\/news.save.ch\/fr\/wp-json\/wp\/v2\/tags?post=5731"}],"curies":[{"name":"wp","href":"https:\/\/api.w.org\/{rel}","templated":true}]}}