{"id":5845,"date":"2018-01-11T16:55:07","date_gmt":"2018-01-11T15:55:07","guid":{"rendered":"https:\/\/news.save.ch\/?p=5845"},"modified":"2018-01-11T16:55:07","modified_gmt":"2018-01-11T15:55:07","slug":"brandgefahr-rueckruf-hp-notebook-akkus","status":null,"type":"post","link":"https:\/\/news.save.ch\/fr\/brandgefahr-rueckruf-hp-notebook-akkus\/","title":{"rendered":"Risque d'incendie - Rappel de batteries pour ordinateur portable HP"},"content":{"rendered":"<figure id=\"attachment_5846\" aria-describedby=\"caption-attachment-5846\" style=\"width: 680px\" class=\"wp-caption aligncenter\"><img loading=\"lazy\" decoding=\"async\" class=\"size-medium wp-image-5846\" src=\"https:\/\/news.save.ch\/wp-content\/uploads\/2018\/01\/51042.gif\" alt=\"\" width=\"680\" height=\"857\" srcset=\"https:\/\/news.save.ch\/wp-content\/uploads\/2018\/01\/51042.gif 800w, https:\/\/news.save.ch\/wp-content\/uploads\/2018\/01\/51042-238x300.gif 238w\" sizes=\"auto, (max-width: 680px) 100vw, 680px\" \/><figcaption id=\"caption-attachment-5846\" class=\"wp-caption-text\">Photo de presse<\/figcaption><\/figure>\n<p>&nbsp;<\/p>\n<p>Selon l'Inspection des installations \u00e0 courant fort, les accumulateurs concern\u00e9s peuvent surchauffer et exposer les utilisateurs \u00e0 un risque de blessure par incendie ou br\u00fblure.<\/p>\n<p><strong>Quels sont les produits concern\u00e9s ?<\/strong><\/p>\n<p>Les batteries concern\u00e9es ont \u00e9t\u00e9 livr\u00e9es avec les ordinateurs portables HP suivants, vendus entre d\u00e9cembre 2015 et d\u00e9cembre 2017 :<\/p>\n<ul>\n<li>HP 11, HP x360<\/li>\n<li>HP Pavilion x360<\/li>\n<li>HP ENVY m6<\/li>\n<li>HP ProBook 64x &amp; 65x G2 \/ G3 s\u00e9ries<\/li>\n<li>HP ZBook 17 G3 &amp; 17 G4 &amp; Studio G3<\/li>\n<\/ul>\n<p>Ils peuvent \u00e9galement avoir \u00e9t\u00e9 vendus en tant qu'accessoires ou pi\u00e8ces de rechange ou mis \u00e0 disposition par le service apr\u00e8s-vente en tant que pi\u00e8ces de rechange, comme le pr\u00e9cise le communiqu\u00e9 de l'ESTI.<\/p>\n<p><strong>Que doivent faire les personnes concern\u00e9es ?<\/strong><\/p>\n<p>HP demande aux clients d'aller sur <a href=\"https:\/\/www.hp.com\/go\/batteryprogram2018\">Site web de HP<\/a>\u00a0de d\u00e9terminer si leur batterie est concern\u00e9e par le rappel du produit et de suivre les instructions sur ce site web. Les batteries concern\u00e9es seront remplac\u00e9es gratuitement, pr\u00e9cise l'entreprise.<\/p>\n<p><em>Source : ESTI (voir aussi <a href=\"https:\/\/news.save.ch\/fr\/esti-viele-sicherheitstechnische-maengel\/\">Texte D\u00e9fauts de s\u00e9curit\u00e9<\/a>)<\/em><\/p>\n<p>&nbsp;<\/p>","protected":false},"excerpt":{"rendered":"<p>&nbsp; Gem\u00e4ss Starkstrominspektorat k\u00f6nnen die betroffenen Akkus \u00fcberhitzen und die Benutzer einer Verletzungsgefahr durch Feuer und Verbrennung aussetzen. Welche Produkte sind betroffen? Die betroffenen Akkus wurden mit folgenden HP-Notebooks geliefert, die zwischen Dezember 2015 und Dezember 2017 verkauft wurden: HP 11, HP x360 HP Pavilion x360 HP ENVY m6 HP ProBook 64x &amp; 65x G2 [&hellip;]<\/p>\n","protected":false},"author":8,"featured_media":5846,"comment_status":"open","ping_status":"open","sticky":false,"template":"","format":"standard","meta":{"_acf_changed":false,"pgc_sgb_lightbox_settings":"","footnotes":""},"categories":[1],"tags":[228,296,65],"class_list":["post-5845","post","type-post","status-publish","format-standard","has-post-thumbnail","hentry","category-allgemein","tag-marktueberwachung-esti","tag-not-und-brandfall","tag-unternehmen"],"acf":[],"hkrextid":null,"publication":null,"issue":null,"workflow":null,"startPage":null,"spitzmarke":null,"_posts_by_tag_page_fields":{"widget_title":"","widget_tags":""},"_at_widget":"1","_yoast_wpseo_primary_category":"1","_yoast_wpseo_focuskw_text_input":"HP-Notebook-Akkus","_yoast_wpseo_opengraph-image":null,"_yoast_wpseo_opengraph-description":null,"_yoast_wpseo_opengraph-title":null,"enclosure":null,"_yoast_wpseo_twitter-title":null,"_yoast_wpseo_twitter-description":null,"_yoast_wpseo_twitter-image":null,"_wp_old_slug":null,"_yoast_wpseo_title":null,"_yoast_wpseo_canonical":null,"yoast_head":"<!-- This site is optimized with the Yoast SEO plugin v27.5 - https:\/\/yoast.com\/product\/yoast-seo-wordpress\/ -->\n<title>Brandgefahr - R\u00fcckruf von Akkus f\u00fcr HP-Notebook - Save<\/title>\n<meta name=\"description\" content=\"In freiwilliger Zusammenarbeit mit dem Eidgen\u00f6ssischen Starkstrominspektorat (ESTI) ruft HP aus Sicherheitsgr\u00fcnden bestimmte Akkus f\u00fcr HP Notebooks zur\u00fcck.\" \/>\n<meta name=\"robots\" content=\"index, follow, max-snippet:-1, max-image-preview:large, max-video-preview:-1\" \/>\n<link rel=\"canonical\" href=\"https:\/\/news.save.ch\/fr\/brandgefahr-rueckruf-hp-notebook-akkus\/\" \/>\n<meta property=\"og:locale\" content=\"fr_FR\" \/>\n<meta property=\"og:type\" content=\"article\" \/>\n<meta property=\"og:title\" content=\"Brandgefahr - R\u00fcckruf von Akkus f\u00fcr HP-Notebook - Save\" \/>\n<meta property=\"og:description\" content=\"In freiwilliger Zusammenarbeit mit dem Eidgen\u00f6ssischen Starkstrominspektorat (ESTI) ruft HP aus Sicherheitsgr\u00fcnden bestimmte Akkus f\u00fcr HP Notebooks zur\u00fcck.\" \/>\n<meta property=\"og:url\" content=\"https:\/\/news.save.ch\/fr\/brandgefahr-rueckruf-hp-notebook-akkus\/\" \/>\n<meta property=\"og:site_name\" content=\"Save\" \/>\n<meta property=\"article:published_time\" content=\"2018-01-11T15:55:07+00:00\" \/>\n<meta property=\"og:image\" content=\"https:\/\/news.save.ch\/wp-content\/uploads\/2018\/01\/51042.gif\" \/>\n\t<meta property=\"og:image:width\" content=\"800\" \/>\n\t<meta property=\"og:image:height\" content=\"1008\" \/>\n\t<meta property=\"og:image:type\" content=\"image\/gif\" \/>\n<meta name=\"author\" content=\"Roger Str\u00e4ssle\" \/>\n<meta name=\"twitter:card\" content=\"summary_large_image\" \/>\n<meta name=\"twitter:label1\" content=\"\u00c9crit par\" \/>\n\t<meta name=\"twitter:data1\" content=\"Roger Str\u00e4ssle\" \/>\n\t<meta name=\"twitter:label2\" content=\"Dur\u00e9e de lecture estim\u00e9e\" \/>\n\t<meta name=\"twitter:data2\" content=\"1 minute\" \/>\n<script type=\"application\/ld+json\" class=\"yoast-schema-graph\">{\"@context\":\"https:\\\/\\\/schema.org\",\"@graph\":[{\"@type\":\"Article\",\"@id\":\"https:\\\/\\\/news.save.ch\\\/brandgefahr-rueckruf-hp-notebook-akkus\\\/#article\",\"isPartOf\":{\"@id\":\"https:\\\/\\\/news.save.ch\\\/brandgefahr-rueckruf-hp-notebook-akkus\\\/\"},\"author\":{\"name\":\"Roger Str\u00e4ssle\",\"@id\":\"https:\\\/\\\/news.save.ch\\\/de\\\/#\\\/schema\\\/person\\\/d5022db048e0e2b9785c50e5b24da5aa\"},\"headline\":\"Brandgefahr &#8211; R\u00fcckruf von Akkus f\u00fcr HP-Notebook\",\"datePublished\":\"2018-01-11T15:55:07+00:00\",\"mainEntityOfPage\":{\"@id\":\"https:\\\/\\\/news.save.ch\\\/brandgefahr-rueckruf-hp-notebook-akkus\\\/\"},\"wordCount\":157,\"commentCount\":0,\"publisher\":{\"@id\":\"https:\\\/\\\/news.save.ch\\\/de\\\/#organization\"},\"image\":{\"@id\":\"https:\\\/\\\/news.save.ch\\\/brandgefahr-rueckruf-hp-notebook-akkus\\\/#primaryimage\"},\"thumbnailUrl\":\"https:\\\/\\\/news.save.ch\\\/wp-content\\\/uploads\\\/2018\\\/01\\\/51042.gif\",\"keywords\":[\"Markt\u00fcberwachung ESTI\",\"Not- und Brandfall\",\"Unternehmen\"],\"articleSection\":[\"ALLGEMEIN\"],\"inLanguage\":\"fr-FR\"},{\"@type\":\"WebPage\",\"@id\":\"https:\\\/\\\/news.save.ch\\\/brandgefahr-rueckruf-hp-notebook-akkus\\\/\",\"url\":\"https:\\\/\\\/news.save.ch\\\/brandgefahr-rueckruf-hp-notebook-akkus\\\/\",\"name\":\"Brandgefahr - R\u00fcckruf von Akkus f\u00fcr HP-Notebook - Save\",\"isPartOf\":{\"@id\":\"https:\\\/\\\/news.save.ch\\\/de\\\/#website\"},\"primaryImageOfPage\":{\"@id\":\"https:\\\/\\\/news.save.ch\\\/brandgefahr-rueckruf-hp-notebook-akkus\\\/#primaryimage\"},\"image\":{\"@id\":\"https:\\\/\\\/news.save.ch\\\/brandgefahr-rueckruf-hp-notebook-akkus\\\/#primaryimage\"},\"thumbnailUrl\":\"https:\\\/\\\/news.save.ch\\\/wp-content\\\/uploads\\\/2018\\\/01\\\/51042.gif\",\"datePublished\":\"2018-01-11T15:55:07+00:00\",\"description\":\"In freiwilliger Zusammenarbeit mit dem Eidgen\u00f6ssischen Starkstrominspektorat (ESTI) ruft HP aus Sicherheitsgr\u00fcnden bestimmte Akkus f\u00fcr HP Notebooks zur\u00fcck.\",\"breadcrumb\":{\"@id\":\"https:\\\/\\\/news.save.ch\\\/brandgefahr-rueckruf-hp-notebook-akkus\\\/#breadcrumb\"},\"inLanguage\":\"fr-FR\",\"potentialAction\":[{\"@type\":\"ReadAction\",\"target\":[\"https:\\\/\\\/news.save.ch\\\/brandgefahr-rueckruf-hp-notebook-akkus\\\/\"]}]},{\"@type\":\"ImageObject\",\"inLanguage\":\"fr-FR\",\"@id\":\"https:\\\/\\\/news.save.ch\\\/brandgefahr-rueckruf-hp-notebook-akkus\\\/#primaryimage\",\"url\":\"https:\\\/\\\/news.save.ch\\\/wp-content\\\/uploads\\\/2018\\\/01\\\/51042.gif\",\"contentUrl\":\"https:\\\/\\\/news.save.ch\\\/wp-content\\\/uploads\\\/2018\\\/01\\\/51042.gif\",\"width\":800,\"height\":1008,\"caption\":\"Foto: HP\"},{\"@type\":\"BreadcrumbList\",\"@id\":\"https:\\\/\\\/news.save.ch\\\/brandgefahr-rueckruf-hp-notebook-akkus\\\/#breadcrumb\",\"itemListElement\":[{\"@type\":\"ListItem\",\"position\":1,\"name\":\"Home\",\"item\":\"https:\\\/\\\/news.save.ch\\\/de\\\/\"},{\"@type\":\"ListItem\",\"position\":2,\"name\":\"Brandgefahr &#8211; R\u00fcckruf von Akkus f\u00fcr HP-Notebook\"}]},{\"@type\":\"WebSite\",\"@id\":\"https:\\\/\\\/news.save.ch\\\/de\\\/#website\",\"url\":\"https:\\\/\\\/news.save.ch\\\/de\\\/\",\"name\":\"Save\",\"description\":\"Schweizer Fachzeitschrift f\u00fcr Sicherheit\",\"publisher\":{\"@id\":\"https:\\\/\\\/news.save.ch\\\/de\\\/#organization\"},\"potentialAction\":[{\"@type\":\"SearchAction\",\"target\":{\"@type\":\"EntryPoint\",\"urlTemplate\":\"https:\\\/\\\/news.save.ch\\\/de\\\/?s={search_term_string}\"},\"query-input\":{\"@type\":\"PropertyValueSpecification\",\"valueRequired\":true,\"valueName\":\"search_term_string\"}}],\"inLanguage\":\"fr-FR\"},{\"@type\":\"Organization\",\"@id\":\"https:\\\/\\\/news.save.ch\\\/de\\\/#organization\",\"name\":\"Sicherheitsforum\",\"url\":\"https:\\\/\\\/news.save.ch\\\/de\\\/\",\"logo\":{\"@type\":\"ImageObject\",\"inLanguage\":\"fr-FR\",\"@id\":\"https:\\\/\\\/news.save.ch\\\/de\\\/#\\\/schema\\\/logo\\\/image\\\/\",\"url\":\"https:\\\/\\\/news.save.ch\\\/wp-content\\\/uploads\\\/2022\\\/06\\\/Logo_SF_2012.png\",\"contentUrl\":\"https:\\\/\\\/news.save.ch\\\/wp-content\\\/uploads\\\/2022\\\/06\\\/Logo_SF_2012.png\",\"width\":1100,\"height\":91,\"caption\":\"Sicherheitsforum\"},\"image\":{\"@id\":\"https:\\\/\\\/news.save.ch\\\/de\\\/#\\\/schema\\\/logo\\\/image\\\/\"}},{\"@type\":\"Person\",\"@id\":\"https:\\\/\\\/news.save.ch\\\/de\\\/#\\\/schema\\\/person\\\/d5022db048e0e2b9785c50e5b24da5aa\",\"name\":\"Roger Str\u00e4ssle\",\"image\":{\"@type\":\"ImageObject\",\"inLanguage\":\"fr-FR\",\"@id\":\"https:\\\/\\\/secure.gravatar.com\\\/avatar\\\/862a5569d087de48e5856e32f45d719a03804c891d6deb8d4f71a660e79e4a47?s=96&d=mm&r=g\",\"url\":\"https:\\\/\\\/secure.gravatar.com\\\/avatar\\\/862a5569d087de48e5856e32f45d719a03804c891d6deb8d4f71a660e79e4a47?s=96&d=mm&r=g\",\"contentUrl\":\"https:\\\/\\\/secure.gravatar.com\\\/avatar\\\/862a5569d087de48e5856e32f45d719a03804c891d6deb8d4f71a660e79e4a47?s=96&d=mm&r=g\",\"caption\":\"Roger Str\u00e4ssle\"},\"url\":\"https:\\\/\\\/news.save.ch\\\/fr\\\/author\\\/roger-straessle\\\/\"}]}<\/script>\n<!-- \/ Yoast SEO plugin. -->","yoast_head_json":{"title":"Risque d'incendie - Rappel de batteries pour ordinateur portable HP - Save","description":"En collaboration volontaire avec l'Inspection f\u00e9d\u00e9rale des installations \u00e0 courant fort (ESTI), HP rappelle certaines batteries d'ordinateurs portables HP pour des raisons de s\u00e9curit\u00e9.","robots":{"index":"index","follow":"follow","max-snippet":"max-snippet:-1","max-image-preview":"max-image-preview:large","max-video-preview":"max-video-preview:-1"},"canonical":"https:\/\/news.save.ch\/fr\/brandgefahr-rueckruf-hp-notebook-akkus\/","og_locale":"fr_FR","og_type":"article","og_title":"Brandgefahr - R\u00fcckruf von Akkus f\u00fcr HP-Notebook - Save","og_description":"In freiwilliger Zusammenarbeit mit dem Eidgen\u00f6ssischen Starkstrominspektorat (ESTI) ruft HP aus Sicherheitsgr\u00fcnden bestimmte Akkus f\u00fcr HP Notebooks zur\u00fcck.","og_url":"https:\/\/news.save.ch\/fr\/brandgefahr-rueckruf-hp-notebook-akkus\/","og_site_name":"Save","article_published_time":"2018-01-11T15:55:07+00:00","og_image":[{"width":800,"height":1008,"url":"https:\/\/news.save.ch\/wp-content\/uploads\/2018\/01\/51042.gif","type":"image\/gif"}],"author":"Roger Str\u00e4ssle","twitter_card":"summary_large_image","twitter_misc":{"\u00c9crit par":"Roger Str\u00e4ssle","Dur\u00e9e de lecture estim\u00e9e":"1 minute"},"schema":{"@context":"https:\/\/schema.org","@graph":[{"@type":"Article","@id":"https:\/\/news.save.ch\/brandgefahr-rueckruf-hp-notebook-akkus\/#article","isPartOf":{"@id":"https:\/\/news.save.ch\/brandgefahr-rueckruf-hp-notebook-akkus\/"},"author":{"name":"Roger Str\u00e4ssle","@id":"https:\/\/news.save.ch\/de\/#\/schema\/person\/d5022db048e0e2b9785c50e5b24da5aa"},"headline":"Brandgefahr &#8211; R\u00fcckruf von Akkus f\u00fcr HP-Notebook","datePublished":"2018-01-11T15:55:07+00:00","mainEntityOfPage":{"@id":"https:\/\/news.save.ch\/brandgefahr-rueckruf-hp-notebook-akkus\/"},"wordCount":157,"commentCount":0,"publisher":{"@id":"https:\/\/news.save.ch\/de\/#organization"},"image":{"@id":"https:\/\/news.save.ch\/brandgefahr-rueckruf-hp-notebook-akkus\/#primaryimage"},"thumbnailUrl":"https:\/\/news.save.ch\/wp-content\/uploads\/2018\/01\/51042.gif","keywords":["Markt\u00fcberwachung ESTI","Not- und Brandfall","Unternehmen"],"articleSection":["ALLGEMEIN"],"inLanguage":"fr-FR"},{"@type":"WebPage","@id":"https:\/\/news.save.ch\/brandgefahr-rueckruf-hp-notebook-akkus\/","url":"https:\/\/news.save.ch\/brandgefahr-rueckruf-hp-notebook-akkus\/","name":"Risque d'incendie - Rappel de batteries pour ordinateur portable HP - Save","isPartOf":{"@id":"https:\/\/news.save.ch\/de\/#website"},"primaryImageOfPage":{"@id":"https:\/\/news.save.ch\/brandgefahr-rueckruf-hp-notebook-akkus\/#primaryimage"},"image":{"@id":"https:\/\/news.save.ch\/brandgefahr-rueckruf-hp-notebook-akkus\/#primaryimage"},"thumbnailUrl":"https:\/\/news.save.ch\/wp-content\/uploads\/2018\/01\/51042.gif","datePublished":"2018-01-11T15:55:07+00:00","description":"En collaboration volontaire avec l'Inspection f\u00e9d\u00e9rale des installations \u00e0 courant fort (ESTI), HP rappelle certaines batteries d'ordinateurs portables HP pour des raisons de s\u00e9curit\u00e9.","breadcrumb":{"@id":"https:\/\/news.save.ch\/brandgefahr-rueckruf-hp-notebook-akkus\/#breadcrumb"},"inLanguage":"fr-FR","potentialAction":[{"@type":"ReadAction","target":["https:\/\/news.save.ch\/brandgefahr-rueckruf-hp-notebook-akkus\/"]}]},{"@type":"ImageObject","inLanguage":"fr-FR","@id":"https:\/\/news.save.ch\/brandgefahr-rueckruf-hp-notebook-akkus\/#primaryimage","url":"https:\/\/news.save.ch\/wp-content\/uploads\/2018\/01\/51042.gif","contentUrl":"https:\/\/news.save.ch\/wp-content\/uploads\/2018\/01\/51042.gif","width":800,"height":1008,"caption":"Foto: HP"},{"@type":"BreadcrumbList","@id":"https:\/\/news.save.ch\/brandgefahr-rueckruf-hp-notebook-akkus\/#breadcrumb","itemListElement":[{"@type":"ListItem","position":1,"name":"Home","item":"https:\/\/news.save.ch\/de\/"},{"@type":"ListItem","position":2,"name":"Brandgefahr &#8211; R\u00fcckruf von Akkus f\u00fcr HP-Notebook"}]},{"@type":"WebSite","@id":"https:\/\/news.save.ch\/de\/#website","url":"https:\/\/news.save.ch\/de\/","name":"Save","description":"Revue suisse sp\u00e9cialis\u00e9e dans la s\u00e9curit\u00e9","publisher":{"@id":"https:\/\/news.save.ch\/de\/#organization"},"potentialAction":[{"@type":"SearchAction","target":{"@type":"EntryPoint","urlTemplate":"https:\/\/news.save.ch\/de\/?s={search_term_string}"},"query-input":{"@type":"PropertyValueSpecification","valueRequired":true,"valueName":"search_term_string"}}],"inLanguage":"fr-FR"},{"@type":"Organization","@id":"https:\/\/news.save.ch\/de\/#organization","name":"Forum sur la s\u00e9curit\u00e9","url":"https:\/\/news.save.ch\/de\/","logo":{"@type":"ImageObject","inLanguage":"fr-FR","@id":"https:\/\/news.save.ch\/de\/#\/schema\/logo\/image\/","url":"https:\/\/news.save.ch\/wp-content\/uploads\/2022\/06\/Logo_SF_2012.png","contentUrl":"https:\/\/news.save.ch\/wp-content\/uploads\/2022\/06\/Logo_SF_2012.png","width":1100,"height":91,"caption":"Sicherheitsforum"},"image":{"@id":"https:\/\/news.save.ch\/de\/#\/schema\/logo\/image\/"}},{"@type":"Person","@id":"https:\/\/news.save.ch\/de\/#\/schema\/person\/d5022db048e0e2b9785c50e5b24da5aa","name":"Roger Str\u00e4ssle","image":{"@type":"ImageObject","inLanguage":"fr-FR","@id":"https:\/\/secure.gravatar.com\/avatar\/862a5569d087de48e5856e32f45d719a03804c891d6deb8d4f71a660e79e4a47?s=96&d=mm&r=g","url":"https:\/\/secure.gravatar.com\/avatar\/862a5569d087de48e5856e32f45d719a03804c891d6deb8d4f71a660e79e4a47?s=96&d=mm&r=g","contentUrl":"https:\/\/secure.gravatar.com\/avatar\/862a5569d087de48e5856e32f45d719a03804c891d6deb8d4f71a660e79e4a47?s=96&d=mm&r=g","caption":"Roger Str\u00e4ssle"},"url":"https:\/\/news.save.ch\/fr\/author\/roger-straessle\/"}]}},"_links":{"self":[{"href":"https:\/\/news.save.ch\/fr\/wp-json\/wp\/v2\/posts\/5845","targetHints":{"allow":["GET"]}}],"collection":[{"href":"https:\/\/news.save.ch\/fr\/wp-json\/wp\/v2\/posts"}],"about":[{"href":"https:\/\/news.save.ch\/fr\/wp-json\/wp\/v2\/types\/post"}],"author":[{"embeddable":true,"href":"https:\/\/news.save.ch\/fr\/wp-json\/wp\/v2\/users\/8"}],"replies":[{"embeddable":true,"href":"https:\/\/news.save.ch\/fr\/wp-json\/wp\/v2\/comments?post=5845"}],"version-history":[{"count":0,"href":"https:\/\/news.save.ch\/fr\/wp-json\/wp\/v2\/posts\/5845\/revisions"}],"wp:featuredmedia":[{"embeddable":true,"href":"https:\/\/news.save.ch\/fr\/wp-json\/wp\/v2\/media\/5846"}],"wp:attachment":[{"href":"https:\/\/news.save.ch\/fr\/wp-json\/wp\/v2\/media?parent=5845"}],"wp:term":[{"taxonomy":"category","embeddable":true,"href":"https:\/\/news.save.ch\/fr\/wp-json\/wp\/v2\/categories?post=5845"},{"taxonomy":"post_tag","embeddable":true,"href":"https:\/\/news.save.ch\/fr\/wp-json\/wp\/v2\/tags?post=5845"}],"curies":[{"name":"wp","href":"https:\/\/api.w.org\/{rel}","templated":true}]}}