{"id":5873,"date":"2020-07-24T12:43:15","date_gmt":"2020-07-24T10:43:15","guid":{"rendered":"https:\/\/news.save.ch\/?p=5873"},"modified":"2023-03-14T09:03:45","modified_gmt":"2023-03-14T08:03:45","slug":"corona-entschaedigung-fuer-selbstaendige-verlaengert","status":null,"type":"post","link":"https:\/\/news.save.ch\/fr\/corona-entschaedigung-fuer-selbstaendige-verlaengert\/","title":{"rendered":"Prolongation de l'indemnit\u00e9 Corona pour les ind\u00e9pendants"},"content":{"rendered":"<figure id=\"attachment_5770\" aria-describedby=\"caption-attachment-5770\" style=\"width: 680px\" class=\"wp-caption alignnone\"><img loading=\"lazy\" decoding=\"async\" class=\"size-medium wp-image-5770\" src=\"http:\/\/develop.safety-plus.ch\/wp-content\/uploads\/2020\/06\/204558_80.jpg\" alt=\"\" width=\"680\" height=\"452\" srcset=\"https:\/\/news.save.ch\/wp-content\/uploads\/2020\/06\/204558_80.jpg 794w, https:\/\/news.save.ch\/wp-content\/uploads\/2020\/06\/204558_80-680x452.jpg 680w, https:\/\/news.save.ch\/wp-content\/uploads\/2020\/06\/204558_80-768x511.jpg 768w, https:\/\/news.save.ch\/wp-content\/uploads\/2020\/06\/204558_80-18x12.jpg 18w, https:\/\/news.save.ch\/wp-content\/uploads\/2020\/06\/204558_80-375x249.jpg 375w, https:\/\/news.save.ch\/wp-content\/uploads\/2020\/06\/204558_80-526x350.jpg 526w\" sizes=\"auto, (max-width: 680px) 100vw, 680px\" \/><figcaption id=\"caption-attachment-5770\" class=\"wp-caption-text\">Avez-vous subi une perte de gain en raison des mesures prises par le Conseil f\u00e9d\u00e9ral pour lutter contre le coronavirus ? Le Conseil f\u00e9d\u00e9ral a introduit des indemnit\u00e9s pour les ind\u00e9pendants, les employ\u00e9s et les employeurs.<\/figcaption><\/figure>\n<p><strong>Ind\u00e9pendants<\/strong><\/p>\n<p>Les ind\u00e9pendants peuvent demander \u00e0 leur SVA comp\u00e9tente le <a href=\"https:\/\/www.ahv-iv.ch\/p\/6.03.d\" target=\"_blank\" rel=\"noopener\">Demande d'indemnisation de la perte de revenus<\/a> pour diff\u00e9rentes raisons. Nouveau : le Conseil f\u00e9d\u00e9ral a prolong\u00e9 jusqu'au 16 septembre 2020 le droit \u00e0 l'indemnit\u00e9 Corona pour les cas de rigueur, suite \u00e0 une fermeture d'entreprise ou \u00e0 une interdiction de manifestation. Si vous avez d\u00e9j\u00e0 d\u00e9pos\u00e9 une demande, vous n'avez rien \u00e0 faire, le droit est automatiquement prolong\u00e9. Nous reprenons les versements suspendus avec effet r\u00e9troactif.<\/p>\n<p><strong>Perte de revenus pour cause de quarantaine<\/strong><\/p>\n<p>Si vous avez d\u00fb interrompre votre activit\u00e9 professionnelle parce que vous avez d\u00fb \u00eatre mis en quarantaine par un m\u00e9decin ou par les autorit\u00e9s, vous avez droit \u00e0 une indemnisation pour la perte de revenu.<\/p>\n<p><strong>Perte de gain en raison d'une manifestation annul\u00e9e<\/strong><\/p>\n<p>Si vous \u00eates organisateur, fournisseur, constructeur de stands, technicien ou artiste ind\u00e9pendant et que votre \u00e9v\u00e9nement pr\u00e9vu a d\u00fb \u00eatre annul\u00e9 en raison de l'interdiction de la manifestation, vous avez droit \u00e0 une indemnisation pour la perte de revenus.<\/p>\n<p>Autres <a href=\"https:\/\/www.svazurich.ch\/internet\/de\/home\/produkte\/coronavirus-pandemie\/coronavirus-pandemie-se.html\" target=\"_blank\" rel=\"noopener\">Infos de la SVA Z\u00fcrich<\/a><\/p>\n<p><strong>Employ\u00e9s : perte de gain pour cause de quarantaine<\/strong><\/p>\n<p>Si vous avez d\u00fb interrompre votre activit\u00e9 professionnelle parce que vous avez d\u00fb \u00eatre mis en quarantaine par un m\u00e9decin ou par les autorit\u00e9s, vous avez droit \u00e0 une indemnisation pour la perte de revenu.<\/p>\n<p><strong>Salari\u00e9s exer\u00e7ant une fonction assimilable \u00e0 celle d'un employeur (soci\u00e9t\u00e9 anonyme, S\u00e0rl, etc.) dans le domaine de l'\u00e9v\u00e9nementiel<\/strong><\/p>\n<p>Les associ\u00e9s g\u00e9rants d'une SA, d'une S\u00e0rl ou d'une coop\u00e9rative ainsi que leur conjoint ou partenaire enregistr\u00e9 collaborateur dont le revenu professionnel soumis \u00e0 l'AVS se situe entre CHF 10'000.00 et CHF 90'000.00 en 2019 peuvent d\u00e9sormais \u00e9galement demander une indemnit\u00e9 Corona.<\/p>\n<p><strong>Pas d'indemnisation pour la quarantaine apr\u00e8s un s\u00e9jour dans une zone \u00e0 risque<\/strong><\/p>\n<p>Toute personne ayant voyag\u00e9 dans une zone \u00e0 risque depuis le 6 juillet 2020 et qui, \u00e0 son retour en Suisse, est <a href=\"https:\/\/news.save.ch\/fr\/quarantaenepflicht-mit-busse-bis-10000-chf\/\" target=\"_blank\" rel=\"noopener\">doit se mettre en quarantaine<\/a>n'a pas droit \u00e0 l'indemnit\u00e9 d'acquisition de Corona. L'Office f\u00e9d\u00e9ral de la sant\u00e9 publique tient une liste des Etats et r\u00e9gions pr\u00e9sentant un risque accru d'infection. Cette liste est r\u00e9guli\u00e8rement mise \u00e0 jour.<\/p>\n<p><b>La liste de ces zones a \u00e9t\u00e9 adapt\u00e9e le 23 juillet 2020. <\/b><\/p>\n<p>Les autorit\u00e9s cantonales contr\u00f4lent le respect de la quarantaine par des contr\u00f4les al\u00e9atoires. Il y a risque de <a href=\"https:\/\/news.save.ch\/fr\/quarantaenepflicht-mit-busse-bis-10000-chf\/\" target=\"_blank\" rel=\"noopener\">Amende jusqu'\u00e0 10 000 CHF<\/a>. Nouveaux pays pour lesquels, entre autres, les voyageurs de retour doivent respecter l'obligation de quarantaine depuis le 23 juillet 2020 :<\/p>\n<ul>\n<li>Bosnie-Herz\u00e9govine<\/li>\n<li>Luxembourg<\/li>\n<li>Maldives<\/li>\n<li>Mont\u00e9n\u00e9gro<\/li>\n<li>\u00c9mirats arabes unis<\/li>\n<\/ul>\n<p><a href=\"https:\/\/www.bag.admin.ch\/bag\/de\/home\/krankheiten\/ausbrueche-epidemien-pandemien\/aktuelle-ausbrueche-epidemien\/novel-cov\/empfehlungen\/empfehlungen-fuer-reisende\/quarantaene-einreisende.html\" target=\"_blank\" rel=\"noopener\">Liste des \u00c9tats et r\u00e9gions pr\u00e9sentant un risque accru d'infection<\/a><\/p>\n<p>Infos &amp; sources :<\/p>\n<p><a href=\"http:\/\/www.svazurich.ch\" target=\"_blank\" rel=\"noopener\">SVA Zurich<\/a><\/p>\n<p><a href=\"http:\/\/www.bag.admin.ch\/\" target=\"_blank\" rel=\"noopener\">BAG<\/a><\/p>","protected":false},"excerpt":{"rendered":"<p>Selbst\u00e4ndigerwerbende Selbst\u00e4ndigerwerbende k\u00f6nnen bei ihrer zust\u00e4ndigen SVA den Antrag auf Entsch\u00e4digung des Erwerbsausfalls aus verschiedenen Gr\u00fcnden stellen. Neu: Der Bundesrat hat den Anspruch auf Corona-Entsch\u00e4digung f\u00fcr H\u00e4rtef\u00e4lle, infolge Betriebs\u00adschliessung oder infolge Veranstaltungsverbot verl\u00e4ngert bis zum 16. September 2020. Wenn Sie bereits einen Antrag eingereicht haben, brauchen Sie nichts zu tun, der Anspruch wird automatisch verl\u00e4ngert. [&hellip;]<\/p>\n","protected":false},"author":1,"featured_media":5770,"comment_status":"closed","ping_status":"closed","sticky":false,"template":"","format":"standard","meta":{"_acf_changed":false,"pgc_sgb_lightbox_settings":"","footnotes":""},"categories":[1,3314],"tags":[1637,1871,2013,2742,2800,3042],"class_list":["post-5873","post","type-post","status-publish","format-standard","has-post-thumbnail","hentry","category-allgemein","category-health-safety","tag-ansteckungsrisiko","tag-corona-entschaedigung","tag-eventbereich","tag-quarantaene","tag-risikogebiet","tag-sva"],"acf":[],"hkrextid":null,"publication":null,"issue":null,"workflow":null,"startPage":null,"spitzmarke":null,"_posts_by_tag_page_fields":{"widget_title":"","widget_tags":""},"_at_widget":"1","_yoast_wpseo_primary_category":"1","_yoast_wpseo_focuskw_text_input":"Corona-Entsch\u00e4digung","_yoast_wpseo_opengraph-image":null,"_yoast_wpseo_opengraph-description":null,"_yoast_wpseo_opengraph-title":null,"enclosure":null,"_yoast_wpseo_twitter-title":null,"_yoast_wpseo_twitter-description":null,"_yoast_wpseo_twitter-image":null,"_wp_old_slug":null,"_yoast_wpseo_title":null,"_yoast_wpseo_canonical":null,"yoast_head":"<!-- This site is optimized with the Yoast SEO plugin v27.5 - https:\/\/yoast.com\/product\/yoast-seo-wordpress\/ -->\n<title>Corona-Entsch\u00e4digung f\u00fcr Selbst\u00e4ndige verl\u00e4ngert - Save<\/title>\n<meta name=\"description\" content=\"Corona-Entsch\u00e4digung f\u00fcr Selbst\u00e4ndigerwerbende r\u00fcckwirkend verl\u00e4ngert. Neu auch f\u00fcr Gesch\u00e4ftsf\u00fchrer einer AG oder GmbH im Eventbereich.\" \/>\n<meta name=\"robots\" content=\"index, follow, max-snippet:-1, max-image-preview:large, max-video-preview:-1\" \/>\n<link rel=\"canonical\" href=\"https:\/\/news.save.ch\/fr\/corona-entschaedigung-fuer-selbstaendige-verlaengert\/\" \/>\n<meta property=\"og:locale\" content=\"fr_FR\" \/>\n<meta property=\"og:type\" content=\"article\" \/>\n<meta property=\"og:title\" content=\"Corona-Entsch\u00e4digung f\u00fcr Selbst\u00e4ndige verl\u00e4ngert - Save\" \/>\n<meta property=\"og:description\" content=\"Corona-Entsch\u00e4digung f\u00fcr Selbst\u00e4ndigerwerbende r\u00fcckwirkend verl\u00e4ngert. Neu auch f\u00fcr Gesch\u00e4ftsf\u00fchrer einer AG oder GmbH im Eventbereich.\" \/>\n<meta property=\"og:url\" content=\"https:\/\/news.save.ch\/fr\/corona-entschaedigung-fuer-selbstaendige-verlaengert\/\" \/>\n<meta property=\"og:site_name\" content=\"Save\" \/>\n<meta property=\"article:published_time\" content=\"2020-07-24T10:43:15+00:00\" \/>\n<meta property=\"article:modified_time\" content=\"2023-03-14T08:03:45+00:00\" \/>\n<meta property=\"og:image\" content=\"https:\/\/news.save.ch\/wp-content\/uploads\/2020\/06\/204558_80.jpg\" \/>\n\t<meta property=\"og:image:width\" content=\"794\" \/>\n\t<meta property=\"og:image:height\" content=\"528\" \/>\n\t<meta property=\"og:image:type\" content=\"image\/jpeg\" \/>\n<meta name=\"author\" content=\"admin\" \/>\n<meta name=\"twitter:card\" content=\"summary_large_image\" \/>\n<meta name=\"twitter:label1\" content=\"\u00c9crit par\" \/>\n\t<meta name=\"twitter:data1\" content=\"admin\" \/>\n\t<meta name=\"twitter:label2\" content=\"Dur\u00e9e de lecture estim\u00e9e\" \/>\n\t<meta name=\"twitter:data2\" content=\"2 minutes\" \/>\n<script type=\"application\/ld+json\" class=\"yoast-schema-graph\">{\"@context\":\"https:\\\/\\\/schema.org\",\"@graph\":[{\"@type\":\"Article\",\"@id\":\"https:\\\/\\\/news.save.ch\\\/corona-entschaedigung-fuer-selbstaendige-verlaengert\\\/#article\",\"isPartOf\":{\"@id\":\"https:\\\/\\\/news.save.ch\\\/corona-entschaedigung-fuer-selbstaendige-verlaengert\\\/\"},\"author\":{\"name\":\"admin\",\"@id\":\"https:\\\/\\\/news.save.ch\\\/de\\\/#\\\/schema\\\/person\\\/d49e199490bad7c70d64b9ab51142f2b\"},\"headline\":\"Corona-Entsch\u00e4digung f\u00fcr Selbst\u00e4ndige verl\u00e4ngert\",\"datePublished\":\"2020-07-24T10:43:15+00:00\",\"dateModified\":\"2023-03-14T08:03:45+00:00\",\"mainEntityOfPage\":{\"@id\":\"https:\\\/\\\/news.save.ch\\\/corona-entschaedigung-fuer-selbstaendige-verlaengert\\\/\"},\"wordCount\":403,\"publisher\":{\"@id\":\"https:\\\/\\\/news.save.ch\\\/de\\\/#organization\"},\"image\":{\"@id\":\"https:\\\/\\\/news.save.ch\\\/corona-entschaedigung-fuer-selbstaendige-verlaengert\\\/#primaryimage\"},\"thumbnailUrl\":\"https:\\\/\\\/news.save.ch\\\/wp-content\\\/uploads\\\/2020\\\/06\\\/204558_80.jpg\",\"keywords\":[\"Ansteckungsrisiko\",\"Corona-Entsch\u00e4digung\",\"Eventbereich\",\"Quarant\u00e4ne\",\"Risikogebiet\",\"SVA\"],\"articleSection\":[\"ALLGEMEIN\",\"HEALTH &amp; SAFETY\"],\"inLanguage\":\"fr-FR\"},{\"@type\":\"WebPage\",\"@id\":\"https:\\\/\\\/news.save.ch\\\/corona-entschaedigung-fuer-selbstaendige-verlaengert\\\/\",\"url\":\"https:\\\/\\\/news.save.ch\\\/corona-entschaedigung-fuer-selbstaendige-verlaengert\\\/\",\"name\":\"Corona-Entsch\u00e4digung f\u00fcr Selbst\u00e4ndige verl\u00e4ngert - Save\",\"isPartOf\":{\"@id\":\"https:\\\/\\\/news.save.ch\\\/de\\\/#website\"},\"primaryImageOfPage\":{\"@id\":\"https:\\\/\\\/news.save.ch\\\/corona-entschaedigung-fuer-selbstaendige-verlaengert\\\/#primaryimage\"},\"image\":{\"@id\":\"https:\\\/\\\/news.save.ch\\\/corona-entschaedigung-fuer-selbstaendige-verlaengert\\\/#primaryimage\"},\"thumbnailUrl\":\"https:\\\/\\\/news.save.ch\\\/wp-content\\\/uploads\\\/2020\\\/06\\\/204558_80.jpg\",\"datePublished\":\"2020-07-24T10:43:15+00:00\",\"dateModified\":\"2023-03-14T08:03:45+00:00\",\"description\":\"Corona-Entsch\u00e4digung f\u00fcr Selbst\u00e4ndigerwerbende r\u00fcckwirkend verl\u00e4ngert. Neu auch f\u00fcr Gesch\u00e4ftsf\u00fchrer einer AG oder GmbH im Eventbereich.\",\"breadcrumb\":{\"@id\":\"https:\\\/\\\/news.save.ch\\\/corona-entschaedigung-fuer-selbstaendige-verlaengert\\\/#breadcrumb\"},\"inLanguage\":\"fr-FR\",\"potentialAction\":[{\"@type\":\"ReadAction\",\"target\":[\"https:\\\/\\\/news.save.ch\\\/corona-entschaedigung-fuer-selbstaendige-verlaengert\\\/\"]}]},{\"@type\":\"ImageObject\",\"inLanguage\":\"fr-FR\",\"@id\":\"https:\\\/\\\/news.save.ch\\\/corona-entschaedigung-fuer-selbstaendige-verlaengert\\\/#primaryimage\",\"url\":\"https:\\\/\\\/news.save.ch\\\/wp-content\\\/uploads\\\/2020\\\/06\\\/204558_80.jpg\",\"contentUrl\":\"https:\\\/\\\/news.save.ch\\\/wp-content\\\/uploads\\\/2020\\\/06\\\/204558_80.jpg\",\"width\":794,\"height\":528,\"caption\":\"Coronavirus: Grossanl\u00e4sse sind ab 1. Oktober 2020 unter strengen Bedingungen und mit Bewilligung wieder m\u00f6glich.\"},{\"@type\":\"BreadcrumbList\",\"@id\":\"https:\\\/\\\/news.save.ch\\\/corona-entschaedigung-fuer-selbstaendige-verlaengert\\\/#breadcrumb\",\"itemListElement\":[{\"@type\":\"ListItem\",\"position\":1,\"name\":\"Home\",\"item\":\"https:\\\/\\\/news.save.ch\\\/de\\\/\"},{\"@type\":\"ListItem\",\"position\":2,\"name\":\"Corona-Entsch\u00e4digung f\u00fcr Selbst\u00e4ndige verl\u00e4ngert\"}]},{\"@type\":\"WebSite\",\"@id\":\"https:\\\/\\\/news.save.ch\\\/de\\\/#website\",\"url\":\"https:\\\/\\\/news.save.ch\\\/de\\\/\",\"name\":\"Save\",\"description\":\"Schweizer Fachzeitschrift f\u00fcr Sicherheit\",\"publisher\":{\"@id\":\"https:\\\/\\\/news.save.ch\\\/de\\\/#organization\"},\"potentialAction\":[{\"@type\":\"SearchAction\",\"target\":{\"@type\":\"EntryPoint\",\"urlTemplate\":\"https:\\\/\\\/news.save.ch\\\/de\\\/?s={search_term_string}\"},\"query-input\":{\"@type\":\"PropertyValueSpecification\",\"valueRequired\":true,\"valueName\":\"search_term_string\"}}],\"inLanguage\":\"fr-FR\"},{\"@type\":\"Organization\",\"@id\":\"https:\\\/\\\/news.save.ch\\\/de\\\/#organization\",\"name\":\"Sicherheitsforum\",\"url\":\"https:\\\/\\\/news.save.ch\\\/de\\\/\",\"logo\":{\"@type\":\"ImageObject\",\"inLanguage\":\"fr-FR\",\"@id\":\"https:\\\/\\\/news.save.ch\\\/de\\\/#\\\/schema\\\/logo\\\/image\\\/\",\"url\":\"https:\\\/\\\/news.save.ch\\\/wp-content\\\/uploads\\\/2022\\\/06\\\/Logo_SF_2012.png\",\"contentUrl\":\"https:\\\/\\\/news.save.ch\\\/wp-content\\\/uploads\\\/2022\\\/06\\\/Logo_SF_2012.png\",\"width\":1100,\"height\":91,\"caption\":\"Sicherheitsforum\"},\"image\":{\"@id\":\"https:\\\/\\\/news.save.ch\\\/de\\\/#\\\/schema\\\/logo\\\/image\\\/\"}},{\"@type\":\"Person\",\"@id\":\"https:\\\/\\\/news.save.ch\\\/de\\\/#\\\/schema\\\/person\\\/d49e199490bad7c70d64b9ab51142f2b\",\"name\":\"admin\",\"image\":{\"@type\":\"ImageObject\",\"inLanguage\":\"fr-FR\",\"@id\":\"https:\\\/\\\/secure.gravatar.com\\\/avatar\\\/ae2f4d718e6c49043e314ce431e7e645d646302a24a5ef5a8bc8e3f5a032e319?s=96&d=mm&r=g\",\"url\":\"https:\\\/\\\/secure.gravatar.com\\\/avatar\\\/ae2f4d718e6c49043e314ce431e7e645d646302a24a5ef5a8bc8e3f5a032e319?s=96&d=mm&r=g\",\"contentUrl\":\"https:\\\/\\\/secure.gravatar.com\\\/avatar\\\/ae2f4d718e6c49043e314ce431e7e645d646302a24a5ef5a8bc8e3f5a032e319?s=96&d=mm&r=g\",\"caption\":\"admin\"},\"sameAs\":[\"https:\\\/\\\/develop.organisator.galledia.ch\"],\"url\":\"https:\\\/\\\/news.save.ch\\\/fr\\\/author\\\/admin\\\/\"}]}<\/script>\n<!-- \/ Yoast SEO plugin. -->","yoast_head_json":{"title":"Indemnit\u00e9 Corona prolong\u00e9e pour les ind\u00e9pendants - Save","description":"Prolongation r\u00e9troactive de l'indemnit\u00e9 Corona pour les ind\u00e9pendants. Nouveau \u00e9galement pour les g\u00e9rants de SA ou de S\u00e0rl dans le domaine de l'\u00e9v\u00e9nementiel.","robots":{"index":"index","follow":"follow","max-snippet":"max-snippet:-1","max-image-preview":"max-image-preview:large","max-video-preview":"max-video-preview:-1"},"canonical":"https:\/\/news.save.ch\/fr\/corona-entschaedigung-fuer-selbstaendige-verlaengert\/","og_locale":"fr_FR","og_type":"article","og_title":"Corona-Entsch\u00e4digung f\u00fcr Selbst\u00e4ndige verl\u00e4ngert - Save","og_description":"Corona-Entsch\u00e4digung f\u00fcr Selbst\u00e4ndigerwerbende r\u00fcckwirkend verl\u00e4ngert. Neu auch f\u00fcr Gesch\u00e4ftsf\u00fchrer einer AG oder GmbH im Eventbereich.","og_url":"https:\/\/news.save.ch\/fr\/corona-entschaedigung-fuer-selbstaendige-verlaengert\/","og_site_name":"Save","article_published_time":"2020-07-24T10:43:15+00:00","article_modified_time":"2023-03-14T08:03:45+00:00","og_image":[{"width":794,"height":528,"url":"https:\/\/news.save.ch\/wp-content\/uploads\/2020\/06\/204558_80.jpg","type":"image\/jpeg"}],"author":"admin","twitter_card":"summary_large_image","twitter_misc":{"\u00c9crit par":"admin","Dur\u00e9e de lecture estim\u00e9e":"2 minutes"},"schema":{"@context":"https:\/\/schema.org","@graph":[{"@type":"Article","@id":"https:\/\/news.save.ch\/corona-entschaedigung-fuer-selbstaendige-verlaengert\/#article","isPartOf":{"@id":"https:\/\/news.save.ch\/corona-entschaedigung-fuer-selbstaendige-verlaengert\/"},"author":{"name":"admin","@id":"https:\/\/news.save.ch\/de\/#\/schema\/person\/d49e199490bad7c70d64b9ab51142f2b"},"headline":"Corona-Entsch\u00e4digung f\u00fcr Selbst\u00e4ndige verl\u00e4ngert","datePublished":"2020-07-24T10:43:15+00:00","dateModified":"2023-03-14T08:03:45+00:00","mainEntityOfPage":{"@id":"https:\/\/news.save.ch\/corona-entschaedigung-fuer-selbstaendige-verlaengert\/"},"wordCount":403,"publisher":{"@id":"https:\/\/news.save.ch\/de\/#organization"},"image":{"@id":"https:\/\/news.save.ch\/corona-entschaedigung-fuer-selbstaendige-verlaengert\/#primaryimage"},"thumbnailUrl":"https:\/\/news.save.ch\/wp-content\/uploads\/2020\/06\/204558_80.jpg","keywords":["Ansteckungsrisiko","Corona-Entsch\u00e4digung","Eventbereich","Quarant\u00e4ne","Risikogebiet","SVA"],"articleSection":["ALLGEMEIN","HEALTH &amp; SAFETY"],"inLanguage":"fr-FR"},{"@type":"WebPage","@id":"https:\/\/news.save.ch\/corona-entschaedigung-fuer-selbstaendige-verlaengert\/","url":"https:\/\/news.save.ch\/corona-entschaedigung-fuer-selbstaendige-verlaengert\/","name":"Indemnit\u00e9 Corona prolong\u00e9e pour les ind\u00e9pendants - Save","isPartOf":{"@id":"https:\/\/news.save.ch\/de\/#website"},"primaryImageOfPage":{"@id":"https:\/\/news.save.ch\/corona-entschaedigung-fuer-selbstaendige-verlaengert\/#primaryimage"},"image":{"@id":"https:\/\/news.save.ch\/corona-entschaedigung-fuer-selbstaendige-verlaengert\/#primaryimage"},"thumbnailUrl":"https:\/\/news.save.ch\/wp-content\/uploads\/2020\/06\/204558_80.jpg","datePublished":"2020-07-24T10:43:15+00:00","dateModified":"2023-03-14T08:03:45+00:00","description":"Prolongation r\u00e9troactive de l'indemnit\u00e9 Corona pour les ind\u00e9pendants. Nouveau \u00e9galement pour les g\u00e9rants de SA ou de S\u00e0rl dans le domaine de l'\u00e9v\u00e9nementiel.","breadcrumb":{"@id":"https:\/\/news.save.ch\/corona-entschaedigung-fuer-selbstaendige-verlaengert\/#breadcrumb"},"inLanguage":"fr-FR","potentialAction":[{"@type":"ReadAction","target":["https:\/\/news.save.ch\/corona-entschaedigung-fuer-selbstaendige-verlaengert\/"]}]},{"@type":"ImageObject","inLanguage":"fr-FR","@id":"https:\/\/news.save.ch\/corona-entschaedigung-fuer-selbstaendige-verlaengert\/#primaryimage","url":"https:\/\/news.save.ch\/wp-content\/uploads\/2020\/06\/204558_80.jpg","contentUrl":"https:\/\/news.save.ch\/wp-content\/uploads\/2020\/06\/204558_80.jpg","width":794,"height":528,"caption":"Coronavirus: Grossanl\u00e4sse sind ab 1. Oktober 2020 unter strengen Bedingungen und mit Bewilligung wieder m\u00f6glich."},{"@type":"BreadcrumbList","@id":"https:\/\/news.save.ch\/corona-entschaedigung-fuer-selbstaendige-verlaengert\/#breadcrumb","itemListElement":[{"@type":"ListItem","position":1,"name":"Home","item":"https:\/\/news.save.ch\/de\/"},{"@type":"ListItem","position":2,"name":"Corona-Entsch\u00e4digung f\u00fcr Selbst\u00e4ndige verl\u00e4ngert"}]},{"@type":"WebSite","@id":"https:\/\/news.save.ch\/de\/#website","url":"https:\/\/news.save.ch\/de\/","name":"Save","description":"Revue suisse sp\u00e9cialis\u00e9e dans la s\u00e9curit\u00e9","publisher":{"@id":"https:\/\/news.save.ch\/de\/#organization"},"potentialAction":[{"@type":"SearchAction","target":{"@type":"EntryPoint","urlTemplate":"https:\/\/news.save.ch\/de\/?s={search_term_string}"},"query-input":{"@type":"PropertyValueSpecification","valueRequired":true,"valueName":"search_term_string"}}],"inLanguage":"fr-FR"},{"@type":"Organization","@id":"https:\/\/news.save.ch\/de\/#organization","name":"Forum sur la s\u00e9curit\u00e9","url":"https:\/\/news.save.ch\/de\/","logo":{"@type":"ImageObject","inLanguage":"fr-FR","@id":"https:\/\/news.save.ch\/de\/#\/schema\/logo\/image\/","url":"https:\/\/news.save.ch\/wp-content\/uploads\/2022\/06\/Logo_SF_2012.png","contentUrl":"https:\/\/news.save.ch\/wp-content\/uploads\/2022\/06\/Logo_SF_2012.png","width":1100,"height":91,"caption":"Sicherheitsforum"},"image":{"@id":"https:\/\/news.save.ch\/de\/#\/schema\/logo\/image\/"}},{"@type":"Person","@id":"https:\/\/news.save.ch\/de\/#\/schema\/person\/d49e199490bad7c70d64b9ab51142f2b","name":"admin","image":{"@type":"ImageObject","inLanguage":"fr-FR","@id":"https:\/\/secure.gravatar.com\/avatar\/ae2f4d718e6c49043e314ce431e7e645d646302a24a5ef5a8bc8e3f5a032e319?s=96&d=mm&r=g","url":"https:\/\/secure.gravatar.com\/avatar\/ae2f4d718e6c49043e314ce431e7e645d646302a24a5ef5a8bc8e3f5a032e319?s=96&d=mm&r=g","contentUrl":"https:\/\/secure.gravatar.com\/avatar\/ae2f4d718e6c49043e314ce431e7e645d646302a24a5ef5a8bc8e3f5a032e319?s=96&d=mm&r=g","caption":"admin"},"sameAs":["https:\/\/develop.organisator.galledia.ch"],"url":"https:\/\/news.save.ch\/fr\/author\/admin\/"}]}},"_links":{"self":[{"href":"https:\/\/news.save.ch\/fr\/wp-json\/wp\/v2\/posts\/5873","targetHints":{"allow":["GET"]}}],"collection":[{"href":"https:\/\/news.save.ch\/fr\/wp-json\/wp\/v2\/posts"}],"about":[{"href":"https:\/\/news.save.ch\/fr\/wp-json\/wp\/v2\/types\/post"}],"author":[{"embeddable":true,"href":"https:\/\/news.save.ch\/fr\/wp-json\/wp\/v2\/users\/1"}],"replies":[{"embeddable":true,"href":"https:\/\/news.save.ch\/fr\/wp-json\/wp\/v2\/comments?post=5873"}],"version-history":[{"count":1,"href":"https:\/\/news.save.ch\/fr\/wp-json\/wp\/v2\/posts\/5873\/revisions"}],"predecessor-version":[{"id":18184,"href":"https:\/\/news.save.ch\/fr\/wp-json\/wp\/v2\/posts\/5873\/revisions\/18184"}],"wp:featuredmedia":[{"embeddable":true,"href":"https:\/\/news.save.ch\/fr\/wp-json\/wp\/v2\/media\/5770"}],"wp:attachment":[{"href":"https:\/\/news.save.ch\/fr\/wp-json\/wp\/v2\/media?parent=5873"}],"wp:term":[{"taxonomy":"category","embeddable":true,"href":"https:\/\/news.save.ch\/fr\/wp-json\/wp\/v2\/categories?post=5873"},{"taxonomy":"post_tag","embeddable":true,"href":"https:\/\/news.save.ch\/fr\/wp-json\/wp\/v2\/tags?post=5873"}],"curies":[{"name":"wp","href":"https:\/\/api.w.org\/{rel}","templated":true}]}}