{"id":589,"date":"2015-08-31T17:55:38","date_gmt":"2015-08-31T15:55:38","guid":{"rendered":"https:\/\/dev.sicherheitsforum.ch\/?p=589"},"modified":"2023-03-14T08:57:34","modified_gmt":"2023-03-14T07:57:34","slug":"e-patientendossier-im-wallis-auf-eis-gelegt","status":null,"type":"post","link":"https:\/\/news.save.ch\/fr\/e-patientendossier-im-wallis-auf-eis-gelegt\/","title":{"rendered":"Le dossier \u00e9lectronique du patient mis en veilleuse en Valais"},"content":{"rendered":"<p><img loading=\"lazy\" decoding=\"async\" class=\"alignnone size-medium wp-image-590\" src=\"https:\/\/sicherheitsforum.ch\/wp-content\/uploads\/2016\/12\/E-Patientendossier-im-Wallis-auf-Eis-gelegt-it-security.jpg\" alt=\"dossier-patient-\u00e9lectronique-en-vall\u00e9e-de-la-glace-it-security\" width=\"680\" height=\"510\" \/><\/p>\n<p>A partir du 1er septembre, les patients valaisans pourront partager les donn\u00e9es \u00e9lectroniques de leurs patients et g\u00e9rer eux-m\u00eames les droits d'acc\u00e8s, selon un communiqu\u00e9 de presse du canton. Le dossier \u00e9lectronique du patient <a href=\"https:\/\/www.infomed-vs.ch\" target=\"_blank\" data-cke-saved-href=\"https:\/\/www.infomed-vs.ch\" rel=\"noopener\">Infomed <\/a>rassemble des donn\u00e9es m\u00e9dicales importantes sur les patients (r\u00e9sultats d'examens, prise de m\u00e9dicaments, lettre de sortie de l'h\u00f4pital, etc.) Il est compl\u00e9t\u00e9 par les diff\u00e9rents m\u00e9decins, h\u00f4pitaux et autres professionnels de la sant\u00e9 consult\u00e9s par le patient. L'utilisation de ce dossier \u00e9lectronique du patient doit permettre de minimiser les erreurs m\u00e9dicales et d'\u00e9viter les examens et les prescriptions de m\u00e9dicaments \u00e0 double.<\/p>\n<p>Le Parti Pirate critique maintenant les aspects de s\u00e9curit\u00e9 du syst\u00e8me et, selon les m\u00e9dias, a fait une d\u00e9marche aupr\u00e8s du pr\u00e9pos\u00e9 \u00e0 la protection des donn\u00e9es du Valais. La conseill\u00e8re d'Etat Esther Waeber-Kalbermatten a imm\u00e9diatement r\u00e9agi et gel\u00e9 le projet pour le moment afin de faire clarifier les reproches.<\/p>\n<p>Le th\u00e8me du dossier \u00e9lectronique du patient et de la s\u00e9curit\u00e9 de l'information est abord\u00e9 dans le dernier num\u00e9ro de la publication sp\u00e9cialis\u00e9e SicherheitsForum.<\/p>\n<p>&nbsp;<\/p>","protected":false},"excerpt":{"rendered":"<p>Ab dem 1. September k\u00f6nnen die Patienten im Wallis ihre elektronischen\u00a0Patientendaten teilen und die Zugangsrechte selbst verwalten, wie es in einer Medienmitteilung des Kantons heisst. Das elektronische Patientendossier Infomed sammle wichtige medizinische Daten \u00fcber Patienten (Untersuchungsergebnisse, Medikamenten-Einnahme, Austrittsschreiben des Spitals usw.). Es werde von den verschiedenen \u00c4rzten, Spit\u00e4lern und anderen Gesundheitsfachpersonen, die vom Patienten konsultiert [&hellip;]<\/p>\n","protected":false},"author":1,"featured_media":590,"comment_status":"open","ping_status":"open","sticky":false,"template":"","format":"standard","meta":{"_acf_changed":false,"pgc_sgb_lightbox_settings":"","footnotes":""},"categories":[3313],"tags":[149,62,63],"class_list":["post-589","post","type-post","status-publish","format-standard","has-post-thumbnail","hentry","category-digitalisierung","tag-gesundheitsschutz","tag-ict-sicherheit","tag-it-security"],"acf":[],"hkrextid":null,"publication":null,"issue":null,"workflow":null,"startPage":null,"spitzmarke":null,"_posts_by_tag_page_fields":{"widget_title":"","widget_tags":""},"_at_widget":"1","_yoast_wpseo_primary_category":"2","_yoast_wpseo_focuskw_text_input":"E-Patientendossier","_yoast_wpseo_opengraph-image":"https:\/\/sicherheitsforum.ch\/wp-content\/uploads\/2016\/12\/E-Patientendossier-im-Wallis-auf-Eis-gelegt-it-security.jpg","_yoast_wpseo_opengraph-description":"Das Wallis ist nach Genf der zweite Kanton in der Schweiz, der seinen Bewohnern Zugang zum elektronischen Patientendossier erm\u00f6glicht. So jedenfalls war es geplant. Jetzt hat die Piratenpartei gegen das Projekt interveniert - aus Sicherheitsbedenken. Jetzt liegt das Projekt auf Eis.","_yoast_wpseo_opengraph-title":"E-Patientendossier im Wallis auf Eis gelegt","enclosure":null,"_yoast_wpseo_twitter-title":null,"_yoast_wpseo_twitter-description":null,"_yoast_wpseo_twitter-image":null,"_wp_old_slug":null,"_yoast_wpseo_title":null,"_yoast_wpseo_canonical":null,"yoast_head":"<!-- This site is optimized with the Yoast SEO plugin v27.5 - https:\/\/yoast.com\/product\/yoast-seo-wordpress\/ -->\n<title>E-Patientendossier im Wallis auf Eis gelegt - Save<\/title>\n<meta name=\"description\" content=\"Das Wallis ist der zweite Kanton in der Schweiz, der seinen Bewohnern Zugang zum elektronischen Patientendossier erm\u00f6glicht. So jedenfalls wars geplant.\" \/>\n<meta name=\"robots\" content=\"index, follow, max-snippet:-1, max-image-preview:large, max-video-preview:-1\" \/>\n<link rel=\"canonical\" href=\"https:\/\/news.save.ch\/fr\/e-patientendossier-im-wallis-auf-eis-gelegt\/\" \/>\n<meta property=\"og:locale\" content=\"fr_FR\" \/>\n<meta property=\"og:type\" content=\"article\" \/>\n<meta property=\"og:title\" content=\"E-Patientendossier im Wallis auf Eis gelegt\" \/>\n<meta property=\"og:description\" content=\"Das Wallis ist nach Genf der zweite Kanton in der Schweiz, der seinen Bewohnern Zugang zum elektronischen Patientendossier erm\u00f6glicht. So jedenfalls war es geplant. Jetzt hat die Piratenpartei gegen das Projekt interveniert - aus Sicherheitsbedenken. Jetzt liegt das Projekt auf Eis.\" \/>\n<meta property=\"og:url\" content=\"https:\/\/news.save.ch\/fr\/e-patientendossier-im-wallis-auf-eis-gelegt\/\" \/>\n<meta property=\"og:site_name\" content=\"Save\" \/>\n<meta property=\"article:published_time\" content=\"2015-08-31T15:55:38+00:00\" \/>\n<meta property=\"article:modified_time\" content=\"2023-03-14T07:57:34+00:00\" \/>\n<meta property=\"og:image\" content=\"https:\/\/sicherheitsforum.ch\/wp-content\/uploads\/2016\/12\/E-Patientendossier-im-Wallis-auf-Eis-gelegt-it-security.jpg\" \/>\n<meta name=\"author\" content=\"admin\" \/>\n<meta name=\"twitter:card\" content=\"summary_large_image\" \/>\n<meta name=\"twitter:label1\" content=\"\u00c9crit par\" \/>\n\t<meta name=\"twitter:data1\" content=\"admin\" \/>\n\t<meta name=\"twitter:label2\" content=\"Dur\u00e9e de lecture estim\u00e9e\" \/>\n\t<meta name=\"twitter:data2\" content=\"1 minute\" \/>\n<script type=\"application\/ld+json\" class=\"yoast-schema-graph\">{\"@context\":\"https:\\\/\\\/schema.org\",\"@graph\":[{\"@type\":\"Article\",\"@id\":\"https:\\\/\\\/news.save.ch\\\/e-patientendossier-im-wallis-auf-eis-gelegt\\\/#article\",\"isPartOf\":{\"@id\":\"https:\\\/\\\/news.save.ch\\\/e-patientendossier-im-wallis-auf-eis-gelegt\\\/\"},\"author\":{\"name\":\"admin\",\"@id\":\"https:\\\/\\\/news.save.ch\\\/de\\\/#\\\/schema\\\/person\\\/d49e199490bad7c70d64b9ab51142f2b\"},\"headline\":\"E-Patientendossier im Wallis auf Eis gelegt\",\"datePublished\":\"2015-08-31T15:55:38+00:00\",\"dateModified\":\"2023-03-14T07:57:34+00:00\",\"mainEntityOfPage\":{\"@id\":\"https:\\\/\\\/news.save.ch\\\/e-patientendossier-im-wallis-auf-eis-gelegt\\\/\"},\"wordCount\":143,\"commentCount\":0,\"publisher\":{\"@id\":\"https:\\\/\\\/news.save.ch\\\/de\\\/#organization\"},\"image\":{\"@id\":\"https:\\\/\\\/news.save.ch\\\/e-patientendossier-im-wallis-auf-eis-gelegt\\\/#primaryimage\"},\"thumbnailUrl\":\"https:\\\/\\\/news.save.ch\\\/wp-content\\\/uploads\\\/2016\\\/12\\\/E-Patientendossier-im-Wallis-auf-Eis-gelegt-it-security-scaled.jpg\",\"keywords\":[\"Gesundheitsschutz\",\"ICT-Sicherheit\",\"IT-SECURITY\"],\"articleSection\":[\"DIGITALISIERUNG\"],\"inLanguage\":\"fr-FR\"},{\"@type\":\"WebPage\",\"@id\":\"https:\\\/\\\/news.save.ch\\\/e-patientendossier-im-wallis-auf-eis-gelegt\\\/\",\"url\":\"https:\\\/\\\/news.save.ch\\\/e-patientendossier-im-wallis-auf-eis-gelegt\\\/\",\"name\":\"E-Patientendossier im Wallis auf Eis gelegt - Save\",\"isPartOf\":{\"@id\":\"https:\\\/\\\/news.save.ch\\\/de\\\/#website\"},\"primaryImageOfPage\":{\"@id\":\"https:\\\/\\\/news.save.ch\\\/e-patientendossier-im-wallis-auf-eis-gelegt\\\/#primaryimage\"},\"image\":{\"@id\":\"https:\\\/\\\/news.save.ch\\\/e-patientendossier-im-wallis-auf-eis-gelegt\\\/#primaryimage\"},\"thumbnailUrl\":\"https:\\\/\\\/news.save.ch\\\/wp-content\\\/uploads\\\/2016\\\/12\\\/E-Patientendossier-im-Wallis-auf-Eis-gelegt-it-security-scaled.jpg\",\"datePublished\":\"2015-08-31T15:55:38+00:00\",\"dateModified\":\"2023-03-14T07:57:34+00:00\",\"description\":\"Das Wallis ist der zweite Kanton in der Schweiz, der seinen Bewohnern Zugang zum elektronischen Patientendossier erm\u00f6glicht. So jedenfalls wars geplant.\",\"breadcrumb\":{\"@id\":\"https:\\\/\\\/news.save.ch\\\/e-patientendossier-im-wallis-auf-eis-gelegt\\\/#breadcrumb\"},\"inLanguage\":\"fr-FR\",\"potentialAction\":[{\"@type\":\"ReadAction\",\"target\":[\"https:\\\/\\\/news.save.ch\\\/e-patientendossier-im-wallis-auf-eis-gelegt\\\/\"]}]},{\"@type\":\"ImageObject\",\"inLanguage\":\"fr-FR\",\"@id\":\"https:\\\/\\\/news.save.ch\\\/e-patientendossier-im-wallis-auf-eis-gelegt\\\/#primaryimage\",\"url\":\"https:\\\/\\\/news.save.ch\\\/wp-content\\\/uploads\\\/2016\\\/12\\\/E-Patientendossier-im-Wallis-auf-Eis-gelegt-it-security-scaled.jpg\",\"contentUrl\":\"https:\\\/\\\/news.save.ch\\\/wp-content\\\/uploads\\\/2016\\\/12\\\/E-Patientendossier-im-Wallis-auf-Eis-gelegt-it-security-scaled.jpg\",\"width\":1400,\"height\":1050},{\"@type\":\"BreadcrumbList\",\"@id\":\"https:\\\/\\\/news.save.ch\\\/e-patientendossier-im-wallis-auf-eis-gelegt\\\/#breadcrumb\",\"itemListElement\":[{\"@type\":\"ListItem\",\"position\":1,\"name\":\"Home\",\"item\":\"https:\\\/\\\/news.save.ch\\\/de\\\/\"},{\"@type\":\"ListItem\",\"position\":2,\"name\":\"E-Patientendossier im Wallis auf Eis gelegt\"}]},{\"@type\":\"WebSite\",\"@id\":\"https:\\\/\\\/news.save.ch\\\/de\\\/#website\",\"url\":\"https:\\\/\\\/news.save.ch\\\/de\\\/\",\"name\":\"Save\",\"description\":\"Schweizer Fachzeitschrift f\u00fcr Sicherheit\",\"publisher\":{\"@id\":\"https:\\\/\\\/news.save.ch\\\/de\\\/#organization\"},\"potentialAction\":[{\"@type\":\"SearchAction\",\"target\":{\"@type\":\"EntryPoint\",\"urlTemplate\":\"https:\\\/\\\/news.save.ch\\\/de\\\/?s={search_term_string}\"},\"query-input\":{\"@type\":\"PropertyValueSpecification\",\"valueRequired\":true,\"valueName\":\"search_term_string\"}}],\"inLanguage\":\"fr-FR\"},{\"@type\":\"Organization\",\"@id\":\"https:\\\/\\\/news.save.ch\\\/de\\\/#organization\",\"name\":\"Sicherheitsforum\",\"url\":\"https:\\\/\\\/news.save.ch\\\/de\\\/\",\"logo\":{\"@type\":\"ImageObject\",\"inLanguage\":\"fr-FR\",\"@id\":\"https:\\\/\\\/news.save.ch\\\/de\\\/#\\\/schema\\\/logo\\\/image\\\/\",\"url\":\"https:\\\/\\\/news.save.ch\\\/wp-content\\\/uploads\\\/2022\\\/06\\\/Logo_SF_2012.png\",\"contentUrl\":\"https:\\\/\\\/news.save.ch\\\/wp-content\\\/uploads\\\/2022\\\/06\\\/Logo_SF_2012.png\",\"width\":1100,\"height\":91,\"caption\":\"Sicherheitsforum\"},\"image\":{\"@id\":\"https:\\\/\\\/news.save.ch\\\/de\\\/#\\\/schema\\\/logo\\\/image\\\/\"}},{\"@type\":\"Person\",\"@id\":\"https:\\\/\\\/news.save.ch\\\/de\\\/#\\\/schema\\\/person\\\/d49e199490bad7c70d64b9ab51142f2b\",\"name\":\"admin\",\"image\":{\"@type\":\"ImageObject\",\"inLanguage\":\"fr-FR\",\"@id\":\"https:\\\/\\\/secure.gravatar.com\\\/avatar\\\/ae2f4d718e6c49043e314ce431e7e645d646302a24a5ef5a8bc8e3f5a032e319?s=96&d=mm&r=g\",\"url\":\"https:\\\/\\\/secure.gravatar.com\\\/avatar\\\/ae2f4d718e6c49043e314ce431e7e645d646302a24a5ef5a8bc8e3f5a032e319?s=96&d=mm&r=g\",\"contentUrl\":\"https:\\\/\\\/secure.gravatar.com\\\/avatar\\\/ae2f4d718e6c49043e314ce431e7e645d646302a24a5ef5a8bc8e3f5a032e319?s=96&d=mm&r=g\",\"caption\":\"admin\"},\"sameAs\":[\"https:\\\/\\\/develop.organisator.galledia.ch\"],\"url\":\"https:\\\/\\\/news.save.ch\\\/fr\\\/author\\\/admin\\\/\"}]}<\/script>\n<!-- \/ Yoast SEO plugin. -->","yoast_head_json":{"title":"Le dossier \u00e9lectronique du patient mis en veilleuse en Valais - Save","description":"Le Valais est le deuxi\u00e8me canton de Suisse \u00e0 permettre \u00e0 ses habitants d'acc\u00e9der au dossier \u00e9lectronique du patient. C'est en tout cas ce qui \u00e9tait pr\u00e9vu.","robots":{"index":"index","follow":"follow","max-snippet":"max-snippet:-1","max-image-preview":"max-image-preview:large","max-video-preview":"max-video-preview:-1"},"canonical":"https:\/\/news.save.ch\/fr\/e-patientendossier-im-wallis-auf-eis-gelegt\/","og_locale":"fr_FR","og_type":"article","og_title":"E-Patientendossier im Wallis auf Eis gelegt","og_description":"Das Wallis ist nach Genf der zweite Kanton in der Schweiz, der seinen Bewohnern Zugang zum elektronischen Patientendossier erm\u00f6glicht. So jedenfalls war es geplant. Jetzt hat die Piratenpartei gegen das Projekt interveniert - aus Sicherheitsbedenken. Jetzt liegt das Projekt auf Eis.","og_url":"https:\/\/news.save.ch\/fr\/e-patientendossier-im-wallis-auf-eis-gelegt\/","og_site_name":"Save","article_published_time":"2015-08-31T15:55:38+00:00","article_modified_time":"2023-03-14T07:57:34+00:00","og_image":[{"url":"https:\/\/sicherheitsforum.ch\/wp-content\/uploads\/2016\/12\/E-Patientendossier-im-Wallis-auf-Eis-gelegt-it-security.jpg","type":"","width":"","height":""}],"author":"admin","twitter_card":"summary_large_image","twitter_misc":{"\u00c9crit par":"admin","Dur\u00e9e de lecture estim\u00e9e":"1 minute"},"schema":{"@context":"https:\/\/schema.org","@graph":[{"@type":"Article","@id":"https:\/\/news.save.ch\/e-patientendossier-im-wallis-auf-eis-gelegt\/#article","isPartOf":{"@id":"https:\/\/news.save.ch\/e-patientendossier-im-wallis-auf-eis-gelegt\/"},"author":{"name":"admin","@id":"https:\/\/news.save.ch\/de\/#\/schema\/person\/d49e199490bad7c70d64b9ab51142f2b"},"headline":"E-Patientendossier im Wallis auf Eis gelegt","datePublished":"2015-08-31T15:55:38+00:00","dateModified":"2023-03-14T07:57:34+00:00","mainEntityOfPage":{"@id":"https:\/\/news.save.ch\/e-patientendossier-im-wallis-auf-eis-gelegt\/"},"wordCount":143,"commentCount":0,"publisher":{"@id":"https:\/\/news.save.ch\/de\/#organization"},"image":{"@id":"https:\/\/news.save.ch\/e-patientendossier-im-wallis-auf-eis-gelegt\/#primaryimage"},"thumbnailUrl":"https:\/\/news.save.ch\/wp-content\/uploads\/2016\/12\/E-Patientendossier-im-Wallis-auf-Eis-gelegt-it-security-scaled.jpg","keywords":["Gesundheitsschutz","ICT-Sicherheit","IT-SECURITY"],"articleSection":["DIGITALISIERUNG"],"inLanguage":"fr-FR"},{"@type":"WebPage","@id":"https:\/\/news.save.ch\/e-patientendossier-im-wallis-auf-eis-gelegt\/","url":"https:\/\/news.save.ch\/e-patientendossier-im-wallis-auf-eis-gelegt\/","name":"Le dossier \u00e9lectronique du patient mis en veilleuse en Valais - Save","isPartOf":{"@id":"https:\/\/news.save.ch\/de\/#website"},"primaryImageOfPage":{"@id":"https:\/\/news.save.ch\/e-patientendossier-im-wallis-auf-eis-gelegt\/#primaryimage"},"image":{"@id":"https:\/\/news.save.ch\/e-patientendossier-im-wallis-auf-eis-gelegt\/#primaryimage"},"thumbnailUrl":"https:\/\/news.save.ch\/wp-content\/uploads\/2016\/12\/E-Patientendossier-im-Wallis-auf-Eis-gelegt-it-security-scaled.jpg","datePublished":"2015-08-31T15:55:38+00:00","dateModified":"2023-03-14T07:57:34+00:00","description":"Le Valais est le deuxi\u00e8me canton de Suisse \u00e0 permettre \u00e0 ses habitants d'acc\u00e9der au dossier \u00e9lectronique du patient. C'est en tout cas ce qui \u00e9tait pr\u00e9vu.","breadcrumb":{"@id":"https:\/\/news.save.ch\/e-patientendossier-im-wallis-auf-eis-gelegt\/#breadcrumb"},"inLanguage":"fr-FR","potentialAction":[{"@type":"ReadAction","target":["https:\/\/news.save.ch\/e-patientendossier-im-wallis-auf-eis-gelegt\/"]}]},{"@type":"ImageObject","inLanguage":"fr-FR","@id":"https:\/\/news.save.ch\/e-patientendossier-im-wallis-auf-eis-gelegt\/#primaryimage","url":"https:\/\/news.save.ch\/wp-content\/uploads\/2016\/12\/E-Patientendossier-im-Wallis-auf-Eis-gelegt-it-security-scaled.jpg","contentUrl":"https:\/\/news.save.ch\/wp-content\/uploads\/2016\/12\/E-Patientendossier-im-Wallis-auf-Eis-gelegt-it-security-scaled.jpg","width":1400,"height":1050},{"@type":"BreadcrumbList","@id":"https:\/\/news.save.ch\/e-patientendossier-im-wallis-auf-eis-gelegt\/#breadcrumb","itemListElement":[{"@type":"ListItem","position":1,"name":"Home","item":"https:\/\/news.save.ch\/de\/"},{"@type":"ListItem","position":2,"name":"E-Patientendossier im Wallis auf Eis gelegt"}]},{"@type":"WebSite","@id":"https:\/\/news.save.ch\/de\/#website","url":"https:\/\/news.save.ch\/de\/","name":"Save","description":"Revue suisse sp\u00e9cialis\u00e9e dans la s\u00e9curit\u00e9","publisher":{"@id":"https:\/\/news.save.ch\/de\/#organization"},"potentialAction":[{"@type":"SearchAction","target":{"@type":"EntryPoint","urlTemplate":"https:\/\/news.save.ch\/de\/?s={search_term_string}"},"query-input":{"@type":"PropertyValueSpecification","valueRequired":true,"valueName":"search_term_string"}}],"inLanguage":"fr-FR"},{"@type":"Organization","@id":"https:\/\/news.save.ch\/de\/#organization","name":"Forum sur la s\u00e9curit\u00e9","url":"https:\/\/news.save.ch\/de\/","logo":{"@type":"ImageObject","inLanguage":"fr-FR","@id":"https:\/\/news.save.ch\/de\/#\/schema\/logo\/image\/","url":"https:\/\/news.save.ch\/wp-content\/uploads\/2022\/06\/Logo_SF_2012.png","contentUrl":"https:\/\/news.save.ch\/wp-content\/uploads\/2022\/06\/Logo_SF_2012.png","width":1100,"height":91,"caption":"Sicherheitsforum"},"image":{"@id":"https:\/\/news.save.ch\/de\/#\/schema\/logo\/image\/"}},{"@type":"Person","@id":"https:\/\/news.save.ch\/de\/#\/schema\/person\/d49e199490bad7c70d64b9ab51142f2b","name":"admin","image":{"@type":"ImageObject","inLanguage":"fr-FR","@id":"https:\/\/secure.gravatar.com\/avatar\/ae2f4d718e6c49043e314ce431e7e645d646302a24a5ef5a8bc8e3f5a032e319?s=96&d=mm&r=g","url":"https:\/\/secure.gravatar.com\/avatar\/ae2f4d718e6c49043e314ce431e7e645d646302a24a5ef5a8bc8e3f5a032e319?s=96&d=mm&r=g","contentUrl":"https:\/\/secure.gravatar.com\/avatar\/ae2f4d718e6c49043e314ce431e7e645d646302a24a5ef5a8bc8e3f5a032e319?s=96&d=mm&r=g","caption":"admin"},"sameAs":["https:\/\/develop.organisator.galledia.ch"],"url":"https:\/\/news.save.ch\/fr\/author\/admin\/"}]}},"_links":{"self":[{"href":"https:\/\/news.save.ch\/fr\/wp-json\/wp\/v2\/posts\/589","targetHints":{"allow":["GET"]}}],"collection":[{"href":"https:\/\/news.save.ch\/fr\/wp-json\/wp\/v2\/posts"}],"about":[{"href":"https:\/\/news.save.ch\/fr\/wp-json\/wp\/v2\/types\/post"}],"author":[{"embeddable":true,"href":"https:\/\/news.save.ch\/fr\/wp-json\/wp\/v2\/users\/1"}],"replies":[{"embeddable":true,"href":"https:\/\/news.save.ch\/fr\/wp-json\/wp\/v2\/comments?post=589"}],"version-history":[{"count":1,"href":"https:\/\/news.save.ch\/fr\/wp-json\/wp\/v2\/posts\/589\/revisions"}],"predecessor-version":[{"id":17740,"href":"https:\/\/news.save.ch\/fr\/wp-json\/wp\/v2\/posts\/589\/revisions\/17740"}],"wp:featuredmedia":[{"embeddable":true,"href":"https:\/\/news.save.ch\/fr\/wp-json\/wp\/v2\/media\/590"}],"wp:attachment":[{"href":"https:\/\/news.save.ch\/fr\/wp-json\/wp\/v2\/media?parent=589"}],"wp:term":[{"taxonomy":"category","embeddable":true,"href":"https:\/\/news.save.ch\/fr\/wp-json\/wp\/v2\/categories?post=589"},{"taxonomy":"post_tag","embeddable":true,"href":"https:\/\/news.save.ch\/fr\/wp-json\/wp\/v2\/tags?post=589"}],"curies":[{"name":"wp","href":"https:\/\/api.w.org\/{rel}","templated":true}]}}