{"id":5893,"date":"2018-01-22T10:42:37","date_gmt":"2018-01-22T09:42:37","guid":{"rendered":"https:\/\/news.save.ch\/?p=5893"},"modified":"2018-01-22T10:42:37","modified_gmt":"2018-01-22T09:42:37","slug":"fast-40-weniger-todesopfer","status":null,"type":"post","link":"https:\/\/news.save.ch\/fr\/fast-40-weniger-todesopfer\/","title":{"rendered":"Pr\u00e8s de 40% de morts en moins"},"content":{"rendered":"<figure id=\"attachment_5894\" aria-describedby=\"caption-attachment-5894\" style=\"width: 680px\" class=\"wp-caption aligncenter\"><img loading=\"lazy\" decoding=\"async\" class=\"size-medium wp-image-5894\" src=\"https:\/\/news.save.ch\/wp-content\/uploads\/2018\/01\/Depositphotos_130463326_m-2015.jpg\" alt=\"\" width=\"680\" height=\"454\" srcset=\"https:\/\/news.save.ch\/wp-content\/uploads\/2018\/01\/Depositphotos_130463326_m-2015.jpg 1000w, https:\/\/news.save.ch\/wp-content\/uploads\/2018\/01\/Depositphotos_130463326_m-2015-375x250.jpg 375w\" sizes=\"auto, (max-width: 680px) 100vw, 680px\" \/><figcaption id=\"caption-attachment-5894\" class=\"wp-caption-text\">\u00a9 depositphotos, kaninstudio<\/figcaption><\/figure>\n<p>L'Office f\u00e9d\u00e9ral de la statistique (<a href=\"https:\/\/www.bfs.admin.ch\">OFS<\/a>) a r\u00e9alis\u00e9, avec le soutien du Bureau f\u00e9d\u00e9ral de l'\u00e9galit\u00e9 entre femmes et hommes (BFEG), une \u00e9tude sur les homicides enregistr\u00e9s par la police en Suisse au cours des derni\u00e8res ann\u00e9es. Elle fait suite \u00e0 une enqu\u00eate sp\u00e9ciale portant sur les ann\u00e9es 2000 \u00e0 2004, \u00e9galement soutenue par le BFEG, et permet ainsi de retracer l'\u00e9volution des homicides dans le temps.<\/p>\n<h3>Moins d'homicides par armes \u00e0 feu<\/h3>\n<p>Par rapport \u00e0 la p\u00e9riode 2000-2004, l'utilisation d'armes \u00e0 feu dans les homicides a consid\u00e9rablement diminu\u00e9 entre 2009 et 2016, passant de 34% \u00e0 20%. En cas d'utilisation d'armes \u00e0 feu, les victimes ont le moins de chances de survivre.<\/p>\n<h3>La majorit\u00e9 des victimes connaissaient le suspect<\/h3>\n<p>34% des victimes avaient une relation de parent\u00e9 ou de couple avec la personne accus\u00e9e (relation domestique), 26% connaissaient la personne suspect\u00e9e mais n'avaient pas de relation domestique avec elle (p. ex. voisin(e), coll\u00e8gue de travail), 27% ne connaissaient pas la personne suspect\u00e9e. Pour les autres victimes, les informations ne sont pas disponibles (pas d'indication ou pas de suspect identifi\u00e9). Comme au moins 60% des victimes connaissaient la personne suspect\u00e9e (au moins 75% pour les d\u00e9lits consomm\u00e9s), la probabilit\u00e9 d'\u00eatre agress\u00e9 par une personne de son entourage ou de sa famille est plus grande que celle d'\u00eatre agress\u00e9 par une personne inconnue.<\/p>\n<h3>Domicile : 25 d\u00e9c\u00e8s par an<\/h3>\n<p>En moyenne, chaque ann\u00e9e, 25 victimes d'homicides consomm\u00e9s et 50 victimes de tentatives d'homicide avaient une relation domestique avec la personne suspect\u00e9e. Par rapport aux ann\u00e9es pr\u00e9c\u00e9dentes, le nombre d'homicides et de tentatives d'homicide commis dans le cadre domestique a diminu\u00e9. La plupart des victimes d'homicides sont des femmes, les actes sont principalement commis par des hommes. Les victimes et les suspects sont \u00e2g\u00e9s en moyenne de 40 et 41 ans. Dans le cadre d'homicides commis par des parents sur leurs enfants, on compte \u00e9galement quelques tr\u00e8s jeunes victimes.<\/p>\n<h3>Domaine extra-domestique : 19 d\u00e9c\u00e8s par an<\/h3>\n<p>Chaque ann\u00e9e, 19 personnes ont \u00e9t\u00e9 victimes d'un homicide consomm\u00e9 et 98 d'une tentative d'homicide commis par une personne qu'elles connaissaient mais qui n'avait pas de lien domestique avec elles, ou par une personne qu'elles ne connaissaient pas. Par rapport aux ann\u00e9es 2000 \u00e0 2004, le nombre moyen d'homicides a donc l\u00e9g\u00e8rement augment\u00e9, mais le nombre de d\u00e9c\u00e8s a diminu\u00e9. Dans le domaine extra-domestique, les victimes et les suspects sont en grande majorit\u00e9 des hommes. Les suspects sont en moyenne plus jeunes (30 ans) que leurs victimes (35 ans).<\/p>\n<h3>Les suspects qui ne connaissaient pas leur victime sont plus souvent connus des services de police<\/h3>\n<p>Plus la victime et le suspect d'un homicide sont proches, plus la probabilit\u00e9 que ce dernier soit d\u00e9j\u00e0 connu de la police est faible. 39% des suspects d'homicide sur une personne inconnue avaient d\u00e9j\u00e0 \u00e9t\u00e9 enregistr\u00e9s par la police pour une infraction au code p\u00e9nal au cours des deux ann\u00e9es pr\u00e9c\u00e9dant l'infraction. Dans le domaine domestique, cette proportion n'est que de 21%. Pour les homicides commis au sein d'un ancien couple ou d'un couple existant, seul un couple sur dix avait d\u00e9j\u00e0 \u00e9t\u00e9 enregistr\u00e9 par la police pour violence domestique.<\/p>\n<p><em>Source : Office f\u00e9d\u00e9ral de la statistique<\/em><\/p>\n<p><em>Autres donn\u00e9es statistiques <a href=\"https:\/\/news.save.ch\/fr\/rueckfallquote-blick-in-die-strafurteil-statistik\/\">ici<\/a>.\u00a0<\/em><\/p>\n<p>&nbsp;<\/p>","protected":false},"excerpt":{"rendered":"<p>Das Bundesamt f\u00fcr Statistik (BFS) hat mit Unterst\u00fctzung des Eidgen\u00f6ssischen B\u00fcros f\u00fcr die Gleichstellung von Frau und Mann (EBG) eine Studie \u00fcber die in den letzten Jahren in der Schweiz polizeilich registrierten T\u00f6tungsdelikte durchgef\u00fchrt. Sie folgt auf eine ebenfalls vom EBG unterst\u00fctzte Sondererhebung der Jahre 2000 bis 2004 und kann somit die zeitliche Entwicklung der [&hellip;]<\/p>\n","protected":false},"author":8,"featured_media":5894,"comment_status":"open","ping_status":"open","sticky":false,"template":"","format":"standard","meta":{"_acf_changed":false,"pgc_sgb_lightbox_settings":"","footnotes":""},"categories":[1],"tags":[113,366,312],"class_list":["post-5893","post","type-post","status-publish","format-standard","has-post-thumbnail","hentry","category-allgemein","tag-kriminalitaet","tag-polizei","tag-schweizerische-kriminalstatistik"],"acf":[],"hkrextid":null,"publication":null,"issue":null,"workflow":null,"startPage":null,"spitzmarke":null,"_posts_by_tag_page_fields":{"widget_title":"","widget_tags":""},"_at_widget":"1","_yoast_wpseo_primary_category":"1","_yoast_wpseo_focuskw_text_input":"Todesopfer","_yoast_wpseo_opengraph-image":null,"_yoast_wpseo_opengraph-description":null,"_yoast_wpseo_opengraph-title":null,"enclosure":null,"_yoast_wpseo_twitter-title":null,"_yoast_wpseo_twitter-description":null,"_yoast_wpseo_twitter-image":null,"_wp_old_slug":null,"_yoast_wpseo_title":null,"_yoast_wpseo_canonical":null,"yoast_head":"<!-- This site is optimized with the Yoast SEO plugin v27.5 - https:\/\/yoast.com\/product\/yoast-seo-wordpress\/ -->\n<title>Fast 40% weniger Todesopfer - Save<\/title>\n<meta name=\"description\" content=\"Gem\u00e4ss polizeilicher Kriminalstatistik wurden zwischen 2009 und 2016 38% weniger Personen get\u00f6tet als im Zeitraum der letzten Studie (Jahre 2000 bis 2004).\" \/>\n<meta name=\"robots\" content=\"index, follow, max-snippet:-1, max-image-preview:large, max-video-preview:-1\" \/>\n<link rel=\"canonical\" href=\"https:\/\/news.save.ch\/fr\/fast-40-weniger-todesopfer\/\" \/>\n<meta property=\"og:locale\" content=\"fr_FR\" \/>\n<meta property=\"og:type\" content=\"article\" \/>\n<meta property=\"og:title\" content=\"Fast 40% weniger Todesopfer - Save\" \/>\n<meta property=\"og:description\" content=\"Gem\u00e4ss polizeilicher Kriminalstatistik wurden zwischen 2009 und 2016 38% weniger Personen get\u00f6tet als im Zeitraum der letzten Studie (Jahre 2000 bis 2004).\" \/>\n<meta property=\"og:url\" content=\"https:\/\/news.save.ch\/fr\/fast-40-weniger-todesopfer\/\" \/>\n<meta property=\"og:site_name\" content=\"Save\" \/>\n<meta property=\"article:published_time\" content=\"2018-01-22T09:42:37+00:00\" \/>\n<meta property=\"og:image\" content=\"https:\/\/news.save.ch\/wp-content\/uploads\/2018\/01\/Depositphotos_130463326_m-2015.jpg\" \/>\n\t<meta property=\"og:image:width\" content=\"1000\" \/>\n\t<meta property=\"og:image:height\" content=\"667\" \/>\n\t<meta property=\"og:image:type\" content=\"image\/jpeg\" \/>\n<meta name=\"author\" content=\"Roger Str\u00e4ssle\" \/>\n<meta name=\"twitter:card\" content=\"summary_large_image\" \/>\n<meta name=\"twitter:label1\" content=\"\u00c9crit par\" \/>\n\t<meta name=\"twitter:data1\" content=\"Roger Str\u00e4ssle\" \/>\n\t<meta name=\"twitter:label2\" content=\"Dur\u00e9e de lecture estim\u00e9e\" \/>\n\t<meta name=\"twitter:data2\" content=\"2 minutes\" \/>\n<script type=\"application\/ld+json\" class=\"yoast-schema-graph\">{\"@context\":\"https:\\\/\\\/schema.org\",\"@graph\":[{\"@type\":\"Article\",\"@id\":\"https:\\\/\\\/news.save.ch\\\/fast-40-weniger-todesopfer\\\/#article\",\"isPartOf\":{\"@id\":\"https:\\\/\\\/news.save.ch\\\/fast-40-weniger-todesopfer\\\/\"},\"author\":{\"name\":\"Roger Str\u00e4ssle\",\"@id\":\"https:\\\/\\\/news.save.ch\\\/de\\\/#\\\/schema\\\/person\\\/d5022db048e0e2b9785c50e5b24da5aa\"},\"headline\":\"Fast 40% weniger Todesopfer\",\"datePublished\":\"2018-01-22T09:42:37+00:00\",\"mainEntityOfPage\":{\"@id\":\"https:\\\/\\\/news.save.ch\\\/fast-40-weniger-todesopfer\\\/\"},\"wordCount\":499,\"commentCount\":0,\"publisher\":{\"@id\":\"https:\\\/\\\/news.save.ch\\\/de\\\/#organization\"},\"image\":{\"@id\":\"https:\\\/\\\/news.save.ch\\\/fast-40-weniger-todesopfer\\\/#primaryimage\"},\"thumbnailUrl\":\"https:\\\/\\\/news.save.ch\\\/wp-content\\\/uploads\\\/2018\\\/01\\\/Depositphotos_130463326_m-2015.jpg\",\"keywords\":[\"Kriminalit\u00e4t\",\"Polizei\",\"Schweizerische Kriminalstatistik\"],\"articleSection\":[\"ALLGEMEIN\"],\"inLanguage\":\"fr-FR\"},{\"@type\":\"WebPage\",\"@id\":\"https:\\\/\\\/news.save.ch\\\/fast-40-weniger-todesopfer\\\/\",\"url\":\"https:\\\/\\\/news.save.ch\\\/fast-40-weniger-todesopfer\\\/\",\"name\":\"Fast 40% weniger Todesopfer - Save\",\"isPartOf\":{\"@id\":\"https:\\\/\\\/news.save.ch\\\/de\\\/#website\"},\"primaryImageOfPage\":{\"@id\":\"https:\\\/\\\/news.save.ch\\\/fast-40-weniger-todesopfer\\\/#primaryimage\"},\"image\":{\"@id\":\"https:\\\/\\\/news.save.ch\\\/fast-40-weniger-todesopfer\\\/#primaryimage\"},\"thumbnailUrl\":\"https:\\\/\\\/news.save.ch\\\/wp-content\\\/uploads\\\/2018\\\/01\\\/Depositphotos_130463326_m-2015.jpg\",\"datePublished\":\"2018-01-22T09:42:37+00:00\",\"description\":\"Gem\u00e4ss polizeilicher Kriminalstatistik wurden zwischen 2009 und 2016 38% weniger Personen get\u00f6tet als im Zeitraum der letzten Studie (Jahre 2000 bis 2004).\",\"breadcrumb\":{\"@id\":\"https:\\\/\\\/news.save.ch\\\/fast-40-weniger-todesopfer\\\/#breadcrumb\"},\"inLanguage\":\"fr-FR\",\"potentialAction\":[{\"@type\":\"ReadAction\",\"target\":[\"https:\\\/\\\/news.save.ch\\\/fast-40-weniger-todesopfer\\\/\"]}]},{\"@type\":\"ImageObject\",\"inLanguage\":\"fr-FR\",\"@id\":\"https:\\\/\\\/news.save.ch\\\/fast-40-weniger-todesopfer\\\/#primaryimage\",\"url\":\"https:\\\/\\\/news.save.ch\\\/wp-content\\\/uploads\\\/2018\\\/01\\\/Depositphotos_130463326_m-2015.jpg\",\"contentUrl\":\"https:\\\/\\\/news.save.ch\\\/wp-content\\\/uploads\\\/2018\\\/01\\\/Depositphotos_130463326_m-2015.jpg\",\"width\":1000,\"height\":667,\"caption\":\"\u00a9 depositphotos, kaninstudio\"},{\"@type\":\"BreadcrumbList\",\"@id\":\"https:\\\/\\\/news.save.ch\\\/fast-40-weniger-todesopfer\\\/#breadcrumb\",\"itemListElement\":[{\"@type\":\"ListItem\",\"position\":1,\"name\":\"Home\",\"item\":\"https:\\\/\\\/news.save.ch\\\/de\\\/\"},{\"@type\":\"ListItem\",\"position\":2,\"name\":\"Fast 40% weniger Todesopfer\"}]},{\"@type\":\"WebSite\",\"@id\":\"https:\\\/\\\/news.save.ch\\\/de\\\/#website\",\"url\":\"https:\\\/\\\/news.save.ch\\\/de\\\/\",\"name\":\"Save\",\"description\":\"Schweizer Fachzeitschrift f\u00fcr Sicherheit\",\"publisher\":{\"@id\":\"https:\\\/\\\/news.save.ch\\\/de\\\/#organization\"},\"potentialAction\":[{\"@type\":\"SearchAction\",\"target\":{\"@type\":\"EntryPoint\",\"urlTemplate\":\"https:\\\/\\\/news.save.ch\\\/de\\\/?s={search_term_string}\"},\"query-input\":{\"@type\":\"PropertyValueSpecification\",\"valueRequired\":true,\"valueName\":\"search_term_string\"}}],\"inLanguage\":\"fr-FR\"},{\"@type\":\"Organization\",\"@id\":\"https:\\\/\\\/news.save.ch\\\/de\\\/#organization\",\"name\":\"Sicherheitsforum\",\"url\":\"https:\\\/\\\/news.save.ch\\\/de\\\/\",\"logo\":{\"@type\":\"ImageObject\",\"inLanguage\":\"fr-FR\",\"@id\":\"https:\\\/\\\/news.save.ch\\\/de\\\/#\\\/schema\\\/logo\\\/image\\\/\",\"url\":\"https:\\\/\\\/news.save.ch\\\/wp-content\\\/uploads\\\/2022\\\/06\\\/Logo_SF_2012.png\",\"contentUrl\":\"https:\\\/\\\/news.save.ch\\\/wp-content\\\/uploads\\\/2022\\\/06\\\/Logo_SF_2012.png\",\"width\":1100,\"height\":91,\"caption\":\"Sicherheitsforum\"},\"image\":{\"@id\":\"https:\\\/\\\/news.save.ch\\\/de\\\/#\\\/schema\\\/logo\\\/image\\\/\"}},{\"@type\":\"Person\",\"@id\":\"https:\\\/\\\/news.save.ch\\\/de\\\/#\\\/schema\\\/person\\\/d5022db048e0e2b9785c50e5b24da5aa\",\"name\":\"Roger Str\u00e4ssle\",\"image\":{\"@type\":\"ImageObject\",\"inLanguage\":\"fr-FR\",\"@id\":\"https:\\\/\\\/secure.gravatar.com\\\/avatar\\\/862a5569d087de48e5856e32f45d719a03804c891d6deb8d4f71a660e79e4a47?s=96&d=mm&r=g\",\"url\":\"https:\\\/\\\/secure.gravatar.com\\\/avatar\\\/862a5569d087de48e5856e32f45d719a03804c891d6deb8d4f71a660e79e4a47?s=96&d=mm&r=g\",\"contentUrl\":\"https:\\\/\\\/secure.gravatar.com\\\/avatar\\\/862a5569d087de48e5856e32f45d719a03804c891d6deb8d4f71a660e79e4a47?s=96&d=mm&r=g\",\"caption\":\"Roger Str\u00e4ssle\"},\"url\":\"https:\\\/\\\/news.save.ch\\\/fr\\\/author\\\/roger-straessle\\\/\"}]}<\/script>\n<!-- \/ Yoast SEO plugin. -->","yoast_head_json":{"title":"Pr\u00e8s de 40% de morts en moins - Save","description":"Selon les statistiques polici\u00e8res de la criminalit\u00e9, 38% de personnes en moins ont \u00e9t\u00e9 tu\u00e9es entre 2009 et 2016 par rapport \u00e0 la p\u00e9riode de la derni\u00e8re \u00e9tude (ann\u00e9es 2000 \u00e0 2004).","robots":{"index":"index","follow":"follow","max-snippet":"max-snippet:-1","max-image-preview":"max-image-preview:large","max-video-preview":"max-video-preview:-1"},"canonical":"https:\/\/news.save.ch\/fr\/fast-40-weniger-todesopfer\/","og_locale":"fr_FR","og_type":"article","og_title":"Fast 40% weniger Todesopfer - Save","og_description":"Gem\u00e4ss polizeilicher Kriminalstatistik wurden zwischen 2009 und 2016 38% weniger Personen get\u00f6tet als im Zeitraum der letzten Studie (Jahre 2000 bis 2004).","og_url":"https:\/\/news.save.ch\/fr\/fast-40-weniger-todesopfer\/","og_site_name":"Save","article_published_time":"2018-01-22T09:42:37+00:00","og_image":[{"width":1000,"height":667,"url":"https:\/\/news.save.ch\/wp-content\/uploads\/2018\/01\/Depositphotos_130463326_m-2015.jpg","type":"image\/jpeg"}],"author":"Roger Str\u00e4ssle","twitter_card":"summary_large_image","twitter_misc":{"\u00c9crit par":"Roger Str\u00e4ssle","Dur\u00e9e de lecture estim\u00e9e":"2 minutes"},"schema":{"@context":"https:\/\/schema.org","@graph":[{"@type":"Article","@id":"https:\/\/news.save.ch\/fast-40-weniger-todesopfer\/#article","isPartOf":{"@id":"https:\/\/news.save.ch\/fast-40-weniger-todesopfer\/"},"author":{"name":"Roger Str\u00e4ssle","@id":"https:\/\/news.save.ch\/de\/#\/schema\/person\/d5022db048e0e2b9785c50e5b24da5aa"},"headline":"Fast 40% weniger Todesopfer","datePublished":"2018-01-22T09:42:37+00:00","mainEntityOfPage":{"@id":"https:\/\/news.save.ch\/fast-40-weniger-todesopfer\/"},"wordCount":499,"commentCount":0,"publisher":{"@id":"https:\/\/news.save.ch\/de\/#organization"},"image":{"@id":"https:\/\/news.save.ch\/fast-40-weniger-todesopfer\/#primaryimage"},"thumbnailUrl":"https:\/\/news.save.ch\/wp-content\/uploads\/2018\/01\/Depositphotos_130463326_m-2015.jpg","keywords":["Kriminalit\u00e4t","Polizei","Schweizerische Kriminalstatistik"],"articleSection":["ALLGEMEIN"],"inLanguage":"fr-FR"},{"@type":"WebPage","@id":"https:\/\/news.save.ch\/fast-40-weniger-todesopfer\/","url":"https:\/\/news.save.ch\/fast-40-weniger-todesopfer\/","name":"Pr\u00e8s de 40% de morts en moins - Save","isPartOf":{"@id":"https:\/\/news.save.ch\/de\/#website"},"primaryImageOfPage":{"@id":"https:\/\/news.save.ch\/fast-40-weniger-todesopfer\/#primaryimage"},"image":{"@id":"https:\/\/news.save.ch\/fast-40-weniger-todesopfer\/#primaryimage"},"thumbnailUrl":"https:\/\/news.save.ch\/wp-content\/uploads\/2018\/01\/Depositphotos_130463326_m-2015.jpg","datePublished":"2018-01-22T09:42:37+00:00","description":"Selon les statistiques polici\u00e8res de la criminalit\u00e9, 38% de personnes en moins ont \u00e9t\u00e9 tu\u00e9es entre 2009 et 2016 par rapport \u00e0 la p\u00e9riode de la derni\u00e8re \u00e9tude (ann\u00e9es 2000 \u00e0 2004).","breadcrumb":{"@id":"https:\/\/news.save.ch\/fast-40-weniger-todesopfer\/#breadcrumb"},"inLanguage":"fr-FR","potentialAction":[{"@type":"ReadAction","target":["https:\/\/news.save.ch\/fast-40-weniger-todesopfer\/"]}]},{"@type":"ImageObject","inLanguage":"fr-FR","@id":"https:\/\/news.save.ch\/fast-40-weniger-todesopfer\/#primaryimage","url":"https:\/\/news.save.ch\/wp-content\/uploads\/2018\/01\/Depositphotos_130463326_m-2015.jpg","contentUrl":"https:\/\/news.save.ch\/wp-content\/uploads\/2018\/01\/Depositphotos_130463326_m-2015.jpg","width":1000,"height":667,"caption":"\u00a9 depositphotos, kaninstudio"},{"@type":"BreadcrumbList","@id":"https:\/\/news.save.ch\/fast-40-weniger-todesopfer\/#breadcrumb","itemListElement":[{"@type":"ListItem","position":1,"name":"Home","item":"https:\/\/news.save.ch\/de\/"},{"@type":"ListItem","position":2,"name":"Fast 40% weniger Todesopfer"}]},{"@type":"WebSite","@id":"https:\/\/news.save.ch\/de\/#website","url":"https:\/\/news.save.ch\/de\/","name":"Save","description":"Revue suisse sp\u00e9cialis\u00e9e dans la s\u00e9curit\u00e9","publisher":{"@id":"https:\/\/news.save.ch\/de\/#organization"},"potentialAction":[{"@type":"SearchAction","target":{"@type":"EntryPoint","urlTemplate":"https:\/\/news.save.ch\/de\/?s={search_term_string}"},"query-input":{"@type":"PropertyValueSpecification","valueRequired":true,"valueName":"search_term_string"}}],"inLanguage":"fr-FR"},{"@type":"Organization","@id":"https:\/\/news.save.ch\/de\/#organization","name":"Forum sur la s\u00e9curit\u00e9","url":"https:\/\/news.save.ch\/de\/","logo":{"@type":"ImageObject","inLanguage":"fr-FR","@id":"https:\/\/news.save.ch\/de\/#\/schema\/logo\/image\/","url":"https:\/\/news.save.ch\/wp-content\/uploads\/2022\/06\/Logo_SF_2012.png","contentUrl":"https:\/\/news.save.ch\/wp-content\/uploads\/2022\/06\/Logo_SF_2012.png","width":1100,"height":91,"caption":"Sicherheitsforum"},"image":{"@id":"https:\/\/news.save.ch\/de\/#\/schema\/logo\/image\/"}},{"@type":"Person","@id":"https:\/\/news.save.ch\/de\/#\/schema\/person\/d5022db048e0e2b9785c50e5b24da5aa","name":"Roger Str\u00e4ssle","image":{"@type":"ImageObject","inLanguage":"fr-FR","@id":"https:\/\/secure.gravatar.com\/avatar\/862a5569d087de48e5856e32f45d719a03804c891d6deb8d4f71a660e79e4a47?s=96&d=mm&r=g","url":"https:\/\/secure.gravatar.com\/avatar\/862a5569d087de48e5856e32f45d719a03804c891d6deb8d4f71a660e79e4a47?s=96&d=mm&r=g","contentUrl":"https:\/\/secure.gravatar.com\/avatar\/862a5569d087de48e5856e32f45d719a03804c891d6deb8d4f71a660e79e4a47?s=96&d=mm&r=g","caption":"Roger Str\u00e4ssle"},"url":"https:\/\/news.save.ch\/fr\/author\/roger-straessle\/"}]}},"_links":{"self":[{"href":"https:\/\/news.save.ch\/fr\/wp-json\/wp\/v2\/posts\/5893","targetHints":{"allow":["GET"]}}],"collection":[{"href":"https:\/\/news.save.ch\/fr\/wp-json\/wp\/v2\/posts"}],"about":[{"href":"https:\/\/news.save.ch\/fr\/wp-json\/wp\/v2\/types\/post"}],"author":[{"embeddable":true,"href":"https:\/\/news.save.ch\/fr\/wp-json\/wp\/v2\/users\/8"}],"replies":[{"embeddable":true,"href":"https:\/\/news.save.ch\/fr\/wp-json\/wp\/v2\/comments?post=5893"}],"version-history":[{"count":0,"href":"https:\/\/news.save.ch\/fr\/wp-json\/wp\/v2\/posts\/5893\/revisions"}],"wp:featuredmedia":[{"embeddable":true,"href":"https:\/\/news.save.ch\/fr\/wp-json\/wp\/v2\/media\/5894"}],"wp:attachment":[{"href":"https:\/\/news.save.ch\/fr\/wp-json\/wp\/v2\/media?parent=5893"}],"wp:term":[{"taxonomy":"category","embeddable":true,"href":"https:\/\/news.save.ch\/fr\/wp-json\/wp\/v2\/categories?post=5893"},{"taxonomy":"post_tag","embeddable":true,"href":"https:\/\/news.save.ch\/fr\/wp-json\/wp\/v2\/tags?post=5893"}],"curies":[{"name":"wp","href":"https:\/\/api.w.org\/{rel}","templated":true}]}}