{"id":6083,"date":"2018-03-05T06:31:16","date_gmt":"2018-03-05T05:31:16","guid":{"rendered":"https:\/\/news.save.ch\/?p=6083"},"modified":"2018-03-05T06:31:16","modified_gmt":"2018-03-05T05:31:16","slug":"bundesstab-bevoelkerungsschutz-mit-erweiterten-aufgaben","status":null,"type":"post","link":"https:\/\/news.save.ch\/fr\/bundesstab-bevoelkerungsschutz-mit-erweiterten-aufgaben\/","title":{"rendered":"\u00c9tat-major f\u00e9d\u00e9ral de la protection de la population aux t\u00e2ches \u00e9largies"},"content":{"rendered":"<figure id=\"attachment_6084\" aria-describedby=\"caption-attachment-6084\" style=\"width: 680px\" class=\"wp-caption aligncenter\"><img loading=\"lazy\" decoding=\"async\" class=\"size-medium wp-image-6084\" src=\"https:\/\/news.save.ch\/wp-content\/uploads\/2018\/03\/Depositphotos_5940461_m-2015.jpg\" alt=\"\" width=\"680\" height=\"575\" srcset=\"https:\/\/news.save.ch\/wp-content\/uploads\/2018\/03\/Depositphotos_5940461_m-2015.jpg 1000w, https:\/\/news.save.ch\/wp-content\/uploads\/2018\/03\/Depositphotos_5940461_m-2015-355x300.jpg 355w\" sizes=\"auto, (max-width: 680px) 100vw, 680px\" \/><figcaption id=\"caption-attachment-6084\" class=\"wp-caption-text\">\u00a9 depositphotos, dsabo<\/figcaption><\/figure>\n<p>L'\u00e9tat-major f\u00e9d\u00e9ral en cas d'\u00e9v\u00e9nement atomique, biologique ou chimique ainsi qu'en cas d'\u00e9v\u00e9nement naturel (EMF ABCN) existe depuis 2011 et coordonne les interventions en cas de <a href=\"https:\/\/news.save.ch\/fr\/hitzewelle-unter-den-top-3-risiken-der-schweiz\/\">Catastrophes et situations d'urgence<\/a> dans ses domaines de comp\u00e9tence. Diff\u00e9rents \u00e9v\u00e9nements et exercices ont mis en \u00e9vidence la n\u00e9cessit\u00e9 d'\u00e9largir l'\u00e9ventail des interventions. Les cantons ont \u00e9galement r\u00e9clam\u00e9 \u00e0 plusieurs reprises un organe op\u00e9rationnel unique au niveau f\u00e9d\u00e9ral pour tous les \u00e9v\u00e9nements touchant \u00e0 la protection de la population.<\/p>\n<h2>Spectre d'utilisation \u00e9largi<\/h2>\n<p>Le Conseil f\u00e9d\u00e9ral a maintenant \u00e9largi les t\u00e2ches de l'\u00e9tat-major f\u00e9d\u00e9ral. Son champ d'action englobera d\u00e9sormais des menaces telles qu'un tremblement de terre, une pand\u00e9mie, un accident dans une centrale nucl\u00e9aire, mais aussi une panne de courant majeure ou une situation de p\u00e9nurie d'\u00e9lectricit\u00e9. A cet effet, le Conseil f\u00e9d\u00e9ral a adopt\u00e9 une r\u00e9vision totale de l'ordonnance correspondante et l'a mise en vigueur au 1er avril 2018 (voir aussi <a href=\"https:\/\/www.newsd.admin.ch\/newsd\/message\/attachments\/51523.pdf\">Explication<\/a>).<\/p>\n<p>Avec ce d\u00e9veloppement, le Conseil f\u00e9d\u00e9ral renforce la collaboration avec les cantons, les exploitants d'infrastructures critiques et les services f\u00e9d\u00e9raux. Il s'agit ainsi de mieux prot\u00e9ger la population et de pr\u00e9venir ou de limiter les dommages. En raison de l'\u00e9largissement de son champ d'action, l'\u00e9tat-major s'appelle d\u00e9sormais Etat-major f\u00e9d\u00e9ral de la protection de la population (EMFP).<\/p>\n<h2>Organes de conduite cantonaux int\u00e9gr\u00e9s<\/h2>\n<p>D'autres modifications concernent la structure et la composition : la repr\u00e9sentation des cantons, en particulier, sera revaloris\u00e9e en int\u00e9grant, outre les conf\u00e9rences gouvernementales, les organes de conduite cantonaux (OCC). La collaboration avec les exploitants d'infrastructures critiques est \u00e9galement am\u00e9lior\u00e9e ; ceux-ci peuvent \u00eatre consult\u00e9s en cas de besoin. La Centrale nationale d'alarme de l'Office f\u00e9d\u00e9ral de la protection de la population constitue le noyau permanent d'un \u00e9l\u00e9ment d'intervention et de soutien nouvellement cr\u00e9\u00e9. La r\u00e9vision de l'ordonnance n'entra\u00eene pas de nouvelles obligations financi\u00e8res pour les unit\u00e9s organisationnelles concern\u00e9es.<\/p>\n<p><em>Communiqu\u00e9 de presse du Conseil f\u00e9d\u00e9ral<\/em><\/p>","protected":false},"excerpt":{"rendered":"<p>Der Bundesstab f\u00fcr atomare, biologische oder chemische Schadenereignisse sowie f\u00fcr Naturereignisse (BST ABCN) besteht seit 2011 und koordiniert die Eins\u00e4tze bei Katastrophen und Notlagen in seinen Bereichen. Verschiedene Ereignisse und \u00dcbungen haben deutlich gemacht, dass das Einsatzspektrum zu erweitern ist. Auch die Kantone forderten wiederholt ein einziges operatives Organ auf Bundesebene f\u00fcr alle bev\u00f6lkerungsschutzrelevanten Ereignisse. [&hellip;]<\/p>\n","protected":false},"author":8,"featured_media":6084,"comment_status":"open","ping_status":"open","sticky":false,"template":"","format":"standard","meta":{"_acf_changed":false,"pgc_sgb_lightbox_settings":"","footnotes":""},"categories":[1],"tags":[381,170],"class_list":["post-6083","post","type-post","status-publish","format-standard","has-post-thumbnail","hentry","category-allgemein","tag-katastrophe","tag-naturgefahren"],"acf":[],"hkrextid":null,"publication":null,"issue":null,"workflow":null,"startPage":null,"spitzmarke":null,"_posts_by_tag_page_fields":{"widget_title":"","widget_tags":""},"_at_widget":"1","_yoast_wpseo_primary_category":"1","_yoast_wpseo_focuskw_text_input":"Bev\u00f6lkerungsschutz","_yoast_wpseo_opengraph-image":null,"_yoast_wpseo_opengraph-description":null,"_yoast_wpseo_opengraph-title":null,"enclosure":null,"_yoast_wpseo_twitter-title":null,"_yoast_wpseo_twitter-description":null,"_yoast_wpseo_twitter-image":null,"_wp_old_slug":null,"_yoast_wpseo_title":null,"_yoast_wpseo_canonical":null,"yoast_head":"<!-- This site is optimized with the Yoast SEO plugin v27.4 - https:\/\/yoast.com\/product\/yoast-seo-wordpress\/ -->\n<title>Bundesstab Bev\u00f6lkerungsschutz mit erweiterten Aufgaben - Save<\/title>\n<meta name=\"description\" content=\"Der Bundesstab Bev\u00f6lkerungsschutz ist neu f\u00fcr die Bew\u00e4ltigung aller bev\u00f6lkerungsschutzrelevanten Ereignisse auf Bundesebene zust\u00e4ndig.\" \/>\n<meta name=\"robots\" content=\"index, follow, max-snippet:-1, max-image-preview:large, max-video-preview:-1\" \/>\n<link rel=\"canonical\" href=\"https:\/\/news.save.ch\/fr\/bundesstab-bevoelkerungsschutz-mit-erweiterten-aufgaben\/\" \/>\n<meta property=\"og:locale\" content=\"fr_FR\" \/>\n<meta property=\"og:type\" content=\"article\" \/>\n<meta property=\"og:title\" content=\"Bundesstab Bev\u00f6lkerungsschutz mit erweiterten Aufgaben - Save\" \/>\n<meta property=\"og:description\" content=\"Der Bundesstab Bev\u00f6lkerungsschutz ist neu f\u00fcr die Bew\u00e4ltigung aller bev\u00f6lkerungsschutzrelevanten Ereignisse auf Bundesebene zust\u00e4ndig.\" \/>\n<meta property=\"og:url\" content=\"https:\/\/news.save.ch\/fr\/bundesstab-bevoelkerungsschutz-mit-erweiterten-aufgaben\/\" \/>\n<meta property=\"og:site_name\" content=\"Save\" \/>\n<meta property=\"article:published_time\" content=\"2018-03-05T05:31:16+00:00\" \/>\n<meta property=\"og:image\" content=\"https:\/\/news.save.ch\/wp-content\/uploads\/2018\/03\/Depositphotos_5940461_m-2015.jpg\" \/>\n\t<meta property=\"og:image:width\" content=\"1000\" \/>\n\t<meta property=\"og:image:height\" content=\"846\" \/>\n\t<meta property=\"og:image:type\" content=\"image\/jpeg\" \/>\n<meta name=\"author\" content=\"Roger Str\u00e4ssle\" \/>\n<meta name=\"twitter:card\" content=\"summary_large_image\" \/>\n<meta name=\"twitter:label1\" content=\"\u00c9crit par\" \/>\n\t<meta name=\"twitter:data1\" content=\"Roger Str\u00e4ssle\" \/>\n\t<meta name=\"twitter:label2\" content=\"Dur\u00e9e de lecture estim\u00e9e\" \/>\n\t<meta name=\"twitter:data2\" content=\"1 minute\" \/>\n<script type=\"application\/ld+json\" class=\"yoast-schema-graph\">{\"@context\":\"https:\\\/\\\/schema.org\",\"@graph\":[{\"@type\":\"Article\",\"@id\":\"https:\\\/\\\/news.save.ch\\\/bundesstab-bevoelkerungsschutz-mit-erweiterten-aufgaben\\\/#article\",\"isPartOf\":{\"@id\":\"https:\\\/\\\/news.save.ch\\\/bundesstab-bevoelkerungsschutz-mit-erweiterten-aufgaben\\\/\"},\"author\":{\"name\":\"Roger Str\u00e4ssle\",\"@id\":\"https:\\\/\\\/news.save.ch\\\/de\\\/#\\\/schema\\\/person\\\/d5022db048e0e2b9785c50e5b24da5aa\"},\"headline\":\"Bundesstab Bev\u00f6lkerungsschutz mit erweiterten Aufgaben\",\"datePublished\":\"2018-03-05T05:31:16+00:00\",\"mainEntityOfPage\":{\"@id\":\"https:\\\/\\\/news.save.ch\\\/bundesstab-bevoelkerungsschutz-mit-erweiterten-aufgaben\\\/\"},\"wordCount\":256,\"commentCount\":0,\"publisher\":{\"@id\":\"https:\\\/\\\/news.save.ch\\\/de\\\/#organization\"},\"image\":{\"@id\":\"https:\\\/\\\/news.save.ch\\\/bundesstab-bevoelkerungsschutz-mit-erweiterten-aufgaben\\\/#primaryimage\"},\"thumbnailUrl\":\"https:\\\/\\\/news.save.ch\\\/wp-content\\\/uploads\\\/2018\\\/03\\\/Depositphotos_5940461_m-2015.jpg\",\"keywords\":[\"Katastrophe\",\"Naturgefahren\"],\"articleSection\":[\"ALLGEMEIN\"],\"inLanguage\":\"fr-FR\"},{\"@type\":\"WebPage\",\"@id\":\"https:\\\/\\\/news.save.ch\\\/bundesstab-bevoelkerungsschutz-mit-erweiterten-aufgaben\\\/\",\"url\":\"https:\\\/\\\/news.save.ch\\\/bundesstab-bevoelkerungsschutz-mit-erweiterten-aufgaben\\\/\",\"name\":\"Bundesstab Bev\u00f6lkerungsschutz mit erweiterten Aufgaben - Save\",\"isPartOf\":{\"@id\":\"https:\\\/\\\/news.save.ch\\\/de\\\/#website\"},\"primaryImageOfPage\":{\"@id\":\"https:\\\/\\\/news.save.ch\\\/bundesstab-bevoelkerungsschutz-mit-erweiterten-aufgaben\\\/#primaryimage\"},\"image\":{\"@id\":\"https:\\\/\\\/news.save.ch\\\/bundesstab-bevoelkerungsschutz-mit-erweiterten-aufgaben\\\/#primaryimage\"},\"thumbnailUrl\":\"https:\\\/\\\/news.save.ch\\\/wp-content\\\/uploads\\\/2018\\\/03\\\/Depositphotos_5940461_m-2015.jpg\",\"datePublished\":\"2018-03-05T05:31:16+00:00\",\"description\":\"Der Bundesstab Bev\u00f6lkerungsschutz ist neu f\u00fcr die Bew\u00e4ltigung aller bev\u00f6lkerungsschutzrelevanten Ereignisse auf Bundesebene zust\u00e4ndig.\",\"breadcrumb\":{\"@id\":\"https:\\\/\\\/news.save.ch\\\/bundesstab-bevoelkerungsschutz-mit-erweiterten-aufgaben\\\/#breadcrumb\"},\"inLanguage\":\"fr-FR\",\"potentialAction\":[{\"@type\":\"ReadAction\",\"target\":[\"https:\\\/\\\/news.save.ch\\\/bundesstab-bevoelkerungsschutz-mit-erweiterten-aufgaben\\\/\"]}]},{\"@type\":\"ImageObject\",\"inLanguage\":\"fr-FR\",\"@id\":\"https:\\\/\\\/news.save.ch\\\/bundesstab-bevoelkerungsschutz-mit-erweiterten-aufgaben\\\/#primaryimage\",\"url\":\"https:\\\/\\\/news.save.ch\\\/wp-content\\\/uploads\\\/2018\\\/03\\\/Depositphotos_5940461_m-2015.jpg\",\"contentUrl\":\"https:\\\/\\\/news.save.ch\\\/wp-content\\\/uploads\\\/2018\\\/03\\\/Depositphotos_5940461_m-2015.jpg\",\"width\":1000,\"height\":846,\"caption\":\"\u00a9 depositphotos, dsabo\"},{\"@type\":\"BreadcrumbList\",\"@id\":\"https:\\\/\\\/news.save.ch\\\/bundesstab-bevoelkerungsschutz-mit-erweiterten-aufgaben\\\/#breadcrumb\",\"itemListElement\":[{\"@type\":\"ListItem\",\"position\":1,\"name\":\"Home\",\"item\":\"https:\\\/\\\/news.save.ch\\\/de\\\/\"},{\"@type\":\"ListItem\",\"position\":2,\"name\":\"Bundesstab Bev\u00f6lkerungsschutz mit erweiterten Aufgaben\"}]},{\"@type\":\"WebSite\",\"@id\":\"https:\\\/\\\/news.save.ch\\\/de\\\/#website\",\"url\":\"https:\\\/\\\/news.save.ch\\\/de\\\/\",\"name\":\"Save\",\"description\":\"Schweizer Fachzeitschrift f\u00fcr Sicherheit\",\"publisher\":{\"@id\":\"https:\\\/\\\/news.save.ch\\\/de\\\/#organization\"},\"potentialAction\":[{\"@type\":\"SearchAction\",\"target\":{\"@type\":\"EntryPoint\",\"urlTemplate\":\"https:\\\/\\\/news.save.ch\\\/de\\\/?s={search_term_string}\"},\"query-input\":{\"@type\":\"PropertyValueSpecification\",\"valueRequired\":true,\"valueName\":\"search_term_string\"}}],\"inLanguage\":\"fr-FR\"},{\"@type\":\"Organization\",\"@id\":\"https:\\\/\\\/news.save.ch\\\/de\\\/#organization\",\"name\":\"Sicherheitsforum\",\"url\":\"https:\\\/\\\/news.save.ch\\\/de\\\/\",\"logo\":{\"@type\":\"ImageObject\",\"inLanguage\":\"fr-FR\",\"@id\":\"https:\\\/\\\/news.save.ch\\\/de\\\/#\\\/schema\\\/logo\\\/image\\\/\",\"url\":\"https:\\\/\\\/news.save.ch\\\/wp-content\\\/uploads\\\/2022\\\/06\\\/Logo_SF_2012.png\",\"contentUrl\":\"https:\\\/\\\/news.save.ch\\\/wp-content\\\/uploads\\\/2022\\\/06\\\/Logo_SF_2012.png\",\"width\":1100,\"height\":91,\"caption\":\"Sicherheitsforum\"},\"image\":{\"@id\":\"https:\\\/\\\/news.save.ch\\\/de\\\/#\\\/schema\\\/logo\\\/image\\\/\"}},{\"@type\":\"Person\",\"@id\":\"https:\\\/\\\/news.save.ch\\\/de\\\/#\\\/schema\\\/person\\\/d5022db048e0e2b9785c50e5b24da5aa\",\"name\":\"Roger Str\u00e4ssle\",\"image\":{\"@type\":\"ImageObject\",\"inLanguage\":\"fr-FR\",\"@id\":\"https:\\\/\\\/secure.gravatar.com\\\/avatar\\\/862a5569d087de48e5856e32f45d719a03804c891d6deb8d4f71a660e79e4a47?s=96&d=mm&r=g\",\"url\":\"https:\\\/\\\/secure.gravatar.com\\\/avatar\\\/862a5569d087de48e5856e32f45d719a03804c891d6deb8d4f71a660e79e4a47?s=96&d=mm&r=g\",\"contentUrl\":\"https:\\\/\\\/secure.gravatar.com\\\/avatar\\\/862a5569d087de48e5856e32f45d719a03804c891d6deb8d4f71a660e79e4a47?s=96&d=mm&r=g\",\"caption\":\"Roger Str\u00e4ssle\"},\"url\":\"https:\\\/\\\/news.save.ch\\\/fr\\\/author\\\/roger-straessle\\\/\"}]}<\/script>\n<!-- \/ Yoast SEO plugin. -->","yoast_head_json":{"title":"\u00c9tat-major f\u00e9d\u00e9ral de la protection de la population aux t\u00e2ches \u00e9largies - Save","description":"L'\u00e9tat-major f\u00e9d\u00e9ral de la protection de la population est d\u00e9sormais responsable de la gestion de tous les \u00e9v\u00e9nements touchant \u00e0 la protection de la population au niveau f\u00e9d\u00e9ral.","robots":{"index":"index","follow":"follow","max-snippet":"max-snippet:-1","max-image-preview":"max-image-preview:large","max-video-preview":"max-video-preview:-1"},"canonical":"https:\/\/news.save.ch\/fr\/bundesstab-bevoelkerungsschutz-mit-erweiterten-aufgaben\/","og_locale":"fr_FR","og_type":"article","og_title":"Bundesstab Bev\u00f6lkerungsschutz mit erweiterten Aufgaben - Save","og_description":"Der Bundesstab Bev\u00f6lkerungsschutz ist neu f\u00fcr die Bew\u00e4ltigung aller bev\u00f6lkerungsschutzrelevanten Ereignisse auf Bundesebene zust\u00e4ndig.","og_url":"https:\/\/news.save.ch\/fr\/bundesstab-bevoelkerungsschutz-mit-erweiterten-aufgaben\/","og_site_name":"Save","article_published_time":"2018-03-05T05:31:16+00:00","og_image":[{"width":1000,"height":846,"url":"https:\/\/news.save.ch\/wp-content\/uploads\/2018\/03\/Depositphotos_5940461_m-2015.jpg","type":"image\/jpeg"}],"author":"Roger Str\u00e4ssle","twitter_card":"summary_large_image","twitter_misc":{"\u00c9crit par":"Roger Str\u00e4ssle","Dur\u00e9e de lecture estim\u00e9e":"1 minute"},"schema":{"@context":"https:\/\/schema.org","@graph":[{"@type":"Article","@id":"https:\/\/news.save.ch\/bundesstab-bevoelkerungsschutz-mit-erweiterten-aufgaben\/#article","isPartOf":{"@id":"https:\/\/news.save.ch\/bundesstab-bevoelkerungsschutz-mit-erweiterten-aufgaben\/"},"author":{"name":"Roger Str\u00e4ssle","@id":"https:\/\/news.save.ch\/de\/#\/schema\/person\/d5022db048e0e2b9785c50e5b24da5aa"},"headline":"Bundesstab Bev\u00f6lkerungsschutz mit erweiterten Aufgaben","datePublished":"2018-03-05T05:31:16+00:00","mainEntityOfPage":{"@id":"https:\/\/news.save.ch\/bundesstab-bevoelkerungsschutz-mit-erweiterten-aufgaben\/"},"wordCount":256,"commentCount":0,"publisher":{"@id":"https:\/\/news.save.ch\/de\/#organization"},"image":{"@id":"https:\/\/news.save.ch\/bundesstab-bevoelkerungsschutz-mit-erweiterten-aufgaben\/#primaryimage"},"thumbnailUrl":"https:\/\/news.save.ch\/wp-content\/uploads\/2018\/03\/Depositphotos_5940461_m-2015.jpg","keywords":["Katastrophe","Naturgefahren"],"articleSection":["ALLGEMEIN"],"inLanguage":"fr-FR"},{"@type":"WebPage","@id":"https:\/\/news.save.ch\/bundesstab-bevoelkerungsschutz-mit-erweiterten-aufgaben\/","url":"https:\/\/news.save.ch\/bundesstab-bevoelkerungsschutz-mit-erweiterten-aufgaben\/","name":"\u00c9tat-major f\u00e9d\u00e9ral de la protection de la population aux t\u00e2ches \u00e9largies - Save","isPartOf":{"@id":"https:\/\/news.save.ch\/de\/#website"},"primaryImageOfPage":{"@id":"https:\/\/news.save.ch\/bundesstab-bevoelkerungsschutz-mit-erweiterten-aufgaben\/#primaryimage"},"image":{"@id":"https:\/\/news.save.ch\/bundesstab-bevoelkerungsschutz-mit-erweiterten-aufgaben\/#primaryimage"},"thumbnailUrl":"https:\/\/news.save.ch\/wp-content\/uploads\/2018\/03\/Depositphotos_5940461_m-2015.jpg","datePublished":"2018-03-05T05:31:16+00:00","description":"L'\u00e9tat-major f\u00e9d\u00e9ral de la protection de la population est d\u00e9sormais responsable de la gestion de tous les \u00e9v\u00e9nements touchant \u00e0 la protection de la population au niveau f\u00e9d\u00e9ral.","breadcrumb":{"@id":"https:\/\/news.save.ch\/bundesstab-bevoelkerungsschutz-mit-erweiterten-aufgaben\/#breadcrumb"},"inLanguage":"fr-FR","potentialAction":[{"@type":"ReadAction","target":["https:\/\/news.save.ch\/bundesstab-bevoelkerungsschutz-mit-erweiterten-aufgaben\/"]}]},{"@type":"ImageObject","inLanguage":"fr-FR","@id":"https:\/\/news.save.ch\/bundesstab-bevoelkerungsschutz-mit-erweiterten-aufgaben\/#primaryimage","url":"https:\/\/news.save.ch\/wp-content\/uploads\/2018\/03\/Depositphotos_5940461_m-2015.jpg","contentUrl":"https:\/\/news.save.ch\/wp-content\/uploads\/2018\/03\/Depositphotos_5940461_m-2015.jpg","width":1000,"height":846,"caption":"\u00a9 depositphotos, dsabo"},{"@type":"BreadcrumbList","@id":"https:\/\/news.save.ch\/bundesstab-bevoelkerungsschutz-mit-erweiterten-aufgaben\/#breadcrumb","itemListElement":[{"@type":"ListItem","position":1,"name":"Home","item":"https:\/\/news.save.ch\/de\/"},{"@type":"ListItem","position":2,"name":"Bundesstab Bev\u00f6lkerungsschutz mit erweiterten Aufgaben"}]},{"@type":"WebSite","@id":"https:\/\/news.save.ch\/de\/#website","url":"https:\/\/news.save.ch\/de\/","name":"Save","description":"Revue suisse sp\u00e9cialis\u00e9e dans la s\u00e9curit\u00e9","publisher":{"@id":"https:\/\/news.save.ch\/de\/#organization"},"potentialAction":[{"@type":"SearchAction","target":{"@type":"EntryPoint","urlTemplate":"https:\/\/news.save.ch\/de\/?s={search_term_string}"},"query-input":{"@type":"PropertyValueSpecification","valueRequired":true,"valueName":"search_term_string"}}],"inLanguage":"fr-FR"},{"@type":"Organization","@id":"https:\/\/news.save.ch\/de\/#organization","name":"Forum sur la s\u00e9curit\u00e9","url":"https:\/\/news.save.ch\/de\/","logo":{"@type":"ImageObject","inLanguage":"fr-FR","@id":"https:\/\/news.save.ch\/de\/#\/schema\/logo\/image\/","url":"https:\/\/news.save.ch\/wp-content\/uploads\/2022\/06\/Logo_SF_2012.png","contentUrl":"https:\/\/news.save.ch\/wp-content\/uploads\/2022\/06\/Logo_SF_2012.png","width":1100,"height":91,"caption":"Sicherheitsforum"},"image":{"@id":"https:\/\/news.save.ch\/de\/#\/schema\/logo\/image\/"}},{"@type":"Person","@id":"https:\/\/news.save.ch\/de\/#\/schema\/person\/d5022db048e0e2b9785c50e5b24da5aa","name":"Roger Str\u00e4ssle","image":{"@type":"ImageObject","inLanguage":"fr-FR","@id":"https:\/\/secure.gravatar.com\/avatar\/862a5569d087de48e5856e32f45d719a03804c891d6deb8d4f71a660e79e4a47?s=96&d=mm&r=g","url":"https:\/\/secure.gravatar.com\/avatar\/862a5569d087de48e5856e32f45d719a03804c891d6deb8d4f71a660e79e4a47?s=96&d=mm&r=g","contentUrl":"https:\/\/secure.gravatar.com\/avatar\/862a5569d087de48e5856e32f45d719a03804c891d6deb8d4f71a660e79e4a47?s=96&d=mm&r=g","caption":"Roger Str\u00e4ssle"},"url":"https:\/\/news.save.ch\/fr\/author\/roger-straessle\/"}]}},"_links":{"self":[{"href":"https:\/\/news.save.ch\/fr\/wp-json\/wp\/v2\/posts\/6083","targetHints":{"allow":["GET"]}}],"collection":[{"href":"https:\/\/news.save.ch\/fr\/wp-json\/wp\/v2\/posts"}],"about":[{"href":"https:\/\/news.save.ch\/fr\/wp-json\/wp\/v2\/types\/post"}],"author":[{"embeddable":true,"href":"https:\/\/news.save.ch\/fr\/wp-json\/wp\/v2\/users\/8"}],"replies":[{"embeddable":true,"href":"https:\/\/news.save.ch\/fr\/wp-json\/wp\/v2\/comments?post=6083"}],"version-history":[{"count":0,"href":"https:\/\/news.save.ch\/fr\/wp-json\/wp\/v2\/posts\/6083\/revisions"}],"wp:featuredmedia":[{"embeddable":true,"href":"https:\/\/news.save.ch\/fr\/wp-json\/wp\/v2\/media\/6084"}],"wp:attachment":[{"href":"https:\/\/news.save.ch\/fr\/wp-json\/wp\/v2\/media?parent=6083"}],"wp:term":[{"taxonomy":"category","embeddable":true,"href":"https:\/\/news.save.ch\/fr\/wp-json\/wp\/v2\/categories?post=6083"},{"taxonomy":"post_tag","embeddable":true,"href":"https:\/\/news.save.ch\/fr\/wp-json\/wp\/v2\/tags?post=6083"}],"curies":[{"name":"wp","href":"https:\/\/api.w.org\/{rel}","templated":true}]}}