{"id":609,"date":"2015-10-18T14:03:29","date_gmt":"2015-10-18T12:03:29","guid":{"rendered":"http:\/\/dev.safety-plus.ch\/?p=609"},"modified":"2023-03-14T09:03:05","modified_gmt":"2023-03-14T08:03:05","slug":"strahlenschutz-wird-verbessert","status":null,"type":"post","link":"https:\/\/news.save.ch\/fr\/strahlenschutz-wird-verbessert\/","title":{"rendered":"La radioprotection est am\u00e9lior\u00e9e"},"content":{"rendered":"<figure id=\"attachment_610\" aria-describedby=\"caption-attachment-610\" style=\"width: 667px\" class=\"wp-caption alignnone\"><img loading=\"lazy\" decoding=\"async\" class=\"wp-image-610 size-medium\" src=\"http:\/\/develop.safety-plus.ch\/wp-content\/uploads\/2016\/12\/Strahlenschutz-wird-verbessert_safety-plus.jpg\" alt=\"Appareil \u00e0 rayons X \u00e0 l&#039;h\u00f4pital : les examens et les traitements inutiles avec des rayons doivent \u00eatre \u00e9vit\u00e9s \u00e0 l&#039;avenir\" width=\"667\" height=\"1000\" srcset=\"https:\/\/news.save.ch\/wp-content\/uploads\/2016\/12\/Strahlenschutz-wird-verbessert_safety-plus.jpg 667w, https:\/\/news.save.ch\/wp-content\/uploads\/2016\/12\/Strahlenschutz-wird-verbessert_safety-plus-8x12.jpg 8w, https:\/\/news.save.ch\/wp-content\/uploads\/2016\/12\/Strahlenschutz-wird-verbessert_safety-plus-200x300.jpg 200w, https:\/\/news.save.ch\/wp-content\/uploads\/2016\/12\/Strahlenschutz-wird-verbessert_safety-plus-233x350.jpg 233w, https:\/\/news.save.ch\/wp-content\/uploads\/2016\/12\/Strahlenschutz-wird-verbessert_safety-plus-534x800.jpg 534w\" sizes=\"auto, (max-width: 667px) 100vw, 667px\" \/><figcaption id=\"caption-attachment-610\" class=\"wp-caption-text\">Appareil \u00e0 rayons X \u00e0 l'h\u00f4pital : les examens et les traitements inutiles avec des rayons doivent \u00eatre \u00e9vit\u00e9s \u00e0 l'avenir<\/figcaption><\/figure>\n<p>La l\u00e9gislation suisse en mati\u00e8re de radioprotection r\u00e9git la protection de la population, des patients et des personnes travaillant sur le lieu de travail contre les dangers li\u00e9s aux rayonnements ionisants artificiels et naturels. S'y ajoute la protection de l'environnement contre la radioactivit\u00e9. La r\u00e9vision permet d'adapter la l\u00e9gislation aux nouvelles connaissances scientifiques, aux d\u00e9veloppements techniques et aux directives internationales.<\/p>\n<p>Les adaptations suivantes sont au premier plan :<\/p>\n<p>Afin d'\u00e9viter les examens et traitements m\u00e9dicaux injustifi\u00e9s impliquant des rayonnements et de limiter au maximum l'exposition des patients, des audits cliniques sont mis en place. Ces audits ont lieu dans les domaines m\u00e9dicaux o\u00f9 l'on travaille avec des rayonnements ionisants, dans les h\u00f4pitaux ou les instituts de radiologie.<\/p>\n<p>En cas d'exposition professionnelle, la limite de dose pour le cristallin est abaiss\u00e9e afin de pr\u00e9venir la cataracte. Cela s'applique en particulier au personnel m\u00e9dical qui travaille avec des rayons X. Les sources naturelles de rayonnement doivent \u00e9galement \u00eatre prises en compte de mani\u00e8re accrue. Cela concerne les postes de travail fortement expos\u00e9s au radon en raison de l'environnement (p. ex. dans les usines hydrauliques ou la construction de tunnels) et les industries qui travaillent avec des mat\u00e9riaux radioactifs naturels (p. ex. lors de l'utilisation industrielle de sable de sablage). Le personnel navigant est lui aussi d\u00e9sormais consid\u00e9r\u00e9 comme expos\u00e9 aux rayonnements dans le cadre de son travail. Pour les pilotes et le personnel de cabine, les doses de rayonnement doivent donc \u00eatre calcul\u00e9es individuellement.<\/p>\n<p>La valeur de r\u00e9f\u00e9rence pour le radon, un gaz radioactif naturel, dans les habitations et les lieux de s\u00e9jour est abaiss\u00e9e. La valeur de r\u00e9f\u00e9rence est d\u00e9sormais de 300 becquerels par m\u00e8tre cube. Cela signifie que dans toute la Suisse, la charge en radon doit \u00eatre davantage prise en compte lors de la construction. La nouvelle valeur de r\u00e9f\u00e9rence doit surtout \u00eatre respect\u00e9e dans les nouvelles constructions et les r\u00e9novations.<\/p>\n<p>Les limites d'exposition de l'ordonnance sur la radioprotection sont adapt\u00e9es \u00e0 celles des directives europ\u00e9ennes. Les limites d'exemption d\u00e9finissent l'activit\u00e9 en dessous de laquelle une substance radioactive est consid\u00e9r\u00e9e comme inoffensive. L'harmonisation de ces valeurs avec celles de l'UE permet d'\u00e9viter les probl\u00e8mes lors de la circulation transfrontali\u00e8re des marchandises.<\/p>\n<p>Les sources radioactives ill\u00e9gales ou manipul\u00e9es par inadvertance doivent \u00e9galement faire l'objet d'une attention accrue. Par exemple, lors du recyclage des m\u00e9taux, des d\u00e9chets m\u00e9talliques contamin\u00e9s peuvent \u00eatre trait\u00e9s par inadvertance. Les usines d'incin\u00e9ration des ordures m\u00e9nag\u00e8res et les entreprises qui traitent des m\u00e9taux devront donc \u00e0 l'avenir surveiller, \u00e0 l'aide de proc\u00e9dures appropri\u00e9es, que de telles sources radioactives dites orphelines n'entrent pas dans le processus de traitement.<\/p>\n<p>De nouvelles dispositions sont introduites concernant la gestion des sites contamin\u00e9s radioactifs r\u00e9sultant d'activit\u00e9s ant\u00e9rieures. Celles-ci comprennent notamment des mesures et l'assainissement des sites contamin\u00e9s. L'exemple actuel est celui des pollutions au radium dues \u00e0 des travaux \u00e0 domicile pour l'industrie horlog\u00e8re dans l'Arc jurassien dans les ann\u00e9es 1960.<br \/>\nL'audition durera jusqu'\u00e0 la mi-f\u00e9vrier 2016.<\/p>","protected":false},"excerpt":{"rendered":"<p>Die Schweizerische Strahlenschutzgesetzgebung regelt den Schutz der Bev\u00f6lkerung, von Patientinnen und Patienten sowie von Personen am Arbeitsplatz vor Gef\u00e4hrdungen durch k\u00fcnstliche und nat\u00fcrliche ionisierender Strahlung. Dazu kommt der Schutz der Umwelt vor Radioaktivit\u00e4t. Mit der Revision wird die Gesetzgebung an die neuen wissenschaftlichen Erkenntnisse, die technischen Weiterentwicklungen und die internationalen Richtlinien angepasst. Im Vordergrund stehen [&hellip;]<\/p>\n","protected":false},"author":1,"featured_media":610,"comment_status":"open","ping_status":"open","sticky":false,"template":"","format":"standard","meta":{"_acf_changed":false,"pgc_sgb_lightbox_settings":"","footnotes":""},"categories":[3314],"tags":[149],"class_list":["post-609","post","type-post","status-publish","format-standard","has-post-thumbnail","hentry","category-health-safety","tag-gesundheitsschutz"],"acf":[],"hkrextid":null,"publication":null,"issue":null,"workflow":null,"startPage":null,"spitzmarke":null,"_posts_by_tag_page_fields":{"widget_title":"","widget_tags":""},"_at_widget":"1","_yoast_wpseo_primary_category":"4","_yoast_wpseo_focuskw_text_input":"Strahlenschutz","_yoast_wpseo_opengraph-image":null,"_yoast_wpseo_opengraph-description":null,"_yoast_wpseo_opengraph-title":null,"enclosure":null,"_yoast_wpseo_twitter-title":null,"_yoast_wpseo_twitter-description":null,"_yoast_wpseo_twitter-image":null,"_wp_old_slug":null,"_yoast_wpseo_title":null,"_yoast_wpseo_canonical":null,"yoast_head":"<!-- This site is optimized with the Yoast SEO plugin v27.5 - https:\/\/yoast.com\/product\/yoast-seo-wordpress\/ -->\n<title>Strahlenschutz wird verbessert - Save<\/title>\n<meta name=\"description\" content=\"Die Verordnungen im Strahlenschutz werden an die neuen internationalen Richtlinien angepasst.\" \/>\n<meta name=\"robots\" content=\"index, follow, max-snippet:-1, max-image-preview:large, max-video-preview:-1\" \/>\n<link rel=\"canonical\" href=\"https:\/\/news.save.ch\/fr\/strahlenschutz-wird-verbessert\/\" \/>\n<meta property=\"og:locale\" content=\"fr_FR\" \/>\n<meta property=\"og:type\" content=\"article\" \/>\n<meta property=\"og:title\" content=\"Strahlenschutz wird verbessert - Save\" \/>\n<meta property=\"og:description\" content=\"Die Verordnungen im Strahlenschutz werden an die neuen internationalen Richtlinien angepasst.\" \/>\n<meta property=\"og:url\" content=\"https:\/\/news.save.ch\/fr\/strahlenschutz-wird-verbessert\/\" \/>\n<meta property=\"og:site_name\" content=\"Save\" \/>\n<meta property=\"article:published_time\" content=\"2015-10-18T12:03:29+00:00\" \/>\n<meta property=\"article:modified_time\" content=\"2023-03-14T08:03:05+00:00\" \/>\n<meta property=\"og:image\" content=\"https:\/\/news.save.ch\/wp-content\/uploads\/2016\/12\/Strahlenschutz-wird-verbessert_safety-plus.jpg\" \/>\n\t<meta property=\"og:image:width\" content=\"667\" \/>\n\t<meta property=\"og:image:height\" content=\"1000\" \/>\n\t<meta property=\"og:image:type\" content=\"image\/jpeg\" \/>\n<meta name=\"author\" content=\"admin\" \/>\n<meta name=\"twitter:card\" content=\"summary_large_image\" \/>\n<meta name=\"twitter:label1\" content=\"\u00c9crit par\" \/>\n\t<meta name=\"twitter:data1\" content=\"admin\" \/>\n\t<meta name=\"twitter:label2\" content=\"Dur\u00e9e de lecture estim\u00e9e\" \/>\n\t<meta name=\"twitter:data2\" content=\"2 minutes\" \/>\n<script type=\"application\/ld+json\" class=\"yoast-schema-graph\">{\"@context\":\"https:\\\/\\\/schema.org\",\"@graph\":[{\"@type\":\"Article\",\"@id\":\"https:\\\/\\\/news.save.ch\\\/strahlenschutz-wird-verbessert\\\/#article\",\"isPartOf\":{\"@id\":\"https:\\\/\\\/news.save.ch\\\/strahlenschutz-wird-verbessert\\\/\"},\"author\":{\"name\":\"admin\",\"@id\":\"https:\\\/\\\/news.save.ch\\\/de\\\/#\\\/schema\\\/person\\\/d49e199490bad7c70d64b9ab51142f2b\"},\"headline\":\"Strahlenschutz wird verbessert\",\"datePublished\":\"2015-10-18T12:03:29+00:00\",\"dateModified\":\"2023-03-14T08:03:05+00:00\",\"mainEntityOfPage\":{\"@id\":\"https:\\\/\\\/news.save.ch\\\/strahlenschutz-wird-verbessert\\\/\"},\"wordCount\":435,\"commentCount\":0,\"publisher\":{\"@id\":\"https:\\\/\\\/news.save.ch\\\/de\\\/#organization\"},\"image\":{\"@id\":\"https:\\\/\\\/news.save.ch\\\/strahlenschutz-wird-verbessert\\\/#primaryimage\"},\"thumbnailUrl\":\"https:\\\/\\\/news.save.ch\\\/wp-content\\\/uploads\\\/2016\\\/12\\\/Strahlenschutz-wird-verbessert_safety-plus.jpg\",\"keywords\":[\"Gesundheitsschutz\"],\"articleSection\":[\"HEALTH &amp; SAFETY\"],\"inLanguage\":\"fr-FR\"},{\"@type\":\"WebPage\",\"@id\":\"https:\\\/\\\/news.save.ch\\\/strahlenschutz-wird-verbessert\\\/\",\"url\":\"https:\\\/\\\/news.save.ch\\\/strahlenschutz-wird-verbessert\\\/\",\"name\":\"Strahlenschutz wird verbessert - Save\",\"isPartOf\":{\"@id\":\"https:\\\/\\\/news.save.ch\\\/de\\\/#website\"},\"primaryImageOfPage\":{\"@id\":\"https:\\\/\\\/news.save.ch\\\/strahlenschutz-wird-verbessert\\\/#primaryimage\"},\"image\":{\"@id\":\"https:\\\/\\\/news.save.ch\\\/strahlenschutz-wird-verbessert\\\/#primaryimage\"},\"thumbnailUrl\":\"https:\\\/\\\/news.save.ch\\\/wp-content\\\/uploads\\\/2016\\\/12\\\/Strahlenschutz-wird-verbessert_safety-plus.jpg\",\"datePublished\":\"2015-10-18T12:03:29+00:00\",\"dateModified\":\"2023-03-14T08:03:05+00:00\",\"description\":\"Die Verordnungen im Strahlenschutz werden an die neuen internationalen Richtlinien angepasst.\",\"breadcrumb\":{\"@id\":\"https:\\\/\\\/news.save.ch\\\/strahlenschutz-wird-verbessert\\\/#breadcrumb\"},\"inLanguage\":\"fr-FR\",\"potentialAction\":[{\"@type\":\"ReadAction\",\"target\":[\"https:\\\/\\\/news.save.ch\\\/strahlenschutz-wird-verbessert\\\/\"]}]},{\"@type\":\"ImageObject\",\"inLanguage\":\"fr-FR\",\"@id\":\"https:\\\/\\\/news.save.ch\\\/strahlenschutz-wird-verbessert\\\/#primaryimage\",\"url\":\"https:\\\/\\\/news.save.ch\\\/wp-content\\\/uploads\\\/2016\\\/12\\\/Strahlenschutz-wird-verbessert_safety-plus.jpg\",\"contentUrl\":\"https:\\\/\\\/news.save.ch\\\/wp-content\\\/uploads\\\/2016\\\/12\\\/Strahlenschutz-wird-verbessert_safety-plus.jpg\",\"width\":667,\"height\":1000,\"caption\":\"R\u00f6ntgenger\u00e4t im Spital: Unn\u00f6tige Untersuchungen und Behandlungen mit Strahlen sollen k\u00fcnftig vermieden werden\"},{\"@type\":\"BreadcrumbList\",\"@id\":\"https:\\\/\\\/news.save.ch\\\/strahlenschutz-wird-verbessert\\\/#breadcrumb\",\"itemListElement\":[{\"@type\":\"ListItem\",\"position\":1,\"name\":\"Home\",\"item\":\"https:\\\/\\\/news.save.ch\\\/de\\\/\"},{\"@type\":\"ListItem\",\"position\":2,\"name\":\"Strahlenschutz wird verbessert\"}]},{\"@type\":\"WebSite\",\"@id\":\"https:\\\/\\\/news.save.ch\\\/de\\\/#website\",\"url\":\"https:\\\/\\\/news.save.ch\\\/de\\\/\",\"name\":\"Save\",\"description\":\"Schweizer Fachzeitschrift f\u00fcr Sicherheit\",\"publisher\":{\"@id\":\"https:\\\/\\\/news.save.ch\\\/de\\\/#organization\"},\"potentialAction\":[{\"@type\":\"SearchAction\",\"target\":{\"@type\":\"EntryPoint\",\"urlTemplate\":\"https:\\\/\\\/news.save.ch\\\/de\\\/?s={search_term_string}\"},\"query-input\":{\"@type\":\"PropertyValueSpecification\",\"valueRequired\":true,\"valueName\":\"search_term_string\"}}],\"inLanguage\":\"fr-FR\"},{\"@type\":\"Organization\",\"@id\":\"https:\\\/\\\/news.save.ch\\\/de\\\/#organization\",\"name\":\"Sicherheitsforum\",\"url\":\"https:\\\/\\\/news.save.ch\\\/de\\\/\",\"logo\":{\"@type\":\"ImageObject\",\"inLanguage\":\"fr-FR\",\"@id\":\"https:\\\/\\\/news.save.ch\\\/de\\\/#\\\/schema\\\/logo\\\/image\\\/\",\"url\":\"https:\\\/\\\/news.save.ch\\\/wp-content\\\/uploads\\\/2022\\\/06\\\/Logo_SF_2012.png\",\"contentUrl\":\"https:\\\/\\\/news.save.ch\\\/wp-content\\\/uploads\\\/2022\\\/06\\\/Logo_SF_2012.png\",\"width\":1100,\"height\":91,\"caption\":\"Sicherheitsforum\"},\"image\":{\"@id\":\"https:\\\/\\\/news.save.ch\\\/de\\\/#\\\/schema\\\/logo\\\/image\\\/\"}},{\"@type\":\"Person\",\"@id\":\"https:\\\/\\\/news.save.ch\\\/de\\\/#\\\/schema\\\/person\\\/d49e199490bad7c70d64b9ab51142f2b\",\"name\":\"admin\",\"image\":{\"@type\":\"ImageObject\",\"inLanguage\":\"fr-FR\",\"@id\":\"https:\\\/\\\/secure.gravatar.com\\\/avatar\\\/ae2f4d718e6c49043e314ce431e7e645d646302a24a5ef5a8bc8e3f5a032e319?s=96&d=mm&r=g\",\"url\":\"https:\\\/\\\/secure.gravatar.com\\\/avatar\\\/ae2f4d718e6c49043e314ce431e7e645d646302a24a5ef5a8bc8e3f5a032e319?s=96&d=mm&r=g\",\"contentUrl\":\"https:\\\/\\\/secure.gravatar.com\\\/avatar\\\/ae2f4d718e6c49043e314ce431e7e645d646302a24a5ef5a8bc8e3f5a032e319?s=96&d=mm&r=g\",\"caption\":\"admin\"},\"sameAs\":[\"https:\\\/\\\/develop.organisator.galledia.ch\"],\"url\":\"https:\\\/\\\/news.save.ch\\\/fr\\\/author\\\/admin\\\/\"}]}<\/script>\n<!-- \/ Yoast SEO plugin. -->","yoast_head_json":{"title":"La radioprotection est am\u00e9lior\u00e9e - Save","description":"Les ordonnances en mati\u00e8re de radioprotection sont adapt\u00e9es aux nouvelles directives internationales.","robots":{"index":"index","follow":"follow","max-snippet":"max-snippet:-1","max-image-preview":"max-image-preview:large","max-video-preview":"max-video-preview:-1"},"canonical":"https:\/\/news.save.ch\/fr\/strahlenschutz-wird-verbessert\/","og_locale":"fr_FR","og_type":"article","og_title":"Strahlenschutz wird verbessert - Save","og_description":"Die Verordnungen im Strahlenschutz werden an die neuen internationalen Richtlinien angepasst.","og_url":"https:\/\/news.save.ch\/fr\/strahlenschutz-wird-verbessert\/","og_site_name":"Save","article_published_time":"2015-10-18T12:03:29+00:00","article_modified_time":"2023-03-14T08:03:05+00:00","og_image":[{"width":667,"height":1000,"url":"https:\/\/news.save.ch\/wp-content\/uploads\/2016\/12\/Strahlenschutz-wird-verbessert_safety-plus.jpg","type":"image\/jpeg"}],"author":"admin","twitter_card":"summary_large_image","twitter_misc":{"\u00c9crit par":"admin","Dur\u00e9e de lecture estim\u00e9e":"2 minutes"},"schema":{"@context":"https:\/\/schema.org","@graph":[{"@type":"Article","@id":"https:\/\/news.save.ch\/strahlenschutz-wird-verbessert\/#article","isPartOf":{"@id":"https:\/\/news.save.ch\/strahlenschutz-wird-verbessert\/"},"author":{"name":"admin","@id":"https:\/\/news.save.ch\/de\/#\/schema\/person\/d49e199490bad7c70d64b9ab51142f2b"},"headline":"Strahlenschutz wird verbessert","datePublished":"2015-10-18T12:03:29+00:00","dateModified":"2023-03-14T08:03:05+00:00","mainEntityOfPage":{"@id":"https:\/\/news.save.ch\/strahlenschutz-wird-verbessert\/"},"wordCount":435,"commentCount":0,"publisher":{"@id":"https:\/\/news.save.ch\/de\/#organization"},"image":{"@id":"https:\/\/news.save.ch\/strahlenschutz-wird-verbessert\/#primaryimage"},"thumbnailUrl":"https:\/\/news.save.ch\/wp-content\/uploads\/2016\/12\/Strahlenschutz-wird-verbessert_safety-plus.jpg","keywords":["Gesundheitsschutz"],"articleSection":["HEALTH &amp; SAFETY"],"inLanguage":"fr-FR"},{"@type":"WebPage","@id":"https:\/\/news.save.ch\/strahlenschutz-wird-verbessert\/","url":"https:\/\/news.save.ch\/strahlenschutz-wird-verbessert\/","name":"La radioprotection est am\u00e9lior\u00e9e - Save","isPartOf":{"@id":"https:\/\/news.save.ch\/de\/#website"},"primaryImageOfPage":{"@id":"https:\/\/news.save.ch\/strahlenschutz-wird-verbessert\/#primaryimage"},"image":{"@id":"https:\/\/news.save.ch\/strahlenschutz-wird-verbessert\/#primaryimage"},"thumbnailUrl":"https:\/\/news.save.ch\/wp-content\/uploads\/2016\/12\/Strahlenschutz-wird-verbessert_safety-plus.jpg","datePublished":"2015-10-18T12:03:29+00:00","dateModified":"2023-03-14T08:03:05+00:00","description":"Les ordonnances en mati\u00e8re de radioprotection sont adapt\u00e9es aux nouvelles directives internationales.","breadcrumb":{"@id":"https:\/\/news.save.ch\/strahlenschutz-wird-verbessert\/#breadcrumb"},"inLanguage":"fr-FR","potentialAction":[{"@type":"ReadAction","target":["https:\/\/news.save.ch\/strahlenschutz-wird-verbessert\/"]}]},{"@type":"ImageObject","inLanguage":"fr-FR","@id":"https:\/\/news.save.ch\/strahlenschutz-wird-verbessert\/#primaryimage","url":"https:\/\/news.save.ch\/wp-content\/uploads\/2016\/12\/Strahlenschutz-wird-verbessert_safety-plus.jpg","contentUrl":"https:\/\/news.save.ch\/wp-content\/uploads\/2016\/12\/Strahlenschutz-wird-verbessert_safety-plus.jpg","width":667,"height":1000,"caption":"R\u00f6ntgenger\u00e4t im Spital: Unn\u00f6tige Untersuchungen und Behandlungen mit Strahlen sollen k\u00fcnftig vermieden werden"},{"@type":"BreadcrumbList","@id":"https:\/\/news.save.ch\/strahlenschutz-wird-verbessert\/#breadcrumb","itemListElement":[{"@type":"ListItem","position":1,"name":"Home","item":"https:\/\/news.save.ch\/de\/"},{"@type":"ListItem","position":2,"name":"Strahlenschutz wird verbessert"}]},{"@type":"WebSite","@id":"https:\/\/news.save.ch\/de\/#website","url":"https:\/\/news.save.ch\/de\/","name":"Save","description":"Revue suisse sp\u00e9cialis\u00e9e dans la s\u00e9curit\u00e9","publisher":{"@id":"https:\/\/news.save.ch\/de\/#organization"},"potentialAction":[{"@type":"SearchAction","target":{"@type":"EntryPoint","urlTemplate":"https:\/\/news.save.ch\/de\/?s={search_term_string}"},"query-input":{"@type":"PropertyValueSpecification","valueRequired":true,"valueName":"search_term_string"}}],"inLanguage":"fr-FR"},{"@type":"Organization","@id":"https:\/\/news.save.ch\/de\/#organization","name":"Forum sur la s\u00e9curit\u00e9","url":"https:\/\/news.save.ch\/de\/","logo":{"@type":"ImageObject","inLanguage":"fr-FR","@id":"https:\/\/news.save.ch\/de\/#\/schema\/logo\/image\/","url":"https:\/\/news.save.ch\/wp-content\/uploads\/2022\/06\/Logo_SF_2012.png","contentUrl":"https:\/\/news.save.ch\/wp-content\/uploads\/2022\/06\/Logo_SF_2012.png","width":1100,"height":91,"caption":"Sicherheitsforum"},"image":{"@id":"https:\/\/news.save.ch\/de\/#\/schema\/logo\/image\/"}},{"@type":"Person","@id":"https:\/\/news.save.ch\/de\/#\/schema\/person\/d49e199490bad7c70d64b9ab51142f2b","name":"admin","image":{"@type":"ImageObject","inLanguage":"fr-FR","@id":"https:\/\/secure.gravatar.com\/avatar\/ae2f4d718e6c49043e314ce431e7e645d646302a24a5ef5a8bc8e3f5a032e319?s=96&d=mm&r=g","url":"https:\/\/secure.gravatar.com\/avatar\/ae2f4d718e6c49043e314ce431e7e645d646302a24a5ef5a8bc8e3f5a032e319?s=96&d=mm&r=g","contentUrl":"https:\/\/secure.gravatar.com\/avatar\/ae2f4d718e6c49043e314ce431e7e645d646302a24a5ef5a8bc8e3f5a032e319?s=96&d=mm&r=g","caption":"admin"},"sameAs":["https:\/\/develop.organisator.galledia.ch"],"url":"https:\/\/news.save.ch\/fr\/author\/admin\/"}]}},"_links":{"self":[{"href":"https:\/\/news.save.ch\/fr\/wp-json\/wp\/v2\/posts\/609","targetHints":{"allow":["GET"]}}],"collection":[{"href":"https:\/\/news.save.ch\/fr\/wp-json\/wp\/v2\/posts"}],"about":[{"href":"https:\/\/news.save.ch\/fr\/wp-json\/wp\/v2\/types\/post"}],"author":[{"embeddable":true,"href":"https:\/\/news.save.ch\/fr\/wp-json\/wp\/v2\/users\/1"}],"replies":[{"embeddable":true,"href":"https:\/\/news.save.ch\/fr\/wp-json\/wp\/v2\/comments?post=609"}],"version-history":[{"count":1,"href":"https:\/\/news.save.ch\/fr\/wp-json\/wp\/v2\/posts\/609\/revisions"}],"predecessor-version":[{"id":18847,"href":"https:\/\/news.save.ch\/fr\/wp-json\/wp\/v2\/posts\/609\/revisions\/18847"}],"wp:featuredmedia":[{"embeddable":true,"href":"https:\/\/news.save.ch\/fr\/wp-json\/wp\/v2\/media\/610"}],"wp:attachment":[{"href":"https:\/\/news.save.ch\/fr\/wp-json\/wp\/v2\/media?parent=609"}],"wp:term":[{"taxonomy":"category","embeddable":true,"href":"https:\/\/news.save.ch\/fr\/wp-json\/wp\/v2\/categories?post=609"},{"taxonomy":"post_tag","embeddable":true,"href":"https:\/\/news.save.ch\/fr\/wp-json\/wp\/v2\/tags?post=609"}],"curies":[{"name":"wp","href":"https:\/\/api.w.org\/{rel}","templated":true}]}}