{"id":6144,"date":"2020-11-18T17:06:03","date_gmt":"2020-11-18T16:06:03","guid":{"rendered":"https:\/\/news.save.ch\/?p=6144"},"modified":"2023-03-14T09:02:15","modified_gmt":"2023-03-14T08:02:15","slug":"antibiotikaresistenzen-was-sagt-der-neue-bericht","status":null,"type":"post","link":"https:\/\/news.save.ch\/fr\/antibiotikaresistenzen-was-sagt-der-neue-bericht\/","title":{"rendered":"La r\u00e9sistance aux antibiotiques : Que dit le nouveau rapport ?"},"content":{"rendered":"<figure id=\"attachment_6145\" aria-describedby=\"caption-attachment-6145\" style=\"width: 680px\" class=\"wp-caption aligncenter\"><img loading=\"lazy\" decoding=\"async\" class=\"size-medium wp-image-6145\" src=\"http:\/\/develop.safety-plus.ch\/wp-content\/uploads\/2020\/11\/Depositphotos_153524912_s-2019.jpg\" alt=\"\" width=\"680\" height=\"454\" srcset=\"https:\/\/news.save.ch\/wp-content\/uploads\/2020\/11\/Depositphotos_153524912_s-2019.jpg 1000w, https:\/\/news.save.ch\/wp-content\/uploads\/2020\/11\/Depositphotos_153524912_s-2019-680x454.jpg 680w, https:\/\/news.save.ch\/wp-content\/uploads\/2020\/11\/Depositphotos_153524912_s-2019-768x512.jpg 768w, https:\/\/news.save.ch\/wp-content\/uploads\/2020\/11\/Depositphotos_153524912_s-2019-18x12.jpg 18w, https:\/\/news.save.ch\/wp-content\/uploads\/2020\/11\/Depositphotos_153524912_s-2019-375x250.jpg 375w, https:\/\/news.save.ch\/wp-content\/uploads\/2020\/11\/Depositphotos_153524912_s-2019-525x350.jpg 525w\" sizes=\"auto, (max-width: 680px) 100vw, 680px\" \/><figcaption id=\"caption-attachment-6145\" class=\"wp-caption-text\">\u00a9 depositphotos, katerynakon<\/figcaption><\/figure>\n<p>&nbsp;<\/p>\n<p style=\"background: white; margin: 0cm 0cm 16.3pt 0cm;\"><span style=\"font-size: 11.5pt; font-family: 'Helvetica',sans-serif; color: #454545;\">Les antibiotiques doivent \u00eatre utilis\u00e9s de mani\u00e8re cibl\u00e9e et aussi peu que possible. L'utilisation excessive ou inappropri\u00e9e d'antibiotiques peut contribuer \u00e0 l'apparition de r\u00e9sistances chez les bact\u00e9ries. Le nombre d'infections dues \u00e0 des bact\u00e9ries r\u00e9sistantes est en augmentation dans le monde entier, y compris en Suisse. De telles infections ne peuvent plus \u00eatre trait\u00e9es que difficilement, voire parfois pas du tout, avec des antibiotiques.<\/span><\/p>\n<p style=\"background: white; box-sizing: border-box; margin: 0cm 0cm 16.3pt 0cm;\"><b style=\"box-sizing: border-box;\"><span style=\"font-size: 11.5pt; font-family: 'Helvetica',sans-serif; color: #454545;\">Nouveau rapport sur la consommation d'antibiotiques et la r\u00e9sistance aux antibiotiques en Suisse<\/span><\/b><\/p>\n<p style=\"background: white; box-sizing: border-box; margin: 0cm 0cm 16.3pt 0cm;\"><span style=\"font-size: 11.5pt; font-family: 'Helvetica',sans-serif; color: #454545;\">Afin d'\u00e9valuer l'impact des mesures prises, il est n\u00e9cessaire de surveiller la consommation d'antibiotiques et la r\u00e9sistance aux antibiotiques chez l'homme et l'animal. L'Office f\u00e9d\u00e9ral de la sant\u00e9 publique (OFSP) et l'Office f\u00e9d\u00e9ral de la s\u00e9curit\u00e9 alimentaire et des affaires v\u00e9t\u00e9rinaires (OSAV) publient \u00e0 cet effet tous les deux ans un rapport complet, le <a href=\"https:\/\/www.newsd.admin.ch\/newsd\/message\/attachments\/63834.pdf\">\"Rapport suisse sur la r\u00e9sistance aux antibiotiques\"<\/a>Le projet de loi sur l'\u00e9galit\u00e9 des chances entre les femmes et les hommes a \u00e9t\u00e9 adopt\u00e9 par le Parlement europ\u00e9en.<\/span><\/p>\n<p style=\"background: white; box-sizing: border-box; margin: 0cm 0cm 16.3pt 0cm;\"><span style=\"font-size: 11.5pt; font-family: 'Helvetica',sans-serif; color: #454545;\">Le rapport actuel le montre : En m\u00e9decine humaine, la consommation d'antibiotiques reste \u00e0 peu pr\u00e8s la m\u00eame que les ann\u00e9es pr\u00e9c\u00e9dentes. Pr\u00e8s de 90% des antibiotiques ont \u00e9t\u00e9 utilis\u00e9s dans le secteur ambulatoire. En m\u00e9decine v\u00e9t\u00e9rinaire, la consommation d'antibiotiques continue de baisser.<\/span><\/p>\n<p style=\"background: white; box-sizing: border-box; margin: 0cm 0cm 16.3pt 0cm;\"><span style=\"font-size: 11.5pt; font-family: 'Helvetica',sans-serif; color: #454545;\">Les donn\u00e9es sur les r\u00e9sistances collect\u00e9es chez l'homme depuis 2004 et chez l'animal depuis 2006 montrent des \u00e9volutions diff\u00e9rentes : Pour certaines bact\u00e9ries, la r\u00e9sistance aux antibiotiques a nettement augment\u00e9, tandis que pour d'autres, elle est rest\u00e9e stable ou a diminu\u00e9.<\/span><\/p>\n<p style=\"background: white; box-sizing: border-box; margin: 0cm 0cm 16.3pt 0cm;\"><b style=\"box-sizing: border-box;\"><span style=\"font-size: 11.5pt; font-family: 'Helvetica',sans-serif; color: #454545;\">La population suisse interrog\u00e9e sur la r\u00e9sistance aux antibiotiques<\/span><\/b><\/p>\n<p style=\"background: white; box-sizing: border-box; margin: 0cm 0cm 16.3pt 0cm;\"><span style=\"font-size: 11.5pt; font-family: 'Helvetica',sans-serif; color: #454545;\">Comme une <a href=\"https:\/\/www.newsd.admin.ch\/newsd\/message\/attachments\/63835.pdf\">\u00e9tude actuelle<\/a> de Demoscope sur mandat de l'Office f\u00e9d\u00e9ral de la sant\u00e9 publique montre qu'environ un tiers de la population pense que les antibiotiques d\u00e9truisent les virus. Or, les antibiotiques n'ont aucun effet sur les virus, ils ne peuvent lutter que contre les bact\u00e9ries. Le travail d'information reste donc important dans la lutte contre la r\u00e9sistance aux antibiotiques. Par rapport \u00e0 l'enqu\u00eate de 2016, le niveau de connaissances a l\u00e9g\u00e8rement augment\u00e9. Il s'av\u00e8re que les femmes et les personnes \u00e2g\u00e9es de 40 ans et plus sont mieux inform\u00e9es sur les antibiotiques que les hommes et les jeunes personnes interrog\u00e9es. Une nette majorit\u00e9 de toutes les personnes interrog\u00e9es sait que la prise inutile d'antibiotiques r\u00e9duit leur efficacit\u00e9 (86 %).<\/span><\/p>\n<p style=\"background: white; box-sizing: border-box; margin: 0cm 0cm 16.3pt 0cm;\"><b style=\"box-sizing: border-box;\"><span style=\"font-size: 11.5pt; font-family: 'Helvetica',sans-serif; color: #454545;\">Mesures contre la propagation de la r\u00e9sistance<\/span><\/b><\/p>\n<p style=\"background: white; box-sizing: border-box; margin: 0cm 0cm 16.3pt 0cm;\"><span style=\"font-size: 11.5pt; font-family: 'Helvetica',sans-serif; color: #454545;\">Les bact\u00e9ries r\u00e9sistantes peuvent \u00eatre introduites dans de nombreux endroits et se propager. Diff\u00e9rents instruments ont \u00e9t\u00e9 \u00e9labor\u00e9s pour r\u00e9duire ce risque :<\/span><\/p>\n<ul>\n<li style=\"background: white; box-sizing: border-box;\"><span style=\"font-size: 11.5pt; font-family: 'Helvetica',sans-serif; color: #454545;\">Les mesures de bios\u00e9curit\u00e9 r\u00e9duisent le risque d'introduction et de propagation de maladies. Sur la plate-forme www.gesunde-nutztiere.ch, les agriculteurs peuvent se former et v\u00e9rifier la bios\u00e9curit\u00e9 de leur exploitation via un questionnaire en ligne. En prenant des mesures de bios\u00e9curit\u00e9 cibl\u00e9es, ils peuvent pr\u00e9venir les maladies et r\u00e9duire la consommation d'antibiotiques. La plateforme a \u00e9t\u00e9 d\u00e9velopp\u00e9e par la Facult\u00e9 Vetsuisse de Zurich en collaboration avec le Service sanitaire bovin et porcin (SSB, SSP) sur mandat de l'OFAG.<\/span><\/li>\n<li style=\"background: white; box-sizing: border-box;\"><span style=\"font-size: 11.5pt; font-family: 'Helvetica',sans-serif; color: #454545;\">Les bact\u00e9ries r\u00e9sistantes peuvent \u00e9galement \u00eatre transmises dans les \u00e9tablissements de sant\u00e9 tels que les cabinets v\u00e9t\u00e9rinaires. Pour r\u00e9duire ce risque, la facult\u00e9 Vetsuisse de Zurich a publi\u00e9 un manuel d'hygi\u00e8ne en collaboration avec d'autres experts. Il contient de nombreuses recommandations pratiques et des connaissances de base approfondies pour les v\u00e9t\u00e9rinaires afin de pr\u00e9venir les infections des personnes et des animaux dans les cabinets v\u00e9t\u00e9rinaires.\u00a0<\/span><\/li>\n<li style=\"background: white; box-sizing: border-box;\"><span style=\"font-size: 11.5pt; font-family: 'Helvetica',sans-serif; color: #454545;\">Dans le secteur agricole, le projet \"Onglons sains - les bases de l'avenir\" a \u00e9t\u00e9 lanc\u00e9. Les maladies des onglons sont g\u00e9n\u00e9ralement douloureuses et les animaux boiteux ont du mal \u00e0 se lever et \u00e0 se coucher. Le risque de blessures des trayons et d'inflammation de la mamelle augmente. Des collaborateurs de la facult\u00e9 Vetsuisse de Berne et du Service sanitaire bovin (SSB) conseillent sur demande les exploitations concern\u00e9es en mati\u00e8re de th\u00e9rapie et de pr\u00e9vention. Il s'agit notamment de r\u00e9duire \u00e0 long terme l'utilisation d'antibiotiques.<\/span><\/li>\n<\/ul>\n<p style=\"background: white; margin: 0cm 0cm 16.3pt 0cm;\"><em><span style=\"font-size: 11.5pt; font-family: 'Helvetica',sans-serif; color: #454545;\">Source : Bund<\/span><\/em><\/p>","protected":false},"excerpt":{"rendered":"<p>&nbsp; Antibiotika m\u00fcssen gezielt und so wenig wie m\u00f6glich eingesetzt werden. Der \u00fcberm\u00e4ssige oder unsachgem\u00e4sse Einsatz von Antibiotika kann bei Bakterien zur Entstehung von Resistenzen beitragen. Die Zahl von Infektionen mit resistenten Bakterien nimmt weltweit zu \u2013 auch in der Schweiz. Solche Infektionen k\u00f6nnen mit Antibiotika nur noch schwer oder manchmal gar nicht mehr behandelt [&hellip;]<\/p>\n","protected":false},"author":1,"featured_media":6145,"comment_status":"closed","ping_status":"closed","sticky":false,"template":"","format":"standard","meta":{"_acf_changed":false,"pgc_sgb_lightbox_settings":"","footnotes":""},"categories":[3314],"tags":[1640,700],"class_list":["post-6144","post","type-post","status-publish","format-standard","has-post-thumbnail","hentry","category-health-safety","tag-antibiotikaresistenzen","tag-bag"],"acf":[],"hkrextid":null,"publication":null,"issue":null,"workflow":null,"startPage":null,"spitzmarke":null,"_posts_by_tag_page_fields":{"widget_title":"","widget_tags":""},"_at_widget":"1","_yoast_wpseo_primary_category":"4","_yoast_wpseo_focuskw_text_input":"Antibiotikaresistenzen","_yoast_wpseo_opengraph-image":null,"_yoast_wpseo_opengraph-description":null,"_yoast_wpseo_opengraph-title":null,"enclosure":null,"_yoast_wpseo_twitter-title":null,"_yoast_wpseo_twitter-description":null,"_yoast_wpseo_twitter-image":null,"_wp_old_slug":null,"_yoast_wpseo_title":null,"_yoast_wpseo_canonical":null,"yoast_head":"<!-- This site is optimized with the Yoast SEO plugin v27.5 - https:\/\/yoast.com\/product\/yoast-seo-wordpress\/ -->\n<title>Antibiotikaresistenzen: Was steht im neuen Bericht? - Save<\/title>\n<meta name=\"description\" content=\"Der neue Bericht zu Antibiotikaresistenzen zeigt Zahlen zu Verbrauch und Resistenzen von Antibiotika bei Mensch und Tier in der Schweiz.\" \/>\n<meta name=\"robots\" content=\"index, follow, max-snippet:-1, max-image-preview:large, max-video-preview:-1\" \/>\n<link rel=\"canonical\" href=\"https:\/\/news.save.ch\/fr\/antibiotikaresistenzen-was-sagt-der-neue-bericht\/\" \/>\n<meta property=\"og:locale\" content=\"fr_FR\" \/>\n<meta property=\"og:type\" content=\"article\" \/>\n<meta property=\"og:title\" content=\"Antibiotikaresistenzen: Was steht im neuen Bericht? - Save\" \/>\n<meta property=\"og:description\" content=\"Der neue Bericht zu Antibiotikaresistenzen zeigt Zahlen zu Verbrauch und Resistenzen von Antibiotika bei Mensch und Tier in der Schweiz.\" \/>\n<meta property=\"og:url\" content=\"https:\/\/news.save.ch\/fr\/antibiotikaresistenzen-was-sagt-der-neue-bericht\/\" \/>\n<meta property=\"og:site_name\" content=\"Save\" \/>\n<meta property=\"article:published_time\" content=\"2020-11-18T16:06:03+00:00\" \/>\n<meta property=\"article:modified_time\" content=\"2023-03-14T08:02:15+00:00\" \/>\n<meta property=\"og:image\" content=\"https:\/\/news.save.ch\/wp-content\/uploads\/2020\/11\/Depositphotos_153524912_s-2019.jpg\" \/>\n\t<meta property=\"og:image:width\" content=\"1000\" \/>\n\t<meta property=\"og:image:height\" content=\"667\" \/>\n\t<meta property=\"og:image:type\" content=\"image\/jpeg\" \/>\n<meta name=\"author\" content=\"admin\" \/>\n<meta name=\"twitter:card\" content=\"summary_large_image\" \/>\n<meta name=\"twitter:label1\" content=\"\u00c9crit par\" \/>\n\t<meta name=\"twitter:data1\" content=\"admin\" \/>\n\t<meta name=\"twitter:label2\" content=\"Dur\u00e9e de lecture estim\u00e9e\" \/>\n\t<meta name=\"twitter:data2\" content=\"3 minutes\" \/>\n<script type=\"application\/ld+json\" class=\"yoast-schema-graph\">{\"@context\":\"https:\\\/\\\/schema.org\",\"@graph\":[{\"@type\":\"Article\",\"@id\":\"https:\\\/\\\/news.save.ch\\\/antibiotikaresistenzen-was-sagt-der-neue-bericht\\\/#article\",\"isPartOf\":{\"@id\":\"https:\\\/\\\/news.save.ch\\\/antibiotikaresistenzen-was-sagt-der-neue-bericht\\\/\"},\"author\":{\"name\":\"admin\",\"@id\":\"https:\\\/\\\/news.save.ch\\\/de\\\/#\\\/schema\\\/person\\\/d49e199490bad7c70d64b9ab51142f2b\"},\"headline\":\"Antibiotikaresistenzen: Was steht im neuen Bericht?\",\"datePublished\":\"2020-11-18T16:06:03+00:00\",\"dateModified\":\"2023-03-14T08:02:15+00:00\",\"mainEntityOfPage\":{\"@id\":\"https:\\\/\\\/news.save.ch\\\/antibiotikaresistenzen-was-sagt-der-neue-bericht\\\/\"},\"wordCount\":528,\"publisher\":{\"@id\":\"https:\\\/\\\/news.save.ch\\\/de\\\/#organization\"},\"image\":{\"@id\":\"https:\\\/\\\/news.save.ch\\\/antibiotikaresistenzen-was-sagt-der-neue-bericht\\\/#primaryimage\"},\"thumbnailUrl\":\"https:\\\/\\\/news.save.ch\\\/wp-content\\\/uploads\\\/2020\\\/11\\\/Depositphotos_153524912_s-2019.jpg\",\"keywords\":[\"Antibiotikaresistenzen\",\"BAG\"],\"articleSection\":[\"HEALTH &amp; SAFETY\"],\"inLanguage\":\"fr-FR\"},{\"@type\":\"WebPage\",\"@id\":\"https:\\\/\\\/news.save.ch\\\/antibiotikaresistenzen-was-sagt-der-neue-bericht\\\/\",\"url\":\"https:\\\/\\\/news.save.ch\\\/antibiotikaresistenzen-was-sagt-der-neue-bericht\\\/\",\"name\":\"Antibiotikaresistenzen: Was steht im neuen Bericht? - Save\",\"isPartOf\":{\"@id\":\"https:\\\/\\\/news.save.ch\\\/de\\\/#website\"},\"primaryImageOfPage\":{\"@id\":\"https:\\\/\\\/news.save.ch\\\/antibiotikaresistenzen-was-sagt-der-neue-bericht\\\/#primaryimage\"},\"image\":{\"@id\":\"https:\\\/\\\/news.save.ch\\\/antibiotikaresistenzen-was-sagt-der-neue-bericht\\\/#primaryimage\"},\"thumbnailUrl\":\"https:\\\/\\\/news.save.ch\\\/wp-content\\\/uploads\\\/2020\\\/11\\\/Depositphotos_153524912_s-2019.jpg\",\"datePublished\":\"2020-11-18T16:06:03+00:00\",\"dateModified\":\"2023-03-14T08:02:15+00:00\",\"description\":\"Der neue Bericht zu Antibiotikaresistenzen zeigt Zahlen zu Verbrauch und Resistenzen von Antibiotika bei Mensch und Tier in der Schweiz.\",\"breadcrumb\":{\"@id\":\"https:\\\/\\\/news.save.ch\\\/antibiotikaresistenzen-was-sagt-der-neue-bericht\\\/#breadcrumb\"},\"inLanguage\":\"fr-FR\",\"potentialAction\":[{\"@type\":\"ReadAction\",\"target\":[\"https:\\\/\\\/news.save.ch\\\/antibiotikaresistenzen-was-sagt-der-neue-bericht\\\/\"]}]},{\"@type\":\"ImageObject\",\"inLanguage\":\"fr-FR\",\"@id\":\"https:\\\/\\\/news.save.ch\\\/antibiotikaresistenzen-was-sagt-der-neue-bericht\\\/#primaryimage\",\"url\":\"https:\\\/\\\/news.save.ch\\\/wp-content\\\/uploads\\\/2020\\\/11\\\/Depositphotos_153524912_s-2019.jpg\",\"contentUrl\":\"https:\\\/\\\/news.save.ch\\\/wp-content\\\/uploads\\\/2020\\\/11\\\/Depositphotos_153524912_s-2019.jpg\",\"width\":1000,\"height\":667,\"caption\":\"\u00a9 depositphotos, katerynakon\"},{\"@type\":\"BreadcrumbList\",\"@id\":\"https:\\\/\\\/news.save.ch\\\/antibiotikaresistenzen-was-sagt-der-neue-bericht\\\/#breadcrumb\",\"itemListElement\":[{\"@type\":\"ListItem\",\"position\":1,\"name\":\"Home\",\"item\":\"https:\\\/\\\/news.save.ch\\\/de\\\/\"},{\"@type\":\"ListItem\",\"position\":2,\"name\":\"Antibiotikaresistenzen: Was steht im neuen Bericht?\"}]},{\"@type\":\"WebSite\",\"@id\":\"https:\\\/\\\/news.save.ch\\\/de\\\/#website\",\"url\":\"https:\\\/\\\/news.save.ch\\\/de\\\/\",\"name\":\"Save\",\"description\":\"Schweizer Fachzeitschrift f\u00fcr Sicherheit\",\"publisher\":{\"@id\":\"https:\\\/\\\/news.save.ch\\\/de\\\/#organization\"},\"potentialAction\":[{\"@type\":\"SearchAction\",\"target\":{\"@type\":\"EntryPoint\",\"urlTemplate\":\"https:\\\/\\\/news.save.ch\\\/de\\\/?s={search_term_string}\"},\"query-input\":{\"@type\":\"PropertyValueSpecification\",\"valueRequired\":true,\"valueName\":\"search_term_string\"}}],\"inLanguage\":\"fr-FR\"},{\"@type\":\"Organization\",\"@id\":\"https:\\\/\\\/news.save.ch\\\/de\\\/#organization\",\"name\":\"Sicherheitsforum\",\"url\":\"https:\\\/\\\/news.save.ch\\\/de\\\/\",\"logo\":{\"@type\":\"ImageObject\",\"inLanguage\":\"fr-FR\",\"@id\":\"https:\\\/\\\/news.save.ch\\\/de\\\/#\\\/schema\\\/logo\\\/image\\\/\",\"url\":\"https:\\\/\\\/news.save.ch\\\/wp-content\\\/uploads\\\/2022\\\/06\\\/Logo_SF_2012.png\",\"contentUrl\":\"https:\\\/\\\/news.save.ch\\\/wp-content\\\/uploads\\\/2022\\\/06\\\/Logo_SF_2012.png\",\"width\":1100,\"height\":91,\"caption\":\"Sicherheitsforum\"},\"image\":{\"@id\":\"https:\\\/\\\/news.save.ch\\\/de\\\/#\\\/schema\\\/logo\\\/image\\\/\"}},{\"@type\":\"Person\",\"@id\":\"https:\\\/\\\/news.save.ch\\\/de\\\/#\\\/schema\\\/person\\\/d49e199490bad7c70d64b9ab51142f2b\",\"name\":\"admin\",\"image\":{\"@type\":\"ImageObject\",\"inLanguage\":\"fr-FR\",\"@id\":\"https:\\\/\\\/secure.gravatar.com\\\/avatar\\\/ae2f4d718e6c49043e314ce431e7e645d646302a24a5ef5a8bc8e3f5a032e319?s=96&d=mm&r=g\",\"url\":\"https:\\\/\\\/secure.gravatar.com\\\/avatar\\\/ae2f4d718e6c49043e314ce431e7e645d646302a24a5ef5a8bc8e3f5a032e319?s=96&d=mm&r=g\",\"contentUrl\":\"https:\\\/\\\/secure.gravatar.com\\\/avatar\\\/ae2f4d718e6c49043e314ce431e7e645d646302a24a5ef5a8bc8e3f5a032e319?s=96&d=mm&r=g\",\"caption\":\"admin\"},\"sameAs\":[\"https:\\\/\\\/develop.organisator.galledia.ch\"],\"url\":\"https:\\\/\\\/news.save.ch\\\/fr\\\/author\\\/admin\\\/\"}]}<\/script>\n<!-- \/ Yoast SEO plugin. -->","yoast_head_json":{"title":"La r\u00e9sistance aux antibiotiques : Que dit le nouveau rapport ? - Save","description":"Le nouveau rapport sur la r\u00e9sistance aux antibiotiques pr\u00e9sente des chiffres sur la consommation et la r\u00e9sistance aux antibiotiques chez l'homme et l'animal en Suisse.","robots":{"index":"index","follow":"follow","max-snippet":"max-snippet:-1","max-image-preview":"max-image-preview:large","max-video-preview":"max-video-preview:-1"},"canonical":"https:\/\/news.save.ch\/fr\/antibiotikaresistenzen-was-sagt-der-neue-bericht\/","og_locale":"fr_FR","og_type":"article","og_title":"Antibiotikaresistenzen: Was steht im neuen Bericht? - Save","og_description":"Der neue Bericht zu Antibiotikaresistenzen zeigt Zahlen zu Verbrauch und Resistenzen von Antibiotika bei Mensch und Tier in der Schweiz.","og_url":"https:\/\/news.save.ch\/fr\/antibiotikaresistenzen-was-sagt-der-neue-bericht\/","og_site_name":"Save","article_published_time":"2020-11-18T16:06:03+00:00","article_modified_time":"2023-03-14T08:02:15+00:00","og_image":[{"width":1000,"height":667,"url":"https:\/\/news.save.ch\/wp-content\/uploads\/2020\/11\/Depositphotos_153524912_s-2019.jpg","type":"image\/jpeg"}],"author":"admin","twitter_card":"summary_large_image","twitter_misc":{"\u00c9crit par":"admin","Dur\u00e9e de lecture estim\u00e9e":"3 minutes"},"schema":{"@context":"https:\/\/schema.org","@graph":[{"@type":"Article","@id":"https:\/\/news.save.ch\/antibiotikaresistenzen-was-sagt-der-neue-bericht\/#article","isPartOf":{"@id":"https:\/\/news.save.ch\/antibiotikaresistenzen-was-sagt-der-neue-bericht\/"},"author":{"name":"admin","@id":"https:\/\/news.save.ch\/de\/#\/schema\/person\/d49e199490bad7c70d64b9ab51142f2b"},"headline":"Antibiotikaresistenzen: Was steht im neuen Bericht?","datePublished":"2020-11-18T16:06:03+00:00","dateModified":"2023-03-14T08:02:15+00:00","mainEntityOfPage":{"@id":"https:\/\/news.save.ch\/antibiotikaresistenzen-was-sagt-der-neue-bericht\/"},"wordCount":528,"publisher":{"@id":"https:\/\/news.save.ch\/de\/#organization"},"image":{"@id":"https:\/\/news.save.ch\/antibiotikaresistenzen-was-sagt-der-neue-bericht\/#primaryimage"},"thumbnailUrl":"https:\/\/news.save.ch\/wp-content\/uploads\/2020\/11\/Depositphotos_153524912_s-2019.jpg","keywords":["Antibiotikaresistenzen","BAG"],"articleSection":["HEALTH &amp; SAFETY"],"inLanguage":"fr-FR"},{"@type":"WebPage","@id":"https:\/\/news.save.ch\/antibiotikaresistenzen-was-sagt-der-neue-bericht\/","url":"https:\/\/news.save.ch\/antibiotikaresistenzen-was-sagt-der-neue-bericht\/","name":"La r\u00e9sistance aux antibiotiques : Que dit le nouveau rapport ? - Save","isPartOf":{"@id":"https:\/\/news.save.ch\/de\/#website"},"primaryImageOfPage":{"@id":"https:\/\/news.save.ch\/antibiotikaresistenzen-was-sagt-der-neue-bericht\/#primaryimage"},"image":{"@id":"https:\/\/news.save.ch\/antibiotikaresistenzen-was-sagt-der-neue-bericht\/#primaryimage"},"thumbnailUrl":"https:\/\/news.save.ch\/wp-content\/uploads\/2020\/11\/Depositphotos_153524912_s-2019.jpg","datePublished":"2020-11-18T16:06:03+00:00","dateModified":"2023-03-14T08:02:15+00:00","description":"Le nouveau rapport sur la r\u00e9sistance aux antibiotiques pr\u00e9sente des chiffres sur la consommation et la r\u00e9sistance aux antibiotiques chez l'homme et l'animal en Suisse.","breadcrumb":{"@id":"https:\/\/news.save.ch\/antibiotikaresistenzen-was-sagt-der-neue-bericht\/#breadcrumb"},"inLanguage":"fr-FR","potentialAction":[{"@type":"ReadAction","target":["https:\/\/news.save.ch\/antibiotikaresistenzen-was-sagt-der-neue-bericht\/"]}]},{"@type":"ImageObject","inLanguage":"fr-FR","@id":"https:\/\/news.save.ch\/antibiotikaresistenzen-was-sagt-der-neue-bericht\/#primaryimage","url":"https:\/\/news.save.ch\/wp-content\/uploads\/2020\/11\/Depositphotos_153524912_s-2019.jpg","contentUrl":"https:\/\/news.save.ch\/wp-content\/uploads\/2020\/11\/Depositphotos_153524912_s-2019.jpg","width":1000,"height":667,"caption":"\u00a9 depositphotos, katerynakon"},{"@type":"BreadcrumbList","@id":"https:\/\/news.save.ch\/antibiotikaresistenzen-was-sagt-der-neue-bericht\/#breadcrumb","itemListElement":[{"@type":"ListItem","position":1,"name":"Home","item":"https:\/\/news.save.ch\/de\/"},{"@type":"ListItem","position":2,"name":"Antibiotikaresistenzen: Was steht im neuen Bericht?"}]},{"@type":"WebSite","@id":"https:\/\/news.save.ch\/de\/#website","url":"https:\/\/news.save.ch\/de\/","name":"Save","description":"Revue suisse sp\u00e9cialis\u00e9e dans la s\u00e9curit\u00e9","publisher":{"@id":"https:\/\/news.save.ch\/de\/#organization"},"potentialAction":[{"@type":"SearchAction","target":{"@type":"EntryPoint","urlTemplate":"https:\/\/news.save.ch\/de\/?s={search_term_string}"},"query-input":{"@type":"PropertyValueSpecification","valueRequired":true,"valueName":"search_term_string"}}],"inLanguage":"fr-FR"},{"@type":"Organization","@id":"https:\/\/news.save.ch\/de\/#organization","name":"Forum sur la s\u00e9curit\u00e9","url":"https:\/\/news.save.ch\/de\/","logo":{"@type":"ImageObject","inLanguage":"fr-FR","@id":"https:\/\/news.save.ch\/de\/#\/schema\/logo\/image\/","url":"https:\/\/news.save.ch\/wp-content\/uploads\/2022\/06\/Logo_SF_2012.png","contentUrl":"https:\/\/news.save.ch\/wp-content\/uploads\/2022\/06\/Logo_SF_2012.png","width":1100,"height":91,"caption":"Sicherheitsforum"},"image":{"@id":"https:\/\/news.save.ch\/de\/#\/schema\/logo\/image\/"}},{"@type":"Person","@id":"https:\/\/news.save.ch\/de\/#\/schema\/person\/d49e199490bad7c70d64b9ab51142f2b","name":"admin","image":{"@type":"ImageObject","inLanguage":"fr-FR","@id":"https:\/\/secure.gravatar.com\/avatar\/ae2f4d718e6c49043e314ce431e7e645d646302a24a5ef5a8bc8e3f5a032e319?s=96&d=mm&r=g","url":"https:\/\/secure.gravatar.com\/avatar\/ae2f4d718e6c49043e314ce431e7e645d646302a24a5ef5a8bc8e3f5a032e319?s=96&d=mm&r=g","contentUrl":"https:\/\/secure.gravatar.com\/avatar\/ae2f4d718e6c49043e314ce431e7e645d646302a24a5ef5a8bc8e3f5a032e319?s=96&d=mm&r=g","caption":"admin"},"sameAs":["https:\/\/develop.organisator.galledia.ch"],"url":"https:\/\/news.save.ch\/fr\/author\/admin\/"}]}},"_links":{"self":[{"href":"https:\/\/news.save.ch\/fr\/wp-json\/wp\/v2\/posts\/6144","targetHints":{"allow":["GET"]}}],"collection":[{"href":"https:\/\/news.save.ch\/fr\/wp-json\/wp\/v2\/posts"}],"about":[{"href":"https:\/\/news.save.ch\/fr\/wp-json\/wp\/v2\/types\/post"}],"author":[{"embeddable":true,"href":"https:\/\/news.save.ch\/fr\/wp-json\/wp\/v2\/users\/1"}],"replies":[{"embeddable":true,"href":"https:\/\/news.save.ch\/fr\/wp-json\/wp\/v2\/comments?post=6144"}],"version-history":[{"count":1,"href":"https:\/\/news.save.ch\/fr\/wp-json\/wp\/v2\/posts\/6144\/revisions"}],"predecessor-version":[{"id":18571,"href":"https:\/\/news.save.ch\/fr\/wp-json\/wp\/v2\/posts\/6144\/revisions\/18571"}],"wp:featuredmedia":[{"embeddable":true,"href":"https:\/\/news.save.ch\/fr\/wp-json\/wp\/v2\/media\/6145"}],"wp:attachment":[{"href":"https:\/\/news.save.ch\/fr\/wp-json\/wp\/v2\/media?parent=6144"}],"wp:term":[{"taxonomy":"category","embeddable":true,"href":"https:\/\/news.save.ch\/fr\/wp-json\/wp\/v2\/categories?post=6144"},{"taxonomy":"post_tag","embeddable":true,"href":"https:\/\/news.save.ch\/fr\/wp-json\/wp\/v2\/tags?post=6144"}],"curies":[{"name":"wp","href":"https:\/\/api.w.org\/{rel}","templated":true}]}}