{"id":619,"date":"2015-11-10T14:07:11","date_gmt":"2015-11-10T13:07:11","guid":{"rendered":"http:\/\/dev.safety-plus.ch\/?p=619"},"modified":"2023-03-14T09:04:29","modified_gmt":"2023-03-14T08:04:29","slug":"ab-auf-die-piste-und-gesund-wieder-an-die-arbeit","status":null,"type":"post","link":"https:\/\/news.save.ch\/fr\/ab-auf-die-piste-und-gesund-wieder-an-die-arbeit\/","title":{"rendered":"En piste - et en bonne sant\u00e9 pour reprendre le travail"},"content":{"rendered":"<figure id=\"attachment_622\" aria-describedby=\"caption-attachment-622\" style=\"width: 680px\" class=\"wp-caption alignnone\"><img loading=\"lazy\" decoding=\"async\" class=\"wp-image-622 size-medium\" src=\"http:\/\/develop.safety-plus.ch\/wp-content\/uploads\/2016\/12\/ab-auf-die-Piste-und-gesund-wieder-an-die-Arbeit_safety-plus.jpeg\" alt=\"Le Safety Kit du BPA doit inciter les collaborateurs \u00e0 adopter un comportement s\u00fbr sur les pistes.\" width=\"680\" height=\"968\" srcset=\"https:\/\/news.save.ch\/wp-content\/uploads\/2016\/12\/ab-auf-die-Piste-und-gesund-wieder-an-die-Arbeit_safety-plus.jpeg 843w, https:\/\/news.save.ch\/wp-content\/uploads\/2016\/12\/ab-auf-die-Piste-und-gesund-wieder-an-die-Arbeit_safety-plus-680x968.jpeg 680w, https:\/\/news.save.ch\/wp-content\/uploads\/2016\/12\/ab-auf-die-Piste-und-gesund-wieder-an-die-Arbeit_safety-plus-719x1024.jpeg 719w, https:\/\/news.save.ch\/wp-content\/uploads\/2016\/12\/ab-auf-die-Piste-und-gesund-wieder-an-die-Arbeit_safety-plus-768x1093.jpeg 768w, https:\/\/news.save.ch\/wp-content\/uploads\/2016\/12\/ab-auf-die-Piste-und-gesund-wieder-an-die-Arbeit_safety-plus-8x12.jpeg 8w, https:\/\/news.save.ch\/wp-content\/uploads\/2016\/12\/ab-auf-die-Piste-und-gesund-wieder-an-die-Arbeit_safety-plus-211x300.jpeg 211w, https:\/\/news.save.ch\/wp-content\/uploads\/2016\/12\/ab-auf-die-Piste-und-gesund-wieder-an-die-Arbeit_safety-plus-246x350.jpeg 246w, https:\/\/news.save.ch\/wp-content\/uploads\/2016\/12\/ab-auf-die-Piste-und-gesund-wieder-an-die-Arbeit_safety-plus-562x800.jpeg 562w\" sizes=\"auto, (max-width: 680px) 100vw, 680px\" \/><figcaption id=\"caption-attachment-622\" class=\"wp-caption-text\">Le Safety Kit du BPA doit inciter les collaborateurs \u00e0 adopter un comportement s\u00fbr sur les pistes.<\/figcaption><\/figure>\n<p>L'hiver est \u00e0 nos portes et, avec ses paysages enneig\u00e9s, il attire les amateurs de sports d'hiver dans les montagnes. Le ski et le snowboard font partie des sports les plus populaires en Suisse. Or, chaque ann\u00e9e, quelque 66 000 skieurs et snowboarders sont victimes d'un accident.  Afin de sensibiliser les collaborateurs de l'entreprise \u00e0 un comportement s\u00fbr sur les pistes, le Bureau de pr\u00e9vention des accidents (BPA) propose un nouveau SafetyKit Ski\/Snowboard.<\/p>\n<p>Les entreprises peuvent commander gratuitement des affiches et des d\u00e9pliants sur ce th\u00e8me, ainsi que t\u00e9l\u00e9charger une pr\u00e9sentation, une vid\u00e9o et une fiche d'information sur les plaisirs de la neige en toute s\u00e9curit\u00e9.<\/p>\n<p>Vers ce SafetyKit et d'autres pour les entreprises\u00a0<a href=\"http:\/\/www.bfu.ch\/de\/fuer-fachpersonen\/betriebe\/safetykit\/\" target=\"_blank\" data-cke-saved-href=\"http:\/\/www.bfu.ch\/de\/fuer-fachpersonen\/betriebe\/safetykit\/\" rel=\"noopener\">c'est ici<\/a>.<\/p>","protected":false},"excerpt":{"rendered":"<p>Der Winter steht vor der T\u00fcr und lockt mit verschneiten Landschaften die Wintersportler in die Berge. Skifahren und Snowboarden geh\u00f6ren zu den beliebtesten Sportarten in der Schweiz. Jedes Jahr verunfallen jedoch rund 66 000 Ski- und Snowboardfahrer. \u00a0Um die Mitarbeitenden im Beitrieb zu\u00a0sicherem Verhalten auf der Piste zu sensibilisieren, bietet die Beratungsstelle f\u00fcr Unfallverh\u00fctung BFU [&hellip;]<\/p>\n","protected":false},"author":1,"featured_media":622,"comment_status":"open","ping_status":"open","sticky":false,"template":"","format":"standard","meta":{"_acf_changed":false,"pgc_sgb_lightbox_settings":"","footnotes":""},"categories":[3314],"tags":[175,141,176],"class_list":["post-619","post","type-post","status-publish","format-standard","has-post-thumbnail","hentry","category-health-safety","tag-nichtberufsunfaelle","tag-praevention","tag-sportunfaelle"],"acf":[],"hkrextid":null,"publication":null,"issue":null,"workflow":null,"startPage":null,"spitzmarke":null,"_posts_by_tag_page_fields":{"widget_title":"","widget_tags":""},"_at_widget":"1","_yoast_wpseo_primary_category":"2","_yoast_wpseo_focuskw_text_input":"Ab auf die Piste","_yoast_wpseo_opengraph-image":null,"_yoast_wpseo_opengraph-description":null,"_yoast_wpseo_opengraph-title":null,"enclosure":null,"_yoast_wpseo_twitter-title":null,"_yoast_wpseo_twitter-description":null,"_yoast_wpseo_twitter-image":null,"_wp_old_slug":null,"_yoast_wpseo_title":null,"_yoast_wpseo_canonical":null,"yoast_head":"<!-- This site is optimized with the Yoast SEO plugin v27.4 - https:\/\/yoast.com\/product\/yoast-seo-wordpress\/ -->\n<title>Ab auf die Piste - und gesund wieder an die Arbeit - Save<\/title>\n<meta name=\"description\" content=\"Ab auf die Piste: Ein neuer SafetyKit der BFU will daf\u00fcr sorgen, dass die Mitarbeitenden nach dem Skitag unversehrt weiterarbeiten k\u00f6nnen.\" \/>\n<meta name=\"robots\" content=\"index, follow, max-snippet:-1, max-image-preview:large, max-video-preview:-1\" \/>\n<link rel=\"canonical\" href=\"https:\/\/news.save.ch\/fr\/ab-auf-die-piste-und-gesund-wieder-an-die-arbeit\/\" \/>\n<meta property=\"og:locale\" content=\"fr_FR\" \/>\n<meta property=\"og:type\" content=\"article\" \/>\n<meta property=\"og:title\" content=\"Ab auf die Piste - und gesund wieder an die Arbeit - Save\" \/>\n<meta property=\"og:description\" content=\"Ab auf die Piste: Ein neuer SafetyKit der BFU will daf\u00fcr sorgen, dass die Mitarbeitenden nach dem Skitag unversehrt weiterarbeiten k\u00f6nnen.\" \/>\n<meta property=\"og:url\" content=\"https:\/\/news.save.ch\/fr\/ab-auf-die-piste-und-gesund-wieder-an-die-arbeit\/\" \/>\n<meta property=\"og:site_name\" content=\"Save\" \/>\n<meta property=\"article:published_time\" content=\"2015-11-10T13:07:11+00:00\" \/>\n<meta property=\"article:modified_time\" content=\"2023-03-14T08:04:29+00:00\" \/>\n<meta property=\"og:image\" content=\"https:\/\/news.save.ch\/wp-content\/uploads\/2016\/12\/ab-auf-die-Piste-und-gesund-wieder-an-die-Arbeit_safety-plus.jpeg\" \/>\n\t<meta property=\"og:image:width\" content=\"843\" \/>\n\t<meta property=\"og:image:height\" content=\"1200\" \/>\n\t<meta property=\"og:image:type\" content=\"image\/jpeg\" \/>\n<meta name=\"author\" content=\"admin\" \/>\n<meta name=\"twitter:card\" content=\"summary_large_image\" \/>\n<meta name=\"twitter:label1\" content=\"\u00c9crit par\" \/>\n\t<meta name=\"twitter:data1\" content=\"admin\" \/>\n\t<meta name=\"twitter:label2\" content=\"Dur\u00e9e de lecture estim\u00e9e\" \/>\n\t<meta name=\"twitter:data2\" content=\"1 minute\" \/>\n<script type=\"application\/ld+json\" class=\"yoast-schema-graph\">{\"@context\":\"https:\\\/\\\/schema.org\",\"@graph\":[{\"@type\":\"Article\",\"@id\":\"https:\\\/\\\/news.save.ch\\\/ab-auf-die-piste-und-gesund-wieder-an-die-arbeit\\\/#article\",\"isPartOf\":{\"@id\":\"https:\\\/\\\/news.save.ch\\\/ab-auf-die-piste-und-gesund-wieder-an-die-arbeit\\\/\"},\"author\":{\"name\":\"admin\",\"@id\":\"https:\\\/\\\/news.save.ch\\\/de\\\/#\\\/schema\\\/person\\\/d49e199490bad7c70d64b9ab51142f2b\"},\"headline\":\"Ab auf die Piste &#8211; und gesund wieder an die Arbeit\",\"datePublished\":\"2015-11-10T13:07:11+00:00\",\"dateModified\":\"2023-03-14T08:04:29+00:00\",\"mainEntityOfPage\":{\"@id\":\"https:\\\/\\\/news.save.ch\\\/ab-auf-die-piste-und-gesund-wieder-an-die-arbeit\\\/\"},\"wordCount\":130,\"commentCount\":1,\"publisher\":{\"@id\":\"https:\\\/\\\/news.save.ch\\\/de\\\/#organization\"},\"image\":{\"@id\":\"https:\\\/\\\/news.save.ch\\\/ab-auf-die-piste-und-gesund-wieder-an-die-arbeit\\\/#primaryimage\"},\"thumbnailUrl\":\"https:\\\/\\\/news.save.ch\\\/wp-content\\\/uploads\\\/2016\\\/12\\\/ab-auf-die-Piste-und-gesund-wieder-an-die-Arbeit_safety-plus.jpeg\",\"keywords\":[\"Nichtberufsunf\u00e4lle\",\"Pr\u00e4vention\",\"Sportunf\u00e4lle\"],\"articleSection\":[\"HEALTH &amp; SAFETY\"],\"inLanguage\":\"fr-FR\"},{\"@type\":\"WebPage\",\"@id\":\"https:\\\/\\\/news.save.ch\\\/ab-auf-die-piste-und-gesund-wieder-an-die-arbeit\\\/\",\"url\":\"https:\\\/\\\/news.save.ch\\\/ab-auf-die-piste-und-gesund-wieder-an-die-arbeit\\\/\",\"name\":\"Ab auf die Piste - und gesund wieder an die Arbeit - Save\",\"isPartOf\":{\"@id\":\"https:\\\/\\\/news.save.ch\\\/de\\\/#website\"},\"primaryImageOfPage\":{\"@id\":\"https:\\\/\\\/news.save.ch\\\/ab-auf-die-piste-und-gesund-wieder-an-die-arbeit\\\/#primaryimage\"},\"image\":{\"@id\":\"https:\\\/\\\/news.save.ch\\\/ab-auf-die-piste-und-gesund-wieder-an-die-arbeit\\\/#primaryimage\"},\"thumbnailUrl\":\"https:\\\/\\\/news.save.ch\\\/wp-content\\\/uploads\\\/2016\\\/12\\\/ab-auf-die-Piste-und-gesund-wieder-an-die-Arbeit_safety-plus.jpeg\",\"datePublished\":\"2015-11-10T13:07:11+00:00\",\"dateModified\":\"2023-03-14T08:04:29+00:00\",\"description\":\"Ab auf die Piste: Ein neuer SafetyKit der BFU will daf\u00fcr sorgen, dass die Mitarbeitenden nach dem Skitag unversehrt weiterarbeiten k\u00f6nnen.\",\"breadcrumb\":{\"@id\":\"https:\\\/\\\/news.save.ch\\\/ab-auf-die-piste-und-gesund-wieder-an-die-arbeit\\\/#breadcrumb\"},\"inLanguage\":\"fr-FR\",\"potentialAction\":[{\"@type\":\"ReadAction\",\"target\":[\"https:\\\/\\\/news.save.ch\\\/ab-auf-die-piste-und-gesund-wieder-an-die-arbeit\\\/\"]}]},{\"@type\":\"ImageObject\",\"inLanguage\":\"fr-FR\",\"@id\":\"https:\\\/\\\/news.save.ch\\\/ab-auf-die-piste-und-gesund-wieder-an-die-arbeit\\\/#primaryimage\",\"url\":\"https:\\\/\\\/news.save.ch\\\/wp-content\\\/uploads\\\/2016\\\/12\\\/ab-auf-die-Piste-und-gesund-wieder-an-die-Arbeit_safety-plus.jpeg\",\"contentUrl\":\"https:\\\/\\\/news.save.ch\\\/wp-content\\\/uploads\\\/2016\\\/12\\\/ab-auf-die-Piste-und-gesund-wieder-an-die-Arbeit_safety-plus.jpeg\",\"width\":843,\"height\":1200,\"caption\":\"Der Safety Kit des BFU soll Mitarbeitende zu sicherem Verhalten auf der Piste animieren.\"},{\"@type\":\"BreadcrumbList\",\"@id\":\"https:\\\/\\\/news.save.ch\\\/ab-auf-die-piste-und-gesund-wieder-an-die-arbeit\\\/#breadcrumb\",\"itemListElement\":[{\"@type\":\"ListItem\",\"position\":1,\"name\":\"Home\",\"item\":\"https:\\\/\\\/news.save.ch\\\/de\\\/\"},{\"@type\":\"ListItem\",\"position\":2,\"name\":\"Ab auf die Piste &#8211; und gesund wieder an die Arbeit\"}]},{\"@type\":\"WebSite\",\"@id\":\"https:\\\/\\\/news.save.ch\\\/de\\\/#website\",\"url\":\"https:\\\/\\\/news.save.ch\\\/de\\\/\",\"name\":\"Save\",\"description\":\"Schweizer Fachzeitschrift f\u00fcr Sicherheit\",\"publisher\":{\"@id\":\"https:\\\/\\\/news.save.ch\\\/de\\\/#organization\"},\"potentialAction\":[{\"@type\":\"SearchAction\",\"target\":{\"@type\":\"EntryPoint\",\"urlTemplate\":\"https:\\\/\\\/news.save.ch\\\/de\\\/?s={search_term_string}\"},\"query-input\":{\"@type\":\"PropertyValueSpecification\",\"valueRequired\":true,\"valueName\":\"search_term_string\"}}],\"inLanguage\":\"fr-FR\"},{\"@type\":\"Organization\",\"@id\":\"https:\\\/\\\/news.save.ch\\\/de\\\/#organization\",\"name\":\"Sicherheitsforum\",\"url\":\"https:\\\/\\\/news.save.ch\\\/de\\\/\",\"logo\":{\"@type\":\"ImageObject\",\"inLanguage\":\"fr-FR\",\"@id\":\"https:\\\/\\\/news.save.ch\\\/de\\\/#\\\/schema\\\/logo\\\/image\\\/\",\"url\":\"https:\\\/\\\/news.save.ch\\\/wp-content\\\/uploads\\\/2022\\\/06\\\/Logo_SF_2012.png\",\"contentUrl\":\"https:\\\/\\\/news.save.ch\\\/wp-content\\\/uploads\\\/2022\\\/06\\\/Logo_SF_2012.png\",\"width\":1100,\"height\":91,\"caption\":\"Sicherheitsforum\"},\"image\":{\"@id\":\"https:\\\/\\\/news.save.ch\\\/de\\\/#\\\/schema\\\/logo\\\/image\\\/\"}},{\"@type\":\"Person\",\"@id\":\"https:\\\/\\\/news.save.ch\\\/de\\\/#\\\/schema\\\/person\\\/d49e199490bad7c70d64b9ab51142f2b\",\"name\":\"admin\",\"image\":{\"@type\":\"ImageObject\",\"inLanguage\":\"fr-FR\",\"@id\":\"https:\\\/\\\/secure.gravatar.com\\\/avatar\\\/ae2f4d718e6c49043e314ce431e7e645d646302a24a5ef5a8bc8e3f5a032e319?s=96&d=mm&r=g\",\"url\":\"https:\\\/\\\/secure.gravatar.com\\\/avatar\\\/ae2f4d718e6c49043e314ce431e7e645d646302a24a5ef5a8bc8e3f5a032e319?s=96&d=mm&r=g\",\"contentUrl\":\"https:\\\/\\\/secure.gravatar.com\\\/avatar\\\/ae2f4d718e6c49043e314ce431e7e645d646302a24a5ef5a8bc8e3f5a032e319?s=96&d=mm&r=g\",\"caption\":\"admin\"},\"sameAs\":[\"https:\\\/\\\/develop.organisator.galledia.ch\"],\"url\":\"https:\\\/\\\/news.save.ch\\\/fr\\\/author\\\/admin\\\/\"}]}<\/script>\n<!-- \/ Yoast SEO plugin. -->","yoast_head_json":{"title":"En piste - et de retour au travail en bonne sant\u00e9 - Save","description":"En route pour les pistes : Un nouveau SafetyKit du BPA veut faire en sorte que les collaborateurs puissent continuer \u00e0 travailler sans dommage apr\u00e8s leur journ\u00e9e de ski.","robots":{"index":"index","follow":"follow","max-snippet":"max-snippet:-1","max-image-preview":"max-image-preview:large","max-video-preview":"max-video-preview:-1"},"canonical":"https:\/\/news.save.ch\/fr\/ab-auf-die-piste-und-gesund-wieder-an-die-arbeit\/","og_locale":"fr_FR","og_type":"article","og_title":"Ab auf die Piste - und gesund wieder an die Arbeit - Save","og_description":"Ab auf die Piste: Ein neuer SafetyKit der BFU will daf\u00fcr sorgen, dass die Mitarbeitenden nach dem Skitag unversehrt weiterarbeiten k\u00f6nnen.","og_url":"https:\/\/news.save.ch\/fr\/ab-auf-die-piste-und-gesund-wieder-an-die-arbeit\/","og_site_name":"Save","article_published_time":"2015-11-10T13:07:11+00:00","article_modified_time":"2023-03-14T08:04:29+00:00","og_image":[{"width":843,"height":1200,"url":"https:\/\/news.save.ch\/wp-content\/uploads\/2016\/12\/ab-auf-die-Piste-und-gesund-wieder-an-die-Arbeit_safety-plus.jpeg","type":"image\/jpeg"}],"author":"admin","twitter_card":"summary_large_image","twitter_misc":{"\u00c9crit par":"admin","Dur\u00e9e de lecture estim\u00e9e":"1 minute"},"schema":{"@context":"https:\/\/schema.org","@graph":[{"@type":"Article","@id":"https:\/\/news.save.ch\/ab-auf-die-piste-und-gesund-wieder-an-die-arbeit\/#article","isPartOf":{"@id":"https:\/\/news.save.ch\/ab-auf-die-piste-und-gesund-wieder-an-die-arbeit\/"},"author":{"name":"admin","@id":"https:\/\/news.save.ch\/de\/#\/schema\/person\/d49e199490bad7c70d64b9ab51142f2b"},"headline":"Ab auf die Piste &#8211; und gesund wieder an die Arbeit","datePublished":"2015-11-10T13:07:11+00:00","dateModified":"2023-03-14T08:04:29+00:00","mainEntityOfPage":{"@id":"https:\/\/news.save.ch\/ab-auf-die-piste-und-gesund-wieder-an-die-arbeit\/"},"wordCount":130,"commentCount":1,"publisher":{"@id":"https:\/\/news.save.ch\/de\/#organization"},"image":{"@id":"https:\/\/news.save.ch\/ab-auf-die-piste-und-gesund-wieder-an-die-arbeit\/#primaryimage"},"thumbnailUrl":"https:\/\/news.save.ch\/wp-content\/uploads\/2016\/12\/ab-auf-die-Piste-und-gesund-wieder-an-die-Arbeit_safety-plus.jpeg","keywords":["Nichtberufsunf\u00e4lle","Pr\u00e4vention","Sportunf\u00e4lle"],"articleSection":["HEALTH &amp; SAFETY"],"inLanguage":"fr-FR"},{"@type":"WebPage","@id":"https:\/\/news.save.ch\/ab-auf-die-piste-und-gesund-wieder-an-die-arbeit\/","url":"https:\/\/news.save.ch\/ab-auf-die-piste-und-gesund-wieder-an-die-arbeit\/","name":"En piste - et de retour au travail en bonne sant\u00e9 - Save","isPartOf":{"@id":"https:\/\/news.save.ch\/de\/#website"},"primaryImageOfPage":{"@id":"https:\/\/news.save.ch\/ab-auf-die-piste-und-gesund-wieder-an-die-arbeit\/#primaryimage"},"image":{"@id":"https:\/\/news.save.ch\/ab-auf-die-piste-und-gesund-wieder-an-die-arbeit\/#primaryimage"},"thumbnailUrl":"https:\/\/news.save.ch\/wp-content\/uploads\/2016\/12\/ab-auf-die-Piste-und-gesund-wieder-an-die-Arbeit_safety-plus.jpeg","datePublished":"2015-11-10T13:07:11+00:00","dateModified":"2023-03-14T08:04:29+00:00","description":"En route pour les pistes : Un nouveau SafetyKit du BPA veut faire en sorte que les collaborateurs puissent continuer \u00e0 travailler sans dommage apr\u00e8s leur journ\u00e9e de ski.","breadcrumb":{"@id":"https:\/\/news.save.ch\/ab-auf-die-piste-und-gesund-wieder-an-die-arbeit\/#breadcrumb"},"inLanguage":"fr-FR","potentialAction":[{"@type":"ReadAction","target":["https:\/\/news.save.ch\/ab-auf-die-piste-und-gesund-wieder-an-die-arbeit\/"]}]},{"@type":"ImageObject","inLanguage":"fr-FR","@id":"https:\/\/news.save.ch\/ab-auf-die-piste-und-gesund-wieder-an-die-arbeit\/#primaryimage","url":"https:\/\/news.save.ch\/wp-content\/uploads\/2016\/12\/ab-auf-die-Piste-und-gesund-wieder-an-die-Arbeit_safety-plus.jpeg","contentUrl":"https:\/\/news.save.ch\/wp-content\/uploads\/2016\/12\/ab-auf-die-Piste-und-gesund-wieder-an-die-Arbeit_safety-plus.jpeg","width":843,"height":1200,"caption":"Der Safety Kit des BFU soll Mitarbeitende zu sicherem Verhalten auf der Piste animieren."},{"@type":"BreadcrumbList","@id":"https:\/\/news.save.ch\/ab-auf-die-piste-und-gesund-wieder-an-die-arbeit\/#breadcrumb","itemListElement":[{"@type":"ListItem","position":1,"name":"Home","item":"https:\/\/news.save.ch\/de\/"},{"@type":"ListItem","position":2,"name":"Ab auf die Piste &#8211; und gesund wieder an die Arbeit"}]},{"@type":"WebSite","@id":"https:\/\/news.save.ch\/de\/#website","url":"https:\/\/news.save.ch\/de\/","name":"Save","description":"Revue suisse sp\u00e9cialis\u00e9e dans la s\u00e9curit\u00e9","publisher":{"@id":"https:\/\/news.save.ch\/de\/#organization"},"potentialAction":[{"@type":"SearchAction","target":{"@type":"EntryPoint","urlTemplate":"https:\/\/news.save.ch\/de\/?s={search_term_string}"},"query-input":{"@type":"PropertyValueSpecification","valueRequired":true,"valueName":"search_term_string"}}],"inLanguage":"fr-FR"},{"@type":"Organization","@id":"https:\/\/news.save.ch\/de\/#organization","name":"Forum sur la s\u00e9curit\u00e9","url":"https:\/\/news.save.ch\/de\/","logo":{"@type":"ImageObject","inLanguage":"fr-FR","@id":"https:\/\/news.save.ch\/de\/#\/schema\/logo\/image\/","url":"https:\/\/news.save.ch\/wp-content\/uploads\/2022\/06\/Logo_SF_2012.png","contentUrl":"https:\/\/news.save.ch\/wp-content\/uploads\/2022\/06\/Logo_SF_2012.png","width":1100,"height":91,"caption":"Sicherheitsforum"},"image":{"@id":"https:\/\/news.save.ch\/de\/#\/schema\/logo\/image\/"}},{"@type":"Person","@id":"https:\/\/news.save.ch\/de\/#\/schema\/person\/d49e199490bad7c70d64b9ab51142f2b","name":"admin","image":{"@type":"ImageObject","inLanguage":"fr-FR","@id":"https:\/\/secure.gravatar.com\/avatar\/ae2f4d718e6c49043e314ce431e7e645d646302a24a5ef5a8bc8e3f5a032e319?s=96&d=mm&r=g","url":"https:\/\/secure.gravatar.com\/avatar\/ae2f4d718e6c49043e314ce431e7e645d646302a24a5ef5a8bc8e3f5a032e319?s=96&d=mm&r=g","contentUrl":"https:\/\/secure.gravatar.com\/avatar\/ae2f4d718e6c49043e314ce431e7e645d646302a24a5ef5a8bc8e3f5a032e319?s=96&d=mm&r=g","caption":"admin"},"sameAs":["https:\/\/develop.organisator.galledia.ch"],"url":"https:\/\/news.save.ch\/fr\/author\/admin\/"}]}},"_links":{"self":[{"href":"https:\/\/news.save.ch\/fr\/wp-json\/wp\/v2\/posts\/619","targetHints":{"allow":["GET"]}}],"collection":[{"href":"https:\/\/news.save.ch\/fr\/wp-json\/wp\/v2\/posts"}],"about":[{"href":"https:\/\/news.save.ch\/fr\/wp-json\/wp\/v2\/types\/post"}],"author":[{"embeddable":true,"href":"https:\/\/news.save.ch\/fr\/wp-json\/wp\/v2\/users\/1"}],"replies":[{"embeddable":true,"href":"https:\/\/news.save.ch\/fr\/wp-json\/wp\/v2\/comments?post=619"}],"version-history":[{"count":1,"href":"https:\/\/news.save.ch\/fr\/wp-json\/wp\/v2\/posts\/619\/revisions"}],"predecessor-version":[{"id":18982,"href":"https:\/\/news.save.ch\/fr\/wp-json\/wp\/v2\/posts\/619\/revisions\/18982"}],"wp:featuredmedia":[{"embeddable":true,"href":"https:\/\/news.save.ch\/fr\/wp-json\/wp\/v2\/media\/622"}],"wp:attachment":[{"href":"https:\/\/news.save.ch\/fr\/wp-json\/wp\/v2\/media?parent=619"}],"wp:term":[{"taxonomy":"category","embeddable":true,"href":"https:\/\/news.save.ch\/fr\/wp-json\/wp\/v2\/categories?post=619"},{"taxonomy":"post_tag","embeddable":true,"href":"https:\/\/news.save.ch\/fr\/wp-json\/wp\/v2\/tags?post=619"}],"curies":[{"name":"wp","href":"https:\/\/api.w.org\/{rel}","templated":true}]}}