{"id":6196,"date":"2018-04-05T11:04:00","date_gmt":"2018-04-05T09:04:00","guid":{"rendered":"https:\/\/news.save.ch\/?p=6196"},"modified":"2018-04-05T11:04:00","modified_gmt":"2018-04-05T09:04:00","slug":"explosionsfaehige-stoffe-umstrittener-vorentwurf","status":null,"type":"post","link":"https:\/\/news.save.ch\/fr\/explosionsfaehige-stoffe-umstrittener-vorentwurf\/","title":{"rendered":"D\u00e9fense contre le terrorisme : les d\u00e9fenseurs des donn\u00e9es critiquent les projets de loi"},"content":{"rendered":"<figure id=\"attachment_6197\" aria-describedby=\"caption-attachment-6197\" style=\"width: 680px\" class=\"wp-caption aligncenter\"><img loading=\"lazy\" decoding=\"async\" class=\"size-medium wp-image-6197\" src=\"https:\/\/news.save.ch\/wp-content\/uploads\/2018\/03\/Depositphotos_130976884_m-2015.jpg\" alt=\"\" width=\"680\" height=\"454\" srcset=\"https:\/\/news.save.ch\/wp-content\/uploads\/2018\/03\/Depositphotos_130976884_m-2015.jpg 1000w, https:\/\/news.save.ch\/wp-content\/uploads\/2018\/03\/Depositphotos_130976884_m-2015-375x250.jpg 375w\" sizes=\"auto, (max-width: 680px) 100vw, 680px\" \/><figcaption id=\"caption-attachment-6197\" class=\"wp-caption-text\">\u00a9 depositphotos, kaninstudio<\/figcaption><\/figure>\n<p>&nbsp;<\/p>\n<p>Le Conseil f\u00e9d\u00e9ral veut donner aux autorit\u00e9s des instruments efficaces pour pouvoir lutter contre les attentats terroristes (voir aussi national\u00a0<a href=\"https:\/\/news.save.ch\/fr\/nationaler-aktionsplan-zur-bekaempfung-von-extremismus\/\">Plan d'action<\/a>). L'obligation d'obtenir une autorisation pour l'acquisition de substances pouvant \u00eatre utilis\u00e9es pour la fabrication d'explosifs constitue un \u00e9l\u00e9ment \u00e0 cet \u00e9gard. La commercialisation et l'utilisation de pr\u00e9curseurs sont r\u00e9glement\u00e9es dans l'UE depuis 2014. Il est compr\u00e9hensible que le Conseil f\u00e9d\u00e9ral suive maintenant \u00e9galement avec une l\u00e9gislation, afin que la Suisse ne soit pas le seul pays d'Europe o\u00f9 ces substances sont disponibles sans restriction. <a href=\"https:\/\/www.privatim.ch\">Privatim<\/a> approuve en principe la cr\u00e9ation d'une base l\u00e9gale formelle pour r\u00e9glementer l'acc\u00e8s des personnes priv\u00e9es aux pr\u00e9curseurs et les traitements de donn\u00e9es qui en d\u00e9coulent, \u00e9crivent les commissaires \u00e0 la protection des donn\u00e9es. Toutefois, certaines dispositions sont formul\u00e9es de mani\u00e8re trop ouverte au regard du principe de l\u00e9galit\u00e9 et du principe de pr\u00e9cision. La Conf\u00e9rence suisse des commissaires \u00e0 la protection des donn\u00e9es estime qu'il y a l\u00e0 un besoin de rattrapage.<\/p>\n<p><strong>Aucune consid\u00e9ration pour la gestion cantonale des menaces<\/strong><\/p>\n<p>Il faut que les notions et l'interpr\u00e9tation des diff\u00e9rentes dispositions soient claires d\u00e8s le niveau formel de la loi. Avec le projet de loi f\u00e9d\u00e9rale sur les mesures polici\u00e8res en mati\u00e8re de lutte contre le terrorisme (LPMT), le Conseil f\u00e9d\u00e9ral entend renforcer les instruments policiers visant \u00e0 garantir la s\u00e9curit\u00e9 en dehors du domaine de la poursuite p\u00e9nale. Les mesures propos\u00e9es se situent dans une zone nouvellement cr\u00e9\u00e9e qui se trouve entre la recherche d'informations par les services de renseignement et la recherche d'informations par la police, selon les d\u00e9fenseurs des donn\u00e9es. Le Conseil f\u00e9d\u00e9ral souhaite int\u00e9grer les nouvelles mesures polici\u00e8res dans les actes l\u00e9gislatifs existants. L'Office f\u00e9d\u00e9ral de la police (Fedpol) serait responsable de l'\u00e9diction des mesures, les cantons de leur mise en \u0153uvre et de leur ex\u00e9cution. Le projet PMT ne tient pas assez compte des dispositions de la gestion cantonale des menaces, qui permettent la collecte d'informations polici\u00e8res et l'\u00e9change d'informations avec d'autres autorit\u00e9s en dehors ou avant l'ouverture d'une proc\u00e9dure p\u00e9nale. Privatim critique en outre le fait que le projet PMT soit con\u00e7u comme un acte modificateur. Aujourd'hui d\u00e9j\u00e0, les comp\u00e9tences de Fedpol sont dispers\u00e9es dans de nombreux actes l\u00e9gislatifs sp\u00e9ciaux et les traitements de donn\u00e9es qui y sont li\u00e9s sont r\u00e9partis dans de nombreuses banques de donn\u00e9es et applications. Le projet pr\u00e9sent\u00e9 aujourd'hui vient encore enrichir ce paysage normatif fragment\u00e9 du point de vue de la syst\u00e9matique juridique. Il est douteux que le pr\u00e9sent acte modificateur unique permette d'\u00e9tablir la s\u00e9curit\u00e9 juridique absolument n\u00e9cessaire et de garantir la l\u00e9galit\u00e9 des traitements de donn\u00e9es effectu\u00e9s par Fedpol. Privatim recommande de r\u00e9gler les comp\u00e9tences de Fedpol de mani\u00e8re transparente et claire dans un acte l\u00e9gislatif sp\u00e9cifique, peut-on lire dans le communiqu\u00e9 de presse des d\u00e9fenseurs des donn\u00e9es.<\/p>\n<p>&nbsp;<\/p>\n<p>&nbsp;<\/p>\n<p>&nbsp;<\/p>","protected":false},"excerpt":{"rendered":"<p>&nbsp; Der Bundesrat will den Beh\u00f6rden wirksame Instrumente geben, um terroristische Anschl\u00e4ge\u00a0bek\u00e4mpfen zu k\u00f6nnen (vgl. auch nationaler\u00a0Aktionsplan). Ein Element dazu stellt die Bewilligungspflicht f\u00fcr den\u00a0Erwerb von Stoffen dar, welche zur Herstellung von Explosivstoffen verwendet werden\u00a0k\u00f6nnen. Die Vermarktung und Verwendung von Vorl\u00e4uferstoffen ist in der EU seit 2014 reglementiert. Es ist nachvollziehbar, dass der Bundesrat nun [&hellip;]<\/p>\n","protected":false},"author":8,"featured_media":6197,"comment_status":"open","ping_status":"open","sticky":false,"template":"","format":"standard","meta":{"_acf_changed":false,"pgc_sgb_lightbox_settings":"","footnotes":""},"categories":[1],"tags":[43],"class_list":["post-6196","post","type-post","status-publish","format-standard","has-post-thumbnail","hentry","category-allgemein","tag-terrorismus"],"acf":[],"hkrextid":null,"publication":null,"issue":null,"workflow":null,"startPage":null,"spitzmarke":null,"_posts_by_tag_page_fields":{"widget_title":"","widget_tags":""},"_at_widget":"1","_yoast_wpseo_primary_category":"","_yoast_wpseo_focuskw_text_input":"Privatim","_yoast_wpseo_opengraph-image":null,"_yoast_wpseo_opengraph-description":null,"_yoast_wpseo_opengraph-title":null,"enclosure":null,"_yoast_wpseo_twitter-title":null,"_yoast_wpseo_twitter-description":null,"_yoast_wpseo_twitter-image":null,"_wp_old_slug":null,"_yoast_wpseo_title":null,"_yoast_wpseo_canonical":null,"yoast_head":"<!-- This site is optimized with the Yoast SEO plugin v27.5 - https:\/\/yoast.com\/product\/yoast-seo-wordpress\/ -->\n<title>Terror-Abwehr: Datensch\u00fctzer kritisieren Gesetzesentw\u00fcrfe - Save<\/title>\n<meta name=\"description\" content=\"Privatim, die Konferenz der schweizerischen Datenschutzbeauftragten, sehen bei zwei Terrorismus-Vorlagen Nachholbedarf im Bereich Datenschutz.\" \/>\n<meta name=\"robots\" content=\"index, follow, max-snippet:-1, max-image-preview:large, max-video-preview:-1\" \/>\n<link rel=\"canonical\" href=\"https:\/\/news.save.ch\/fr\/explosionsfaehige-stoffe-umstrittener-vorentwurf\/\" \/>\n<meta property=\"og:locale\" content=\"fr_FR\" \/>\n<meta property=\"og:type\" content=\"article\" \/>\n<meta property=\"og:title\" content=\"Terror-Abwehr: Datensch\u00fctzer kritisieren Gesetzesentw\u00fcrfe - Save\" \/>\n<meta property=\"og:description\" content=\"Privatim, die Konferenz der schweizerischen Datenschutzbeauftragten, sehen bei zwei Terrorismus-Vorlagen Nachholbedarf im Bereich Datenschutz.\" \/>\n<meta property=\"og:url\" content=\"https:\/\/news.save.ch\/fr\/explosionsfaehige-stoffe-umstrittener-vorentwurf\/\" \/>\n<meta property=\"og:site_name\" content=\"Save\" \/>\n<meta property=\"article:published_time\" content=\"2018-04-05T09:04:00+00:00\" \/>\n<meta property=\"og:image\" content=\"https:\/\/news.save.ch\/wp-content\/uploads\/2018\/03\/Depositphotos_130976884_m-2015.jpg\" \/>\n\t<meta property=\"og:image:width\" content=\"1000\" \/>\n\t<meta property=\"og:image:height\" content=\"667\" \/>\n\t<meta property=\"og:image:type\" content=\"image\/jpeg\" \/>\n<meta name=\"author\" content=\"Roger Str\u00e4ssle\" \/>\n<meta name=\"twitter:card\" content=\"summary_large_image\" \/>\n<meta name=\"twitter:label1\" content=\"\u00c9crit par\" \/>\n\t<meta name=\"twitter:data1\" content=\"Roger Str\u00e4ssle\" \/>\n\t<meta name=\"twitter:label2\" content=\"Dur\u00e9e de lecture estim\u00e9e\" \/>\n\t<meta name=\"twitter:data2\" content=\"2 minutes\" \/>\n<script type=\"application\/ld+json\" class=\"yoast-schema-graph\">{\"@context\":\"https:\\\/\\\/schema.org\",\"@graph\":[{\"@type\":\"Article\",\"@id\":\"https:\\\/\\\/news.save.ch\\\/explosionsfaehige-stoffe-umstrittener-vorentwurf\\\/#article\",\"isPartOf\":{\"@id\":\"https:\\\/\\\/news.save.ch\\\/explosionsfaehige-stoffe-umstrittener-vorentwurf\\\/\"},\"author\":{\"name\":\"Roger Str\u00e4ssle\",\"@id\":\"https:\\\/\\\/news.save.ch\\\/de\\\/#\\\/schema\\\/person\\\/d5022db048e0e2b9785c50e5b24da5aa\"},\"headline\":\"Terror-Abwehr: Datensch\u00fctzer kritisieren Gesetzesentw\u00fcrfe\",\"datePublished\":\"2018-04-05T09:04:00+00:00\",\"mainEntityOfPage\":{\"@id\":\"https:\\\/\\\/news.save.ch\\\/explosionsfaehige-stoffe-umstrittener-vorentwurf\\\/\"},\"wordCount\":410,\"commentCount\":0,\"publisher\":{\"@id\":\"https:\\\/\\\/news.save.ch\\\/de\\\/#organization\"},\"image\":{\"@id\":\"https:\\\/\\\/news.save.ch\\\/explosionsfaehige-stoffe-umstrittener-vorentwurf\\\/#primaryimage\"},\"thumbnailUrl\":\"https:\\\/\\\/news.save.ch\\\/wp-content\\\/uploads\\\/2018\\\/03\\\/Depositphotos_130976884_m-2015.jpg\",\"keywords\":[\"Terrorismus\"],\"articleSection\":[\"ALLGEMEIN\"],\"inLanguage\":\"fr-FR\"},{\"@type\":\"WebPage\",\"@id\":\"https:\\\/\\\/news.save.ch\\\/explosionsfaehige-stoffe-umstrittener-vorentwurf\\\/\",\"url\":\"https:\\\/\\\/news.save.ch\\\/explosionsfaehige-stoffe-umstrittener-vorentwurf\\\/\",\"name\":\"Terror-Abwehr: Datensch\u00fctzer kritisieren Gesetzesentw\u00fcrfe - Save\",\"isPartOf\":{\"@id\":\"https:\\\/\\\/news.save.ch\\\/de\\\/#website\"},\"primaryImageOfPage\":{\"@id\":\"https:\\\/\\\/news.save.ch\\\/explosionsfaehige-stoffe-umstrittener-vorentwurf\\\/#primaryimage\"},\"image\":{\"@id\":\"https:\\\/\\\/news.save.ch\\\/explosionsfaehige-stoffe-umstrittener-vorentwurf\\\/#primaryimage\"},\"thumbnailUrl\":\"https:\\\/\\\/news.save.ch\\\/wp-content\\\/uploads\\\/2018\\\/03\\\/Depositphotos_130976884_m-2015.jpg\",\"datePublished\":\"2018-04-05T09:04:00+00:00\",\"description\":\"Privatim, die Konferenz der schweizerischen Datenschutzbeauftragten, sehen bei zwei Terrorismus-Vorlagen Nachholbedarf im Bereich Datenschutz.\",\"breadcrumb\":{\"@id\":\"https:\\\/\\\/news.save.ch\\\/explosionsfaehige-stoffe-umstrittener-vorentwurf\\\/#breadcrumb\"},\"inLanguage\":\"fr-FR\",\"potentialAction\":[{\"@type\":\"ReadAction\",\"target\":[\"https:\\\/\\\/news.save.ch\\\/explosionsfaehige-stoffe-umstrittener-vorentwurf\\\/\"]}]},{\"@type\":\"ImageObject\",\"inLanguage\":\"fr-FR\",\"@id\":\"https:\\\/\\\/news.save.ch\\\/explosionsfaehige-stoffe-umstrittener-vorentwurf\\\/#primaryimage\",\"url\":\"https:\\\/\\\/news.save.ch\\\/wp-content\\\/uploads\\\/2018\\\/03\\\/Depositphotos_130976884_m-2015.jpg\",\"contentUrl\":\"https:\\\/\\\/news.save.ch\\\/wp-content\\\/uploads\\\/2018\\\/03\\\/Depositphotos_130976884_m-2015.jpg\",\"width\":1000,\"height\":667,\"caption\":\"\u00a9 depositphotos, kaninstudio\"},{\"@type\":\"BreadcrumbList\",\"@id\":\"https:\\\/\\\/news.save.ch\\\/explosionsfaehige-stoffe-umstrittener-vorentwurf\\\/#breadcrumb\",\"itemListElement\":[{\"@type\":\"ListItem\",\"position\":1,\"name\":\"Home\",\"item\":\"https:\\\/\\\/news.save.ch\\\/de\\\/\"},{\"@type\":\"ListItem\",\"position\":2,\"name\":\"Terror-Abwehr: Datensch\u00fctzer kritisieren Gesetzesentw\u00fcrfe\"}]},{\"@type\":\"WebSite\",\"@id\":\"https:\\\/\\\/news.save.ch\\\/de\\\/#website\",\"url\":\"https:\\\/\\\/news.save.ch\\\/de\\\/\",\"name\":\"Save\",\"description\":\"Schweizer Fachzeitschrift f\u00fcr Sicherheit\",\"publisher\":{\"@id\":\"https:\\\/\\\/news.save.ch\\\/de\\\/#organization\"},\"potentialAction\":[{\"@type\":\"SearchAction\",\"target\":{\"@type\":\"EntryPoint\",\"urlTemplate\":\"https:\\\/\\\/news.save.ch\\\/de\\\/?s={search_term_string}\"},\"query-input\":{\"@type\":\"PropertyValueSpecification\",\"valueRequired\":true,\"valueName\":\"search_term_string\"}}],\"inLanguage\":\"fr-FR\"},{\"@type\":\"Organization\",\"@id\":\"https:\\\/\\\/news.save.ch\\\/de\\\/#organization\",\"name\":\"Sicherheitsforum\",\"url\":\"https:\\\/\\\/news.save.ch\\\/de\\\/\",\"logo\":{\"@type\":\"ImageObject\",\"inLanguage\":\"fr-FR\",\"@id\":\"https:\\\/\\\/news.save.ch\\\/de\\\/#\\\/schema\\\/logo\\\/image\\\/\",\"url\":\"https:\\\/\\\/news.save.ch\\\/wp-content\\\/uploads\\\/2022\\\/06\\\/Logo_SF_2012.png\",\"contentUrl\":\"https:\\\/\\\/news.save.ch\\\/wp-content\\\/uploads\\\/2022\\\/06\\\/Logo_SF_2012.png\",\"width\":1100,\"height\":91,\"caption\":\"Sicherheitsforum\"},\"image\":{\"@id\":\"https:\\\/\\\/news.save.ch\\\/de\\\/#\\\/schema\\\/logo\\\/image\\\/\"}},{\"@type\":\"Person\",\"@id\":\"https:\\\/\\\/news.save.ch\\\/de\\\/#\\\/schema\\\/person\\\/d5022db048e0e2b9785c50e5b24da5aa\",\"name\":\"Roger Str\u00e4ssle\",\"image\":{\"@type\":\"ImageObject\",\"inLanguage\":\"fr-FR\",\"@id\":\"https:\\\/\\\/secure.gravatar.com\\\/avatar\\\/862a5569d087de48e5856e32f45d719a03804c891d6deb8d4f71a660e79e4a47?s=96&d=mm&r=g\",\"url\":\"https:\\\/\\\/secure.gravatar.com\\\/avatar\\\/862a5569d087de48e5856e32f45d719a03804c891d6deb8d4f71a660e79e4a47?s=96&d=mm&r=g\",\"contentUrl\":\"https:\\\/\\\/secure.gravatar.com\\\/avatar\\\/862a5569d087de48e5856e32f45d719a03804c891d6deb8d4f71a660e79e4a47?s=96&d=mm&r=g\",\"caption\":\"Roger Str\u00e4ssle\"},\"url\":\"https:\\\/\\\/news.save.ch\\\/fr\\\/author\\\/roger-straessle\\\/\"}]}<\/script>\n<!-- \/ Yoast SEO plugin. -->","yoast_head_json":{"title":"D\u00e9fense contre le terrorisme : les d\u00e9fenseurs des donn\u00e9es critiquent les projets de loi - Save","description":"Privatim, la Conf\u00e9rence des commissaires suisses \u00e0 la protection des donn\u00e9es, estime que deux projets de loi sur le terrorisme n\u00e9cessitent un rattrapage en mati\u00e8re de protection des donn\u00e9es.","robots":{"index":"index","follow":"follow","max-snippet":"max-snippet:-1","max-image-preview":"max-image-preview:large","max-video-preview":"max-video-preview:-1"},"canonical":"https:\/\/news.save.ch\/fr\/explosionsfaehige-stoffe-umstrittener-vorentwurf\/","og_locale":"fr_FR","og_type":"article","og_title":"Terror-Abwehr: Datensch\u00fctzer kritisieren Gesetzesentw\u00fcrfe - Save","og_description":"Privatim, die Konferenz der schweizerischen Datenschutzbeauftragten, sehen bei zwei Terrorismus-Vorlagen Nachholbedarf im Bereich Datenschutz.","og_url":"https:\/\/news.save.ch\/fr\/explosionsfaehige-stoffe-umstrittener-vorentwurf\/","og_site_name":"Save","article_published_time":"2018-04-05T09:04:00+00:00","og_image":[{"width":1000,"height":667,"url":"https:\/\/news.save.ch\/wp-content\/uploads\/2018\/03\/Depositphotos_130976884_m-2015.jpg","type":"image\/jpeg"}],"author":"Roger Str\u00e4ssle","twitter_card":"summary_large_image","twitter_misc":{"\u00c9crit par":"Roger Str\u00e4ssle","Dur\u00e9e de lecture estim\u00e9e":"2 minutes"},"schema":{"@context":"https:\/\/schema.org","@graph":[{"@type":"Article","@id":"https:\/\/news.save.ch\/explosionsfaehige-stoffe-umstrittener-vorentwurf\/#article","isPartOf":{"@id":"https:\/\/news.save.ch\/explosionsfaehige-stoffe-umstrittener-vorentwurf\/"},"author":{"name":"Roger Str\u00e4ssle","@id":"https:\/\/news.save.ch\/de\/#\/schema\/person\/d5022db048e0e2b9785c50e5b24da5aa"},"headline":"Terror-Abwehr: Datensch\u00fctzer kritisieren Gesetzesentw\u00fcrfe","datePublished":"2018-04-05T09:04:00+00:00","mainEntityOfPage":{"@id":"https:\/\/news.save.ch\/explosionsfaehige-stoffe-umstrittener-vorentwurf\/"},"wordCount":410,"commentCount":0,"publisher":{"@id":"https:\/\/news.save.ch\/de\/#organization"},"image":{"@id":"https:\/\/news.save.ch\/explosionsfaehige-stoffe-umstrittener-vorentwurf\/#primaryimage"},"thumbnailUrl":"https:\/\/news.save.ch\/wp-content\/uploads\/2018\/03\/Depositphotos_130976884_m-2015.jpg","keywords":["Terrorismus"],"articleSection":["ALLGEMEIN"],"inLanguage":"fr-FR"},{"@type":"WebPage","@id":"https:\/\/news.save.ch\/explosionsfaehige-stoffe-umstrittener-vorentwurf\/","url":"https:\/\/news.save.ch\/explosionsfaehige-stoffe-umstrittener-vorentwurf\/","name":"D\u00e9fense contre le terrorisme : les d\u00e9fenseurs des donn\u00e9es critiquent les projets de loi - Save","isPartOf":{"@id":"https:\/\/news.save.ch\/de\/#website"},"primaryImageOfPage":{"@id":"https:\/\/news.save.ch\/explosionsfaehige-stoffe-umstrittener-vorentwurf\/#primaryimage"},"image":{"@id":"https:\/\/news.save.ch\/explosionsfaehige-stoffe-umstrittener-vorentwurf\/#primaryimage"},"thumbnailUrl":"https:\/\/news.save.ch\/wp-content\/uploads\/2018\/03\/Depositphotos_130976884_m-2015.jpg","datePublished":"2018-04-05T09:04:00+00:00","description":"Privatim, la Conf\u00e9rence des commissaires suisses \u00e0 la protection des donn\u00e9es, estime que deux projets de loi sur le terrorisme n\u00e9cessitent un rattrapage en mati\u00e8re de protection des donn\u00e9es.","breadcrumb":{"@id":"https:\/\/news.save.ch\/explosionsfaehige-stoffe-umstrittener-vorentwurf\/#breadcrumb"},"inLanguage":"fr-FR","potentialAction":[{"@type":"ReadAction","target":["https:\/\/news.save.ch\/explosionsfaehige-stoffe-umstrittener-vorentwurf\/"]}]},{"@type":"ImageObject","inLanguage":"fr-FR","@id":"https:\/\/news.save.ch\/explosionsfaehige-stoffe-umstrittener-vorentwurf\/#primaryimage","url":"https:\/\/news.save.ch\/wp-content\/uploads\/2018\/03\/Depositphotos_130976884_m-2015.jpg","contentUrl":"https:\/\/news.save.ch\/wp-content\/uploads\/2018\/03\/Depositphotos_130976884_m-2015.jpg","width":1000,"height":667,"caption":"\u00a9 depositphotos, kaninstudio"},{"@type":"BreadcrumbList","@id":"https:\/\/news.save.ch\/explosionsfaehige-stoffe-umstrittener-vorentwurf\/#breadcrumb","itemListElement":[{"@type":"ListItem","position":1,"name":"Home","item":"https:\/\/news.save.ch\/de\/"},{"@type":"ListItem","position":2,"name":"Terror-Abwehr: Datensch\u00fctzer kritisieren Gesetzesentw\u00fcrfe"}]},{"@type":"WebSite","@id":"https:\/\/news.save.ch\/de\/#website","url":"https:\/\/news.save.ch\/de\/","name":"Save","description":"Revue suisse sp\u00e9cialis\u00e9e dans la s\u00e9curit\u00e9","publisher":{"@id":"https:\/\/news.save.ch\/de\/#organization"},"potentialAction":[{"@type":"SearchAction","target":{"@type":"EntryPoint","urlTemplate":"https:\/\/news.save.ch\/de\/?s={search_term_string}"},"query-input":{"@type":"PropertyValueSpecification","valueRequired":true,"valueName":"search_term_string"}}],"inLanguage":"fr-FR"},{"@type":"Organization","@id":"https:\/\/news.save.ch\/de\/#organization","name":"Forum sur la s\u00e9curit\u00e9","url":"https:\/\/news.save.ch\/de\/","logo":{"@type":"ImageObject","inLanguage":"fr-FR","@id":"https:\/\/news.save.ch\/de\/#\/schema\/logo\/image\/","url":"https:\/\/news.save.ch\/wp-content\/uploads\/2022\/06\/Logo_SF_2012.png","contentUrl":"https:\/\/news.save.ch\/wp-content\/uploads\/2022\/06\/Logo_SF_2012.png","width":1100,"height":91,"caption":"Sicherheitsforum"},"image":{"@id":"https:\/\/news.save.ch\/de\/#\/schema\/logo\/image\/"}},{"@type":"Person","@id":"https:\/\/news.save.ch\/de\/#\/schema\/person\/d5022db048e0e2b9785c50e5b24da5aa","name":"Roger Str\u00e4ssle","image":{"@type":"ImageObject","inLanguage":"fr-FR","@id":"https:\/\/secure.gravatar.com\/avatar\/862a5569d087de48e5856e32f45d719a03804c891d6deb8d4f71a660e79e4a47?s=96&d=mm&r=g","url":"https:\/\/secure.gravatar.com\/avatar\/862a5569d087de48e5856e32f45d719a03804c891d6deb8d4f71a660e79e4a47?s=96&d=mm&r=g","contentUrl":"https:\/\/secure.gravatar.com\/avatar\/862a5569d087de48e5856e32f45d719a03804c891d6deb8d4f71a660e79e4a47?s=96&d=mm&r=g","caption":"Roger Str\u00e4ssle"},"url":"https:\/\/news.save.ch\/fr\/author\/roger-straessle\/"}]}},"_links":{"self":[{"href":"https:\/\/news.save.ch\/fr\/wp-json\/wp\/v2\/posts\/6196","targetHints":{"allow":["GET"]}}],"collection":[{"href":"https:\/\/news.save.ch\/fr\/wp-json\/wp\/v2\/posts"}],"about":[{"href":"https:\/\/news.save.ch\/fr\/wp-json\/wp\/v2\/types\/post"}],"author":[{"embeddable":true,"href":"https:\/\/news.save.ch\/fr\/wp-json\/wp\/v2\/users\/8"}],"replies":[{"embeddable":true,"href":"https:\/\/news.save.ch\/fr\/wp-json\/wp\/v2\/comments?post=6196"}],"version-history":[{"count":0,"href":"https:\/\/news.save.ch\/fr\/wp-json\/wp\/v2\/posts\/6196\/revisions"}],"wp:featuredmedia":[{"embeddable":true,"href":"https:\/\/news.save.ch\/fr\/wp-json\/wp\/v2\/media\/6197"}],"wp:attachment":[{"href":"https:\/\/news.save.ch\/fr\/wp-json\/wp\/v2\/media?parent=6196"}],"wp:term":[{"taxonomy":"category","embeddable":true,"href":"https:\/\/news.save.ch\/fr\/wp-json\/wp\/v2\/categories?post=6196"},{"taxonomy":"post_tag","embeddable":true,"href":"https:\/\/news.save.ch\/fr\/wp-json\/wp\/v2\/tags?post=6196"}],"curies":[{"name":"wp","href":"https:\/\/api.w.org\/{rel}","templated":true}]}}