{"id":6210,"date":"2018-04-06T11:06:56","date_gmt":"2018-04-06T09:06:56","guid":{"rendered":"https:\/\/news.save.ch\/?p=6210"},"modified":"2023-03-14T08:59:21","modified_gmt":"2023-03-14T07:59:21","slug":"durchblick-bei-video-und-zutritt","status":null,"type":"post","link":"https:\/\/news.save.ch\/fr\/durchblick-bei-video-und-zutritt\/","title":{"rendered":"Vid\u00e9o et acc\u00e8s : une vision claire"},"content":{"rendered":"<p><img loading=\"lazy\" decoding=\"async\" class=\"aligncenter wp-image-6211 size-medium\" src=\"https:\/\/news.save.ch\/wp-content\/uploads\/2018\/04\/BHE-1.jpg\" alt=\"Congr\u00e8s professionnel BHE, vid\u00e9o et acc\u00e8s\" width=\"680\" height=\"442\" srcset=\"https:\/\/news.save.ch\/wp-content\/uploads\/2018\/04\/BHE-1.jpg 915w, https:\/\/news.save.ch\/wp-content\/uploads\/2018\/04\/BHE-1-375x244.jpg 375w\" sizes=\"auto, (max-width: 680px) 100vw, 680px\" \/><\/p>\n<p>&nbsp;<\/p>\n<p>Les nouvelles technologies et les conditions-cadres - notamment les modifications tr\u00e8s discut\u00e9es du droit de la protection des donn\u00e9es - rendent n\u00e9cessaire une formation continue r\u00e9guli\u00e8re des fournisseurs et des responsables de la s\u00e9curit\u00e9. C'est pourquoi se tiendra les 28 et 29 mai 2018 \u00e0 Mayence le <a href=\"https:\/\/www.bhe.de\/kongress-video-zutritt\">7\u00e8me congr\u00e8s professionnel BHE<\/a> S\u00e9curit\u00e9 vid\u00e9o\/commande d'acc\u00e8s a eu lieu.<\/p>\n<p>Une exposition de fournisseurs de syst\u00e8mes de s\u00e9curit\u00e9 vid\u00e9o et de contr\u00f4le d'acc\u00e8s accompagnera le congr\u00e8s de la BHE Bundesverband f\u00fcr Sicherheitstechnik.<\/p>\n<p><em>Autres th\u00e8mes sp\u00e9cialis\u00e9s de BHE <a href=\"https:\/\/news.save.ch\/fr\/haftung-bei-eingriff-in-fremde-netze\/\">ici<\/a><\/em><\/p>","protected":false},"excerpt":{"rendered":"<p>&nbsp; Neue Technologien und Rahmenbedingungen \u2013 u.a. die vieldiskutierten \u00c4nderungen im Datenschutzrecht \u2013 machen eine regelm\u00e4ssige Fortbildung von Sicherheitsanbieter und -beauftragte notwendig. Deshalb findet am 28. und 29. Mai 2018 in Mainz der 7. BHE-Fachkongress Videosicherheit\/Zutrittssteuerung statt. Begleitend zum Kongress des BHE Bundesverband f\u00fcr Sicherheitstechnik wird eine Ausstellung mit Anbietern von Videosicherheits- und Zutrittssteuerungssystemen geboten. [&hellip;]<\/p>\n","protected":false},"author":8,"featured_media":6211,"comment_status":"open","ping_status":"open","sticky":false,"template":"","format":"standard","meta":{"_acf_changed":false,"pgc_sgb_lightbox_settings":"","footnotes":""},"categories":[3312],"tags":[109,157,78,158,90],"class_list":["post-6210","post","type-post","status-publish","format-standard","has-post-thumbnail","hentry","category-sicherheit","tag-aus-und-weiterbildung","tag-video-security","tag-videoueberwachung","tag-zutrittskontrolle","tag-zutrittskontrollevideo-security"],"acf":[],"hkrextid":null,"publication":null,"issue":null,"workflow":null,"startPage":null,"spitzmarke":null,"_posts_by_tag_page_fields":{"widget_title":"","widget_tags":""},"_at_widget":"1","_yoast_wpseo_primary_category":"529","_yoast_wpseo_focuskw_text_input":"BHE-Fachkongress","_yoast_wpseo_opengraph-image":null,"_yoast_wpseo_opengraph-description":null,"_yoast_wpseo_opengraph-title":null,"enclosure":null,"_yoast_wpseo_twitter-title":null,"_yoast_wpseo_twitter-description":null,"_yoast_wpseo_twitter-image":null,"_wp_old_slug":null,"_yoast_wpseo_title":null,"_yoast_wpseo_canonical":null,"yoast_head":"<!-- This site is optimized with the Yoast SEO plugin v27.4 - https:\/\/yoast.com\/product\/yoast-seo-wordpress\/ -->\n<title>Durchblick bei Video und Zutritt - Save<\/title>\n<meta name=\"description\" content=\"Der BHE Bundesverband f\u00fcr Sicherheitstechnik f\u00fchrt im Mai seinen 7. Fachkongress zum Thema Video und Zutritt durch; parallel findet eine Ausstellung statt.\" \/>\n<meta name=\"robots\" content=\"index, follow, max-snippet:-1, max-image-preview:large, max-video-preview:-1\" \/>\n<link rel=\"canonical\" href=\"https:\/\/news.save.ch\/fr\/durchblick-bei-video-und-zutritt\/\" \/>\n<meta property=\"og:locale\" content=\"fr_FR\" \/>\n<meta property=\"og:type\" content=\"article\" \/>\n<meta property=\"og:title\" content=\"Durchblick bei Video und Zutritt - Save\" \/>\n<meta property=\"og:description\" content=\"Der BHE Bundesverband f\u00fcr Sicherheitstechnik f\u00fchrt im Mai seinen 7. Fachkongress zum Thema Video und Zutritt durch; parallel findet eine Ausstellung statt.\" \/>\n<meta property=\"og:url\" content=\"https:\/\/news.save.ch\/fr\/durchblick-bei-video-und-zutritt\/\" \/>\n<meta property=\"og:site_name\" content=\"Save\" \/>\n<meta property=\"article:published_time\" content=\"2018-04-06T09:06:56+00:00\" \/>\n<meta property=\"article:modified_time\" content=\"2023-03-14T07:59:21+00:00\" \/>\n<meta property=\"og:image\" content=\"https:\/\/news.save.ch\/wp-content\/uploads\/2018\/04\/BHE-1.jpg\" \/>\n\t<meta property=\"og:image:width\" content=\"915\" \/>\n\t<meta property=\"og:image:height\" content=\"595\" \/>\n\t<meta property=\"og:image:type\" content=\"image\/jpeg\" \/>\n<meta name=\"author\" content=\"Roger Str\u00e4ssle\" \/>\n<meta name=\"twitter:card\" content=\"summary_large_image\" \/>\n<meta name=\"twitter:label1\" content=\"\u00c9crit par\" \/>\n\t<meta name=\"twitter:data1\" content=\"Roger Str\u00e4ssle\" \/>\n<script type=\"application\/ld+json\" class=\"yoast-schema-graph\">{\"@context\":\"https:\\\/\\\/schema.org\",\"@graph\":[{\"@type\":\"Article\",\"@id\":\"https:\\\/\\\/news.save.ch\\\/durchblick-bei-video-und-zutritt\\\/#article\",\"isPartOf\":{\"@id\":\"https:\\\/\\\/news.save.ch\\\/durchblick-bei-video-und-zutritt\\\/\"},\"author\":{\"name\":\"Roger Str\u00e4ssle\",\"@id\":\"https:\\\/\\\/news.save.ch\\\/de\\\/#\\\/schema\\\/person\\\/d5022db048e0e2b9785c50e5b24da5aa\"},\"headline\":\"Durchblick bei Video und Zutritt\",\"datePublished\":\"2018-04-06T09:06:56+00:00\",\"dateModified\":\"2023-03-14T07:59:21+00:00\",\"mainEntityOfPage\":{\"@id\":\"https:\\\/\\\/news.save.ch\\\/durchblick-bei-video-und-zutritt\\\/\"},\"wordCount\":61,\"commentCount\":0,\"publisher\":{\"@id\":\"https:\\\/\\\/news.save.ch\\\/de\\\/#organization\"},\"image\":{\"@id\":\"https:\\\/\\\/news.save.ch\\\/durchblick-bei-video-und-zutritt\\\/#primaryimage\"},\"thumbnailUrl\":\"https:\\\/\\\/news.save.ch\\\/wp-content\\\/uploads\\\/2018\\\/04\\\/BHE-1.jpg\",\"keywords\":[\"Aus- und Weiterbildung\",\"Video-Security\",\"Video\u00fcberwachung\",\"Zutrittskontrolle\",\"Zutrittskontrolle\\\/Video-Security\"],\"articleSection\":[\"SICHERHEIT\"],\"inLanguage\":\"fr-FR\"},{\"@type\":\"WebPage\",\"@id\":\"https:\\\/\\\/news.save.ch\\\/durchblick-bei-video-und-zutritt\\\/\",\"url\":\"https:\\\/\\\/news.save.ch\\\/durchblick-bei-video-und-zutritt\\\/\",\"name\":\"Durchblick bei Video und Zutritt - Save\",\"isPartOf\":{\"@id\":\"https:\\\/\\\/news.save.ch\\\/de\\\/#website\"},\"primaryImageOfPage\":{\"@id\":\"https:\\\/\\\/news.save.ch\\\/durchblick-bei-video-und-zutritt\\\/#primaryimage\"},\"image\":{\"@id\":\"https:\\\/\\\/news.save.ch\\\/durchblick-bei-video-und-zutritt\\\/#primaryimage\"},\"thumbnailUrl\":\"https:\\\/\\\/news.save.ch\\\/wp-content\\\/uploads\\\/2018\\\/04\\\/BHE-1.jpg\",\"datePublished\":\"2018-04-06T09:06:56+00:00\",\"dateModified\":\"2023-03-14T07:59:21+00:00\",\"description\":\"Der BHE Bundesverband f\u00fcr Sicherheitstechnik f\u00fchrt im Mai seinen 7. Fachkongress zum Thema Video und Zutritt durch; parallel findet eine Ausstellung statt.\",\"breadcrumb\":{\"@id\":\"https:\\\/\\\/news.save.ch\\\/durchblick-bei-video-und-zutritt\\\/#breadcrumb\"},\"inLanguage\":\"fr-FR\",\"potentialAction\":[{\"@type\":\"ReadAction\",\"target\":[\"https:\\\/\\\/news.save.ch\\\/durchblick-bei-video-und-zutritt\\\/\"]}]},{\"@type\":\"ImageObject\",\"inLanguage\":\"fr-FR\",\"@id\":\"https:\\\/\\\/news.save.ch\\\/durchblick-bei-video-und-zutritt\\\/#primaryimage\",\"url\":\"https:\\\/\\\/news.save.ch\\\/wp-content\\\/uploads\\\/2018\\\/04\\\/BHE-1.jpg\",\"contentUrl\":\"https:\\\/\\\/news.save.ch\\\/wp-content\\\/uploads\\\/2018\\\/04\\\/BHE-1.jpg\",\"width\":915,\"height\":595},{\"@type\":\"BreadcrumbList\",\"@id\":\"https:\\\/\\\/news.save.ch\\\/durchblick-bei-video-und-zutritt\\\/#breadcrumb\",\"itemListElement\":[{\"@type\":\"ListItem\",\"position\":1,\"name\":\"Home\",\"item\":\"https:\\\/\\\/news.save.ch\\\/de\\\/\"},{\"@type\":\"ListItem\",\"position\":2,\"name\":\"Durchblick bei Video und Zutritt\"}]},{\"@type\":\"WebSite\",\"@id\":\"https:\\\/\\\/news.save.ch\\\/de\\\/#website\",\"url\":\"https:\\\/\\\/news.save.ch\\\/de\\\/\",\"name\":\"Save\",\"description\":\"Schweizer Fachzeitschrift f\u00fcr Sicherheit\",\"publisher\":{\"@id\":\"https:\\\/\\\/news.save.ch\\\/de\\\/#organization\"},\"potentialAction\":[{\"@type\":\"SearchAction\",\"target\":{\"@type\":\"EntryPoint\",\"urlTemplate\":\"https:\\\/\\\/news.save.ch\\\/de\\\/?s={search_term_string}\"},\"query-input\":{\"@type\":\"PropertyValueSpecification\",\"valueRequired\":true,\"valueName\":\"search_term_string\"}}],\"inLanguage\":\"fr-FR\"},{\"@type\":\"Organization\",\"@id\":\"https:\\\/\\\/news.save.ch\\\/de\\\/#organization\",\"name\":\"Sicherheitsforum\",\"url\":\"https:\\\/\\\/news.save.ch\\\/de\\\/\",\"logo\":{\"@type\":\"ImageObject\",\"inLanguage\":\"fr-FR\",\"@id\":\"https:\\\/\\\/news.save.ch\\\/de\\\/#\\\/schema\\\/logo\\\/image\\\/\",\"url\":\"https:\\\/\\\/news.save.ch\\\/wp-content\\\/uploads\\\/2022\\\/06\\\/Logo_SF_2012.png\",\"contentUrl\":\"https:\\\/\\\/news.save.ch\\\/wp-content\\\/uploads\\\/2022\\\/06\\\/Logo_SF_2012.png\",\"width\":1100,\"height\":91,\"caption\":\"Sicherheitsforum\"},\"image\":{\"@id\":\"https:\\\/\\\/news.save.ch\\\/de\\\/#\\\/schema\\\/logo\\\/image\\\/\"}},{\"@type\":\"Person\",\"@id\":\"https:\\\/\\\/news.save.ch\\\/de\\\/#\\\/schema\\\/person\\\/d5022db048e0e2b9785c50e5b24da5aa\",\"name\":\"Roger Str\u00e4ssle\",\"image\":{\"@type\":\"ImageObject\",\"inLanguage\":\"fr-FR\",\"@id\":\"https:\\\/\\\/secure.gravatar.com\\\/avatar\\\/862a5569d087de48e5856e32f45d719a03804c891d6deb8d4f71a660e79e4a47?s=96&d=mm&r=g\",\"url\":\"https:\\\/\\\/secure.gravatar.com\\\/avatar\\\/862a5569d087de48e5856e32f45d719a03804c891d6deb8d4f71a660e79e4a47?s=96&d=mm&r=g\",\"contentUrl\":\"https:\\\/\\\/secure.gravatar.com\\\/avatar\\\/862a5569d087de48e5856e32f45d719a03804c891d6deb8d4f71a660e79e4a47?s=96&d=mm&r=g\",\"caption\":\"Roger Str\u00e4ssle\"},\"url\":\"https:\\\/\\\/news.save.ch\\\/fr\\\/author\\\/roger-straessle\\\/\"}]}<\/script>\n<!-- \/ Yoast SEO plugin. -->","yoast_head_json":{"title":"Vid\u00e9o et acc\u00e8s - Save","description":"L'association f\u00e9d\u00e9rale BHE pour la technique de s\u00e9curit\u00e9 organise en mai son 7e congr\u00e8s sp\u00e9cialis\u00e9 sur le th\u00e8me de la vid\u00e9o et de l'acc\u00e8s ; une exposition se tiendra en parall\u00e8le.","robots":{"index":"index","follow":"follow","max-snippet":"max-snippet:-1","max-image-preview":"max-image-preview:large","max-video-preview":"max-video-preview:-1"},"canonical":"https:\/\/news.save.ch\/fr\/durchblick-bei-video-und-zutritt\/","og_locale":"fr_FR","og_type":"article","og_title":"Durchblick bei Video und Zutritt - Save","og_description":"Der BHE Bundesverband f\u00fcr Sicherheitstechnik f\u00fchrt im Mai seinen 7. Fachkongress zum Thema Video und Zutritt durch; parallel findet eine Ausstellung statt.","og_url":"https:\/\/news.save.ch\/fr\/durchblick-bei-video-und-zutritt\/","og_site_name":"Save","article_published_time":"2018-04-06T09:06:56+00:00","article_modified_time":"2023-03-14T07:59:21+00:00","og_image":[{"width":915,"height":595,"url":"https:\/\/news.save.ch\/wp-content\/uploads\/2018\/04\/BHE-1.jpg","type":"image\/jpeg"}],"author":"Roger Str\u00e4ssle","twitter_card":"summary_large_image","twitter_misc":{"\u00c9crit par":"Roger Str\u00e4ssle"},"schema":{"@context":"https:\/\/schema.org","@graph":[{"@type":"Article","@id":"https:\/\/news.save.ch\/durchblick-bei-video-und-zutritt\/#article","isPartOf":{"@id":"https:\/\/news.save.ch\/durchblick-bei-video-und-zutritt\/"},"author":{"name":"Roger Str\u00e4ssle","@id":"https:\/\/news.save.ch\/de\/#\/schema\/person\/d5022db048e0e2b9785c50e5b24da5aa"},"headline":"Durchblick bei Video und Zutritt","datePublished":"2018-04-06T09:06:56+00:00","dateModified":"2023-03-14T07:59:21+00:00","mainEntityOfPage":{"@id":"https:\/\/news.save.ch\/durchblick-bei-video-und-zutritt\/"},"wordCount":61,"commentCount":0,"publisher":{"@id":"https:\/\/news.save.ch\/de\/#organization"},"image":{"@id":"https:\/\/news.save.ch\/durchblick-bei-video-und-zutritt\/#primaryimage"},"thumbnailUrl":"https:\/\/news.save.ch\/wp-content\/uploads\/2018\/04\/BHE-1.jpg","keywords":["Aus- und Weiterbildung","Video-Security","Video\u00fcberwachung","Zutrittskontrolle","Zutrittskontrolle\/Video-Security"],"articleSection":["SICHERHEIT"],"inLanguage":"fr-FR"},{"@type":"WebPage","@id":"https:\/\/news.save.ch\/durchblick-bei-video-und-zutritt\/","url":"https:\/\/news.save.ch\/durchblick-bei-video-und-zutritt\/","name":"Vid\u00e9o et acc\u00e8s - Save","isPartOf":{"@id":"https:\/\/news.save.ch\/de\/#website"},"primaryImageOfPage":{"@id":"https:\/\/news.save.ch\/durchblick-bei-video-und-zutritt\/#primaryimage"},"image":{"@id":"https:\/\/news.save.ch\/durchblick-bei-video-und-zutritt\/#primaryimage"},"thumbnailUrl":"https:\/\/news.save.ch\/wp-content\/uploads\/2018\/04\/BHE-1.jpg","datePublished":"2018-04-06T09:06:56+00:00","dateModified":"2023-03-14T07:59:21+00:00","description":"L'association f\u00e9d\u00e9rale BHE pour la technique de s\u00e9curit\u00e9 organise en mai son 7e congr\u00e8s sp\u00e9cialis\u00e9 sur le th\u00e8me de la vid\u00e9o et de l'acc\u00e8s ; une exposition se tiendra en parall\u00e8le.","breadcrumb":{"@id":"https:\/\/news.save.ch\/durchblick-bei-video-und-zutritt\/#breadcrumb"},"inLanguage":"fr-FR","potentialAction":[{"@type":"ReadAction","target":["https:\/\/news.save.ch\/durchblick-bei-video-und-zutritt\/"]}]},{"@type":"ImageObject","inLanguage":"fr-FR","@id":"https:\/\/news.save.ch\/durchblick-bei-video-und-zutritt\/#primaryimage","url":"https:\/\/news.save.ch\/wp-content\/uploads\/2018\/04\/BHE-1.jpg","contentUrl":"https:\/\/news.save.ch\/wp-content\/uploads\/2018\/04\/BHE-1.jpg","width":915,"height":595},{"@type":"BreadcrumbList","@id":"https:\/\/news.save.ch\/durchblick-bei-video-und-zutritt\/#breadcrumb","itemListElement":[{"@type":"ListItem","position":1,"name":"Home","item":"https:\/\/news.save.ch\/de\/"},{"@type":"ListItem","position":2,"name":"Durchblick bei Video und Zutritt"}]},{"@type":"WebSite","@id":"https:\/\/news.save.ch\/de\/#website","url":"https:\/\/news.save.ch\/de\/","name":"Save","description":"Revue suisse sp\u00e9cialis\u00e9e dans la s\u00e9curit\u00e9","publisher":{"@id":"https:\/\/news.save.ch\/de\/#organization"},"potentialAction":[{"@type":"SearchAction","target":{"@type":"EntryPoint","urlTemplate":"https:\/\/news.save.ch\/de\/?s={search_term_string}"},"query-input":{"@type":"PropertyValueSpecification","valueRequired":true,"valueName":"search_term_string"}}],"inLanguage":"fr-FR"},{"@type":"Organization","@id":"https:\/\/news.save.ch\/de\/#organization","name":"Forum sur la s\u00e9curit\u00e9","url":"https:\/\/news.save.ch\/de\/","logo":{"@type":"ImageObject","inLanguage":"fr-FR","@id":"https:\/\/news.save.ch\/de\/#\/schema\/logo\/image\/","url":"https:\/\/news.save.ch\/wp-content\/uploads\/2022\/06\/Logo_SF_2012.png","contentUrl":"https:\/\/news.save.ch\/wp-content\/uploads\/2022\/06\/Logo_SF_2012.png","width":1100,"height":91,"caption":"Sicherheitsforum"},"image":{"@id":"https:\/\/news.save.ch\/de\/#\/schema\/logo\/image\/"}},{"@type":"Person","@id":"https:\/\/news.save.ch\/de\/#\/schema\/person\/d5022db048e0e2b9785c50e5b24da5aa","name":"Roger Str\u00e4ssle","image":{"@type":"ImageObject","inLanguage":"fr-FR","@id":"https:\/\/secure.gravatar.com\/avatar\/862a5569d087de48e5856e32f45d719a03804c891d6deb8d4f71a660e79e4a47?s=96&d=mm&r=g","url":"https:\/\/secure.gravatar.com\/avatar\/862a5569d087de48e5856e32f45d719a03804c891d6deb8d4f71a660e79e4a47?s=96&d=mm&r=g","contentUrl":"https:\/\/secure.gravatar.com\/avatar\/862a5569d087de48e5856e32f45d719a03804c891d6deb8d4f71a660e79e4a47?s=96&d=mm&r=g","caption":"Roger Str\u00e4ssle"},"url":"https:\/\/news.save.ch\/fr\/author\/roger-straessle\/"}]}},"_links":{"self":[{"href":"https:\/\/news.save.ch\/fr\/wp-json\/wp\/v2\/posts\/6210","targetHints":{"allow":["GET"]}}],"collection":[{"href":"https:\/\/news.save.ch\/fr\/wp-json\/wp\/v2\/posts"}],"about":[{"href":"https:\/\/news.save.ch\/fr\/wp-json\/wp\/v2\/types\/post"}],"author":[{"embeddable":true,"href":"https:\/\/news.save.ch\/fr\/wp-json\/wp\/v2\/users\/8"}],"replies":[{"embeddable":true,"href":"https:\/\/news.save.ch\/fr\/wp-json\/wp\/v2\/comments?post=6210"}],"version-history":[{"count":1,"href":"https:\/\/news.save.ch\/fr\/wp-json\/wp\/v2\/posts\/6210\/revisions"}],"predecessor-version":[{"id":17930,"href":"https:\/\/news.save.ch\/fr\/wp-json\/wp\/v2\/posts\/6210\/revisions\/17930"}],"wp:featuredmedia":[{"embeddable":true,"href":"https:\/\/news.save.ch\/fr\/wp-json\/wp\/v2\/media\/6211"}],"wp:attachment":[{"href":"https:\/\/news.save.ch\/fr\/wp-json\/wp\/v2\/media?parent=6210"}],"wp:term":[{"taxonomy":"category","embeddable":true,"href":"https:\/\/news.save.ch\/fr\/wp-json\/wp\/v2\/categories?post=6210"},{"taxonomy":"post_tag","embeddable":true,"href":"https:\/\/news.save.ch\/fr\/wp-json\/wp\/v2\/tags?post=6210"}],"curies":[{"name":"wp","href":"https:\/\/api.w.org\/{rel}","templated":true}]}}