{"id":630,"date":"2015-10-30T14:11:00","date_gmt":"2015-10-30T13:11:00","guid":{"rendered":"http:\/\/dev.safety-plus.ch\/?p=630"},"modified":"2015-10-30T14:11:00","modified_gmt":"2015-10-30T13:11:00","slug":"aa-arbeitssicherheit-in-der-industrie-4-0","status":null,"type":"post","link":"https:\/\/news.save.ch\/fr\/aa-arbeitssicherheit-in-der-industrie-4-0\/","title":{"rendered":"A+A : la s\u00e9curit\u00e9 au travail dans l'industrie 4.0"},"content":{"rendered":"<figure id=\"attachment_634\" aria-describedby=\"caption-attachment-634\" style=\"width: 680px\" class=\"wp-caption alignnone\"><img loading=\"lazy\" decoding=\"async\" class=\"wp-image-634 size-medium\" src=\"http:\/\/develop.safety-plus.ch\/wp-content\/uploads\/2016\/12\/AA-Arbeitssicherheit-in-der-Industrie-4.0_safety-plus.jpg\" alt=\"A+A 2015 avec un nouveau record de visiteurs\" width=\"680\" height=\"410\" \/><figcaption id=\"caption-attachment-634\" class=\"wp-caption-text\">A+A 2015 avec un nouveau record de visiteurs<\/figcaption><\/figure>\n<p>L'un des points forts du salon A+A \u00e9tait par exemple la mise en r\u00e9seau des capteurs. Les donn\u00e9es enregistr\u00e9es par des appareils de mesure de gaz, des sonom\u00e8tres et des appareils de mesure des signes vitaux sont saisies dans un syst\u00e8me central. Le responsable de la s\u00e9curit\u00e9 peut ainsi voir \u00e0 tout moment quel employ\u00e9 se trouve dans une situation potentiellement dangereuse. Si l'une des valeurs se trouve dans une zone critique - par exemple la concentration de gaz toxiques dans l'air - des mesures peuvent \u00eatre prises imm\u00e9diatement.<\/p>\n<p>L'intelligence fait \u00e9galement son entr\u00e9e dans les lunettes de protection : une nouvelle paire de lunettes de s\u00e9curit\u00e9 d\u00e9tecte si elle est port\u00e9e correctement. Ce n'est que si le porteur a bien mis ses lunettes sur son nez qu'il peut d\u00e9marrer sa machine de travail.<\/p>\n<p>De nouveaux mat\u00e9riaux et rev\u00eatements font \u00e9galement leur apparition dans les produits de protection au travail. En ce qui concerne les articles de protection pour les diff\u00e9rentes parties du corps, les v\u00eatements de protection et les v\u00eatements de travail tr\u00e8s tendance (corporate fashion), la tendance est clairement \u00e0 l'envoi de messages \u00e9motionnels. Les v\u00eatements de travail modernes doivent avoir l'air cool et ressemblent de plus en plus aux v\u00eatements d'ext\u00e9rieur en vogue, tant au niveau des couleurs que des formes. Les visiteurs de l'A+A ont pu s'en rendre compte sur les stands des nombreux fournisseurs de qualit\u00e9.<\/p>\n<p>Il ne fait aucun doute que, malgr\u00e9 tous les aspects de la mode, les exigences fonctionnelles restent extr\u00eamement importantes. Les textiles et mat\u00e9riaux \"high-tech\" modernes permettent par exemple aux v\u00eatements de protection sp\u00e9ciaux pour les forces d'intervention d'\u00eatre particuli\u00e8rement r\u00e9sistants \u00e0 la chaleur tout en \u00e9tant respirants et hydrofuges. Les fournisseurs r\u00e9pondent donc \u00e0 la \"quadrature du cercle\" des exigences les plus \u00e9lev\u00e9es des d\u00e9cideurs en mati\u00e8re d'achat dans le domaine des sapeurs-pompiers.<\/p>\n<p><strong>Chiffres records<\/strong><\/p>\n<p>Cette ann\u00e9e encore, le salon a battu tous ses propres records : plus de 65'000 visiteurs professionnels du monde entier se sont rendus \u00e0 D\u00fcsseldorf pour s'informer sur les derni\u00e8res tendances aupr\u00e8s des 1887 exposants.  Le pays partenaire de cette ann\u00e9e \u00e9tait la Cor\u00e9e du Sud.<\/p>\n<p>Les organisateurs sont \u00e9galement satisfaits. Joachim Sch\u00e4fer, directeur de Messe D\u00fcsseldorf : \"Le salon A+A a une fois de plus confirm\u00e9 sa position de leader international des salons et congr\u00e8s consacr\u00e9s au travail s\u00fbr et sain, avec de nouveaux r\u00e9sultats de premier ordre du c\u00f4t\u00e9 des exposants et des visiteurs. Au-del\u00e0 de l'Europe, il donne des impulsions au march\u00e9 et au d\u00e9bat politique\".<\/p>\n<p>Le congr\u00e8s international A+A, organis\u00e9 par l'Association f\u00e9d\u00e9rale pour la s\u00e9curit\u00e9 et la sant\u00e9 au travail (Basi), a accueilli plus de 5.000 participants dans les 60 s\u00e9ries de manifestations avec 350 intervenants. Ce congr\u00e8s aux th\u00e8mes vari\u00e9s a \u00e9t\u00e9 accompagn\u00e9 par la conf\u00e9rence de haut niveau de l'Organisation internationale du travail (OIT) et de l'Association internationale de la s\u00e9curit\u00e9 sociale (AISS).<\/p>\n<p>Le prochain salon A+A se tiendra \u00e0 D\u00fcsseldorf du 17 au 20 octobre 2017.<\/p>","protected":false},"excerpt":{"rendered":"<p>Eines der Highlights an der A+A war etwa die vernetzte Sensorik. Daten, die durch etwa Gasmessger\u00e4te, Schallpegelmesser und Vitaldatenmesser aufgezeichnet werden, werden in einem zentralen System erfasst. Der Sicherheitsbeauftragte hat so jederzeit im Blick, welcher Mitarbeiter sich in einer potenziell gef\u00e4hrlichen Situation befindet. Ist einer der Werte in einem kritischen Bereich \u2013 etwa die Konzentration [&hellip;]<\/p>\n","protected":false},"author":1,"featured_media":634,"comment_status":"open","ping_status":"open","sticky":false,"template":"","format":"standard","meta":{"_acf_changed":false,"pgc_sgb_lightbox_settings":"","footnotes":""},"categories":[1],"tags":[],"class_list":["post-630","post","type-post","status-publish","format-standard","has-post-thumbnail","hentry","category-allgemein"],"acf":[],"hkrextid":null,"publication":null,"issue":null,"workflow":null,"startPage":null,"spitzmarke":null,"_posts_by_tag_page_fields":{"widget_title":"","widget_tags":""},"_at_widget":"1","_yoast_wpseo_primary_category":"","_yoast_wpseo_focuskw_text_input":"Industrie 4.0","_yoast_wpseo_opengraph-image":null,"_yoast_wpseo_opengraph-description":null,"_yoast_wpseo_opengraph-title":null,"enclosure":null,"_yoast_wpseo_twitter-title":null,"_yoast_wpseo_twitter-description":null,"_yoast_wpseo_twitter-image":null,"_wp_old_slug":null,"_yoast_wpseo_title":null,"_yoast_wpseo_canonical":null,"yoast_head":"<!-- This site is optimized with the Yoast SEO plugin v27.4 - https:\/\/yoast.com\/product\/yoast-seo-wordpress\/ -->\n<title>A+A: Arbeitssicherheit in der Industrie 4.0 - Save<\/title>\n<meta name=\"description\" content=\"Industrie 4.0: Die Vernetzung h\u00e4lt auch bei der Arbeitssicherheit Einzug.\" \/>\n<meta name=\"robots\" content=\"index, follow, max-snippet:-1, max-image-preview:large, max-video-preview:-1\" \/>\n<link rel=\"canonical\" href=\"https:\/\/news.save.ch\/fr\/aa-arbeitssicherheit-in-der-industrie-4-0\/\" \/>\n<meta property=\"og:locale\" content=\"fr_FR\" \/>\n<meta property=\"og:type\" content=\"article\" \/>\n<meta property=\"og:title\" content=\"A+A: Arbeitssicherheit in der Industrie 4.0 - Save\" \/>\n<meta property=\"og:description\" content=\"Industrie 4.0: Die Vernetzung h\u00e4lt auch bei der Arbeitssicherheit Einzug.\" \/>\n<meta property=\"og:url\" content=\"https:\/\/news.save.ch\/fr\/aa-arbeitssicherheit-in-der-industrie-4-0\/\" \/>\n<meta property=\"og:site_name\" content=\"Save\" \/>\n<meta property=\"article:published_time\" content=\"2015-10-30T13:11:00+00:00\" \/>\n<meta property=\"og:image\" content=\"https:\/\/news.save.ch\/wp-content\/uploads\/2016\/12\/AA-Arbeitssicherheit-in-der-Industrie-4.0_safety-plus-scaled-1.jpg\" \/>\n\t<meta property=\"og:image:width\" content=\"1200\" \/>\n\t<meta property=\"og:image:height\" content=\"723\" \/>\n\t<meta property=\"og:image:type\" content=\"image\/jpeg\" \/>\n<meta name=\"author\" content=\"admin\" \/>\n<meta name=\"twitter:card\" content=\"summary_large_image\" \/>\n<meta name=\"twitter:label1\" content=\"\u00c9crit par\" \/>\n\t<meta name=\"twitter:data1\" content=\"admin\" \/>\n\t<meta name=\"twitter:label2\" content=\"Dur\u00e9e de lecture estim\u00e9e\" \/>\n\t<meta name=\"twitter:data2\" content=\"2 minutes\" \/>\n<script type=\"application\/ld+json\" class=\"yoast-schema-graph\">{\"@context\":\"https:\\\/\\\/schema.org\",\"@graph\":[{\"@type\":\"Article\",\"@id\":\"https:\\\/\\\/news.save.ch\\\/aa-arbeitssicherheit-in-der-industrie-4-0\\\/#article\",\"isPartOf\":{\"@id\":\"https:\\\/\\\/news.save.ch\\\/aa-arbeitssicherheit-in-der-industrie-4-0\\\/\"},\"author\":{\"name\":\"admin\",\"@id\":\"https:\\\/\\\/news.save.ch\\\/de\\\/#\\\/schema\\\/person\\\/d49e199490bad7c70d64b9ab51142f2b\"},\"headline\":\"A+A: Arbeitssicherheit in der Industrie 4.0\",\"datePublished\":\"2015-10-30T13:11:00+00:00\",\"mainEntityOfPage\":{\"@id\":\"https:\\\/\\\/news.save.ch\\\/aa-arbeitssicherheit-in-der-industrie-4-0\\\/\"},\"wordCount\":418,\"commentCount\":1,\"publisher\":{\"@id\":\"https:\\\/\\\/news.save.ch\\\/de\\\/#organization\"},\"image\":{\"@id\":\"https:\\\/\\\/news.save.ch\\\/aa-arbeitssicherheit-in-der-industrie-4-0\\\/#primaryimage\"},\"thumbnailUrl\":\"https:\\\/\\\/news.save.ch\\\/wp-content\\\/uploads\\\/2016\\\/12\\\/AA-Arbeitssicherheit-in-der-Industrie-4.0_safety-plus-scaled-1.jpg\",\"articleSection\":[\"ALLGEMEIN\"],\"inLanguage\":\"fr-FR\"},{\"@type\":\"WebPage\",\"@id\":\"https:\\\/\\\/news.save.ch\\\/aa-arbeitssicherheit-in-der-industrie-4-0\\\/\",\"url\":\"https:\\\/\\\/news.save.ch\\\/aa-arbeitssicherheit-in-der-industrie-4-0\\\/\",\"name\":\"A+A: Arbeitssicherheit in der Industrie 4.0 - Save\",\"isPartOf\":{\"@id\":\"https:\\\/\\\/news.save.ch\\\/de\\\/#website\"},\"primaryImageOfPage\":{\"@id\":\"https:\\\/\\\/news.save.ch\\\/aa-arbeitssicherheit-in-der-industrie-4-0\\\/#primaryimage\"},\"image\":{\"@id\":\"https:\\\/\\\/news.save.ch\\\/aa-arbeitssicherheit-in-der-industrie-4-0\\\/#primaryimage\"},\"thumbnailUrl\":\"https:\\\/\\\/news.save.ch\\\/wp-content\\\/uploads\\\/2016\\\/12\\\/AA-Arbeitssicherheit-in-der-Industrie-4.0_safety-plus-scaled-1.jpg\",\"datePublished\":\"2015-10-30T13:11:00+00:00\",\"description\":\"Industrie 4.0: Die Vernetzung h\u00e4lt auch bei der Arbeitssicherheit Einzug.\",\"breadcrumb\":{\"@id\":\"https:\\\/\\\/news.save.ch\\\/aa-arbeitssicherheit-in-der-industrie-4-0\\\/#breadcrumb\"},\"inLanguage\":\"fr-FR\",\"potentialAction\":[{\"@type\":\"ReadAction\",\"target\":[\"https:\\\/\\\/news.save.ch\\\/aa-arbeitssicherheit-in-der-industrie-4-0\\\/\"]}]},{\"@type\":\"ImageObject\",\"inLanguage\":\"fr-FR\",\"@id\":\"https:\\\/\\\/news.save.ch\\\/aa-arbeitssicherheit-in-der-industrie-4-0\\\/#primaryimage\",\"url\":\"https:\\\/\\\/news.save.ch\\\/wp-content\\\/uploads\\\/2016\\\/12\\\/AA-Arbeitssicherheit-in-der-Industrie-4.0_safety-plus-scaled-1.jpg\",\"contentUrl\":\"https:\\\/\\\/news.save.ch\\\/wp-content\\\/uploads\\\/2016\\\/12\\\/AA-Arbeitssicherheit-in-der-Industrie-4.0_safety-plus-scaled-1.jpg\",\"width\":1200,\"height\":723,\"caption\":\"A+A 2015 mit neuen Besucherrekord\"},{\"@type\":\"BreadcrumbList\",\"@id\":\"https:\\\/\\\/news.save.ch\\\/aa-arbeitssicherheit-in-der-industrie-4-0\\\/#breadcrumb\",\"itemListElement\":[{\"@type\":\"ListItem\",\"position\":1,\"name\":\"Home\",\"item\":\"https:\\\/\\\/news.save.ch\\\/de\\\/\"},{\"@type\":\"ListItem\",\"position\":2,\"name\":\"A+A: Arbeitssicherheit in der Industrie 4.0\"}]},{\"@type\":\"WebSite\",\"@id\":\"https:\\\/\\\/news.save.ch\\\/de\\\/#website\",\"url\":\"https:\\\/\\\/news.save.ch\\\/de\\\/\",\"name\":\"Save\",\"description\":\"Schweizer Fachzeitschrift f\u00fcr Sicherheit\",\"publisher\":{\"@id\":\"https:\\\/\\\/news.save.ch\\\/de\\\/#organization\"},\"potentialAction\":[{\"@type\":\"SearchAction\",\"target\":{\"@type\":\"EntryPoint\",\"urlTemplate\":\"https:\\\/\\\/news.save.ch\\\/de\\\/?s={search_term_string}\"},\"query-input\":{\"@type\":\"PropertyValueSpecification\",\"valueRequired\":true,\"valueName\":\"search_term_string\"}}],\"inLanguage\":\"fr-FR\"},{\"@type\":\"Organization\",\"@id\":\"https:\\\/\\\/news.save.ch\\\/de\\\/#organization\",\"name\":\"Sicherheitsforum\",\"url\":\"https:\\\/\\\/news.save.ch\\\/de\\\/\",\"logo\":{\"@type\":\"ImageObject\",\"inLanguage\":\"fr-FR\",\"@id\":\"https:\\\/\\\/news.save.ch\\\/de\\\/#\\\/schema\\\/logo\\\/image\\\/\",\"url\":\"https:\\\/\\\/news.save.ch\\\/wp-content\\\/uploads\\\/2022\\\/06\\\/Logo_SF_2012.png\",\"contentUrl\":\"https:\\\/\\\/news.save.ch\\\/wp-content\\\/uploads\\\/2022\\\/06\\\/Logo_SF_2012.png\",\"width\":1100,\"height\":91,\"caption\":\"Sicherheitsforum\"},\"image\":{\"@id\":\"https:\\\/\\\/news.save.ch\\\/de\\\/#\\\/schema\\\/logo\\\/image\\\/\"}},{\"@type\":\"Person\",\"@id\":\"https:\\\/\\\/news.save.ch\\\/de\\\/#\\\/schema\\\/person\\\/d49e199490bad7c70d64b9ab51142f2b\",\"name\":\"admin\",\"image\":{\"@type\":\"ImageObject\",\"inLanguage\":\"fr-FR\",\"@id\":\"https:\\\/\\\/secure.gravatar.com\\\/avatar\\\/ae2f4d718e6c49043e314ce431e7e645d646302a24a5ef5a8bc8e3f5a032e319?s=96&d=mm&r=g\",\"url\":\"https:\\\/\\\/secure.gravatar.com\\\/avatar\\\/ae2f4d718e6c49043e314ce431e7e645d646302a24a5ef5a8bc8e3f5a032e319?s=96&d=mm&r=g\",\"contentUrl\":\"https:\\\/\\\/secure.gravatar.com\\\/avatar\\\/ae2f4d718e6c49043e314ce431e7e645d646302a24a5ef5a8bc8e3f5a032e319?s=96&d=mm&r=g\",\"caption\":\"admin\"},\"sameAs\":[\"https:\\\/\\\/develop.organisator.galledia.ch\"],\"url\":\"https:\\\/\\\/news.save.ch\\\/fr\\\/author\\\/admin\\\/\"}]}<\/script>\n<!-- \/ Yoast SEO plugin. -->","yoast_head_json":{"title":"A+A : la s\u00e9curit\u00e9 au travail dans l'industrie 4.0 - Save","description":"Industrie 4.0 : la mise en r\u00e9seau fait \u00e9galement son entr\u00e9e dans la s\u00e9curit\u00e9 au travail.","robots":{"index":"index","follow":"follow","max-snippet":"max-snippet:-1","max-image-preview":"max-image-preview:large","max-video-preview":"max-video-preview:-1"},"canonical":"https:\/\/news.save.ch\/fr\/aa-arbeitssicherheit-in-der-industrie-4-0\/","og_locale":"fr_FR","og_type":"article","og_title":"A+A: Arbeitssicherheit in der Industrie 4.0 - Save","og_description":"Industrie 4.0: Die Vernetzung h\u00e4lt auch bei der Arbeitssicherheit Einzug.","og_url":"https:\/\/news.save.ch\/fr\/aa-arbeitssicherheit-in-der-industrie-4-0\/","og_site_name":"Save","article_published_time":"2015-10-30T13:11:00+00:00","og_image":[{"width":1200,"height":723,"url":"https:\/\/news.save.ch\/wp-content\/uploads\/2016\/12\/AA-Arbeitssicherheit-in-der-Industrie-4.0_safety-plus-scaled-1.jpg","type":"image\/jpeg"}],"author":"admin","twitter_card":"summary_large_image","twitter_misc":{"\u00c9crit par":"admin","Dur\u00e9e de lecture estim\u00e9e":"2 minutes"},"schema":{"@context":"https:\/\/schema.org","@graph":[{"@type":"Article","@id":"https:\/\/news.save.ch\/aa-arbeitssicherheit-in-der-industrie-4-0\/#article","isPartOf":{"@id":"https:\/\/news.save.ch\/aa-arbeitssicherheit-in-der-industrie-4-0\/"},"author":{"name":"admin","@id":"https:\/\/news.save.ch\/de\/#\/schema\/person\/d49e199490bad7c70d64b9ab51142f2b"},"headline":"A+A: Arbeitssicherheit in der Industrie 4.0","datePublished":"2015-10-30T13:11:00+00:00","mainEntityOfPage":{"@id":"https:\/\/news.save.ch\/aa-arbeitssicherheit-in-der-industrie-4-0\/"},"wordCount":418,"commentCount":1,"publisher":{"@id":"https:\/\/news.save.ch\/de\/#organization"},"image":{"@id":"https:\/\/news.save.ch\/aa-arbeitssicherheit-in-der-industrie-4-0\/#primaryimage"},"thumbnailUrl":"https:\/\/news.save.ch\/wp-content\/uploads\/2016\/12\/AA-Arbeitssicherheit-in-der-Industrie-4.0_safety-plus-scaled-1.jpg","articleSection":["ALLGEMEIN"],"inLanguage":"fr-FR"},{"@type":"WebPage","@id":"https:\/\/news.save.ch\/aa-arbeitssicherheit-in-der-industrie-4-0\/","url":"https:\/\/news.save.ch\/aa-arbeitssicherheit-in-der-industrie-4-0\/","name":"A+A : la s\u00e9curit\u00e9 au travail dans l'industrie 4.0 - Save","isPartOf":{"@id":"https:\/\/news.save.ch\/de\/#website"},"primaryImageOfPage":{"@id":"https:\/\/news.save.ch\/aa-arbeitssicherheit-in-der-industrie-4-0\/#primaryimage"},"image":{"@id":"https:\/\/news.save.ch\/aa-arbeitssicherheit-in-der-industrie-4-0\/#primaryimage"},"thumbnailUrl":"https:\/\/news.save.ch\/wp-content\/uploads\/2016\/12\/AA-Arbeitssicherheit-in-der-Industrie-4.0_safety-plus-scaled-1.jpg","datePublished":"2015-10-30T13:11:00+00:00","description":"Industrie 4.0 : la mise en r\u00e9seau fait \u00e9galement son entr\u00e9e dans la s\u00e9curit\u00e9 au travail.","breadcrumb":{"@id":"https:\/\/news.save.ch\/aa-arbeitssicherheit-in-der-industrie-4-0\/#breadcrumb"},"inLanguage":"fr-FR","potentialAction":[{"@type":"ReadAction","target":["https:\/\/news.save.ch\/aa-arbeitssicherheit-in-der-industrie-4-0\/"]}]},{"@type":"ImageObject","inLanguage":"fr-FR","@id":"https:\/\/news.save.ch\/aa-arbeitssicherheit-in-der-industrie-4-0\/#primaryimage","url":"https:\/\/news.save.ch\/wp-content\/uploads\/2016\/12\/AA-Arbeitssicherheit-in-der-Industrie-4.0_safety-plus-scaled-1.jpg","contentUrl":"https:\/\/news.save.ch\/wp-content\/uploads\/2016\/12\/AA-Arbeitssicherheit-in-der-Industrie-4.0_safety-plus-scaled-1.jpg","width":1200,"height":723,"caption":"A+A 2015 mit neuen Besucherrekord"},{"@type":"BreadcrumbList","@id":"https:\/\/news.save.ch\/aa-arbeitssicherheit-in-der-industrie-4-0\/#breadcrumb","itemListElement":[{"@type":"ListItem","position":1,"name":"Home","item":"https:\/\/news.save.ch\/de\/"},{"@type":"ListItem","position":2,"name":"A+A: Arbeitssicherheit in der Industrie 4.0"}]},{"@type":"WebSite","@id":"https:\/\/news.save.ch\/de\/#website","url":"https:\/\/news.save.ch\/de\/","name":"Save","description":"Revue suisse sp\u00e9cialis\u00e9e dans la s\u00e9curit\u00e9","publisher":{"@id":"https:\/\/news.save.ch\/de\/#organization"},"potentialAction":[{"@type":"SearchAction","target":{"@type":"EntryPoint","urlTemplate":"https:\/\/news.save.ch\/de\/?s={search_term_string}"},"query-input":{"@type":"PropertyValueSpecification","valueRequired":true,"valueName":"search_term_string"}}],"inLanguage":"fr-FR"},{"@type":"Organization","@id":"https:\/\/news.save.ch\/de\/#organization","name":"Forum sur la s\u00e9curit\u00e9","url":"https:\/\/news.save.ch\/de\/","logo":{"@type":"ImageObject","inLanguage":"fr-FR","@id":"https:\/\/news.save.ch\/de\/#\/schema\/logo\/image\/","url":"https:\/\/news.save.ch\/wp-content\/uploads\/2022\/06\/Logo_SF_2012.png","contentUrl":"https:\/\/news.save.ch\/wp-content\/uploads\/2022\/06\/Logo_SF_2012.png","width":1100,"height":91,"caption":"Sicherheitsforum"},"image":{"@id":"https:\/\/news.save.ch\/de\/#\/schema\/logo\/image\/"}},{"@type":"Person","@id":"https:\/\/news.save.ch\/de\/#\/schema\/person\/d49e199490bad7c70d64b9ab51142f2b","name":"admin","image":{"@type":"ImageObject","inLanguage":"fr-FR","@id":"https:\/\/secure.gravatar.com\/avatar\/ae2f4d718e6c49043e314ce431e7e645d646302a24a5ef5a8bc8e3f5a032e319?s=96&d=mm&r=g","url":"https:\/\/secure.gravatar.com\/avatar\/ae2f4d718e6c49043e314ce431e7e645d646302a24a5ef5a8bc8e3f5a032e319?s=96&d=mm&r=g","contentUrl":"https:\/\/secure.gravatar.com\/avatar\/ae2f4d718e6c49043e314ce431e7e645d646302a24a5ef5a8bc8e3f5a032e319?s=96&d=mm&r=g","caption":"admin"},"sameAs":["https:\/\/develop.organisator.galledia.ch"],"url":"https:\/\/news.save.ch\/fr\/author\/admin\/"}]}},"_links":{"self":[{"href":"https:\/\/news.save.ch\/fr\/wp-json\/wp\/v2\/posts\/630","targetHints":{"allow":["GET"]}}],"collection":[{"href":"https:\/\/news.save.ch\/fr\/wp-json\/wp\/v2\/posts"}],"about":[{"href":"https:\/\/news.save.ch\/fr\/wp-json\/wp\/v2\/types\/post"}],"author":[{"embeddable":true,"href":"https:\/\/news.save.ch\/fr\/wp-json\/wp\/v2\/users\/1"}],"replies":[{"embeddable":true,"href":"https:\/\/news.save.ch\/fr\/wp-json\/wp\/v2\/comments?post=630"}],"version-history":[{"count":0,"href":"https:\/\/news.save.ch\/fr\/wp-json\/wp\/v2\/posts\/630\/revisions"}],"wp:featuredmedia":[{"embeddable":true,"href":"https:\/\/news.save.ch\/fr\/wp-json\/wp\/v2\/media\/634"}],"wp:attachment":[{"href":"https:\/\/news.save.ch\/fr\/wp-json\/wp\/v2\/media?parent=630"}],"wp:term":[{"taxonomy":"category","embeddable":true,"href":"https:\/\/news.save.ch\/fr\/wp-json\/wp\/v2\/categories?post=630"},{"taxonomy":"post_tag","embeddable":true,"href":"https:\/\/news.save.ch\/fr\/wp-json\/wp\/v2\/tags?post=630"}],"curies":[{"name":"wp","href":"https:\/\/api.w.org\/{rel}","templated":true}]}}