{"id":6393,"date":"2018-05-16T14:23:34","date_gmt":"2018-05-16T12:23:34","guid":{"rendered":"https:\/\/news.save.ch\/?p=6393"},"modified":"2023-03-14T08:56:55","modified_gmt":"2023-03-14T07:56:55","slug":"weg-von-russland-kasperskys-datenzentrum-kommt-nach-zuerich","status":null,"type":"post","link":"https:\/\/news.save.ch\/fr\/weg-von-russland-kasperskys-datenzentrum-kommt-nach-zuerich\/","title":{"rendered":"Loin de la Russie - Le centre de donn\u00e9es de Kaspersky s'installe \u00e0 Zurich"},"content":{"rendered":"<figure id=\"attachment_6394\" aria-describedby=\"caption-attachment-6394\" style=\"width: 316px\" class=\"wp-caption alignleft\"><img loading=\"lazy\" decoding=\"async\" class=\"size-full wp-image-6394\" src=\"https:\/\/news.save.ch\/wp-content\/uploads\/2018\/05\/Eugene_Kaspersky.jpg\" alt=\"\" width=\"316\" height=\"474\" srcset=\"https:\/\/news.save.ch\/wp-content\/uploads\/2018\/05\/Eugene_Kaspersky.jpg 316w, https:\/\/news.save.ch\/wp-content\/uploads\/2018\/05\/Eugene_Kaspersky-200x300.jpg 200w\" sizes=\"auto, (max-width: 316px) 100vw, 316px\" \/><figcaption id=\"caption-attachment-6394\" class=\"wp-caption-text\">La transparence est un grand besoin, c'est pourquoi le traitement des donn\u00e9es est transf\u00e9r\u00e9 en Suisse, explique Eugene Kaspersky, CEO de Kaspersky Lab.<\/figcaption><\/figure>\n<p>Kaspersky Lab transf\u00e8re un certain nombre de processus importants de la Russie vers la Suisse, a annonc\u00e9 l'entreprise. De m\u00eame, pour plus de <a href=\"https:\/\/www.kaspersky.com\/about\/transparency\">Transparence <\/a>Le nouveau centre de calcul doit \u00eatre supervis\u00e9 par des contr\u00f4leurs ind\u00e9pendants. Ce n'est pas un hasard : selon les m\u00e9dias, le fournisseur de s\u00e9curit\u00e9 informatique a \u00e9t\u00e9 confront\u00e9 l'automne dernier \u00e0 des accusations d'espionnage am\u00e9ricain en lien avec les services secrets russes.<\/p>\n<p>Le centre de donn\u00e9es de Zurich devrait \u00eatre mis en place d'ici fin 2019 et stocker et traiter toutes les informations des utilisateurs en Europe, en Am\u00e9rique du Nord, \u00e0 Singapour, en Australie, au Japon et en Cor\u00e9e du Sud.<\/p>\n<p><strong>D\u00e9placement de l'int\u00e9gration des logiciels<\/strong><\/p>\n<p>La finalisation de sa production de logiciels sera \u00e9galement transf\u00e9r\u00e9e \u00e0 Zurich : D'ici la fin de l'ann\u00e9e 2018, l'\u00e9diteur entend cr\u00e9er les produits Kaspersky et les bases de donn\u00e9es de signatures pour la d\u00e9tection des menaces (bases de donn\u00e9es AV) en Suisse et y apposer une signature num\u00e9rique avant de les distribuer aux clients finaux dans le monde entier. Cette d\u00e9localisation garantit que chaque logiciel nouvellement assembl\u00e9 peut \u00eatre v\u00e9rifi\u00e9 par une organisation ind\u00e9pendante, souligne l'entreprise.<\/p>\n<p><strong>Premier centre de transparence<\/strong><\/p>\n<p>Le code source des produits ainsi que les mises \u00e0 jour des logiciels seront disponibles dans un centre de transparence sp\u00e9cialement cr\u00e9\u00e9 pour \u00eatre examin\u00e9 par des tiers int\u00e9ress\u00e9s et autoris\u00e9s, selon Kaspersky. Ce centre de transparence, qui sera \u00e9galement r\u00e9alis\u00e9 en Suisse, devrait ouvrir ses portes cette ann\u00e9e encore.\u00a0<em> (rs\/pd)<\/em><\/p>","protected":false},"excerpt":{"rendered":"<p>Kaspersky Lab verlagert eine Reihe wichtiger Prozesse von Russland in die Schweiz, wie das Unternehmen mitgeteilt hat. Auch f\u00fcr mehr Transparenz will man sorgen &#8211; das neue Rechenzentrum soll dereinst von unabh\u00e4ngigen Kontrolleuren beaufsichtigt werden. Dies kommt wohl nicht von ungef\u00e4hr: Laut Medienberichten sah sich der IT-Sicherheitsanbieter im letzten Herbst mit US-Spionagevorw\u00fcrfen im Zusammenhang mit [&hellip;]<\/p>\n","protected":false},"author":8,"featured_media":6394,"comment_status":"open","ping_status":"open","sticky":false,"template":"","format":"standard","meta":{"_acf_changed":false,"pgc_sgb_lightbox_settings":"","footnotes":""},"categories":[3313],"tags":[118,62,63],"class_list":["post-6393","post","type-post","status-publish","format-standard","has-post-thumbnail","hentry","category-digitalisierung","tag-datenschutz","tag-ict-sicherheit","tag-it-security"],"acf":[],"hkrextid":null,"publication":null,"issue":null,"workflow":null,"startPage":null,"spitzmarke":null,"_posts_by_tag_page_fields":{"widget_title":"","widget_tags":""},"_at_widget":"1","_yoast_wpseo_primary_category":"2","_yoast_wpseo_focuskw_text_input":"Kaspersky","_yoast_wpseo_opengraph-image":null,"_yoast_wpseo_opengraph-description":null,"_yoast_wpseo_opengraph-title":null,"enclosure":null,"_yoast_wpseo_twitter-title":null,"_yoast_wpseo_twitter-description":null,"_yoast_wpseo_twitter-image":null,"_wp_old_slug":null,"_yoast_wpseo_title":null,"_yoast_wpseo_canonical":null,"yoast_head":"<!-- This site is optimized with the Yoast SEO plugin v27.5 - https:\/\/yoast.com\/product\/yoast-seo-wordpress\/ -->\n<title>Weg von Russland \u2013 Kaspersky\u2018s Datenzentrum kommt nach Z\u00fcrich - Save<\/title>\n<meta name=\"description\" content=\"Kaspersky Lab z\u00fcgelt seine Infrastruktur von Russland in die Schweiz: Ab Ende 2019 werden Daten europ\u00e4ischer Kunden in Z\u00fcrich gespeichert und verarbeitet.\" \/>\n<meta name=\"robots\" content=\"index, follow, max-snippet:-1, max-image-preview:large, max-video-preview:-1\" \/>\n<link rel=\"canonical\" href=\"https:\/\/news.save.ch\/fr\/weg-von-russland-kasperskys-datenzentrum-kommt-nach-zuerich\/\" \/>\n<meta property=\"og:locale\" content=\"fr_FR\" \/>\n<meta property=\"og:type\" content=\"article\" \/>\n<meta property=\"og:title\" content=\"Weg von Russland \u2013 Kaspersky\u2018s Datenzentrum kommt nach Z\u00fcrich - Save\" \/>\n<meta property=\"og:description\" content=\"Kaspersky Lab z\u00fcgelt seine Infrastruktur von Russland in die Schweiz: Ab Ende 2019 werden Daten europ\u00e4ischer Kunden in Z\u00fcrich gespeichert und verarbeitet.\" \/>\n<meta property=\"og:url\" content=\"https:\/\/news.save.ch\/fr\/weg-von-russland-kasperskys-datenzentrum-kommt-nach-zuerich\/\" \/>\n<meta property=\"og:site_name\" content=\"Save\" \/>\n<meta property=\"article:published_time\" content=\"2018-05-16T12:23:34+00:00\" \/>\n<meta property=\"article:modified_time\" content=\"2023-03-14T07:56:55+00:00\" \/>\n<meta property=\"og:image\" content=\"https:\/\/news.save.ch\/wp-content\/uploads\/2018\/05\/Eugene_Kaspersky.jpg\" \/>\n\t<meta property=\"og:image:width\" content=\"316\" \/>\n\t<meta property=\"og:image:height\" content=\"474\" \/>\n\t<meta property=\"og:image:type\" content=\"image\/jpeg\" \/>\n<meta name=\"author\" content=\"Roger Str\u00e4ssle\" \/>\n<meta name=\"twitter:card\" content=\"summary_large_image\" \/>\n<meta name=\"twitter:label1\" content=\"\u00c9crit par\" \/>\n\t<meta name=\"twitter:data1\" content=\"Roger Str\u00e4ssle\" \/>\n\t<meta name=\"twitter:label2\" content=\"Dur\u00e9e de lecture estim\u00e9e\" \/>\n\t<meta name=\"twitter:data2\" content=\"1 minute\" \/>\n<script type=\"application\/ld+json\" class=\"yoast-schema-graph\">{\"@context\":\"https:\\\/\\\/schema.org\",\"@graph\":[{\"@type\":\"Article\",\"@id\":\"https:\\\/\\\/news.save.ch\\\/weg-von-russland-kasperskys-datenzentrum-kommt-nach-zuerich\\\/#article\",\"isPartOf\":{\"@id\":\"https:\\\/\\\/news.save.ch\\\/weg-von-russland-kasperskys-datenzentrum-kommt-nach-zuerich\\\/\"},\"author\":{\"name\":\"Roger Str\u00e4ssle\",\"@id\":\"https:\\\/\\\/news.save.ch\\\/de\\\/#\\\/schema\\\/person\\\/d5022db048e0e2b9785c50e5b24da5aa\"},\"headline\":\"Weg von Russland \u2013 Kaspersky\u2018s Datenzentrum kommt nach Z\u00fcrich\",\"datePublished\":\"2018-05-16T12:23:34+00:00\",\"dateModified\":\"2023-03-14T07:56:55+00:00\",\"mainEntityOfPage\":{\"@id\":\"https:\\\/\\\/news.save.ch\\\/weg-von-russland-kasperskys-datenzentrum-kommt-nach-zuerich\\\/\"},\"wordCount\":245,\"commentCount\":0,\"publisher\":{\"@id\":\"https:\\\/\\\/news.save.ch\\\/de\\\/#organization\"},\"image\":{\"@id\":\"https:\\\/\\\/news.save.ch\\\/weg-von-russland-kasperskys-datenzentrum-kommt-nach-zuerich\\\/#primaryimage\"},\"thumbnailUrl\":\"https:\\\/\\\/news.save.ch\\\/wp-content\\\/uploads\\\/2018\\\/05\\\/Eugene_Kaspersky.jpg\",\"keywords\":[\"Datenschutz\",\"ICT-Sicherheit\",\"IT-SECURITY\"],\"articleSection\":[\"DIGITALISIERUNG\"],\"inLanguage\":\"fr-FR\"},{\"@type\":\"WebPage\",\"@id\":\"https:\\\/\\\/news.save.ch\\\/weg-von-russland-kasperskys-datenzentrum-kommt-nach-zuerich\\\/\",\"url\":\"https:\\\/\\\/news.save.ch\\\/weg-von-russland-kasperskys-datenzentrum-kommt-nach-zuerich\\\/\",\"name\":\"Weg von Russland \u2013 Kaspersky\u2018s Datenzentrum kommt nach Z\u00fcrich - Save\",\"isPartOf\":{\"@id\":\"https:\\\/\\\/news.save.ch\\\/de\\\/#website\"},\"primaryImageOfPage\":{\"@id\":\"https:\\\/\\\/news.save.ch\\\/weg-von-russland-kasperskys-datenzentrum-kommt-nach-zuerich\\\/#primaryimage\"},\"image\":{\"@id\":\"https:\\\/\\\/news.save.ch\\\/weg-von-russland-kasperskys-datenzentrum-kommt-nach-zuerich\\\/#primaryimage\"},\"thumbnailUrl\":\"https:\\\/\\\/news.save.ch\\\/wp-content\\\/uploads\\\/2018\\\/05\\\/Eugene_Kaspersky.jpg\",\"datePublished\":\"2018-05-16T12:23:34+00:00\",\"dateModified\":\"2023-03-14T07:56:55+00:00\",\"description\":\"Kaspersky Lab z\u00fcgelt seine Infrastruktur von Russland in die Schweiz: Ab Ende 2019 werden Daten europ\u00e4ischer Kunden in Z\u00fcrich gespeichert und verarbeitet.\",\"breadcrumb\":{\"@id\":\"https:\\\/\\\/news.save.ch\\\/weg-von-russland-kasperskys-datenzentrum-kommt-nach-zuerich\\\/#breadcrumb\"},\"inLanguage\":\"fr-FR\",\"potentialAction\":[{\"@type\":\"ReadAction\",\"target\":[\"https:\\\/\\\/news.save.ch\\\/weg-von-russland-kasperskys-datenzentrum-kommt-nach-zuerich\\\/\"]}]},{\"@type\":\"ImageObject\",\"inLanguage\":\"fr-FR\",\"@id\":\"https:\\\/\\\/news.save.ch\\\/weg-von-russland-kasperskys-datenzentrum-kommt-nach-zuerich\\\/#primaryimage\",\"url\":\"https:\\\/\\\/news.save.ch\\\/wp-content\\\/uploads\\\/2018\\\/05\\\/Eugene_Kaspersky.jpg\",\"contentUrl\":\"https:\\\/\\\/news.save.ch\\\/wp-content\\\/uploads\\\/2018\\\/05\\\/Eugene_Kaspersky.jpg\",\"width\":316,\"height\":474,\"caption\":\"Eugene Kaspersky, CEO von Kaspersky Lab: \u201eTransparenz ist ein solches Bed\u00fcrfnis, und deshalb haben wir uns entschieden, unsere Infrastruktur neu zu gestalten und unsere Datenverarbeitung in die Schweiz zu verlegen.\u201c\"},{\"@type\":\"BreadcrumbList\",\"@id\":\"https:\\\/\\\/news.save.ch\\\/weg-von-russland-kasperskys-datenzentrum-kommt-nach-zuerich\\\/#breadcrumb\",\"itemListElement\":[{\"@type\":\"ListItem\",\"position\":1,\"name\":\"Home\",\"item\":\"https:\\\/\\\/news.save.ch\\\/de\\\/\"},{\"@type\":\"ListItem\",\"position\":2,\"name\":\"Weg von Russland \u2013 Kaspersky\u2018s Datenzentrum kommt nach Z\u00fcrich\"}]},{\"@type\":\"WebSite\",\"@id\":\"https:\\\/\\\/news.save.ch\\\/de\\\/#website\",\"url\":\"https:\\\/\\\/news.save.ch\\\/de\\\/\",\"name\":\"Save\",\"description\":\"Schweizer Fachzeitschrift f\u00fcr Sicherheit\",\"publisher\":{\"@id\":\"https:\\\/\\\/news.save.ch\\\/de\\\/#organization\"},\"potentialAction\":[{\"@type\":\"SearchAction\",\"target\":{\"@type\":\"EntryPoint\",\"urlTemplate\":\"https:\\\/\\\/news.save.ch\\\/de\\\/?s={search_term_string}\"},\"query-input\":{\"@type\":\"PropertyValueSpecification\",\"valueRequired\":true,\"valueName\":\"search_term_string\"}}],\"inLanguage\":\"fr-FR\"},{\"@type\":\"Organization\",\"@id\":\"https:\\\/\\\/news.save.ch\\\/de\\\/#organization\",\"name\":\"Sicherheitsforum\",\"url\":\"https:\\\/\\\/news.save.ch\\\/de\\\/\",\"logo\":{\"@type\":\"ImageObject\",\"inLanguage\":\"fr-FR\",\"@id\":\"https:\\\/\\\/news.save.ch\\\/de\\\/#\\\/schema\\\/logo\\\/image\\\/\",\"url\":\"https:\\\/\\\/news.save.ch\\\/wp-content\\\/uploads\\\/2022\\\/06\\\/Logo_SF_2012.png\",\"contentUrl\":\"https:\\\/\\\/news.save.ch\\\/wp-content\\\/uploads\\\/2022\\\/06\\\/Logo_SF_2012.png\",\"width\":1100,\"height\":91,\"caption\":\"Sicherheitsforum\"},\"image\":{\"@id\":\"https:\\\/\\\/news.save.ch\\\/de\\\/#\\\/schema\\\/logo\\\/image\\\/\"}},{\"@type\":\"Person\",\"@id\":\"https:\\\/\\\/news.save.ch\\\/de\\\/#\\\/schema\\\/person\\\/d5022db048e0e2b9785c50e5b24da5aa\",\"name\":\"Roger Str\u00e4ssle\",\"image\":{\"@type\":\"ImageObject\",\"inLanguage\":\"fr-FR\",\"@id\":\"https:\\\/\\\/secure.gravatar.com\\\/avatar\\\/862a5569d087de48e5856e32f45d719a03804c891d6deb8d4f71a660e79e4a47?s=96&d=mm&r=g\",\"url\":\"https:\\\/\\\/secure.gravatar.com\\\/avatar\\\/862a5569d087de48e5856e32f45d719a03804c891d6deb8d4f71a660e79e4a47?s=96&d=mm&r=g\",\"contentUrl\":\"https:\\\/\\\/secure.gravatar.com\\\/avatar\\\/862a5569d087de48e5856e32f45d719a03804c891d6deb8d4f71a660e79e4a47?s=96&d=mm&r=g\",\"caption\":\"Roger Str\u00e4ssle\"},\"url\":\"https:\\\/\\\/news.save.ch\\\/fr\\\/author\\\/roger-straessle\\\/\"}]}<\/script>\n<!-- \/ Yoast SEO plugin. -->","yoast_head_json":{"title":"Loin de la Russie - Le centre de donn\u00e9es de Kaspersky s'installe \u00e0 Zurich - Save","description":"Kaspersky Lab d\u00e9m\u00e9nage son infrastructure de Russie en Suisse : \u00e0 partir de fin 2019, les donn\u00e9es des clients europ\u00e9ens seront stock\u00e9es et trait\u00e9es \u00e0 Zurich.","robots":{"index":"index","follow":"follow","max-snippet":"max-snippet:-1","max-image-preview":"max-image-preview:large","max-video-preview":"max-video-preview:-1"},"canonical":"https:\/\/news.save.ch\/fr\/weg-von-russland-kasperskys-datenzentrum-kommt-nach-zuerich\/","og_locale":"fr_FR","og_type":"article","og_title":"Weg von Russland \u2013 Kaspersky\u2018s Datenzentrum kommt nach Z\u00fcrich - Save","og_description":"Kaspersky Lab z\u00fcgelt seine Infrastruktur von Russland in die Schweiz: Ab Ende 2019 werden Daten europ\u00e4ischer Kunden in Z\u00fcrich gespeichert und verarbeitet.","og_url":"https:\/\/news.save.ch\/fr\/weg-von-russland-kasperskys-datenzentrum-kommt-nach-zuerich\/","og_site_name":"Save","article_published_time":"2018-05-16T12:23:34+00:00","article_modified_time":"2023-03-14T07:56:55+00:00","og_image":[{"width":316,"height":474,"url":"https:\/\/news.save.ch\/wp-content\/uploads\/2018\/05\/Eugene_Kaspersky.jpg","type":"image\/jpeg"}],"author":"Roger Str\u00e4ssle","twitter_card":"summary_large_image","twitter_misc":{"\u00c9crit par":"Roger Str\u00e4ssle","Dur\u00e9e de lecture estim\u00e9e":"1 minute"},"schema":{"@context":"https:\/\/schema.org","@graph":[{"@type":"Article","@id":"https:\/\/news.save.ch\/weg-von-russland-kasperskys-datenzentrum-kommt-nach-zuerich\/#article","isPartOf":{"@id":"https:\/\/news.save.ch\/weg-von-russland-kasperskys-datenzentrum-kommt-nach-zuerich\/"},"author":{"name":"Roger Str\u00e4ssle","@id":"https:\/\/news.save.ch\/de\/#\/schema\/person\/d5022db048e0e2b9785c50e5b24da5aa"},"headline":"Weg von Russland \u2013 Kaspersky\u2018s Datenzentrum kommt nach Z\u00fcrich","datePublished":"2018-05-16T12:23:34+00:00","dateModified":"2023-03-14T07:56:55+00:00","mainEntityOfPage":{"@id":"https:\/\/news.save.ch\/weg-von-russland-kasperskys-datenzentrum-kommt-nach-zuerich\/"},"wordCount":245,"commentCount":0,"publisher":{"@id":"https:\/\/news.save.ch\/de\/#organization"},"image":{"@id":"https:\/\/news.save.ch\/weg-von-russland-kasperskys-datenzentrum-kommt-nach-zuerich\/#primaryimage"},"thumbnailUrl":"https:\/\/news.save.ch\/wp-content\/uploads\/2018\/05\/Eugene_Kaspersky.jpg","keywords":["Datenschutz","ICT-Sicherheit","IT-SECURITY"],"articleSection":["DIGITALISIERUNG"],"inLanguage":"fr-FR"},{"@type":"WebPage","@id":"https:\/\/news.save.ch\/weg-von-russland-kasperskys-datenzentrum-kommt-nach-zuerich\/","url":"https:\/\/news.save.ch\/weg-von-russland-kasperskys-datenzentrum-kommt-nach-zuerich\/","name":"Loin de la Russie - Le centre de donn\u00e9es de Kaspersky s'installe \u00e0 Zurich - Save","isPartOf":{"@id":"https:\/\/news.save.ch\/de\/#website"},"primaryImageOfPage":{"@id":"https:\/\/news.save.ch\/weg-von-russland-kasperskys-datenzentrum-kommt-nach-zuerich\/#primaryimage"},"image":{"@id":"https:\/\/news.save.ch\/weg-von-russland-kasperskys-datenzentrum-kommt-nach-zuerich\/#primaryimage"},"thumbnailUrl":"https:\/\/news.save.ch\/wp-content\/uploads\/2018\/05\/Eugene_Kaspersky.jpg","datePublished":"2018-05-16T12:23:34+00:00","dateModified":"2023-03-14T07:56:55+00:00","description":"Kaspersky Lab d\u00e9m\u00e9nage son infrastructure de Russie en Suisse : \u00e0 partir de fin 2019, les donn\u00e9es des clients europ\u00e9ens seront stock\u00e9es et trait\u00e9es \u00e0 Zurich.","breadcrumb":{"@id":"https:\/\/news.save.ch\/weg-von-russland-kasperskys-datenzentrum-kommt-nach-zuerich\/#breadcrumb"},"inLanguage":"fr-FR","potentialAction":[{"@type":"ReadAction","target":["https:\/\/news.save.ch\/weg-von-russland-kasperskys-datenzentrum-kommt-nach-zuerich\/"]}]},{"@type":"ImageObject","inLanguage":"fr-FR","@id":"https:\/\/news.save.ch\/weg-von-russland-kasperskys-datenzentrum-kommt-nach-zuerich\/#primaryimage","url":"https:\/\/news.save.ch\/wp-content\/uploads\/2018\/05\/Eugene_Kaspersky.jpg","contentUrl":"https:\/\/news.save.ch\/wp-content\/uploads\/2018\/05\/Eugene_Kaspersky.jpg","width":316,"height":474,"caption":"Eugene Kaspersky, CEO von Kaspersky Lab: \u201eTransparenz ist ein solches Bed\u00fcrfnis, und deshalb haben wir uns entschieden, unsere Infrastruktur neu zu gestalten und unsere Datenverarbeitung in die Schweiz zu verlegen.\u201c"},{"@type":"BreadcrumbList","@id":"https:\/\/news.save.ch\/weg-von-russland-kasperskys-datenzentrum-kommt-nach-zuerich\/#breadcrumb","itemListElement":[{"@type":"ListItem","position":1,"name":"Home","item":"https:\/\/news.save.ch\/de\/"},{"@type":"ListItem","position":2,"name":"Weg von Russland \u2013 Kaspersky\u2018s Datenzentrum kommt nach Z\u00fcrich"}]},{"@type":"WebSite","@id":"https:\/\/news.save.ch\/de\/#website","url":"https:\/\/news.save.ch\/de\/","name":"Save","description":"Revue suisse sp\u00e9cialis\u00e9e dans la s\u00e9curit\u00e9","publisher":{"@id":"https:\/\/news.save.ch\/de\/#organization"},"potentialAction":[{"@type":"SearchAction","target":{"@type":"EntryPoint","urlTemplate":"https:\/\/news.save.ch\/de\/?s={search_term_string}"},"query-input":{"@type":"PropertyValueSpecification","valueRequired":true,"valueName":"search_term_string"}}],"inLanguage":"fr-FR"},{"@type":"Organization","@id":"https:\/\/news.save.ch\/de\/#organization","name":"Forum sur la s\u00e9curit\u00e9","url":"https:\/\/news.save.ch\/de\/","logo":{"@type":"ImageObject","inLanguage":"fr-FR","@id":"https:\/\/news.save.ch\/de\/#\/schema\/logo\/image\/","url":"https:\/\/news.save.ch\/wp-content\/uploads\/2022\/06\/Logo_SF_2012.png","contentUrl":"https:\/\/news.save.ch\/wp-content\/uploads\/2022\/06\/Logo_SF_2012.png","width":1100,"height":91,"caption":"Sicherheitsforum"},"image":{"@id":"https:\/\/news.save.ch\/de\/#\/schema\/logo\/image\/"}},{"@type":"Person","@id":"https:\/\/news.save.ch\/de\/#\/schema\/person\/d5022db048e0e2b9785c50e5b24da5aa","name":"Roger Str\u00e4ssle","image":{"@type":"ImageObject","inLanguage":"fr-FR","@id":"https:\/\/secure.gravatar.com\/avatar\/862a5569d087de48e5856e32f45d719a03804c891d6deb8d4f71a660e79e4a47?s=96&d=mm&r=g","url":"https:\/\/secure.gravatar.com\/avatar\/862a5569d087de48e5856e32f45d719a03804c891d6deb8d4f71a660e79e4a47?s=96&d=mm&r=g","contentUrl":"https:\/\/secure.gravatar.com\/avatar\/862a5569d087de48e5856e32f45d719a03804c891d6deb8d4f71a660e79e4a47?s=96&d=mm&r=g","caption":"Roger Str\u00e4ssle"},"url":"https:\/\/news.save.ch\/fr\/author\/roger-straessle\/"}]}},"_links":{"self":[{"href":"https:\/\/news.save.ch\/fr\/wp-json\/wp\/v2\/posts\/6393","targetHints":{"allow":["GET"]}}],"collection":[{"href":"https:\/\/news.save.ch\/fr\/wp-json\/wp\/v2\/posts"}],"about":[{"href":"https:\/\/news.save.ch\/fr\/wp-json\/wp\/v2\/types\/post"}],"author":[{"embeddable":true,"href":"https:\/\/news.save.ch\/fr\/wp-json\/wp\/v2\/users\/8"}],"replies":[{"embeddable":true,"href":"https:\/\/news.save.ch\/fr\/wp-json\/wp\/v2\/comments?post=6393"}],"version-history":[{"count":1,"href":"https:\/\/news.save.ch\/fr\/wp-json\/wp\/v2\/posts\/6393\/revisions"}],"predecessor-version":[{"id":17450,"href":"https:\/\/news.save.ch\/fr\/wp-json\/wp\/v2\/posts\/6393\/revisions\/17450"}],"wp:featuredmedia":[{"embeddable":true,"href":"https:\/\/news.save.ch\/fr\/wp-json\/wp\/v2\/media\/6394"}],"wp:attachment":[{"href":"https:\/\/news.save.ch\/fr\/wp-json\/wp\/v2\/media?parent=6393"}],"wp:term":[{"taxonomy":"category","embeddable":true,"href":"https:\/\/news.save.ch\/fr\/wp-json\/wp\/v2\/categories?post=6393"},{"taxonomy":"post_tag","embeddable":true,"href":"https:\/\/news.save.ch\/fr\/wp-json\/wp\/v2\/tags?post=6393"}],"curies":[{"name":"wp","href":"https:\/\/api.w.org\/{rel}","templated":true}]}}