{"id":6568,"date":"2018-07-04T16:04:22","date_gmt":"2018-07-04T14:04:22","guid":{"rendered":"https:\/\/news.save.ch\/?p=6568"},"modified":"2023-03-14T08:58:58","modified_gmt":"2023-03-14T07:58:58","slug":"luecke-im-hochwasserschutz-geschlossen","status":null,"type":"post","link":"https:\/\/news.save.ch\/fr\/luecke-im-hochwasserschutz-geschlossen\/","title":{"rendered":"Une lacune dans la protection contre les inondations combl\u00e9e"},"content":{"rendered":"<figure id=\"attachment_6569\" aria-describedby=\"caption-attachment-6569\" style=\"width: 680px\" class=\"wp-caption aligncenter\"><img loading=\"lazy\" decoding=\"async\" class=\"size-medium wp-image-6569\" src=\"https:\/\/news.save.ch\/wp-content\/uploads\/2018\/07\/Fotolia_210793978_S.jpg\" alt=\"\" width=\"680\" height=\"510\" srcset=\"https:\/\/news.save.ch\/wp-content\/uploads\/2018\/07\/Fotolia_210793978_S.jpg 800w, https:\/\/news.save.ch\/wp-content\/uploads\/2018\/07\/Fotolia_210793978_S-375x281.jpg 375w\" sizes=\"auto, (max-width: 680px) 100vw, 680px\" \/><figcaption id=\"caption-attachment-6569\" class=\"wp-caption-text\">\u00a9 fotolia, animaflora<\/figcaption><\/figure>\n<p>&nbsp;<\/p>\n<p>Le 3 juillet 2018, \u00e0 Berne, l'Office f\u00e9d\u00e9ral de l'environnement (Ofev), l'Association suisse d'assurances (ASA) et l'Association des \u00e9tablissements cantonaux d'assurance (AEAI) ont pr\u00e9sent\u00e9 conjointement la nouvelle carte des dangers li\u00e9s au ruissellement de surface. Les inondations n'existent pas seulement parce que les ruisseaux, les rivi\u00e8res ou les lacs d\u00e9bordent. La pluie qui ne peut pas s'infiltrer dans le sol et qui s'\u00e9coule sur des terrains ouverts peut \u00e9galement provoquer des inondations. Ces eaux de surface causent jusqu'\u00e0 50 pour cent des dommages dus aux inondations et se sont multipli\u00e9es ces derni\u00e8res ann\u00e9es. On en a eu plusieurs exemples ces derniers mois, par exemple \u00e0 Lausanne en juin 2018 ou \u00e0 Zofingue en juillet 2017 (voir encadr\u00e9). Avec le climat plus chaud, il faut s'attendre \u00e0 des pr\u00e9cipitations plus violentes et plus fr\u00e9quentes et donc \u00e0 davantage de ruissellement de surface. La nouvelle carte aide la Suisse \u00e0 s'adapter \u00e0 ce ph\u00e9nom\u00e8ne.<\/p>\n<p><strong>Environ deux tiers des b\u00e2timents touch\u00e9s<\/strong><\/p>\n<p>La carte nationale montre quelles zones sont menac\u00e9es et \u00e0 quelle profondeur elles peuvent \u00eatre submerg\u00e9es. Pour \u00e9tablir cette carte, un mod\u00e8le informatique a \u00e9t\u00e9 d\u00e9velopp\u00e9 pour toute la surface de la Suisse. Outre la quantit\u00e9 de pr\u00e9cipitations, la couverture et la nature du sol ainsi que la capacit\u00e9 de stockage du sol, un mod\u00e8le num\u00e9rique de terrain \u00e0 haute r\u00e9solution est \u00e9galement important pour le calcul. La carte qui en r\u00e9sulte montre o\u00f9 l'eau de surface s'\u00e9coule, quelles surfaces sont concern\u00e9es et \u00e0 quelle hauteur l'eau peut se trouver.<\/p>\n<p>Selon les donn\u00e9es, environ deux tiers des b\u00e2timents en Suisse sont potentiellement concern\u00e9s par le ruissellement de surface. La carte sert aux architectes, aux ma\u00eetres d'ouvrage, aux planificateurs, aux autorit\u00e9s ou aux forces d'intervention lors de la planification de mesures de protection. Sur les b\u00e2timents, des mesures relativement simples peuvent emp\u00eacher l'eau d'entrer et \u00e9viter ainsi des d\u00e9g\u00e2ts : Par exemple, en sur\u00e9levant les puits de lumi\u00e8re ou en installant des barri\u00e8res ou de petites buttes de terrain \u00e0 l'entr\u00e9e des parkings souterrains.<\/p>\n<p>La carte des dangers li\u00e9s au ruissellement de surface couvre \u00e9galement les zones habit\u00e9es et peut donc servir \u00e0 l'agriculture pour les mesures de protection des sols. Le canton de Lucerne utilise cette carte depuis deux ans et en tire un bilan positif, indique le communiqu\u00e9 du Conseil f\u00e9d\u00e9ral.<\/p>\n<p>Si la protection contre le ruissellement de surface est prise en compte d\u00e8s la phase de planification d'un projet de construction, il n'y aura pas ou peu de co\u00fbts suppl\u00e9mentaires, promet la Conf\u00e9d\u00e9ration. La carte des dangers li\u00e9s au ruissellement de surface en Suisse est d\u00e9sormais librement disponible en ligne pour tous les cantons, les assurances, les ma\u00eetres d'ouvrage et tous les autres cercles int\u00e9ress\u00e9s \u00e0 l'adresse www.map.geo.admin.ch. Il est pr\u00e9cis\u00e9 que la carte des dangers n'a pas de valeur juridique contraignante, mais qu'elle a un caract\u00e8re informatif et qu'elle compl\u00e8te les cartes des dangers d\u00e9j\u00e0 existantes dans les cantons. La Suisse est l'un des premiers pays \u00e0 avoir r\u00e9alis\u00e9 une carte du ruissellement de surface et joue ainsi un r\u00f4le de leader international dans ce domaine.<\/p>\n<p><em>Pour plus d'informations, voir\u00a0<a href=\"https:\/\/www.bafu.admin.ch\/oberflaechenabfluss\">www.bafu.admin.ch\/oberflaechenabfluss<\/a><\/em><\/p>\n<p><em>Un aper\u00e7u des mesures concr\u00e8tes de protection des b\u00e2timents est \u00e9galement disponible sur le site :\u00a0<a href=\"https:\/\/www.schutz-vor-naturgefahren.ch\/wasser\">www.schutz-vor-naturgefahren.ch\/wasse<\/a><\/em>r<\/p>\n<p>&nbsp;<\/p>\n<p>&nbsp;<\/p>","protected":false},"excerpt":{"rendered":"<p>&nbsp; In Bern haben das Bundesamt f\u00fcr Umwelt (Bafu), der Schweizerische Versicherungsverband (SVV) und die Vereinigung Kantonaler Geb\u00e4udeversicherungen (VKG) am 3. Juli 2018 gemeinsam die neue Gef\u00e4hrdungskarte zum Oberfl\u00e4chenabfluss vorgestellt. Hochwasser gibt es nicht nur, weil B\u00e4che, Fl\u00fcsse oder Seen \u00fcber die Ufer treten. Auch Regen, der nicht im Boden versickern kann und \u00fcber das [&hellip;]<\/p>\n","protected":false},"author":8,"featured_media":6569,"comment_status":"open","ping_status":"open","sticky":false,"template":"","format":"standard","meta":{"_acf_changed":false,"pgc_sgb_lightbox_settings":"","footnotes":""},"categories":[3312],"tags":[170],"class_list":["post-6568","post","type-post","status-publish","format-standard","has-post-thumbnail","hentry","category-sicherheit","tag-naturgefahren"],"acf":[],"hkrextid":null,"publication":null,"issue":null,"workflow":null,"startPage":null,"spitzmarke":null,"_posts_by_tag_page_fields":{"widget_title":"","widget_tags":""},"_at_widget":"1","_yoast_wpseo_primary_category":"5","_yoast_wpseo_focuskw_text_input":"Oberfl\u00e4chenabfluss","_yoast_wpseo_opengraph-image":null,"_yoast_wpseo_opengraph-description":null,"_yoast_wpseo_opengraph-title":null,"enclosure":null,"_yoast_wpseo_twitter-title":null,"_yoast_wpseo_twitter-description":null,"_yoast_wpseo_twitter-image":null,"_wp_old_slug":null,"_yoast_wpseo_title":null,"_yoast_wpseo_canonical":null,"yoast_head":"<!-- This site is optimized with the Yoast SEO plugin v27.4 - https:\/\/yoast.com\/product\/yoast-seo-wordpress\/ -->\n<title>L\u00fccke im Hochwasserschutz geschlossen - Save<\/title>\n<meta name=\"description\" content=\"Die Schweiz verf\u00fcgt neu \u00fcber eine Karte zum Oberfl\u00e4chenabfluss und damit \u00fcber ein zus\u00e4tzliches wichtiges Instrument f\u00fcr die Hochwasserpr\u00e4vention.\" \/>\n<meta name=\"robots\" content=\"index, follow, max-snippet:-1, max-image-preview:large, max-video-preview:-1\" \/>\n<link rel=\"canonical\" href=\"https:\/\/news.save.ch\/fr\/luecke-im-hochwasserschutz-geschlossen\/\" \/>\n<meta property=\"og:locale\" content=\"fr_FR\" \/>\n<meta property=\"og:type\" content=\"article\" \/>\n<meta property=\"og:title\" content=\"L\u00fccke im Hochwasserschutz geschlossen - Save\" \/>\n<meta property=\"og:description\" content=\"Die Schweiz verf\u00fcgt neu \u00fcber eine Karte zum Oberfl\u00e4chenabfluss und damit \u00fcber ein zus\u00e4tzliches wichtiges Instrument f\u00fcr die Hochwasserpr\u00e4vention.\" \/>\n<meta property=\"og:url\" content=\"https:\/\/news.save.ch\/fr\/luecke-im-hochwasserschutz-geschlossen\/\" \/>\n<meta property=\"og:site_name\" content=\"Save\" \/>\n<meta property=\"article:published_time\" content=\"2018-07-04T14:04:22+00:00\" \/>\n<meta property=\"article:modified_time\" content=\"2023-03-14T07:58:58+00:00\" \/>\n<meta property=\"og:image\" content=\"https:\/\/news.save.ch\/wp-content\/uploads\/2018\/07\/Fotolia_210793978_S.jpg\" \/>\n\t<meta property=\"og:image:width\" content=\"800\" \/>\n\t<meta property=\"og:image:height\" content=\"600\" \/>\n\t<meta property=\"og:image:type\" content=\"image\/jpeg\" \/>\n<meta name=\"author\" content=\"Roger Str\u00e4ssle\" \/>\n<meta name=\"twitter:card\" content=\"summary_large_image\" \/>\n<meta name=\"twitter:label1\" content=\"\u00c9crit par\" \/>\n\t<meta name=\"twitter:data1\" content=\"Roger Str\u00e4ssle\" \/>\n\t<meta name=\"twitter:label2\" content=\"Dur\u00e9e de lecture estim\u00e9e\" \/>\n\t<meta name=\"twitter:data2\" content=\"2 minutes\" \/>\n<script type=\"application\/ld+json\" class=\"yoast-schema-graph\">{\"@context\":\"https:\\\/\\\/schema.org\",\"@graph\":[{\"@type\":\"Article\",\"@id\":\"https:\\\/\\\/news.save.ch\\\/luecke-im-hochwasserschutz-geschlossen\\\/#article\",\"isPartOf\":{\"@id\":\"https:\\\/\\\/news.save.ch\\\/luecke-im-hochwasserschutz-geschlossen\\\/\"},\"author\":{\"name\":\"Roger Str\u00e4ssle\",\"@id\":\"https:\\\/\\\/news.save.ch\\\/de\\\/#\\\/schema\\\/person\\\/d5022db048e0e2b9785c50e5b24da5aa\"},\"headline\":\"L\u00fccke im Hochwasserschutz geschlossen\",\"datePublished\":\"2018-07-04T14:04:22+00:00\",\"dateModified\":\"2023-03-14T07:58:58+00:00\",\"mainEntityOfPage\":{\"@id\":\"https:\\\/\\\/news.save.ch\\\/luecke-im-hochwasserschutz-geschlossen\\\/\"},\"wordCount\":487,\"commentCount\":0,\"publisher\":{\"@id\":\"https:\\\/\\\/news.save.ch\\\/de\\\/#organization\"},\"image\":{\"@id\":\"https:\\\/\\\/news.save.ch\\\/luecke-im-hochwasserschutz-geschlossen\\\/#primaryimage\"},\"thumbnailUrl\":\"https:\\\/\\\/news.save.ch\\\/wp-content\\\/uploads\\\/2018\\\/07\\\/Fotolia_210793978_S.jpg\",\"keywords\":[\"Naturgefahren\"],\"articleSection\":[\"SICHERHEIT\"],\"inLanguage\":\"fr-FR\"},{\"@type\":\"WebPage\",\"@id\":\"https:\\\/\\\/news.save.ch\\\/luecke-im-hochwasserschutz-geschlossen\\\/\",\"url\":\"https:\\\/\\\/news.save.ch\\\/luecke-im-hochwasserschutz-geschlossen\\\/\",\"name\":\"L\u00fccke im Hochwasserschutz geschlossen - Save\",\"isPartOf\":{\"@id\":\"https:\\\/\\\/news.save.ch\\\/de\\\/#website\"},\"primaryImageOfPage\":{\"@id\":\"https:\\\/\\\/news.save.ch\\\/luecke-im-hochwasserschutz-geschlossen\\\/#primaryimage\"},\"image\":{\"@id\":\"https:\\\/\\\/news.save.ch\\\/luecke-im-hochwasserschutz-geschlossen\\\/#primaryimage\"},\"thumbnailUrl\":\"https:\\\/\\\/news.save.ch\\\/wp-content\\\/uploads\\\/2018\\\/07\\\/Fotolia_210793978_S.jpg\",\"datePublished\":\"2018-07-04T14:04:22+00:00\",\"dateModified\":\"2023-03-14T07:58:58+00:00\",\"description\":\"Die Schweiz verf\u00fcgt neu \u00fcber eine Karte zum Oberfl\u00e4chenabfluss und damit \u00fcber ein zus\u00e4tzliches wichtiges Instrument f\u00fcr die Hochwasserpr\u00e4vention.\",\"breadcrumb\":{\"@id\":\"https:\\\/\\\/news.save.ch\\\/luecke-im-hochwasserschutz-geschlossen\\\/#breadcrumb\"},\"inLanguage\":\"fr-FR\",\"potentialAction\":[{\"@type\":\"ReadAction\",\"target\":[\"https:\\\/\\\/news.save.ch\\\/luecke-im-hochwasserschutz-geschlossen\\\/\"]}]},{\"@type\":\"ImageObject\",\"inLanguage\":\"fr-FR\",\"@id\":\"https:\\\/\\\/news.save.ch\\\/luecke-im-hochwasserschutz-geschlossen\\\/#primaryimage\",\"url\":\"https:\\\/\\\/news.save.ch\\\/wp-content\\\/uploads\\\/2018\\\/07\\\/Fotolia_210793978_S.jpg\",\"contentUrl\":\"https:\\\/\\\/news.save.ch\\\/wp-content\\\/uploads\\\/2018\\\/07\\\/Fotolia_210793978_S.jpg\",\"width\":800,\"height\":600,\"caption\":\"\u00a9 fotolia, animaflora\"},{\"@type\":\"BreadcrumbList\",\"@id\":\"https:\\\/\\\/news.save.ch\\\/luecke-im-hochwasserschutz-geschlossen\\\/#breadcrumb\",\"itemListElement\":[{\"@type\":\"ListItem\",\"position\":1,\"name\":\"Home\",\"item\":\"https:\\\/\\\/news.save.ch\\\/de\\\/\"},{\"@type\":\"ListItem\",\"position\":2,\"name\":\"L\u00fccke im Hochwasserschutz geschlossen\"}]},{\"@type\":\"WebSite\",\"@id\":\"https:\\\/\\\/news.save.ch\\\/de\\\/#website\",\"url\":\"https:\\\/\\\/news.save.ch\\\/de\\\/\",\"name\":\"Save\",\"description\":\"Schweizer Fachzeitschrift f\u00fcr Sicherheit\",\"publisher\":{\"@id\":\"https:\\\/\\\/news.save.ch\\\/de\\\/#organization\"},\"potentialAction\":[{\"@type\":\"SearchAction\",\"target\":{\"@type\":\"EntryPoint\",\"urlTemplate\":\"https:\\\/\\\/news.save.ch\\\/de\\\/?s={search_term_string}\"},\"query-input\":{\"@type\":\"PropertyValueSpecification\",\"valueRequired\":true,\"valueName\":\"search_term_string\"}}],\"inLanguage\":\"fr-FR\"},{\"@type\":\"Organization\",\"@id\":\"https:\\\/\\\/news.save.ch\\\/de\\\/#organization\",\"name\":\"Sicherheitsforum\",\"url\":\"https:\\\/\\\/news.save.ch\\\/de\\\/\",\"logo\":{\"@type\":\"ImageObject\",\"inLanguage\":\"fr-FR\",\"@id\":\"https:\\\/\\\/news.save.ch\\\/de\\\/#\\\/schema\\\/logo\\\/image\\\/\",\"url\":\"https:\\\/\\\/news.save.ch\\\/wp-content\\\/uploads\\\/2022\\\/06\\\/Logo_SF_2012.png\",\"contentUrl\":\"https:\\\/\\\/news.save.ch\\\/wp-content\\\/uploads\\\/2022\\\/06\\\/Logo_SF_2012.png\",\"width\":1100,\"height\":91,\"caption\":\"Sicherheitsforum\"},\"image\":{\"@id\":\"https:\\\/\\\/news.save.ch\\\/de\\\/#\\\/schema\\\/logo\\\/image\\\/\"}},{\"@type\":\"Person\",\"@id\":\"https:\\\/\\\/news.save.ch\\\/de\\\/#\\\/schema\\\/person\\\/d5022db048e0e2b9785c50e5b24da5aa\",\"name\":\"Roger Str\u00e4ssle\",\"image\":{\"@type\":\"ImageObject\",\"inLanguage\":\"fr-FR\",\"@id\":\"https:\\\/\\\/secure.gravatar.com\\\/avatar\\\/862a5569d087de48e5856e32f45d719a03804c891d6deb8d4f71a660e79e4a47?s=96&d=mm&r=g\",\"url\":\"https:\\\/\\\/secure.gravatar.com\\\/avatar\\\/862a5569d087de48e5856e32f45d719a03804c891d6deb8d4f71a660e79e4a47?s=96&d=mm&r=g\",\"contentUrl\":\"https:\\\/\\\/secure.gravatar.com\\\/avatar\\\/862a5569d087de48e5856e32f45d719a03804c891d6deb8d4f71a660e79e4a47?s=96&d=mm&r=g\",\"caption\":\"Roger Str\u00e4ssle\"},\"url\":\"https:\\\/\\\/news.save.ch\\\/fr\\\/author\\\/roger-straessle\\\/\"}]}<\/script>\n<!-- \/ Yoast SEO plugin. -->","yoast_head_json":{"title":"Une lacune dans la protection contre les inondations combl\u00e9e - Save","description":"La Suisse dispose d\u00e9sormais d'une carte du ruissellement de surface et donc d'un instrument suppl\u00e9mentaire important pour la pr\u00e9vention des inondations.","robots":{"index":"index","follow":"follow","max-snippet":"max-snippet:-1","max-image-preview":"max-image-preview:large","max-video-preview":"max-video-preview:-1"},"canonical":"https:\/\/news.save.ch\/fr\/luecke-im-hochwasserschutz-geschlossen\/","og_locale":"fr_FR","og_type":"article","og_title":"L\u00fccke im Hochwasserschutz geschlossen - Save","og_description":"Die Schweiz verf\u00fcgt neu \u00fcber eine Karte zum Oberfl\u00e4chenabfluss und damit \u00fcber ein zus\u00e4tzliches wichtiges Instrument f\u00fcr die Hochwasserpr\u00e4vention.","og_url":"https:\/\/news.save.ch\/fr\/luecke-im-hochwasserschutz-geschlossen\/","og_site_name":"Save","article_published_time":"2018-07-04T14:04:22+00:00","article_modified_time":"2023-03-14T07:58:58+00:00","og_image":[{"width":800,"height":600,"url":"https:\/\/news.save.ch\/wp-content\/uploads\/2018\/07\/Fotolia_210793978_S.jpg","type":"image\/jpeg"}],"author":"Roger Str\u00e4ssle","twitter_card":"summary_large_image","twitter_misc":{"\u00c9crit par":"Roger Str\u00e4ssle","Dur\u00e9e de lecture estim\u00e9e":"2 minutes"},"schema":{"@context":"https:\/\/schema.org","@graph":[{"@type":"Article","@id":"https:\/\/news.save.ch\/luecke-im-hochwasserschutz-geschlossen\/#article","isPartOf":{"@id":"https:\/\/news.save.ch\/luecke-im-hochwasserschutz-geschlossen\/"},"author":{"name":"Roger Str\u00e4ssle","@id":"https:\/\/news.save.ch\/de\/#\/schema\/person\/d5022db048e0e2b9785c50e5b24da5aa"},"headline":"L\u00fccke im Hochwasserschutz geschlossen","datePublished":"2018-07-04T14:04:22+00:00","dateModified":"2023-03-14T07:58:58+00:00","mainEntityOfPage":{"@id":"https:\/\/news.save.ch\/luecke-im-hochwasserschutz-geschlossen\/"},"wordCount":487,"commentCount":0,"publisher":{"@id":"https:\/\/news.save.ch\/de\/#organization"},"image":{"@id":"https:\/\/news.save.ch\/luecke-im-hochwasserschutz-geschlossen\/#primaryimage"},"thumbnailUrl":"https:\/\/news.save.ch\/wp-content\/uploads\/2018\/07\/Fotolia_210793978_S.jpg","keywords":["Naturgefahren"],"articleSection":["SICHERHEIT"],"inLanguage":"fr-FR"},{"@type":"WebPage","@id":"https:\/\/news.save.ch\/luecke-im-hochwasserschutz-geschlossen\/","url":"https:\/\/news.save.ch\/luecke-im-hochwasserschutz-geschlossen\/","name":"Une lacune dans la protection contre les inondations combl\u00e9e - Save","isPartOf":{"@id":"https:\/\/news.save.ch\/de\/#website"},"primaryImageOfPage":{"@id":"https:\/\/news.save.ch\/luecke-im-hochwasserschutz-geschlossen\/#primaryimage"},"image":{"@id":"https:\/\/news.save.ch\/luecke-im-hochwasserschutz-geschlossen\/#primaryimage"},"thumbnailUrl":"https:\/\/news.save.ch\/wp-content\/uploads\/2018\/07\/Fotolia_210793978_S.jpg","datePublished":"2018-07-04T14:04:22+00:00","dateModified":"2023-03-14T07:58:58+00:00","description":"La Suisse dispose d\u00e9sormais d'une carte du ruissellement de surface et donc d'un instrument suppl\u00e9mentaire important pour la pr\u00e9vention des inondations.","breadcrumb":{"@id":"https:\/\/news.save.ch\/luecke-im-hochwasserschutz-geschlossen\/#breadcrumb"},"inLanguage":"fr-FR","potentialAction":[{"@type":"ReadAction","target":["https:\/\/news.save.ch\/luecke-im-hochwasserschutz-geschlossen\/"]}]},{"@type":"ImageObject","inLanguage":"fr-FR","@id":"https:\/\/news.save.ch\/luecke-im-hochwasserschutz-geschlossen\/#primaryimage","url":"https:\/\/news.save.ch\/wp-content\/uploads\/2018\/07\/Fotolia_210793978_S.jpg","contentUrl":"https:\/\/news.save.ch\/wp-content\/uploads\/2018\/07\/Fotolia_210793978_S.jpg","width":800,"height":600,"caption":"\u00a9 fotolia, animaflora"},{"@type":"BreadcrumbList","@id":"https:\/\/news.save.ch\/luecke-im-hochwasserschutz-geschlossen\/#breadcrumb","itemListElement":[{"@type":"ListItem","position":1,"name":"Home","item":"https:\/\/news.save.ch\/de\/"},{"@type":"ListItem","position":2,"name":"L\u00fccke im Hochwasserschutz geschlossen"}]},{"@type":"WebSite","@id":"https:\/\/news.save.ch\/de\/#website","url":"https:\/\/news.save.ch\/de\/","name":"Save","description":"Revue suisse sp\u00e9cialis\u00e9e dans la s\u00e9curit\u00e9","publisher":{"@id":"https:\/\/news.save.ch\/de\/#organization"},"potentialAction":[{"@type":"SearchAction","target":{"@type":"EntryPoint","urlTemplate":"https:\/\/news.save.ch\/de\/?s={search_term_string}"},"query-input":{"@type":"PropertyValueSpecification","valueRequired":true,"valueName":"search_term_string"}}],"inLanguage":"fr-FR"},{"@type":"Organization","@id":"https:\/\/news.save.ch\/de\/#organization","name":"Forum sur la s\u00e9curit\u00e9","url":"https:\/\/news.save.ch\/de\/","logo":{"@type":"ImageObject","inLanguage":"fr-FR","@id":"https:\/\/news.save.ch\/de\/#\/schema\/logo\/image\/","url":"https:\/\/news.save.ch\/wp-content\/uploads\/2022\/06\/Logo_SF_2012.png","contentUrl":"https:\/\/news.save.ch\/wp-content\/uploads\/2022\/06\/Logo_SF_2012.png","width":1100,"height":91,"caption":"Sicherheitsforum"},"image":{"@id":"https:\/\/news.save.ch\/de\/#\/schema\/logo\/image\/"}},{"@type":"Person","@id":"https:\/\/news.save.ch\/de\/#\/schema\/person\/d5022db048e0e2b9785c50e5b24da5aa","name":"Roger Str\u00e4ssle","image":{"@type":"ImageObject","inLanguage":"fr-FR","@id":"https:\/\/secure.gravatar.com\/avatar\/862a5569d087de48e5856e32f45d719a03804c891d6deb8d4f71a660e79e4a47?s=96&d=mm&r=g","url":"https:\/\/secure.gravatar.com\/avatar\/862a5569d087de48e5856e32f45d719a03804c891d6deb8d4f71a660e79e4a47?s=96&d=mm&r=g","contentUrl":"https:\/\/secure.gravatar.com\/avatar\/862a5569d087de48e5856e32f45d719a03804c891d6deb8d4f71a660e79e4a47?s=96&d=mm&r=g","caption":"Roger Str\u00e4ssle"},"url":"https:\/\/news.save.ch\/fr\/author\/roger-straessle\/"}]}},"_links":{"self":[{"href":"https:\/\/news.save.ch\/fr\/wp-json\/wp\/v2\/posts\/6568","targetHints":{"allow":["GET"]}}],"collection":[{"href":"https:\/\/news.save.ch\/fr\/wp-json\/wp\/v2\/posts"}],"about":[{"href":"https:\/\/news.save.ch\/fr\/wp-json\/wp\/v2\/types\/post"}],"author":[{"embeddable":true,"href":"https:\/\/news.save.ch\/fr\/wp-json\/wp\/v2\/users\/8"}],"replies":[{"embeddable":true,"href":"https:\/\/news.save.ch\/fr\/wp-json\/wp\/v2\/comments?post=6568"}],"version-history":[{"count":1,"href":"https:\/\/news.save.ch\/fr\/wp-json\/wp\/v2\/posts\/6568\/revisions"}],"predecessor-version":[{"id":17863,"href":"https:\/\/news.save.ch\/fr\/wp-json\/wp\/v2\/posts\/6568\/revisions\/17863"}],"wp:featuredmedia":[{"embeddable":true,"href":"https:\/\/news.save.ch\/fr\/wp-json\/wp\/v2\/media\/6569"}],"wp:attachment":[{"href":"https:\/\/news.save.ch\/fr\/wp-json\/wp\/v2\/media?parent=6568"}],"wp:term":[{"taxonomy":"category","embeddable":true,"href":"https:\/\/news.save.ch\/fr\/wp-json\/wp\/v2\/categories?post=6568"},{"taxonomy":"post_tag","embeddable":true,"href":"https:\/\/news.save.ch\/fr\/wp-json\/wp\/v2\/tags?post=6568"}],"curies":[{"name":"wp","href":"https:\/\/api.w.org\/{rel}","templated":true}]}}