{"id":6579,"date":"2021-01-20T08:51:16","date_gmt":"2021-01-20T07:51:16","guid":{"rendered":"https:\/\/news.save.ch\/?p=6579"},"modified":"2023-08-09T02:52:21","modified_gmt":"2023-08-09T00:52:21","slug":"nur-68-prozent-der-arbeitnehmer-fuehlen-sich-am-arbeitsplatz-sicher","status":null,"type":"post","link":"https:\/\/news.save.ch\/fr\/nur-68-prozent-der-arbeitnehmer-fuehlen-sich-am-arbeitsplatz-sicher\/","title":{"rendered":"Seuls 68% des travailleurs se sentent en s\u00e9curit\u00e9 sur leur lieu de travail"},"content":{"rendered":"<p><img loading=\"lazy\" decoding=\"async\" class=\"alignnone wp-image-16411 size-medium\" src=\"https:\/\/news.save.ch\/wp-content\/uploads\/2021\/01\/Aircond_pixabay_teaser-680x518.jpg\" alt=\"Lieu de travail\" width=\"680\" height=\"518\" srcset=\"https:\/\/news.save.ch\/wp-content\/uploads\/2021\/01\/Aircond_pixabay_teaser-680x518.jpg 680w, https:\/\/news.save.ch\/wp-content\/uploads\/2021\/01\/Aircond_pixabay_teaser-768x585.jpg 768w, https:\/\/news.save.ch\/wp-content\/uploads\/2021\/01\/Aircond_pixabay_teaser-16x12.jpg 16w, https:\/\/news.save.ch\/wp-content\/uploads\/2021\/01\/Aircond_pixabay_teaser-375x285.jpg 375w, https:\/\/news.save.ch\/wp-content\/uploads\/2021\/01\/Aircond_pixabay_teaser-460x350.jpg 460w, https:\/\/news.save.ch\/wp-content\/uploads\/2021\/01\/Aircond_pixabay_teaser.jpg 946w\" sizes=\"auto, (max-width: 680px) 100vw, 680px\" \/><\/p>\n<p>Honeywell a publi\u00e9 une \u00e9tude selon laquelle la majorit\u00e9 des employ\u00e9s travaillant dans des b\u00e2timents de plus de 500 personnes aux Etats-Unis, en Grande-Bretagne, en Allemagne et au Proche-Orient ne se sentent pas totalement en s\u00e9curit\u00e9 sur leur lieu de travail. Le chiffre est encore plus \u00e9lev\u00e9 chez les employ\u00e9s qui travaillent de plus en plus \u00e0 domicile (75 pour cent). Les travailleurs sont donc surtout sensibles \u00e0 des crit\u00e8res tels que la qualit\u00e9 de l'air et le respect des lignes de s\u00e9curit\u00e9 pendant la pand\u00e9mie. 56 pour cent des 2000 travailleurs interrog\u00e9s se disent inquiets de contracter la maladie par transmission a\u00e9rienne plut\u00f4t que par contact avec des surfaces.<\/p>\n<h2>Davantage de mesures phares souhait\u00e9es<\/h2>\n<p>De nombreuses personnes interrog\u00e9es pensent m\u00eame que les b\u00e2timents \u00e9quip\u00e9s de syst\u00e8mes de ventilation obsol\u00e8tes sont plus dangereux que leurs coll\u00e8gues qui ne respectent pas les directives de s\u00e9curit\u00e9. Concr\u00e8tement, plus de la moiti\u00e9 des travailleurs estiment que la gestion des b\u00e2timents n'a pas pris les mesures n\u00e9cessaires pour garantir la s\u00e9curit\u00e9 sur le lieu de travail, conclut le communiqu\u00e9.<\/p>\n<p>En Angleterre, en Allemagne, au Royaume-Uni et au Moyen-Orient, les utilisateurs estiment que les employeurs devront investir davantage dans la technologie des b\u00e2timents \u00e0 l'avenir. Parmi les autres mesures les plus souhait\u00e9es par les travailleurs, on trouve les concepts de social distancing ou les masques obligatoires, suivis par les protocoles de d\u00e9pistage de la sant\u00e9 ou les contr\u00f4les de la temp\u00e9rature corporelle ainsi que les proc\u00e9dures de nettoyage am\u00e9lior\u00e9es. Aucun r\u00e9sultat d'enqu\u00eate n'est actuellement disponible pour la Suisse.<\/p>\n<p><a href=\"https:\/\/finnpartners.box.com\/v\/HBT-survey-01-21\" target=\"_blank\" rel=\"noopener\">Lire le rapport complet\u00a0<\/a><\/p>\n<p>source : Honeywell<\/p>","protected":false},"excerpt":{"rendered":"<p>Honeywell hat eine Studie ver\u00f6ffentlicht, nach welcher sich eine Mehrheit von Arbeitnehmern in Geb\u00e4uden mit mehr als 500 Mitarbeitenden in den USA, Grossbritannien, in Deutschland und im Nahen Osten am Arbeitsplatz nicht ganz sicher f\u00fchlen. Die Zahl liege noch h\u00f6her bei den Angestellten, die vermehrt vom Home Office aus arbeiten (75 Prozent). Die Arbeitnehmer sind [&hellip;]<\/p>\n","protected":false},"author":9,"featured_media":16411,"comment_status":"closed","ping_status":"closed","sticky":false,"template":"","format":"standard","meta":{"_acf_changed":false,"pgc_sgb_lightbox_settings":"","footnotes":""},"categories":[1,3314],"tags":[632,1250,444,149,314,4776,5836],"class_list":["post-6579","post","type-post","status-publish","format-standard","has-post-thumbnail","hentry","category-allgemein","category-health-safety","tag-covid-19","tag-gebaeudemanagement","tag-gebaeudetechnik","tag-gesundheitsschutz","tag-honeywell","tag-luftqualitaet","tag-sicherheitsrichtlinien"],"acf":[],"hkrextid":null,"publication":null,"issue":null,"workflow":null,"startPage":null,"spitzmarke":null,"_posts_by_tag_page_fields":{"widget_title":"","widget_tags":""},"_at_widget":"1","_yoast_wpseo_primary_category":"1","_yoast_wpseo_focuskw_text_input":null,"_yoast_wpseo_opengraph-image":null,"_yoast_wpseo_opengraph-description":null,"_yoast_wpseo_opengraph-title":null,"enclosure":null,"_yoast_wpseo_twitter-title":null,"_yoast_wpseo_twitter-description":null,"_yoast_wpseo_twitter-image":null,"_wp_old_slug":null,"_yoast_wpseo_title":null,"_yoast_wpseo_canonical":null,"yoast_head":"<!-- This site is optimized with the Yoast SEO plugin v27.5 - https:\/\/yoast.com\/product\/yoast-seo-wordpress\/ -->\n<title>Nur 68 Prozent der Arbeitnehmer f\u00fchlen sich am Arbeitsplatz sicher - Save<\/title>\n<meta name=\"description\" content=\"Eine interessante Studie zu Wahrnehmungen und Gef\u00fchlen von Arbeitnehmern bez\u00fcglich Gesundheit und Sicherheit am Arbeitsplatz zeigt auf, dass sich eine Mehrheit von Office- und Home-Office-Mitarbeitenden in den USA, in Europa und im Nahen Osten in Geb\u00e4uden mit 500 Mitarbeitenden am Arbeitsplatz nicht sicher f\u00fchlen.\" \/>\n<meta name=\"robots\" content=\"index, follow, max-snippet:-1, max-image-preview:large, max-video-preview:-1\" \/>\n<link rel=\"canonical\" href=\"https:\/\/news.save.ch\/fr\/nur-68-prozent-der-arbeitnehmer-fuehlen-sich-am-arbeitsplatz-sicher\/\" \/>\n<meta property=\"og:locale\" content=\"fr_FR\" \/>\n<meta property=\"og:type\" content=\"article\" \/>\n<meta property=\"og:title\" content=\"Nur 68 Prozent der Arbeitnehmer f\u00fchlen sich am Arbeitsplatz sicher - Save\" \/>\n<meta property=\"og:description\" content=\"Eine interessante Studie zu Wahrnehmungen und Gef\u00fchlen von Arbeitnehmern bez\u00fcglich Gesundheit und Sicherheit am Arbeitsplatz zeigt auf, dass sich eine Mehrheit von Office- und Home-Office-Mitarbeitenden in den USA, in Europa und im Nahen Osten in Geb\u00e4uden mit 500 Mitarbeitenden am Arbeitsplatz nicht sicher f\u00fchlen.\" \/>\n<meta property=\"og:url\" content=\"https:\/\/news.save.ch\/fr\/nur-68-prozent-der-arbeitnehmer-fuehlen-sich-am-arbeitsplatz-sicher\/\" \/>\n<meta property=\"og:site_name\" content=\"Save\" \/>\n<meta property=\"article:published_time\" content=\"2021-01-20T07:51:16+00:00\" \/>\n<meta property=\"article:modified_time\" content=\"2023-08-09T00:52:21+00:00\" \/>\n<meta property=\"og:image\" content=\"https:\/\/news.save.ch\/wp-content\/uploads\/2021\/01\/Aircond_pixabay_teaser.jpg\" \/>\n\t<meta property=\"og:image:width\" content=\"946\" \/>\n\t<meta property=\"og:image:height\" content=\"720\" \/>\n\t<meta property=\"og:image:type\" content=\"image\/jpeg\" \/>\n<meta name=\"author\" content=\"Simon Gr\u00f6flin\" \/>\n<meta name=\"twitter:card\" content=\"summary_large_image\" \/>\n<meta name=\"twitter:label1\" content=\"\u00c9crit par\" \/>\n\t<meta name=\"twitter:data1\" content=\"Simon Gr\u00f6flin\" \/>\n\t<meta name=\"twitter:label2\" content=\"Dur\u00e9e de lecture estim\u00e9e\" \/>\n\t<meta name=\"twitter:data2\" content=\"2 minutes\" \/>\n<script type=\"application\/ld+json\" class=\"yoast-schema-graph\">{\"@context\":\"https:\\\/\\\/schema.org\",\"@graph\":[{\"@type\":\"Article\",\"@id\":\"https:\\\/\\\/news.save.ch\\\/nur-68-prozent-der-arbeitnehmer-fuehlen-sich-am-arbeitsplatz-sicher\\\/#article\",\"isPartOf\":{\"@id\":\"https:\\\/\\\/news.save.ch\\\/nur-68-prozent-der-arbeitnehmer-fuehlen-sich-am-arbeitsplatz-sicher\\\/\"},\"author\":{\"name\":\"Simon Gr\u00f6flin\",\"@id\":\"https:\\\/\\\/news.save.ch\\\/de\\\/#\\\/schema\\\/person\\\/ad4ef21102fd6125312409ac57d5296d\"},\"headline\":\"Nur 68 Prozent der Arbeitnehmer f\u00fchlen sich am Arbeitsplatz sicher\",\"datePublished\":\"2021-01-20T07:51:16+00:00\",\"dateModified\":\"2023-08-09T00:52:21+00:00\",\"mainEntityOfPage\":{\"@id\":\"https:\\\/\\\/news.save.ch\\\/nur-68-prozent-der-arbeitnehmer-fuehlen-sich-am-arbeitsplatz-sicher\\\/\"},\"wordCount\":239,\"publisher\":{\"@id\":\"https:\\\/\\\/news.save.ch\\\/de\\\/#organization\"},\"image\":{\"@id\":\"https:\\\/\\\/news.save.ch\\\/nur-68-prozent-der-arbeitnehmer-fuehlen-sich-am-arbeitsplatz-sicher\\\/#primaryimage\"},\"thumbnailUrl\":\"https:\\\/\\\/news.save.ch\\\/wp-content\\\/uploads\\\/2021\\\/01\\\/Aircond_pixabay_teaser.jpg\",\"keywords\":[\"Covid-19\",\"Geb\u00e4udemanagement\",\"Geb\u00e4udetechnik\",\"Gesundheitsschutz\",\"Honeywell\",\"Luftqualit\u00e4t\",\"Sicherheitsrichtlinien\"],\"articleSection\":[\"ALLGEMEIN\",\"HEALTH &amp; SAFETY\"],\"inLanguage\":\"fr-FR\"},{\"@type\":\"WebPage\",\"@id\":\"https:\\\/\\\/news.save.ch\\\/nur-68-prozent-der-arbeitnehmer-fuehlen-sich-am-arbeitsplatz-sicher\\\/\",\"url\":\"https:\\\/\\\/news.save.ch\\\/nur-68-prozent-der-arbeitnehmer-fuehlen-sich-am-arbeitsplatz-sicher\\\/\",\"name\":\"Nur 68 Prozent der Arbeitnehmer f\u00fchlen sich am Arbeitsplatz sicher - Save\",\"isPartOf\":{\"@id\":\"https:\\\/\\\/news.save.ch\\\/de\\\/#website\"},\"primaryImageOfPage\":{\"@id\":\"https:\\\/\\\/news.save.ch\\\/nur-68-prozent-der-arbeitnehmer-fuehlen-sich-am-arbeitsplatz-sicher\\\/#primaryimage\"},\"image\":{\"@id\":\"https:\\\/\\\/news.save.ch\\\/nur-68-prozent-der-arbeitnehmer-fuehlen-sich-am-arbeitsplatz-sicher\\\/#primaryimage\"},\"thumbnailUrl\":\"https:\\\/\\\/news.save.ch\\\/wp-content\\\/uploads\\\/2021\\\/01\\\/Aircond_pixabay_teaser.jpg\",\"datePublished\":\"2021-01-20T07:51:16+00:00\",\"dateModified\":\"2023-08-09T00:52:21+00:00\",\"description\":\"Eine interessante Studie zu Wahrnehmungen und Gef\u00fchlen von Arbeitnehmern bez\u00fcglich Gesundheit und Sicherheit am Arbeitsplatz zeigt auf, dass sich eine Mehrheit von Office- und Home-Office-Mitarbeitenden in den USA, in Europa und im Nahen Osten in Geb\u00e4uden mit 500 Mitarbeitenden am Arbeitsplatz nicht sicher f\u00fchlen.\",\"breadcrumb\":{\"@id\":\"https:\\\/\\\/news.save.ch\\\/nur-68-prozent-der-arbeitnehmer-fuehlen-sich-am-arbeitsplatz-sicher\\\/#breadcrumb\"},\"inLanguage\":\"fr-FR\",\"potentialAction\":[{\"@type\":\"ReadAction\",\"target\":[\"https:\\\/\\\/news.save.ch\\\/nur-68-prozent-der-arbeitnehmer-fuehlen-sich-am-arbeitsplatz-sicher\\\/\"]}]},{\"@type\":\"ImageObject\",\"inLanguage\":\"fr-FR\",\"@id\":\"https:\\\/\\\/news.save.ch\\\/nur-68-prozent-der-arbeitnehmer-fuehlen-sich-am-arbeitsplatz-sicher\\\/#primaryimage\",\"url\":\"https:\\\/\\\/news.save.ch\\\/wp-content\\\/uploads\\\/2021\\\/01\\\/Aircond_pixabay_teaser.jpg\",\"contentUrl\":\"https:\\\/\\\/news.save.ch\\\/wp-content\\\/uploads\\\/2021\\\/01\\\/Aircond_pixabay_teaser.jpg\",\"width\":946,\"height\":720,\"caption\":\"Pixabay\"},{\"@type\":\"BreadcrumbList\",\"@id\":\"https:\\\/\\\/news.save.ch\\\/nur-68-prozent-der-arbeitnehmer-fuehlen-sich-am-arbeitsplatz-sicher\\\/#breadcrumb\",\"itemListElement\":[{\"@type\":\"ListItem\",\"position\":1,\"name\":\"Home\",\"item\":\"https:\\\/\\\/news.save.ch\\\/de\\\/\"},{\"@type\":\"ListItem\",\"position\":2,\"name\":\"Nur 68 Prozent der Arbeitnehmer f\u00fchlen sich am Arbeitsplatz sicher\"}]},{\"@type\":\"WebSite\",\"@id\":\"https:\\\/\\\/news.save.ch\\\/de\\\/#website\",\"url\":\"https:\\\/\\\/news.save.ch\\\/de\\\/\",\"name\":\"Save\",\"description\":\"Schweizer Fachzeitschrift f\u00fcr Sicherheit\",\"publisher\":{\"@id\":\"https:\\\/\\\/news.save.ch\\\/de\\\/#organization\"},\"potentialAction\":[{\"@type\":\"SearchAction\",\"target\":{\"@type\":\"EntryPoint\",\"urlTemplate\":\"https:\\\/\\\/news.save.ch\\\/de\\\/?s={search_term_string}\"},\"query-input\":{\"@type\":\"PropertyValueSpecification\",\"valueRequired\":true,\"valueName\":\"search_term_string\"}}],\"inLanguage\":\"fr-FR\"},{\"@type\":\"Organization\",\"@id\":\"https:\\\/\\\/news.save.ch\\\/de\\\/#organization\",\"name\":\"Sicherheitsforum\",\"url\":\"https:\\\/\\\/news.save.ch\\\/de\\\/\",\"logo\":{\"@type\":\"ImageObject\",\"inLanguage\":\"fr-FR\",\"@id\":\"https:\\\/\\\/news.save.ch\\\/de\\\/#\\\/schema\\\/logo\\\/image\\\/\",\"url\":\"https:\\\/\\\/news.save.ch\\\/wp-content\\\/uploads\\\/2022\\\/06\\\/Logo_SF_2012.png\",\"contentUrl\":\"https:\\\/\\\/news.save.ch\\\/wp-content\\\/uploads\\\/2022\\\/06\\\/Logo_SF_2012.png\",\"width\":1100,\"height\":91,\"caption\":\"Sicherheitsforum\"},\"image\":{\"@id\":\"https:\\\/\\\/news.save.ch\\\/de\\\/#\\\/schema\\\/logo\\\/image\\\/\"}},{\"@type\":\"Person\",\"@id\":\"https:\\\/\\\/news.save.ch\\\/de\\\/#\\\/schema\\\/person\\\/ad4ef21102fd6125312409ac57d5296d\",\"name\":\"Simon Gr\u00f6flin\",\"image\":{\"@type\":\"ImageObject\",\"inLanguage\":\"fr-FR\",\"@id\":\"https:\\\/\\\/secure.gravatar.com\\\/avatar\\\/6ddceb80eb734354635539e0ea5140bb7c41e42de7c45c9a2ab9921b5d5c9a83?s=96&d=mm&r=g\",\"url\":\"https:\\\/\\\/secure.gravatar.com\\\/avatar\\\/6ddceb80eb734354635539e0ea5140bb7c41e42de7c45c9a2ab9921b5d5c9a83?s=96&d=mm&r=g\",\"contentUrl\":\"https:\\\/\\\/secure.gravatar.com\\\/avatar\\\/6ddceb80eb734354635539e0ea5140bb7c41e42de7c45c9a2ab9921b5d5c9a83?s=96&d=mm&r=g\",\"caption\":\"Simon Gr\u00f6flin\"},\"url\":\"https:\\\/\\\/news.save.ch\\\/fr\\\/author\\\/simon-groeflin\\\/\"}]}<\/script>\n<!-- \/ Yoast SEO plugin. -->","yoast_head_json":{"title":"Seuls 68% des salari\u00e9s se sentent en s\u00e9curit\u00e9 sur leur lieu de travail - Save","description":"Une \u00e9tude int\u00e9ressante sur les perceptions et les sentiments des travailleurs en mati\u00e8re de sant\u00e9 et de s\u00e9curit\u00e9 au travail r\u00e9v\u00e8le qu'une majorit\u00e9 d'employ\u00e9s de bureau et de bureau \u00e0 domicile aux \u00c9tats-Unis, en Europe et au Moyen-Orient ne se sentent pas en s\u00e9curit\u00e9 sur leur lieu de travail dans des b\u00e2timents de 500 personnes.","robots":{"index":"index","follow":"follow","max-snippet":"max-snippet:-1","max-image-preview":"max-image-preview:large","max-video-preview":"max-video-preview:-1"},"canonical":"https:\/\/news.save.ch\/fr\/nur-68-prozent-der-arbeitnehmer-fuehlen-sich-am-arbeitsplatz-sicher\/","og_locale":"fr_FR","og_type":"article","og_title":"Nur 68 Prozent der Arbeitnehmer f\u00fchlen sich am Arbeitsplatz sicher - Save","og_description":"Eine interessante Studie zu Wahrnehmungen und Gef\u00fchlen von Arbeitnehmern bez\u00fcglich Gesundheit und Sicherheit am Arbeitsplatz zeigt auf, dass sich eine Mehrheit von Office- und Home-Office-Mitarbeitenden in den USA, in Europa und im Nahen Osten in Geb\u00e4uden mit 500 Mitarbeitenden am Arbeitsplatz nicht sicher f\u00fchlen.","og_url":"https:\/\/news.save.ch\/fr\/nur-68-prozent-der-arbeitnehmer-fuehlen-sich-am-arbeitsplatz-sicher\/","og_site_name":"Save","article_published_time":"2021-01-20T07:51:16+00:00","article_modified_time":"2023-08-09T00:52:21+00:00","og_image":[{"width":946,"height":720,"url":"https:\/\/news.save.ch\/wp-content\/uploads\/2021\/01\/Aircond_pixabay_teaser.jpg","type":"image\/jpeg"}],"author":"Simon Gr\u00f6flin","twitter_card":"summary_large_image","twitter_misc":{"\u00c9crit par":"Simon Gr\u00f6flin","Dur\u00e9e de lecture estim\u00e9e":"2 minutes"},"schema":{"@context":"https:\/\/schema.org","@graph":[{"@type":"Article","@id":"https:\/\/news.save.ch\/nur-68-prozent-der-arbeitnehmer-fuehlen-sich-am-arbeitsplatz-sicher\/#article","isPartOf":{"@id":"https:\/\/news.save.ch\/nur-68-prozent-der-arbeitnehmer-fuehlen-sich-am-arbeitsplatz-sicher\/"},"author":{"name":"Simon Gr\u00f6flin","@id":"https:\/\/news.save.ch\/de\/#\/schema\/person\/ad4ef21102fd6125312409ac57d5296d"},"headline":"Nur 68 Prozent der Arbeitnehmer f\u00fchlen sich am Arbeitsplatz sicher","datePublished":"2021-01-20T07:51:16+00:00","dateModified":"2023-08-09T00:52:21+00:00","mainEntityOfPage":{"@id":"https:\/\/news.save.ch\/nur-68-prozent-der-arbeitnehmer-fuehlen-sich-am-arbeitsplatz-sicher\/"},"wordCount":239,"publisher":{"@id":"https:\/\/news.save.ch\/de\/#organization"},"image":{"@id":"https:\/\/news.save.ch\/nur-68-prozent-der-arbeitnehmer-fuehlen-sich-am-arbeitsplatz-sicher\/#primaryimage"},"thumbnailUrl":"https:\/\/news.save.ch\/wp-content\/uploads\/2021\/01\/Aircond_pixabay_teaser.jpg","keywords":["Covid-19","Geb\u00e4udemanagement","Geb\u00e4udetechnik","Gesundheitsschutz","Honeywell","Luftqualit\u00e4t","Sicherheitsrichtlinien"],"articleSection":["ALLGEMEIN","HEALTH &amp; SAFETY"],"inLanguage":"fr-FR"},{"@type":"WebPage","@id":"https:\/\/news.save.ch\/nur-68-prozent-der-arbeitnehmer-fuehlen-sich-am-arbeitsplatz-sicher\/","url":"https:\/\/news.save.ch\/nur-68-prozent-der-arbeitnehmer-fuehlen-sich-am-arbeitsplatz-sicher\/","name":"Seuls 68% des salari\u00e9s se sentent en s\u00e9curit\u00e9 sur leur lieu de travail - Save","isPartOf":{"@id":"https:\/\/news.save.ch\/de\/#website"},"primaryImageOfPage":{"@id":"https:\/\/news.save.ch\/nur-68-prozent-der-arbeitnehmer-fuehlen-sich-am-arbeitsplatz-sicher\/#primaryimage"},"image":{"@id":"https:\/\/news.save.ch\/nur-68-prozent-der-arbeitnehmer-fuehlen-sich-am-arbeitsplatz-sicher\/#primaryimage"},"thumbnailUrl":"https:\/\/news.save.ch\/wp-content\/uploads\/2021\/01\/Aircond_pixabay_teaser.jpg","datePublished":"2021-01-20T07:51:16+00:00","dateModified":"2023-08-09T00:52:21+00:00","description":"Une \u00e9tude int\u00e9ressante sur les perceptions et les sentiments des travailleurs en mati\u00e8re de sant\u00e9 et de s\u00e9curit\u00e9 au travail r\u00e9v\u00e8le qu'une majorit\u00e9 d'employ\u00e9s de bureau et de bureau \u00e0 domicile aux \u00c9tats-Unis, en Europe et au Moyen-Orient ne se sentent pas en s\u00e9curit\u00e9 sur leur lieu de travail dans des b\u00e2timents de 500 personnes.","breadcrumb":{"@id":"https:\/\/news.save.ch\/nur-68-prozent-der-arbeitnehmer-fuehlen-sich-am-arbeitsplatz-sicher\/#breadcrumb"},"inLanguage":"fr-FR","potentialAction":[{"@type":"ReadAction","target":["https:\/\/news.save.ch\/nur-68-prozent-der-arbeitnehmer-fuehlen-sich-am-arbeitsplatz-sicher\/"]}]},{"@type":"ImageObject","inLanguage":"fr-FR","@id":"https:\/\/news.save.ch\/nur-68-prozent-der-arbeitnehmer-fuehlen-sich-am-arbeitsplatz-sicher\/#primaryimage","url":"https:\/\/news.save.ch\/wp-content\/uploads\/2021\/01\/Aircond_pixabay_teaser.jpg","contentUrl":"https:\/\/news.save.ch\/wp-content\/uploads\/2021\/01\/Aircond_pixabay_teaser.jpg","width":946,"height":720,"caption":"Pixabay"},{"@type":"BreadcrumbList","@id":"https:\/\/news.save.ch\/nur-68-prozent-der-arbeitnehmer-fuehlen-sich-am-arbeitsplatz-sicher\/#breadcrumb","itemListElement":[{"@type":"ListItem","position":1,"name":"Home","item":"https:\/\/news.save.ch\/de\/"},{"@type":"ListItem","position":2,"name":"Nur 68 Prozent der Arbeitnehmer f\u00fchlen sich am Arbeitsplatz sicher"}]},{"@type":"WebSite","@id":"https:\/\/news.save.ch\/de\/#website","url":"https:\/\/news.save.ch\/de\/","name":"Save","description":"Revue suisse sp\u00e9cialis\u00e9e dans la s\u00e9curit\u00e9","publisher":{"@id":"https:\/\/news.save.ch\/de\/#organization"},"potentialAction":[{"@type":"SearchAction","target":{"@type":"EntryPoint","urlTemplate":"https:\/\/news.save.ch\/de\/?s={search_term_string}"},"query-input":{"@type":"PropertyValueSpecification","valueRequired":true,"valueName":"search_term_string"}}],"inLanguage":"fr-FR"},{"@type":"Organization","@id":"https:\/\/news.save.ch\/de\/#organization","name":"Forum sur la s\u00e9curit\u00e9","url":"https:\/\/news.save.ch\/de\/","logo":{"@type":"ImageObject","inLanguage":"fr-FR","@id":"https:\/\/news.save.ch\/de\/#\/schema\/logo\/image\/","url":"https:\/\/news.save.ch\/wp-content\/uploads\/2022\/06\/Logo_SF_2012.png","contentUrl":"https:\/\/news.save.ch\/wp-content\/uploads\/2022\/06\/Logo_SF_2012.png","width":1100,"height":91,"caption":"Sicherheitsforum"},"image":{"@id":"https:\/\/news.save.ch\/de\/#\/schema\/logo\/image\/"}},{"@type":"Person","@id":"https:\/\/news.save.ch\/de\/#\/schema\/person\/ad4ef21102fd6125312409ac57d5296d","name":"Simon Gr\u00f6flin","image":{"@type":"ImageObject","inLanguage":"fr-FR","@id":"https:\/\/secure.gravatar.com\/avatar\/6ddceb80eb734354635539e0ea5140bb7c41e42de7c45c9a2ab9921b5d5c9a83?s=96&d=mm&r=g","url":"https:\/\/secure.gravatar.com\/avatar\/6ddceb80eb734354635539e0ea5140bb7c41e42de7c45c9a2ab9921b5d5c9a83?s=96&d=mm&r=g","contentUrl":"https:\/\/secure.gravatar.com\/avatar\/6ddceb80eb734354635539e0ea5140bb7c41e42de7c45c9a2ab9921b5d5c9a83?s=96&d=mm&r=g","caption":"Simon Gr\u00f6flin"},"url":"https:\/\/news.save.ch\/fr\/author\/simon-groeflin\/"}]}},"_links":{"self":[{"href":"https:\/\/news.save.ch\/fr\/wp-json\/wp\/v2\/posts\/6579","targetHints":{"allow":["GET"]}}],"collection":[{"href":"https:\/\/news.save.ch\/fr\/wp-json\/wp\/v2\/posts"}],"about":[{"href":"https:\/\/news.save.ch\/fr\/wp-json\/wp\/v2\/types\/post"}],"author":[{"embeddable":true,"href":"https:\/\/news.save.ch\/fr\/wp-json\/wp\/v2\/users\/9"}],"replies":[{"embeddable":true,"href":"https:\/\/news.save.ch\/fr\/wp-json\/wp\/v2\/comments?post=6579"}],"version-history":[{"count":3,"href":"https:\/\/news.save.ch\/fr\/wp-json\/wp\/v2\/posts\/6579\/revisions"}],"predecessor-version":[{"id":21653,"href":"https:\/\/news.save.ch\/fr\/wp-json\/wp\/v2\/posts\/6579\/revisions\/21653"}],"wp:featuredmedia":[{"embeddable":true,"href":"https:\/\/news.save.ch\/fr\/wp-json\/wp\/v2\/media\/16411"}],"wp:attachment":[{"href":"https:\/\/news.save.ch\/fr\/wp-json\/wp\/v2\/media?parent=6579"}],"wp:term":[{"taxonomy":"category","embeddable":true,"href":"https:\/\/news.save.ch\/fr\/wp-json\/wp\/v2\/categories?post=6579"},{"taxonomy":"post_tag","embeddable":true,"href":"https:\/\/news.save.ch\/fr\/wp-json\/wp\/v2\/tags?post=6579"}],"curies":[{"name":"wp","href":"https:\/\/api.w.org\/{rel}","templated":true}]}}