{"id":6627,"date":"2021-01-25T09:23:50","date_gmt":"2021-01-25T08:23:50","guid":{"rendered":"https:\/\/news.save.ch\/?p=6627"},"modified":"2023-08-05T05:45:42","modified_gmt":"2023-08-05T03:45:42","slug":"hartes-urteil-gegen-franzoesisch-israelischen-rohstoffhaendler","status":null,"type":"post","link":"https:\/\/news.save.ch\/fr\/hartes-urteil-gegen-franzoesisch-israelischen-rohstoffhaendler\/","title":{"rendered":"Un jugement s\u00e9v\u00e8re contre un n\u00e9gociant en mati\u00e8res premi\u00e8res franco-isra\u00e9lien"},"content":{"rendered":"<figure id=\"attachment_6633\" aria-describedby=\"caption-attachment-6633\" style=\"width: 680px\" class=\"wp-caption alignnone\"><img loading=\"lazy\" decoding=\"async\" class=\"wp-image-6633 size-medium\" src=\"http:\/\/develop.safety-plus.ch\/wp-content\/uploads\/2021\/01\/Eisenerz_pixabay_teaser.jpg\" alt=\"N\u00e9gociant en mati\u00e8res premi\u00e8res\" width=\"680\" height=\"477\" \/><figcaption id=\"caption-attachment-6633\" class=\"wp-caption-text\"><em>Pixabay<\/em><\/figcaption><\/figure>\n<p>Au terme d'un proc\u00e8s retentissant, le n\u00e9gociant en mati\u00e8res premi\u00e8res franco-isra\u00e9lien Beny Steinmetz a \u00e9t\u00e9 reconnu coupable vendredi dernier de corruption d'agents publics \u00e9trangers et de faux dans les titres par le tribunal p\u00e9nal de Gen\u00e8ve. Dans son jugement, le tribunal souligne que Steinmetz a \"particip\u00e9 de mani\u00e8re d\u00e9cisive au sch\u00e9ma de corruption\".<\/p>\n<p>Les affirmations des avocats de la d\u00e9fense n'auraient jou\u00e9 aucun r\u00f4le dans toute l'affaire, comme Pulic Eye l'\u00e9crit dans un communiqu\u00e9. Les juges genevoises ont ainsi condamn\u00e9 le milliardaire \u00e0 une peine de cinq ans de prison et au versement de cinquante millions de francs suisses en compensation de pots-de-vin de pr\u00e8s de dix millions de dollars \u00e0 Mamadie Tour\u00e9, la quatri\u00e8me \u00e9pouse de l'ex-pr\u00e9sident de Guin\u00e9e Lansana Cont\u00e9. Ce \"pacte de corruption\" aurait permis \u00e0 Beny Steinmetz Group Resources (BSGR) de s'assurer la concession des gigantesques gisements de minerai de fer de Simandou. L'avocat de Steinmetz a d\u00e9j\u00e0 annonc\u00e9 qu'il ferait appel du jugement.<\/p>\n<h2>Exemple de rouages parfaitement huil\u00e9s de la corruption internationale<\/h2>\n<p>Selon leur communiqu\u00e9, le proc\u00e8s spectaculaire auquel Public Eye a assist\u00e9 a jet\u00e9 une \"lumi\u00e8re crue\" sur les \"rouages parfaitement lubrifi\u00e9s de la corruption internationale\", dont l'un des pays les plus pauvres du monde est la victime. Le proc\u00e8s a mis en \u00e9vidence les ravages caus\u00e9s par les structures offshore opaques par lesquelles des particuliers, des entreprises et des groupes dissimulent leurs activit\u00e9s ill\u00e9gitimes ou ill\u00e9gales dans des pays aux structures \u00e9tatiques faibles.<\/p>\n<p>BSGR a syst\u00e9matiquement dissimul\u00e9 ses pratiques de corruption via la soci\u00e9t\u00e9 de conseil Onyx Financial Advisors, domicili\u00e9e \u00e0 Gen\u00e8ve. Sa directrice de l'\u00e9poque \u00e9tait \u00e9galement sur le banc des accus\u00e9s et a \u00e9t\u00e9 condamn\u00e9e \u00e0 deux ans avec sursis et au paiement de 50 000 francs. L'interm\u00e9diaire de BSGR en Guin\u00e9e, un Fran\u00e7ais qui \u00e9tait en contact direct avec Mamadie Tour\u00e9, devra passer trois ans et six mois derri\u00e8re les barreaux et verser cinq millions de francs \u00e0 l'Etat. Les trois maillons de cette cha\u00eene de corruption classique ont ainsi \u00e9t\u00e9 tenus responsables - ce qui n'arrive que tr\u00e8s rarement.<\/p>\n<p>Public Eye est convaincu que cette condamnation d'un haut responsable d'entreprise envoie un signal fort \u00e0 l'ensemble du secteur des mati\u00e8res premi\u00e8res. Elle souligne en outre l'urgence pour la Suisse de combler les lacunes de sa l\u00e9gislation, qui facilitent de telles pratiques commerciales criminelles.<\/p>\n<p><em>Source : Public Eye\u00a0<\/em><\/p>\n<p>&nbsp;<\/p>","protected":false},"excerpt":{"rendered":"<p>Zum Abschluss eines aufsehenerregenden Prozesses wurde der franz\u00f6sisch-israelische Rohstoffh\u00e4ndler Beny Steinmetz letzten Freitag vom Genfer Strafgericht der Bestechung fremder Amtstr\u00e4ger und der Urkundenf\u00e4lschung schuldig gesprochen. In seinem Urteil unterstreicht das Gericht, Steinmetz habe \u00abin entscheidender Art und Weise an dem Korruptionsschema mitgewirkt\u00bb. Die Beteuerungen der Verteidiger h\u00e4tten bei der ganzen Aff\u00e4re keine Rolle\u00a0gespielt, wie Pulic [&hellip;]<\/p>\n","protected":false},"author":9,"featured_media":16414,"comment_status":"closed","ping_status":"closed","sticky":false,"template":"","format":"standard","meta":{"_acf_changed":false,"pgc_sgb_lightbox_settings":"","footnotes":""},"categories":[1],"tags":[1758,233,122,5824,2808,5822,5823,3001],"class_list":["post-6627","post","type-post","status-publish","format-standard","has-post-thumbnail","hentry","category-allgemein","tag-beny-steinmetz","tag-bestechung","tag-korruption","tag-public-eye","tag-rohstoffe","tag-rohstoffhaendler","tag-simandou","tag-strafprozess"],"acf":[],"hkrextid":null,"publication":null,"issue":null,"workflow":null,"startPage":null,"spitzmarke":null,"_posts_by_tag_page_fields":{"widget_title":"","widget_tags":""},"_at_widget":"1","_yoast_wpseo_primary_category":"1","_yoast_wpseo_focuskw_text_input":null,"_yoast_wpseo_opengraph-image":null,"_yoast_wpseo_opengraph-description":null,"_yoast_wpseo_opengraph-title":null,"enclosure":null,"_yoast_wpseo_twitter-title":null,"_yoast_wpseo_twitter-description":null,"_yoast_wpseo_twitter-image":null,"_wp_old_slug":null,"_yoast_wpseo_title":null,"_yoast_wpseo_canonical":null,"yoast_head":"<!-- This site is optimized with the Yoast SEO plugin v27.5 - https:\/\/yoast.com\/product\/yoast-seo-wordpress\/ -->\n<title>Hartes Urteil gegen franz\u00f6sisch-israelischen Rohstoffh\u00e4ndler - Save<\/title>\n<meta name=\"description\" content=\"Der Genfer Strafgerichtshof hat den Rohstoffh\u00e4ndler Beny Steinmetz zu einer Haftstrafe von f\u00fcnf Jahren verurteilt. Das Gericht erachtet es dabei als erwiesen, dass der 58-J\u00e4hrige n Afrika als T\u00fcr\u00f6ffner fungierte. Dabei wurde er zu einer Gef\u00e4ngnisstrafe von dreieinhalb Jahren und zu einer Kompensationszahlung von f\u00fcnf Millionen Franken verurteilt.\u00a0\" \/>\n<meta name=\"robots\" content=\"index, follow, max-snippet:-1, max-image-preview:large, max-video-preview:-1\" \/>\n<link rel=\"canonical\" href=\"https:\/\/news.save.ch\/fr\/hartes-urteil-gegen-franzoesisch-israelischen-rohstoffhaendler\/\" \/>\n<meta property=\"og:locale\" content=\"fr_FR\" \/>\n<meta property=\"og:type\" content=\"article\" \/>\n<meta property=\"og:title\" content=\"Hartes Urteil gegen franz\u00f6sisch-israelischen Rohstoffh\u00e4ndler - Save\" \/>\n<meta property=\"og:description\" content=\"Der Genfer Strafgerichtshof hat den Rohstoffh\u00e4ndler Beny Steinmetz zu einer Haftstrafe von f\u00fcnf Jahren verurteilt. Das Gericht erachtet es dabei als erwiesen, dass der 58-J\u00e4hrige n Afrika als T\u00fcr\u00f6ffner fungierte. Dabei wurde er zu einer Gef\u00e4ngnisstrafe von dreieinhalb Jahren und zu einer Kompensationszahlung von f\u00fcnf Millionen Franken verurteilt.\u00a0\" \/>\n<meta property=\"og:url\" content=\"https:\/\/news.save.ch\/fr\/hartes-urteil-gegen-franzoesisch-israelischen-rohstoffhaendler\/\" \/>\n<meta property=\"og:site_name\" content=\"Save\" \/>\n<meta property=\"article:published_time\" content=\"2021-01-25T08:23:50+00:00\" \/>\n<meta property=\"article:modified_time\" content=\"2023-08-05T03:45:42+00:00\" \/>\n<meta property=\"og:image\" content=\"https:\/\/news.save.ch\/wp-content\/uploads\/2021\/01\/Eisenerz_pixabay_teaser.jpg\" \/>\n\t<meta property=\"og:image:width\" content=\"960\" \/>\n\t<meta property=\"og:image:height\" content=\"673\" \/>\n\t<meta property=\"og:image:type\" content=\"image\/jpeg\" \/>\n<meta name=\"author\" content=\"Simon Gr\u00f6flin\" \/>\n<meta name=\"twitter:card\" content=\"summary_large_image\" \/>\n<meta name=\"twitter:label1\" content=\"\u00c9crit par\" \/>\n\t<meta name=\"twitter:data1\" content=\"Simon Gr\u00f6flin\" \/>\n\t<meta name=\"twitter:label2\" content=\"Dur\u00e9e de lecture estim\u00e9e\" \/>\n\t<meta name=\"twitter:data2\" content=\"3 minutes\" \/>\n<script type=\"application\/ld+json\" class=\"yoast-schema-graph\">{\"@context\":\"https:\\\/\\\/schema.org\",\"@graph\":[{\"@type\":\"Article\",\"@id\":\"https:\\\/\\\/news.save.ch\\\/hartes-urteil-gegen-franzoesisch-israelischen-rohstoffhaendler\\\/#article\",\"isPartOf\":{\"@id\":\"https:\\\/\\\/news.save.ch\\\/hartes-urteil-gegen-franzoesisch-israelischen-rohstoffhaendler\\\/\"},\"author\":{\"name\":\"Simon Gr\u00f6flin\",\"@id\":\"https:\\\/\\\/news.save.ch\\\/de\\\/#\\\/schema\\\/person\\\/ad4ef21102fd6125312409ac57d5296d\"},\"headline\":\"Hartes Urteil gegen franz\u00f6sisch-israelischen Rohstoffh\u00e4ndler\",\"datePublished\":\"2021-01-25T08:23:50+00:00\",\"dateModified\":\"2023-08-05T03:45:42+00:00\",\"mainEntityOfPage\":{\"@id\":\"https:\\\/\\\/news.save.ch\\\/hartes-urteil-gegen-franzoesisch-israelischen-rohstoffhaendler\\\/\"},\"wordCount\":368,\"publisher\":{\"@id\":\"https:\\\/\\\/news.save.ch\\\/de\\\/#organization\"},\"image\":{\"@id\":\"https:\\\/\\\/news.save.ch\\\/hartes-urteil-gegen-franzoesisch-israelischen-rohstoffhaendler\\\/#primaryimage\"},\"thumbnailUrl\":\"https:\\\/\\\/news.save.ch\\\/wp-content\\\/uploads\\\/2021\\\/01\\\/Eisenerz_pixabay_teaser.jpg\",\"keywords\":[\"Beny Steinmetz\",\"Bestechung\",\"Korruption\",\"Public Eye\",\"Rohstoffe\",\"Rohstoffh\u00e4ndler\",\"Simandou\",\"Strafprozess\"],\"articleSection\":[\"ALLGEMEIN\"],\"inLanguage\":\"fr-FR\"},{\"@type\":\"WebPage\",\"@id\":\"https:\\\/\\\/news.save.ch\\\/hartes-urteil-gegen-franzoesisch-israelischen-rohstoffhaendler\\\/\",\"url\":\"https:\\\/\\\/news.save.ch\\\/hartes-urteil-gegen-franzoesisch-israelischen-rohstoffhaendler\\\/\",\"name\":\"Hartes Urteil gegen franz\u00f6sisch-israelischen Rohstoffh\u00e4ndler - Save\",\"isPartOf\":{\"@id\":\"https:\\\/\\\/news.save.ch\\\/de\\\/#website\"},\"primaryImageOfPage\":{\"@id\":\"https:\\\/\\\/news.save.ch\\\/hartes-urteil-gegen-franzoesisch-israelischen-rohstoffhaendler\\\/#primaryimage\"},\"image\":{\"@id\":\"https:\\\/\\\/news.save.ch\\\/hartes-urteil-gegen-franzoesisch-israelischen-rohstoffhaendler\\\/#primaryimage\"},\"thumbnailUrl\":\"https:\\\/\\\/news.save.ch\\\/wp-content\\\/uploads\\\/2021\\\/01\\\/Eisenerz_pixabay_teaser.jpg\",\"datePublished\":\"2021-01-25T08:23:50+00:00\",\"dateModified\":\"2023-08-05T03:45:42+00:00\",\"description\":\"Der Genfer Strafgerichtshof hat den Rohstoffh\u00e4ndler Beny Steinmetz zu einer Haftstrafe von f\u00fcnf Jahren verurteilt. Das Gericht erachtet es dabei als erwiesen, dass der 58-J\u00e4hrige n Afrika als T\u00fcr\u00f6ffner fungierte. Dabei wurde er zu einer Gef\u00e4ngnisstrafe von dreieinhalb Jahren und zu einer Kompensationszahlung von f\u00fcnf Millionen Franken verurteilt.\u00a0\",\"breadcrumb\":{\"@id\":\"https:\\\/\\\/news.save.ch\\\/hartes-urteil-gegen-franzoesisch-israelischen-rohstoffhaendler\\\/#breadcrumb\"},\"inLanguage\":\"fr-FR\",\"potentialAction\":[{\"@type\":\"ReadAction\",\"target\":[\"https:\\\/\\\/news.save.ch\\\/hartes-urteil-gegen-franzoesisch-israelischen-rohstoffhaendler\\\/\"]}]},{\"@type\":\"ImageObject\",\"inLanguage\":\"fr-FR\",\"@id\":\"https:\\\/\\\/news.save.ch\\\/hartes-urteil-gegen-franzoesisch-israelischen-rohstoffhaendler\\\/#primaryimage\",\"url\":\"https:\\\/\\\/news.save.ch\\\/wp-content\\\/uploads\\\/2021\\\/01\\\/Eisenerz_pixabay_teaser.jpg\",\"contentUrl\":\"https:\\\/\\\/news.save.ch\\\/wp-content\\\/uploads\\\/2021\\\/01\\\/Eisenerz_pixabay_teaser.jpg\",\"width\":960,\"height\":673,\"caption\":\"Pixabay\"},{\"@type\":\"BreadcrumbList\",\"@id\":\"https:\\\/\\\/news.save.ch\\\/hartes-urteil-gegen-franzoesisch-israelischen-rohstoffhaendler\\\/#breadcrumb\",\"itemListElement\":[{\"@type\":\"ListItem\",\"position\":1,\"name\":\"Home\",\"item\":\"https:\\\/\\\/news.save.ch\\\/de\\\/\"},{\"@type\":\"ListItem\",\"position\":2,\"name\":\"Hartes Urteil gegen franz\u00f6sisch-israelischen Rohstoffh\u00e4ndler\"}]},{\"@type\":\"WebSite\",\"@id\":\"https:\\\/\\\/news.save.ch\\\/de\\\/#website\",\"url\":\"https:\\\/\\\/news.save.ch\\\/de\\\/\",\"name\":\"Save\",\"description\":\"Schweizer Fachzeitschrift f\u00fcr Sicherheit\",\"publisher\":{\"@id\":\"https:\\\/\\\/news.save.ch\\\/de\\\/#organization\"},\"potentialAction\":[{\"@type\":\"SearchAction\",\"target\":{\"@type\":\"EntryPoint\",\"urlTemplate\":\"https:\\\/\\\/news.save.ch\\\/de\\\/?s={search_term_string}\"},\"query-input\":{\"@type\":\"PropertyValueSpecification\",\"valueRequired\":true,\"valueName\":\"search_term_string\"}}],\"inLanguage\":\"fr-FR\"},{\"@type\":\"Organization\",\"@id\":\"https:\\\/\\\/news.save.ch\\\/de\\\/#organization\",\"name\":\"Sicherheitsforum\",\"url\":\"https:\\\/\\\/news.save.ch\\\/de\\\/\",\"logo\":{\"@type\":\"ImageObject\",\"inLanguage\":\"fr-FR\",\"@id\":\"https:\\\/\\\/news.save.ch\\\/de\\\/#\\\/schema\\\/logo\\\/image\\\/\",\"url\":\"https:\\\/\\\/news.save.ch\\\/wp-content\\\/uploads\\\/2022\\\/06\\\/Logo_SF_2012.png\",\"contentUrl\":\"https:\\\/\\\/news.save.ch\\\/wp-content\\\/uploads\\\/2022\\\/06\\\/Logo_SF_2012.png\",\"width\":1100,\"height\":91,\"caption\":\"Sicherheitsforum\"},\"image\":{\"@id\":\"https:\\\/\\\/news.save.ch\\\/de\\\/#\\\/schema\\\/logo\\\/image\\\/\"}},{\"@type\":\"Person\",\"@id\":\"https:\\\/\\\/news.save.ch\\\/de\\\/#\\\/schema\\\/person\\\/ad4ef21102fd6125312409ac57d5296d\",\"name\":\"Simon Gr\u00f6flin\",\"image\":{\"@type\":\"ImageObject\",\"inLanguage\":\"fr-FR\",\"@id\":\"https:\\\/\\\/secure.gravatar.com\\\/avatar\\\/6ddceb80eb734354635539e0ea5140bb7c41e42de7c45c9a2ab9921b5d5c9a83?s=96&d=mm&r=g\",\"url\":\"https:\\\/\\\/secure.gravatar.com\\\/avatar\\\/6ddceb80eb734354635539e0ea5140bb7c41e42de7c45c9a2ab9921b5d5c9a83?s=96&d=mm&r=g\",\"contentUrl\":\"https:\\\/\\\/secure.gravatar.com\\\/avatar\\\/6ddceb80eb734354635539e0ea5140bb7c41e42de7c45c9a2ab9921b5d5c9a83?s=96&d=mm&r=g\",\"caption\":\"Simon Gr\u00f6flin\"},\"url\":\"https:\\\/\\\/news.save.ch\\\/fr\\\/author\\\/simon-groeflin\\\/\"}]}<\/script>\n<!-- \/ Yoast SEO plugin. -->","yoast_head_json":{"title":"Un jugement s\u00e9v\u00e8re contre un n\u00e9gociant en mati\u00e8res premi\u00e8res franco-isra\u00e9lien - Save","description":"Le Tribunal p\u00e9nal de Gen\u00e8ve a condamn\u00e9 le n\u00e9gociant en mati\u00e8res premi\u00e8res Beny Steinmetz \u00e0 une peine de cinq ans de prison. Le tribunal estime qu'il est prouv\u00e9 que cet homme de 58 ans a servi d'ouvreur de portes en Afrique. Il a \u00e9t\u00e9 condamn\u00e9 \u00e0 une peine de trois ans et demi de prison et au paiement d'une compensation de cinq millions de francs.\u00a0","robots":{"index":"index","follow":"follow","max-snippet":"max-snippet:-1","max-image-preview":"max-image-preview:large","max-video-preview":"max-video-preview:-1"},"canonical":"https:\/\/news.save.ch\/fr\/hartes-urteil-gegen-franzoesisch-israelischen-rohstoffhaendler\/","og_locale":"fr_FR","og_type":"article","og_title":"Hartes Urteil gegen franz\u00f6sisch-israelischen Rohstoffh\u00e4ndler - Save","og_description":"Der Genfer Strafgerichtshof hat den Rohstoffh\u00e4ndler Beny Steinmetz zu einer Haftstrafe von f\u00fcnf Jahren verurteilt. Das Gericht erachtet es dabei als erwiesen, dass der 58-J\u00e4hrige n Afrika als T\u00fcr\u00f6ffner fungierte. Dabei wurde er zu einer Gef\u00e4ngnisstrafe von dreieinhalb Jahren und zu einer Kompensationszahlung von f\u00fcnf Millionen Franken verurteilt.\u00a0","og_url":"https:\/\/news.save.ch\/fr\/hartes-urteil-gegen-franzoesisch-israelischen-rohstoffhaendler\/","og_site_name":"Save","article_published_time":"2021-01-25T08:23:50+00:00","article_modified_time":"2023-08-05T03:45:42+00:00","og_image":[{"width":960,"height":673,"url":"https:\/\/news.save.ch\/wp-content\/uploads\/2021\/01\/Eisenerz_pixabay_teaser.jpg","type":"image\/jpeg"}],"author":"Simon Gr\u00f6flin","twitter_card":"summary_large_image","twitter_misc":{"\u00c9crit par":"Simon Gr\u00f6flin","Dur\u00e9e de lecture estim\u00e9e":"3 minutes"},"schema":{"@context":"https:\/\/schema.org","@graph":[{"@type":"Article","@id":"https:\/\/news.save.ch\/hartes-urteil-gegen-franzoesisch-israelischen-rohstoffhaendler\/#article","isPartOf":{"@id":"https:\/\/news.save.ch\/hartes-urteil-gegen-franzoesisch-israelischen-rohstoffhaendler\/"},"author":{"name":"Simon Gr\u00f6flin","@id":"https:\/\/news.save.ch\/de\/#\/schema\/person\/ad4ef21102fd6125312409ac57d5296d"},"headline":"Hartes Urteil gegen franz\u00f6sisch-israelischen Rohstoffh\u00e4ndler","datePublished":"2021-01-25T08:23:50+00:00","dateModified":"2023-08-05T03:45:42+00:00","mainEntityOfPage":{"@id":"https:\/\/news.save.ch\/hartes-urteil-gegen-franzoesisch-israelischen-rohstoffhaendler\/"},"wordCount":368,"publisher":{"@id":"https:\/\/news.save.ch\/de\/#organization"},"image":{"@id":"https:\/\/news.save.ch\/hartes-urteil-gegen-franzoesisch-israelischen-rohstoffhaendler\/#primaryimage"},"thumbnailUrl":"https:\/\/news.save.ch\/wp-content\/uploads\/2021\/01\/Eisenerz_pixabay_teaser.jpg","keywords":["Beny Steinmetz","Bestechung","Korruption","Public Eye","Rohstoffe","Rohstoffh\u00e4ndler","Simandou","Strafprozess"],"articleSection":["ALLGEMEIN"],"inLanguage":"fr-FR"},{"@type":"WebPage","@id":"https:\/\/news.save.ch\/hartes-urteil-gegen-franzoesisch-israelischen-rohstoffhaendler\/","url":"https:\/\/news.save.ch\/hartes-urteil-gegen-franzoesisch-israelischen-rohstoffhaendler\/","name":"Un jugement s\u00e9v\u00e8re contre un n\u00e9gociant en mati\u00e8res premi\u00e8res franco-isra\u00e9lien - Save","isPartOf":{"@id":"https:\/\/news.save.ch\/de\/#website"},"primaryImageOfPage":{"@id":"https:\/\/news.save.ch\/hartes-urteil-gegen-franzoesisch-israelischen-rohstoffhaendler\/#primaryimage"},"image":{"@id":"https:\/\/news.save.ch\/hartes-urteil-gegen-franzoesisch-israelischen-rohstoffhaendler\/#primaryimage"},"thumbnailUrl":"https:\/\/news.save.ch\/wp-content\/uploads\/2021\/01\/Eisenerz_pixabay_teaser.jpg","datePublished":"2021-01-25T08:23:50+00:00","dateModified":"2023-08-05T03:45:42+00:00","description":"Le Tribunal p\u00e9nal de Gen\u00e8ve a condamn\u00e9 le n\u00e9gociant en mati\u00e8res premi\u00e8res Beny Steinmetz \u00e0 une peine de cinq ans de prison. Le tribunal estime qu'il est prouv\u00e9 que cet homme de 58 ans a servi d'ouvreur de portes en Afrique. Il a \u00e9t\u00e9 condamn\u00e9 \u00e0 une peine de trois ans et demi de prison et au paiement d'une compensation de cinq millions de francs.\u00a0","breadcrumb":{"@id":"https:\/\/news.save.ch\/hartes-urteil-gegen-franzoesisch-israelischen-rohstoffhaendler\/#breadcrumb"},"inLanguage":"fr-FR","potentialAction":[{"@type":"ReadAction","target":["https:\/\/news.save.ch\/hartes-urteil-gegen-franzoesisch-israelischen-rohstoffhaendler\/"]}]},{"@type":"ImageObject","inLanguage":"fr-FR","@id":"https:\/\/news.save.ch\/hartes-urteil-gegen-franzoesisch-israelischen-rohstoffhaendler\/#primaryimage","url":"https:\/\/news.save.ch\/wp-content\/uploads\/2021\/01\/Eisenerz_pixabay_teaser.jpg","contentUrl":"https:\/\/news.save.ch\/wp-content\/uploads\/2021\/01\/Eisenerz_pixabay_teaser.jpg","width":960,"height":673,"caption":"Pixabay"},{"@type":"BreadcrumbList","@id":"https:\/\/news.save.ch\/hartes-urteil-gegen-franzoesisch-israelischen-rohstoffhaendler\/#breadcrumb","itemListElement":[{"@type":"ListItem","position":1,"name":"Home","item":"https:\/\/news.save.ch\/de\/"},{"@type":"ListItem","position":2,"name":"Hartes Urteil gegen franz\u00f6sisch-israelischen Rohstoffh\u00e4ndler"}]},{"@type":"WebSite","@id":"https:\/\/news.save.ch\/de\/#website","url":"https:\/\/news.save.ch\/de\/","name":"Save","description":"Revue suisse sp\u00e9cialis\u00e9e dans la s\u00e9curit\u00e9","publisher":{"@id":"https:\/\/news.save.ch\/de\/#organization"},"potentialAction":[{"@type":"SearchAction","target":{"@type":"EntryPoint","urlTemplate":"https:\/\/news.save.ch\/de\/?s={search_term_string}"},"query-input":{"@type":"PropertyValueSpecification","valueRequired":true,"valueName":"search_term_string"}}],"inLanguage":"fr-FR"},{"@type":"Organization","@id":"https:\/\/news.save.ch\/de\/#organization","name":"Forum sur la s\u00e9curit\u00e9","url":"https:\/\/news.save.ch\/de\/","logo":{"@type":"ImageObject","inLanguage":"fr-FR","@id":"https:\/\/news.save.ch\/de\/#\/schema\/logo\/image\/","url":"https:\/\/news.save.ch\/wp-content\/uploads\/2022\/06\/Logo_SF_2012.png","contentUrl":"https:\/\/news.save.ch\/wp-content\/uploads\/2022\/06\/Logo_SF_2012.png","width":1100,"height":91,"caption":"Sicherheitsforum"},"image":{"@id":"https:\/\/news.save.ch\/de\/#\/schema\/logo\/image\/"}},{"@type":"Person","@id":"https:\/\/news.save.ch\/de\/#\/schema\/person\/ad4ef21102fd6125312409ac57d5296d","name":"Simon Gr\u00f6flin","image":{"@type":"ImageObject","inLanguage":"fr-FR","@id":"https:\/\/secure.gravatar.com\/avatar\/6ddceb80eb734354635539e0ea5140bb7c41e42de7c45c9a2ab9921b5d5c9a83?s=96&d=mm&r=g","url":"https:\/\/secure.gravatar.com\/avatar\/6ddceb80eb734354635539e0ea5140bb7c41e42de7c45c9a2ab9921b5d5c9a83?s=96&d=mm&r=g","contentUrl":"https:\/\/secure.gravatar.com\/avatar\/6ddceb80eb734354635539e0ea5140bb7c41e42de7c45c9a2ab9921b5d5c9a83?s=96&d=mm&r=g","caption":"Simon Gr\u00f6flin"},"url":"https:\/\/news.save.ch\/fr\/author\/simon-groeflin\/"}]}},"_links":{"self":[{"href":"https:\/\/news.save.ch\/fr\/wp-json\/wp\/v2\/posts\/6627","targetHints":{"allow":["GET"]}}],"collection":[{"href":"https:\/\/news.save.ch\/fr\/wp-json\/wp\/v2\/posts"}],"about":[{"href":"https:\/\/news.save.ch\/fr\/wp-json\/wp\/v2\/types\/post"}],"author":[{"embeddable":true,"href":"https:\/\/news.save.ch\/fr\/wp-json\/wp\/v2\/users\/9"}],"replies":[{"embeddable":true,"href":"https:\/\/news.save.ch\/fr\/wp-json\/wp\/v2\/comments?post=6627"}],"version-history":[{"count":1,"href":"https:\/\/news.save.ch\/fr\/wp-json\/wp\/v2\/posts\/6627\/revisions"}],"predecessor-version":[{"id":21235,"href":"https:\/\/news.save.ch\/fr\/wp-json\/wp\/v2\/posts\/6627\/revisions\/21235"}],"wp:featuredmedia":[{"embeddable":true,"href":"https:\/\/news.save.ch\/fr\/wp-json\/wp\/v2\/media\/16414"}],"wp:attachment":[{"href":"https:\/\/news.save.ch\/fr\/wp-json\/wp\/v2\/media?parent=6627"}],"wp:term":[{"taxonomy":"category","embeddable":true,"href":"https:\/\/news.save.ch\/fr\/wp-json\/wp\/v2\/categories?post=6627"},{"taxonomy":"post_tag","embeddable":true,"href":"https:\/\/news.save.ch\/fr\/wp-json\/wp\/v2\/tags?post=6627"}],"curies":[{"name":"wp","href":"https:\/\/api.w.org\/{rel}","templated":true}]}}