{"id":6662,"date":"2018-08-09T14:14:59","date_gmt":"2018-08-09T12:14:59","guid":{"rendered":"https:\/\/news.save.ch\/?p=6662"},"modified":"2018-08-09T14:14:59","modified_gmt":"2018-08-09T12:14:59","slug":"die-einhausung-wird-mit-bim-realisiert","status":null,"type":"post","link":"https:\/\/news.save.ch\/fr\/die-einhausung-wird-mit-bim-realisiert\/","title":{"rendered":"Le confinement est r\u00e9alis\u00e9 avec BIM"},"content":{"rendered":"<figure id=\"attachment_6663\" aria-describedby=\"caption-attachment-6663\" style=\"width: 680px\" class=\"wp-caption aligncenter\"><img loading=\"lazy\" decoding=\"async\" class=\"size-medium wp-image-6663\" src=\"https:\/\/news.save.ch\/wp-content\/uploads\/2018\/07\/26-Bild-2-Einhausung_Schwamendingen.jpg\" alt=\"\" width=\"680\" height=\"453\" srcset=\"https:\/\/news.save.ch\/wp-content\/uploads\/2018\/07\/26-Bild-2-Einhausung_Schwamendingen.jpg 930w, https:\/\/news.save.ch\/wp-content\/uploads\/2018\/07\/26-Bild-2-Einhausung_Schwamendingen-375x250.jpg 375w\" sizes=\"auto, (max-width: 680px) 100vw, 680px\" \/><figcaption id=\"caption-attachment-6663\" class=\"wp-caption-text\">\u00a9 Office f\u00e9d\u00e9ral des routes Astra - Image : Raumgleiter GmbH<\/figcaption><\/figure>\n<p>&nbsp;<\/p>\n<p>Cet exemple montre \u00e9galement que le Building Information Modeling (BIM) est de plus en plus utilis\u00e9 : l'Office f\u00e9d\u00e9ral des routes (Astra) a attribu\u00e9 au consortium (Arge) EHS le mandat pour le gros \u0153uvre de l'encaissement de l'A1 \u00e0 Zurich-Schwamendingen, d'une valeur d'environ 200 millions de francs. Le groupement est compos\u00e9 des quatre partenaires Implenia, Marti Bauunternehmung, Walo Bertschinger et Anliker. Le lot principal comprend entre autres les travaux de g\u00e9nie civil sp\u00e9cial, de terrassement, de rev\u00eatement, de b\u00e9ton, de remise en \u00e9tat et de conduites industrielles n\u00e9cessaires au gros \u0153uvre. Le consortium a d\u00e9j\u00e0 utilis\u00e9 la m\u00e9thode BIM lors de la phase de soumission. Mais le BIM sera \u00e9galement utilis\u00e9 lors de l'ex\u00e9cution, ce qui est une nouveaut\u00e9 dans la construction d'infrastructures en Suisse, \u00e9crit Implenia. Les travaux de construction d\u00e9buteront au printemps 2019 et dureront jusqu'en 2024. Une enveloppe sera ainsi cr\u00e9\u00e9e en tranch\u00e9e couverte pour l'entr\u00e9e dans la ville via l'autoroute Zurich Nord.<\/p>\n<p>Avec la <a href=\"https:\/\/www.einhausung.ch\">Confinement<\/a> de la route nationale N01\/40 entre l'\u00e9changeur d'Aubrugg et le tunnel de Sch\u00f6neich, sur une longueur de pr\u00e8s d'un kilom\u00e8tre, un b\u00e2timent utilitaire d'une trentaine de m\u00e8tres de large, unique en Suisse, sera cr\u00e9\u00e9. Un espace vert et de rencontre continu sur le toit de la construction, le futur parc interurbain, sera accessible \u00e0 la population du quartier par des rampes, des escaliers et des ascenseurs. L'enclos doit relier \u00e0 nouveau le quartier divis\u00e9, \u00e0 l'instar d'un passage \u00e0 faune, et devenir par-dessus le march\u00e9 une zone de d\u00e9tente.<\/p>\n<p><strong>Congr\u00e8s BIM<\/strong><\/p>\n<p>C'est la troisi\u00e8me fois d\u00e9j\u00e0 que \"Construire en Suisse\" organise le concours \"Construire en Suisse\". <a href=\"https:\/\/www.bauen-digital.ch\">Congr\u00e8s BIM<\/a> de l'ann\u00e9e prochaine. Il aura lieu les 8 et 9 novembre au Congress Center Basel. La nouveaut\u00e9 de cette ann\u00e9e : l'\u00e9quipe de Swissbau apportera son exp\u00e9rience \u00e0 l'organisation de la manifestation. Markus Weber, pr\u00e9sident de \"Construire en num\u00e9rique Suisse\", s'exprime \u00e0 ce sujet : \"La Swissbau 2018 avait d\u00e9j\u00e0 montr\u00e9, gr\u00e2ce \u00e0 l'Innovation Lab, que le BIM \u00e9tait arriv\u00e9 dans le secteur suisse de la construction\".<\/p>\n<p>Lors de cette manifestation de deux jours - avec congr\u00e8s, camp, Award et exposition - les th\u00e8mes actuels concernant la transformation num\u00e9rique du secteur de la construction seront discut\u00e9s avec des experts de la branche. Le premier jour aura lieu le congr\u00e8s avec l'Arc-Award BIM, qui pr\u00e9sentera les meilleurs projets BIM de Suisse. Lors du symposium du 8 novembre, les d\u00e9cideurs \u00e9conomiques et politiques rencontreront des experts de premier plan et d\u00e9finiront les prochaines \u00e9tapes de la num\u00e9risation du secteur suisse de la construction et de l'immobilier. Les th\u00e8mes suivants seront au centre des d\u00e9bats :<\/p>\n<ul>\n<li>Disruption : quelles sont les innovations qui nous attendent et comment le secteur de la construction se transforme-t-il ?<\/li>\n<li>Plan de num\u00e9risation par \u00e9tapes : quelles sont les conditions-cadres n\u00e9cessaires pour acc\u00e9l\u00e9rer la transition num\u00e9rique ?<\/li>\n<li>Best Practice Suisse : Comment les entreprises performantes g\u00e8rent-elles le changement num\u00e9rique ?<\/li>\n<\/ul>\n<p>Le deuxi\u00e8me jour, le 9 novembre, sera consacr\u00e9 au BIM-Camp : Le BIM en tant que m\u00e9thode d'application y est mis en avant. Des sp\u00e9cialistes suisses montreront en direct, \u00e0 l'aide de projets r\u00e9els, comment ils travaillent aujourd'hui et montreront les opportunit\u00e9s et les d\u00e9fis dans la pratique.<\/p>\n<p><em>Un article d\u00e9taill\u00e9 sur la mani\u00e8re d'impl\u00e9menter la m\u00e9thode BIM dans l'entreprise sera publi\u00e9 dans le prochain num\u00e9ro de la revue. <a href=\"https:\/\/news.save.ch\/fr\/sicherheitsforum\/\">Forum sur la s\u00e9curit\u00e9<\/a> \u00e0 lire sur<\/em>.<\/p>\n<p>&nbsp;<\/p>","protected":false},"excerpt":{"rendered":"<p>&nbsp; Dass Building Information Modeling (BIM) vermehrt angewendet wird, zeigt auch dieses Beispiel: Das Bundesamt f\u00fcr Strassen (Astra) hat den Auftrag f\u00fcr den Rohbau der Einhausung der A1 in Z\u00fcrich-Schwamendingen im Wert von rund 200 Mio. Franken an die Arbeitsgemeinschaft (Arge) EHS vergeben. Die Arge besteht aus den vier Partnern Implenia, Marti Bauunternehmung, Walo Bertschinger [&hellip;]<\/p>\n","protected":false},"author":8,"featured_media":6663,"comment_status":"open","ping_status":"open","sticky":false,"template":"","format":"standard","meta":{"_acf_changed":false,"pgc_sgb_lightbox_settings":"","footnotes":""},"categories":[1],"tags":[354,161],"class_list":["post-6662","post","type-post","status-publish","format-standard","has-post-thumbnail","hentry","category-allgemein","tag-bauforum","tag-bim"],"acf":[],"hkrextid":null,"publication":null,"issue":null,"workflow":null,"startPage":null,"spitzmarke":null,"_posts_by_tag_page_fields":{"widget_title":"","widget_tags":""},"_at_widget":"1","_yoast_wpseo_primary_category":"1","_yoast_wpseo_focuskw_text_input":"BIM","_yoast_wpseo_opengraph-image":null,"_yoast_wpseo_opengraph-description":null,"_yoast_wpseo_opengraph-title":null,"enclosure":null,"_yoast_wpseo_twitter-title":null,"_yoast_wpseo_twitter-description":null,"_yoast_wpseo_twitter-image":null,"_wp_old_slug":null,"_yoast_wpseo_title":null,"_yoast_wpseo_canonical":null,"yoast_head":"<!-- This site is optimized with the Yoast SEO plugin v27.4 - https:\/\/yoast.com\/product\/yoast-seo-wordpress\/ -->\n<title>Die Einhausung wird mit BIM realisiert - Save<\/title>\n<meta name=\"description\" content=\"BIM hat die Planungs- und Baubranche der Schweiz erfasst. Davon zeugen diverse Projekte wie etwa die Einhausung in Z\u00fcrich-Schwamendingen.\" \/>\n<meta name=\"robots\" content=\"index, follow, max-snippet:-1, max-image-preview:large, max-video-preview:-1\" \/>\n<link rel=\"canonical\" href=\"https:\/\/news.save.ch\/fr\/die-einhausung-wird-mit-bim-realisiert\/\" \/>\n<meta property=\"og:locale\" content=\"fr_FR\" \/>\n<meta property=\"og:type\" content=\"article\" \/>\n<meta property=\"og:title\" content=\"Die Einhausung wird mit BIM realisiert - Save\" \/>\n<meta property=\"og:description\" content=\"BIM hat die Planungs- und Baubranche der Schweiz erfasst. Davon zeugen diverse Projekte wie etwa die Einhausung in Z\u00fcrich-Schwamendingen.\" \/>\n<meta property=\"og:url\" content=\"https:\/\/news.save.ch\/fr\/die-einhausung-wird-mit-bim-realisiert\/\" \/>\n<meta property=\"og:site_name\" content=\"Save\" \/>\n<meta property=\"article:published_time\" content=\"2018-08-09T12:14:59+00:00\" \/>\n<meta property=\"og:image\" content=\"https:\/\/news.save.ch\/wp-content\/uploads\/2018\/07\/26-Bild-2-Einhausung_Schwamendingen.jpg\" \/>\n\t<meta property=\"og:image:width\" content=\"930\" \/>\n\t<meta property=\"og:image:height\" content=\"620\" \/>\n\t<meta property=\"og:image:type\" content=\"image\/jpeg\" \/>\n<meta name=\"author\" content=\"Roger Str\u00e4ssle\" \/>\n<meta name=\"twitter:card\" content=\"summary_large_image\" \/>\n<meta name=\"twitter:label1\" content=\"\u00c9crit par\" \/>\n\t<meta name=\"twitter:data1\" content=\"Roger Str\u00e4ssle\" \/>\n\t<meta name=\"twitter:label2\" content=\"Dur\u00e9e de lecture estim\u00e9e\" \/>\n\t<meta name=\"twitter:data2\" content=\"2 minutes\" \/>\n<script type=\"application\/ld+json\" class=\"yoast-schema-graph\">{\"@context\":\"https:\\\/\\\/schema.org\",\"@graph\":[{\"@type\":\"Article\",\"@id\":\"https:\\\/\\\/news.save.ch\\\/die-einhausung-wird-mit-bim-realisiert\\\/#article\",\"isPartOf\":{\"@id\":\"https:\\\/\\\/news.save.ch\\\/die-einhausung-wird-mit-bim-realisiert\\\/\"},\"author\":{\"name\":\"Roger Str\u00e4ssle\",\"@id\":\"https:\\\/\\\/news.save.ch\\\/de\\\/#\\\/schema\\\/person\\\/d5022db048e0e2b9785c50e5b24da5aa\"},\"headline\":\"Die Einhausung wird mit BIM realisiert\",\"datePublished\":\"2018-08-09T12:14:59+00:00\",\"mainEntityOfPage\":{\"@id\":\"https:\\\/\\\/news.save.ch\\\/die-einhausung-wird-mit-bim-realisiert\\\/\"},\"wordCount\":468,\"commentCount\":0,\"publisher\":{\"@id\":\"https:\\\/\\\/news.save.ch\\\/de\\\/#organization\"},\"image\":{\"@id\":\"https:\\\/\\\/news.save.ch\\\/die-einhausung-wird-mit-bim-realisiert\\\/#primaryimage\"},\"thumbnailUrl\":\"https:\\\/\\\/news.save.ch\\\/wp-content\\\/uploads\\\/2018\\\/07\\\/26-Bild-2-Einhausung_Schwamendingen.jpg\",\"keywords\":[\"Bauforum\",\"BIM\"],\"articleSection\":[\"ALLGEMEIN\"],\"inLanguage\":\"fr-FR\"},{\"@type\":\"WebPage\",\"@id\":\"https:\\\/\\\/news.save.ch\\\/die-einhausung-wird-mit-bim-realisiert\\\/\",\"url\":\"https:\\\/\\\/news.save.ch\\\/die-einhausung-wird-mit-bim-realisiert\\\/\",\"name\":\"Die Einhausung wird mit BIM realisiert - Save\",\"isPartOf\":{\"@id\":\"https:\\\/\\\/news.save.ch\\\/de\\\/#website\"},\"primaryImageOfPage\":{\"@id\":\"https:\\\/\\\/news.save.ch\\\/die-einhausung-wird-mit-bim-realisiert\\\/#primaryimage\"},\"image\":{\"@id\":\"https:\\\/\\\/news.save.ch\\\/die-einhausung-wird-mit-bim-realisiert\\\/#primaryimage\"},\"thumbnailUrl\":\"https:\\\/\\\/news.save.ch\\\/wp-content\\\/uploads\\\/2018\\\/07\\\/26-Bild-2-Einhausung_Schwamendingen.jpg\",\"datePublished\":\"2018-08-09T12:14:59+00:00\",\"description\":\"BIM hat die Planungs- und Baubranche der Schweiz erfasst. Davon zeugen diverse Projekte wie etwa die Einhausung in Z\u00fcrich-Schwamendingen.\",\"breadcrumb\":{\"@id\":\"https:\\\/\\\/news.save.ch\\\/die-einhausung-wird-mit-bim-realisiert\\\/#breadcrumb\"},\"inLanguage\":\"fr-FR\",\"potentialAction\":[{\"@type\":\"ReadAction\",\"target\":[\"https:\\\/\\\/news.save.ch\\\/die-einhausung-wird-mit-bim-realisiert\\\/\"]}]},{\"@type\":\"ImageObject\",\"inLanguage\":\"fr-FR\",\"@id\":\"https:\\\/\\\/news.save.ch\\\/die-einhausung-wird-mit-bim-realisiert\\\/#primaryimage\",\"url\":\"https:\\\/\\\/news.save.ch\\\/wp-content\\\/uploads\\\/2018\\\/07\\\/26-Bild-2-Einhausung_Schwamendingen.jpg\",\"contentUrl\":\"https:\\\/\\\/news.save.ch\\\/wp-content\\\/uploads\\\/2018\\\/07\\\/26-Bild-2-Einhausung_Schwamendingen.jpg\",\"width\":930,\"height\":620,\"caption\":\"\u00a9 Bundesamt f\u00fcr Strassen Astra \u2013 Bild: Raumgleiter GmbH\"},{\"@type\":\"BreadcrumbList\",\"@id\":\"https:\\\/\\\/news.save.ch\\\/die-einhausung-wird-mit-bim-realisiert\\\/#breadcrumb\",\"itemListElement\":[{\"@type\":\"ListItem\",\"position\":1,\"name\":\"Home\",\"item\":\"https:\\\/\\\/news.save.ch\\\/de\\\/\"},{\"@type\":\"ListItem\",\"position\":2,\"name\":\"Die Einhausung wird mit BIM realisiert\"}]},{\"@type\":\"WebSite\",\"@id\":\"https:\\\/\\\/news.save.ch\\\/de\\\/#website\",\"url\":\"https:\\\/\\\/news.save.ch\\\/de\\\/\",\"name\":\"Save\",\"description\":\"Schweizer Fachzeitschrift f\u00fcr Sicherheit\",\"publisher\":{\"@id\":\"https:\\\/\\\/news.save.ch\\\/de\\\/#organization\"},\"potentialAction\":[{\"@type\":\"SearchAction\",\"target\":{\"@type\":\"EntryPoint\",\"urlTemplate\":\"https:\\\/\\\/news.save.ch\\\/de\\\/?s={search_term_string}\"},\"query-input\":{\"@type\":\"PropertyValueSpecification\",\"valueRequired\":true,\"valueName\":\"search_term_string\"}}],\"inLanguage\":\"fr-FR\"},{\"@type\":\"Organization\",\"@id\":\"https:\\\/\\\/news.save.ch\\\/de\\\/#organization\",\"name\":\"Sicherheitsforum\",\"url\":\"https:\\\/\\\/news.save.ch\\\/de\\\/\",\"logo\":{\"@type\":\"ImageObject\",\"inLanguage\":\"fr-FR\",\"@id\":\"https:\\\/\\\/news.save.ch\\\/de\\\/#\\\/schema\\\/logo\\\/image\\\/\",\"url\":\"https:\\\/\\\/news.save.ch\\\/wp-content\\\/uploads\\\/2022\\\/06\\\/Logo_SF_2012.png\",\"contentUrl\":\"https:\\\/\\\/news.save.ch\\\/wp-content\\\/uploads\\\/2022\\\/06\\\/Logo_SF_2012.png\",\"width\":1100,\"height\":91,\"caption\":\"Sicherheitsforum\"},\"image\":{\"@id\":\"https:\\\/\\\/news.save.ch\\\/de\\\/#\\\/schema\\\/logo\\\/image\\\/\"}},{\"@type\":\"Person\",\"@id\":\"https:\\\/\\\/news.save.ch\\\/de\\\/#\\\/schema\\\/person\\\/d5022db048e0e2b9785c50e5b24da5aa\",\"name\":\"Roger Str\u00e4ssle\",\"image\":{\"@type\":\"ImageObject\",\"inLanguage\":\"fr-FR\",\"@id\":\"https:\\\/\\\/secure.gravatar.com\\\/avatar\\\/862a5569d087de48e5856e32f45d719a03804c891d6deb8d4f71a660e79e4a47?s=96&d=mm&r=g\",\"url\":\"https:\\\/\\\/secure.gravatar.com\\\/avatar\\\/862a5569d087de48e5856e32f45d719a03804c891d6deb8d4f71a660e79e4a47?s=96&d=mm&r=g\",\"contentUrl\":\"https:\\\/\\\/secure.gravatar.com\\\/avatar\\\/862a5569d087de48e5856e32f45d719a03804c891d6deb8d4f71a660e79e4a47?s=96&d=mm&r=g\",\"caption\":\"Roger Str\u00e4ssle\"},\"url\":\"https:\\\/\\\/news.save.ch\\\/fr\\\/author\\\/roger-straessle\\\/\"}]}<\/script>\n<!-- \/ Yoast SEO plugin. -->","yoast_head_json":{"title":"Le confinement est r\u00e9alis\u00e9 avec BIM - Save","description":"Le BIM a envahi le secteur de la planification et de la construction en Suisse. Divers projets en t\u00e9moignent, comme l'enclos de Zurich-Schwamendingen.","robots":{"index":"index","follow":"follow","max-snippet":"max-snippet:-1","max-image-preview":"max-image-preview:large","max-video-preview":"max-video-preview:-1"},"canonical":"https:\/\/news.save.ch\/fr\/die-einhausung-wird-mit-bim-realisiert\/","og_locale":"fr_FR","og_type":"article","og_title":"Die Einhausung wird mit BIM realisiert - Save","og_description":"BIM hat die Planungs- und Baubranche der Schweiz erfasst. Davon zeugen diverse Projekte wie etwa die Einhausung in Z\u00fcrich-Schwamendingen.","og_url":"https:\/\/news.save.ch\/fr\/die-einhausung-wird-mit-bim-realisiert\/","og_site_name":"Save","article_published_time":"2018-08-09T12:14:59+00:00","og_image":[{"width":930,"height":620,"url":"https:\/\/news.save.ch\/wp-content\/uploads\/2018\/07\/26-Bild-2-Einhausung_Schwamendingen.jpg","type":"image\/jpeg"}],"author":"Roger Str\u00e4ssle","twitter_card":"summary_large_image","twitter_misc":{"\u00c9crit par":"Roger Str\u00e4ssle","Dur\u00e9e de lecture estim\u00e9e":"2 minutes"},"schema":{"@context":"https:\/\/schema.org","@graph":[{"@type":"Article","@id":"https:\/\/news.save.ch\/die-einhausung-wird-mit-bim-realisiert\/#article","isPartOf":{"@id":"https:\/\/news.save.ch\/die-einhausung-wird-mit-bim-realisiert\/"},"author":{"name":"Roger Str\u00e4ssle","@id":"https:\/\/news.save.ch\/de\/#\/schema\/person\/d5022db048e0e2b9785c50e5b24da5aa"},"headline":"Die Einhausung wird mit BIM realisiert","datePublished":"2018-08-09T12:14:59+00:00","mainEntityOfPage":{"@id":"https:\/\/news.save.ch\/die-einhausung-wird-mit-bim-realisiert\/"},"wordCount":468,"commentCount":0,"publisher":{"@id":"https:\/\/news.save.ch\/de\/#organization"},"image":{"@id":"https:\/\/news.save.ch\/die-einhausung-wird-mit-bim-realisiert\/#primaryimage"},"thumbnailUrl":"https:\/\/news.save.ch\/wp-content\/uploads\/2018\/07\/26-Bild-2-Einhausung_Schwamendingen.jpg","keywords":["Bauforum","BIM"],"articleSection":["ALLGEMEIN"],"inLanguage":"fr-FR"},{"@type":"WebPage","@id":"https:\/\/news.save.ch\/die-einhausung-wird-mit-bim-realisiert\/","url":"https:\/\/news.save.ch\/die-einhausung-wird-mit-bim-realisiert\/","name":"Le confinement est r\u00e9alis\u00e9 avec BIM - Save","isPartOf":{"@id":"https:\/\/news.save.ch\/de\/#website"},"primaryImageOfPage":{"@id":"https:\/\/news.save.ch\/die-einhausung-wird-mit-bim-realisiert\/#primaryimage"},"image":{"@id":"https:\/\/news.save.ch\/die-einhausung-wird-mit-bim-realisiert\/#primaryimage"},"thumbnailUrl":"https:\/\/news.save.ch\/wp-content\/uploads\/2018\/07\/26-Bild-2-Einhausung_Schwamendingen.jpg","datePublished":"2018-08-09T12:14:59+00:00","description":"Le BIM a envahi le secteur de la planification et de la construction en Suisse. Divers projets en t\u00e9moignent, comme l'enclos de Zurich-Schwamendingen.","breadcrumb":{"@id":"https:\/\/news.save.ch\/die-einhausung-wird-mit-bim-realisiert\/#breadcrumb"},"inLanguage":"fr-FR","potentialAction":[{"@type":"ReadAction","target":["https:\/\/news.save.ch\/die-einhausung-wird-mit-bim-realisiert\/"]}]},{"@type":"ImageObject","inLanguage":"fr-FR","@id":"https:\/\/news.save.ch\/die-einhausung-wird-mit-bim-realisiert\/#primaryimage","url":"https:\/\/news.save.ch\/wp-content\/uploads\/2018\/07\/26-Bild-2-Einhausung_Schwamendingen.jpg","contentUrl":"https:\/\/news.save.ch\/wp-content\/uploads\/2018\/07\/26-Bild-2-Einhausung_Schwamendingen.jpg","width":930,"height":620,"caption":"\u00a9 Bundesamt f\u00fcr Strassen Astra \u2013 Bild: Raumgleiter GmbH"},{"@type":"BreadcrumbList","@id":"https:\/\/news.save.ch\/die-einhausung-wird-mit-bim-realisiert\/#breadcrumb","itemListElement":[{"@type":"ListItem","position":1,"name":"Home","item":"https:\/\/news.save.ch\/de\/"},{"@type":"ListItem","position":2,"name":"Die Einhausung wird mit BIM realisiert"}]},{"@type":"WebSite","@id":"https:\/\/news.save.ch\/de\/#website","url":"https:\/\/news.save.ch\/de\/","name":"Save","description":"Revue suisse sp\u00e9cialis\u00e9e dans la s\u00e9curit\u00e9","publisher":{"@id":"https:\/\/news.save.ch\/de\/#organization"},"potentialAction":[{"@type":"SearchAction","target":{"@type":"EntryPoint","urlTemplate":"https:\/\/news.save.ch\/de\/?s={search_term_string}"},"query-input":{"@type":"PropertyValueSpecification","valueRequired":true,"valueName":"search_term_string"}}],"inLanguage":"fr-FR"},{"@type":"Organization","@id":"https:\/\/news.save.ch\/de\/#organization","name":"Forum sur la s\u00e9curit\u00e9","url":"https:\/\/news.save.ch\/de\/","logo":{"@type":"ImageObject","inLanguage":"fr-FR","@id":"https:\/\/news.save.ch\/de\/#\/schema\/logo\/image\/","url":"https:\/\/news.save.ch\/wp-content\/uploads\/2022\/06\/Logo_SF_2012.png","contentUrl":"https:\/\/news.save.ch\/wp-content\/uploads\/2022\/06\/Logo_SF_2012.png","width":1100,"height":91,"caption":"Sicherheitsforum"},"image":{"@id":"https:\/\/news.save.ch\/de\/#\/schema\/logo\/image\/"}},{"@type":"Person","@id":"https:\/\/news.save.ch\/de\/#\/schema\/person\/d5022db048e0e2b9785c50e5b24da5aa","name":"Roger Str\u00e4ssle","image":{"@type":"ImageObject","inLanguage":"fr-FR","@id":"https:\/\/secure.gravatar.com\/avatar\/862a5569d087de48e5856e32f45d719a03804c891d6deb8d4f71a660e79e4a47?s=96&d=mm&r=g","url":"https:\/\/secure.gravatar.com\/avatar\/862a5569d087de48e5856e32f45d719a03804c891d6deb8d4f71a660e79e4a47?s=96&d=mm&r=g","contentUrl":"https:\/\/secure.gravatar.com\/avatar\/862a5569d087de48e5856e32f45d719a03804c891d6deb8d4f71a660e79e4a47?s=96&d=mm&r=g","caption":"Roger Str\u00e4ssle"},"url":"https:\/\/news.save.ch\/fr\/author\/roger-straessle\/"}]}},"_links":{"self":[{"href":"https:\/\/news.save.ch\/fr\/wp-json\/wp\/v2\/posts\/6662","targetHints":{"allow":["GET"]}}],"collection":[{"href":"https:\/\/news.save.ch\/fr\/wp-json\/wp\/v2\/posts"}],"about":[{"href":"https:\/\/news.save.ch\/fr\/wp-json\/wp\/v2\/types\/post"}],"author":[{"embeddable":true,"href":"https:\/\/news.save.ch\/fr\/wp-json\/wp\/v2\/users\/8"}],"replies":[{"embeddable":true,"href":"https:\/\/news.save.ch\/fr\/wp-json\/wp\/v2\/comments?post=6662"}],"version-history":[{"count":0,"href":"https:\/\/news.save.ch\/fr\/wp-json\/wp\/v2\/posts\/6662\/revisions"}],"wp:featuredmedia":[{"embeddable":true,"href":"https:\/\/news.save.ch\/fr\/wp-json\/wp\/v2\/media\/6663"}],"wp:attachment":[{"href":"https:\/\/news.save.ch\/fr\/wp-json\/wp\/v2\/media?parent=6662"}],"wp:term":[{"taxonomy":"category","embeddable":true,"href":"https:\/\/news.save.ch\/fr\/wp-json\/wp\/v2\/categories?post=6662"},{"taxonomy":"post_tag","embeddable":true,"href":"https:\/\/news.save.ch\/fr\/wp-json\/wp\/v2\/tags?post=6662"}],"curies":[{"name":"wp","href":"https:\/\/api.w.org\/{rel}","templated":true}]}}