{"id":6748,"date":"2021-02-09T08:42:51","date_gmt":"2021-02-09T07:42:51","guid":{"rendered":"https:\/\/news.save.ch\/?p=6748"},"modified":"2023-08-16T05:22:03","modified_gmt":"2023-08-16T03:22:03","slug":"suva-erzielt-gutes-geschaeftsjahr-2020","status":null,"type":"post","link":"https:\/\/news.save.ch\/fr\/suva-erzielt-gutes-geschaeftsjahr-2020\/","title":{"rendered":"La Suva r\u00e9alise un bon exercice 2020"},"content":{"rendered":"<figure id=\"attachment_6779\" aria-describedby=\"caption-attachment-6779\" style=\"width: 680px\" class=\"wp-caption alignnone\"><img loading=\"lazy\" decoding=\"async\" class=\"wp-image-6779 size-medium\" src=\"https:\/\/news.save.ch\/wp-content\/uploads\/2021\/02\/Suva_rating_teaser-680x453.png\" alt=\"Exercice 2020\" width=\"680\" height=\"453\" srcset=\"https:\/\/news.save.ch\/wp-content\/uploads\/2021\/02\/Suva_rating_teaser-680x453.png 680w, https:\/\/news.save.ch\/wp-content\/uploads\/2021\/02\/Suva_rating_teaser-768x512.png 768w, https:\/\/news.save.ch\/wp-content\/uploads\/2021\/02\/Suva_rating_teaser-18x12.png 18w, https:\/\/news.save.ch\/wp-content\/uploads\/2021\/02\/Suva_rating_teaser-375x250.png 375w, https:\/\/news.save.ch\/wp-content\/uploads\/2021\/02\/Suva_rating_teaser-525x350.png 525w, https:\/\/news.save.ch\/wp-content\/uploads\/2021\/02\/Suva_rating_teaser.png 960w\" sizes=\"auto, (max-width: 680px) 100vw, 680px\" \/><figcaption id=\"caption-attachment-6779\" class=\"wp-caption-text\">Pixabay<\/figcaption><\/figure>\n<p>Malgr\u00e9 le lockdown des mois de janvier et f\u00e9vrier, la Suva a r\u00e9alis\u00e9 un bon r\u00e9sultat de placement de 5,1 pour cent pour 2020. Selon ses propres indications, elle a ainsi d\u00e9pass\u00e9 la moyenne des dix derni\u00e8res ann\u00e9es - de 4,5 pour cent. Selon le communiqu\u00e9, ce sont surtout les placements en actions, les placements alternatifs et les placements immobiliers qui ont contribu\u00e9 \u00e0 cette bonne performance. En 2020, la fortune de placement de la Suva est pass\u00e9e au total de 54 \u00e0 56 milliards de francs.<\/p>\n<p>\"Ces fonds sont affect\u00e9s\", explique Hubert Niggli, chef du d\u00e9partement Finances et membre de la direction de la Suva. \"Ils couvrent les provisions prescrites par la loi pour les quelque 82'000 rentes, pour les futurs frais de gu\u00e9rison et les indemnit\u00e9s journali\u00e8res ainsi que pour d'autres prestations d'assurance l\u00e9gales d\u00e9coulant d'accidents et de maladies professionnelles d\u00e9j\u00e0 survenus\".<\/p>\n<p>Les assur\u00e9s profiteraient de primes plus basses de provisions et de fonds propres exc\u00e9dentaires, explique-t-on \u00e0 la Suva. Depuis 2013, la place industrielle suisse a pu \u00eatre soulag\u00e9e d'environ un milliard de francs au total, selon l'assureur suisse.<\/p>\n<p>Gr\u00e2ce \u00e0 des recettes de primes assur\u00e9es, la Suva poursuit une strat\u00e9gie de placement \u00e0 long terme et peut investir une part importante de sa fortune en actions, en immobilier et en placements alternatifs. La strat\u00e9gie de placement de la Suva est la plus comparable \u00e0 celle des caisses de pension. Le Conseil de la Suva d\u00e9cidera de l'affectation du r\u00e9sultat annuel 2020 le 18 juin 2021.<\/p>\n<p><em>Source : Suva<\/em><\/p>","protected":false},"excerpt":{"rendered":"<p>Trotz Lockdown in den Monaten Januar und Februar erzielte die Suva f\u00fcr 2020 ein gutes Anlageergebnis von 5,1 Prozent. Damit lag sie laut eigenen Angaben \u00fcber dem Durchschnitt der letzten zehn Jahre \u2013 von 4,5 Prozent. Zu der guten Performance trugen laut der Mitteilung vor allem Aktien-, Alternativ- und Immobilienanlagen bei. Das Anlageverm\u00f6gen der Suva [&hellip;]<\/p>\n","protected":false},"author":9,"featured_media":6779,"comment_status":"closed","ping_status":"closed","sticky":false,"template":"","format":"standard","meta":{"_acf_changed":false,"pgc_sgb_lightbox_settings":"","footnotes":""},"categories":[1,3314],"tags":[5775,5776,6353,2704,5777,167],"class_list":["post-6748","post","type-post","status-publish","format-standard","has-post-thumbnail","hentry","category-allgemein","category-health-safety","tag-anlageergebnis","tag-anlagevermoegen","tag-geschaeftsjahr-2020","tag-praemien","tag-rueckstellungen","tag-suva"],"acf":[],"hkrextid":null,"publication":null,"issue":null,"workflow":null,"startPage":null,"spitzmarke":null,"_posts_by_tag_page_fields":{"widget_title":"","widget_tags":""},"_at_widget":"1","_yoast_wpseo_primary_category":"1","_yoast_wpseo_focuskw_text_input":null,"_yoast_wpseo_opengraph-image":null,"_yoast_wpseo_opengraph-description":null,"_yoast_wpseo_opengraph-title":null,"enclosure":null,"_yoast_wpseo_twitter-title":null,"_yoast_wpseo_twitter-description":null,"_yoast_wpseo_twitter-image":null,"_wp_old_slug":null,"_yoast_wpseo_title":null,"_yoast_wpseo_canonical":null,"yoast_head":"<!-- This site is optimized with the Yoast SEO plugin v27.5 - https:\/\/yoast.com\/product\/yoast-seo-wordpress\/ -->\n<title>Suva erzielt gutes Gesch\u00e4ftsjahr 2020 - Save<\/title>\n<meta name=\"description\" content=\"Auch die Suva blickt auf ein turbulentes Gesch\u00e4ftsjahr 2020 zur\u00fcck. Die Anlageperformance des gr\u00f6ssten Schweizer Unfallversicherers lag dennoch bei 5,1 Prozent. S\u00e4mtliche vorgegebene finanzielle Verpflichtungen seien vollumf\u00e4nglich abgedeckt.\" \/>\n<meta name=\"robots\" content=\"index, follow, max-snippet:-1, max-image-preview:large, max-video-preview:-1\" \/>\n<link rel=\"canonical\" href=\"https:\/\/news.save.ch\/fr\/suva-erzielt-gutes-geschaeftsjahr-2020\/\" \/>\n<meta property=\"og:locale\" content=\"fr_FR\" \/>\n<meta property=\"og:type\" content=\"article\" \/>\n<meta property=\"og:title\" content=\"Suva erzielt gutes Gesch\u00e4ftsjahr 2020 - Save\" \/>\n<meta property=\"og:description\" content=\"Auch die Suva blickt auf ein turbulentes Gesch\u00e4ftsjahr 2020 zur\u00fcck. Die Anlageperformance des gr\u00f6ssten Schweizer Unfallversicherers lag dennoch bei 5,1 Prozent. S\u00e4mtliche vorgegebene finanzielle Verpflichtungen seien vollumf\u00e4nglich abgedeckt.\" \/>\n<meta property=\"og:url\" content=\"https:\/\/news.save.ch\/fr\/suva-erzielt-gutes-geschaeftsjahr-2020\/\" \/>\n<meta property=\"og:site_name\" content=\"Save\" \/>\n<meta property=\"article:published_time\" content=\"2021-02-09T07:42:51+00:00\" \/>\n<meta property=\"article:modified_time\" content=\"2023-08-16T03:22:03+00:00\" \/>\n<meta property=\"og:image\" content=\"https:\/\/news.save.ch\/wp-content\/uploads\/2021\/02\/Suva_rating_teaser.png\" \/>\n\t<meta property=\"og:image:width\" content=\"960\" \/>\n\t<meta property=\"og:image:height\" content=\"640\" \/>\n\t<meta property=\"og:image:type\" content=\"image\/png\" \/>\n<meta name=\"author\" content=\"Simon Gr\u00f6flin\" \/>\n<meta name=\"twitter:card\" content=\"summary_large_image\" \/>\n<meta name=\"twitter:label1\" content=\"\u00c9crit par\" \/>\n\t<meta name=\"twitter:data1\" content=\"Simon Gr\u00f6flin\" \/>\n\t<meta name=\"twitter:label2\" content=\"Dur\u00e9e de lecture estim\u00e9e\" \/>\n\t<meta name=\"twitter:data2\" content=\"2 minutes\" \/>\n<script type=\"application\/ld+json\" class=\"yoast-schema-graph\">{\"@context\":\"https:\\\/\\\/schema.org\",\"@graph\":[{\"@type\":\"Article\",\"@id\":\"https:\\\/\\\/news.save.ch\\\/suva-erzielt-gutes-geschaeftsjahr-2020\\\/#article\",\"isPartOf\":{\"@id\":\"https:\\\/\\\/news.save.ch\\\/suva-erzielt-gutes-geschaeftsjahr-2020\\\/\"},\"author\":{\"name\":\"Simon Gr\u00f6flin\",\"@id\":\"https:\\\/\\\/news.save.ch\\\/de\\\/#\\\/schema\\\/person\\\/ad4ef21102fd6125312409ac57d5296d\"},\"headline\":\"Suva erzielt gutes Gesch\u00e4ftsjahr 2020\",\"datePublished\":\"2021-02-09T07:42:51+00:00\",\"dateModified\":\"2023-08-16T03:22:03+00:00\",\"mainEntityOfPage\":{\"@id\":\"https:\\\/\\\/news.save.ch\\\/suva-erzielt-gutes-geschaeftsjahr-2020\\\/\"},\"wordCount\":211,\"publisher\":{\"@id\":\"https:\\\/\\\/news.save.ch\\\/de\\\/#organization\"},\"image\":{\"@id\":\"https:\\\/\\\/news.save.ch\\\/suva-erzielt-gutes-geschaeftsjahr-2020\\\/#primaryimage\"},\"thumbnailUrl\":\"https:\\\/\\\/news.save.ch\\\/wp-content\\\/uploads\\\/2021\\\/02\\\/Suva_rating_teaser.png\",\"keywords\":[\"Anlageergebnis\",\"Anlageverm\u00f6gen\",\"Gesch\u00e4ftsjahr 2020\",\"Pr\u00e4mien\",\"R\u00fcckstellungen\",\"SUVA\"],\"articleSection\":[\"ALLGEMEIN\",\"HEALTH &amp; SAFETY\"],\"inLanguage\":\"fr-FR\"},{\"@type\":\"WebPage\",\"@id\":\"https:\\\/\\\/news.save.ch\\\/suva-erzielt-gutes-geschaeftsjahr-2020\\\/\",\"url\":\"https:\\\/\\\/news.save.ch\\\/suva-erzielt-gutes-geschaeftsjahr-2020\\\/\",\"name\":\"Suva erzielt gutes Gesch\u00e4ftsjahr 2020 - Save\",\"isPartOf\":{\"@id\":\"https:\\\/\\\/news.save.ch\\\/de\\\/#website\"},\"primaryImageOfPage\":{\"@id\":\"https:\\\/\\\/news.save.ch\\\/suva-erzielt-gutes-geschaeftsjahr-2020\\\/#primaryimage\"},\"image\":{\"@id\":\"https:\\\/\\\/news.save.ch\\\/suva-erzielt-gutes-geschaeftsjahr-2020\\\/#primaryimage\"},\"thumbnailUrl\":\"https:\\\/\\\/news.save.ch\\\/wp-content\\\/uploads\\\/2021\\\/02\\\/Suva_rating_teaser.png\",\"datePublished\":\"2021-02-09T07:42:51+00:00\",\"dateModified\":\"2023-08-16T03:22:03+00:00\",\"description\":\"Auch die Suva blickt auf ein turbulentes Gesch\u00e4ftsjahr 2020 zur\u00fcck. Die Anlageperformance des gr\u00f6ssten Schweizer Unfallversicherers lag dennoch bei 5,1 Prozent. S\u00e4mtliche vorgegebene finanzielle Verpflichtungen seien vollumf\u00e4nglich abgedeckt.\",\"breadcrumb\":{\"@id\":\"https:\\\/\\\/news.save.ch\\\/suva-erzielt-gutes-geschaeftsjahr-2020\\\/#breadcrumb\"},\"inLanguage\":\"fr-FR\",\"potentialAction\":[{\"@type\":\"ReadAction\",\"target\":[\"https:\\\/\\\/news.save.ch\\\/suva-erzielt-gutes-geschaeftsjahr-2020\\\/\"]}]},{\"@type\":\"ImageObject\",\"inLanguage\":\"fr-FR\",\"@id\":\"https:\\\/\\\/news.save.ch\\\/suva-erzielt-gutes-geschaeftsjahr-2020\\\/#primaryimage\",\"url\":\"https:\\\/\\\/news.save.ch\\\/wp-content\\\/uploads\\\/2021\\\/02\\\/Suva_rating_teaser.png\",\"contentUrl\":\"https:\\\/\\\/news.save.ch\\\/wp-content\\\/uploads\\\/2021\\\/02\\\/Suva_rating_teaser.png\",\"width\":960,\"height\":640,\"caption\":\"Pixabay\"},{\"@type\":\"BreadcrumbList\",\"@id\":\"https:\\\/\\\/news.save.ch\\\/suva-erzielt-gutes-geschaeftsjahr-2020\\\/#breadcrumb\",\"itemListElement\":[{\"@type\":\"ListItem\",\"position\":1,\"name\":\"Home\",\"item\":\"https:\\\/\\\/news.save.ch\\\/de\\\/\"},{\"@type\":\"ListItem\",\"position\":2,\"name\":\"Suva erzielt gutes Gesch\u00e4ftsjahr 2020\"}]},{\"@type\":\"WebSite\",\"@id\":\"https:\\\/\\\/news.save.ch\\\/de\\\/#website\",\"url\":\"https:\\\/\\\/news.save.ch\\\/de\\\/\",\"name\":\"Save\",\"description\":\"Schweizer Fachzeitschrift f\u00fcr Sicherheit\",\"publisher\":{\"@id\":\"https:\\\/\\\/news.save.ch\\\/de\\\/#organization\"},\"potentialAction\":[{\"@type\":\"SearchAction\",\"target\":{\"@type\":\"EntryPoint\",\"urlTemplate\":\"https:\\\/\\\/news.save.ch\\\/de\\\/?s={search_term_string}\"},\"query-input\":{\"@type\":\"PropertyValueSpecification\",\"valueRequired\":true,\"valueName\":\"search_term_string\"}}],\"inLanguage\":\"fr-FR\"},{\"@type\":\"Organization\",\"@id\":\"https:\\\/\\\/news.save.ch\\\/de\\\/#organization\",\"name\":\"Sicherheitsforum\",\"url\":\"https:\\\/\\\/news.save.ch\\\/de\\\/\",\"logo\":{\"@type\":\"ImageObject\",\"inLanguage\":\"fr-FR\",\"@id\":\"https:\\\/\\\/news.save.ch\\\/de\\\/#\\\/schema\\\/logo\\\/image\\\/\",\"url\":\"https:\\\/\\\/news.save.ch\\\/wp-content\\\/uploads\\\/2022\\\/06\\\/Logo_SF_2012.png\",\"contentUrl\":\"https:\\\/\\\/news.save.ch\\\/wp-content\\\/uploads\\\/2022\\\/06\\\/Logo_SF_2012.png\",\"width\":1100,\"height\":91,\"caption\":\"Sicherheitsforum\"},\"image\":{\"@id\":\"https:\\\/\\\/news.save.ch\\\/de\\\/#\\\/schema\\\/logo\\\/image\\\/\"}},{\"@type\":\"Person\",\"@id\":\"https:\\\/\\\/news.save.ch\\\/de\\\/#\\\/schema\\\/person\\\/ad4ef21102fd6125312409ac57d5296d\",\"name\":\"Simon Gr\u00f6flin\",\"image\":{\"@type\":\"ImageObject\",\"inLanguage\":\"fr-FR\",\"@id\":\"https:\\\/\\\/secure.gravatar.com\\\/avatar\\\/6ddceb80eb734354635539e0ea5140bb7c41e42de7c45c9a2ab9921b5d5c9a83?s=96&d=mm&r=g\",\"url\":\"https:\\\/\\\/secure.gravatar.com\\\/avatar\\\/6ddceb80eb734354635539e0ea5140bb7c41e42de7c45c9a2ab9921b5d5c9a83?s=96&d=mm&r=g\",\"contentUrl\":\"https:\\\/\\\/secure.gravatar.com\\\/avatar\\\/6ddceb80eb734354635539e0ea5140bb7c41e42de7c45c9a2ab9921b5d5c9a83?s=96&d=mm&r=g\",\"caption\":\"Simon Gr\u00f6flin\"},\"url\":\"https:\\\/\\\/news.save.ch\\\/fr\\\/author\\\/simon-groeflin\\\/\"}]}<\/script>\n<!-- \/ Yoast SEO plugin. -->","yoast_head_json":{"title":"La Suva r\u00e9alise un bon exercice 2020 - Save","description":"La Suva a elle aussi connu un exercice 2020 turbulent. La performance des placements du plus grand assureur-accidents de Suisse s'est n\u00e9anmoins \u00e9lev\u00e9e \u00e0 5,1 pour cent. Tous les engagements financiers prescrits ont \u00e9t\u00e9 int\u00e9gralement couverts.","robots":{"index":"index","follow":"follow","max-snippet":"max-snippet:-1","max-image-preview":"max-image-preview:large","max-video-preview":"max-video-preview:-1"},"canonical":"https:\/\/news.save.ch\/fr\/suva-erzielt-gutes-geschaeftsjahr-2020\/","og_locale":"fr_FR","og_type":"article","og_title":"Suva erzielt gutes Gesch\u00e4ftsjahr 2020 - Save","og_description":"Auch die Suva blickt auf ein turbulentes Gesch\u00e4ftsjahr 2020 zur\u00fcck. Die Anlageperformance des gr\u00f6ssten Schweizer Unfallversicherers lag dennoch bei 5,1 Prozent. S\u00e4mtliche vorgegebene finanzielle Verpflichtungen seien vollumf\u00e4nglich abgedeckt.","og_url":"https:\/\/news.save.ch\/fr\/suva-erzielt-gutes-geschaeftsjahr-2020\/","og_site_name":"Save","article_published_time":"2021-02-09T07:42:51+00:00","article_modified_time":"2023-08-16T03:22:03+00:00","og_image":[{"width":960,"height":640,"url":"https:\/\/news.save.ch\/wp-content\/uploads\/2021\/02\/Suva_rating_teaser.png","type":"image\/png"}],"author":"Simon Gr\u00f6flin","twitter_card":"summary_large_image","twitter_misc":{"\u00c9crit par":"Simon Gr\u00f6flin","Dur\u00e9e de lecture estim\u00e9e":"2 minutes"},"schema":{"@context":"https:\/\/schema.org","@graph":[{"@type":"Article","@id":"https:\/\/news.save.ch\/suva-erzielt-gutes-geschaeftsjahr-2020\/#article","isPartOf":{"@id":"https:\/\/news.save.ch\/suva-erzielt-gutes-geschaeftsjahr-2020\/"},"author":{"name":"Simon Gr\u00f6flin","@id":"https:\/\/news.save.ch\/de\/#\/schema\/person\/ad4ef21102fd6125312409ac57d5296d"},"headline":"Suva erzielt gutes Gesch\u00e4ftsjahr 2020","datePublished":"2021-02-09T07:42:51+00:00","dateModified":"2023-08-16T03:22:03+00:00","mainEntityOfPage":{"@id":"https:\/\/news.save.ch\/suva-erzielt-gutes-geschaeftsjahr-2020\/"},"wordCount":211,"publisher":{"@id":"https:\/\/news.save.ch\/de\/#organization"},"image":{"@id":"https:\/\/news.save.ch\/suva-erzielt-gutes-geschaeftsjahr-2020\/#primaryimage"},"thumbnailUrl":"https:\/\/news.save.ch\/wp-content\/uploads\/2021\/02\/Suva_rating_teaser.png","keywords":["Anlageergebnis","Anlageverm\u00f6gen","Gesch\u00e4ftsjahr 2020","Pr\u00e4mien","R\u00fcckstellungen","SUVA"],"articleSection":["ALLGEMEIN","HEALTH &amp; SAFETY"],"inLanguage":"fr-FR"},{"@type":"WebPage","@id":"https:\/\/news.save.ch\/suva-erzielt-gutes-geschaeftsjahr-2020\/","url":"https:\/\/news.save.ch\/suva-erzielt-gutes-geschaeftsjahr-2020\/","name":"La Suva r\u00e9alise un bon exercice 2020 - Save","isPartOf":{"@id":"https:\/\/news.save.ch\/de\/#website"},"primaryImageOfPage":{"@id":"https:\/\/news.save.ch\/suva-erzielt-gutes-geschaeftsjahr-2020\/#primaryimage"},"image":{"@id":"https:\/\/news.save.ch\/suva-erzielt-gutes-geschaeftsjahr-2020\/#primaryimage"},"thumbnailUrl":"https:\/\/news.save.ch\/wp-content\/uploads\/2021\/02\/Suva_rating_teaser.png","datePublished":"2021-02-09T07:42:51+00:00","dateModified":"2023-08-16T03:22:03+00:00","description":"La Suva a elle aussi connu un exercice 2020 turbulent. La performance des placements du plus grand assureur-accidents de Suisse s'est n\u00e9anmoins \u00e9lev\u00e9e \u00e0 5,1 pour cent. Tous les engagements financiers prescrits ont \u00e9t\u00e9 int\u00e9gralement couverts.","breadcrumb":{"@id":"https:\/\/news.save.ch\/suva-erzielt-gutes-geschaeftsjahr-2020\/#breadcrumb"},"inLanguage":"fr-FR","potentialAction":[{"@type":"ReadAction","target":["https:\/\/news.save.ch\/suva-erzielt-gutes-geschaeftsjahr-2020\/"]}]},{"@type":"ImageObject","inLanguage":"fr-FR","@id":"https:\/\/news.save.ch\/suva-erzielt-gutes-geschaeftsjahr-2020\/#primaryimage","url":"https:\/\/news.save.ch\/wp-content\/uploads\/2021\/02\/Suva_rating_teaser.png","contentUrl":"https:\/\/news.save.ch\/wp-content\/uploads\/2021\/02\/Suva_rating_teaser.png","width":960,"height":640,"caption":"Pixabay"},{"@type":"BreadcrumbList","@id":"https:\/\/news.save.ch\/suva-erzielt-gutes-geschaeftsjahr-2020\/#breadcrumb","itemListElement":[{"@type":"ListItem","position":1,"name":"Home","item":"https:\/\/news.save.ch\/de\/"},{"@type":"ListItem","position":2,"name":"Suva erzielt gutes Gesch\u00e4ftsjahr 2020"}]},{"@type":"WebSite","@id":"https:\/\/news.save.ch\/de\/#website","url":"https:\/\/news.save.ch\/de\/","name":"Save","description":"Revue suisse sp\u00e9cialis\u00e9e dans la s\u00e9curit\u00e9","publisher":{"@id":"https:\/\/news.save.ch\/de\/#organization"},"potentialAction":[{"@type":"SearchAction","target":{"@type":"EntryPoint","urlTemplate":"https:\/\/news.save.ch\/de\/?s={search_term_string}"},"query-input":{"@type":"PropertyValueSpecification","valueRequired":true,"valueName":"search_term_string"}}],"inLanguage":"fr-FR"},{"@type":"Organization","@id":"https:\/\/news.save.ch\/de\/#organization","name":"Forum sur la s\u00e9curit\u00e9","url":"https:\/\/news.save.ch\/de\/","logo":{"@type":"ImageObject","inLanguage":"fr-FR","@id":"https:\/\/news.save.ch\/de\/#\/schema\/logo\/image\/","url":"https:\/\/news.save.ch\/wp-content\/uploads\/2022\/06\/Logo_SF_2012.png","contentUrl":"https:\/\/news.save.ch\/wp-content\/uploads\/2022\/06\/Logo_SF_2012.png","width":1100,"height":91,"caption":"Sicherheitsforum"},"image":{"@id":"https:\/\/news.save.ch\/de\/#\/schema\/logo\/image\/"}},{"@type":"Person","@id":"https:\/\/news.save.ch\/de\/#\/schema\/person\/ad4ef21102fd6125312409ac57d5296d","name":"Simon Gr\u00f6flin","image":{"@type":"ImageObject","inLanguage":"fr-FR","@id":"https:\/\/secure.gravatar.com\/avatar\/6ddceb80eb734354635539e0ea5140bb7c41e42de7c45c9a2ab9921b5d5c9a83?s=96&d=mm&r=g","url":"https:\/\/secure.gravatar.com\/avatar\/6ddceb80eb734354635539e0ea5140bb7c41e42de7c45c9a2ab9921b5d5c9a83?s=96&d=mm&r=g","contentUrl":"https:\/\/secure.gravatar.com\/avatar\/6ddceb80eb734354635539e0ea5140bb7c41e42de7c45c9a2ab9921b5d5c9a83?s=96&d=mm&r=g","caption":"Simon Gr\u00f6flin"},"url":"https:\/\/news.save.ch\/fr\/author\/simon-groeflin\/"}]}},"_links":{"self":[{"href":"https:\/\/news.save.ch\/fr\/wp-json\/wp\/v2\/posts\/6748","targetHints":{"allow":["GET"]}}],"collection":[{"href":"https:\/\/news.save.ch\/fr\/wp-json\/wp\/v2\/posts"}],"about":[{"href":"https:\/\/news.save.ch\/fr\/wp-json\/wp\/v2\/types\/post"}],"author":[{"embeddable":true,"href":"https:\/\/news.save.ch\/fr\/wp-json\/wp\/v2\/users\/9"}],"replies":[{"embeddable":true,"href":"https:\/\/news.save.ch\/fr\/wp-json\/wp\/v2\/comments?post=6748"}],"version-history":[{"count":6,"href":"https:\/\/news.save.ch\/fr\/wp-json\/wp\/v2\/posts\/6748\/revisions"}],"predecessor-version":[{"id":21873,"href":"https:\/\/news.save.ch\/fr\/wp-json\/wp\/v2\/posts\/6748\/revisions\/21873"}],"wp:featuredmedia":[{"embeddable":true,"href":"https:\/\/news.save.ch\/fr\/wp-json\/wp\/v2\/media\/6779"}],"wp:attachment":[{"href":"https:\/\/news.save.ch\/fr\/wp-json\/wp\/v2\/media?parent=6748"}],"wp:term":[{"taxonomy":"category","embeddable":true,"href":"https:\/\/news.save.ch\/fr\/wp-json\/wp\/v2\/categories?post=6748"},{"taxonomy":"post_tag","embeddable":true,"href":"https:\/\/news.save.ch\/fr\/wp-json\/wp\/v2\/tags?post=6748"}],"curies":[{"name":"wp","href":"https:\/\/api.w.org\/{rel}","templated":true}]}}