{"id":6791,"date":"2021-02-17T08:41:50","date_gmt":"2021-02-17T07:41:50","guid":{"rendered":"https:\/\/news.save.ch\/?p=6791"},"modified":"2023-08-09T02:33:57","modified_gmt":"2023-08-09T00:33:57","slug":"gesundheitsschutz-am-arbeitsplatz","status":null,"type":"post","link":"https:\/\/news.save.ch\/fr\/gesundheitsschutz-am-arbeitsplatz\/","title":{"rendered":"Sant\u00e9 au travail"},"content":{"rendered":"<figure id=\"attachment_16035\" aria-describedby=\"caption-attachment-16035\" style=\"width: 680px\" class=\"wp-caption alignnone\"><img loading=\"lazy\" decoding=\"async\" class=\"wp-image-16035 size-medium\" src=\"https:\/\/news.save.ch\/wp-content\/uploads\/2016\/12\/Checkbox-fuer-Ergonomie-und-Sicherheit-im-Buero_safety-plus-680x454.jpeg\" alt=\"Syndicat\" width=\"680\" height=\"454\" srcset=\"https:\/\/news.save.ch\/wp-content\/uploads\/2016\/12\/Checkbox-fuer-Ergonomie-und-Sicherheit-im-Buero_safety-plus-680x454.jpeg 680w, https:\/\/news.save.ch\/wp-content\/uploads\/2016\/12\/Checkbox-fuer-Ergonomie-und-Sicherheit-im-Buero_safety-plus-768x512.jpeg 768w, https:\/\/news.save.ch\/wp-content\/uploads\/2016\/12\/Checkbox-fuer-Ergonomie-und-Sicherheit-im-Buero_safety-plus-18x12.jpeg 18w, https:\/\/news.save.ch\/wp-content\/uploads\/2016\/12\/Checkbox-fuer-Ergonomie-und-Sicherheit-im-Buero_safety-plus-375x250.jpeg 375w, https:\/\/news.save.ch\/wp-content\/uploads\/2016\/12\/Checkbox-fuer-Ergonomie-und-Sicherheit-im-Buero_safety-plus-525x350.jpeg 525w, https:\/\/news.save.ch\/wp-content\/uploads\/2016\/12\/Checkbox-fuer-Ergonomie-und-Sicherheit-im-Buero_safety-plus.jpeg 1000w\" sizes=\"auto, (max-width: 680px) 100vw, 680px\" \/><figcaption id=\"caption-attachment-16035\" class=\"wp-caption-text\">\u00c0 quoi ressemble un poste de travail de bureau sain ? Certainement pas \u00e0 cela.<\/figcaption><\/figure>\n<p>Le syndicat Unia r\u00e9agit \u00e0 une lettre d'Economiesuisse. Sous le titre <a href=\"https:\/\/www.economiesuisse.ch\/de\/artikel\/corona-lockerungen-wieder-mehr-eigenverantwortung\" target=\"_blank\" rel=\"noopener\">\"Assouplissement de la loi Corona : De nouveau plus de responsabilit\u00e9 personnelle\"<\/a> l'organisation fa\u00eeti\u00e8re de l'\u00e9conomie demande un plan en quatre phases pour les premiers assouplissements. Selon Economiesuisse, les personnes qui ont \u00e9t\u00e9 vaccin\u00e9es plus t\u00f4t doivent \u00e0 nouveau b\u00e9n\u00e9ficier de plus de libert\u00e9s personnelles, la responsabilit\u00e9 individuelle continuant \u00e0 jouer un r\u00f4le important.<\/p>\n<h2>Un plan pour plus de responsabilit\u00e9<\/h2>\n<p>Economiesuisse demande notamment que les premiers assouplissements entrent en vigueur d\u00e8s le mois de mars, date \u00e0 laquelle l'obligation de travailler \u00e0 domicile pourrait \u00e0 nouveau \u00eatre transform\u00e9e en recommandation. Dans la phase deux, o\u00f9 les groupes \u00e0 risque sont d\u00e9j\u00e0 vaccin\u00e9s, il serait envisageable, du point de vue de l'association \u00e9conomique, d'ouvrir \u00e0 nouveau les restaurants et les centres de fitness avec des concepts de protection appropri\u00e9s.<\/p>\n<p>Dans la troisi\u00e8me phase, on estime que des \u00e9v\u00e9nements comme le hockey sur glace, le football ou les concerts de rock pourraient \u00e0 nouveau \u00eatre organis\u00e9s si chaque personne qui le souhaite se faisait vacciner. Ainsi, la phase quatre aboutirait finalement \u00e0 une immunit\u00e9 de groupe qui permettrait de lever d'autres restrictions.<\/p>\n<h2>Assouplissement des mesures de protection inopportun pour le moment<\/h2>\n<p>Selon Unia, les virus ne se sont gu\u00e8re laiss\u00e9s impressionner par une plus grande responsabilit\u00e9 individuelle. Le syndicat <a href=\"https:\/\/www.unia.ch\/de\/medien\/medienmitteilungen\/mitteilung\/a\/17602\" target=\"_blank\" rel=\"noopener\">r\u00e9torque<\/a>En effet, un plan de responsabilit\u00e9 propre devrait plut\u00f4t lib\u00e9rer les entreprises de l'obligation de veiller \u00e0 un concept de protection.<\/p>\n<p>Selon Unia, les mesures de protection ne devraient pas \u00eatre assouplies pour le moment. L'obligation de travailler \u00e0 domicile doit \u00eatre maintenue et les entreprises doivent pr\u00e9senter un concept de protection. En outre, en raison de la charge de travail de la Suva et des cantons, l'organisation syndicale demande que les organes de contr\u00f4le des partenaires sociaux assument davantage de t\u00e2ches en ce moment.<\/p>\n<p><em>Source : Unia\/Economiesuisse<\/em><\/p>","protected":false},"excerpt":{"rendered":"<p>Die Gewerkschaft Unia reagiert auf ein Schreiben der Economiesuisse. Unter dem Titel \u00abCorona-Lockerungen: Wieder mehr Eigenverantwortung\u00bb fordert der Wirtschaftsdachverband einen Vierphasenplan zu ersten Lockerungen. Laut der Economiesuisse sollen Menschen, die fr\u00fcher geimpft sind, wieder mehr pers\u00f6nliche Freiheiten gew\u00e4hrt werden, wobei die Eigenverantwortung nach wie vor eine grosse Rolle spiele. Ein Plan zu mehr Eigenverantwortung Die [&hellip;]<\/p>\n","protected":false},"author":9,"featured_media":16035,"comment_status":"closed","ping_status":"closed","sticky":false,"template":"","format":"standard","meta":{"_acf_changed":false,"pgc_sgb_lightbox_settings":"","footnotes":""},"categories":[3314],"tags":[5752,5751,5753,2178,3145,5754],"class_list":["post-6791","post","type-post","status-publish","format-standard","has-post-thumbnail","hentry","category-health-safety","tag-corona-lockerungen","tag-economiesuisse","tag-eigenverantwortung","tag-gewerkschaft","tag-unia","tag-vierphasenplan"],"acf":[],"hkrextid":null,"publication":null,"issue":null,"workflow":null,"startPage":null,"spitzmarke":null,"_posts_by_tag_page_fields":{"widget_title":"","widget_tags":""},"_at_widget":"1","_yoast_wpseo_primary_category":"3314","_yoast_wpseo_focuskw_text_input":null,"_yoast_wpseo_opengraph-image":null,"_yoast_wpseo_opengraph-description":null,"_yoast_wpseo_opengraph-title":null,"enclosure":null,"_yoast_wpseo_twitter-title":null,"_yoast_wpseo_twitter-description":null,"_yoast_wpseo_twitter-image":null,"_wp_old_slug":null,"_yoast_wpseo_title":null,"_yoast_wpseo_canonical":null,"yoast_head":"<!-- This site is optimized with the Yoast SEO plugin v27.4 - https:\/\/yoast.com\/product\/yoast-seo-wordpress\/ -->\n<title>Gesundheitsschutz am Arbeitsplatz - Save<\/title>\n<meta name=\"description\" content=\"Die Gewerkschaft Unia fordert einer weitergehende St\u00e4rkung der Ressourcen von Sozialpartnern und eine Ausweitung des Schutzkonzepts. Ein Wunschdenken zu einem Paradigmenwechsel sei im Moment nicht angebracht.\" \/>\n<meta name=\"robots\" content=\"index, follow, max-snippet:-1, max-image-preview:large, max-video-preview:-1\" \/>\n<link rel=\"canonical\" href=\"https:\/\/news.save.ch\/fr\/gesundheitsschutz-am-arbeitsplatz\/\" \/>\n<meta property=\"og:locale\" content=\"fr_FR\" \/>\n<meta property=\"og:type\" content=\"article\" \/>\n<meta property=\"og:title\" content=\"Gesundheitsschutz am Arbeitsplatz - Save\" \/>\n<meta property=\"og:description\" content=\"Die Gewerkschaft Unia fordert einer weitergehende St\u00e4rkung der Ressourcen von Sozialpartnern und eine Ausweitung des Schutzkonzepts. Ein Wunschdenken zu einem Paradigmenwechsel sei im Moment nicht angebracht.\" \/>\n<meta property=\"og:url\" content=\"https:\/\/news.save.ch\/fr\/gesundheitsschutz-am-arbeitsplatz\/\" \/>\n<meta property=\"og:site_name\" content=\"Save\" \/>\n<meta property=\"article:published_time\" content=\"2021-02-17T07:41:50+00:00\" \/>\n<meta property=\"article:modified_time\" content=\"2023-08-09T00:33:57+00:00\" \/>\n<meta property=\"og:image\" content=\"https:\/\/news.save.ch\/wp-content\/uploads\/2016\/12\/Checkbox-fuer-Ergonomie-und-Sicherheit-im-Buero_safety-plus.jpeg\" \/>\n\t<meta property=\"og:image:width\" content=\"1000\" \/>\n\t<meta property=\"og:image:height\" content=\"667\" \/>\n\t<meta property=\"og:image:type\" content=\"image\/jpeg\" \/>\n<meta name=\"author\" content=\"Simon Gr\u00f6flin\" \/>\n<meta name=\"twitter:card\" content=\"summary_large_image\" \/>\n<meta name=\"twitter:label1\" content=\"\u00c9crit par\" \/>\n\t<meta name=\"twitter:data1\" content=\"Simon Gr\u00f6flin\" \/>\n\t<meta name=\"twitter:label2\" content=\"Dur\u00e9e de lecture estim\u00e9e\" \/>\n\t<meta name=\"twitter:data2\" content=\"2 minutes\" \/>\n<script type=\"application\/ld+json\" class=\"yoast-schema-graph\">{\"@context\":\"https:\\\/\\\/schema.org\",\"@graph\":[{\"@type\":\"Article\",\"@id\":\"https:\\\/\\\/news.save.ch\\\/gesundheitsschutz-am-arbeitsplatz\\\/#article\",\"isPartOf\":{\"@id\":\"https:\\\/\\\/news.save.ch\\\/gesundheitsschutz-am-arbeitsplatz\\\/\"},\"author\":{\"name\":\"Simon Gr\u00f6flin\",\"@id\":\"https:\\\/\\\/news.save.ch\\\/de\\\/#\\\/schema\\\/person\\\/ad4ef21102fd6125312409ac57d5296d\"},\"headline\":\"Gesundheitsschutz am Arbeitsplatz\",\"datePublished\":\"2021-02-17T07:41:50+00:00\",\"dateModified\":\"2023-08-09T00:33:57+00:00\",\"mainEntityOfPage\":{\"@id\":\"https:\\\/\\\/news.save.ch\\\/gesundheitsschutz-am-arbeitsplatz\\\/\"},\"wordCount\":287,\"publisher\":{\"@id\":\"https:\\\/\\\/news.save.ch\\\/de\\\/#organization\"},\"image\":{\"@id\":\"https:\\\/\\\/news.save.ch\\\/gesundheitsschutz-am-arbeitsplatz\\\/#primaryimage\"},\"thumbnailUrl\":\"https:\\\/\\\/news.save.ch\\\/wp-content\\\/uploads\\\/2016\\\/12\\\/Checkbox-fuer-Ergonomie-und-Sicherheit-im-Buero_safety-plus.jpeg\",\"keywords\":[\"Corona-Lockerungen\",\"Economiesuisse\",\"Eigenverantwortung\",\"Gewerkschaft\",\"Unia\",\"Vierphasenplan\"],\"articleSection\":[\"HEALTH &amp; SAFETY\"],\"inLanguage\":\"fr-FR\"},{\"@type\":\"WebPage\",\"@id\":\"https:\\\/\\\/news.save.ch\\\/gesundheitsschutz-am-arbeitsplatz\\\/\",\"url\":\"https:\\\/\\\/news.save.ch\\\/gesundheitsschutz-am-arbeitsplatz\\\/\",\"name\":\"Gesundheitsschutz am Arbeitsplatz - Save\",\"isPartOf\":{\"@id\":\"https:\\\/\\\/news.save.ch\\\/de\\\/#website\"},\"primaryImageOfPage\":{\"@id\":\"https:\\\/\\\/news.save.ch\\\/gesundheitsschutz-am-arbeitsplatz\\\/#primaryimage\"},\"image\":{\"@id\":\"https:\\\/\\\/news.save.ch\\\/gesundheitsschutz-am-arbeitsplatz\\\/#primaryimage\"},\"thumbnailUrl\":\"https:\\\/\\\/news.save.ch\\\/wp-content\\\/uploads\\\/2016\\\/12\\\/Checkbox-fuer-Ergonomie-und-Sicherheit-im-Buero_safety-plus.jpeg\",\"datePublished\":\"2021-02-17T07:41:50+00:00\",\"dateModified\":\"2023-08-09T00:33:57+00:00\",\"description\":\"Die Gewerkschaft Unia fordert einer weitergehende St\u00e4rkung der Ressourcen von Sozialpartnern und eine Ausweitung des Schutzkonzepts. Ein Wunschdenken zu einem Paradigmenwechsel sei im Moment nicht angebracht.\",\"breadcrumb\":{\"@id\":\"https:\\\/\\\/news.save.ch\\\/gesundheitsschutz-am-arbeitsplatz\\\/#breadcrumb\"},\"inLanguage\":\"fr-FR\",\"potentialAction\":[{\"@type\":\"ReadAction\",\"target\":[\"https:\\\/\\\/news.save.ch\\\/gesundheitsschutz-am-arbeitsplatz\\\/\"]}]},{\"@type\":\"ImageObject\",\"inLanguage\":\"fr-FR\",\"@id\":\"https:\\\/\\\/news.save.ch\\\/gesundheitsschutz-am-arbeitsplatz\\\/#primaryimage\",\"url\":\"https:\\\/\\\/news.save.ch\\\/wp-content\\\/uploads\\\/2016\\\/12\\\/Checkbox-fuer-Ergonomie-und-Sicherheit-im-Buero_safety-plus.jpeg\",\"contentUrl\":\"https:\\\/\\\/news.save.ch\\\/wp-content\\\/uploads\\\/2016\\\/12\\\/Checkbox-fuer-Ergonomie-und-Sicherheit-im-Buero_safety-plus.jpeg\",\"width\":1000,\"height\":667,\"caption\":\"Wie sieht ein gesunder B\u00fcroarbeitsplatz aus? So bestimmt nicht.\"},{\"@type\":\"BreadcrumbList\",\"@id\":\"https:\\\/\\\/news.save.ch\\\/gesundheitsschutz-am-arbeitsplatz\\\/#breadcrumb\",\"itemListElement\":[{\"@type\":\"ListItem\",\"position\":1,\"name\":\"Home\",\"item\":\"https:\\\/\\\/news.save.ch\\\/de\\\/\"},{\"@type\":\"ListItem\",\"position\":2,\"name\":\"Gesundheitsschutz am Arbeitsplatz\"}]},{\"@type\":\"WebSite\",\"@id\":\"https:\\\/\\\/news.save.ch\\\/de\\\/#website\",\"url\":\"https:\\\/\\\/news.save.ch\\\/de\\\/\",\"name\":\"Save\",\"description\":\"Schweizer Fachzeitschrift f\u00fcr Sicherheit\",\"publisher\":{\"@id\":\"https:\\\/\\\/news.save.ch\\\/de\\\/#organization\"},\"potentialAction\":[{\"@type\":\"SearchAction\",\"target\":{\"@type\":\"EntryPoint\",\"urlTemplate\":\"https:\\\/\\\/news.save.ch\\\/de\\\/?s={search_term_string}\"},\"query-input\":{\"@type\":\"PropertyValueSpecification\",\"valueRequired\":true,\"valueName\":\"search_term_string\"}}],\"inLanguage\":\"fr-FR\"},{\"@type\":\"Organization\",\"@id\":\"https:\\\/\\\/news.save.ch\\\/de\\\/#organization\",\"name\":\"Sicherheitsforum\",\"url\":\"https:\\\/\\\/news.save.ch\\\/de\\\/\",\"logo\":{\"@type\":\"ImageObject\",\"inLanguage\":\"fr-FR\",\"@id\":\"https:\\\/\\\/news.save.ch\\\/de\\\/#\\\/schema\\\/logo\\\/image\\\/\",\"url\":\"https:\\\/\\\/news.save.ch\\\/wp-content\\\/uploads\\\/2022\\\/06\\\/Logo_SF_2012.png\",\"contentUrl\":\"https:\\\/\\\/news.save.ch\\\/wp-content\\\/uploads\\\/2022\\\/06\\\/Logo_SF_2012.png\",\"width\":1100,\"height\":91,\"caption\":\"Sicherheitsforum\"},\"image\":{\"@id\":\"https:\\\/\\\/news.save.ch\\\/de\\\/#\\\/schema\\\/logo\\\/image\\\/\"}},{\"@type\":\"Person\",\"@id\":\"https:\\\/\\\/news.save.ch\\\/de\\\/#\\\/schema\\\/person\\\/ad4ef21102fd6125312409ac57d5296d\",\"name\":\"Simon Gr\u00f6flin\",\"image\":{\"@type\":\"ImageObject\",\"inLanguage\":\"fr-FR\",\"@id\":\"https:\\\/\\\/secure.gravatar.com\\\/avatar\\\/6ddceb80eb734354635539e0ea5140bb7c41e42de7c45c9a2ab9921b5d5c9a83?s=96&d=mm&r=g\",\"url\":\"https:\\\/\\\/secure.gravatar.com\\\/avatar\\\/6ddceb80eb734354635539e0ea5140bb7c41e42de7c45c9a2ab9921b5d5c9a83?s=96&d=mm&r=g\",\"contentUrl\":\"https:\\\/\\\/secure.gravatar.com\\\/avatar\\\/6ddceb80eb734354635539e0ea5140bb7c41e42de7c45c9a2ab9921b5d5c9a83?s=96&d=mm&r=g\",\"caption\":\"Simon Gr\u00f6flin\"},\"url\":\"https:\\\/\\\/news.save.ch\\\/fr\\\/author\\\/simon-groeflin\\\/\"}]}<\/script>\n<!-- \/ Yoast SEO plugin. -->","yoast_head_json":{"title":"Sant\u00e9 au travail - Save","description":"Le syndicat Unia demande un renforcement des ressources des partenaires sociaux et une extension du concept de protection. Il n'est pas opportun pour l'instant de formuler des v\u0153ux pour un changement de paradigme.","robots":{"index":"index","follow":"follow","max-snippet":"max-snippet:-1","max-image-preview":"max-image-preview:large","max-video-preview":"max-video-preview:-1"},"canonical":"https:\/\/news.save.ch\/fr\/gesundheitsschutz-am-arbeitsplatz\/","og_locale":"fr_FR","og_type":"article","og_title":"Gesundheitsschutz am Arbeitsplatz - Save","og_description":"Die Gewerkschaft Unia fordert einer weitergehende St\u00e4rkung der Ressourcen von Sozialpartnern und eine Ausweitung des Schutzkonzepts. Ein Wunschdenken zu einem Paradigmenwechsel sei im Moment nicht angebracht.","og_url":"https:\/\/news.save.ch\/fr\/gesundheitsschutz-am-arbeitsplatz\/","og_site_name":"Save","article_published_time":"2021-02-17T07:41:50+00:00","article_modified_time":"2023-08-09T00:33:57+00:00","og_image":[{"width":1000,"height":667,"url":"https:\/\/news.save.ch\/wp-content\/uploads\/2016\/12\/Checkbox-fuer-Ergonomie-und-Sicherheit-im-Buero_safety-plus.jpeg","type":"image\/jpeg"}],"author":"Simon Gr\u00f6flin","twitter_card":"summary_large_image","twitter_misc":{"\u00c9crit par":"Simon Gr\u00f6flin","Dur\u00e9e de lecture estim\u00e9e":"2 minutes"},"schema":{"@context":"https:\/\/schema.org","@graph":[{"@type":"Article","@id":"https:\/\/news.save.ch\/gesundheitsschutz-am-arbeitsplatz\/#article","isPartOf":{"@id":"https:\/\/news.save.ch\/gesundheitsschutz-am-arbeitsplatz\/"},"author":{"name":"Simon Gr\u00f6flin","@id":"https:\/\/news.save.ch\/de\/#\/schema\/person\/ad4ef21102fd6125312409ac57d5296d"},"headline":"Gesundheitsschutz am Arbeitsplatz","datePublished":"2021-02-17T07:41:50+00:00","dateModified":"2023-08-09T00:33:57+00:00","mainEntityOfPage":{"@id":"https:\/\/news.save.ch\/gesundheitsschutz-am-arbeitsplatz\/"},"wordCount":287,"publisher":{"@id":"https:\/\/news.save.ch\/de\/#organization"},"image":{"@id":"https:\/\/news.save.ch\/gesundheitsschutz-am-arbeitsplatz\/#primaryimage"},"thumbnailUrl":"https:\/\/news.save.ch\/wp-content\/uploads\/2016\/12\/Checkbox-fuer-Ergonomie-und-Sicherheit-im-Buero_safety-plus.jpeg","keywords":["Corona-Lockerungen","Economiesuisse","Eigenverantwortung","Gewerkschaft","Unia","Vierphasenplan"],"articleSection":["HEALTH &amp; SAFETY"],"inLanguage":"fr-FR"},{"@type":"WebPage","@id":"https:\/\/news.save.ch\/gesundheitsschutz-am-arbeitsplatz\/","url":"https:\/\/news.save.ch\/gesundheitsschutz-am-arbeitsplatz\/","name":"Sant\u00e9 au travail - Save","isPartOf":{"@id":"https:\/\/news.save.ch\/de\/#website"},"primaryImageOfPage":{"@id":"https:\/\/news.save.ch\/gesundheitsschutz-am-arbeitsplatz\/#primaryimage"},"image":{"@id":"https:\/\/news.save.ch\/gesundheitsschutz-am-arbeitsplatz\/#primaryimage"},"thumbnailUrl":"https:\/\/news.save.ch\/wp-content\/uploads\/2016\/12\/Checkbox-fuer-Ergonomie-und-Sicherheit-im-Buero_safety-plus.jpeg","datePublished":"2021-02-17T07:41:50+00:00","dateModified":"2023-08-09T00:33:57+00:00","description":"Le syndicat Unia demande un renforcement des ressources des partenaires sociaux et une extension du concept de protection. Il n'est pas opportun pour l'instant de formuler des v\u0153ux pour un changement de paradigme.","breadcrumb":{"@id":"https:\/\/news.save.ch\/gesundheitsschutz-am-arbeitsplatz\/#breadcrumb"},"inLanguage":"fr-FR","potentialAction":[{"@type":"ReadAction","target":["https:\/\/news.save.ch\/gesundheitsschutz-am-arbeitsplatz\/"]}]},{"@type":"ImageObject","inLanguage":"fr-FR","@id":"https:\/\/news.save.ch\/gesundheitsschutz-am-arbeitsplatz\/#primaryimage","url":"https:\/\/news.save.ch\/wp-content\/uploads\/2016\/12\/Checkbox-fuer-Ergonomie-und-Sicherheit-im-Buero_safety-plus.jpeg","contentUrl":"https:\/\/news.save.ch\/wp-content\/uploads\/2016\/12\/Checkbox-fuer-Ergonomie-und-Sicherheit-im-Buero_safety-plus.jpeg","width":1000,"height":667,"caption":"Wie sieht ein gesunder B\u00fcroarbeitsplatz aus? So bestimmt nicht."},{"@type":"BreadcrumbList","@id":"https:\/\/news.save.ch\/gesundheitsschutz-am-arbeitsplatz\/#breadcrumb","itemListElement":[{"@type":"ListItem","position":1,"name":"Home","item":"https:\/\/news.save.ch\/de\/"},{"@type":"ListItem","position":2,"name":"Gesundheitsschutz am Arbeitsplatz"}]},{"@type":"WebSite","@id":"https:\/\/news.save.ch\/de\/#website","url":"https:\/\/news.save.ch\/de\/","name":"Save","description":"Revue suisse sp\u00e9cialis\u00e9e dans la s\u00e9curit\u00e9","publisher":{"@id":"https:\/\/news.save.ch\/de\/#organization"},"potentialAction":[{"@type":"SearchAction","target":{"@type":"EntryPoint","urlTemplate":"https:\/\/news.save.ch\/de\/?s={search_term_string}"},"query-input":{"@type":"PropertyValueSpecification","valueRequired":true,"valueName":"search_term_string"}}],"inLanguage":"fr-FR"},{"@type":"Organization","@id":"https:\/\/news.save.ch\/de\/#organization","name":"Forum sur la s\u00e9curit\u00e9","url":"https:\/\/news.save.ch\/de\/","logo":{"@type":"ImageObject","inLanguage":"fr-FR","@id":"https:\/\/news.save.ch\/de\/#\/schema\/logo\/image\/","url":"https:\/\/news.save.ch\/wp-content\/uploads\/2022\/06\/Logo_SF_2012.png","contentUrl":"https:\/\/news.save.ch\/wp-content\/uploads\/2022\/06\/Logo_SF_2012.png","width":1100,"height":91,"caption":"Sicherheitsforum"},"image":{"@id":"https:\/\/news.save.ch\/de\/#\/schema\/logo\/image\/"}},{"@type":"Person","@id":"https:\/\/news.save.ch\/de\/#\/schema\/person\/ad4ef21102fd6125312409ac57d5296d","name":"Simon Gr\u00f6flin","image":{"@type":"ImageObject","inLanguage":"fr-FR","@id":"https:\/\/secure.gravatar.com\/avatar\/6ddceb80eb734354635539e0ea5140bb7c41e42de7c45c9a2ab9921b5d5c9a83?s=96&d=mm&r=g","url":"https:\/\/secure.gravatar.com\/avatar\/6ddceb80eb734354635539e0ea5140bb7c41e42de7c45c9a2ab9921b5d5c9a83?s=96&d=mm&r=g","contentUrl":"https:\/\/secure.gravatar.com\/avatar\/6ddceb80eb734354635539e0ea5140bb7c41e42de7c45c9a2ab9921b5d5c9a83?s=96&d=mm&r=g","caption":"Simon Gr\u00f6flin"},"url":"https:\/\/news.save.ch\/fr\/author\/simon-groeflin\/"}]}},"_links":{"self":[{"href":"https:\/\/news.save.ch\/fr\/wp-json\/wp\/v2\/posts\/6791","targetHints":{"allow":["GET"]}}],"collection":[{"href":"https:\/\/news.save.ch\/fr\/wp-json\/wp\/v2\/posts"}],"about":[{"href":"https:\/\/news.save.ch\/fr\/wp-json\/wp\/v2\/types\/post"}],"author":[{"embeddable":true,"href":"https:\/\/news.save.ch\/fr\/wp-json\/wp\/v2\/users\/9"}],"replies":[{"embeddable":true,"href":"https:\/\/news.save.ch\/fr\/wp-json\/wp\/v2\/comments?post=6791"}],"version-history":[{"count":3,"href":"https:\/\/news.save.ch\/fr\/wp-json\/wp\/v2\/posts\/6791\/revisions"}],"predecessor-version":[{"id":21644,"href":"https:\/\/news.save.ch\/fr\/wp-json\/wp\/v2\/posts\/6791\/revisions\/21644"}],"wp:featuredmedia":[{"embeddable":true,"href":"https:\/\/news.save.ch\/fr\/wp-json\/wp\/v2\/media\/16035"}],"wp:attachment":[{"href":"https:\/\/news.save.ch\/fr\/wp-json\/wp\/v2\/media?parent=6791"}],"wp:term":[{"taxonomy":"category","embeddable":true,"href":"https:\/\/news.save.ch\/fr\/wp-json\/wp\/v2\/categories?post=6791"},{"taxonomy":"post_tag","embeddable":true,"href":"https:\/\/news.save.ch\/fr\/wp-json\/wp\/v2\/tags?post=6791"}],"curies":[{"name":"wp","href":"https:\/\/api.w.org\/{rel}","templated":true}]}}